{"id":13126,"date":"2023-09-15T10:15:40","date_gmt":"2023-09-15T08:15:40","guid":{"rendered":"https:\/\/telemme.mmsh.fr\/?p=13126"},"modified":"2025-01-16T20:19:40","modified_gmt":"2025-01-16T19:19:40","slug":"la-memoire-a-lepreuve-de-linterdisciplinarite","status":"publish","type":"post","link":"https:\/\/telemme.mmsh.fr\/?p=13126","title":{"rendered":"La m\u00e9moire \u00e0 l\u2019\u00e9preuve de l\u2019interdisciplinarit\u00e9"},"content":{"rendered":"<blockquote>\n<p id=\"page-title\" class=\"title\"><em><a href=\"https:\/\/presses-universitaires.univ-amu.fr\/memoire-a-lepreuve-linterdisciplinarite?fbclid=IwAR2klwLbKF43C1GDdCNAOdUTzgNkcKz_VM1e_52NqF-h0_Uod3AriJ6hNvI\">La m\u00e9moire \u00e0 l\u2019\u00e9preuve de l\u2019interdisciplinarit\u00e9<\/a><\/em>, <a href=\"https:\/\/telemme.mmsh.fr\/?membres=isabelle-luciani\">Isabelle Luciani<\/a>, C\u00e9line Souchay, dir., PU de Provence, 2023, 260 pages<\/p>\n<\/blockquote>\n<p>Pour construire un langage commun sur la m\u00e9moire, treize auteurs historiens, philosophes, psychologues cognitivistes, anthropologues, linguistes et litt\u00e9raires croisent ici leurs d\u00e9marches th\u00e9oriques et leurs corpus, dans un souci constant d\u2019interdisciplinarit\u00e9. Cette entreprise s\u2019inscrit dans les travaux du groupe de recherche du CNRS M\u00e9moire cr\u00e9\u00e9 en janvier 2018 sous la double tutelle de l\u2019INSB (Institut des sciences biologiques) et de l\u2019INSHS (Institut des sciences humaines et sociales) afin de faire collaborer des sp\u00e9cialistes de la m\u00e9moire, de l\u2019animal \u00e0 l\u2019homme. C\u2019est sur le versant de la m\u00e9moire humaine que s\u2019inscrit le pr\u00e9sent ouvrage. R\u00e9unissant \u00e9tudes chorales (par exemple entre histoire et psychologie cognitive), r\u00e9flexions \u00e9pist\u00e9mologiques sur les cat\u00e9gories d\u2019analyse de la m\u00e9moire (celle de \u00ab m\u00e9moire collective \u00bb, entre autres) et exp\u00e9rimentations interdisciplinaires sur des corpus (depuis les livres de famille de la Renaissance italienne au prisme des neurosciences jusqu\u2019\u00e0 des correspondances f\u00e9minines dans la Roumanie post Ceau\u0219escu, en passant par les arts de la m\u00e9moire d\u2019un m\u00e9decin lyonnais humaniste, la cr\u00e9ation d\u2019une m\u00e9moire \u00e9crite chez des femmes de la noblesse proven\u00e7ale apr\u00e8s la R\u00e9vocation de l\u2019\u0116dit de Nantes, les recherches de l\u2019abb\u00e9 Siey\u00e8s sur le lien entre m\u00e9moire et connaissance, ou encore le travail de m\u00e9moire de l\u2019\u00e9crivain Paul Auster), l\u2019ouvrage s\u2019int\u00e9resse \u00e0 ce que peuvent \u00eatre les \u00ab sciences de la m\u00e9moire \u00bb, \u00e0 l\u2019intersection du social et du cognitif.<\/p>\n","protected":false},"excerpt":{"rendered":"<p>La m\u00e9moire \u00e0 l\u2019\u00e9preuve de l\u2019interdisciplinarit\u00e9, Isabelle Luciani, C\u00e9line Souchay, dir., PU de Provence, 2023, 260 pages Pour construire un langage commun sur la m\u00e9moire, treize auteurs historiens, philosophes, psychologues&hellip;&nbsp;<a href=\"https:\/\/telemme.mmsh.fr\/?p=13126\" rel=\"bookmark\">Lire la suite &raquo;<span class=\"screen-reader-text\">La m\u00e9moire \u00e0 l\u2019\u00e9preuve de l\u2019interdisciplinarit\u00e9<\/span><\/a><\/p>\n","protected":false},"author":175,"featured_media":13128,"comment_status":"closed","ping_status":"closed","sticky":false,"template":"","format":"standard","meta":{"neve_meta_sidebar":"","neve_meta_container":"","neve_meta_enable_content_width":"off","neve_meta_content_width":70,"neve_meta_title_alignment":"","neve_meta_author_avatar":"","neve_post_elements_order":"","neve_meta_disable_header":"","neve_meta_disable_footer":"","neve_meta_disable_title":"","_tribe_events_control_status":"","_tribe_events_control_status_canceled_reason":"","_tribe_events_control_status_postponed_reason":"","_tribe_events_control_online":"","_tribe_events_control_online_url":"","footnotes":""},"categories":[1742],"tags":[],"class_list":["post-13126","post","type-post","status-publish","format-standard","has-post-thumbnail","hentry","category-dir-ouvrage"],"yoast_head":"<!-- This site is optimized with the Yoast SEO plugin v27.4 - https:\/\/yoast.com\/product\/yoast-seo-wordpress\/ -->\n<title>La m\u00e9moire \u00e0 l\u2019\u00e9preuve de l\u2019interdisciplinarit\u00e9 - TELEMMe - Temps, espaces, langages, Europe m\u00e9ridionale, M\u00e9diterran\u00e9e<\/title>\n<meta name=\"robots\" content=\"index, follow, max-snippet:-1, max-image-preview:large, max-video-preview:-1\" \/>\n<link rel=\"canonical\" href=\"https:\/\/telemme.mmsh.fr\/?p=13126\" \/>\n<meta property=\"og:locale\" content=\"fr_FR\" \/>\n<meta property=\"og:type\" content=\"article\" \/>\n<meta property=\"og:title\" content=\"La m\u00e9moire \u00e0 l\u2019\u00e9preuve de l\u2019interdisciplinarit\u00e9 - TELEMMe - Temps, espaces, langages, Europe m\u00e9ridionale, M\u00e9diterran\u00e9e\" \/>\n<meta property=\"og:description\" content=\"La m\u00e9moire \u00e0 l\u2019\u00e9preuve de l\u2019interdisciplinarit\u00e9, Isabelle Luciani, C\u00e9line Souchay, dir., PU de Provence, 2023, 260 pages Pour construire un langage commun sur la m\u00e9moire, treize auteurs historiens, philosophes, psychologues&hellip;&nbsp;Lire la suite &raquo;La m\u00e9moire \u00e0 l\u2019\u00e9preuve de l\u2019interdisciplinarit\u00e9\" \/>\n<meta property=\"og:url\" content=\"https:\/\/telemme.mmsh.fr\/?p=13126\" \/>\n<meta property=\"og:site_name\" content=\"TELEMMe - Temps, espaces, langages, Europe m\u00e9ridionale, M\u00e9diterran\u00e9e\" \/>\n<meta property=\"article:published_time\" content=\"2023-09-15T08:15:40+00:00\" \/>\n<meta property=\"article:modified_time\" content=\"2025-01-16T19:19:40+00:00\" \/>\n<meta property=\"og:image\" content=\"https:\/\/telemme.mmsh.fr\/wp-content\/uploads\/2023\/09\/couv_MEMOIREPREUVE.jpg\" \/>\n\t<meta property=\"og:image:width\" content=\"167\" \/>\n\t<meta property=\"og:image:height\" content=\"250\" \/>\n\t<meta property=\"og:image:type\" content=\"image\/jpeg\" \/>\n<meta name=\"author\" content=\"Maja Mellet\" \/>\n<meta name=\"twitter:card\" content=\"summary_large_image\" \/>\n<meta name=\"twitter:label1\" content=\"\u00c9crit par\" \/>\n\t<meta name=\"twitter:data1\" content=\"Maja Mellet\" \/>\n\t<meta name=\"twitter:label2\" content=\"Dur\u00e9e de lecture estim\u00e9e\" \/>\n\t<meta name=\"twitter:data2\" content=\"1 minute\" \/>\n<script type=\"application\/ld+json\" class=\"yoast-schema-graph\">{\"@context\":\"https:\\\/\\\/schema.org\",\"@graph\":[{\"@type\":\"Article\",\"@id\":\"https:\\\/\\\/telemme.mmsh.fr\\\/?p=13126#article\",\"isPartOf\":{\"@id\":\"https:\\\/\\\/telemme.mmsh.fr\\\/?p=13126\"},\"author\":{\"name\":\"Maja Mellet\",\"@id\":\"https:\\\/\\\/telemme.mmsh.fr\\\/#\\\/schema\\\/person\\\/c433e5fd025c00718f715ba73f040691\"},\"headline\":\"La m\u00e9moire \u00e0 l\u2019\u00e9preuve de l\u2019interdisciplinarit\u00e9\",\"datePublished\":\"2023-09-15T08:15:40+00:00\",\"dateModified\":\"2025-01-16T19:19:40+00:00\",\"mainEntityOfPage\":{\"@id\":\"https:\\\/\\\/telemme.mmsh.fr\\\/?p=13126\"},\"wordCount\":287,\"publisher\":{\"@id\":\"https:\\\/\\\/telemme.mmsh.fr\\\/#organization\"},\"image\":{\"@id\":\"https:\\\/\\\/telemme.mmsh.fr\\\/?p=13126#primaryimage\"},\"thumbnailUrl\":\"https:\\\/\\\/telemme.mmsh.fr\\\/wp-content\\\/uploads\\\/2023\\\/09\\\/couv_MEMOIREPREUVE.jpg\",\"articleSection\":[\"Directions d'ouvrage\"],\"inLanguage\":\"fr-FR\"},{\"@type\":\"WebPage\",\"@id\":\"https:\\\/\\\/telemme.mmsh.fr\\\/?p=13126\",\"url\":\"https:\\\/\\\/telemme.mmsh.fr\\\/?p=13126\",\"name\":\"La m\u00e9moire \u00e0 l\u2019\u00e9preuve de l\u2019interdisciplinarit\u00e9 - TELEMMe - Temps, espaces, langages, Europe m\u00e9ridionale, M\u00e9diterran\u00e9e\",\"isPartOf\":{\"@id\":\"https:\\\/\\\/telemme.mmsh.fr\\\/#website\"},\"primaryImageOfPage\":{\"@id\":\"https:\\\/\\\/telemme.mmsh.fr\\\/?p=13126#primaryimage\"},\"image\":{\"@id\":\"https:\\\/\\\/telemme.mmsh.fr\\\/?p=13126#primaryimage\"},\"thumbnailUrl\":\"https:\\\/\\\/telemme.mmsh.fr\\\/wp-content\\\/uploads\\\/2023\\\/09\\\/couv_MEMOIREPREUVE.jpg\",\"datePublished\":\"2023-09-15T08:15:40+00:00\",\"dateModified\":\"2025-01-16T19:19:40+00:00\",\"breadcrumb\":{\"@id\":\"https:\\\/\\\/telemme.mmsh.fr\\\/?p=13126#breadcrumb\"},\"inLanguage\":\"fr-FR\",\"potentialAction\":[{\"@type\":\"ReadAction\",\"target\":[\"https:\\\/\\\/telemme.mmsh.fr\\\/?p=13126\"]}]},{\"@type\":\"ImageObject\",\"inLanguage\":\"fr-FR\",\"@id\":\"https:\\\/\\\/telemme.mmsh.fr\\\/?p=13126#primaryimage\",\"url\":\"https:\\\/\\\/telemme.mmsh.fr\\\/wp-content\\\/uploads\\\/2023\\\/09\\\/couv_MEMOIREPREUVE.jpg\",\"contentUrl\":\"https:\\\/\\\/telemme.mmsh.fr\\\/wp-content\\\/uploads\\\/2023\\\/09\\\/couv_MEMOIREPREUVE.jpg\",\"width\":167,\"height\":250},{\"@type\":\"BreadcrumbList\",\"@id\":\"https:\\\/\\\/telemme.mmsh.fr\\\/?p=13126#breadcrumb\",\"itemListElement\":[{\"@type\":\"ListItem\",\"position\":1,\"name\":\"Accueil\",\"item\":\"https:\\\/\\\/telemme.mmsh.fr\\\/\"},{\"@type\":\"ListItem\",\"position\":2,\"name\":\"Publications\",\"item\":\"https:\\\/\\\/telemme.mmsh.fr\\\/?cat=1738\"},{\"@type\":\"ListItem\",\"position\":3,\"name\":\"Directions d'ouvrage\",\"item\":\"https:\\\/\\\/telemme.mmsh.fr\\\/?cat=1742\"},{\"@type\":\"ListItem\",\"position\":4,\"name\":\"La m\u00e9moire \u00e0 l\u2019\u00e9preuve de l\u2019interdisciplinarit\u00e9\"}]},{\"@type\":\"WebSite\",\"@id\":\"https:\\\/\\\/telemme.mmsh.fr\\\/#website\",\"url\":\"https:\\\/\\\/telemme.mmsh.fr\\\/\",\"name\":\"TELEMMe - Temps, espaces, langages, Europe m\u00e9ridionale, M\u00e9diterran\u00e9e\",\"description\":\"\",\"publisher\":{\"@id\":\"https:\\\/\\\/telemme.mmsh.fr\\\/#organization\"},\"potentialAction\":[{\"@type\":\"SearchAction\",\"target\":{\"@type\":\"EntryPoint\",\"urlTemplate\":\"https:\\\/\\\/telemme.mmsh.fr\\\/?s={search_term_string}\"},\"query-input\":{\"@type\":\"PropertyValueSpecification\",\"valueRequired\":true,\"valueName\":\"search_term_string\"}}],\"inLanguage\":\"fr-FR\"},{\"@type\":\"Organization\",\"@id\":\"https:\\\/\\\/telemme.mmsh.fr\\\/#organization\",\"name\":\"TELEMMe\",\"url\":\"https:\\\/\\\/telemme.mmsh.fr\\\/\",\"logo\":{\"@type\":\"ImageObject\",\"inLanguage\":\"fr-FR\",\"@id\":\"https:\\\/\\\/telemme.mmsh.fr\\\/#\\\/schema\\\/logo\\\/image\\\/\",\"url\":\"https:\\\/\\\/telemme.mmsh.fr\\\/wp-content\\\/uploads\\\/2020\\\/03\\\/LogoTELEMMe-horizontal-fond-transparent.png\",\"contentUrl\":\"https:\\\/\\\/telemme.mmsh.fr\\\/wp-content\\\/uploads\\\/2020\\\/03\\\/LogoTELEMMe-horizontal-fond-transparent.png\",\"width\":1500,\"height\":437,\"caption\":\"TELEMMe\"},\"image\":{\"@id\":\"https:\\\/\\\/telemme.mmsh.fr\\\/#\\\/schema\\\/logo\\\/image\\\/\"}},{\"@type\":\"Person\",\"@id\":\"https:\\\/\\\/telemme.mmsh.fr\\\/#\\\/schema\\\/person\\\/c433e5fd025c00718f715ba73f040691\",\"name\":\"Maja Mellet\",\"url\":\"https:\\\/\\\/telemme.mmsh.fr\\\/?author=175\"}]}<\/script>\n<!-- \/ Yoast SEO plugin. -->","yoast_head_json":{"title":"La m\u00e9moire \u00e0 l\u2019\u00e9preuve de l\u2019interdisciplinarit\u00e9 - TELEMMe - Temps, espaces, langages, Europe m\u00e9ridionale, M\u00e9diterran\u00e9e","robots":{"index":"index","follow":"follow","max-snippet":"max-snippet:-1","max-image-preview":"max-image-preview:large","max-video-preview":"max-video-preview:-1"},"canonical":"https:\/\/telemme.mmsh.fr\/?p=13126","og_locale":"fr_FR","og_type":"article","og_title":"La m\u00e9moire \u00e0 l\u2019\u00e9preuve de l\u2019interdisciplinarit\u00e9 - TELEMMe - Temps, espaces, langages, Europe m\u00e9ridionale, M\u00e9diterran\u00e9e","og_description":"La m\u00e9moire \u00e0 l\u2019\u00e9preuve de l\u2019interdisciplinarit\u00e9, Isabelle Luciani, C\u00e9line Souchay, dir., PU de Provence, 2023, 260 pages Pour construire un langage commun sur la m\u00e9moire, treize auteurs historiens, philosophes, psychologues&hellip;&nbsp;Lire la suite &raquo;La m\u00e9moire \u00e0 l\u2019\u00e9preuve de l\u2019interdisciplinarit\u00e9","og_url":"https:\/\/telemme.mmsh.fr\/?p=13126","og_site_name":"TELEMMe - Temps, espaces, langages, Europe m\u00e9ridionale, M\u00e9diterran\u00e9e","article_published_time":"2023-09-15T08:15:40+00:00","article_modified_time":"2025-01-16T19:19:40+00:00","og_image":[{"width":167,"height":250,"url":"https:\/\/telemme.mmsh.fr\/wp-content\/uploads\/2023\/09\/couv_MEMOIREPREUVE.jpg","type":"image\/jpeg"}],"author":"Maja Mellet","twitter_card":"summary_large_image","twitter_misc":{"\u00c9crit par":"Maja Mellet","Dur\u00e9e de lecture estim\u00e9e":"1 minute"},"schema":{"@context":"https:\/\/schema.org","@graph":[{"@type":"Article","@id":"https:\/\/telemme.mmsh.fr\/?p=13126#article","isPartOf":{"@id":"https:\/\/telemme.mmsh.fr\/?p=13126"},"author":{"name":"Maja Mellet","@id":"https:\/\/telemme.mmsh.fr\/#\/schema\/person\/c433e5fd025c00718f715ba73f040691"},"headline":"La m\u00e9moire \u00e0 l\u2019\u00e9preuve de l\u2019interdisciplinarit\u00e9","datePublished":"2023-09-15T08:15:40+00:00","dateModified":"2025-01-16T19:19:40+00:00","mainEntityOfPage":{"@id":"https:\/\/telemme.mmsh.fr\/?p=13126"},"wordCount":287,"publisher":{"@id":"https:\/\/telemme.mmsh.fr\/#organization"},"image":{"@id":"https:\/\/telemme.mmsh.fr\/?p=13126#primaryimage"},"thumbnailUrl":"https:\/\/telemme.mmsh.fr\/wp-content\/uploads\/2023\/09\/couv_MEMOIREPREUVE.jpg","articleSection":["Directions d'ouvrage"],"inLanguage":"fr-FR"},{"@type":"WebPage","@id":"https:\/\/telemme.mmsh.fr\/?p=13126","url":"https:\/\/telemme.mmsh.fr\/?p=13126","name":"La m\u00e9moire \u00e0 l\u2019\u00e9preuve de l\u2019interdisciplinarit\u00e9 - TELEMMe - Temps, espaces, langages, Europe m\u00e9ridionale, M\u00e9diterran\u00e9e","isPartOf":{"@id":"https:\/\/telemme.mmsh.fr\/#website"},"primaryImageOfPage":{"@id":"https:\/\/telemme.mmsh.fr\/?p=13126#primaryimage"},"image":{"@id":"https:\/\/telemme.mmsh.fr\/?p=13126#primaryimage"},"thumbnailUrl":"https:\/\/telemme.mmsh.fr\/wp-content\/uploads\/2023\/09\/couv_MEMOIREPREUVE.jpg","datePublished":"2023-09-15T08:15:40+00:00","dateModified":"2025-01-16T19:19:40+00:00","breadcrumb":{"@id":"https:\/\/telemme.mmsh.fr\/?p=13126#breadcrumb"},"inLanguage":"fr-FR","potentialAction":[{"@type":"ReadAction","target":["https:\/\/telemme.mmsh.fr\/?p=13126"]}]},{"@type":"ImageObject","inLanguage":"fr-FR","@id":"https:\/\/telemme.mmsh.fr\/?p=13126#primaryimage","url":"https:\/\/telemme.mmsh.fr\/wp-content\/uploads\/2023\/09\/couv_MEMOIREPREUVE.jpg","contentUrl":"https:\/\/telemme.mmsh.fr\/wp-content\/uploads\/2023\/09\/couv_MEMOIREPREUVE.jpg","width":167,"height":250},{"@type":"BreadcrumbList","@id":"https:\/\/telemme.mmsh.fr\/?p=13126#breadcrumb","itemListElement":[{"@type":"ListItem","position":1,"name":"Accueil","item":"https:\/\/telemme.mmsh.fr\/"},{"@type":"ListItem","position":2,"name":"Publications","item":"https:\/\/telemme.mmsh.fr\/?cat=1738"},{"@type":"ListItem","position":3,"name":"Directions d'ouvrage","item":"https:\/\/telemme.mmsh.fr\/?cat=1742"},{"@type":"ListItem","position":4,"name":"La m\u00e9moire \u00e0 l\u2019\u00e9preuve de l\u2019interdisciplinarit\u00e9"}]},{"@type":"WebSite","@id":"https:\/\/telemme.mmsh.fr\/#website","url":"https:\/\/telemme.mmsh.fr\/","name":"TELEMMe - Temps, espaces, langages, Europe m\u00e9ridionale, M\u00e9diterran\u00e9e","description":"","publisher":{"@id":"https:\/\/telemme.mmsh.fr\/#organization"},"potentialAction":[{"@type":"SearchAction","target":{"@type":"EntryPoint","urlTemplate":"https:\/\/telemme.mmsh.fr\/?s={search_term_string}"},"query-input":{"@type":"PropertyValueSpecification","valueRequired":true,"valueName":"search_term_string"}}],"inLanguage":"fr-FR"},{"@type":"Organization","@id":"https:\/\/telemme.mmsh.fr\/#organization","name":"TELEMMe","url":"https:\/\/telemme.mmsh.fr\/","logo":{"@type":"ImageObject","inLanguage":"fr-FR","@id":"https:\/\/telemme.mmsh.fr\/#\/schema\/logo\/image\/","url":"https:\/\/telemme.mmsh.fr\/wp-content\/uploads\/2020\/03\/LogoTELEMMe-horizontal-fond-transparent.png","contentUrl":"https:\/\/telemme.mmsh.fr\/wp-content\/uploads\/2020\/03\/LogoTELEMMe-horizontal-fond-transparent.png","width":1500,"height":437,"caption":"TELEMMe"},"image":{"@id":"https:\/\/telemme.mmsh.fr\/#\/schema\/logo\/image\/"}},{"@type":"Person","@id":"https:\/\/telemme.mmsh.fr\/#\/schema\/person\/c433e5fd025c00718f715ba73f040691","name":"Maja Mellet","url":"https:\/\/telemme.mmsh.fr\/?author=175"}]}},"_links":{"self":[{"href":"https:\/\/telemme.mmsh.fr\/index.php?rest_route=\/wp\/v2\/posts\/13126","targetHints":{"allow":["GET"]}}],"collection":[{"href":"https:\/\/telemme.mmsh.fr\/index.php?rest_route=\/wp\/v2\/posts"}],"about":[{"href":"https:\/\/telemme.mmsh.fr\/index.php?rest_route=\/wp\/v2\/types\/post"}],"author":[{"embeddable":true,"href":"https:\/\/telemme.mmsh.fr\/index.php?rest_route=\/wp\/v2\/users\/175"}],"replies":[{"embeddable":true,"href":"https:\/\/telemme.mmsh.fr\/index.php?rest_route=%2Fwp%2Fv2%2Fcomments&post=13126"}],"version-history":[{"count":2,"href":"https:\/\/telemme.mmsh.fr\/index.php?rest_route=\/wp\/v2\/posts\/13126\/revisions"}],"predecessor-version":[{"id":13130,"href":"https:\/\/telemme.mmsh.fr\/index.php?rest_route=\/wp\/v2\/posts\/13126\/revisions\/13130"}],"wp:featuredmedia":[{"embeddable":true,"href":"https:\/\/telemme.mmsh.fr\/index.php?rest_route=\/wp\/v2\/media\/13128"}],"wp:attachment":[{"href":"https:\/\/telemme.mmsh.fr\/index.php?rest_route=%2Fwp%2Fv2%2Fmedia&parent=13126"}],"wp:term":[{"taxonomy":"category","embeddable":true,"href":"https:\/\/telemme.mmsh.fr\/index.php?rest_route=%2Fwp%2Fv2%2Fcategories&post=13126"},{"taxonomy":"post_tag","embeddable":true,"href":"https:\/\/telemme.mmsh.fr\/index.php?rest_route=%2Fwp%2Fv2%2Ftags&post=13126"}],"curies":[{"name":"wp","href":"https:\/\/api.w.org\/{rel}","templated":true}]}}