{"id":13122,"date":"2023-09-15T10:08:54","date_gmt":"2023-09-15T08:08:54","guid":{"rendered":"https:\/\/telemme.mmsh.fr\/?p=13122"},"modified":"2025-01-16T20:20:42","modified_gmt":"2025-01-16T19:20:42","slug":"des-morts-qui-derogent","status":"publish","type":"post","link":"https:\/\/telemme.mmsh.fr\/?p=13122","title":{"rendered":"Des morts qui d\u00e9rogent"},"content":{"rendered":"<blockquote><p><a href=\"https:\/\/presses-universitaires.univ-amu.fr\/editeur\/pup\"><em>Des morts qui d\u00e9rogent: \u00c0 l&rsquo;\u00e9cart des normes fun\u00e9raires, XIX<sup>e<\/sup>-XX<sup>e<\/sup> si\u00e8cles<\/em><\/a>, <a href=\"https:\/\/telemme.mmsh.fr\/?membres=anne-carol\">Anne Carol<\/a> et <a href=\"https:\/\/telemme.mmsh.fr\/?membres=isabelle-renaudet\">Isabelle Renaudet<\/a>,\u00a0 \u00e9dition <span class=\"metaProductLight-editeur\">PU de Provence,<\/span><em>\u00a0<\/em><span class=\"metaProductLight-collection hidden-xs\"><em>Corps Et Ames<\/em>, <\/span><span class=\"metaProductLight-MiseEnLigne hidden-xs\">\u00a02023, 250 pages<\/span><\/p><\/blockquote>\n<p>Les soci\u00e9t\u00e9s europ\u00e9ennes ont construit, depuis le XIXe si\u00e8cle, un r\u00e9gime fun\u00e9raire qui a plac\u00e9 le corps au centre des soins que les vivants prodiguent aux morts et qui s\u2019articule autour de la tombe et du cimeti\u00e8re. Il arrive pourtant que des corps se voient priv\u00e9s de ces soins ou que leur mise en \u0153uvre soit perturb\u00e9e, intentionnellement ou pas. Ce livre offre \u00e0 travers quelques cas de figures exemplaires un panorama de ces morts qui d\u00e9rogent \u00e0 la norme fun\u00e9raire. Ces \u00e9carts \u00e0 la norme peuvent proc\u00e9der du statut marginal ou exceptionnel des morts : mort-n\u00e9s, criminels ex\u00e9cut\u00e9s, morts anonymes, icones politiques ; dans d\u2019autres cas, ils peuvent d\u00e9couler des circonstances anomiques o\u00f9 la mort est survenue : temps de guerre, \u00e9pid\u00e9mies, catastrophes industrielles ou massacres ; l\u2019a-normalit\u00e9 peut enfin se nicher au c\u0153ur des pratiques m\u00eames dont le corps est la cible : n\u00e9crophilie, cr\u00e9mation, exhumation, inhumation hors cimeti\u00e8re. Pour chacun de ces cas de figure, les textes r\u00e9unis ici s\u2019attacheront \u00e0 montrer en quoi le processus fun\u00e9raire est suspendu, d\u00e9voy\u00e9, d\u00e9grad\u00e9 voire subverti, et \u00e0 \u00e9valuer l\u2019impact de ces dissidences sur les sensibilit\u00e9s contemporaines ; mais aussi \u00e0 rep\u00e9rer les efforts, m\u00eame minimes, pour r\u00e9parer, r\u00e9tablir un semblant de normalit\u00e9 dans les fun\u00e9railles, ainsi que d\u2019identifier les acteurs impliqu\u00e9s dans les deux cas.<\/p>\n","protected":false},"excerpt":{"rendered":"<p>Des morts qui d\u00e9rogent: \u00c0 l&rsquo;\u00e9cart des normes fun\u00e9raires, XIXe-XXe si\u00e8cles, Anne Carol et Isabelle Renaudet,\u00a0 \u00e9dition PU de Provence,\u00a0Corps Et Ames, \u00a02023, 250 pages Les soci\u00e9t\u00e9s europ\u00e9ennes ont construit,&hellip;&nbsp;<a href=\"https:\/\/telemme.mmsh.fr\/?p=13122\" rel=\"bookmark\">Lire la suite &raquo;<span class=\"screen-reader-text\">Des morts qui d\u00e9rogent<\/span><\/a><\/p>\n","protected":false},"author":175,"featured_media":13123,"comment_status":"closed","ping_status":"closed","sticky":false,"template":"","format":"standard","meta":{"neve_meta_sidebar":"","neve_meta_container":"","neve_meta_enable_content_width":"off","neve_meta_content_width":70,"neve_meta_title_alignment":"","neve_meta_author_avatar":"","neve_post_elements_order":"","neve_meta_disable_header":"","neve_meta_disable_footer":"","neve_meta_disable_title":"","_tribe_events_control_status":"","_tribe_events_control_status_canceled_reason":"","_tribe_events_control_status_postponed_reason":"","_tribe_events_control_online":"","_tribe_events_control_online_url":"","footnotes":""},"categories":[1742],"tags":[],"class_list":["post-13122","post","type-post","status-publish","format-standard","has-post-thumbnail","hentry","category-dir-ouvrage"],"yoast_head":"<!-- This site is optimized with the Yoast SEO plugin v27.4 - https:\/\/yoast.com\/product\/yoast-seo-wordpress\/ -->\n<title>Des morts qui d\u00e9rogent - TELEMMe - Temps, espaces, langages, Europe m\u00e9ridionale, M\u00e9diterran\u00e9e<\/title>\n<meta name=\"description\" content=\"Des morts qui d\u00e9rogent\" \/>\n<meta name=\"robots\" content=\"index, follow, max-snippet:-1, max-image-preview:large, max-video-preview:-1\" \/>\n<link rel=\"canonical\" href=\"https:\/\/telemme.mmsh.fr\/?p=13122\" \/>\n<meta property=\"og:locale\" content=\"fr_FR\" \/>\n<meta property=\"og:type\" content=\"article\" \/>\n<meta property=\"og:title\" content=\"Des morts qui d\u00e9rogent - TELEMMe - Temps, espaces, langages, Europe m\u00e9ridionale, M\u00e9diterran\u00e9e\" \/>\n<meta property=\"og:description\" content=\"Des morts qui d\u00e9rogent\" \/>\n<meta property=\"og:url\" content=\"https:\/\/telemme.mmsh.fr\/?p=13122\" \/>\n<meta property=\"og:site_name\" content=\"TELEMMe - Temps, espaces, langages, Europe m\u00e9ridionale, M\u00e9diterran\u00e9e\" \/>\n<meta property=\"article:published_time\" content=\"2023-09-15T08:08:54+00:00\" \/>\n<meta property=\"article:modified_time\" content=\"2025-01-16T19:20:42+00:00\" \/>\n<meta property=\"og:image\" content=\"https:\/\/telemme.mmsh.fr\/wp-content\/uploads\/2023\/09\/les-morts-.png\" \/>\n\t<meta property=\"og:image:width\" content=\"528\" \/>\n\t<meta property=\"og:image:height\" content=\"789\" \/>\n\t<meta property=\"og:image:type\" content=\"image\/png\" \/>\n<meta name=\"author\" content=\"Maja Mellet\" \/>\n<meta name=\"twitter:card\" content=\"summary_large_image\" \/>\n<meta name=\"twitter:label1\" content=\"\u00c9crit par\" \/>\n\t<meta name=\"twitter:data1\" content=\"Maja Mellet\" \/>\n\t<meta name=\"twitter:label2\" content=\"Dur\u00e9e de lecture estim\u00e9e\" \/>\n\t<meta name=\"twitter:data2\" content=\"1 minute\" \/>\n<script type=\"application\/ld+json\" class=\"yoast-schema-graph\">{\"@context\":\"https:\\\/\\\/schema.org\",\"@graph\":[{\"@type\":\"Article\",\"@id\":\"https:\\\/\\\/telemme.mmsh.fr\\\/?p=13122#article\",\"isPartOf\":{\"@id\":\"https:\\\/\\\/telemme.mmsh.fr\\\/?p=13122\"},\"author\":{\"name\":\"Maja Mellet\",\"@id\":\"https:\\\/\\\/telemme.mmsh.fr\\\/#\\\/schema\\\/person\\\/c433e5fd025c00718f715ba73f040691\"},\"headline\":\"Des morts qui d\u00e9rogent\",\"datePublished\":\"2023-09-15T08:08:54+00:00\",\"dateModified\":\"2025-01-16T19:20:42+00:00\",\"mainEntityOfPage\":{\"@id\":\"https:\\\/\\\/telemme.mmsh.fr\\\/?p=13122\"},\"wordCount\":275,\"publisher\":{\"@id\":\"https:\\\/\\\/telemme.mmsh.fr\\\/#organization\"},\"image\":{\"@id\":\"https:\\\/\\\/telemme.mmsh.fr\\\/?p=13122#primaryimage\"},\"thumbnailUrl\":\"https:\\\/\\\/telemme.mmsh.fr\\\/wp-content\\\/uploads\\\/2023\\\/09\\\/les-morts-.png\",\"articleSection\":[\"Directions d'ouvrage\"],\"inLanguage\":\"fr-FR\"},{\"@type\":\"WebPage\",\"@id\":\"https:\\\/\\\/telemme.mmsh.fr\\\/?p=13122\",\"url\":\"https:\\\/\\\/telemme.mmsh.fr\\\/?p=13122\",\"name\":\"Des morts qui d\u00e9rogent - TELEMMe - Temps, espaces, langages, Europe m\u00e9ridionale, M\u00e9diterran\u00e9e\",\"isPartOf\":{\"@id\":\"https:\\\/\\\/telemme.mmsh.fr\\\/#website\"},\"primaryImageOfPage\":{\"@id\":\"https:\\\/\\\/telemme.mmsh.fr\\\/?p=13122#primaryimage\"},\"image\":{\"@id\":\"https:\\\/\\\/telemme.mmsh.fr\\\/?p=13122#primaryimage\"},\"thumbnailUrl\":\"https:\\\/\\\/telemme.mmsh.fr\\\/wp-content\\\/uploads\\\/2023\\\/09\\\/les-morts-.png\",\"datePublished\":\"2023-09-15T08:08:54+00:00\",\"dateModified\":\"2025-01-16T19:20:42+00:00\",\"description\":\"Des morts qui d\u00e9rogent\",\"breadcrumb\":{\"@id\":\"https:\\\/\\\/telemme.mmsh.fr\\\/?p=13122#breadcrumb\"},\"inLanguage\":\"fr-FR\",\"potentialAction\":[{\"@type\":\"ReadAction\",\"target\":[\"https:\\\/\\\/telemme.mmsh.fr\\\/?p=13122\"]}]},{\"@type\":\"ImageObject\",\"inLanguage\":\"fr-FR\",\"@id\":\"https:\\\/\\\/telemme.mmsh.fr\\\/?p=13122#primaryimage\",\"url\":\"https:\\\/\\\/telemme.mmsh.fr\\\/wp-content\\\/uploads\\\/2023\\\/09\\\/les-morts-.png\",\"contentUrl\":\"https:\\\/\\\/telemme.mmsh.fr\\\/wp-content\\\/uploads\\\/2023\\\/09\\\/les-morts-.png\",\"width\":528,\"height\":789},{\"@type\":\"BreadcrumbList\",\"@id\":\"https:\\\/\\\/telemme.mmsh.fr\\\/?p=13122#breadcrumb\",\"itemListElement\":[{\"@type\":\"ListItem\",\"position\":1,\"name\":\"Accueil\",\"item\":\"https:\\\/\\\/telemme.mmsh.fr\\\/\"},{\"@type\":\"ListItem\",\"position\":2,\"name\":\"Publications\",\"item\":\"https:\\\/\\\/telemme.mmsh.fr\\\/?cat=1738\"},{\"@type\":\"ListItem\",\"position\":3,\"name\":\"Des morts qui d\u00e9rogent\"}]},{\"@type\":\"WebSite\",\"@id\":\"https:\\\/\\\/telemme.mmsh.fr\\\/#website\",\"url\":\"https:\\\/\\\/telemme.mmsh.fr\\\/\",\"name\":\"TELEMMe - Temps, espaces, langages, Europe m\u00e9ridionale, M\u00e9diterran\u00e9e\",\"description\":\"\",\"publisher\":{\"@id\":\"https:\\\/\\\/telemme.mmsh.fr\\\/#organization\"},\"potentialAction\":[{\"@type\":\"SearchAction\",\"target\":{\"@type\":\"EntryPoint\",\"urlTemplate\":\"https:\\\/\\\/telemme.mmsh.fr\\\/?s={search_term_string}\"},\"query-input\":{\"@type\":\"PropertyValueSpecification\",\"valueRequired\":true,\"valueName\":\"search_term_string\"}}],\"inLanguage\":\"fr-FR\"},{\"@type\":\"Organization\",\"@id\":\"https:\\\/\\\/telemme.mmsh.fr\\\/#organization\",\"name\":\"TELEMMe\",\"url\":\"https:\\\/\\\/telemme.mmsh.fr\\\/\",\"logo\":{\"@type\":\"ImageObject\",\"inLanguage\":\"fr-FR\",\"@id\":\"https:\\\/\\\/telemme.mmsh.fr\\\/#\\\/schema\\\/logo\\\/image\\\/\",\"url\":\"https:\\\/\\\/telemme.mmsh.fr\\\/wp-content\\\/uploads\\\/2020\\\/03\\\/LogoTELEMMe-horizontal-fond-transparent.png\",\"contentUrl\":\"https:\\\/\\\/telemme.mmsh.fr\\\/wp-content\\\/uploads\\\/2020\\\/03\\\/LogoTELEMMe-horizontal-fond-transparent.png\",\"width\":1500,\"height\":437,\"caption\":\"TELEMMe\"},\"image\":{\"@id\":\"https:\\\/\\\/telemme.mmsh.fr\\\/#\\\/schema\\\/logo\\\/image\\\/\"}},{\"@type\":\"Person\",\"@id\":\"https:\\\/\\\/telemme.mmsh.fr\\\/#\\\/schema\\\/person\\\/c433e5fd025c00718f715ba73f040691\",\"name\":\"Maja Mellet\",\"url\":\"https:\\\/\\\/telemme.mmsh.fr\\\/?author=175\"}]}<\/script>\n<!-- \/ Yoast SEO plugin. -->","yoast_head_json":{"title":"Des morts qui d\u00e9rogent - TELEMMe - Temps, espaces, langages, Europe m\u00e9ridionale, M\u00e9diterran\u00e9e","description":"Des morts qui d\u00e9rogent","robots":{"index":"index","follow":"follow","max-snippet":"max-snippet:-1","max-image-preview":"max-image-preview:large","max-video-preview":"max-video-preview:-1"},"canonical":"https:\/\/telemme.mmsh.fr\/?p=13122","og_locale":"fr_FR","og_type":"article","og_title":"Des morts qui d\u00e9rogent - TELEMMe - Temps, espaces, langages, Europe m\u00e9ridionale, M\u00e9diterran\u00e9e","og_description":"Des morts qui d\u00e9rogent","og_url":"https:\/\/telemme.mmsh.fr\/?p=13122","og_site_name":"TELEMMe - Temps, espaces, langages, Europe m\u00e9ridionale, M\u00e9diterran\u00e9e","article_published_time":"2023-09-15T08:08:54+00:00","article_modified_time":"2025-01-16T19:20:42+00:00","og_image":[{"width":528,"height":789,"url":"https:\/\/telemme.mmsh.fr\/wp-content\/uploads\/2023\/09\/les-morts-.png","type":"image\/png"}],"author":"Maja Mellet","twitter_card":"summary_large_image","twitter_misc":{"\u00c9crit par":"Maja Mellet","Dur\u00e9e de lecture estim\u00e9e":"1 minute"},"schema":{"@context":"https:\/\/schema.org","@graph":[{"@type":"Article","@id":"https:\/\/telemme.mmsh.fr\/?p=13122#article","isPartOf":{"@id":"https:\/\/telemme.mmsh.fr\/?p=13122"},"author":{"name":"Maja Mellet","@id":"https:\/\/telemme.mmsh.fr\/#\/schema\/person\/c433e5fd025c00718f715ba73f040691"},"headline":"Des morts qui d\u00e9rogent","datePublished":"2023-09-15T08:08:54+00:00","dateModified":"2025-01-16T19:20:42+00:00","mainEntityOfPage":{"@id":"https:\/\/telemme.mmsh.fr\/?p=13122"},"wordCount":275,"publisher":{"@id":"https:\/\/telemme.mmsh.fr\/#organization"},"image":{"@id":"https:\/\/telemme.mmsh.fr\/?p=13122#primaryimage"},"thumbnailUrl":"https:\/\/telemme.mmsh.fr\/wp-content\/uploads\/2023\/09\/les-morts-.png","articleSection":["Directions d'ouvrage"],"inLanguage":"fr-FR"},{"@type":"WebPage","@id":"https:\/\/telemme.mmsh.fr\/?p=13122","url":"https:\/\/telemme.mmsh.fr\/?p=13122","name":"Des morts qui d\u00e9rogent - TELEMMe - Temps, espaces, langages, Europe m\u00e9ridionale, M\u00e9diterran\u00e9e","isPartOf":{"@id":"https:\/\/telemme.mmsh.fr\/#website"},"primaryImageOfPage":{"@id":"https:\/\/telemme.mmsh.fr\/?p=13122#primaryimage"},"image":{"@id":"https:\/\/telemme.mmsh.fr\/?p=13122#primaryimage"},"thumbnailUrl":"https:\/\/telemme.mmsh.fr\/wp-content\/uploads\/2023\/09\/les-morts-.png","datePublished":"2023-09-15T08:08:54+00:00","dateModified":"2025-01-16T19:20:42+00:00","description":"Des morts qui d\u00e9rogent","breadcrumb":{"@id":"https:\/\/telemme.mmsh.fr\/?p=13122#breadcrumb"},"inLanguage":"fr-FR","potentialAction":[{"@type":"ReadAction","target":["https:\/\/telemme.mmsh.fr\/?p=13122"]}]},{"@type":"ImageObject","inLanguage":"fr-FR","@id":"https:\/\/telemme.mmsh.fr\/?p=13122#primaryimage","url":"https:\/\/telemme.mmsh.fr\/wp-content\/uploads\/2023\/09\/les-morts-.png","contentUrl":"https:\/\/telemme.mmsh.fr\/wp-content\/uploads\/2023\/09\/les-morts-.png","width":528,"height":789},{"@type":"BreadcrumbList","@id":"https:\/\/telemme.mmsh.fr\/?p=13122#breadcrumb","itemListElement":[{"@type":"ListItem","position":1,"name":"Accueil","item":"https:\/\/telemme.mmsh.fr\/"},{"@type":"ListItem","position":2,"name":"Publications","item":"https:\/\/telemme.mmsh.fr\/?cat=1738"},{"@type":"ListItem","position":3,"name":"Des morts qui d\u00e9rogent"}]},{"@type":"WebSite","@id":"https:\/\/telemme.mmsh.fr\/#website","url":"https:\/\/telemme.mmsh.fr\/","name":"TELEMMe - Temps, espaces, langages, Europe m\u00e9ridionale, M\u00e9diterran\u00e9e","description":"","publisher":{"@id":"https:\/\/telemme.mmsh.fr\/#organization"},"potentialAction":[{"@type":"SearchAction","target":{"@type":"EntryPoint","urlTemplate":"https:\/\/telemme.mmsh.fr\/?s={search_term_string}"},"query-input":{"@type":"PropertyValueSpecification","valueRequired":true,"valueName":"search_term_string"}}],"inLanguage":"fr-FR"},{"@type":"Organization","@id":"https:\/\/telemme.mmsh.fr\/#organization","name":"TELEMMe","url":"https:\/\/telemme.mmsh.fr\/","logo":{"@type":"ImageObject","inLanguage":"fr-FR","@id":"https:\/\/telemme.mmsh.fr\/#\/schema\/logo\/image\/","url":"https:\/\/telemme.mmsh.fr\/wp-content\/uploads\/2020\/03\/LogoTELEMMe-horizontal-fond-transparent.png","contentUrl":"https:\/\/telemme.mmsh.fr\/wp-content\/uploads\/2020\/03\/LogoTELEMMe-horizontal-fond-transparent.png","width":1500,"height":437,"caption":"TELEMMe"},"image":{"@id":"https:\/\/telemme.mmsh.fr\/#\/schema\/logo\/image\/"}},{"@type":"Person","@id":"https:\/\/telemme.mmsh.fr\/#\/schema\/person\/c433e5fd025c00718f715ba73f040691","name":"Maja Mellet","url":"https:\/\/telemme.mmsh.fr\/?author=175"}]}},"_links":{"self":[{"href":"https:\/\/telemme.mmsh.fr\/index.php?rest_route=\/wp\/v2\/posts\/13122","targetHints":{"allow":["GET"]}}],"collection":[{"href":"https:\/\/telemme.mmsh.fr\/index.php?rest_route=\/wp\/v2\/posts"}],"about":[{"href":"https:\/\/telemme.mmsh.fr\/index.php?rest_route=\/wp\/v2\/types\/post"}],"author":[{"embeddable":true,"href":"https:\/\/telemme.mmsh.fr\/index.php?rest_route=\/wp\/v2\/users\/175"}],"replies":[{"embeddable":true,"href":"https:\/\/telemme.mmsh.fr\/index.php?rest_route=%2Fwp%2Fv2%2Fcomments&post=13122"}],"version-history":[{"count":4,"href":"https:\/\/telemme.mmsh.fr\/index.php?rest_route=\/wp\/v2\/posts\/13122\/revisions"}],"predecessor-version":[{"id":15049,"href":"https:\/\/telemme.mmsh.fr\/index.php?rest_route=\/wp\/v2\/posts\/13122\/revisions\/15049"}],"wp:featuredmedia":[{"embeddable":true,"href":"https:\/\/telemme.mmsh.fr\/index.php?rest_route=\/wp\/v2\/media\/13123"}],"wp:attachment":[{"href":"https:\/\/telemme.mmsh.fr\/index.php?rest_route=%2Fwp%2Fv2%2Fmedia&parent=13122"}],"wp:term":[{"taxonomy":"category","embeddable":true,"href":"https:\/\/telemme.mmsh.fr\/index.php?rest_route=%2Fwp%2Fv2%2Fcategories&post=13122"},{"taxonomy":"post_tag","embeddable":true,"href":"https:\/\/telemme.mmsh.fr\/index.php?rest_route=%2Fwp%2Fv2%2Ftags&post=13122"}],"curies":[{"name":"wp","href":"https:\/\/api.w.org\/{rel}","templated":true}]}}