{"id":13111,"date":"2023-09-14T11:05:14","date_gmt":"2023-09-14T09:05:14","guid":{"rendered":"https:\/\/telemme.mmsh.fr\/?p=13111"},"modified":"2025-01-28T14:32:07","modified_gmt":"2025-01-28T13:32:07","slug":"retrouvez-telemme-a-la-nuit-europeenne-des-chercheur%c2%b7e%c2%b7s-2023-nos-futurs","status":"publish","type":"post","link":"https:\/\/telemme.mmsh.fr\/?p=13111","title":{"rendered":"Retrouvez TELEMMe \u00e0 la Nuit europ\u00e9enne des chercheur\u00b7e\u00b7s 2023 : Nos futurs"},"content":{"rendered":"<p>Cette ann\u00e9e encore, plus de cent chercheur\u00b7e\u00b7s d\u2019Aix-Marseille Universit\u00e9\u00a0et des partenaires de recherches se mobilisent pour l\u2019\u00e9dition marseillaise de la Nuit europ\u00e9enne des chercheur\u00b7e\u00b7s, \u00e9v\u00e9nement culturel se d\u00e9roulant en simultan\u00e9 dans 300 villes europ\u00e9ennes, et visant \u00e0 rapprocher sciences et citoyens.<\/p>\n<p>Pour sa 8<sup>\u00e8me<\/sup> \u00e9dition, la soir\u00e9e aura lieu le <strong>vendredi 29 septembre 2023 au Dock des suds \u00e0 Marseille d\u00e8s 18h<\/strong> sur le th\u00e8me \u00ab\u00a0Nos futurs\u00a0\u00bb.<\/p>\n<h2 class=\"wp-block-heading\">Informations pratiques<\/h2>\n<ul>\n<li>Vendredi 29 septembre 2023<br \/>\nde 18h \u00e0 23h30 au Dock des suds<\/li>\n<li>Entr\u00e9e gratuite<\/li>\n<li>Acc\u00e8s :<br \/>\nTram T2 et T3 \u2013 arr\u00eat Arenc le Silo<br \/>\nM\u00e9tro 2 \u2013 arr\u00eat National<\/li>\n<li>Bar et food-trucks sur place<\/li>\n<\/ul>\n<p><strong>Infos : <\/strong>culture-scientifique@univ-amu.fr<\/p>\n<p><strong>#NuitChercheurs<\/strong><\/p>\n<p>Programme d\u00e9taill\u00e9 : <a href=\"https:\/\/www.univ-amu.fr\/fr\/public\/actualites\/nuit-europeenne-des-chercheures-2023\">https:\/\/www.univ-amu.fr\/fr\/public\/actualites\/nuit-europeenne-des-chercheures-2023<\/a><\/p>\n","protected":false},"excerpt":{"rendered":"<p>Cette ann\u00e9e encore, plus de cent chercheur\u00b7e\u00b7s d\u2019Aix-Marseille Universit\u00e9\u00a0et des partenaires de recherches se mobilisent pour l\u2019\u00e9dition marseillaise de la Nuit europ\u00e9enne des chercheur\u00b7e\u00b7s, \u00e9v\u00e9nement culturel se d\u00e9roulant en simultan\u00e9&hellip;&nbsp;<a href=\"https:\/\/telemme.mmsh.fr\/?p=13111\" rel=\"bookmark\">Lire la suite &raquo;<span class=\"screen-reader-text\">Retrouvez TELEMMe \u00e0 la Nuit europ\u00e9enne des chercheur\u00b7e\u00b7s 2023 : Nos futurs<\/span><\/a><\/p>\n","protected":false},"author":175,"featured_media":13119,"comment_status":"closed","ping_status":"closed","sticky":false,"template":"","format":"standard","meta":{"neve_meta_sidebar":"","neve_meta_container":"","neve_meta_enable_content_width":"off","neve_meta_content_width":70,"neve_meta_title_alignment":"","neve_meta_author_avatar":"","neve_post_elements_order":"","neve_meta_disable_header":"","neve_meta_disable_footer":"","neve_meta_disable_title":"","_tribe_events_control_status":"","_tribe_events_control_status_canceled_reason":"","_tribe_events_control_status_postponed_reason":"","_tribe_events_control_online":"","_tribe_events_control_online_url":"","footnotes":""},"categories":[1992],"tags":[],"class_list":["post-13111","post","type-post","status-publish","format-standard","has-post-thumbnail","hentry","category-rencontres"],"yoast_head":"<!-- This site is optimized with the Yoast SEO plugin v27.4 - https:\/\/yoast.com\/product\/yoast-seo-wordpress\/ -->\n<title>Retrouvez TELEMMe \u00e0 la Nuit europ\u00e9enne des chercheur\u00b7e\u00b7s 2023 : Nos futurs - TELEMMe - Temps, espaces, langages, Europe m\u00e9ridionale, M\u00e9diterran\u00e9e<\/title>\n<meta name=\"robots\" content=\"index, follow, max-snippet:-1, max-image-preview:large, max-video-preview:-1\" \/>\n<link rel=\"canonical\" href=\"https:\/\/telemme.mmsh.fr\/?p=13111\" \/>\n<meta property=\"og:locale\" content=\"fr_FR\" \/>\n<meta property=\"og:type\" content=\"article\" \/>\n<meta property=\"og:title\" content=\"Retrouvez TELEMMe \u00e0 la Nuit europ\u00e9enne des chercheur\u00b7e\u00b7s 2023 : Nos futurs - TELEMMe - Temps, espaces, langages, Europe m\u00e9ridionale, M\u00e9diterran\u00e9e\" \/>\n<meta property=\"og:description\" content=\"Cette ann\u00e9e encore, plus de cent chercheur\u00b7e\u00b7s d\u2019Aix-Marseille Universit\u00e9\u00a0et des partenaires de recherches se mobilisent pour l\u2019\u00e9dition marseillaise de la Nuit europ\u00e9enne des chercheur\u00b7e\u00b7s, \u00e9v\u00e9nement culturel se d\u00e9roulant en simultan\u00e9&hellip;&nbsp;Lire la suite &raquo;Retrouvez TELEMMe \u00e0 la Nuit europ\u00e9enne des chercheur\u00b7e\u00b7s 2023 : Nos futurs\" \/>\n<meta property=\"og:url\" content=\"https:\/\/telemme.mmsh.fr\/?p=13111\" \/>\n<meta property=\"og:site_name\" content=\"TELEMMe - Temps, espaces, langages, Europe m\u00e9ridionale, M\u00e9diterran\u00e9e\" \/>\n<meta property=\"article:published_time\" content=\"2023-09-14T09:05:14+00:00\" \/>\n<meta property=\"article:modified_time\" content=\"2025-01-28T13:32:07+00:00\" \/>\n<meta property=\"og:image\" content=\"https:\/\/telemme.mmsh.fr\/wp-content\/uploads\/2023\/09\/this-scaled.jpg\" \/>\n\t<meta property=\"og:image:width\" content=\"2560\" \/>\n\t<meta property=\"og:image:height\" content=\"1440\" \/>\n\t<meta property=\"og:image:type\" content=\"image\/jpeg\" \/>\n<meta name=\"author\" content=\"Maja Mellet\" \/>\n<meta name=\"twitter:card\" content=\"summary_large_image\" \/>\n<meta name=\"twitter:label1\" content=\"\u00c9crit par\" \/>\n\t<meta name=\"twitter:data1\" content=\"Maja Mellet\" \/>\n\t<meta name=\"twitter:label2\" content=\"Dur\u00e9e de lecture estim\u00e9e\" \/>\n\t<meta name=\"twitter:data2\" content=\"1 minute\" \/>\n<script type=\"application\/ld+json\" class=\"yoast-schema-graph\">{\"@context\":\"https:\\\/\\\/schema.org\",\"@graph\":[{\"@type\":\"Article\",\"@id\":\"https:\\\/\\\/telemme.mmsh.fr\\\/?p=13111#article\",\"isPartOf\":{\"@id\":\"https:\\\/\\\/telemme.mmsh.fr\\\/?p=13111\"},\"author\":{\"name\":\"Maja Mellet\",\"@id\":\"https:\\\/\\\/telemme.mmsh.fr\\\/#\\\/schema\\\/person\\\/c433e5fd025c00718f715ba73f040691\"},\"headline\":\"Retrouvez TELEMMe \u00e0 la Nuit europ\u00e9enne des chercheur\u00b7e\u00b7s 2023 : Nos futurs\",\"datePublished\":\"2023-09-14T09:05:14+00:00\",\"dateModified\":\"2025-01-28T13:32:07+00:00\",\"mainEntityOfPage\":{\"@id\":\"https:\\\/\\\/telemme.mmsh.fr\\\/?p=13111\"},\"wordCount\":140,\"publisher\":{\"@id\":\"https:\\\/\\\/telemme.mmsh.fr\\\/#organization\"},\"image\":{\"@id\":\"https:\\\/\\\/telemme.mmsh.fr\\\/?p=13111#primaryimage\"},\"thumbnailUrl\":\"https:\\\/\\\/telemme.mmsh.fr\\\/wp-content\\\/uploads\\\/2023\\\/09\\\/this-scaled.jpg\",\"articleSection\":[\"Rencontres\"],\"inLanguage\":\"fr-FR\"},{\"@type\":\"WebPage\",\"@id\":\"https:\\\/\\\/telemme.mmsh.fr\\\/?p=13111\",\"url\":\"https:\\\/\\\/telemme.mmsh.fr\\\/?p=13111\",\"name\":\"Retrouvez TELEMMe \u00e0 la Nuit europ\u00e9enne des chercheur\u00b7e\u00b7s 2023 : Nos futurs - TELEMMe - Temps, espaces, langages, Europe m\u00e9ridionale, M\u00e9diterran\u00e9e\",\"isPartOf\":{\"@id\":\"https:\\\/\\\/telemme.mmsh.fr\\\/#website\"},\"primaryImageOfPage\":{\"@id\":\"https:\\\/\\\/telemme.mmsh.fr\\\/?p=13111#primaryimage\"},\"image\":{\"@id\":\"https:\\\/\\\/telemme.mmsh.fr\\\/?p=13111#primaryimage\"},\"thumbnailUrl\":\"https:\\\/\\\/telemme.mmsh.fr\\\/wp-content\\\/uploads\\\/2023\\\/09\\\/this-scaled.jpg\",\"datePublished\":\"2023-09-14T09:05:14+00:00\",\"dateModified\":\"2025-01-28T13:32:07+00:00\",\"breadcrumb\":{\"@id\":\"https:\\\/\\\/telemme.mmsh.fr\\\/?p=13111#breadcrumb\"},\"inLanguage\":\"fr-FR\",\"potentialAction\":[{\"@type\":\"ReadAction\",\"target\":[\"https:\\\/\\\/telemme.mmsh.fr\\\/?p=13111\"]}]},{\"@type\":\"ImageObject\",\"inLanguage\":\"fr-FR\",\"@id\":\"https:\\\/\\\/telemme.mmsh.fr\\\/?p=13111#primaryimage\",\"url\":\"https:\\\/\\\/telemme.mmsh.fr\\\/wp-content\\\/uploads\\\/2023\\\/09\\\/this-scaled.jpg\",\"contentUrl\":\"https:\\\/\\\/telemme.mmsh.fr\\\/wp-content\\\/uploads\\\/2023\\\/09\\\/this-scaled.jpg\",\"width\":2560,\"height\":1440},{\"@type\":\"BreadcrumbList\",\"@id\":\"https:\\\/\\\/telemme.mmsh.fr\\\/?p=13111#breadcrumb\",\"itemListElement\":[{\"@type\":\"ListItem\",\"position\":1,\"name\":\"Accueil\",\"item\":\"https:\\\/\\\/telemme.mmsh.fr\\\/\"},{\"@type\":\"ListItem\",\"position\":2,\"name\":\"Actualit\u00e9s\",\"item\":\"https:\\\/\\\/telemme.mmsh.fr\\\/?cat=1995\"},{\"@type\":\"ListItem\",\"position\":3,\"name\":\"Rencontres\",\"item\":\"https:\\\/\\\/telemme.mmsh.fr\\\/?cat=1992\"},{\"@type\":\"ListItem\",\"position\":4,\"name\":\"Retrouvez TELEMMe \u00e0 la Nuit europ\u00e9enne des chercheur\u00b7e\u00b7s 2023 : Nos futurs\"}]},{\"@type\":\"WebSite\",\"@id\":\"https:\\\/\\\/telemme.mmsh.fr\\\/#website\",\"url\":\"https:\\\/\\\/telemme.mmsh.fr\\\/\",\"name\":\"TELEMMe - Temps, espaces, langages, Europe m\u00e9ridionale, M\u00e9diterran\u00e9e\",\"description\":\"\",\"publisher\":{\"@id\":\"https:\\\/\\\/telemme.mmsh.fr\\\/#organization\"},\"potentialAction\":[{\"@type\":\"SearchAction\",\"target\":{\"@type\":\"EntryPoint\",\"urlTemplate\":\"https:\\\/\\\/telemme.mmsh.fr\\\/?s={search_term_string}\"},\"query-input\":{\"@type\":\"PropertyValueSpecification\",\"valueRequired\":true,\"valueName\":\"search_term_string\"}}],\"inLanguage\":\"fr-FR\"},{\"@type\":\"Organization\",\"@id\":\"https:\\\/\\\/telemme.mmsh.fr\\\/#organization\",\"name\":\"TELEMMe\",\"url\":\"https:\\\/\\\/telemme.mmsh.fr\\\/\",\"logo\":{\"@type\":\"ImageObject\",\"inLanguage\":\"fr-FR\",\"@id\":\"https:\\\/\\\/telemme.mmsh.fr\\\/#\\\/schema\\\/logo\\\/image\\\/\",\"url\":\"https:\\\/\\\/telemme.mmsh.fr\\\/wp-content\\\/uploads\\\/2020\\\/03\\\/LogoTELEMMe-horizontal-fond-transparent.png\",\"contentUrl\":\"https:\\\/\\\/telemme.mmsh.fr\\\/wp-content\\\/uploads\\\/2020\\\/03\\\/LogoTELEMMe-horizontal-fond-transparent.png\",\"width\":1500,\"height\":437,\"caption\":\"TELEMMe\"},\"image\":{\"@id\":\"https:\\\/\\\/telemme.mmsh.fr\\\/#\\\/schema\\\/logo\\\/image\\\/\"}},{\"@type\":\"Person\",\"@id\":\"https:\\\/\\\/telemme.mmsh.fr\\\/#\\\/schema\\\/person\\\/c433e5fd025c00718f715ba73f040691\",\"name\":\"Maja Mellet\",\"url\":\"https:\\\/\\\/telemme.mmsh.fr\\\/?author=175\"}]}<\/script>\n<!-- \/ Yoast SEO plugin. -->","yoast_head_json":{"title":"Retrouvez TELEMMe \u00e0 la Nuit europ\u00e9enne des chercheur\u00b7e\u00b7s 2023 : Nos futurs - TELEMMe - Temps, espaces, langages, Europe m\u00e9ridionale, M\u00e9diterran\u00e9e","robots":{"index":"index","follow":"follow","max-snippet":"max-snippet:-1","max-image-preview":"max-image-preview:large","max-video-preview":"max-video-preview:-1"},"canonical":"https:\/\/telemme.mmsh.fr\/?p=13111","og_locale":"fr_FR","og_type":"article","og_title":"Retrouvez TELEMMe \u00e0 la Nuit europ\u00e9enne des chercheur\u00b7e\u00b7s 2023 : Nos futurs - TELEMMe - Temps, espaces, langages, Europe m\u00e9ridionale, M\u00e9diterran\u00e9e","og_description":"Cette ann\u00e9e encore, plus de cent chercheur\u00b7e\u00b7s d\u2019Aix-Marseille Universit\u00e9\u00a0et des partenaires de recherches se mobilisent pour l\u2019\u00e9dition marseillaise de la Nuit europ\u00e9enne des chercheur\u00b7e\u00b7s, \u00e9v\u00e9nement culturel se d\u00e9roulant en simultan\u00e9&hellip;&nbsp;Lire la suite &raquo;Retrouvez TELEMMe \u00e0 la Nuit europ\u00e9enne des chercheur\u00b7e\u00b7s 2023 : Nos futurs","og_url":"https:\/\/telemme.mmsh.fr\/?p=13111","og_site_name":"TELEMMe - Temps, espaces, langages, Europe m\u00e9ridionale, M\u00e9diterran\u00e9e","article_published_time":"2023-09-14T09:05:14+00:00","article_modified_time":"2025-01-28T13:32:07+00:00","og_image":[{"width":2560,"height":1440,"url":"https:\/\/telemme.mmsh.fr\/wp-content\/uploads\/2023\/09\/this-scaled.jpg","type":"image\/jpeg"}],"author":"Maja Mellet","twitter_card":"summary_large_image","twitter_misc":{"\u00c9crit par":"Maja Mellet","Dur\u00e9e de lecture estim\u00e9e":"1 minute"},"schema":{"@context":"https:\/\/schema.org","@graph":[{"@type":"Article","@id":"https:\/\/telemme.mmsh.fr\/?p=13111#article","isPartOf":{"@id":"https:\/\/telemme.mmsh.fr\/?p=13111"},"author":{"name":"Maja Mellet","@id":"https:\/\/telemme.mmsh.fr\/#\/schema\/person\/c433e5fd025c00718f715ba73f040691"},"headline":"Retrouvez TELEMMe \u00e0 la Nuit europ\u00e9enne des chercheur\u00b7e\u00b7s 2023 : Nos futurs","datePublished":"2023-09-14T09:05:14+00:00","dateModified":"2025-01-28T13:32:07+00:00","mainEntityOfPage":{"@id":"https:\/\/telemme.mmsh.fr\/?p=13111"},"wordCount":140,"publisher":{"@id":"https:\/\/telemme.mmsh.fr\/#organization"},"image":{"@id":"https:\/\/telemme.mmsh.fr\/?p=13111#primaryimage"},"thumbnailUrl":"https:\/\/telemme.mmsh.fr\/wp-content\/uploads\/2023\/09\/this-scaled.jpg","articleSection":["Rencontres"],"inLanguage":"fr-FR"},{"@type":"WebPage","@id":"https:\/\/telemme.mmsh.fr\/?p=13111","url":"https:\/\/telemme.mmsh.fr\/?p=13111","name":"Retrouvez TELEMMe \u00e0 la Nuit europ\u00e9enne des chercheur\u00b7e\u00b7s 2023 : Nos futurs - TELEMMe - Temps, espaces, langages, Europe m\u00e9ridionale, M\u00e9diterran\u00e9e","isPartOf":{"@id":"https:\/\/telemme.mmsh.fr\/#website"},"primaryImageOfPage":{"@id":"https:\/\/telemme.mmsh.fr\/?p=13111#primaryimage"},"image":{"@id":"https:\/\/telemme.mmsh.fr\/?p=13111#primaryimage"},"thumbnailUrl":"https:\/\/telemme.mmsh.fr\/wp-content\/uploads\/2023\/09\/this-scaled.jpg","datePublished":"2023-09-14T09:05:14+00:00","dateModified":"2025-01-28T13:32:07+00:00","breadcrumb":{"@id":"https:\/\/telemme.mmsh.fr\/?p=13111#breadcrumb"},"inLanguage":"fr-FR","potentialAction":[{"@type":"ReadAction","target":["https:\/\/telemme.mmsh.fr\/?p=13111"]}]},{"@type":"ImageObject","inLanguage":"fr-FR","@id":"https:\/\/telemme.mmsh.fr\/?p=13111#primaryimage","url":"https:\/\/telemme.mmsh.fr\/wp-content\/uploads\/2023\/09\/this-scaled.jpg","contentUrl":"https:\/\/telemme.mmsh.fr\/wp-content\/uploads\/2023\/09\/this-scaled.jpg","width":2560,"height":1440},{"@type":"BreadcrumbList","@id":"https:\/\/telemme.mmsh.fr\/?p=13111#breadcrumb","itemListElement":[{"@type":"ListItem","position":1,"name":"Accueil","item":"https:\/\/telemme.mmsh.fr\/"},{"@type":"ListItem","position":2,"name":"Actualit\u00e9s","item":"https:\/\/telemme.mmsh.fr\/?cat=1995"},{"@type":"ListItem","position":3,"name":"Rencontres","item":"https:\/\/telemme.mmsh.fr\/?cat=1992"},{"@type":"ListItem","position":4,"name":"Retrouvez TELEMMe \u00e0 la Nuit europ\u00e9enne des chercheur\u00b7e\u00b7s 2023 : Nos futurs"}]},{"@type":"WebSite","@id":"https:\/\/telemme.mmsh.fr\/#website","url":"https:\/\/telemme.mmsh.fr\/","name":"TELEMMe - Temps, espaces, langages, Europe m\u00e9ridionale, M\u00e9diterran\u00e9e","description":"","publisher":{"@id":"https:\/\/telemme.mmsh.fr\/#organization"},"potentialAction":[{"@type":"SearchAction","target":{"@type":"EntryPoint","urlTemplate":"https:\/\/telemme.mmsh.fr\/?s={search_term_string}"},"query-input":{"@type":"PropertyValueSpecification","valueRequired":true,"valueName":"search_term_string"}}],"inLanguage":"fr-FR"},{"@type":"Organization","@id":"https:\/\/telemme.mmsh.fr\/#organization","name":"TELEMMe","url":"https:\/\/telemme.mmsh.fr\/","logo":{"@type":"ImageObject","inLanguage":"fr-FR","@id":"https:\/\/telemme.mmsh.fr\/#\/schema\/logo\/image\/","url":"https:\/\/telemme.mmsh.fr\/wp-content\/uploads\/2020\/03\/LogoTELEMMe-horizontal-fond-transparent.png","contentUrl":"https:\/\/telemme.mmsh.fr\/wp-content\/uploads\/2020\/03\/LogoTELEMMe-horizontal-fond-transparent.png","width":1500,"height":437,"caption":"TELEMMe"},"image":{"@id":"https:\/\/telemme.mmsh.fr\/#\/schema\/logo\/image\/"}},{"@type":"Person","@id":"https:\/\/telemme.mmsh.fr\/#\/schema\/person\/c433e5fd025c00718f715ba73f040691","name":"Maja Mellet","url":"https:\/\/telemme.mmsh.fr\/?author=175"}]}},"_links":{"self":[{"href":"https:\/\/telemme.mmsh.fr\/index.php?rest_route=\/wp\/v2\/posts\/13111","targetHints":{"allow":["GET"]}}],"collection":[{"href":"https:\/\/telemme.mmsh.fr\/index.php?rest_route=\/wp\/v2\/posts"}],"about":[{"href":"https:\/\/telemme.mmsh.fr\/index.php?rest_route=\/wp\/v2\/types\/post"}],"author":[{"embeddable":true,"href":"https:\/\/telemme.mmsh.fr\/index.php?rest_route=\/wp\/v2\/users\/175"}],"replies":[{"embeddable":true,"href":"https:\/\/telemme.mmsh.fr\/index.php?rest_route=%2Fwp%2Fv2%2Fcomments&post=13111"}],"version-history":[{"count":1,"href":"https:\/\/telemme.mmsh.fr\/index.php?rest_route=\/wp\/v2\/posts\/13111\/revisions"}],"predecessor-version":[{"id":13120,"href":"https:\/\/telemme.mmsh.fr\/index.php?rest_route=\/wp\/v2\/posts\/13111\/revisions\/13120"}],"wp:featuredmedia":[{"embeddable":true,"href":"https:\/\/telemme.mmsh.fr\/index.php?rest_route=\/wp\/v2\/media\/13119"}],"wp:attachment":[{"href":"https:\/\/telemme.mmsh.fr\/index.php?rest_route=%2Fwp%2Fv2%2Fmedia&parent=13111"}],"wp:term":[{"taxonomy":"category","embeddable":true,"href":"https:\/\/telemme.mmsh.fr\/index.php?rest_route=%2Fwp%2Fv2%2Fcategories&post=13111"},{"taxonomy":"post_tag","embeddable":true,"href":"https:\/\/telemme.mmsh.fr\/index.php?rest_route=%2Fwp%2Fv2%2Ftags&post=13111"}],"curies":[{"name":"wp","href":"https:\/\/api.w.org\/{rel}","templated":true}]}}