{"id":13051,"date":"2023-09-06T09:57:16","date_gmt":"2023-09-06T07:57:16","guid":{"rendered":"https:\/\/telemme.mmsh.fr\/?p=13051"},"modified":"2025-01-14T18:49:25","modified_gmt":"2025-01-14T17:49:25","slug":"histoire-du-maghreb-depuis-les-independances","status":"publish","type":"post","link":"https:\/\/telemme.mmsh.fr\/?p=13051","title":{"rendered":"Histoire du Maghreb depuis les ind\u00e9pendances"},"content":{"rendered":"\n<blockquote class=\"wp-block-quote is-layout-flow wp-block-quote-is-layout-flow\">\n<p><a href=\"_wp_link_placeholder\" data-wplink-edit=\"true\"><strong><em>Histoire du Maghreb depuis les ind\u00e9pendances. \u00c9tats, soci\u00e9t\u00e9s, cultures<\/em><\/strong><\/a>, <a href=\"https:\/\/telemme.mmsh.fr\/?membres=karima-direche\"><span class=\"intervenant\">Karima Dir\u00e8che<\/span><\/a><span class=\"separator\">, <\/span><span class=\"intervenant\">Aurelia Dusserre<\/span><span class=\"separator\">, <\/span><span class=\"intervenant\">Nessim Znaien, \u00e9ditions Dunod, 2023, 432 pages<br><\/span><\/p>\n<\/blockquote>\n\n\n\n<p>Le Maghreb a connu ces soixante derni\u00e8res ann\u00e9es des \u00e9v\u00e9nements majeurs qui ont boulevers\u00e9 en profondeur ses structures, ses cadres institutionnels et ses soci\u00e9t\u00e9s. C\u2019est plus d\u2019un demi-si\u00e8cle d\u2019histoire qui est ici pr\u00e9sent\u00e9, depuis les ind\u00e9pendances jusqu\u2019\u00e0 la p\u00e9riode qui suit les Printemps arabes, proposant un panorama politique, culturel, \u00e9conomique et soci\u00e9tal, afin de mettre en lumi\u00e8re les permanences, les \u00e9volutions et les r\u00e9volutions qui ont marqu\u00e9 le Maghreb des derni\u00e8res d\u00e9cennies.<br>Les auteurs ont fait le pari d\u2019une approche in\u00e9dite, globale et transversale aux trois pays du Maghreb central (Alg\u00e9rie, Maroc, Tunisie) pour mieux comprendre leur histoire r\u00e9cente et leur actualit\u00e9 imm\u00e9diate. Ils donnent ainsi \u00e0 voir des soci\u00e9t\u00e9s complexes et dynamiques, entre h\u00e9ritages et d\u00e9fis sans cesse renouvel\u00e9s : mont\u00e9e en puissance de la soci\u00e9t\u00e9 civile, extr\u00e9misme religieux, captation des ressources \u00e9conomiques, r\u00e9flexion sur le principe de d\u00e9mocratie, place des femmes, crise migratoire\u2026 Autant de questions<br>ici pr\u00e9sent\u00e9es, analys\u00e9es et discut\u00e9es gr\u00e2ce \u00e0 l\u2019apport de travaux r\u00e9cents de sp\u00e9cialistes des sciences sociales, afin d\u2019offrir des cl\u00e9s de lecture pertinentes d\u2019un espace g\u00e9ographique et de son histoire r\u00e9cente. Ce premier ouvrage de synth\u00e8se sur l\u2019histoire maghr\u00e9bine depuis les ind\u00e9pendances participe ainsi \u00e0 la compr\u00e9hension des forces motrices et des dynamiques des \u00c9tats et des soci\u00e9t\u00e9s communes \u00e0 ces trois pays.<\/p>\n\n\n\n<h3 class=\"wp-block-heading\">Sommaire<\/h3>\n\n\n\n<p><strong>Introduction.<\/strong><\/p>\n\n\n\n<p>La construction des \u00c9tats maghr\u00e9bins, 1950-1960. Le temps des ind\u00e9pendances &#8211; L&rsquo;entr\u00e9e du Maghreb sur la sc\u00e8ne internationale &#8211; Les soci\u00e9t\u00e9s maghr\u00e9bines au lendemain des ind\u00e9pendances &#8211; Entre nationalisme et panarabisme.<\/p>\n\n\n\n<p><strong>Le temps des nations et des leaders, 1970-1980. <\/strong>\u00c9tats autoritaires et personnalisation des pouvoirs : Bourguiba, Hassan II et Boumediene &#8211; S&rsquo;opposer en contexte autoritaire &#8211; L&rsquo;affirmation des nationalismes sur la sc\u00e8ne internationale.<\/p>\n\n\n\n<p><strong>Entre r\u00e9formes et autoritarisme, 1980-2010.<\/strong> Crise des \u00e9conomies maghr\u00e9bines et transformations structurelles &#8211; Des soci\u00e9t\u00e9s en mutation &#8211; Des soci\u00e9t\u00e9s qui s&rsquo;islamisent &#8211; Des soci\u00e9t\u00e9s qui contestent &#8211; La d\u00e9cennie noir alg\u00e9rienne.<\/p>\n\n\n\n<p><strong>Le Maghreb apr\u00e8s 2011.<\/strong> Le Maghreb dans les Printemps arabes &#8211; Des soci\u00e9t\u00e9s en mouvement &#8211; Culture et d\u00e9bats post-r\u00e9volutionnaires &#8211; Les nouvelles donnes internationales apr\u00e8s 2011 : une mondialisation tous azimuts &#8211; Le Hirak alg\u00e9rien. Le refus du cinqui\u00e8me mandat.<\/p>\n\n\n\n<p><strong>\u00c9pilogue.<\/strong> Du Maghreb des peuples au Maghreb des Maghr\u00e9bins ?<\/p>\n","protected":false},"excerpt":{"rendered":"<p>Le Maghreb a connu ces soixante derni\u00e8res ann\u00e9es des \u00e9v\u00e9nements majeurs qui ont boulevers\u00e9 en profondeur ses structures, ses cadres institutionnels et ses soci\u00e9t\u00e9s. C\u2019est plus d\u2019un demi-si\u00e8cle d\u2019histoire qui est ici pr\u00e9sent\u00e9, depuis les ind\u00e9pendances jusqu\u2019\u00e0 la p\u00e9riode qui suit les Printemps arabes, proposant un panorama politique, culturel, \u00e9conomique et soci\u00e9tal, afin de mettre en lumi\u00e8re les permanences, les \u00e9volutions et les r\u00e9volutions qui ont marqu\u00e9 le Maghreb des derni\u00e8res d\u00e9cennies.<\/p>\n","protected":false},"author":175,"featured_media":13052,"comment_status":"closed","ping_status":"closed","sticky":false,"template":"","format":"standard","meta":{"neve_meta_sidebar":"","neve_meta_container":"","neve_meta_enable_content_width":"off","neve_meta_content_width":70,"neve_meta_title_alignment":"","neve_meta_author_avatar":"","neve_post_elements_order":"","neve_meta_disable_header":"","neve_meta_disable_footer":"","neve_meta_disable_title":"","_tribe_events_control_status":"","_tribe_events_control_status_canceled_reason":"","_tribe_events_control_status_postponed_reason":"","_tribe_events_control_online":"","_tribe_events_control_online_url":"","footnotes":""},"categories":[1740],"tags":[],"class_list":["post-13051","post","type-post","status-publish","format-standard","has-post-thumbnail","hentry","category-ouvrages"],"yoast_head":"<!-- This site is optimized with the Yoast SEO plugin v27.4 - https:\/\/yoast.com\/product\/yoast-seo-wordpress\/ -->\n<title>Histoire du Maghreb depuis les ind\u00e9pendances - TELEMMe - Temps, espaces, langages, Europe m\u00e9ridionale, M\u00e9diterran\u00e9e<\/title>\n<meta name=\"description\" content=\"Le Maghreb a connu ces soixante derni\u00e8res ann\u00e9es des \u00e9v\u00e9nements majeurs qui ont boulevers\u00e9 en profondeur ses structures, ses cadres institutionnels et ses soci\u00e9t\u00e9s. C\u2019est plus d\u2019un demi-si\u00e8cle d\u2019histoire qui est ici pr\u00e9sent\u00e9, depuis les ind\u00e9pendances jusqu\u2019\u00e0 la p\u00e9riode qui suit les Printemps arabes, proposant un panorama politique, culturel, \u00e9conomique et soci\u00e9tal, afin de mettre en lumi\u00e8re les permanences, les \u00e9volutions et les r\u00e9volutions qui ont marqu\u00e9 le Maghreb des derni\u00e8res d\u00e9cennies.\" \/>\n<meta name=\"robots\" content=\"index, follow, max-snippet:-1, max-image-preview:large, max-video-preview:-1\" \/>\n<link rel=\"canonical\" href=\"https:\/\/telemme.mmsh.fr\/?p=13051\" \/>\n<meta property=\"og:locale\" content=\"fr_FR\" \/>\n<meta property=\"og:type\" content=\"article\" \/>\n<meta property=\"og:title\" content=\"Histoire du Maghreb depuis les ind\u00e9pendances - TELEMMe - Temps, espaces, langages, Europe m\u00e9ridionale, M\u00e9diterran\u00e9e\" \/>\n<meta property=\"og:description\" content=\"Le Maghreb a connu ces soixante derni\u00e8res ann\u00e9es des \u00e9v\u00e9nements majeurs qui ont boulevers\u00e9 en profondeur ses structures, ses cadres institutionnels et ses soci\u00e9t\u00e9s. C\u2019est plus d\u2019un demi-si\u00e8cle d\u2019histoire qui est ici pr\u00e9sent\u00e9, depuis les ind\u00e9pendances jusqu\u2019\u00e0 la p\u00e9riode qui suit les Printemps arabes, proposant un panorama politique, culturel, \u00e9conomique et soci\u00e9tal, afin de mettre en lumi\u00e8re les permanences, les \u00e9volutions et les r\u00e9volutions qui ont marqu\u00e9 le Maghreb des derni\u00e8res d\u00e9cennies.\" \/>\n<meta property=\"og:url\" content=\"https:\/\/telemme.mmsh.fr\/?p=13051\" \/>\n<meta property=\"og:site_name\" content=\"TELEMMe - Temps, espaces, langages, Europe m\u00e9ridionale, M\u00e9diterran\u00e9e\" \/>\n<meta property=\"article:published_time\" content=\"2023-09-06T07:57:16+00:00\" \/>\n<meta property=\"article:modified_time\" content=\"2025-01-14T17:49:25+00:00\" \/>\n<meta property=\"og:image\" content=\"https:\/\/telemme.mmsh.fr\/wp-content\/uploads\/2023\/09\/ouvrage.png\" \/>\n\t<meta property=\"og:image:width\" content=\"360\" \/>\n\t<meta property=\"og:image:height\" content=\"508\" \/>\n\t<meta property=\"og:image:type\" content=\"image\/png\" \/>\n<meta name=\"author\" content=\"Maja Mellet\" \/>\n<meta name=\"twitter:card\" content=\"summary_large_image\" \/>\n<meta name=\"twitter:label1\" content=\"\u00c9crit par\" \/>\n\t<meta name=\"twitter:data1\" content=\"Maja Mellet\" \/>\n\t<meta name=\"twitter:label2\" content=\"Dur\u00e9e de lecture estim\u00e9e\" \/>\n\t<meta name=\"twitter:data2\" content=\"2 minutes\" \/>\n<script type=\"application\/ld+json\" class=\"yoast-schema-graph\">{\"@context\":\"https:\\\/\\\/schema.org\",\"@graph\":[{\"@type\":\"Article\",\"@id\":\"https:\\\/\\\/telemme.mmsh.fr\\\/?p=13051#article\",\"isPartOf\":{\"@id\":\"https:\\\/\\\/telemme.mmsh.fr\\\/?p=13051\"},\"author\":{\"name\":\"Maja Mellet\",\"@id\":\"https:\\\/\\\/telemme.mmsh.fr\\\/#\\\/schema\\\/person\\\/c433e5fd025c00718f715ba73f040691\"},\"headline\":\"Histoire du Maghreb depuis les ind\u00e9pendances\",\"datePublished\":\"2023-09-06T07:57:16+00:00\",\"dateModified\":\"2025-01-14T17:49:25+00:00\",\"mainEntityOfPage\":{\"@id\":\"https:\\\/\\\/telemme.mmsh.fr\\\/?p=13051\"},\"wordCount\":462,\"publisher\":{\"@id\":\"https:\\\/\\\/telemme.mmsh.fr\\\/#organization\"},\"image\":{\"@id\":\"https:\\\/\\\/telemme.mmsh.fr\\\/?p=13051#primaryimage\"},\"thumbnailUrl\":\"https:\\\/\\\/telemme.mmsh.fr\\\/wp-content\\\/uploads\\\/2023\\\/09\\\/ouvrage.png\",\"articleSection\":[\"Ouvrages\"],\"inLanguage\":\"fr-FR\"},{\"@type\":\"WebPage\",\"@id\":\"https:\\\/\\\/telemme.mmsh.fr\\\/?p=13051\",\"url\":\"https:\\\/\\\/telemme.mmsh.fr\\\/?p=13051\",\"name\":\"Histoire du Maghreb depuis les ind\u00e9pendances - TELEMMe - Temps, espaces, langages, Europe m\u00e9ridionale, M\u00e9diterran\u00e9e\",\"isPartOf\":{\"@id\":\"https:\\\/\\\/telemme.mmsh.fr\\\/#website\"},\"primaryImageOfPage\":{\"@id\":\"https:\\\/\\\/telemme.mmsh.fr\\\/?p=13051#primaryimage\"},\"image\":{\"@id\":\"https:\\\/\\\/telemme.mmsh.fr\\\/?p=13051#primaryimage\"},\"thumbnailUrl\":\"https:\\\/\\\/telemme.mmsh.fr\\\/wp-content\\\/uploads\\\/2023\\\/09\\\/ouvrage.png\",\"datePublished\":\"2023-09-06T07:57:16+00:00\",\"dateModified\":\"2025-01-14T17:49:25+00:00\",\"description\":\"Le Maghreb a connu ces soixante derni\u00e8res ann\u00e9es des \u00e9v\u00e9nements majeurs qui ont boulevers\u00e9 en profondeur ses structures, ses cadres institutionnels et ses soci\u00e9t\u00e9s. C\u2019est plus d\u2019un demi-si\u00e8cle d\u2019histoire qui est ici pr\u00e9sent\u00e9, depuis les ind\u00e9pendances jusqu\u2019\u00e0 la p\u00e9riode qui suit les Printemps arabes, proposant un panorama politique, culturel, \u00e9conomique et soci\u00e9tal, afin de mettre en lumi\u00e8re les permanences, les \u00e9volutions et les r\u00e9volutions qui ont marqu\u00e9 le Maghreb des derni\u00e8res d\u00e9cennies.\",\"breadcrumb\":{\"@id\":\"https:\\\/\\\/telemme.mmsh.fr\\\/?p=13051#breadcrumb\"},\"inLanguage\":\"fr-FR\",\"potentialAction\":[{\"@type\":\"ReadAction\",\"target\":[\"https:\\\/\\\/telemme.mmsh.fr\\\/?p=13051\"]}]},{\"@type\":\"ImageObject\",\"inLanguage\":\"fr-FR\",\"@id\":\"https:\\\/\\\/telemme.mmsh.fr\\\/?p=13051#primaryimage\",\"url\":\"https:\\\/\\\/telemme.mmsh.fr\\\/wp-content\\\/uploads\\\/2023\\\/09\\\/ouvrage.png\",\"contentUrl\":\"https:\\\/\\\/telemme.mmsh.fr\\\/wp-content\\\/uploads\\\/2023\\\/09\\\/ouvrage.png\",\"width\":360,\"height\":508,\"caption\":\"Je d\u00e9couvre un extrait du livre Histoire du Maghreb depuis les ind\u00e9pendances\"},{\"@type\":\"BreadcrumbList\",\"@id\":\"https:\\\/\\\/telemme.mmsh.fr\\\/?p=13051#breadcrumb\",\"itemListElement\":[{\"@type\":\"ListItem\",\"position\":1,\"name\":\"Accueil\",\"item\":\"https:\\\/\\\/telemme.mmsh.fr\\\/\"},{\"@type\":\"ListItem\",\"position\":2,\"name\":\"Publications\",\"item\":\"https:\\\/\\\/telemme.mmsh.fr\\\/?cat=1738\"},{\"@type\":\"ListItem\",\"position\":3,\"name\":\"Ouvrages\",\"item\":\"https:\\\/\\\/telemme.mmsh.fr\\\/?cat=1740\"},{\"@type\":\"ListItem\",\"position\":4,\"name\":\"Histoire du Maghreb depuis les ind\u00e9pendances\"}]},{\"@type\":\"WebSite\",\"@id\":\"https:\\\/\\\/telemme.mmsh.fr\\\/#website\",\"url\":\"https:\\\/\\\/telemme.mmsh.fr\\\/\",\"name\":\"TELEMMe - Temps, espaces, langages, Europe m\u00e9ridionale, M\u00e9diterran\u00e9e\",\"description\":\"\",\"publisher\":{\"@id\":\"https:\\\/\\\/telemme.mmsh.fr\\\/#organization\"},\"potentialAction\":[{\"@type\":\"SearchAction\",\"target\":{\"@type\":\"EntryPoint\",\"urlTemplate\":\"https:\\\/\\\/telemme.mmsh.fr\\\/?s={search_term_string}\"},\"query-input\":{\"@type\":\"PropertyValueSpecification\",\"valueRequired\":true,\"valueName\":\"search_term_string\"}}],\"inLanguage\":\"fr-FR\"},{\"@type\":\"Organization\",\"@id\":\"https:\\\/\\\/telemme.mmsh.fr\\\/#organization\",\"name\":\"TELEMMe\",\"url\":\"https:\\\/\\\/telemme.mmsh.fr\\\/\",\"logo\":{\"@type\":\"ImageObject\",\"inLanguage\":\"fr-FR\",\"@id\":\"https:\\\/\\\/telemme.mmsh.fr\\\/#\\\/schema\\\/logo\\\/image\\\/\",\"url\":\"https:\\\/\\\/telemme.mmsh.fr\\\/wp-content\\\/uploads\\\/2020\\\/03\\\/LogoTELEMMe-horizontal-fond-transparent.png\",\"contentUrl\":\"https:\\\/\\\/telemme.mmsh.fr\\\/wp-content\\\/uploads\\\/2020\\\/03\\\/LogoTELEMMe-horizontal-fond-transparent.png\",\"width\":1500,\"height\":437,\"caption\":\"TELEMMe\"},\"image\":{\"@id\":\"https:\\\/\\\/telemme.mmsh.fr\\\/#\\\/schema\\\/logo\\\/image\\\/\"}},{\"@type\":\"Person\",\"@id\":\"https:\\\/\\\/telemme.mmsh.fr\\\/#\\\/schema\\\/person\\\/c433e5fd025c00718f715ba73f040691\",\"name\":\"Maja Mellet\",\"url\":\"https:\\\/\\\/telemme.mmsh.fr\\\/?author=175\"}]}<\/script>\n<!-- \/ Yoast SEO plugin. -->","yoast_head_json":{"title":"Histoire du Maghreb depuis les ind\u00e9pendances - TELEMMe - Temps, espaces, langages, Europe m\u00e9ridionale, M\u00e9diterran\u00e9e","description":"Le Maghreb a connu ces soixante derni\u00e8res ann\u00e9es des \u00e9v\u00e9nements majeurs qui ont boulevers\u00e9 en profondeur ses structures, ses cadres institutionnels et ses soci\u00e9t\u00e9s. C\u2019est plus d\u2019un demi-si\u00e8cle d\u2019histoire qui est ici pr\u00e9sent\u00e9, depuis les ind\u00e9pendances jusqu\u2019\u00e0 la p\u00e9riode qui suit les Printemps arabes, proposant un panorama politique, culturel, \u00e9conomique et soci\u00e9tal, afin de mettre en lumi\u00e8re les permanences, les \u00e9volutions et les r\u00e9volutions qui ont marqu\u00e9 le Maghreb des derni\u00e8res d\u00e9cennies.","robots":{"index":"index","follow":"follow","max-snippet":"max-snippet:-1","max-image-preview":"max-image-preview:large","max-video-preview":"max-video-preview:-1"},"canonical":"https:\/\/telemme.mmsh.fr\/?p=13051","og_locale":"fr_FR","og_type":"article","og_title":"Histoire du Maghreb depuis les ind\u00e9pendances - TELEMMe - Temps, espaces, langages, Europe m\u00e9ridionale, M\u00e9diterran\u00e9e","og_description":"Le Maghreb a connu ces soixante derni\u00e8res ann\u00e9es des \u00e9v\u00e9nements majeurs qui ont boulevers\u00e9 en profondeur ses structures, ses cadres institutionnels et ses soci\u00e9t\u00e9s. C\u2019est plus d\u2019un demi-si\u00e8cle d\u2019histoire qui est ici pr\u00e9sent\u00e9, depuis les ind\u00e9pendances jusqu\u2019\u00e0 la p\u00e9riode qui suit les Printemps arabes, proposant un panorama politique, culturel, \u00e9conomique et soci\u00e9tal, afin de mettre en lumi\u00e8re les permanences, les \u00e9volutions et les r\u00e9volutions qui ont marqu\u00e9 le Maghreb des derni\u00e8res d\u00e9cennies.","og_url":"https:\/\/telemme.mmsh.fr\/?p=13051","og_site_name":"TELEMMe - Temps, espaces, langages, Europe m\u00e9ridionale, M\u00e9diterran\u00e9e","article_published_time":"2023-09-06T07:57:16+00:00","article_modified_time":"2025-01-14T17:49:25+00:00","og_image":[{"width":360,"height":508,"url":"https:\/\/telemme.mmsh.fr\/wp-content\/uploads\/2023\/09\/ouvrage.png","type":"image\/png"}],"author":"Maja Mellet","twitter_card":"summary_large_image","twitter_misc":{"\u00c9crit par":"Maja Mellet","Dur\u00e9e de lecture estim\u00e9e":"2 minutes"},"schema":{"@context":"https:\/\/schema.org","@graph":[{"@type":"Article","@id":"https:\/\/telemme.mmsh.fr\/?p=13051#article","isPartOf":{"@id":"https:\/\/telemme.mmsh.fr\/?p=13051"},"author":{"name":"Maja Mellet","@id":"https:\/\/telemme.mmsh.fr\/#\/schema\/person\/c433e5fd025c00718f715ba73f040691"},"headline":"Histoire du Maghreb depuis les ind\u00e9pendances","datePublished":"2023-09-06T07:57:16+00:00","dateModified":"2025-01-14T17:49:25+00:00","mainEntityOfPage":{"@id":"https:\/\/telemme.mmsh.fr\/?p=13051"},"wordCount":462,"publisher":{"@id":"https:\/\/telemme.mmsh.fr\/#organization"},"image":{"@id":"https:\/\/telemme.mmsh.fr\/?p=13051#primaryimage"},"thumbnailUrl":"https:\/\/telemme.mmsh.fr\/wp-content\/uploads\/2023\/09\/ouvrage.png","articleSection":["Ouvrages"],"inLanguage":"fr-FR"},{"@type":"WebPage","@id":"https:\/\/telemme.mmsh.fr\/?p=13051","url":"https:\/\/telemme.mmsh.fr\/?p=13051","name":"Histoire du Maghreb depuis les ind\u00e9pendances - TELEMMe - Temps, espaces, langages, Europe m\u00e9ridionale, M\u00e9diterran\u00e9e","isPartOf":{"@id":"https:\/\/telemme.mmsh.fr\/#website"},"primaryImageOfPage":{"@id":"https:\/\/telemme.mmsh.fr\/?p=13051#primaryimage"},"image":{"@id":"https:\/\/telemme.mmsh.fr\/?p=13051#primaryimage"},"thumbnailUrl":"https:\/\/telemme.mmsh.fr\/wp-content\/uploads\/2023\/09\/ouvrage.png","datePublished":"2023-09-06T07:57:16+00:00","dateModified":"2025-01-14T17:49:25+00:00","description":"Le Maghreb a connu ces soixante derni\u00e8res ann\u00e9es des \u00e9v\u00e9nements majeurs qui ont boulevers\u00e9 en profondeur ses structures, ses cadres institutionnels et ses soci\u00e9t\u00e9s. C\u2019est plus d\u2019un demi-si\u00e8cle d\u2019histoire qui est ici pr\u00e9sent\u00e9, depuis les ind\u00e9pendances jusqu\u2019\u00e0 la p\u00e9riode qui suit les Printemps arabes, proposant un panorama politique, culturel, \u00e9conomique et soci\u00e9tal, afin de mettre en lumi\u00e8re les permanences, les \u00e9volutions et les r\u00e9volutions qui ont marqu\u00e9 le Maghreb des derni\u00e8res d\u00e9cennies.","breadcrumb":{"@id":"https:\/\/telemme.mmsh.fr\/?p=13051#breadcrumb"},"inLanguage":"fr-FR","potentialAction":[{"@type":"ReadAction","target":["https:\/\/telemme.mmsh.fr\/?p=13051"]}]},{"@type":"ImageObject","inLanguage":"fr-FR","@id":"https:\/\/telemme.mmsh.fr\/?p=13051#primaryimage","url":"https:\/\/telemme.mmsh.fr\/wp-content\/uploads\/2023\/09\/ouvrage.png","contentUrl":"https:\/\/telemme.mmsh.fr\/wp-content\/uploads\/2023\/09\/ouvrage.png","width":360,"height":508,"caption":"Je d\u00e9couvre un extrait du livre Histoire du Maghreb depuis les ind\u00e9pendances"},{"@type":"BreadcrumbList","@id":"https:\/\/telemme.mmsh.fr\/?p=13051#breadcrumb","itemListElement":[{"@type":"ListItem","position":1,"name":"Accueil","item":"https:\/\/telemme.mmsh.fr\/"},{"@type":"ListItem","position":2,"name":"Publications","item":"https:\/\/telemme.mmsh.fr\/?cat=1738"},{"@type":"ListItem","position":3,"name":"Ouvrages","item":"https:\/\/telemme.mmsh.fr\/?cat=1740"},{"@type":"ListItem","position":4,"name":"Histoire du Maghreb depuis les ind\u00e9pendances"}]},{"@type":"WebSite","@id":"https:\/\/telemme.mmsh.fr\/#website","url":"https:\/\/telemme.mmsh.fr\/","name":"TELEMMe - Temps, espaces, langages, Europe m\u00e9ridionale, M\u00e9diterran\u00e9e","description":"","publisher":{"@id":"https:\/\/telemme.mmsh.fr\/#organization"},"potentialAction":[{"@type":"SearchAction","target":{"@type":"EntryPoint","urlTemplate":"https:\/\/telemme.mmsh.fr\/?s={search_term_string}"},"query-input":{"@type":"PropertyValueSpecification","valueRequired":true,"valueName":"search_term_string"}}],"inLanguage":"fr-FR"},{"@type":"Organization","@id":"https:\/\/telemme.mmsh.fr\/#organization","name":"TELEMMe","url":"https:\/\/telemme.mmsh.fr\/","logo":{"@type":"ImageObject","inLanguage":"fr-FR","@id":"https:\/\/telemme.mmsh.fr\/#\/schema\/logo\/image\/","url":"https:\/\/telemme.mmsh.fr\/wp-content\/uploads\/2020\/03\/LogoTELEMMe-horizontal-fond-transparent.png","contentUrl":"https:\/\/telemme.mmsh.fr\/wp-content\/uploads\/2020\/03\/LogoTELEMMe-horizontal-fond-transparent.png","width":1500,"height":437,"caption":"TELEMMe"},"image":{"@id":"https:\/\/telemme.mmsh.fr\/#\/schema\/logo\/image\/"}},{"@type":"Person","@id":"https:\/\/telemme.mmsh.fr\/#\/schema\/person\/c433e5fd025c00718f715ba73f040691","name":"Maja Mellet","url":"https:\/\/telemme.mmsh.fr\/?author=175"}]}},"_links":{"self":[{"href":"https:\/\/telemme.mmsh.fr\/index.php?rest_route=\/wp\/v2\/posts\/13051","targetHints":{"allow":["GET"]}}],"collection":[{"href":"https:\/\/telemme.mmsh.fr\/index.php?rest_route=\/wp\/v2\/posts"}],"about":[{"href":"https:\/\/telemme.mmsh.fr\/index.php?rest_route=\/wp\/v2\/types\/post"}],"author":[{"embeddable":true,"href":"https:\/\/telemme.mmsh.fr\/index.php?rest_route=\/wp\/v2\/users\/175"}],"replies":[{"embeddable":true,"href":"https:\/\/telemme.mmsh.fr\/index.php?rest_route=%2Fwp%2Fv2%2Fcomments&post=13051"}],"version-history":[{"count":3,"href":"https:\/\/telemme.mmsh.fr\/index.php?rest_route=\/wp\/v2\/posts\/13051\/revisions"}],"predecessor-version":[{"id":14949,"href":"https:\/\/telemme.mmsh.fr\/index.php?rest_route=\/wp\/v2\/posts\/13051\/revisions\/14949"}],"wp:featuredmedia":[{"embeddable":true,"href":"https:\/\/telemme.mmsh.fr\/index.php?rest_route=\/wp\/v2\/media\/13052"}],"wp:attachment":[{"href":"https:\/\/telemme.mmsh.fr\/index.php?rest_route=%2Fwp%2Fv2%2Fmedia&parent=13051"}],"wp:term":[{"taxonomy":"category","embeddable":true,"href":"https:\/\/telemme.mmsh.fr\/index.php?rest_route=%2Fwp%2Fv2%2Fcategories&post=13051"},{"taxonomy":"post_tag","embeddable":true,"href":"https:\/\/telemme.mmsh.fr\/index.php?rest_route=%2Fwp%2Fv2%2Ftags&post=13051"}],"curies":[{"name":"wp","href":"https:\/\/api.w.org\/{rel}","templated":true}]}}