{"id":13040,"date":"2023-09-05T10:18:50","date_gmt":"2023-09-05T08:18:50","guid":{"rendered":"https:\/\/telemme.mmsh.fr\/?p=13040"},"modified":"2025-01-28T14:31:41","modified_gmt":"2025-01-28T13:31:41","slug":"se-nourrir-en-mediterranee-4e-edition-du-festival-jeu-de-loie","status":"publish","type":"post","link":"https:\/\/telemme.mmsh.fr\/?p=13040","title":{"rendered":"Se nourrir en M\u00e9diterran\u00e9e. 4e \u00e9dition du\u00a0Festival Jeu de l\u2019Oie"},"content":{"rendered":"<h2><strong>Du vendredi 15 au samedi 16 septembre 2023<\/strong><\/h2>\n<h2>MUCEM\u00a0 et La Cri\u00e9e, Marseille<\/h2>\n<p>Le Festival Jeu de l\u2019Oie vous invite pour sa 4e\u00a0\u00e9dition \u00e0 \u00ab <strong><a href=\"https:\/\/festivaljeudeloie2023.univ-amu.fr\/\">Se nourrir en M\u00e9diterran\u00e9e<\/a> <\/strong>\u00bb, une occasion id\u00e9ale pour se r\u00e9unir autour de la table et questionner notre alimentation et ses enjeux. Un festival con\u00e7u par la <a href=\"https:\/\/mission-interdisciplinarite.univ-amu.fr\">Mission Interdisciplinarit\u00e9(s) d&rsquo;Aix-Marseille Universit\u00e9<\/a>.<\/p>\n\n\n<hr class=\"wp-block-separator has-alpha-channel-opacity\"\/>\n\n\n\n<p>Manger est un acte complexe. L\u2019alimentation est certes une fonction biologique vitale mais la nourriture est aussi une affaire de convivialit\u00e9, de plaisir, d\u2019\u00e9ducation et de culture, une fa\u00e7on de nous relier au monde et \u00e0 notre environnement, une fa\u00e7on parfois aussi de nous s\u00e9parer.<\/p>\n\n\n\n<p>En M\u00e9diterran\u00e9e, \u00ab le r\u00e9gime cr\u00e9tois \u00bb, inscrit au patrimoine culturel immat\u00e9riel de l\u2019humanit\u00e9 en novembre 2013 par l\u2019Unesco et pr\u00e9sent\u00e9 comme un mod\u00e8le nutritionnel pro- posait avant tout un style de vie et une diversit\u00e9 culturelle. De ses origines lointaines, \u00e0 ses h\u00e9ritages contemporains, qu\u2019en est-il aujourd\u2019hui ? Car la M\u00e9diterran\u00e9e, laboratoire de tous les changements, pose d\u00e9j\u00e0 au pr\u00e9sent les questions de demain. Avec toujours plus de bouches \u00e0 nourrir, comment r\u00e9pondre \u00e0 ce d\u00e9fi tout en respectant notre plan\u00e8te? De nos jours, la question n\u2019est plus uniquement celle de quantit\u00e9s mais tout un syst\u00e8me qu\u2019il faut interroger : de l\u2019adaptation aux changements climatiques jusqu\u2019\u00e0 la s\u00e9curit\u00e9 alimentaire qui n\u2019est plus assur\u00e9e dans certains pays aux populations souffrant de la faim. \u00c0 ce titre, les in\u00e9galit\u00e9s face \u00e0 l\u2019alimentation nous touchent aussi de pr\u00e8s&#8230; Traversant tous les enjeux, ce th\u00e8me permet de croiser les disciplines et les approches. Notre sensibilit\u00e9 y tient \u00e9galement une grande place. Chacun garde en lui des souvenirs culinaires, des go\u00fbts particuliers, une m\u00e9moire de ces moments rares.<\/p>\n\n\n\n<hr class=\"wp-block-separator has-alpha-channel-opacity\"\/>\n\n\n\n<h2 class=\"wp-block-heading\">Vendredi, 1<strong>5 septembre<\/strong> :<\/h2>\n\n\n\n<p><strong>8h30<\/strong> <strong>Accueil Caf\u00e9 <\/strong><\/p>\n\n\n\n<p><strong>9h30<\/strong> <strong>Mot d\u2019accueil <\/strong>\u2013 Auditorium<\/p>\n\n\n\n<p><strong>Pr\u00e9sentation du Festival <\/strong>\u2013 Auditorium<\/p>\n\n\n\n<p><a href=\"https:\/\/telemme.mmsh.fr\/?membres=maryline-crivello\"><strong>Maryline Crivello<\/strong><\/a> \u2013 Vice-pr\u00e9sidente d\u2019Aix-Marseille Universit\u00e9, conceptrice du Festival Jeu de l\u2019Oie, coordinatrice de la Mission Interdisciplinarit\u00e9(s)<\/p>\n\n\n\n<p><strong>10h00<\/strong> <strong>Mise en bouche ! <\/strong>\u2192 Conf\u00e9rence \u2013 Auditorium<\/p>\n\n\n\n<p><strong>10h30<\/strong> <strong>Se nourrir en M\u00e9diterran\u00e9e, h\u00e9ritages partag\u00e9s, h\u00e9ritages contest\u00e9s? <\/strong>\u2192 Table-ronde \u2013 Auditorium<\/p>\n\n\n\n<p>Variations autour de la di\u00e8te m\u00e9diterran\u00e9enne ou\/et du \u00ab r\u00e9gime cr\u00e9tois \u00bb, des interdits alimentaires et des alimentations en M\u00e9diterran\u00e9e sur le temps long de l\u2019histoire. D\u00e9couvertes des produits d\u2019ailleurs, de l\u2019art de cuisiner et de partager des repas, des voyages du bl\u00e9 et du couscous. Explorations des enjeux alimentaires les plus contemporains qui touchent aussi bien \u00e0 la sant\u00e9 publique qu\u2019aux d\u00e9fis climatiques.<\/p>\n\n\n\n<p><strong>12h00 D\u00e9claration commune <\/strong><\/p>\n\n\n\n<p><em>\u00ab Transmettre \u00e0 la jeunesse \u00bb<\/em><strong> <\/strong>\u2013 Auditorium<\/p>\n\n\n\n<p><strong>12h30 Grand pique-nique de la M\u00e9diterran\u00e9e<\/strong><\/p>\n\n\n\n<p>D\u00e9gustation \u2013 Jardin du Mucem \/ Place d\u2019Armes<\/p>\n\n\n\n<p>Cuisin\u00e9 par <em>Les grandes Tables <\/em>et offert par le Festival aux \u00e9tudiantes et aux \u00e9tudiants, et aux participants de la matin\u00e9e (tickets donn\u00e9s \u00e0 la sortie de l&rsquo;Auditorium)<\/p>\n\n\n\n<p><strong>13h30 Caf\u00e9 <\/strong><\/p>\n\n\n\n<p>D\u00e9gustation \u2013 Forum<\/p>\n\n\n\n<p><strong>14h00 Se nourrir demain en M\u00e9diterran\u00e9e ?<\/strong><\/p>\n\n\n\n<p>Table-ronde \u2013 Auditorium<\/p>\n\n\n\n<p><strong>15h30 Le march\u00e9 des savoirs et des saveurs<\/strong><\/p>\n\n\n\n<p>D\u00e9gustation &#8211; Atelier -Conf\u00e9rence &#8211; Projection \u2013 Forum<\/p>\n\n\n\n<h6 class=\"wp-block-heading\"><strong>JEUX<\/strong><\/h6>\n\n\n\n<p>15h45 \u2013 16h45 <strong>| <em>Quelle tambouille !<\/em><\/strong><\/p>\n\n\n\n<ul class=\"wp-block-list\">\n<li><strong><a href=\"https:\/\/telemme.mmsh.fr\/?membres=camille-caparos\">Camille Caparos<\/a> \u2013 Doctorante (TELEMMe)<\/strong><\/li>\n\n\n\n<li>Roxanne Cesarini \u2013 Doctorante en arch\u00e9ologie (LA3M)<\/li>\n\n\n\n<li><strong><a href=\"https:\/\/telemme.mmsh.fr\/?membres=romain-facchini\">Romain Facchini<\/a> \u2013 Doctorant (TELEMMe)<\/strong><\/li>\n<\/ul>\n\n\n\n<p>Avec l&rsquo;aide de la cellule de culture scientifique (Direction de la recherche et de la valorisation).<\/p>\n\n\n\n<p>Le but du jeu est d\u2019aider un personnage historique dans sa qu\u00eate alimentaire, \u00e0 travers les pratiques culinaires et les habitudes alimentaires des enfants, des femmes et des hommes ayant v\u00e9cu au Moyen \u00c2ge ou \u00e0 l\u2019\u00e9poque moderne en Provence.<\/p>\n\n\n\n<h6 class=\"wp-block-heading\">RENCONTRES-CONF\u00c9RENCES<\/h6>\n\n\n\n<p>16h45 \u2013 17h15 <strong>| Journaliers, saisonniers et d\u00e9tach\u00e9s dans l\u2019agriculture m\u00e9diterran\u00e9enne<\/strong><\/p>\n\n\n\n<ul class=\"wp-block-list\">\n<li><strong><a href=\"https:\/\/telemme.mmsh.fr\/?membres=beatrice-mesini\">B\u00e9atrice M\u00e9sini <\/a>\u2013 G\u00e9ographe (TELEMMe, AMU, CNRS)<\/strong><\/li>\n\n\n\n<li>Anne Lascaux \u2013 G\u00e9ographe (ATER Universit\u00e9 Gustave Eiffel)<\/li>\n\n\n\n<li>Ga\u00eblla Loiseau \u2013 Anthropologue (INRAE)<\/li>\n<\/ul>\n\n\n\n<p>La pand\u00e9mie a r\u00e9v\u00e9l\u00e9 le caract\u00e8re essentiel et d\u00e9voil\u00e9 la pr\u00e9sence invi- sible dans l&rsquo;agriculture m\u00e9diterran\u00e9enne de \u00ab travailleurs de la terre \u00bb (276 000 \u00e9trangers employ\u00e9s en France, 150 000 en Espagne, 350 000 en Italie). Regards sur le r\u00f4le central de ces \u00ab saisonniers \u00bb maghr\u00e9bins, gitans, latino-am\u00e9ricains et africains, embauch\u00e9s sous divers statuts dans des secteurs agricoles et agro-alimentaires \u00ab en tension \u00bb des \u00e9conomies nord-m\u00e9diterran\u00e9ennes.<\/p>\n\n\n\n<p>\u00c0 partir de 18h30 <strong>|<\/strong> <strong>D\u00e9gustations comment\u00e9es<\/strong><\/p>\n\n\n\n<p>\u2192 D\u00e9gustation \u2022 Conf\u00e9rence \u2013 Jardins du Mucem \/ Place d&rsquo;Armes<\/p>\n\n\n\n<p><strong>Le crabe bleu et la poutargue, le go\u00fbt des esp\u00e8ces invasives et des saveurs oubli\u00e9es<\/strong><\/p>\n\n\n\n<ul class=\"wp-block-list\">\n<li><strong><a href=\"https:\/\/telemme.mmsh.fr\/?membres=daniel-faget\">Daniel Faget<\/a> \u2013 Ma\u00eetre de conf\u00e9rences en histoire moderne (TELEMMe, AMU)<\/strong><\/li>\n\n\n\n<li>Christian Qui \u2013 Cr\u00e9ateur et chef de l\u2019\u00e9tablissement \u00abBouillabaisse Turfu\u00bb<\/li>\n\n\n\n<li>Ambra Zambernardi \u2013 Anthropologue et chor\u00e9graphe (Universit\u00e9 del Pie- monte Orientale)<\/li>\n<\/ul>\n\n\n\n<p>La poutargue est devenue un produit rare et luxueux. Le crabe bleu est consi- d\u00e9r\u00e9 comme une esp\u00e8ce invasive. Tous deux questionnent la cuisine sur les axes du temps et de l\u2019espace m\u00e9diterran\u00e9en, interrogent nos pratiques et nos savoir-faire \u00e0 l\u2019\u00e9chelle domestique et familiale, et nous parlent de la disparition d\u2019une culture populaire, d\u2019une industrie culturelle invasive qui perturbent les soci\u00e9t\u00e9s humaines, les \u00e9cosyst\u00e8mes et nos assiettes. <\/p>\n\n\n\n<hr class=\"wp-block-separator has-alpha-channel-opacity\"\/>\n\n\n\n<h2 class=\"wp-block-heading\">Pour en savoir plus :<\/h2>\n\n\n\n<ul class=\"wp-block-list\">\n<li>Le <strong><a href=\"https:\/\/mission-interdisciplinarite.univ-amu.fr\/wordpress\/programme\/\">programme <\/a><\/strong>complet en ligne<\/li>\n\n\n\n<li>Le<strong><a href=\"https:\/\/festivaljeudeloie2023.univ-amu.fr\/wp-content\/uploads\/2023\/09\/programme-numerique_A4-web_se-nourrir-en-mediterranee_BAT.pdf\"> programme complet au format PDF<\/a><\/strong> \u00e0 t\u00e9l\u00e9charger<\/li>\n\n\n\n<li><strong>Pour tout renseignement sur le d\u00e9roul\u00e9 des journ\u00e9es :<\/strong> <a href=\"https:\/\/mission-interdisciplinarite.univ-amu.fr\">mission-interdisciplinarite.univ-amu.fr<\/a><\/li>\n<\/ul>\n","protected":false},"excerpt":{"rendered":"<p>Du vendredi 15 au samedi 16 septembre 2023 MUCEM\u00a0 et La Cri\u00e9e, Marseille Le Festival Jeu de l\u2019Oie vous invite pour sa 4e\u00a0\u00e9dition \u00e0 \u00ab Se nourrir en M\u00e9diterran\u00e9e \u00bb,&hellip;&nbsp;<a href=\"https:\/\/telemme.mmsh.fr\/?p=13040\" rel=\"bookmark\">Lire la suite &raquo;<span class=\"screen-reader-text\">Se nourrir en M\u00e9diterran\u00e9e. 4e \u00e9dition du\u00a0Festival Jeu de l\u2019Oie<\/span><\/a><\/p>\n","protected":false},"author":175,"featured_media":13041,"comment_status":"closed","ping_status":"closed","sticky":false,"template":"","format":"standard","meta":{"neve_meta_sidebar":"","neve_meta_container":"","neve_meta_enable_content_width":"off","neve_meta_content_width":70,"neve_meta_title_alignment":"","neve_meta_author_avatar":"","neve_post_elements_order":"","neve_meta_disable_header":"","neve_meta_disable_footer":"","neve_meta_disable_title":"","_tribe_events_control_status":"","_tribe_events_control_status_canceled_reason":"","_tribe_events_control_status_postponed_reason":"","_tribe_events_control_online":"","_tribe_events_control_online_url":"","footnotes":""},"categories":[1992],"tags":[],"class_list":["post-13040","post","type-post","status-publish","format-standard","has-post-thumbnail","hentry","category-rencontres"],"yoast_head":"<!-- This site is optimized with the Yoast SEO plugin v27.4 - https:\/\/yoast.com\/product\/yoast-seo-wordpress\/ -->\n<title>Se nourrir en M\u00e9diterran\u00e9e. 4e \u00e9dition du\u00a0Festival Jeu de l\u2019Oie - TELEMMe - Temps, espaces, langages, Europe m\u00e9ridionale, M\u00e9diterran\u00e9e<\/title>\n<meta name=\"robots\" content=\"index, follow, max-snippet:-1, max-image-preview:large, max-video-preview:-1\" \/>\n<link rel=\"canonical\" href=\"https:\/\/telemme.mmsh.fr\/?p=13040\" \/>\n<meta property=\"og:locale\" content=\"fr_FR\" \/>\n<meta property=\"og:type\" content=\"article\" \/>\n<meta property=\"og:title\" content=\"Se nourrir en M\u00e9diterran\u00e9e. 4e \u00e9dition du\u00a0Festival Jeu de l\u2019Oie - TELEMMe - Temps, espaces, langages, Europe m\u00e9ridionale, M\u00e9diterran\u00e9e\" \/>\n<meta property=\"og:description\" content=\"Du vendredi 15 au samedi 16 septembre 2023 MUCEM\u00a0 et La Cri\u00e9e, Marseille Le Festival Jeu de l\u2019Oie vous invite pour sa 4e\u00a0\u00e9dition \u00e0 \u00ab Se nourrir en M\u00e9diterran\u00e9e \u00bb,&hellip;&nbsp;Lire la suite &raquo;Se nourrir en M\u00e9diterran\u00e9e. 4e \u00e9dition du\u00a0Festival Jeu de l\u2019Oie\" \/>\n<meta property=\"og:url\" content=\"https:\/\/telemme.mmsh.fr\/?p=13040\" \/>\n<meta property=\"og:site_name\" content=\"TELEMMe - Temps, espaces, langages, Europe m\u00e9ridionale, M\u00e9diterran\u00e9e\" \/>\n<meta property=\"article:published_time\" content=\"2023-09-05T08:18:50+00:00\" \/>\n<meta property=\"article:modified_time\" content=\"2025-01-28T13:31:41+00:00\" \/>\n<meta property=\"og:image\" content=\"https:\/\/telemme.mmsh.fr\/wp-content\/uploads\/2023\/09\/Capture-decran-2023-09-04-153029.png\" \/>\n\t<meta property=\"og:image:width\" content=\"893\" \/>\n\t<meta property=\"og:image:height\" content=\"632\" \/>\n\t<meta property=\"og:image:type\" content=\"image\/png\" \/>\n<meta name=\"author\" content=\"Maja Mellet\" \/>\n<meta name=\"twitter:card\" content=\"summary_large_image\" \/>\n<meta name=\"twitter:label1\" content=\"\u00c9crit par\" \/>\n\t<meta name=\"twitter:data1\" content=\"Maja Mellet\" \/>\n\t<meta name=\"twitter:label2\" content=\"Dur\u00e9e de lecture estim\u00e9e\" \/>\n\t<meta name=\"twitter:data2\" content=\"4 minutes\" \/>\n<script type=\"application\/ld+json\" class=\"yoast-schema-graph\">{\"@context\":\"https:\\\/\\\/schema.org\",\"@graph\":[{\"@type\":\"Article\",\"@id\":\"https:\\\/\\\/telemme.mmsh.fr\\\/?p=13040#article\",\"isPartOf\":{\"@id\":\"https:\\\/\\\/telemme.mmsh.fr\\\/?p=13040\"},\"author\":{\"name\":\"Maja Mellet\",\"@id\":\"https:\\\/\\\/telemme.mmsh.fr\\\/#\\\/schema\\\/person\\\/c433e5fd025c00718f715ba73f040691\"},\"headline\":\"Se nourrir en M\u00e9diterran\u00e9e. 4e \u00e9dition du\u00a0Festival Jeu de l\u2019Oie\",\"datePublished\":\"2023-09-05T08:18:50+00:00\",\"dateModified\":\"2025-01-28T13:31:41+00:00\",\"mainEntityOfPage\":{\"@id\":\"https:\\\/\\\/telemme.mmsh.fr\\\/?p=13040\"},\"wordCount\":909,\"publisher\":{\"@id\":\"https:\\\/\\\/telemme.mmsh.fr\\\/#organization\"},\"image\":{\"@id\":\"https:\\\/\\\/telemme.mmsh.fr\\\/?p=13040#primaryimage\"},\"thumbnailUrl\":\"https:\\\/\\\/telemme.mmsh.fr\\\/wp-content\\\/uploads\\\/2023\\\/09\\\/Capture-decran-2023-09-04-153029.png\",\"articleSection\":[\"Rencontres\"],\"inLanguage\":\"fr-FR\"},{\"@type\":\"WebPage\",\"@id\":\"https:\\\/\\\/telemme.mmsh.fr\\\/?p=13040\",\"url\":\"https:\\\/\\\/telemme.mmsh.fr\\\/?p=13040\",\"name\":\"Se nourrir en M\u00e9diterran\u00e9e. 4e \u00e9dition du\u00a0Festival Jeu de l\u2019Oie - TELEMMe - Temps, espaces, langages, Europe m\u00e9ridionale, M\u00e9diterran\u00e9e\",\"isPartOf\":{\"@id\":\"https:\\\/\\\/telemme.mmsh.fr\\\/#website\"},\"primaryImageOfPage\":{\"@id\":\"https:\\\/\\\/telemme.mmsh.fr\\\/?p=13040#primaryimage\"},\"image\":{\"@id\":\"https:\\\/\\\/telemme.mmsh.fr\\\/?p=13040#primaryimage\"},\"thumbnailUrl\":\"https:\\\/\\\/telemme.mmsh.fr\\\/wp-content\\\/uploads\\\/2023\\\/09\\\/Capture-decran-2023-09-04-153029.png\",\"datePublished\":\"2023-09-05T08:18:50+00:00\",\"dateModified\":\"2025-01-28T13:31:41+00:00\",\"breadcrumb\":{\"@id\":\"https:\\\/\\\/telemme.mmsh.fr\\\/?p=13040#breadcrumb\"},\"inLanguage\":\"fr-FR\",\"potentialAction\":[{\"@type\":\"ReadAction\",\"target\":[\"https:\\\/\\\/telemme.mmsh.fr\\\/?p=13040\"]}]},{\"@type\":\"ImageObject\",\"inLanguage\":\"fr-FR\",\"@id\":\"https:\\\/\\\/telemme.mmsh.fr\\\/?p=13040#primaryimage\",\"url\":\"https:\\\/\\\/telemme.mmsh.fr\\\/wp-content\\\/uploads\\\/2023\\\/09\\\/Capture-decran-2023-09-04-153029.png\",\"contentUrl\":\"https:\\\/\\\/telemme.mmsh.fr\\\/wp-content\\\/uploads\\\/2023\\\/09\\\/Capture-decran-2023-09-04-153029.png\",\"width\":893,\"height\":632},{\"@type\":\"BreadcrumbList\",\"@id\":\"https:\\\/\\\/telemme.mmsh.fr\\\/?p=13040#breadcrumb\",\"itemListElement\":[{\"@type\":\"ListItem\",\"position\":1,\"name\":\"Accueil\",\"item\":\"https:\\\/\\\/telemme.mmsh.fr\\\/\"},{\"@type\":\"ListItem\",\"position\":2,\"name\":\"Actualit\u00e9s\",\"item\":\"https:\\\/\\\/telemme.mmsh.fr\\\/?cat=1995\"},{\"@type\":\"ListItem\",\"position\":3,\"name\":\"Rencontres\",\"item\":\"https:\\\/\\\/telemme.mmsh.fr\\\/?cat=1992\"},{\"@type\":\"ListItem\",\"position\":4,\"name\":\"Se nourrir en M\u00e9diterran\u00e9e. 4e \u00e9dition du\u00a0Festival Jeu de l\u2019Oie\"}]},{\"@type\":\"WebSite\",\"@id\":\"https:\\\/\\\/telemme.mmsh.fr\\\/#website\",\"url\":\"https:\\\/\\\/telemme.mmsh.fr\\\/\",\"name\":\"TELEMMe - Temps, espaces, langages, Europe m\u00e9ridionale, M\u00e9diterran\u00e9e\",\"description\":\"\",\"publisher\":{\"@id\":\"https:\\\/\\\/telemme.mmsh.fr\\\/#organization\"},\"potentialAction\":[{\"@type\":\"SearchAction\",\"target\":{\"@type\":\"EntryPoint\",\"urlTemplate\":\"https:\\\/\\\/telemme.mmsh.fr\\\/?s={search_term_string}\"},\"query-input\":{\"@type\":\"PropertyValueSpecification\",\"valueRequired\":true,\"valueName\":\"search_term_string\"}}],\"inLanguage\":\"fr-FR\"},{\"@type\":\"Organization\",\"@id\":\"https:\\\/\\\/telemme.mmsh.fr\\\/#organization\",\"name\":\"TELEMMe\",\"url\":\"https:\\\/\\\/telemme.mmsh.fr\\\/\",\"logo\":{\"@type\":\"ImageObject\",\"inLanguage\":\"fr-FR\",\"@id\":\"https:\\\/\\\/telemme.mmsh.fr\\\/#\\\/schema\\\/logo\\\/image\\\/\",\"url\":\"https:\\\/\\\/telemme.mmsh.fr\\\/wp-content\\\/uploads\\\/2020\\\/03\\\/LogoTELEMMe-horizontal-fond-transparent.png\",\"contentUrl\":\"https:\\\/\\\/telemme.mmsh.fr\\\/wp-content\\\/uploads\\\/2020\\\/03\\\/LogoTELEMMe-horizontal-fond-transparent.png\",\"width\":1500,\"height\":437,\"caption\":\"TELEMMe\"},\"image\":{\"@id\":\"https:\\\/\\\/telemme.mmsh.fr\\\/#\\\/schema\\\/logo\\\/image\\\/\"}},{\"@type\":\"Person\",\"@id\":\"https:\\\/\\\/telemme.mmsh.fr\\\/#\\\/schema\\\/person\\\/c433e5fd025c00718f715ba73f040691\",\"name\":\"Maja Mellet\",\"url\":\"https:\\\/\\\/telemme.mmsh.fr\\\/?author=175\"}]}<\/script>\n<!-- \/ Yoast SEO plugin. -->","yoast_head_json":{"title":"Se nourrir en M\u00e9diterran\u00e9e. 4e \u00e9dition du\u00a0Festival Jeu de l\u2019Oie - TELEMMe - Temps, espaces, langages, Europe m\u00e9ridionale, M\u00e9diterran\u00e9e","robots":{"index":"index","follow":"follow","max-snippet":"max-snippet:-1","max-image-preview":"max-image-preview:large","max-video-preview":"max-video-preview:-1"},"canonical":"https:\/\/telemme.mmsh.fr\/?p=13040","og_locale":"fr_FR","og_type":"article","og_title":"Se nourrir en M\u00e9diterran\u00e9e. 4e \u00e9dition du\u00a0Festival Jeu de l\u2019Oie - TELEMMe - Temps, espaces, langages, Europe m\u00e9ridionale, M\u00e9diterran\u00e9e","og_description":"Du vendredi 15 au samedi 16 septembre 2023 MUCEM\u00a0 et La Cri\u00e9e, Marseille Le Festival Jeu de l\u2019Oie vous invite pour sa 4e\u00a0\u00e9dition \u00e0 \u00ab Se nourrir en M\u00e9diterran\u00e9e \u00bb,&hellip;&nbsp;Lire la suite &raquo;Se nourrir en M\u00e9diterran\u00e9e. 4e \u00e9dition du\u00a0Festival Jeu de l\u2019Oie","og_url":"https:\/\/telemme.mmsh.fr\/?p=13040","og_site_name":"TELEMMe - Temps, espaces, langages, Europe m\u00e9ridionale, M\u00e9diterran\u00e9e","article_published_time":"2023-09-05T08:18:50+00:00","article_modified_time":"2025-01-28T13:31:41+00:00","og_image":[{"width":893,"height":632,"url":"https:\/\/telemme.mmsh.fr\/wp-content\/uploads\/2023\/09\/Capture-decran-2023-09-04-153029.png","type":"image\/png"}],"author":"Maja Mellet","twitter_card":"summary_large_image","twitter_misc":{"\u00c9crit par":"Maja Mellet","Dur\u00e9e de lecture estim\u00e9e":"4 minutes"},"schema":{"@context":"https:\/\/schema.org","@graph":[{"@type":"Article","@id":"https:\/\/telemme.mmsh.fr\/?p=13040#article","isPartOf":{"@id":"https:\/\/telemme.mmsh.fr\/?p=13040"},"author":{"name":"Maja Mellet","@id":"https:\/\/telemme.mmsh.fr\/#\/schema\/person\/c433e5fd025c00718f715ba73f040691"},"headline":"Se nourrir en M\u00e9diterran\u00e9e. 4e \u00e9dition du\u00a0Festival Jeu de l\u2019Oie","datePublished":"2023-09-05T08:18:50+00:00","dateModified":"2025-01-28T13:31:41+00:00","mainEntityOfPage":{"@id":"https:\/\/telemme.mmsh.fr\/?p=13040"},"wordCount":909,"publisher":{"@id":"https:\/\/telemme.mmsh.fr\/#organization"},"image":{"@id":"https:\/\/telemme.mmsh.fr\/?p=13040#primaryimage"},"thumbnailUrl":"https:\/\/telemme.mmsh.fr\/wp-content\/uploads\/2023\/09\/Capture-decran-2023-09-04-153029.png","articleSection":["Rencontres"],"inLanguage":"fr-FR"},{"@type":"WebPage","@id":"https:\/\/telemme.mmsh.fr\/?p=13040","url":"https:\/\/telemme.mmsh.fr\/?p=13040","name":"Se nourrir en M\u00e9diterran\u00e9e. 4e \u00e9dition du\u00a0Festival Jeu de l\u2019Oie - TELEMMe - Temps, espaces, langages, Europe m\u00e9ridionale, M\u00e9diterran\u00e9e","isPartOf":{"@id":"https:\/\/telemme.mmsh.fr\/#website"},"primaryImageOfPage":{"@id":"https:\/\/telemme.mmsh.fr\/?p=13040#primaryimage"},"image":{"@id":"https:\/\/telemme.mmsh.fr\/?p=13040#primaryimage"},"thumbnailUrl":"https:\/\/telemme.mmsh.fr\/wp-content\/uploads\/2023\/09\/Capture-decran-2023-09-04-153029.png","datePublished":"2023-09-05T08:18:50+00:00","dateModified":"2025-01-28T13:31:41+00:00","breadcrumb":{"@id":"https:\/\/telemme.mmsh.fr\/?p=13040#breadcrumb"},"inLanguage":"fr-FR","potentialAction":[{"@type":"ReadAction","target":["https:\/\/telemme.mmsh.fr\/?p=13040"]}]},{"@type":"ImageObject","inLanguage":"fr-FR","@id":"https:\/\/telemme.mmsh.fr\/?p=13040#primaryimage","url":"https:\/\/telemme.mmsh.fr\/wp-content\/uploads\/2023\/09\/Capture-decran-2023-09-04-153029.png","contentUrl":"https:\/\/telemme.mmsh.fr\/wp-content\/uploads\/2023\/09\/Capture-decran-2023-09-04-153029.png","width":893,"height":632},{"@type":"BreadcrumbList","@id":"https:\/\/telemme.mmsh.fr\/?p=13040#breadcrumb","itemListElement":[{"@type":"ListItem","position":1,"name":"Accueil","item":"https:\/\/telemme.mmsh.fr\/"},{"@type":"ListItem","position":2,"name":"Actualit\u00e9s","item":"https:\/\/telemme.mmsh.fr\/?cat=1995"},{"@type":"ListItem","position":3,"name":"Rencontres","item":"https:\/\/telemme.mmsh.fr\/?cat=1992"},{"@type":"ListItem","position":4,"name":"Se nourrir en M\u00e9diterran\u00e9e. 4e \u00e9dition du\u00a0Festival Jeu de l\u2019Oie"}]},{"@type":"WebSite","@id":"https:\/\/telemme.mmsh.fr\/#website","url":"https:\/\/telemme.mmsh.fr\/","name":"TELEMMe - Temps, espaces, langages, Europe m\u00e9ridionale, M\u00e9diterran\u00e9e","description":"","publisher":{"@id":"https:\/\/telemme.mmsh.fr\/#organization"},"potentialAction":[{"@type":"SearchAction","target":{"@type":"EntryPoint","urlTemplate":"https:\/\/telemme.mmsh.fr\/?s={search_term_string}"},"query-input":{"@type":"PropertyValueSpecification","valueRequired":true,"valueName":"search_term_string"}}],"inLanguage":"fr-FR"},{"@type":"Organization","@id":"https:\/\/telemme.mmsh.fr\/#organization","name":"TELEMMe","url":"https:\/\/telemme.mmsh.fr\/","logo":{"@type":"ImageObject","inLanguage":"fr-FR","@id":"https:\/\/telemme.mmsh.fr\/#\/schema\/logo\/image\/","url":"https:\/\/telemme.mmsh.fr\/wp-content\/uploads\/2020\/03\/LogoTELEMMe-horizontal-fond-transparent.png","contentUrl":"https:\/\/telemme.mmsh.fr\/wp-content\/uploads\/2020\/03\/LogoTELEMMe-horizontal-fond-transparent.png","width":1500,"height":437,"caption":"TELEMMe"},"image":{"@id":"https:\/\/telemme.mmsh.fr\/#\/schema\/logo\/image\/"}},{"@type":"Person","@id":"https:\/\/telemme.mmsh.fr\/#\/schema\/person\/c433e5fd025c00718f715ba73f040691","name":"Maja Mellet","url":"https:\/\/telemme.mmsh.fr\/?author=175"}]}},"_links":{"self":[{"href":"https:\/\/telemme.mmsh.fr\/index.php?rest_route=\/wp\/v2\/posts\/13040","targetHints":{"allow":["GET"]}}],"collection":[{"href":"https:\/\/telemme.mmsh.fr\/index.php?rest_route=\/wp\/v2\/posts"}],"about":[{"href":"https:\/\/telemme.mmsh.fr\/index.php?rest_route=\/wp\/v2\/types\/post"}],"author":[{"embeddable":true,"href":"https:\/\/telemme.mmsh.fr\/index.php?rest_route=\/wp\/v2\/users\/175"}],"replies":[{"embeddable":true,"href":"https:\/\/telemme.mmsh.fr\/index.php?rest_route=%2Fwp%2Fv2%2Fcomments&post=13040"}],"version-history":[{"count":6,"href":"https:\/\/telemme.mmsh.fr\/index.php?rest_route=\/wp\/v2\/posts\/13040\/revisions"}],"predecessor-version":[{"id":13050,"href":"https:\/\/telemme.mmsh.fr\/index.php?rest_route=\/wp\/v2\/posts\/13040\/revisions\/13050"}],"wp:featuredmedia":[{"embeddable":true,"href":"https:\/\/telemme.mmsh.fr\/index.php?rest_route=\/wp\/v2\/media\/13041"}],"wp:attachment":[{"href":"https:\/\/telemme.mmsh.fr\/index.php?rest_route=%2Fwp%2Fv2%2Fmedia&parent=13040"}],"wp:term":[{"taxonomy":"category","embeddable":true,"href":"https:\/\/telemme.mmsh.fr\/index.php?rest_route=%2Fwp%2Fv2%2Fcategories&post=13040"},{"taxonomy":"post_tag","embeddable":true,"href":"https:\/\/telemme.mmsh.fr\/index.php?rest_route=%2Fwp%2Fv2%2Ftags&post=13040"}],"curies":[{"name":"wp","href":"https:\/\/api.w.org\/{rel}","templated":true}]}}