{"id":12913,"date":"2023-06-15T10:06:04","date_gmt":"2023-06-15T08:06:04","guid":{"rendered":"https:\/\/telemme.mmsh.fr\/?p=12913"},"modified":"2025-01-28T14:35:03","modified_gmt":"2025-01-28T13:35:03","slug":"les-funerailles-font-elles-la-paix-approches-pluridisciplinaires-des-reinhumations-collectives-en-contextes-de-mort-de-masse-xxe-et-xxie-siecles","status":"publish","type":"post","link":"https:\/\/telemme.mmsh.fr\/?p=12913","title":{"rendered":"Les fun\u00e9railles font-elles la paix ? Approches pluridisciplinaires des r\u00e9inhumations collectives en contextes de mort de masse (XXe et XXIe si\u00e8cles)"},"content":{"rendered":"<div><strong>Colloque international<\/strong><\/div>\n<div><\/div>\n<div class=\"data\">\n<div class=\"date\"><span class=\"days start-days\">15 <\/span><span class=\"month-year start-month-year\">JUIN<\/span><span class=\"hyphen\"> &#8211; <\/span><span class=\"days end-days\">16 <\/span><span class=\"month-year end-month-year\">JUIN 2023<\/span><\/div>\n<div class=\"location\">Casa de Vel\u00e1zquez<\/div>\n<\/div>\n<div class=\"category\"><strong>&nbsp;<\/strong><\/div>\n<div class=\"entry\">\n<p><strong>COORD. :<\/strong> Elisabeth ANSTETT (CNRS), Val\u00e9rie ROBIN AZEVEDO (Universit\u00e9 Paris Cit\u00e9), Clara DUTERME (Universit\u00e9 de Strasbourg), An\u00e9lie PRUDOR (Aix-Marseille Universit\u00e9)<\/p>\n<p><strong>ORG. :<\/strong> Programme ANR Transfun\u00e9raire, UMR 7268 (Ades, Marseille), UMR 205\/UMR 8245 (Urmis, Paris), \u00c9cole des hautes \u00e9tudes hispaniques et ib\u00e9riques (Casa de Vel\u00e1zquez, Madrid)<\/p>\n<p><strong>COLL : <\/strong>UMR 5283 (Centre Max Weber, Universit\u00e9 de Saint- \u00c9tienne), Institut des hautes \u00e9tudes de l\u2019Am\u00e9rique latine (Sorbonne Nouvelle), UMR 7069 (Lincs, Universit\u00e9 de Strasbourg), UMR 5193 (Lisst, Universit\u00e9 Toulouse-Jean Jaur\u00e8s), UMR 7303 (Telemme, Aix-Marseille Universit\u00e9)<\/p>\n<p><strong>LIEU :&nbsp;<\/strong><\/p>\n<ul>\n<li>CASA DE VEL\u00c1ZQUEZ<br \/>\n<sup>C\/ Paul Guinard, 3 &#8211; Madrid &#8211; Ciudad Universitaria<\/sup><\/li>\n<\/ul>\n<h2>PR\u00c9SENTATION<\/h2>\n<p>Ce colloque international constitue l\u2019\u00e9v\u00e8nement scientifique de cl\u00f4ture du programme de recherche TRANSFUNERAIRE financ\u00e9 par l\u2019ANR de 2020 \u00e0 2023.<\/p>\n<p>Ce programme visait\u00e0 \u00e9tudier les fonctions symboliques et sociales assign\u00e9es aux, et assum\u00e9es par, les fun\u00e9railles collectives dans les contextes contemporains marqu\u00e9s par la violence extr\u00eame ou des crises de mortalit\u00e9.<\/p>\n<p>En analysant de fa\u00e7on comparative des inhumations collectives conduites en Europe et en Am\u00e9rique latine, il s\u2019agissait de comprendre dans quelle mesure les fun\u00e9railles constituaient un des ressorts de la r\u00e9silience des soci\u00e9t\u00e9s marqu\u00e9es par la mort de masse au XX<sup>e<\/sup> si\u00e8cle.<\/p>\n<p>Au-del\u00e0 d\u2019une interrogation sur les modalit\u00e9s et les enjeux de ces rituels int\u00e9grant un questionnement sur l\u2019impact des exhumations, d\u00e9sormais incontournables dans tous ces contextes, notre objectif \u00e9tait de mieux saisir les transformations \u00e0 l\u2019\u0153uvre dans le champ du fun\u00e9raire.<\/p>\n<p>Pr\u00e9vu sur deux journ\u00e9es, ce colloque sera l\u2019occasion de pr\u00e9senter les \u00e9tudes qui ont \u00e9t\u00e9 conduites dans le cadre du programme, de dialoguer avec des coll\u00e8gues espagnols (de Valence et Madrid) autour des cas europ\u00e9ens et latino-am\u00e9ricains, et d\u2019ouvrir la r\u00e9flexion sur un horizon comparatif plus large incluant les transformations des pratiques fun\u00e9raires en contextes de violences de masse en Asie et Afrique.<\/p>\n<\/div>\n","protected":false},"excerpt":{"rendered":"<p>Colloque international 15 JUIN &#8211; 16 JUIN 2023 Casa de Vel\u00e1zquez &nbsp; COORD. : Elisabeth ANSTETT (CNRS), Val\u00e9rie ROBIN AZEVEDO (Universit\u00e9 Paris Cit\u00e9), Clara DUTERME (Universit\u00e9 de Strasbourg), An\u00e9lie PRUDOR&hellip;&nbsp;<a href=\"https:\/\/telemme.mmsh.fr\/?p=12913\" rel=\"bookmark\">Lire la suite &raquo;<span class=\"screen-reader-text\">Les fun\u00e9railles font-elles la paix ? Approches pluridisciplinaires des r\u00e9inhumations collectives en contextes de mort de masse (XXe et XXIe si\u00e8cles)<\/span><\/a><\/p>\n","protected":false},"author":175,"featured_media":12914,"comment_status":"closed","ping_status":"closed","sticky":false,"template":"","format":"standard","meta":{"neve_meta_sidebar":"","neve_meta_container":"","neve_meta_enable_content_width":"off","neve_meta_content_width":70,"neve_meta_title_alignment":"","neve_meta_author_avatar":"","neve_post_elements_order":"","neve_meta_disable_header":"","neve_meta_disable_footer":"","neve_meta_disable_title":"","_tribe_events_control_status":"","_tribe_events_control_status_canceled_reason":"","_tribe_events_control_status_postponed_reason":"","_tribe_events_control_online":"","_tribe_events_control_online_url":"","footnotes":""},"categories":[1992],"tags":[],"class_list":["post-12913","post","type-post","status-publish","format-standard","has-post-thumbnail","hentry","category-rencontres"],"yoast_head":"<!-- This site is optimized with the Yoast SEO plugin v27.4 - https:\/\/yoast.com\/product\/yoast-seo-wordpress\/ -->\n<title>Les fun\u00e9railles font-elles la paix ? Approches pluridisciplinaires des r\u00e9inhumations collectives en contextes de mort de masse (XXe et XXIe si\u00e8cles) - TELEMMe - Temps, espaces, langages, Europe m\u00e9ridionale, M\u00e9diterran\u00e9e<\/title>\n<meta name=\"robots\" content=\"index, follow, max-snippet:-1, max-image-preview:large, max-video-preview:-1\" \/>\n<link rel=\"canonical\" href=\"https:\/\/telemme.mmsh.fr\/?p=12913\" \/>\n<meta property=\"og:locale\" content=\"fr_FR\" \/>\n<meta property=\"og:type\" content=\"article\" \/>\n<meta property=\"og:title\" content=\"Les fun\u00e9railles font-elles la paix ? Approches pluridisciplinaires des r\u00e9inhumations collectives en contextes de mort de masse (XXe et XXIe si\u00e8cles) - TELEMMe - Temps, espaces, langages, Europe m\u00e9ridionale, M\u00e9diterran\u00e9e\" \/>\n<meta property=\"og:description\" content=\"Colloque international 15 JUIN &#8211; 16 JUIN 2023 Casa de Vel\u00e1zquez &nbsp; COORD. : Elisabeth ANSTETT (CNRS), Val\u00e9rie ROBIN AZEVEDO (Universit\u00e9 Paris Cit\u00e9), Clara DUTERME (Universit\u00e9 de Strasbourg), An\u00e9lie PRUDOR&hellip;&nbsp;Lire la suite &raquo;Les fun\u00e9railles font-elles la paix ? Approches pluridisciplinaires des r\u00e9inhumations collectives en contextes de mort de masse (XXe et XXIe si\u00e8cles)\" \/>\n<meta property=\"og:url\" content=\"https:\/\/telemme.mmsh.fr\/?p=12913\" \/>\n<meta property=\"og:site_name\" content=\"TELEMMe - Temps, espaces, langages, Europe m\u00e9ridionale, M\u00e9diterran\u00e9e\" \/>\n<meta property=\"article:published_time\" content=\"2023-06-15T08:06:04+00:00\" \/>\n<meta property=\"article:modified_time\" content=\"2025-01-28T13:35:03+00:00\" \/>\n<meta property=\"og:image\" content=\"https:\/\/telemme.mmsh.fr\/wp-content\/uploads\/2023\/06\/csm_TRANSFUNERARIO_eee54beefa.jpg\" \/>\n\t<meta property=\"og:image:width\" content=\"480\" \/>\n\t<meta property=\"og:image:height\" content=\"480\" \/>\n\t<meta property=\"og:image:type\" content=\"image\/jpeg\" \/>\n<meta name=\"author\" content=\"Maja Mellet\" \/>\n<meta name=\"twitter:card\" content=\"summary_large_image\" \/>\n<meta name=\"twitter:label1\" content=\"\u00c9crit par\" \/>\n\t<meta name=\"twitter:data1\" content=\"Maja Mellet\" \/>\n\t<meta name=\"twitter:label2\" content=\"Dur\u00e9e de lecture estim\u00e9e\" \/>\n\t<meta name=\"twitter:data2\" content=\"2 minutes\" \/>\n<script type=\"application\/ld+json\" class=\"yoast-schema-graph\">{\"@context\":\"https:\\\/\\\/schema.org\",\"@graph\":[{\"@type\":\"Article\",\"@id\":\"https:\\\/\\\/telemme.mmsh.fr\\\/?p=12913#article\",\"isPartOf\":{\"@id\":\"https:\\\/\\\/telemme.mmsh.fr\\\/?p=12913\"},\"author\":{\"name\":\"Maja Mellet\",\"@id\":\"https:\\\/\\\/telemme.mmsh.fr\\\/#\\\/schema\\\/person\\\/c433e5fd025c00718f715ba73f040691\"},\"headline\":\"Les fun\u00e9railles font-elles la paix ? Approches pluridisciplinaires des r\u00e9inhumations collectives en contextes de mort de masse (XXe et XXIe si\u00e8cles)\",\"datePublished\":\"2023-06-15T08:06:04+00:00\",\"dateModified\":\"2025-01-28T13:35:03+00:00\",\"mainEntityOfPage\":{\"@id\":\"https:\\\/\\\/telemme.mmsh.fr\\\/?p=12913\"},\"wordCount\":357,\"publisher\":{\"@id\":\"https:\\\/\\\/telemme.mmsh.fr\\\/#organization\"},\"image\":{\"@id\":\"https:\\\/\\\/telemme.mmsh.fr\\\/?p=12913#primaryimage\"},\"thumbnailUrl\":\"https:\\\/\\\/telemme.mmsh.fr\\\/wp-content\\\/uploads\\\/2023\\\/06\\\/csm_TRANSFUNERARIO_eee54beefa.jpg\",\"articleSection\":[\"Rencontres\"],\"inLanguage\":\"fr-FR\"},{\"@type\":\"WebPage\",\"@id\":\"https:\\\/\\\/telemme.mmsh.fr\\\/?p=12913\",\"url\":\"https:\\\/\\\/telemme.mmsh.fr\\\/?p=12913\",\"name\":\"Les fun\u00e9railles font-elles la paix ? Approches pluridisciplinaires des r\u00e9inhumations collectives en contextes de mort de masse (XXe et XXIe si\u00e8cles) - TELEMMe - Temps, espaces, langages, Europe m\u00e9ridionale, M\u00e9diterran\u00e9e\",\"isPartOf\":{\"@id\":\"https:\\\/\\\/telemme.mmsh.fr\\\/#website\"},\"primaryImageOfPage\":{\"@id\":\"https:\\\/\\\/telemme.mmsh.fr\\\/?p=12913#primaryimage\"},\"image\":{\"@id\":\"https:\\\/\\\/telemme.mmsh.fr\\\/?p=12913#primaryimage\"},\"thumbnailUrl\":\"https:\\\/\\\/telemme.mmsh.fr\\\/wp-content\\\/uploads\\\/2023\\\/06\\\/csm_TRANSFUNERARIO_eee54beefa.jpg\",\"datePublished\":\"2023-06-15T08:06:04+00:00\",\"dateModified\":\"2025-01-28T13:35:03+00:00\",\"breadcrumb\":{\"@id\":\"https:\\\/\\\/telemme.mmsh.fr\\\/?p=12913#breadcrumb\"},\"inLanguage\":\"fr-FR\",\"potentialAction\":[{\"@type\":\"ReadAction\",\"target\":[\"https:\\\/\\\/telemme.mmsh.fr\\\/?p=12913\"]}]},{\"@type\":\"ImageObject\",\"inLanguage\":\"fr-FR\",\"@id\":\"https:\\\/\\\/telemme.mmsh.fr\\\/?p=12913#primaryimage\",\"url\":\"https:\\\/\\\/telemme.mmsh.fr\\\/wp-content\\\/uploads\\\/2023\\\/06\\\/csm_TRANSFUNERARIO_eee54beefa.jpg\",\"contentUrl\":\"https:\\\/\\\/telemme.mmsh.fr\\\/wp-content\\\/uploads\\\/2023\\\/06\\\/csm_TRANSFUNERARIO_eee54beefa.jpg\",\"width\":480,\"height\":480,\"caption\":\"Visuel : C. Duterme. 1er nov. 2018. Cimeti\u00e8re de Nebaj, chef-lieu de la r\u00e9gion Ixil, Guatemala. La population ixile a \u00e9t\u00e9 la cible de massacres et de violences g\u00e9nocidaires entre 1975 et 1983, durant le conflit arm\u00e9 guat\u00e9malt\u00e8que. La r\u00e9inhumation des victimes repr\u00e9sente l\u2019un des dispositifs de retour \u00e0 la paix.\"},{\"@type\":\"BreadcrumbList\",\"@id\":\"https:\\\/\\\/telemme.mmsh.fr\\\/?p=12913#breadcrumb\",\"itemListElement\":[{\"@type\":\"ListItem\",\"position\":1,\"name\":\"Accueil\",\"item\":\"https:\\\/\\\/telemme.mmsh.fr\\\/\"},{\"@type\":\"ListItem\",\"position\":2,\"name\":\"Actualit\u00e9s\",\"item\":\"https:\\\/\\\/telemme.mmsh.fr\\\/?cat=1995\"},{\"@type\":\"ListItem\",\"position\":3,\"name\":\"Rencontres\",\"item\":\"https:\\\/\\\/telemme.mmsh.fr\\\/?cat=1992\"},{\"@type\":\"ListItem\",\"position\":4,\"name\":\"Les fun\u00e9railles font-elles la paix ? Approches pluridisciplinaires des r\u00e9inhumations collectives en contextes de mort de masse (XXe et XXIe si\u00e8cles)\"}]},{\"@type\":\"WebSite\",\"@id\":\"https:\\\/\\\/telemme.mmsh.fr\\\/#website\",\"url\":\"https:\\\/\\\/telemme.mmsh.fr\\\/\",\"name\":\"TELEMMe - Temps, espaces, langages, Europe m\u00e9ridionale, M\u00e9diterran\u00e9e\",\"description\":\"\",\"publisher\":{\"@id\":\"https:\\\/\\\/telemme.mmsh.fr\\\/#organization\"},\"potentialAction\":[{\"@type\":\"SearchAction\",\"target\":{\"@type\":\"EntryPoint\",\"urlTemplate\":\"https:\\\/\\\/telemme.mmsh.fr\\\/?s={search_term_string}\"},\"query-input\":{\"@type\":\"PropertyValueSpecification\",\"valueRequired\":true,\"valueName\":\"search_term_string\"}}],\"inLanguage\":\"fr-FR\"},{\"@type\":\"Organization\",\"@id\":\"https:\\\/\\\/telemme.mmsh.fr\\\/#organization\",\"name\":\"TELEMMe\",\"url\":\"https:\\\/\\\/telemme.mmsh.fr\\\/\",\"logo\":{\"@type\":\"ImageObject\",\"inLanguage\":\"fr-FR\",\"@id\":\"https:\\\/\\\/telemme.mmsh.fr\\\/#\\\/schema\\\/logo\\\/image\\\/\",\"url\":\"https:\\\/\\\/telemme.mmsh.fr\\\/wp-content\\\/uploads\\\/2020\\\/03\\\/LogoTELEMMe-horizontal-fond-transparent.png\",\"contentUrl\":\"https:\\\/\\\/telemme.mmsh.fr\\\/wp-content\\\/uploads\\\/2020\\\/03\\\/LogoTELEMMe-horizontal-fond-transparent.png\",\"width\":1500,\"height\":437,\"caption\":\"TELEMMe\"},\"image\":{\"@id\":\"https:\\\/\\\/telemme.mmsh.fr\\\/#\\\/schema\\\/logo\\\/image\\\/\"}},{\"@type\":\"Person\",\"@id\":\"https:\\\/\\\/telemme.mmsh.fr\\\/#\\\/schema\\\/person\\\/c433e5fd025c00718f715ba73f040691\",\"name\":\"Maja Mellet\",\"url\":\"https:\\\/\\\/telemme.mmsh.fr\\\/?author=175\"}]}<\/script>\n<!-- \/ Yoast SEO plugin. -->","yoast_head_json":{"title":"Les fun\u00e9railles font-elles la paix ? Approches pluridisciplinaires des r\u00e9inhumations collectives en contextes de mort de masse (XXe et XXIe si\u00e8cles) - TELEMMe - Temps, espaces, langages, Europe m\u00e9ridionale, M\u00e9diterran\u00e9e","robots":{"index":"index","follow":"follow","max-snippet":"max-snippet:-1","max-image-preview":"max-image-preview:large","max-video-preview":"max-video-preview:-1"},"canonical":"https:\/\/telemme.mmsh.fr\/?p=12913","og_locale":"fr_FR","og_type":"article","og_title":"Les fun\u00e9railles font-elles la paix ? Approches pluridisciplinaires des r\u00e9inhumations collectives en contextes de mort de masse (XXe et XXIe si\u00e8cles) - TELEMMe - Temps, espaces, langages, Europe m\u00e9ridionale, M\u00e9diterran\u00e9e","og_description":"Colloque international 15 JUIN &#8211; 16 JUIN 2023 Casa de Vel\u00e1zquez &nbsp; COORD. : Elisabeth ANSTETT (CNRS), Val\u00e9rie ROBIN AZEVEDO (Universit\u00e9 Paris Cit\u00e9), Clara DUTERME (Universit\u00e9 de Strasbourg), An\u00e9lie PRUDOR&hellip;&nbsp;Lire la suite &raquo;Les fun\u00e9railles font-elles la paix ? Approches pluridisciplinaires des r\u00e9inhumations collectives en contextes de mort de masse (XXe et XXIe si\u00e8cles)","og_url":"https:\/\/telemme.mmsh.fr\/?p=12913","og_site_name":"TELEMMe - Temps, espaces, langages, Europe m\u00e9ridionale, M\u00e9diterran\u00e9e","article_published_time":"2023-06-15T08:06:04+00:00","article_modified_time":"2025-01-28T13:35:03+00:00","og_image":[{"width":480,"height":480,"url":"https:\/\/telemme.mmsh.fr\/wp-content\/uploads\/2023\/06\/csm_TRANSFUNERARIO_eee54beefa.jpg","type":"image\/jpeg"}],"author":"Maja Mellet","twitter_card":"summary_large_image","twitter_misc":{"\u00c9crit par":"Maja Mellet","Dur\u00e9e de lecture estim\u00e9e":"2 minutes"},"schema":{"@context":"https:\/\/schema.org","@graph":[{"@type":"Article","@id":"https:\/\/telemme.mmsh.fr\/?p=12913#article","isPartOf":{"@id":"https:\/\/telemme.mmsh.fr\/?p=12913"},"author":{"name":"Maja Mellet","@id":"https:\/\/telemme.mmsh.fr\/#\/schema\/person\/c433e5fd025c00718f715ba73f040691"},"headline":"Les fun\u00e9railles font-elles la paix ? Approches pluridisciplinaires des r\u00e9inhumations collectives en contextes de mort de masse (XXe et XXIe si\u00e8cles)","datePublished":"2023-06-15T08:06:04+00:00","dateModified":"2025-01-28T13:35:03+00:00","mainEntityOfPage":{"@id":"https:\/\/telemme.mmsh.fr\/?p=12913"},"wordCount":357,"publisher":{"@id":"https:\/\/telemme.mmsh.fr\/#organization"},"image":{"@id":"https:\/\/telemme.mmsh.fr\/?p=12913#primaryimage"},"thumbnailUrl":"https:\/\/telemme.mmsh.fr\/wp-content\/uploads\/2023\/06\/csm_TRANSFUNERARIO_eee54beefa.jpg","articleSection":["Rencontres"],"inLanguage":"fr-FR"},{"@type":"WebPage","@id":"https:\/\/telemme.mmsh.fr\/?p=12913","url":"https:\/\/telemme.mmsh.fr\/?p=12913","name":"Les fun\u00e9railles font-elles la paix ? Approches pluridisciplinaires des r\u00e9inhumations collectives en contextes de mort de masse (XXe et XXIe si\u00e8cles) - TELEMMe - Temps, espaces, langages, Europe m\u00e9ridionale, M\u00e9diterran\u00e9e","isPartOf":{"@id":"https:\/\/telemme.mmsh.fr\/#website"},"primaryImageOfPage":{"@id":"https:\/\/telemme.mmsh.fr\/?p=12913#primaryimage"},"image":{"@id":"https:\/\/telemme.mmsh.fr\/?p=12913#primaryimage"},"thumbnailUrl":"https:\/\/telemme.mmsh.fr\/wp-content\/uploads\/2023\/06\/csm_TRANSFUNERARIO_eee54beefa.jpg","datePublished":"2023-06-15T08:06:04+00:00","dateModified":"2025-01-28T13:35:03+00:00","breadcrumb":{"@id":"https:\/\/telemme.mmsh.fr\/?p=12913#breadcrumb"},"inLanguage":"fr-FR","potentialAction":[{"@type":"ReadAction","target":["https:\/\/telemme.mmsh.fr\/?p=12913"]}]},{"@type":"ImageObject","inLanguage":"fr-FR","@id":"https:\/\/telemme.mmsh.fr\/?p=12913#primaryimage","url":"https:\/\/telemme.mmsh.fr\/wp-content\/uploads\/2023\/06\/csm_TRANSFUNERARIO_eee54beefa.jpg","contentUrl":"https:\/\/telemme.mmsh.fr\/wp-content\/uploads\/2023\/06\/csm_TRANSFUNERARIO_eee54beefa.jpg","width":480,"height":480,"caption":"Visuel : C. Duterme. 1er nov. 2018. Cimeti\u00e8re de Nebaj, chef-lieu de la r\u00e9gion Ixil, Guatemala. La population ixile a \u00e9t\u00e9 la cible de massacres et de violences g\u00e9nocidaires entre 1975 et 1983, durant le conflit arm\u00e9 guat\u00e9malt\u00e8que. La r\u00e9inhumation des victimes repr\u00e9sente l\u2019un des dispositifs de retour \u00e0 la paix."},{"@type":"BreadcrumbList","@id":"https:\/\/telemme.mmsh.fr\/?p=12913#breadcrumb","itemListElement":[{"@type":"ListItem","position":1,"name":"Accueil","item":"https:\/\/telemme.mmsh.fr\/"},{"@type":"ListItem","position":2,"name":"Actualit\u00e9s","item":"https:\/\/telemme.mmsh.fr\/?cat=1995"},{"@type":"ListItem","position":3,"name":"Rencontres","item":"https:\/\/telemme.mmsh.fr\/?cat=1992"},{"@type":"ListItem","position":4,"name":"Les fun\u00e9railles font-elles la paix ? Approches pluridisciplinaires des r\u00e9inhumations collectives en contextes de mort de masse (XXe et XXIe si\u00e8cles)"}]},{"@type":"WebSite","@id":"https:\/\/telemme.mmsh.fr\/#website","url":"https:\/\/telemme.mmsh.fr\/","name":"TELEMMe - Temps, espaces, langages, Europe m\u00e9ridionale, M\u00e9diterran\u00e9e","description":"","publisher":{"@id":"https:\/\/telemme.mmsh.fr\/#organization"},"potentialAction":[{"@type":"SearchAction","target":{"@type":"EntryPoint","urlTemplate":"https:\/\/telemme.mmsh.fr\/?s={search_term_string}"},"query-input":{"@type":"PropertyValueSpecification","valueRequired":true,"valueName":"search_term_string"}}],"inLanguage":"fr-FR"},{"@type":"Organization","@id":"https:\/\/telemme.mmsh.fr\/#organization","name":"TELEMMe","url":"https:\/\/telemme.mmsh.fr\/","logo":{"@type":"ImageObject","inLanguage":"fr-FR","@id":"https:\/\/telemme.mmsh.fr\/#\/schema\/logo\/image\/","url":"https:\/\/telemme.mmsh.fr\/wp-content\/uploads\/2020\/03\/LogoTELEMMe-horizontal-fond-transparent.png","contentUrl":"https:\/\/telemme.mmsh.fr\/wp-content\/uploads\/2020\/03\/LogoTELEMMe-horizontal-fond-transparent.png","width":1500,"height":437,"caption":"TELEMMe"},"image":{"@id":"https:\/\/telemme.mmsh.fr\/#\/schema\/logo\/image\/"}},{"@type":"Person","@id":"https:\/\/telemme.mmsh.fr\/#\/schema\/person\/c433e5fd025c00718f715ba73f040691","name":"Maja Mellet","url":"https:\/\/telemme.mmsh.fr\/?author=175"}]}},"_links":{"self":[{"href":"https:\/\/telemme.mmsh.fr\/index.php?rest_route=\/wp\/v2\/posts\/12913","targetHints":{"allow":["GET"]}}],"collection":[{"href":"https:\/\/telemme.mmsh.fr\/index.php?rest_route=\/wp\/v2\/posts"}],"about":[{"href":"https:\/\/telemme.mmsh.fr\/index.php?rest_route=\/wp\/v2\/types\/post"}],"author":[{"embeddable":true,"href":"https:\/\/telemme.mmsh.fr\/index.php?rest_route=\/wp\/v2\/users\/175"}],"replies":[{"embeddable":true,"href":"https:\/\/telemme.mmsh.fr\/index.php?rest_route=%2Fwp%2Fv2%2Fcomments&post=12913"}],"version-history":[{"count":2,"href":"https:\/\/telemme.mmsh.fr\/index.php?rest_route=\/wp\/v2\/posts\/12913\/revisions"}],"predecessor-version":[{"id":12918,"href":"https:\/\/telemme.mmsh.fr\/index.php?rest_route=\/wp\/v2\/posts\/12913\/revisions\/12918"}],"wp:featuredmedia":[{"embeddable":true,"href":"https:\/\/telemme.mmsh.fr\/index.php?rest_route=\/wp\/v2\/media\/12914"}],"wp:attachment":[{"href":"https:\/\/telemme.mmsh.fr\/index.php?rest_route=%2Fwp%2Fv2%2Fmedia&parent=12913"}],"wp:term":[{"taxonomy":"category","embeddable":true,"href":"https:\/\/telemme.mmsh.fr\/index.php?rest_route=%2Fwp%2Fv2%2Fcategories&post=12913"},{"taxonomy":"post_tag","embeddable":true,"href":"https:\/\/telemme.mmsh.fr\/index.php?rest_route=%2Fwp%2Fv2%2Ftags&post=12913"}],"curies":[{"name":"wp","href":"https:\/\/api.w.org\/{rel}","templated":true}]}}