{"id":12906,"date":"2023-06-15T09:35:01","date_gmt":"2023-06-15T07:35:01","guid":{"rendered":"https:\/\/telemme.mmsh.fr\/?p=12906"},"modified":"2023-06-15T09:48:05","modified_gmt":"2023-06-15T07:48:05","slug":"ecole-dete-ecrire-lhistoire-avec-les-objets-histoire-histoire-de-lart-archeologie","status":"publish","type":"post","link":"https:\/\/telemme.mmsh.fr\/?p=12906","title":{"rendered":"[\u00c9cole d&rsquo;\u00e9t\u00e9] \u00c9crire l\u2019histoire avec les objets Histoire, Histoire de l\u2019art, Arch\u00e9ologie"},"content":{"rendered":"<p><img loading=\"lazy\" decoding=\"async\" class=\"alignnone  wp-image-12908\" src=\"https:\/\/telemme.mmsh.fr\/wp-content\/uploads\/2023\/06\/aziza-1-300x67.png\" alt=\"\" width=\"309\" height=\"69\" srcset=\"https:\/\/telemme.mmsh.fr\/wp-content\/uploads\/2023\/06\/aziza-1-300x67.png 300w, https:\/\/telemme.mmsh.fr\/wp-content\/uploads\/2023\/06\/aziza-1-768x172.png 768w, https:\/\/telemme.mmsh.fr\/wp-content\/uploads\/2023\/06\/aziza-1.png 877w\" sizes=\"auto, (max-width: 309px) 100vw, 309px\" \/><\/p>\n<p><strong>Format :<\/strong> 20 \u00e9tudiants<\/p>\n<p><strong>Date<\/strong> : du lundi 11, \u00e0 9h au jeudi 14 septembre 2023 \u00e0 midi.<\/p>\n<p><strong>Texte de cadrage<\/strong><br \/>\nCette \u00e9cole d\u2019\u00e9t\u00e9 s\u2019adresse principalement aux \u00e9tudiants de Master 2 et de Doctorat en histoire et histoire de l\u2019art des laboratoires Telemme (Aix Marseille Universit\u00e9), Temos (Universit\u00e9 de Bretagne Sud) et Larca (Universit\u00e9 Paris Cit\u00e9).<br \/>\nElle a pour but d\u2019aborder de mani\u00e8re transdisciplinaire la fa\u00e7on dont la culture mat\u00e9rielle interroge l\u2019approche historique et ses m\u00e9thodes et vise, \u00e0 travers des formats divers (conf\u00e9rences, \u00e9tudes de cas, ateliers pratiques, tables rondes, visites\u2026), \u00e0 faire d\u00e9couvrir aux \u00e9tudiants le potentiel offert par l\u2019\u00e9tude des objets et \u00e0 les initier \u00e0 des probl\u00e9matiques et des m\u00e9thodes qui ne leur sont pas famili\u00e8res.<br \/>\nY seront abord\u00e9s quelques-uns des textes fondamentaux dans le domaine pour permettre aux \u00e9tudiants d\u2019acqu\u00e9rir des rep\u00e8res historiographiques solides et comprendre les enjeux \u00e9pist\u00e9mologiques qui structurent le champ. Ces enjeux m\u00e9thodologiques seront abord\u00e9s de mani\u00e8re aussi plus pragmatique \u00e0 travers des ateliers pratiques, des visites et des rencontres avec les professionnels (conservateurs, r\u00e9gisseurs, restaurateurs).<br \/>\nEnfin, la Summer School entend mettre en situation des \u00e9tudiants \u00e0 travers des activit\u00e9s o\u00f9 pourront \u00eatre mobilis\u00e9es les comp\u00e9tences acquises au cours de la formation intensive. Il s\u2019agit ainsi pour les \u00e9tudiants d\u2019acqu\u00e9rir outils et m\u00e9thodes leur permettant de mettre en oeuvre ce type d\u2019approches dans leurs propres recherches.<\/p>\n<p><strong>Quelques-unes des questions pos\u00e9es :<\/strong><br \/>\nSi l\u2019\u00e9cole th\u00e9matique s\u2019int\u00e9resse aux enjeux de la culture mat\u00e9rielle pour \u00e9crire l\u2019histoire et l\u2019histoire de l\u2019art de mani\u00e8re g\u00e9n\u00e9rale, plusieurs th\u00e9matiques plus sp\u00e9cifiques seront abord\u00e9es.<br \/>\n\u2022 Entre artefacts arch\u00e9ologiques, t\u00e9moignages ethnologiques, objets sales et objets d\u2019art : le statut culturel et scientifique des objets.<br \/>\n\u2022 Faire parler les objets : un enjeu transdisciplinaire en constante \u00e9volution.<br \/>\n\u2022 Les objets et la compl\u00e9mentarit\u00e9 des sources en Histoire et Histoire de l\u2019art.<br \/>\n\u2022 Les objets dans les collections publiques : le cas du Mucem.<br \/>\nSans exclure a priori certaines typologies d\u2019objets, l\u2019\u00e9cole th\u00e9matique accordera une importance particuli\u00e8re au v\u00eatement ainsi qu\u2019\u00e0 l\u2019alimentation.<\/p>\n<p><strong>Pr\u00e9programme<\/strong><br \/>\nLundi &#8211; Centre de Consultation et de Ressources<br \/>\n9h-12h : introduction et enjeux historiographiques (Ariane Fennetaux et Dominique Fr\u00e8re)<br \/>\nRepas<br \/>\n14h-16h30 : s\u00e9ance pratique de consultation et de manipulation d\u2019objets des collections en lien avec l\u2019\u00e9quipe de la r\u00e9gie et de la conservation (Sabrina Paumier, \u00e9quipe conservation)<br \/>\n17h-18h : visite de l\u2019appartement t\u00e9moin du MUCEM (Marie-Charlotte Calafat)<br \/>\nRepas du soir avec tous les intervenants<br \/>\nMardi &#8211; Mucem Lab et Mucem<br \/>\n9h-12h : Atelier pratique : De l\u2019\u00e9tude mat\u00e9rielle \u00e0 l\u2019analyse sociale et culturelle : faire l\u2019histoire des v\u00eatements avec les objets (Emmanuelle Garcin, restauratrice textile Mus\u00e9e des arts d\u00e9coratifs, Paris)<br \/>\nRepas &#8211; buffet<br \/>\n14h15h30 : visite de l\u2019exposition \u00ab Fashion Folklore \u00bb avec la commissaire (Marie Charlotte Calafat)<br \/>\n16h-17h30 : Faire du textile un objet de recherche en histoire de l\u2019art (Aziza Gril Mariotte, professeur d\u2019histoire de l\u2019art moderne, Aix-Marseille universit\u00e9 et directrice du Mus\u00e9e des tissus de Lyon)<br \/>\nMercredi &#8211; Mucem Lab (Fort Saint Jean)<br \/>\n9h15-12h30 : Atelier pratique : De l\u2019ethnologie \u00e0 l\u2019approche reconstitutive : faire l\u2019histoire de l\u2019alimentation avec les objets (Dominique Fr\u00e8re et Edouard de Laubrie)<br \/>\nRepas \u2013 buffet au Mucem lab<br \/>\n14h15h30 \u2013 Visite de l\u2019exposition le \u00ab Grande Mezze \u00bb avec le commissaire (E. de Laubrie)<br \/>\n16h-17h30 \u2013 Manuel Charpy (CNRS-Invisu) : arts domestiques : interroger les objets du quotidien (tbc)<br \/>\nJeudi \u2013 CCR (biblioth\u00e8que)<br \/>\n9-12h : retour et bilan<\/p>\n<p><strong>Conditions :<\/strong><br \/>\n&#8211; Cette \u00e9cole d\u2019\u00e9t\u00e9 est ouverte aux doctorants et \u00e9tudiants de M2 des laboratoires partenaires<br \/>\n&#8211; Pour y participer, il faut envoyer sa candidature \u2013 sous forme d\u2019un CV d\u2019une page et d\u2019un expos\u00e9 du projet de recherche (1 page) \u00e0 l\u2019adresse suivante summerschoolobjets2023@gmail.com avant le 21 juin. Les candidats seront notifi\u00e9s courant juin.<br \/>\nLes participants retenus se verront pris en charge pour voyage, h\u00e9bergement et demie pension pendant la dur\u00e9e de l\u2019\u00e9cole d\u2019\u00e9t\u00e9.<\/p>\n<p><strong>NB<\/strong> : La summer school compte pour un total de 28 heures au titre de la formation doctorale<\/p>\n","protected":false},"excerpt":{"rendered":"<p>Format : 20 \u00e9tudiants Date : du lundi 11, \u00e0 9h au jeudi 14 septembre 2023 \u00e0 midi. Texte de cadrage Cette \u00e9cole d\u2019\u00e9t\u00e9 s\u2019adresse principalement aux \u00e9tudiants de Master&hellip;&nbsp;<a href=\"https:\/\/telemme.mmsh.fr\/?p=12906\" rel=\"bookmark\">Lire la suite &raquo;<span class=\"screen-reader-text\">[\u00c9cole d&rsquo;\u00e9t\u00e9] \u00c9crire l\u2019histoire avec les objets Histoire, Histoire de l\u2019art, Arch\u00e9ologie<\/span><\/a><\/p>\n","protected":false},"author":175,"featured_media":12910,"comment_status":"closed","ping_status":"closed","sticky":false,"template":"","format":"standard","meta":{"neve_meta_sidebar":"","neve_meta_container":"","neve_meta_enable_content_width":"off","neve_meta_content_width":70,"neve_meta_title_alignment":"","neve_meta_author_avatar":"","neve_post_elements_order":"","neve_meta_disable_header":"","neve_meta_disable_footer":"","neve_meta_disable_title":"","_tribe_events_control_status":"","_tribe_events_control_status_canceled_reason":"","_tribe_events_control_status_postponed_reason":"","_tribe_events_control_online":"","_tribe_events_control_online_url":"","footnotes":""},"categories":[2026],"tags":[2483],"class_list":["post-12906","post","type-post","status-publish","format-standard","has-post-thumbnail","hentry","category-appels-a-candidature","tag-ecole-dete"],"yoast_head":"<!-- This site is optimized with the Yoast SEO plugin v27.4 - https:\/\/yoast.com\/product\/yoast-seo-wordpress\/ -->\n<title>[\u00c9cole d&#039;\u00e9t\u00e9] \u00c9crire l\u2019histoire avec les objets Histoire, Histoire de l\u2019art, Arch\u00e9ologie - TELEMMe - Temps, espaces, langages, Europe m\u00e9ridionale, M\u00e9diterran\u00e9e<\/title>\n<meta name=\"robots\" content=\"index, follow, max-snippet:-1, max-image-preview:large, max-video-preview:-1\" \/>\n<link rel=\"canonical\" href=\"https:\/\/telemme.mmsh.fr\/?p=12906\" \/>\n<meta property=\"og:locale\" content=\"fr_FR\" \/>\n<meta property=\"og:type\" content=\"article\" \/>\n<meta property=\"og:title\" content=\"[\u00c9cole d&#039;\u00e9t\u00e9] \u00c9crire l\u2019histoire avec les objets Histoire, Histoire de l\u2019art, Arch\u00e9ologie - TELEMMe - Temps, espaces, langages, Europe m\u00e9ridionale, M\u00e9diterran\u00e9e\" \/>\n<meta property=\"og:description\" content=\"Format : 20 \u00e9tudiants Date : du lundi 11, \u00e0 9h au jeudi 14 septembre 2023 \u00e0 midi. Texte de cadrage Cette \u00e9cole d\u2019\u00e9t\u00e9 s\u2019adresse principalement aux \u00e9tudiants de Master&hellip;&nbsp;Lire la suite &raquo;[\u00c9cole d&rsquo;\u00e9t\u00e9] \u00c9crire l\u2019histoire avec les objets Histoire, Histoire de l\u2019art, Arch\u00e9ologie\" \/>\n<meta property=\"og:url\" content=\"https:\/\/telemme.mmsh.fr\/?p=12906\" \/>\n<meta property=\"og:site_name\" content=\"TELEMMe - Temps, espaces, langages, Europe m\u00e9ridionale, M\u00e9diterran\u00e9e\" \/>\n<meta property=\"article:published_time\" content=\"2023-06-15T07:35:01+00:00\" \/>\n<meta property=\"article:modified_time\" content=\"2023-06-15T07:48:05+00:00\" \/>\n<meta property=\"og:image\" content=\"https:\/\/telemme.mmsh.fr\/wp-content\/uploads\/2023\/06\/2013-MuCEM-CCR-Appartement-temoin-041-\u00a9-MuCEM-Yves-Inchierman05.jpg\" \/>\n\t<meta property=\"og:image:width\" content=\"1401\" \/>\n\t<meta property=\"og:image:height\" content=\"1004\" \/>\n\t<meta property=\"og:image:type\" content=\"image\/jpeg\" \/>\n<meta name=\"author\" content=\"Maja Mellet\" \/>\n<meta name=\"twitter:card\" content=\"summary_large_image\" \/>\n<meta name=\"twitter:label1\" content=\"\u00c9crit par\" \/>\n\t<meta name=\"twitter:data1\" content=\"Maja Mellet\" \/>\n\t<meta name=\"twitter:label2\" content=\"Dur\u00e9e de lecture estim\u00e9e\" \/>\n\t<meta name=\"twitter:data2\" content=\"4 minutes\" \/>\n<script type=\"application\/ld+json\" class=\"yoast-schema-graph\">{\"@context\":\"https:\\\/\\\/schema.org\",\"@graph\":[{\"@type\":\"Article\",\"@id\":\"https:\\\/\\\/telemme.mmsh.fr\\\/?p=12906#article\",\"isPartOf\":{\"@id\":\"https:\\\/\\\/telemme.mmsh.fr\\\/?p=12906\"},\"author\":{\"name\":\"Maja Mellet\",\"@id\":\"https:\\\/\\\/telemme.mmsh.fr\\\/#\\\/schema\\\/person\\\/c433e5fd025c00718f715ba73f040691\"},\"headline\":\"[\u00c9cole d&rsquo;\u00e9t\u00e9] \u00c9crire l\u2019histoire avec les objets Histoire, Histoire de l\u2019art, Arch\u00e9ologie\",\"datePublished\":\"2023-06-15T07:35:01+00:00\",\"dateModified\":\"2023-06-15T07:48:05+00:00\",\"mainEntityOfPage\":{\"@id\":\"https:\\\/\\\/telemme.mmsh.fr\\\/?p=12906\"},\"wordCount\":721,\"publisher\":{\"@id\":\"https:\\\/\\\/telemme.mmsh.fr\\\/#organization\"},\"image\":{\"@id\":\"https:\\\/\\\/telemme.mmsh.fr\\\/?p=12906#primaryimage\"},\"thumbnailUrl\":\"https:\\\/\\\/telemme.mmsh.fr\\\/wp-content\\\/uploads\\\/2023\\\/06\\\/2013-MuCEM-CCR-Appartement-temoin-041-\u00a9-MuCEM-Yves-Inchierman05.jpg\",\"keywords\":[\"\u00e9cole d&#039;\u00e9t\u00e9\"],\"articleSection\":[\"Appels \u00e0 candidature\"],\"inLanguage\":\"fr-FR\"},{\"@type\":\"WebPage\",\"@id\":\"https:\\\/\\\/telemme.mmsh.fr\\\/?p=12906\",\"url\":\"https:\\\/\\\/telemme.mmsh.fr\\\/?p=12906\",\"name\":\"[\u00c9cole d'\u00e9t\u00e9] \u00c9crire l\u2019histoire avec les objets Histoire, Histoire de l\u2019art, Arch\u00e9ologie - TELEMMe - Temps, espaces, langages, Europe m\u00e9ridionale, M\u00e9diterran\u00e9e\",\"isPartOf\":{\"@id\":\"https:\\\/\\\/telemme.mmsh.fr\\\/#website\"},\"primaryImageOfPage\":{\"@id\":\"https:\\\/\\\/telemme.mmsh.fr\\\/?p=12906#primaryimage\"},\"image\":{\"@id\":\"https:\\\/\\\/telemme.mmsh.fr\\\/?p=12906#primaryimage\"},\"thumbnailUrl\":\"https:\\\/\\\/telemme.mmsh.fr\\\/wp-content\\\/uploads\\\/2023\\\/06\\\/2013-MuCEM-CCR-Appartement-temoin-041-\u00a9-MuCEM-Yves-Inchierman05.jpg\",\"datePublished\":\"2023-06-15T07:35:01+00:00\",\"dateModified\":\"2023-06-15T07:48:05+00:00\",\"breadcrumb\":{\"@id\":\"https:\\\/\\\/telemme.mmsh.fr\\\/?p=12906#breadcrumb\"},\"inLanguage\":\"fr-FR\",\"potentialAction\":[{\"@type\":\"ReadAction\",\"target\":[\"https:\\\/\\\/telemme.mmsh.fr\\\/?p=12906\"]}]},{\"@type\":\"ImageObject\",\"inLanguage\":\"fr-FR\",\"@id\":\"https:\\\/\\\/telemme.mmsh.fr\\\/?p=12906#primaryimage\",\"url\":\"https:\\\/\\\/telemme.mmsh.fr\\\/wp-content\\\/uploads\\\/2023\\\/06\\\/2013-MuCEM-CCR-Appartement-temoin-041-\u00a9-MuCEM-Yves-Inchierman05.jpg\",\"contentUrl\":\"https:\\\/\\\/telemme.mmsh.fr\\\/wp-content\\\/uploads\\\/2023\\\/06\\\/2013-MuCEM-CCR-Appartement-temoin-041-\u00a9-MuCEM-Yves-Inchierman05.jpg\",\"width\":1401,\"height\":1004,\"caption\":\"2013-MuCEM-CCR-Appartement-temoin-041-\u00a9-MuCEM-Yves-Inchierman05.jpg\"},{\"@type\":\"BreadcrumbList\",\"@id\":\"https:\\\/\\\/telemme.mmsh.fr\\\/?p=12906#breadcrumb\",\"itemListElement\":[{\"@type\":\"ListItem\",\"position\":1,\"name\":\"Accueil\",\"item\":\"https:\\\/\\\/telemme.mmsh.fr\\\/\"},{\"@type\":\"ListItem\",\"position\":2,\"name\":\"Actualit\u00e9s\",\"item\":\"https:\\\/\\\/telemme.mmsh.fr\\\/?cat=1995\"},{\"@type\":\"ListItem\",\"position\":3,\"name\":\"Appels \u00e0 candidature\",\"item\":\"https:\\\/\\\/telemme.mmsh.fr\\\/?cat=2026\"},{\"@type\":\"ListItem\",\"position\":4,\"name\":\"[\u00c9cole d&#8217;\u00e9t\u00e9] \u00c9crire l\u2019histoire avec les objets Histoire, Histoire de l\u2019art, Arch\u00e9ologie\"}]},{\"@type\":\"WebSite\",\"@id\":\"https:\\\/\\\/telemme.mmsh.fr\\\/#website\",\"url\":\"https:\\\/\\\/telemme.mmsh.fr\\\/\",\"name\":\"TELEMMe - Temps, espaces, langages, Europe m\u00e9ridionale, M\u00e9diterran\u00e9e\",\"description\":\"\",\"publisher\":{\"@id\":\"https:\\\/\\\/telemme.mmsh.fr\\\/#organization\"},\"potentialAction\":[{\"@type\":\"SearchAction\",\"target\":{\"@type\":\"EntryPoint\",\"urlTemplate\":\"https:\\\/\\\/telemme.mmsh.fr\\\/?s={search_term_string}\"},\"query-input\":{\"@type\":\"PropertyValueSpecification\",\"valueRequired\":true,\"valueName\":\"search_term_string\"}}],\"inLanguage\":\"fr-FR\"},{\"@type\":\"Organization\",\"@id\":\"https:\\\/\\\/telemme.mmsh.fr\\\/#organization\",\"name\":\"TELEMMe\",\"url\":\"https:\\\/\\\/telemme.mmsh.fr\\\/\",\"logo\":{\"@type\":\"ImageObject\",\"inLanguage\":\"fr-FR\",\"@id\":\"https:\\\/\\\/telemme.mmsh.fr\\\/#\\\/schema\\\/logo\\\/image\\\/\",\"url\":\"https:\\\/\\\/telemme.mmsh.fr\\\/wp-content\\\/uploads\\\/2020\\\/03\\\/LogoTELEMMe-horizontal-fond-transparent.png\",\"contentUrl\":\"https:\\\/\\\/telemme.mmsh.fr\\\/wp-content\\\/uploads\\\/2020\\\/03\\\/LogoTELEMMe-horizontal-fond-transparent.png\",\"width\":1500,\"height\":437,\"caption\":\"TELEMMe\"},\"image\":{\"@id\":\"https:\\\/\\\/telemme.mmsh.fr\\\/#\\\/schema\\\/logo\\\/image\\\/\"}},{\"@type\":\"Person\",\"@id\":\"https:\\\/\\\/telemme.mmsh.fr\\\/#\\\/schema\\\/person\\\/c433e5fd025c00718f715ba73f040691\",\"name\":\"Maja Mellet\",\"url\":\"https:\\\/\\\/telemme.mmsh.fr\\\/?author=175\"}]}<\/script>\n<!-- \/ Yoast SEO plugin. -->","yoast_head_json":{"title":"[\u00c9cole d'\u00e9t\u00e9] \u00c9crire l\u2019histoire avec les objets Histoire, Histoire de l\u2019art, Arch\u00e9ologie - TELEMMe - Temps, espaces, langages, Europe m\u00e9ridionale, M\u00e9diterran\u00e9e","robots":{"index":"index","follow":"follow","max-snippet":"max-snippet:-1","max-image-preview":"max-image-preview:large","max-video-preview":"max-video-preview:-1"},"canonical":"https:\/\/telemme.mmsh.fr\/?p=12906","og_locale":"fr_FR","og_type":"article","og_title":"[\u00c9cole d'\u00e9t\u00e9] \u00c9crire l\u2019histoire avec les objets Histoire, Histoire de l\u2019art, Arch\u00e9ologie - TELEMMe - Temps, espaces, langages, Europe m\u00e9ridionale, M\u00e9diterran\u00e9e","og_description":"Format : 20 \u00e9tudiants Date : du lundi 11, \u00e0 9h au jeudi 14 septembre 2023 \u00e0 midi. Texte de cadrage Cette \u00e9cole d\u2019\u00e9t\u00e9 s\u2019adresse principalement aux \u00e9tudiants de Master&hellip;&nbsp;Lire la suite &raquo;[\u00c9cole d&rsquo;\u00e9t\u00e9] \u00c9crire l\u2019histoire avec les objets Histoire, Histoire de l\u2019art, Arch\u00e9ologie","og_url":"https:\/\/telemme.mmsh.fr\/?p=12906","og_site_name":"TELEMMe - Temps, espaces, langages, Europe m\u00e9ridionale, M\u00e9diterran\u00e9e","article_published_time":"2023-06-15T07:35:01+00:00","article_modified_time":"2023-06-15T07:48:05+00:00","og_image":[{"width":1401,"height":1004,"url":"https:\/\/telemme.mmsh.fr\/wp-content\/uploads\/2023\/06\/2013-MuCEM-CCR-Appartement-temoin-041-\u00a9-MuCEM-Yves-Inchierman05.jpg","type":"image\/jpeg"}],"author":"Maja Mellet","twitter_card":"summary_large_image","twitter_misc":{"\u00c9crit par":"Maja Mellet","Dur\u00e9e de lecture estim\u00e9e":"4 minutes"},"schema":{"@context":"https:\/\/schema.org","@graph":[{"@type":"Article","@id":"https:\/\/telemme.mmsh.fr\/?p=12906#article","isPartOf":{"@id":"https:\/\/telemme.mmsh.fr\/?p=12906"},"author":{"name":"Maja Mellet","@id":"https:\/\/telemme.mmsh.fr\/#\/schema\/person\/c433e5fd025c00718f715ba73f040691"},"headline":"[\u00c9cole d&rsquo;\u00e9t\u00e9] \u00c9crire l\u2019histoire avec les objets Histoire, Histoire de l\u2019art, Arch\u00e9ologie","datePublished":"2023-06-15T07:35:01+00:00","dateModified":"2023-06-15T07:48:05+00:00","mainEntityOfPage":{"@id":"https:\/\/telemme.mmsh.fr\/?p=12906"},"wordCount":721,"publisher":{"@id":"https:\/\/telemme.mmsh.fr\/#organization"},"image":{"@id":"https:\/\/telemme.mmsh.fr\/?p=12906#primaryimage"},"thumbnailUrl":"https:\/\/telemme.mmsh.fr\/wp-content\/uploads\/2023\/06\/2013-MuCEM-CCR-Appartement-temoin-041-\u00a9-MuCEM-Yves-Inchierman05.jpg","keywords":["\u00e9cole d&#039;\u00e9t\u00e9"],"articleSection":["Appels \u00e0 candidature"],"inLanguage":"fr-FR"},{"@type":"WebPage","@id":"https:\/\/telemme.mmsh.fr\/?p=12906","url":"https:\/\/telemme.mmsh.fr\/?p=12906","name":"[\u00c9cole d'\u00e9t\u00e9] \u00c9crire l\u2019histoire avec les objets Histoire, Histoire de l\u2019art, Arch\u00e9ologie - TELEMMe - Temps, espaces, langages, Europe m\u00e9ridionale, M\u00e9diterran\u00e9e","isPartOf":{"@id":"https:\/\/telemme.mmsh.fr\/#website"},"primaryImageOfPage":{"@id":"https:\/\/telemme.mmsh.fr\/?p=12906#primaryimage"},"image":{"@id":"https:\/\/telemme.mmsh.fr\/?p=12906#primaryimage"},"thumbnailUrl":"https:\/\/telemme.mmsh.fr\/wp-content\/uploads\/2023\/06\/2013-MuCEM-CCR-Appartement-temoin-041-\u00a9-MuCEM-Yves-Inchierman05.jpg","datePublished":"2023-06-15T07:35:01+00:00","dateModified":"2023-06-15T07:48:05+00:00","breadcrumb":{"@id":"https:\/\/telemme.mmsh.fr\/?p=12906#breadcrumb"},"inLanguage":"fr-FR","potentialAction":[{"@type":"ReadAction","target":["https:\/\/telemme.mmsh.fr\/?p=12906"]}]},{"@type":"ImageObject","inLanguage":"fr-FR","@id":"https:\/\/telemme.mmsh.fr\/?p=12906#primaryimage","url":"https:\/\/telemme.mmsh.fr\/wp-content\/uploads\/2023\/06\/2013-MuCEM-CCR-Appartement-temoin-041-\u00a9-MuCEM-Yves-Inchierman05.jpg","contentUrl":"https:\/\/telemme.mmsh.fr\/wp-content\/uploads\/2023\/06\/2013-MuCEM-CCR-Appartement-temoin-041-\u00a9-MuCEM-Yves-Inchierman05.jpg","width":1401,"height":1004,"caption":"2013-MuCEM-CCR-Appartement-temoin-041-\u00a9-MuCEM-Yves-Inchierman05.jpg"},{"@type":"BreadcrumbList","@id":"https:\/\/telemme.mmsh.fr\/?p=12906#breadcrumb","itemListElement":[{"@type":"ListItem","position":1,"name":"Accueil","item":"https:\/\/telemme.mmsh.fr\/"},{"@type":"ListItem","position":2,"name":"Actualit\u00e9s","item":"https:\/\/telemme.mmsh.fr\/?cat=1995"},{"@type":"ListItem","position":3,"name":"Appels \u00e0 candidature","item":"https:\/\/telemme.mmsh.fr\/?cat=2026"},{"@type":"ListItem","position":4,"name":"[\u00c9cole d&#8217;\u00e9t\u00e9] \u00c9crire l\u2019histoire avec les objets Histoire, Histoire de l\u2019art, Arch\u00e9ologie"}]},{"@type":"WebSite","@id":"https:\/\/telemme.mmsh.fr\/#website","url":"https:\/\/telemme.mmsh.fr\/","name":"TELEMMe - Temps, espaces, langages, Europe m\u00e9ridionale, M\u00e9diterran\u00e9e","description":"","publisher":{"@id":"https:\/\/telemme.mmsh.fr\/#organization"},"potentialAction":[{"@type":"SearchAction","target":{"@type":"EntryPoint","urlTemplate":"https:\/\/telemme.mmsh.fr\/?s={search_term_string}"},"query-input":{"@type":"PropertyValueSpecification","valueRequired":true,"valueName":"search_term_string"}}],"inLanguage":"fr-FR"},{"@type":"Organization","@id":"https:\/\/telemme.mmsh.fr\/#organization","name":"TELEMMe","url":"https:\/\/telemme.mmsh.fr\/","logo":{"@type":"ImageObject","inLanguage":"fr-FR","@id":"https:\/\/telemme.mmsh.fr\/#\/schema\/logo\/image\/","url":"https:\/\/telemme.mmsh.fr\/wp-content\/uploads\/2020\/03\/LogoTELEMMe-horizontal-fond-transparent.png","contentUrl":"https:\/\/telemme.mmsh.fr\/wp-content\/uploads\/2020\/03\/LogoTELEMMe-horizontal-fond-transparent.png","width":1500,"height":437,"caption":"TELEMMe"},"image":{"@id":"https:\/\/telemme.mmsh.fr\/#\/schema\/logo\/image\/"}},{"@type":"Person","@id":"https:\/\/telemme.mmsh.fr\/#\/schema\/person\/c433e5fd025c00718f715ba73f040691","name":"Maja Mellet","url":"https:\/\/telemme.mmsh.fr\/?author=175"}]}},"_links":{"self":[{"href":"https:\/\/telemme.mmsh.fr\/index.php?rest_route=\/wp\/v2\/posts\/12906","targetHints":{"allow":["GET"]}}],"collection":[{"href":"https:\/\/telemme.mmsh.fr\/index.php?rest_route=\/wp\/v2\/posts"}],"about":[{"href":"https:\/\/telemme.mmsh.fr\/index.php?rest_route=\/wp\/v2\/types\/post"}],"author":[{"embeddable":true,"href":"https:\/\/telemme.mmsh.fr\/index.php?rest_route=\/wp\/v2\/users\/175"}],"replies":[{"embeddable":true,"href":"https:\/\/telemme.mmsh.fr\/index.php?rest_route=%2Fwp%2Fv2%2Fcomments&post=12906"}],"version-history":[{"count":2,"href":"https:\/\/telemme.mmsh.fr\/index.php?rest_route=\/wp\/v2\/posts\/12906\/revisions"}],"predecessor-version":[{"id":12911,"href":"https:\/\/telemme.mmsh.fr\/index.php?rest_route=\/wp\/v2\/posts\/12906\/revisions\/12911"}],"wp:featuredmedia":[{"embeddable":true,"href":"https:\/\/telemme.mmsh.fr\/index.php?rest_route=\/wp\/v2\/media\/12910"}],"wp:attachment":[{"href":"https:\/\/telemme.mmsh.fr\/index.php?rest_route=%2Fwp%2Fv2%2Fmedia&parent=12906"}],"wp:term":[{"taxonomy":"category","embeddable":true,"href":"https:\/\/telemme.mmsh.fr\/index.php?rest_route=%2Fwp%2Fv2%2Fcategories&post=12906"},{"taxonomy":"post_tag","embeddable":true,"href":"https:\/\/telemme.mmsh.fr\/index.php?rest_route=%2Fwp%2Fv2%2Ftags&post=12906"}],"curies":[{"name":"wp","href":"https:\/\/api.w.org\/{rel}","templated":true}]}}