{"id":12862,"date":"2023-05-25T12:05:01","date_gmt":"2023-05-25T10:05:01","guid":{"rendered":"https:\/\/telemme.mmsh.fr\/?p=12862"},"modified":"2023-05-25T12:05:53","modified_gmt":"2023-05-25T10:05:53","slug":"avis-de-soutenance-dhdr-de-jean-noel-consales","status":"publish","type":"post","link":"https:\/\/telemme.mmsh.fr\/?p=12862","title":{"rendered":"Avis de soutenance d\u2019HDR de Jean No\u00ebl Consal\u00e8s"},"content":{"rendered":"<p>Jean No\u00ebl Consal\u00e8s a l\u2019honneur de vous inviter \u00e0 la soutenance de son Habilitation \u00e0 Diriger des Recherches (HDR). Celle-ci s\u2019intitule\u00a0:<\/p>\n<p>(<strong>A)m\u00e9nager des M\u00e9tropoles-Jardins<\/strong><\/p>\n<p><strong>Pour une g\u00e9ographie appliqu\u00e9e \u00e0 la planification et \u00e0 l\u2019urbanisme \u00e9cologiques<\/strong><\/p>\n<p><strong>Le cas d\u2019Aix-Marseille-Provence M\u00e9tropole<\/strong><\/p>\n<p><strong>Le r\u00e9sum\u00e9<\/strong> de son travail est disponible <strong>en pi\u00e8ce jointe<\/strong>.<\/p>\n<p>Cette HDR sera soutenue <strong>le lundi 5 juin 2023 \u00e0 14h<\/strong> \u00e0 l\u2019Universit\u00e9 Lumi\u00e8re Lyon 2, Maison des Sciences de l\u2019Homme Lyon St-Etienne, salle Elise Rivet, 14 Avenue Berthelot, 69007 Lyon.<\/p>\n<p>Une retranscription par <strong>visioconf\u00e9rence<\/strong> sera assur\u00e9e. Pour la suivre, <strong>il convient obligatoirement de s\u2019inscrire <\/strong>via le lien suivant\u00a0: <a href=\"https:\/\/forms.gle\/WwQXV5SPjTi1tnZ56\">https:\/\/forms.gle\/WwQXV5SPjTi1tnZ56<\/a><\/p>\n<p>Le jury d\u2019HDR sera compos\u00e9 de :<\/p>\n<p><strong>Mayt\u00e9 Banzo<\/strong> (rapporteure), Professeure des Universit\u00e9s \u00e0 l\u2019Universit\u00e9 Bordeaux Montaigne, Chercheure \u00e0 l\u2019UMR 5319 Passages<\/p>\n<p><strong>Brigitte Bertoncello<\/strong> (examinatrice), Professeure des Universit\u00e9s \u00e9m\u00e9rite \u00e0 l\u2019Universit\u00e9 d\u2019Aix-Marseille, Chercheure au Laboratoire Population &#8211; Environnement &#8211; D\u00e9veloppement (LPED)<\/p>\n<p><strong>\u00c9ric Charmes<\/strong> (examinateur), Directeur de Recherche \u00e0 l&rsquo;ENTPE, Chercheur \u00e0 l\u2019UMR 5600 Environnement Ville Soci\u00e9t\u00e9<\/p>\n<p><strong>Claire Delfosse<\/strong> (garante scientifique), Professeure \u00e0 l&rsquo;Universit\u00e9 de Lyon 2, Directrice du Laboratoire d\u2019Etudes Rurales<\/p>\n<p><strong>Patrick Moquay<\/strong> (rapporteur), Professeur \u00e0 \u00c9cole nationale sup\u00e9rieure de paysage de Versailles, Directeur du Laboratoire de Recherche en Projet de Paysage LAREP<\/p>\n<p><strong>Monique Poulot<\/strong> (examinatrice), Professeure de G\u00e9ographie \u00e0 l&rsquo;universit\u00e9 Paris-Nanterre, Chercheure au Laboratoire Architecture, Ville, Urbanisme, Environnement (LAVUE)<\/p>\n<p><strong>Jean-Louis Yengu\u00e9<\/strong> (rapporteur), Professeur des Universit\u00e9s \u00e0 l\u2019Universit\u00e9 de Poitiers, Chercheur au laboratoire Ruralit\u00e9s<\/p>\n","protected":false},"excerpt":{"rendered":"<p>Avis de soutenance d\u2019HDR de Jean No\u00ebl Consal\u00e8s<\/p>\n","protected":false},"author":175,"featured_media":4024,"comment_status":"closed","ping_status":"closed","sticky":false,"template":"","format":"standard","meta":{"neve_meta_sidebar":"","neve_meta_container":"","neve_meta_enable_content_width":"off","neve_meta_content_width":70,"neve_meta_title_alignment":"","neve_meta_author_avatar":"","neve_post_elements_order":"","neve_meta_disable_header":"","neve_meta_disable_footer":"","neve_meta_disable_title":"","_tribe_events_control_status":"","_tribe_events_control_status_canceled_reason":"","_tribe_events_control_status_postponed_reason":"","_tribe_events_control_online":"","_tribe_events_control_online_url":"","footnotes":""},"categories":[2001],"tags":[],"class_list":["post-12862","post","type-post","status-publish","format-standard","has-post-thumbnail","hentry","category-soutenance-hdr"],"yoast_head":"<!-- This site is optimized with the Yoast SEO plugin v27.4 - https:\/\/yoast.com\/product\/yoast-seo-wordpress\/ -->\n<title>Avis de soutenance d\u2019HDR de Jean No\u00ebl Consal\u00e8s - TELEMMe - Temps, espaces, langages, Europe m\u00e9ridionale, M\u00e9diterran\u00e9e<\/title>\n<meta name=\"description\" content=\"Avis de soutenance d\u2019HDR de Jean No\u00ebl Consal\u00e8s\" \/>\n<meta name=\"robots\" content=\"index, follow, max-snippet:-1, max-image-preview:large, max-video-preview:-1\" \/>\n<link rel=\"canonical\" href=\"https:\/\/telemme.mmsh.fr\/?p=12862\" \/>\n<meta property=\"og:locale\" content=\"fr_FR\" \/>\n<meta property=\"og:type\" content=\"article\" \/>\n<meta property=\"og:title\" content=\"Avis de soutenance d\u2019HDR de Jean No\u00ebl Consal\u00e8s - TELEMMe - Temps, espaces, langages, Europe m\u00e9ridionale, M\u00e9diterran\u00e9e\" \/>\n<meta property=\"og:description\" content=\"Avis de soutenance d\u2019HDR de Jean No\u00ebl Consal\u00e8s\" \/>\n<meta property=\"og:url\" content=\"https:\/\/telemme.mmsh.fr\/?p=12862\" \/>\n<meta property=\"og:site_name\" content=\"TELEMMe - Temps, espaces, langages, Europe m\u00e9ridionale, M\u00e9diterran\u00e9e\" \/>\n<meta property=\"article:published_time\" content=\"2023-05-25T10:05:01+00:00\" \/>\n<meta property=\"article:modified_time\" content=\"2023-05-25T10:05:53+00:00\" \/>\n<meta property=\"og:image\" content=\"https:\/\/telemme.mmsh.fr\/wp-content\/uploads\/2020\/11\/Photo-Jean-Noel-Consales3.jpg\" \/>\n\t<meta property=\"og:image:width\" content=\"500\" \/>\n\t<meta property=\"og:image:height\" content=\"483\" \/>\n\t<meta property=\"og:image:type\" content=\"image\/jpeg\" \/>\n<meta name=\"author\" content=\"Maja Mellet\" \/>\n<meta name=\"twitter:card\" content=\"summary_large_image\" \/>\n<meta name=\"twitter:label1\" content=\"\u00c9crit par\" \/>\n\t<meta name=\"twitter:data1\" content=\"Maja Mellet\" \/>\n\t<meta name=\"twitter:label2\" content=\"Dur\u00e9e de lecture estim\u00e9e\" \/>\n\t<meta name=\"twitter:data2\" content=\"1 minute\" \/>\n<script type=\"application\/ld+json\" class=\"yoast-schema-graph\">{\"@context\":\"https:\\\/\\\/schema.org\",\"@graph\":[{\"@type\":\"Article\",\"@id\":\"https:\\\/\\\/telemme.mmsh.fr\\\/?p=12862#article\",\"isPartOf\":{\"@id\":\"https:\\\/\\\/telemme.mmsh.fr\\\/?p=12862\"},\"author\":{\"name\":\"Maja Mellet\",\"@id\":\"https:\\\/\\\/telemme.mmsh.fr\\\/#\\\/schema\\\/person\\\/c433e5fd025c00718f715ba73f040691\"},\"headline\":\"Avis de soutenance d\u2019HDR de Jean No\u00ebl Consal\u00e8s\",\"datePublished\":\"2023-05-25T10:05:01+00:00\",\"dateModified\":\"2023-05-25T10:05:53+00:00\",\"mainEntityOfPage\":{\"@id\":\"https:\\\/\\\/telemme.mmsh.fr\\\/?p=12862\"},\"wordCount\":255,\"publisher\":{\"@id\":\"https:\\\/\\\/telemme.mmsh.fr\\\/#organization\"},\"image\":{\"@id\":\"https:\\\/\\\/telemme.mmsh.fr\\\/?p=12862#primaryimage\"},\"thumbnailUrl\":\"https:\\\/\\\/telemme.mmsh.fr\\\/wp-content\\\/uploads\\\/2020\\\/11\\\/Photo-Jean-Noel-Consales3.jpg\",\"articleSection\":[\"Soutenances d'HDR\"],\"inLanguage\":\"fr-FR\"},{\"@type\":\"WebPage\",\"@id\":\"https:\\\/\\\/telemme.mmsh.fr\\\/?p=12862\",\"url\":\"https:\\\/\\\/telemme.mmsh.fr\\\/?p=12862\",\"name\":\"Avis de soutenance d\u2019HDR de Jean No\u00ebl Consal\u00e8s - TELEMMe - Temps, espaces, langages, Europe m\u00e9ridionale, M\u00e9diterran\u00e9e\",\"isPartOf\":{\"@id\":\"https:\\\/\\\/telemme.mmsh.fr\\\/#website\"},\"primaryImageOfPage\":{\"@id\":\"https:\\\/\\\/telemme.mmsh.fr\\\/?p=12862#primaryimage\"},\"image\":{\"@id\":\"https:\\\/\\\/telemme.mmsh.fr\\\/?p=12862#primaryimage\"},\"thumbnailUrl\":\"https:\\\/\\\/telemme.mmsh.fr\\\/wp-content\\\/uploads\\\/2020\\\/11\\\/Photo-Jean-Noel-Consales3.jpg\",\"datePublished\":\"2023-05-25T10:05:01+00:00\",\"dateModified\":\"2023-05-25T10:05:53+00:00\",\"description\":\"Avis de soutenance d\u2019HDR de Jean No\u00ebl Consal\u00e8s\",\"breadcrumb\":{\"@id\":\"https:\\\/\\\/telemme.mmsh.fr\\\/?p=12862#breadcrumb\"},\"inLanguage\":\"fr-FR\",\"potentialAction\":[{\"@type\":\"ReadAction\",\"target\":[\"https:\\\/\\\/telemme.mmsh.fr\\\/?p=12862\"]}]},{\"@type\":\"ImageObject\",\"inLanguage\":\"fr-FR\",\"@id\":\"https:\\\/\\\/telemme.mmsh.fr\\\/?p=12862#primaryimage\",\"url\":\"https:\\\/\\\/telemme.mmsh.fr\\\/wp-content\\\/uploads\\\/2020\\\/11\\\/Photo-Jean-Noel-Consales3.jpg\",\"contentUrl\":\"https:\\\/\\\/telemme.mmsh.fr\\\/wp-content\\\/uploads\\\/2020\\\/11\\\/Photo-Jean-Noel-Consales3.jpg\",\"width\":500,\"height\":483,\"caption\":\"Jean-No\u00ebl Consal\u00e8s, TELEMMe (AMU-CNRS)\"},{\"@type\":\"BreadcrumbList\",\"@id\":\"https:\\\/\\\/telemme.mmsh.fr\\\/?p=12862#breadcrumb\",\"itemListElement\":[{\"@type\":\"ListItem\",\"position\":1,\"name\":\"Accueil\",\"item\":\"https:\\\/\\\/telemme.mmsh.fr\\\/\"},{\"@type\":\"ListItem\",\"position\":2,\"name\":\"Actualit\u00e9s\",\"item\":\"https:\\\/\\\/telemme.mmsh.fr\\\/?cat=1995\"},{\"@type\":\"ListItem\",\"position\":3,\"name\":\"Soutenances d'HDR\",\"item\":\"https:\\\/\\\/telemme.mmsh.fr\\\/?cat=2001\"},{\"@type\":\"ListItem\",\"position\":4,\"name\":\"Avis de soutenance d\u2019HDR de Jean No\u00ebl Consal\u00e8s\"}]},{\"@type\":\"WebSite\",\"@id\":\"https:\\\/\\\/telemme.mmsh.fr\\\/#website\",\"url\":\"https:\\\/\\\/telemme.mmsh.fr\\\/\",\"name\":\"TELEMMe - Temps, espaces, langages, Europe m\u00e9ridionale, M\u00e9diterran\u00e9e\",\"description\":\"\",\"publisher\":{\"@id\":\"https:\\\/\\\/telemme.mmsh.fr\\\/#organization\"},\"potentialAction\":[{\"@type\":\"SearchAction\",\"target\":{\"@type\":\"EntryPoint\",\"urlTemplate\":\"https:\\\/\\\/telemme.mmsh.fr\\\/?s={search_term_string}\"},\"query-input\":{\"@type\":\"PropertyValueSpecification\",\"valueRequired\":true,\"valueName\":\"search_term_string\"}}],\"inLanguage\":\"fr-FR\"},{\"@type\":\"Organization\",\"@id\":\"https:\\\/\\\/telemme.mmsh.fr\\\/#organization\",\"name\":\"TELEMMe\",\"url\":\"https:\\\/\\\/telemme.mmsh.fr\\\/\",\"logo\":{\"@type\":\"ImageObject\",\"inLanguage\":\"fr-FR\",\"@id\":\"https:\\\/\\\/telemme.mmsh.fr\\\/#\\\/schema\\\/logo\\\/image\\\/\",\"url\":\"https:\\\/\\\/telemme.mmsh.fr\\\/wp-content\\\/uploads\\\/2020\\\/03\\\/LogoTELEMMe-horizontal-fond-transparent.png\",\"contentUrl\":\"https:\\\/\\\/telemme.mmsh.fr\\\/wp-content\\\/uploads\\\/2020\\\/03\\\/LogoTELEMMe-horizontal-fond-transparent.png\",\"width\":1500,\"height\":437,\"caption\":\"TELEMMe\"},\"image\":{\"@id\":\"https:\\\/\\\/telemme.mmsh.fr\\\/#\\\/schema\\\/logo\\\/image\\\/\"}},{\"@type\":\"Person\",\"@id\":\"https:\\\/\\\/telemme.mmsh.fr\\\/#\\\/schema\\\/person\\\/c433e5fd025c00718f715ba73f040691\",\"name\":\"Maja Mellet\",\"url\":\"https:\\\/\\\/telemme.mmsh.fr\\\/?author=175\"}]}<\/script>\n<!-- \/ Yoast SEO plugin. -->","yoast_head_json":{"title":"Avis de soutenance d\u2019HDR de Jean No\u00ebl Consal\u00e8s - TELEMMe - Temps, espaces, langages, Europe m\u00e9ridionale, M\u00e9diterran\u00e9e","description":"Avis de soutenance d\u2019HDR de Jean No\u00ebl Consal\u00e8s","robots":{"index":"index","follow":"follow","max-snippet":"max-snippet:-1","max-image-preview":"max-image-preview:large","max-video-preview":"max-video-preview:-1"},"canonical":"https:\/\/telemme.mmsh.fr\/?p=12862","og_locale":"fr_FR","og_type":"article","og_title":"Avis de soutenance d\u2019HDR de Jean No\u00ebl Consal\u00e8s - TELEMMe - Temps, espaces, langages, Europe m\u00e9ridionale, M\u00e9diterran\u00e9e","og_description":"Avis de soutenance d\u2019HDR de Jean No\u00ebl Consal\u00e8s","og_url":"https:\/\/telemme.mmsh.fr\/?p=12862","og_site_name":"TELEMMe - Temps, espaces, langages, Europe m\u00e9ridionale, M\u00e9diterran\u00e9e","article_published_time":"2023-05-25T10:05:01+00:00","article_modified_time":"2023-05-25T10:05:53+00:00","og_image":[{"width":500,"height":483,"url":"https:\/\/telemme.mmsh.fr\/wp-content\/uploads\/2020\/11\/Photo-Jean-Noel-Consales3.jpg","type":"image\/jpeg"}],"author":"Maja Mellet","twitter_card":"summary_large_image","twitter_misc":{"\u00c9crit par":"Maja Mellet","Dur\u00e9e de lecture estim\u00e9e":"1 minute"},"schema":{"@context":"https:\/\/schema.org","@graph":[{"@type":"Article","@id":"https:\/\/telemme.mmsh.fr\/?p=12862#article","isPartOf":{"@id":"https:\/\/telemme.mmsh.fr\/?p=12862"},"author":{"name":"Maja Mellet","@id":"https:\/\/telemme.mmsh.fr\/#\/schema\/person\/c433e5fd025c00718f715ba73f040691"},"headline":"Avis de soutenance d\u2019HDR de Jean No\u00ebl Consal\u00e8s","datePublished":"2023-05-25T10:05:01+00:00","dateModified":"2023-05-25T10:05:53+00:00","mainEntityOfPage":{"@id":"https:\/\/telemme.mmsh.fr\/?p=12862"},"wordCount":255,"publisher":{"@id":"https:\/\/telemme.mmsh.fr\/#organization"},"image":{"@id":"https:\/\/telemme.mmsh.fr\/?p=12862#primaryimage"},"thumbnailUrl":"https:\/\/telemme.mmsh.fr\/wp-content\/uploads\/2020\/11\/Photo-Jean-Noel-Consales3.jpg","articleSection":["Soutenances d'HDR"],"inLanguage":"fr-FR"},{"@type":"WebPage","@id":"https:\/\/telemme.mmsh.fr\/?p=12862","url":"https:\/\/telemme.mmsh.fr\/?p=12862","name":"Avis de soutenance d\u2019HDR de Jean No\u00ebl Consal\u00e8s - TELEMMe - Temps, espaces, langages, Europe m\u00e9ridionale, M\u00e9diterran\u00e9e","isPartOf":{"@id":"https:\/\/telemme.mmsh.fr\/#website"},"primaryImageOfPage":{"@id":"https:\/\/telemme.mmsh.fr\/?p=12862#primaryimage"},"image":{"@id":"https:\/\/telemme.mmsh.fr\/?p=12862#primaryimage"},"thumbnailUrl":"https:\/\/telemme.mmsh.fr\/wp-content\/uploads\/2020\/11\/Photo-Jean-Noel-Consales3.jpg","datePublished":"2023-05-25T10:05:01+00:00","dateModified":"2023-05-25T10:05:53+00:00","description":"Avis de soutenance d\u2019HDR de Jean No\u00ebl Consal\u00e8s","breadcrumb":{"@id":"https:\/\/telemme.mmsh.fr\/?p=12862#breadcrumb"},"inLanguage":"fr-FR","potentialAction":[{"@type":"ReadAction","target":["https:\/\/telemme.mmsh.fr\/?p=12862"]}]},{"@type":"ImageObject","inLanguage":"fr-FR","@id":"https:\/\/telemme.mmsh.fr\/?p=12862#primaryimage","url":"https:\/\/telemme.mmsh.fr\/wp-content\/uploads\/2020\/11\/Photo-Jean-Noel-Consales3.jpg","contentUrl":"https:\/\/telemme.mmsh.fr\/wp-content\/uploads\/2020\/11\/Photo-Jean-Noel-Consales3.jpg","width":500,"height":483,"caption":"Jean-No\u00ebl Consal\u00e8s, TELEMMe (AMU-CNRS)"},{"@type":"BreadcrumbList","@id":"https:\/\/telemme.mmsh.fr\/?p=12862#breadcrumb","itemListElement":[{"@type":"ListItem","position":1,"name":"Accueil","item":"https:\/\/telemme.mmsh.fr\/"},{"@type":"ListItem","position":2,"name":"Actualit\u00e9s","item":"https:\/\/telemme.mmsh.fr\/?cat=1995"},{"@type":"ListItem","position":3,"name":"Soutenances d'HDR","item":"https:\/\/telemme.mmsh.fr\/?cat=2001"},{"@type":"ListItem","position":4,"name":"Avis de soutenance d\u2019HDR de Jean No\u00ebl Consal\u00e8s"}]},{"@type":"WebSite","@id":"https:\/\/telemme.mmsh.fr\/#website","url":"https:\/\/telemme.mmsh.fr\/","name":"TELEMMe - Temps, espaces, langages, Europe m\u00e9ridionale, M\u00e9diterran\u00e9e","description":"","publisher":{"@id":"https:\/\/telemme.mmsh.fr\/#organization"},"potentialAction":[{"@type":"SearchAction","target":{"@type":"EntryPoint","urlTemplate":"https:\/\/telemme.mmsh.fr\/?s={search_term_string}"},"query-input":{"@type":"PropertyValueSpecification","valueRequired":true,"valueName":"search_term_string"}}],"inLanguage":"fr-FR"},{"@type":"Organization","@id":"https:\/\/telemme.mmsh.fr\/#organization","name":"TELEMMe","url":"https:\/\/telemme.mmsh.fr\/","logo":{"@type":"ImageObject","inLanguage":"fr-FR","@id":"https:\/\/telemme.mmsh.fr\/#\/schema\/logo\/image\/","url":"https:\/\/telemme.mmsh.fr\/wp-content\/uploads\/2020\/03\/LogoTELEMMe-horizontal-fond-transparent.png","contentUrl":"https:\/\/telemme.mmsh.fr\/wp-content\/uploads\/2020\/03\/LogoTELEMMe-horizontal-fond-transparent.png","width":1500,"height":437,"caption":"TELEMMe"},"image":{"@id":"https:\/\/telemme.mmsh.fr\/#\/schema\/logo\/image\/"}},{"@type":"Person","@id":"https:\/\/telemme.mmsh.fr\/#\/schema\/person\/c433e5fd025c00718f715ba73f040691","name":"Maja Mellet","url":"https:\/\/telemme.mmsh.fr\/?author=175"}]}},"_links":{"self":[{"href":"https:\/\/telemme.mmsh.fr\/index.php?rest_route=\/wp\/v2\/posts\/12862","targetHints":{"allow":["GET"]}}],"collection":[{"href":"https:\/\/telemme.mmsh.fr\/index.php?rest_route=\/wp\/v2\/posts"}],"about":[{"href":"https:\/\/telemme.mmsh.fr\/index.php?rest_route=\/wp\/v2\/types\/post"}],"author":[{"embeddable":true,"href":"https:\/\/telemme.mmsh.fr\/index.php?rest_route=\/wp\/v2\/users\/175"}],"replies":[{"embeddable":true,"href":"https:\/\/telemme.mmsh.fr\/index.php?rest_route=%2Fwp%2Fv2%2Fcomments&post=12862"}],"version-history":[{"count":3,"href":"https:\/\/telemme.mmsh.fr\/index.php?rest_route=\/wp\/v2\/posts\/12862\/revisions"}],"predecessor-version":[{"id":12865,"href":"https:\/\/telemme.mmsh.fr\/index.php?rest_route=\/wp\/v2\/posts\/12862\/revisions\/12865"}],"wp:featuredmedia":[{"embeddable":true,"href":"https:\/\/telemme.mmsh.fr\/index.php?rest_route=\/wp\/v2\/media\/4024"}],"wp:attachment":[{"href":"https:\/\/telemme.mmsh.fr\/index.php?rest_route=%2Fwp%2Fv2%2Fmedia&parent=12862"}],"wp:term":[{"taxonomy":"category","embeddable":true,"href":"https:\/\/telemme.mmsh.fr\/index.php?rest_route=%2Fwp%2Fv2%2Fcategories&post=12862"},{"taxonomy":"post_tag","embeddable":true,"href":"https:\/\/telemme.mmsh.fr\/index.php?rest_route=%2Fwp%2Fv2%2Ftags&post=12862"}],"curies":[{"name":"wp","href":"https:\/\/api.w.org\/{rel}","templated":true}]}}