{"id":12728,"date":"2023-04-17T15:53:28","date_gmt":"2023-04-17T13:53:28","guid":{"rendered":"https:\/\/telemme.mmsh.fr\/?p=12728"},"modified":"2025-01-16T20:21:00","modified_gmt":"2025-01-16T19:21:00","slug":"une-histoire-mondiale-de-lolympisme1896-2024","status":"publish","type":"post","link":"https:\/\/telemme.mmsh.fr\/?p=12728","title":{"rendered":"Une histoire mondiale de l&rsquo;olympisme 1896-2024"},"content":{"rendered":"<blockquote><p><a href=\"https:\/\/www.atlande.eu\/penser-le-sport\/984-une-histoire-mondiale-de-l-olympisme-9782350308692.html\"><em>Une histoire mondiale de l&rsquo;olympisme 1896-2024<\/em><\/a>, Nicolas Bancel (dir.), Pascal Blanchard, Gilles Bo\u00ebtsch, Daphn\u00e9 Bolz, Yvan Gastaut, Sandrine Lemaire et St\u00e9phane Mourlane, \u00e9ditions Atlande, 2023, 474 pages,<\/p><\/blockquote>\n<div class=\"page\" title=\"Page 35\">\n<div class=\"section\">\n<div class=\"layoutArea\">\n<div class=\"column\">\n<p>En 2024, a\u0300 l\u2019occasion des Jeux Olympiques de Paris, l\u2019histoire moderne de l\u2019olympisme aura 130 ans. Elle commence a\u0300 la fin du XIXe sie\u0300cle et se poursuit en ce de\u0301but de XXIe sie\u0300cle. En effet, apre\u0300s de nombreuses tentatives de re\u0301novation des Jeux Olympiques anciens depuis le XVIIIe sie\u0300cle1, c\u2019est en 1894 que Pierre de Coubertin \u2013 qui y re\u0301fle\u0301chit depuis des anne\u0301es \u2013 et quelques responsables, membres notamment de l\u2019USFSA (Union des socie\u0301te\u0301s franc\u0327aises de sports athle\u0301- tiques), de\u0301cident de lancer le Comite\u0301 international olympique (CIO), puis d\u2019organiser les premiers Jeux Olympiques des temps modernes a\u0300 Athe\u0300nes, en 1896.<\/p>\n<p>Toute la symbolique antique est re\u0301quisitionne\u0301e pour le\u0301gitimer ce qui est alors pre\u0301sente\u0301 comme la renaissance des concours sportifs pente\u0301te\u0301riques organise\u0301s a\u0300 Olympie, depuis le VIIIe sie\u0300cle avant notre e\u0300re jusqu\u2019en 393 de notre e\u0300re. A\u0300 l\u2019e\u0301picentre des Jeux Olympiques re\u0301invente\u0301s se dessinent de\u0300s l\u2019origine \u2013 au-dela\u0300 de la que\u0302te des victoires sportives \u2013 des enjeux culturels et ge\u0301opolitiques, alors me\u0302me que les exhortations a\u0300 l\u2019apolitisme du fait sportif sont omnipre\u0301sentes. Pierre de Coubertin y voit un moyen de contribuer a\u0300 une \u201cpaix universelle2\u201d en cette fin de XIXe sie\u0300cle marque\u0301e par la multiplication de crises susci- te\u0301es par la monte\u0301e des nationalismes et des impe\u0301rialismes.<\/p>\n<\/div>\n<\/div>\n<\/div>\n<\/div>\n","protected":false},"excerpt":{"rendered":"<p>Une histoire mondiale de l&rsquo;olympisme 1896-2024, Nicolas Bancel (dir.), Pascal Blanchard, Gilles Bo\u00ebtsch, Daphn\u00e9 Bolz, Yvan Gastaut, Sandrine Lemaire et St\u00e9phane Mourlane, \u00e9ditions Atlande, 2023, 474 pages, En 2024, a\u0300&hellip;&nbsp;<a href=\"https:\/\/telemme.mmsh.fr\/?p=12728\" rel=\"bookmark\">Lire la suite &raquo;<span class=\"screen-reader-text\">Une histoire mondiale de l&rsquo;olympisme 1896-2024<\/span><\/a><\/p>\n","protected":false},"author":175,"featured_media":12729,"comment_status":"closed","ping_status":"closed","sticky":false,"template":"","format":"standard","meta":{"neve_meta_sidebar":"","neve_meta_container":"","neve_meta_enable_content_width":"off","neve_meta_content_width":70,"neve_meta_title_alignment":"","neve_meta_author_avatar":"","neve_post_elements_order":"","neve_meta_disable_header":"","neve_meta_disable_footer":"","neve_meta_disable_title":"","_tribe_events_control_status":"","_tribe_events_control_status_canceled_reason":"","_tribe_events_control_status_postponed_reason":"","_tribe_events_control_online":"","_tribe_events_control_online_url":"","footnotes":""},"categories":[1740],"tags":[],"class_list":["post-12728","post","type-post","status-publish","format-standard","has-post-thumbnail","hentry","category-ouvrages"],"yoast_head":"<!-- This site is optimized with the Yoast SEO plugin v27.4 - https:\/\/yoast.com\/product\/yoast-seo-wordpress\/ -->\n<title>Une histoire mondiale de l&#039;olympisme 1896-2024 - TELEMMe - Temps, espaces, langages, Europe m\u00e9ridionale, M\u00e9diterran\u00e9e<\/title>\n<meta name=\"description\" content=\"Une histoire mondiale de l&#039;olympisme1896-2024\" \/>\n<meta name=\"robots\" content=\"index, follow, max-snippet:-1, max-image-preview:large, max-video-preview:-1\" \/>\n<link rel=\"canonical\" href=\"https:\/\/telemme.mmsh.fr\/?p=12728\" \/>\n<meta property=\"og:locale\" content=\"fr_FR\" \/>\n<meta property=\"og:type\" content=\"article\" \/>\n<meta property=\"og:title\" content=\"Une histoire mondiale de l&#039;olympisme 1896-2024 - TELEMMe - Temps, espaces, langages, Europe m\u00e9ridionale, M\u00e9diterran\u00e9e\" \/>\n<meta property=\"og:description\" content=\"Une histoire mondiale de l&#039;olympisme1896-2024\" \/>\n<meta property=\"og:url\" content=\"https:\/\/telemme.mmsh.fr\/?p=12728\" \/>\n<meta property=\"og:site_name\" content=\"TELEMMe - Temps, espaces, langages, Europe m\u00e9ridionale, M\u00e9diterran\u00e9e\" \/>\n<meta property=\"article:published_time\" content=\"2023-04-17T13:53:28+00:00\" \/>\n<meta property=\"article:modified_time\" content=\"2025-01-16T19:21:00+00:00\" \/>\n<meta property=\"og:image\" content=\"https:\/\/telemme.mmsh.fr\/wp-content\/uploads\/2023\/04\/une-histoire-mondiale-de-l-olympisme.jpg\" \/>\n\t<meta property=\"og:image:width\" content=\"800\" \/>\n\t<meta property=\"og:image:height\" content=\"800\" \/>\n\t<meta property=\"og:image:type\" content=\"image\/jpeg\" \/>\n<meta name=\"author\" content=\"Maja Mellet\" \/>\n<meta name=\"twitter:card\" content=\"summary_large_image\" \/>\n<meta name=\"twitter:label1\" content=\"\u00c9crit par\" \/>\n\t<meta name=\"twitter:data1\" content=\"Maja Mellet\" \/>\n\t<meta name=\"twitter:label2\" content=\"Dur\u00e9e de lecture estim\u00e9e\" \/>\n\t<meta name=\"twitter:data2\" content=\"1 minute\" \/>\n<script type=\"application\/ld+json\" class=\"yoast-schema-graph\">{\"@context\":\"https:\\\/\\\/schema.org\",\"@graph\":[{\"@type\":\"Article\",\"@id\":\"https:\\\/\\\/telemme.mmsh.fr\\\/?p=12728#article\",\"isPartOf\":{\"@id\":\"https:\\\/\\\/telemme.mmsh.fr\\\/?p=12728\"},\"author\":{\"name\":\"Maja Mellet\",\"@id\":\"https:\\\/\\\/telemme.mmsh.fr\\\/#\\\/schema\\\/person\\\/c433e5fd025c00718f715ba73f040691\"},\"headline\":\"Une histoire mondiale de l&rsquo;olympisme 1896-2024\",\"datePublished\":\"2023-04-17T13:53:28+00:00\",\"dateModified\":\"2025-01-16T19:21:00+00:00\",\"mainEntityOfPage\":{\"@id\":\"https:\\\/\\\/telemme.mmsh.fr\\\/?p=12728\"},\"wordCount\":280,\"publisher\":{\"@id\":\"https:\\\/\\\/telemme.mmsh.fr\\\/#organization\"},\"image\":{\"@id\":\"https:\\\/\\\/telemme.mmsh.fr\\\/?p=12728#primaryimage\"},\"thumbnailUrl\":\"https:\\\/\\\/telemme.mmsh.fr\\\/wp-content\\\/uploads\\\/2023\\\/04\\\/une-histoire-mondiale-de-l-olympisme.jpg\",\"articleSection\":[\"Ouvrages\"],\"inLanguage\":\"fr-FR\"},{\"@type\":\"WebPage\",\"@id\":\"https:\\\/\\\/telemme.mmsh.fr\\\/?p=12728\",\"url\":\"https:\\\/\\\/telemme.mmsh.fr\\\/?p=12728\",\"name\":\"Une histoire mondiale de l'olympisme 1896-2024 - TELEMMe - Temps, espaces, langages, Europe m\u00e9ridionale, M\u00e9diterran\u00e9e\",\"isPartOf\":{\"@id\":\"https:\\\/\\\/telemme.mmsh.fr\\\/#website\"},\"primaryImageOfPage\":{\"@id\":\"https:\\\/\\\/telemme.mmsh.fr\\\/?p=12728#primaryimage\"},\"image\":{\"@id\":\"https:\\\/\\\/telemme.mmsh.fr\\\/?p=12728#primaryimage\"},\"thumbnailUrl\":\"https:\\\/\\\/telemme.mmsh.fr\\\/wp-content\\\/uploads\\\/2023\\\/04\\\/une-histoire-mondiale-de-l-olympisme.jpg\",\"datePublished\":\"2023-04-17T13:53:28+00:00\",\"dateModified\":\"2025-01-16T19:21:00+00:00\",\"description\":\"Une histoire mondiale de l'olympisme1896-2024\",\"breadcrumb\":{\"@id\":\"https:\\\/\\\/telemme.mmsh.fr\\\/?p=12728#breadcrumb\"},\"inLanguage\":\"fr-FR\",\"potentialAction\":[{\"@type\":\"ReadAction\",\"target\":[\"https:\\\/\\\/telemme.mmsh.fr\\\/?p=12728\"]}]},{\"@type\":\"ImageObject\",\"inLanguage\":\"fr-FR\",\"@id\":\"https:\\\/\\\/telemme.mmsh.fr\\\/?p=12728#primaryimage\",\"url\":\"https:\\\/\\\/telemme.mmsh.fr\\\/wp-content\\\/uploads\\\/2023\\\/04\\\/une-histoire-mondiale-de-l-olympisme.jpg\",\"contentUrl\":\"https:\\\/\\\/telemme.mmsh.fr\\\/wp-content\\\/uploads\\\/2023\\\/04\\\/une-histoire-mondiale-de-l-olympisme.jpg\",\"width\":800,\"height\":800},{\"@type\":\"BreadcrumbList\",\"@id\":\"https:\\\/\\\/telemme.mmsh.fr\\\/?p=12728#breadcrumb\",\"itemListElement\":[{\"@type\":\"ListItem\",\"position\":1,\"name\":\"Accueil\",\"item\":\"https:\\\/\\\/telemme.mmsh.fr\\\/\"},{\"@type\":\"ListItem\",\"position\":2,\"name\":\"Publications\",\"item\":\"https:\\\/\\\/telemme.mmsh.fr\\\/?cat=1738\"},{\"@type\":\"ListItem\",\"position\":3,\"name\":\"Une histoire mondiale de l&rsquo;olympisme 1896-2024\"}]},{\"@type\":\"WebSite\",\"@id\":\"https:\\\/\\\/telemme.mmsh.fr\\\/#website\",\"url\":\"https:\\\/\\\/telemme.mmsh.fr\\\/\",\"name\":\"TELEMMe - Temps, espaces, langages, Europe m\u00e9ridionale, M\u00e9diterran\u00e9e\",\"description\":\"\",\"publisher\":{\"@id\":\"https:\\\/\\\/telemme.mmsh.fr\\\/#organization\"},\"potentialAction\":[{\"@type\":\"SearchAction\",\"target\":{\"@type\":\"EntryPoint\",\"urlTemplate\":\"https:\\\/\\\/telemme.mmsh.fr\\\/?s={search_term_string}\"},\"query-input\":{\"@type\":\"PropertyValueSpecification\",\"valueRequired\":true,\"valueName\":\"search_term_string\"}}],\"inLanguage\":\"fr-FR\"},{\"@type\":\"Organization\",\"@id\":\"https:\\\/\\\/telemme.mmsh.fr\\\/#organization\",\"name\":\"TELEMMe\",\"url\":\"https:\\\/\\\/telemme.mmsh.fr\\\/\",\"logo\":{\"@type\":\"ImageObject\",\"inLanguage\":\"fr-FR\",\"@id\":\"https:\\\/\\\/telemme.mmsh.fr\\\/#\\\/schema\\\/logo\\\/image\\\/\",\"url\":\"https:\\\/\\\/telemme.mmsh.fr\\\/wp-content\\\/uploads\\\/2020\\\/03\\\/LogoTELEMMe-horizontal-fond-transparent.png\",\"contentUrl\":\"https:\\\/\\\/telemme.mmsh.fr\\\/wp-content\\\/uploads\\\/2020\\\/03\\\/LogoTELEMMe-horizontal-fond-transparent.png\",\"width\":1500,\"height\":437,\"caption\":\"TELEMMe\"},\"image\":{\"@id\":\"https:\\\/\\\/telemme.mmsh.fr\\\/#\\\/schema\\\/logo\\\/image\\\/\"}},{\"@type\":\"Person\",\"@id\":\"https:\\\/\\\/telemme.mmsh.fr\\\/#\\\/schema\\\/person\\\/c433e5fd025c00718f715ba73f040691\",\"name\":\"Maja Mellet\",\"url\":\"https:\\\/\\\/telemme.mmsh.fr\\\/?author=175\"}]}<\/script>\n<!-- \/ Yoast SEO plugin. -->","yoast_head_json":{"title":"Une histoire mondiale de l'olympisme 1896-2024 - TELEMMe - Temps, espaces, langages, Europe m\u00e9ridionale, M\u00e9diterran\u00e9e","description":"Une histoire mondiale de l'olympisme1896-2024","robots":{"index":"index","follow":"follow","max-snippet":"max-snippet:-1","max-image-preview":"max-image-preview:large","max-video-preview":"max-video-preview:-1"},"canonical":"https:\/\/telemme.mmsh.fr\/?p=12728","og_locale":"fr_FR","og_type":"article","og_title":"Une histoire mondiale de l'olympisme 1896-2024 - TELEMMe - Temps, espaces, langages, Europe m\u00e9ridionale, M\u00e9diterran\u00e9e","og_description":"Une histoire mondiale de l'olympisme1896-2024","og_url":"https:\/\/telemme.mmsh.fr\/?p=12728","og_site_name":"TELEMMe - Temps, espaces, langages, Europe m\u00e9ridionale, M\u00e9diterran\u00e9e","article_published_time":"2023-04-17T13:53:28+00:00","article_modified_time":"2025-01-16T19:21:00+00:00","og_image":[{"width":800,"height":800,"url":"https:\/\/telemme.mmsh.fr\/wp-content\/uploads\/2023\/04\/une-histoire-mondiale-de-l-olympisme.jpg","type":"image\/jpeg"}],"author":"Maja Mellet","twitter_card":"summary_large_image","twitter_misc":{"\u00c9crit par":"Maja Mellet","Dur\u00e9e de lecture estim\u00e9e":"1 minute"},"schema":{"@context":"https:\/\/schema.org","@graph":[{"@type":"Article","@id":"https:\/\/telemme.mmsh.fr\/?p=12728#article","isPartOf":{"@id":"https:\/\/telemme.mmsh.fr\/?p=12728"},"author":{"name":"Maja Mellet","@id":"https:\/\/telemme.mmsh.fr\/#\/schema\/person\/c433e5fd025c00718f715ba73f040691"},"headline":"Une histoire mondiale de l&rsquo;olympisme 1896-2024","datePublished":"2023-04-17T13:53:28+00:00","dateModified":"2025-01-16T19:21:00+00:00","mainEntityOfPage":{"@id":"https:\/\/telemme.mmsh.fr\/?p=12728"},"wordCount":280,"publisher":{"@id":"https:\/\/telemme.mmsh.fr\/#organization"},"image":{"@id":"https:\/\/telemme.mmsh.fr\/?p=12728#primaryimage"},"thumbnailUrl":"https:\/\/telemme.mmsh.fr\/wp-content\/uploads\/2023\/04\/une-histoire-mondiale-de-l-olympisme.jpg","articleSection":["Ouvrages"],"inLanguage":"fr-FR"},{"@type":"WebPage","@id":"https:\/\/telemme.mmsh.fr\/?p=12728","url":"https:\/\/telemme.mmsh.fr\/?p=12728","name":"Une histoire mondiale de l'olympisme 1896-2024 - TELEMMe - Temps, espaces, langages, Europe m\u00e9ridionale, M\u00e9diterran\u00e9e","isPartOf":{"@id":"https:\/\/telemme.mmsh.fr\/#website"},"primaryImageOfPage":{"@id":"https:\/\/telemme.mmsh.fr\/?p=12728#primaryimage"},"image":{"@id":"https:\/\/telemme.mmsh.fr\/?p=12728#primaryimage"},"thumbnailUrl":"https:\/\/telemme.mmsh.fr\/wp-content\/uploads\/2023\/04\/une-histoire-mondiale-de-l-olympisme.jpg","datePublished":"2023-04-17T13:53:28+00:00","dateModified":"2025-01-16T19:21:00+00:00","description":"Une histoire mondiale de l'olympisme1896-2024","breadcrumb":{"@id":"https:\/\/telemme.mmsh.fr\/?p=12728#breadcrumb"},"inLanguage":"fr-FR","potentialAction":[{"@type":"ReadAction","target":["https:\/\/telemme.mmsh.fr\/?p=12728"]}]},{"@type":"ImageObject","inLanguage":"fr-FR","@id":"https:\/\/telemme.mmsh.fr\/?p=12728#primaryimage","url":"https:\/\/telemme.mmsh.fr\/wp-content\/uploads\/2023\/04\/une-histoire-mondiale-de-l-olympisme.jpg","contentUrl":"https:\/\/telemme.mmsh.fr\/wp-content\/uploads\/2023\/04\/une-histoire-mondiale-de-l-olympisme.jpg","width":800,"height":800},{"@type":"BreadcrumbList","@id":"https:\/\/telemme.mmsh.fr\/?p=12728#breadcrumb","itemListElement":[{"@type":"ListItem","position":1,"name":"Accueil","item":"https:\/\/telemme.mmsh.fr\/"},{"@type":"ListItem","position":2,"name":"Publications","item":"https:\/\/telemme.mmsh.fr\/?cat=1738"},{"@type":"ListItem","position":3,"name":"Une histoire mondiale de l&rsquo;olympisme 1896-2024"}]},{"@type":"WebSite","@id":"https:\/\/telemme.mmsh.fr\/#website","url":"https:\/\/telemme.mmsh.fr\/","name":"TELEMMe - Temps, espaces, langages, Europe m\u00e9ridionale, M\u00e9diterran\u00e9e","description":"","publisher":{"@id":"https:\/\/telemme.mmsh.fr\/#organization"},"potentialAction":[{"@type":"SearchAction","target":{"@type":"EntryPoint","urlTemplate":"https:\/\/telemme.mmsh.fr\/?s={search_term_string}"},"query-input":{"@type":"PropertyValueSpecification","valueRequired":true,"valueName":"search_term_string"}}],"inLanguage":"fr-FR"},{"@type":"Organization","@id":"https:\/\/telemme.mmsh.fr\/#organization","name":"TELEMMe","url":"https:\/\/telemme.mmsh.fr\/","logo":{"@type":"ImageObject","inLanguage":"fr-FR","@id":"https:\/\/telemme.mmsh.fr\/#\/schema\/logo\/image\/","url":"https:\/\/telemme.mmsh.fr\/wp-content\/uploads\/2020\/03\/LogoTELEMMe-horizontal-fond-transparent.png","contentUrl":"https:\/\/telemme.mmsh.fr\/wp-content\/uploads\/2020\/03\/LogoTELEMMe-horizontal-fond-transparent.png","width":1500,"height":437,"caption":"TELEMMe"},"image":{"@id":"https:\/\/telemme.mmsh.fr\/#\/schema\/logo\/image\/"}},{"@type":"Person","@id":"https:\/\/telemme.mmsh.fr\/#\/schema\/person\/c433e5fd025c00718f715ba73f040691","name":"Maja Mellet","url":"https:\/\/telemme.mmsh.fr\/?author=175"}]}},"_links":{"self":[{"href":"https:\/\/telemme.mmsh.fr\/index.php?rest_route=\/wp\/v2\/posts\/12728","targetHints":{"allow":["GET"]}}],"collection":[{"href":"https:\/\/telemme.mmsh.fr\/index.php?rest_route=\/wp\/v2\/posts"}],"about":[{"href":"https:\/\/telemme.mmsh.fr\/index.php?rest_route=\/wp\/v2\/types\/post"}],"author":[{"embeddable":true,"href":"https:\/\/telemme.mmsh.fr\/index.php?rest_route=\/wp\/v2\/users\/175"}],"replies":[{"embeddable":true,"href":"https:\/\/telemme.mmsh.fr\/index.php?rest_route=%2Fwp%2Fv2%2Fcomments&post=12728"}],"version-history":[{"count":2,"href":"https:\/\/telemme.mmsh.fr\/index.php?rest_route=\/wp\/v2\/posts\/12728\/revisions"}],"predecessor-version":[{"id":12732,"href":"https:\/\/telemme.mmsh.fr\/index.php?rest_route=\/wp\/v2\/posts\/12728\/revisions\/12732"}],"wp:featuredmedia":[{"embeddable":true,"href":"https:\/\/telemme.mmsh.fr\/index.php?rest_route=\/wp\/v2\/media\/12729"}],"wp:attachment":[{"href":"https:\/\/telemme.mmsh.fr\/index.php?rest_route=%2Fwp%2Fv2%2Fmedia&parent=12728"}],"wp:term":[{"taxonomy":"category","embeddable":true,"href":"https:\/\/telemme.mmsh.fr\/index.php?rest_route=%2Fwp%2Fv2%2Fcategories&post=12728"},{"taxonomy":"post_tag","embeddable":true,"href":"https:\/\/telemme.mmsh.fr\/index.php?rest_route=%2Fwp%2Fv2%2Ftags&post=12728"}],"curies":[{"name":"wp","href":"https:\/\/api.w.org\/{rel}","templated":true}]}}