{"id":12553,"date":"2023-02-27T11:41:33","date_gmt":"2023-02-27T10:41:33","guid":{"rendered":"https:\/\/telemme.mmsh.fr\/?p=12553"},"modified":"2023-02-27T12:03:32","modified_gmt":"2023-02-27T11:03:32","slug":"archives-en-bibliotheques","status":"publish","type":"post","link":"https:\/\/telemme.mmsh.fr\/?p=12553","title":{"rendered":"Archives en biblioth\u00e8ques"},"content":{"rendered":"\n<blockquote class=\"wp-block-quote is-layout-flow wp-block-quote-is-layout-flow\">\n<p><em><a href=\"http:\/\/catalogue-editions.ens-lyon.fr\/fr\/livre\/?GCOI=29021100216530\"><strong>Archives en biblioth\u00e8ques (XVIe-XXIe si\u00e8cles)<\/strong><\/a><\/em>, <a href=\"https:\/\/telemme.mmsh.fr\/?membres=emmanuelle-chapron\">Emmanuelle Chapron<\/a>, <span class=\"AuthorList\">Fabienne <span class=\"lastname\">Henryot, \u00e9dition <span id=\"0\"><span class=\"DetailLabelText\">ENS \u00c9ditions<\/span><\/span>, 2023, 346 pages<\/span><\/span><\/p>\n<\/blockquote>\n\n\n\n<div>&nbsp;<\/div>\n\n\n\n<div>Les biblioth\u00e8ques sont-elles un lieu d&rsquo;archivage, et si c&rsquo;est le cas, qu&rsquo;archivent-elles et comment le font-elles&nbsp;? Cet ouvrage propose de discuter la pertinence des fronti\u00e8res convenues entre archives et biblioth\u00e8ques, d&rsquo;examiner dans la longue dur\u00e9e la construction des lieux de conservation documentaire et des fonctions, tant\u00f4t bien distinctes, tant\u00f4t plus hybrides, qui leur sont attribu\u00e9es par les soci\u00e9t\u00e9s europ\u00e9ennes. \u00c0 partir d&rsquo;\u00e9tudes de cas, les seize contributions de ce volume retracent les circonstances dans lesquelles certains types de documents ont \u00e9t\u00e9 consid\u00e9r\u00e9s comme des archives et comment ils ont \u00e9t\u00e9 r\u00e9partis dans les d\u00e9p\u00f4ts d&rsquo;archives ou dans les biblioth\u00e8ques. Elles examinent les crit\u00e8res qui fondent cette distinction institutionnelle et documentaire, et la mani\u00e8re dont ces choix ont conditionn\u00e9 le travail de tri, de s\u00e9lection, de classement, de description et de consultation. Elles invitent ainsi \u00e0 r\u00e9examiner la gen\u00e8se des fonds documentaires, au sein des familles, des institutions de l\u2019\u00c9tat ou des cabinets d\u2019\u00e9rudits, et \u00e0 comprendre autrement les conditions documentaires de la fabrique de l\u2019histoire, hier et aujourd\u2019hui.<\/div>\n","protected":false},"excerpt":{"rendered":"<p>Les documents ne surgissent pas, ici ou l\u00e0, par l\u2019effet d\u2019on ne sait quel myst\u00e9rieux d\u00e9cret des Dieux. Leur pr\u00e9sence ou leur absence, dans tel fonds d\u2019archives, dans telle biblioth\u00e8que, dans tel sol, rel\u00e8vent de causes humaines qui n\u2019\u00e9chappent nullement \u00e0 l\u2019analyse, et les probl\u00e8mes que pose leur transmission, loin d\u2019avoir seulement la port\u00e9e d\u2019exercices de techniciens, touchent eux-m\u00eames au plus intime de la vie du pass\u00e9, car ce qui se trouve ainsi mis en jeu n\u2019est rien de moins que le passage du souvenir \u00e0 travers les g\u00e9n\u00e9rations.<\/p>\n<p>Marc Bloch, Apologie pour l\u2019histoire ou M\u00e9tier d\u2019historien, Paris, Armand Colin, 1949, p. 29-30<\/p>\n","protected":false},"author":175,"featured_media":12563,"comment_status":"closed","ping_status":"closed","sticky":false,"template":"","format":"standard","meta":{"neve_meta_sidebar":"","neve_meta_container":"","neve_meta_enable_content_width":"off","neve_meta_content_width":70,"neve_meta_title_alignment":"","neve_meta_author_avatar":"","neve_post_elements_order":"","neve_meta_disable_header":"","neve_meta_disable_footer":"","neve_meta_disable_title":"","_tribe_events_control_status":"","_tribe_events_control_status_canceled_reason":"","_tribe_events_control_status_postponed_reason":"","_tribe_events_control_online":"","_tribe_events_control_online_url":"","footnotes":""},"categories":[1742],"tags":[],"class_list":["post-12553","post","type-post","status-publish","format-standard","has-post-thumbnail","hentry","category-dir-ouvrage"],"yoast_head":"<!-- This site is optimized with the Yoast SEO plugin v27.4 - https:\/\/yoast.com\/product\/yoast-seo-wordpress\/ -->\n<title>Archives en biblioth\u00e8ques - TELEMMe - Temps, espaces, langages, Europe m\u00e9ridionale, M\u00e9diterran\u00e9e<\/title>\n<meta name=\"description\" content=\"Les documents ne surgissent pas, ici ou l\u00e0, par l\u2019effet d\u2019on ne sait quel myst\u00e9rieux d\u00e9cret des Dieux. Leur pr\u00e9sence ou leur absence, dans tel fonds d\u2019archives, dans telle biblioth\u00e8que, dans tel sol, rel\u00e8vent de causes humaines qui n\u2019\u00e9chappent nullement \u00e0 l\u2019analyse, et les probl\u00e8mes que pose leur transmission, loin d\u2019avoir seulement la port\u00e9e d\u2019exercices de techniciens, touchent eux-m\u00eames au plus intime de la vie du pass\u00e9, car ce qui se trouve ainsi mis en jeu n\u2019est rien de moins que le passage du souvenir \u00e0 travers les g\u00e9n\u00e9rations.Marc Bloch, Apologie pour l\u2019histoire ou M\u00e9tier d\u2019historien, Paris, Armand Colin, 1949, p. 29-30\" \/>\n<meta name=\"robots\" content=\"index, follow, max-snippet:-1, max-image-preview:large, max-video-preview:-1\" \/>\n<link rel=\"canonical\" href=\"https:\/\/telemme.mmsh.fr\/?p=12553\" \/>\n<meta property=\"og:locale\" content=\"fr_FR\" \/>\n<meta property=\"og:type\" content=\"article\" \/>\n<meta property=\"og:title\" content=\"Archives en biblioth\u00e8ques - TELEMMe - Temps, espaces, langages, Europe m\u00e9ridionale, M\u00e9diterran\u00e9e\" \/>\n<meta property=\"og:description\" content=\"Les documents ne surgissent pas, ici ou l\u00e0, par l\u2019effet d\u2019on ne sait quel myst\u00e9rieux d\u00e9cret des Dieux. Leur pr\u00e9sence ou leur absence, dans tel fonds d\u2019archives, dans telle biblioth\u00e8que, dans tel sol, rel\u00e8vent de causes humaines qui n\u2019\u00e9chappent nullement \u00e0 l\u2019analyse, et les probl\u00e8mes que pose leur transmission, loin d\u2019avoir seulement la port\u00e9e d\u2019exercices de techniciens, touchent eux-m\u00eames au plus intime de la vie du pass\u00e9, car ce qui se trouve ainsi mis en jeu n\u2019est rien de moins que le passage du souvenir \u00e0 travers les g\u00e9n\u00e9rations.Marc Bloch, Apologie pour l\u2019histoire ou M\u00e9tier d\u2019historien, Paris, Armand Colin, 1949, p. 29-30\" \/>\n<meta property=\"og:url\" content=\"https:\/\/telemme.mmsh.fr\/?p=12553\" \/>\n<meta property=\"og:site_name\" content=\"TELEMMe - Temps, espaces, langages, Europe m\u00e9ridionale, M\u00e9diterran\u00e9e\" \/>\n<meta property=\"article:published_time\" content=\"2023-02-27T10:41:33+00:00\" \/>\n<meta property=\"article:modified_time\" content=\"2023-02-27T11:03:32+00:00\" \/>\n<meta property=\"og:image\" content=\"https:\/\/telemme.mmsh.fr\/wp-content\/uploads\/2023\/02\/archives-en-bibliotheques-2-scaled.jpg\" \/>\n\t<meta property=\"og:image:width\" content=\"1707\" \/>\n\t<meta property=\"og:image:height\" content=\"2560\" \/>\n\t<meta property=\"og:image:type\" content=\"image\/jpeg\" \/>\n<meta name=\"author\" content=\"Maja Mellet\" \/>\n<meta name=\"twitter:card\" content=\"summary_large_image\" \/>\n<meta name=\"twitter:label1\" content=\"\u00c9crit par\" \/>\n\t<meta name=\"twitter:data1\" content=\"Maja Mellet\" \/>\n\t<meta name=\"twitter:label2\" content=\"Dur\u00e9e de lecture estim\u00e9e\" \/>\n\t<meta name=\"twitter:data2\" content=\"1 minute\" \/>\n<script type=\"application\/ld+json\" class=\"yoast-schema-graph\">{\"@context\":\"https:\\\/\\\/schema.org\",\"@graph\":[{\"@type\":\"Article\",\"@id\":\"https:\\\/\\\/telemme.mmsh.fr\\\/?p=12553#article\",\"isPartOf\":{\"@id\":\"https:\\\/\\\/telemme.mmsh.fr\\\/?p=12553\"},\"author\":{\"name\":\"Maja Mellet\",\"@id\":\"https:\\\/\\\/telemme.mmsh.fr\\\/#\\\/schema\\\/person\\\/c433e5fd025c00718f715ba73f040691\"},\"headline\":\"Archives en biblioth\u00e8ques\",\"datePublished\":\"2023-02-27T10:41:33+00:00\",\"dateModified\":\"2023-02-27T11:03:32+00:00\",\"mainEntityOfPage\":{\"@id\":\"https:\\\/\\\/telemme.mmsh.fr\\\/?p=12553\"},\"wordCount\":217,\"publisher\":{\"@id\":\"https:\\\/\\\/telemme.mmsh.fr\\\/#organization\"},\"image\":{\"@id\":\"https:\\\/\\\/telemme.mmsh.fr\\\/?p=12553#primaryimage\"},\"thumbnailUrl\":\"https:\\\/\\\/telemme.mmsh.fr\\\/wp-content\\\/uploads\\\/2023\\\/02\\\/archives-en-bibliotheques-2-scaled.jpg\",\"articleSection\":[\"Directions d'ouvrage\"],\"inLanguage\":\"fr-FR\"},{\"@type\":\"WebPage\",\"@id\":\"https:\\\/\\\/telemme.mmsh.fr\\\/?p=12553\",\"url\":\"https:\\\/\\\/telemme.mmsh.fr\\\/?p=12553\",\"name\":\"Archives en biblioth\u00e8ques - TELEMMe - Temps, espaces, langages, Europe m\u00e9ridionale, M\u00e9diterran\u00e9e\",\"isPartOf\":{\"@id\":\"https:\\\/\\\/telemme.mmsh.fr\\\/#website\"},\"primaryImageOfPage\":{\"@id\":\"https:\\\/\\\/telemme.mmsh.fr\\\/?p=12553#primaryimage\"},\"image\":{\"@id\":\"https:\\\/\\\/telemme.mmsh.fr\\\/?p=12553#primaryimage\"},\"thumbnailUrl\":\"https:\\\/\\\/telemme.mmsh.fr\\\/wp-content\\\/uploads\\\/2023\\\/02\\\/archives-en-bibliotheques-2-scaled.jpg\",\"datePublished\":\"2023-02-27T10:41:33+00:00\",\"dateModified\":\"2023-02-27T11:03:32+00:00\",\"description\":\"Les documents ne surgissent pas, ici ou l\u00e0, par l\u2019effet d\u2019on ne sait quel myst\u00e9rieux d\u00e9cret des Dieux. Leur pr\u00e9sence ou leur absence, dans tel fonds d\u2019archives, dans telle biblioth\u00e8que, dans tel sol, rel\u00e8vent de causes humaines qui n\u2019\u00e9chappent nullement \u00e0 l\u2019analyse, et les probl\u00e8mes que pose leur transmission, loin d\u2019avoir seulement la port\u00e9e d\u2019exercices de techniciens, touchent eux-m\u00eames au plus intime de la vie du pass\u00e9, car ce qui se trouve ainsi mis en jeu n\u2019est rien de moins que le passage du souvenir \u00e0 travers les g\u00e9n\u00e9rations.Marc Bloch, Apologie pour l\u2019histoire ou M\u00e9tier d\u2019historien, Paris, Armand Colin, 1949, p. 29-30\",\"breadcrumb\":{\"@id\":\"https:\\\/\\\/telemme.mmsh.fr\\\/?p=12553#breadcrumb\"},\"inLanguage\":\"fr-FR\",\"potentialAction\":[{\"@type\":\"ReadAction\",\"target\":[\"https:\\\/\\\/telemme.mmsh.fr\\\/?p=12553\"]}]},{\"@type\":\"ImageObject\",\"inLanguage\":\"fr-FR\",\"@id\":\"https:\\\/\\\/telemme.mmsh.fr\\\/?p=12553#primaryimage\",\"url\":\"https:\\\/\\\/telemme.mmsh.fr\\\/wp-content\\\/uploads\\\/2023\\\/02\\\/archives-en-bibliotheques-2-scaled.jpg\",\"contentUrl\":\"https:\\\/\\\/telemme.mmsh.fr\\\/wp-content\\\/uploads\\\/2023\\\/02\\\/archives-en-bibliotheques-2-scaled.jpg\",\"width\":1707,\"height\":2560},{\"@type\":\"BreadcrumbList\",\"@id\":\"https:\\\/\\\/telemme.mmsh.fr\\\/?p=12553#breadcrumb\",\"itemListElement\":[{\"@type\":\"ListItem\",\"position\":1,\"name\":\"Accueil\",\"item\":\"https:\\\/\\\/telemme.mmsh.fr\\\/\"},{\"@type\":\"ListItem\",\"position\":2,\"name\":\"Publications\",\"item\":\"https:\\\/\\\/telemme.mmsh.fr\\\/?cat=1738\"},{\"@type\":\"ListItem\",\"position\":3,\"name\":\"Directions d'ouvrage\",\"item\":\"https:\\\/\\\/telemme.mmsh.fr\\\/?cat=1742\"},{\"@type\":\"ListItem\",\"position\":4,\"name\":\"Archives en biblioth\u00e8ques\"}]},{\"@type\":\"WebSite\",\"@id\":\"https:\\\/\\\/telemme.mmsh.fr\\\/#website\",\"url\":\"https:\\\/\\\/telemme.mmsh.fr\\\/\",\"name\":\"TELEMMe - Temps, espaces, langages, Europe m\u00e9ridionale, M\u00e9diterran\u00e9e\",\"description\":\"\",\"publisher\":{\"@id\":\"https:\\\/\\\/telemme.mmsh.fr\\\/#organization\"},\"potentialAction\":[{\"@type\":\"SearchAction\",\"target\":{\"@type\":\"EntryPoint\",\"urlTemplate\":\"https:\\\/\\\/telemme.mmsh.fr\\\/?s={search_term_string}\"},\"query-input\":{\"@type\":\"PropertyValueSpecification\",\"valueRequired\":true,\"valueName\":\"search_term_string\"}}],\"inLanguage\":\"fr-FR\"},{\"@type\":\"Organization\",\"@id\":\"https:\\\/\\\/telemme.mmsh.fr\\\/#organization\",\"name\":\"TELEMMe\",\"url\":\"https:\\\/\\\/telemme.mmsh.fr\\\/\",\"logo\":{\"@type\":\"ImageObject\",\"inLanguage\":\"fr-FR\",\"@id\":\"https:\\\/\\\/telemme.mmsh.fr\\\/#\\\/schema\\\/logo\\\/image\\\/\",\"url\":\"https:\\\/\\\/telemme.mmsh.fr\\\/wp-content\\\/uploads\\\/2020\\\/03\\\/LogoTELEMMe-horizontal-fond-transparent.png\",\"contentUrl\":\"https:\\\/\\\/telemme.mmsh.fr\\\/wp-content\\\/uploads\\\/2020\\\/03\\\/LogoTELEMMe-horizontal-fond-transparent.png\",\"width\":1500,\"height\":437,\"caption\":\"TELEMMe\"},\"image\":{\"@id\":\"https:\\\/\\\/telemme.mmsh.fr\\\/#\\\/schema\\\/logo\\\/image\\\/\"}},{\"@type\":\"Person\",\"@id\":\"https:\\\/\\\/telemme.mmsh.fr\\\/#\\\/schema\\\/person\\\/c433e5fd025c00718f715ba73f040691\",\"name\":\"Maja Mellet\",\"url\":\"https:\\\/\\\/telemme.mmsh.fr\\\/?author=175\"}]}<\/script>\n<!-- \/ Yoast SEO plugin. -->","yoast_head_json":{"title":"Archives en biblioth\u00e8ques - TELEMMe - Temps, espaces, langages, Europe m\u00e9ridionale, M\u00e9diterran\u00e9e","description":"Les documents ne surgissent pas, ici ou l\u00e0, par l\u2019effet d\u2019on ne sait quel myst\u00e9rieux d\u00e9cret des Dieux. Leur pr\u00e9sence ou leur absence, dans tel fonds d\u2019archives, dans telle biblioth\u00e8que, dans tel sol, rel\u00e8vent de causes humaines qui n\u2019\u00e9chappent nullement \u00e0 l\u2019analyse, et les probl\u00e8mes que pose leur transmission, loin d\u2019avoir seulement la port\u00e9e d\u2019exercices de techniciens, touchent eux-m\u00eames au plus intime de la vie du pass\u00e9, car ce qui se trouve ainsi mis en jeu n\u2019est rien de moins que le passage du souvenir \u00e0 travers les g\u00e9n\u00e9rations.Marc Bloch, Apologie pour l\u2019histoire ou M\u00e9tier d\u2019historien, Paris, Armand Colin, 1949, p. 29-30","robots":{"index":"index","follow":"follow","max-snippet":"max-snippet:-1","max-image-preview":"max-image-preview:large","max-video-preview":"max-video-preview:-1"},"canonical":"https:\/\/telemme.mmsh.fr\/?p=12553","og_locale":"fr_FR","og_type":"article","og_title":"Archives en biblioth\u00e8ques - TELEMMe - Temps, espaces, langages, Europe m\u00e9ridionale, M\u00e9diterran\u00e9e","og_description":"Les documents ne surgissent pas, ici ou l\u00e0, par l\u2019effet d\u2019on ne sait quel myst\u00e9rieux d\u00e9cret des Dieux. Leur pr\u00e9sence ou leur absence, dans tel fonds d\u2019archives, dans telle biblioth\u00e8que, dans tel sol, rel\u00e8vent de causes humaines qui n\u2019\u00e9chappent nullement \u00e0 l\u2019analyse, et les probl\u00e8mes que pose leur transmission, loin d\u2019avoir seulement la port\u00e9e d\u2019exercices de techniciens, touchent eux-m\u00eames au plus intime de la vie du pass\u00e9, car ce qui se trouve ainsi mis en jeu n\u2019est rien de moins que le passage du souvenir \u00e0 travers les g\u00e9n\u00e9rations.Marc Bloch, Apologie pour l\u2019histoire ou M\u00e9tier d\u2019historien, Paris, Armand Colin, 1949, p. 29-30","og_url":"https:\/\/telemme.mmsh.fr\/?p=12553","og_site_name":"TELEMMe - Temps, espaces, langages, Europe m\u00e9ridionale, M\u00e9diterran\u00e9e","article_published_time":"2023-02-27T10:41:33+00:00","article_modified_time":"2023-02-27T11:03:32+00:00","og_image":[{"width":1707,"height":2560,"url":"https:\/\/telemme.mmsh.fr\/wp-content\/uploads\/2023\/02\/archives-en-bibliotheques-2-scaled.jpg","type":"image\/jpeg"}],"author":"Maja Mellet","twitter_card":"summary_large_image","twitter_misc":{"\u00c9crit par":"Maja Mellet","Dur\u00e9e de lecture estim\u00e9e":"1 minute"},"schema":{"@context":"https:\/\/schema.org","@graph":[{"@type":"Article","@id":"https:\/\/telemme.mmsh.fr\/?p=12553#article","isPartOf":{"@id":"https:\/\/telemme.mmsh.fr\/?p=12553"},"author":{"name":"Maja Mellet","@id":"https:\/\/telemme.mmsh.fr\/#\/schema\/person\/c433e5fd025c00718f715ba73f040691"},"headline":"Archives en biblioth\u00e8ques","datePublished":"2023-02-27T10:41:33+00:00","dateModified":"2023-02-27T11:03:32+00:00","mainEntityOfPage":{"@id":"https:\/\/telemme.mmsh.fr\/?p=12553"},"wordCount":217,"publisher":{"@id":"https:\/\/telemme.mmsh.fr\/#organization"},"image":{"@id":"https:\/\/telemme.mmsh.fr\/?p=12553#primaryimage"},"thumbnailUrl":"https:\/\/telemme.mmsh.fr\/wp-content\/uploads\/2023\/02\/archives-en-bibliotheques-2-scaled.jpg","articleSection":["Directions d'ouvrage"],"inLanguage":"fr-FR"},{"@type":"WebPage","@id":"https:\/\/telemme.mmsh.fr\/?p=12553","url":"https:\/\/telemme.mmsh.fr\/?p=12553","name":"Archives en biblioth\u00e8ques - TELEMMe - Temps, espaces, langages, Europe m\u00e9ridionale, M\u00e9diterran\u00e9e","isPartOf":{"@id":"https:\/\/telemme.mmsh.fr\/#website"},"primaryImageOfPage":{"@id":"https:\/\/telemme.mmsh.fr\/?p=12553#primaryimage"},"image":{"@id":"https:\/\/telemme.mmsh.fr\/?p=12553#primaryimage"},"thumbnailUrl":"https:\/\/telemme.mmsh.fr\/wp-content\/uploads\/2023\/02\/archives-en-bibliotheques-2-scaled.jpg","datePublished":"2023-02-27T10:41:33+00:00","dateModified":"2023-02-27T11:03:32+00:00","description":"Les documents ne surgissent pas, ici ou l\u00e0, par l\u2019effet d\u2019on ne sait quel myst\u00e9rieux d\u00e9cret des Dieux. Leur pr\u00e9sence ou leur absence, dans tel fonds d\u2019archives, dans telle biblioth\u00e8que, dans tel sol, rel\u00e8vent de causes humaines qui n\u2019\u00e9chappent nullement \u00e0 l\u2019analyse, et les probl\u00e8mes que pose leur transmission, loin d\u2019avoir seulement la port\u00e9e d\u2019exercices de techniciens, touchent eux-m\u00eames au plus intime de la vie du pass\u00e9, car ce qui se trouve ainsi mis en jeu n\u2019est rien de moins que le passage du souvenir \u00e0 travers les g\u00e9n\u00e9rations.Marc Bloch, Apologie pour l\u2019histoire ou M\u00e9tier d\u2019historien, Paris, Armand Colin, 1949, p. 29-30","breadcrumb":{"@id":"https:\/\/telemme.mmsh.fr\/?p=12553#breadcrumb"},"inLanguage":"fr-FR","potentialAction":[{"@type":"ReadAction","target":["https:\/\/telemme.mmsh.fr\/?p=12553"]}]},{"@type":"ImageObject","inLanguage":"fr-FR","@id":"https:\/\/telemme.mmsh.fr\/?p=12553#primaryimage","url":"https:\/\/telemme.mmsh.fr\/wp-content\/uploads\/2023\/02\/archives-en-bibliotheques-2-scaled.jpg","contentUrl":"https:\/\/telemme.mmsh.fr\/wp-content\/uploads\/2023\/02\/archives-en-bibliotheques-2-scaled.jpg","width":1707,"height":2560},{"@type":"BreadcrumbList","@id":"https:\/\/telemme.mmsh.fr\/?p=12553#breadcrumb","itemListElement":[{"@type":"ListItem","position":1,"name":"Accueil","item":"https:\/\/telemme.mmsh.fr\/"},{"@type":"ListItem","position":2,"name":"Publications","item":"https:\/\/telemme.mmsh.fr\/?cat=1738"},{"@type":"ListItem","position":3,"name":"Directions d'ouvrage","item":"https:\/\/telemme.mmsh.fr\/?cat=1742"},{"@type":"ListItem","position":4,"name":"Archives en biblioth\u00e8ques"}]},{"@type":"WebSite","@id":"https:\/\/telemme.mmsh.fr\/#website","url":"https:\/\/telemme.mmsh.fr\/","name":"TELEMMe - Temps, espaces, langages, Europe m\u00e9ridionale, M\u00e9diterran\u00e9e","description":"","publisher":{"@id":"https:\/\/telemme.mmsh.fr\/#organization"},"potentialAction":[{"@type":"SearchAction","target":{"@type":"EntryPoint","urlTemplate":"https:\/\/telemme.mmsh.fr\/?s={search_term_string}"},"query-input":{"@type":"PropertyValueSpecification","valueRequired":true,"valueName":"search_term_string"}}],"inLanguage":"fr-FR"},{"@type":"Organization","@id":"https:\/\/telemme.mmsh.fr\/#organization","name":"TELEMMe","url":"https:\/\/telemme.mmsh.fr\/","logo":{"@type":"ImageObject","inLanguage":"fr-FR","@id":"https:\/\/telemme.mmsh.fr\/#\/schema\/logo\/image\/","url":"https:\/\/telemme.mmsh.fr\/wp-content\/uploads\/2020\/03\/LogoTELEMMe-horizontal-fond-transparent.png","contentUrl":"https:\/\/telemme.mmsh.fr\/wp-content\/uploads\/2020\/03\/LogoTELEMMe-horizontal-fond-transparent.png","width":1500,"height":437,"caption":"TELEMMe"},"image":{"@id":"https:\/\/telemme.mmsh.fr\/#\/schema\/logo\/image\/"}},{"@type":"Person","@id":"https:\/\/telemme.mmsh.fr\/#\/schema\/person\/c433e5fd025c00718f715ba73f040691","name":"Maja Mellet","url":"https:\/\/telemme.mmsh.fr\/?author=175"}]}},"_links":{"self":[{"href":"https:\/\/telemme.mmsh.fr\/index.php?rest_route=\/wp\/v2\/posts\/12553","targetHints":{"allow":["GET"]}}],"collection":[{"href":"https:\/\/telemme.mmsh.fr\/index.php?rest_route=\/wp\/v2\/posts"}],"about":[{"href":"https:\/\/telemme.mmsh.fr\/index.php?rest_route=\/wp\/v2\/types\/post"}],"author":[{"embeddable":true,"href":"https:\/\/telemme.mmsh.fr\/index.php?rest_route=\/wp\/v2\/users\/175"}],"replies":[{"embeddable":true,"href":"https:\/\/telemme.mmsh.fr\/index.php?rest_route=%2Fwp%2Fv2%2Fcomments&post=12553"}],"version-history":[{"count":11,"href":"https:\/\/telemme.mmsh.fr\/index.php?rest_route=\/wp\/v2\/posts\/12553\/revisions"}],"predecessor-version":[{"id":12572,"href":"https:\/\/telemme.mmsh.fr\/index.php?rest_route=\/wp\/v2\/posts\/12553\/revisions\/12572"}],"wp:featuredmedia":[{"embeddable":true,"href":"https:\/\/telemme.mmsh.fr\/index.php?rest_route=\/wp\/v2\/media\/12563"}],"wp:attachment":[{"href":"https:\/\/telemme.mmsh.fr\/index.php?rest_route=%2Fwp%2Fv2%2Fmedia&parent=12553"}],"wp:term":[{"taxonomy":"category","embeddable":true,"href":"https:\/\/telemme.mmsh.fr\/index.php?rest_route=%2Fwp%2Fv2%2Fcategories&post=12553"},{"taxonomy":"post_tag","embeddable":true,"href":"https:\/\/telemme.mmsh.fr\/index.php?rest_route=%2Fwp%2Fv2%2Ftags&post=12553"}],"curies":[{"name":"wp","href":"https:\/\/api.w.org\/{rel}","templated":true}]}}