{"id":12449,"date":"2023-02-02T12:54:09","date_gmt":"2023-02-02T11:54:09","guid":{"rendered":"https:\/\/telemme.mmsh.fr\/?p=12449"},"modified":"2023-02-02T13:30:56","modified_gmt":"2023-02-02T12:30:56","slug":"la-fabrique-de-loubli","status":"publish","type":"post","link":"https:\/\/telemme.mmsh.fr\/?p=12449","title":{"rendered":"[AAP]La fabrique de l\u2019oubli"},"content":{"rendered":"<p>Journ\u00e9e d\u2019\u00e9tudes des Jeunes chercheur\u00b7euse\u00b7s de l\u2019UMR TELEMMe<br \/>\n24 mai 2023, Maison m\u00e9diterran\u00e9enne des sciences de l\u2019homme (MMSH), Aix-en-Provence<\/p>\n<p>Du trou de m\u00e9moire \u00e0 l\u2019amn\u00e9sie et de l\u2019inattention au d\u00e9ni, l\u2019oubli se caract\u00e9rise par la perte partielle ou totale, momentan\u00e9e ou d\u00e9finitive, de souvenirs d\u2019\u00e9v\u00e9nements, de repr\u00e9sentations et d\u2019espaces v\u00e9cus, qu\u2019ils soient intimes ou partag\u00e9s1. En ce sens, l\u2019oubli se d\u00e9finit en miroir de la m\u00e9moire et fait partie int\u00e9grante de la construction d\u2019identit\u00e9s individuelles et collectives. Dans la mani\u00e8re dont il se fabrique, il s\u2019appr\u00e9hende comme un processus sociopolitique et culturel volontaire, inconscient et\/ou subi. Cette journ\u00e9e d\u2019\u00e9tudes sera l\u2019occasion d\u2019aborder la construction de l\u2019oubli, \u00e9labor\u00e9e \u00e0 des \u00e9chelles spatiales et temporelles plus ou moins \u00e9tendues, et mettant en tension une diversit\u00e9 d\u2019acteur\u00b7ice\u00b7s.<\/p>\n<p>Si l\u2019oubli et son corollaire, la m\u00e9moire, sont souvent pens\u00e9s ensemble2, nous proposons de nous focaliser sur cet objet et sur la mani\u00e8re dont les chercheur\u00b7euse\u00b7s en sciences sociales l\u2019analysent aujourd\u2019hui. La m\u00e9moire comme objet a \u00e9t\u00e9 \u00e9tudi\u00e9e par les psychanalystes et sociologues au d\u00e9but du si\u00e8cle dernier3, avant que les historien\u00b7ne\u00b7s d\u2019apr\u00e8s-guerre ne s\u2019en emparent au prisme des injonctions li\u00e9es au \u00ab devoir de m\u00e9moire \u00bb4. Depuis le tournant \u00e9pist\u00e9mologique des ann\u00e9es 1970 et 1980 et la vague m\u00e9morielle des ann\u00e9es 1990, la m\u00e9moire et l\u2019oubli sont pr\u00e9sents dans toutes les disciplines des sciences humaines et sociales. Les subaltern studies, les postcolonial studies, les gender studies offrent autant d\u2019objets que de grilles d\u2019analyse qui interrogent les contours de l\u2019oubli, en mettant en \u00e9vidence les rapports de pouvoir et l\u2019instrumentalisation de la m\u00e9moire, ainsi que les enjeux \u00e9pist\u00e9mologiques qui leur sont li\u00e9s. Aujourd\u2019hui, cette \u00ab fabrique de l\u2019oubli \u00bb permet de questionner l\u2019avenir de la recherche \u00e0 l\u2019aune des bouleversements provoqu\u00e9s notamment par le num\u00e9rique.<\/p>\n<p>L\u2019oubli et la m\u00e9moire s\u2019inscrivent conjointement dans un processus permanent et s\u00e9lectif de (re)construction du pass\u00e9, qui r\u00e9pond \u00e0 un besoin de repr\u00e9sentations, de r\u00e9cits et d\u2019imaginaires communs. Aliment\u00e9e par son propre fonctionnement, la \u00ab fabrique de l\u2019oubli \u00bb implique des acteur\u00b7ice\u00b7s qui y participent de mani\u00e8re consciente ou non, et de fa\u00e7on diff\u00e9renci\u00e9e selon des \u00e9chelles plus ou moins grandes. Les chercheur\u00b7euse\u00b7s participent aussi \u00e0 fabriquer l\u2019oubli par leurs analyses, ce qui appelle une r\u00e9flexion sur la posture \u00e0 adopter face \u00e0 un objet qui peut aspirer \u00e0 l\u2019oubli.<\/p>\n<p>Parfois \u00e9mancipatrice, parfois oppressive, notamment \u00e0 l\u2019encontre des cat\u00e9gories subalternes et invisibilis\u00e9es, la \u00ab fabrique de l\u2019oubli \u00bb fait appel \u00e0 l\u2019agentivit\u00e9 des acteurs sociaux et est largement d\u00e9finie par les rapports de domination qui traversent la soci\u00e9t\u00e9. En cela, cette th\u00e9matique poursuit les r\u00e9flexions men\u00e9es dans le cadre des activit\u00e9s scientifiques des jeunes chercheur\u00b7euse\u00b7s de l\u2019UMR TELEMMe tout en s\u2019inscrivant dans des enjeux sociopolitiques actuels sur les questions de m\u00e9moire.<\/p>\n<h4>1. Oubli qui arrange, oubli qui d\u00e9range<\/h4>\n<p>L\u2019oubli peut \u00eatre pens\u00e9 comme le produit d\u2019un rapport de force. Il contribue autant \u00e0 reproduire un ordre social qu\u2019\u00e0 le perturber, par les interrogations qu\u2019il suscite. Pourquoi oublier et faire oublier ? Comment expliquer une d\u00e9marche volontaire d\u2019enfouissement de la m\u00e9moire ? La tentative de faire oublier aboutit-elle toujours ? Quels groupes sociaux sont les plus susceptibles de vouloir faire oublier et pourquoi ? Quels individus, lieux, territoires, \u00e9v\u00e9nements et objets veut-on faire oublier ? L\u2019oubli peut-il participer \u00e0 la r\u00e9conciliation et \u00e0 pacifier les rapports sociaux ?<\/p>\n<h4>2. Trous de m\u00e9moire, absences et impens\u00e9s<\/h4>\n<p>Les m\u00e9moires individuelles et collectives op\u00e8rent une s\u00e9lection \u2014 parfois accidentelle ou inconsciente \u2014 qui laisse tomber dans l\u2019oubli objets, individus et lieux. Elle peut \u00eatre le fruit d\u2019impens\u00e9s, de ce \u00e0 quoi on n\u2019accorde pas d\u2019importance. O\u00f9 placer la limite entre l\u2019oubli volontaire et l\u2019oubli involontaire ? Faut-il n\u00e9cessairement s\u2019inscrire dans un rapport de force pour tomber dans l\u2019oubli ? Quel r\u00f4le joue le passage du temps dans la fabrique de l\u2019oubli ? Ce qui est \u00e0 la marge est-il vou\u00e9 \u00e0 \u00eatre oubli\u00e9 ?<\/p>\n<h4>3. D\u00e9construire l\u2019oubli, construire une m\u00e9moire<\/h4>\n<p>Les traces laiss\u00e9es par ce qui a \u00e9t\u00e9 oubli\u00e9 permettent au pr\u00e9sent de dialoguer avec le pass\u00e9 : elles sont le fondement d\u2019une possible recomposition et restauration de la m\u00e9moire. Quelles peuvent \u00eatre ces traces ? Qui contribue \u00e0 la sortie de l\u2019oubli ? Le besoin de recr\u00e9er une m\u00e9moire appelle-t-il une oblit\u00e9ration du pass\u00e9 ? Comment tirer parti d\u2019une fabrique de l\u2019oubli inaboutie ? \u00c0 l\u2019inverse, peut-on \u00ab d\u00e9soublier \u00bb ? Comment panser les s\u00e9quelles de l\u2019oubli ? Quels sont les usages et les pratiques autour des lieux oubli\u00e9s ?<\/p>\n<p>Ces th\u00e9matiques devront \u00eatre abord\u00e9es \u00e0 l\u2019aide d\u2019\u00e9tudes de cas et de travaux empiriques issus de diverses disciplines (g\u00e9ographie, histoire, histoire de l\u2019art, arch\u00e9ologie, sociologie, anthropologie, philosophie, langues et litt\u00e9rature, musicologie, psychologie, sciences juridiques, science politique, \u00e9conomie, sciences de l\u2019information et de la communication\u2026). Une attention particuli\u00e8re sera accord\u00e9e aux communications qui font appara\u00eetre des approches m\u00e9thodologiques employ\u00e9es par les chercheur.ses confront\u00e9.es \u00e0 des objets de l\u2019oubli, y compris dans une dimension r\u00e9flexive.<\/p>\n<p><sup>1<\/sup>A. Fr\u00e9mont, La r\u00e9gion, espace v\u00e9cu, Paris, Presses universitaires de France, 1976.<br \/>\n<sup>2<\/sup>P. Ricoeur, La m\u00e9moire, l&rsquo;histoire, l&rsquo;oubli, Paris, Seuil, 2000.<br \/>\n<sup>3<\/sup>M. Halbwachs, Les cadres sociaux de la m\u00e9moire, Paris, Librairie F\u00e9lix Alcan, 1925.<br \/>\n<sup>4<\/sup>S. Ledoux, Le Devoir de m\u00e9moire. Une formule et son histoire, Paris, \u00c9ditions du CNRS, 2016<\/p>\n<p>&#8212;&#8212;&#8212;&#8212;&#8212;&#8212;&#8212;&#8212;&#8212;&#8212;&#8212;&#8212;&#8212;&#8212;&#8212;&#8212;&#8212;&#8212;&#8212;&#8212;&#8212;&#8212;&#8212;&#8212;&#8212;&#8212;&#8212;&#8212;&#8212;&#8212;&#8212;&#8212;&#8212;&#8212;&#8212;&#8212;&#8212;&#8212;&#8212;&#8212;&#8212;&#8212;&#8212;&#8212;&#8212;&#8212;&#8212;-<\/p>\n<p>Les propositions des doctorant\u00b7e\u00b7s ou des jeunes docteur\u00b7e\u00b7s devront \u00eatre envoy\u00e9es avant le <strong>15 mars 2023<\/strong> \u00e0 l\u2019adresse : jjctelemme@gmail.com. Elles comporteront un titre, un r\u00e9sum\u00e9 de la communication projet\u00e9e (500 mots maximum) ainsi qu\u2019une br\u00e8ve pr\u00e9sentation de l\u2019auteur\u00b7rice (nom, situation, unit\u00e9 de rattachement).<\/p>\n<p>La journ\u00e9e d\u2019\u00e9tudes se tiendra le 24 mai 2023 \u00e0 la Maison M\u00e9diterran\u00e9enne des Sciences de l\u2019Homme, 5 rue du Ch\u00e2teau de l\u2019Horloge, 13094 Aix-en-Provence. Les frais de transport et d\u2019h\u00e9bergement restent \u00e0 la charge des participant\u00b7e\u00b7s ou de leur institution de rattachement.<\/p>\n","protected":false},"excerpt":{"rendered":"<p>Journ\u00e9e d\u2019\u00e9tudes des Jeunes chercheur\u00b7euse\u00b7s de l\u2019UMR TELEMMe 24 mai 2023, Maison m\u00e9diterran\u00e9enne des sciences de l\u2019homme (MMSH), Aix-en-Provence Du trou de m\u00e9moire \u00e0 l\u2019amn\u00e9sie et de l\u2019inattention au d\u00e9ni,&hellip;&nbsp;<a href=\"https:\/\/telemme.mmsh.fr\/?p=12449\" rel=\"bookmark\">Lire la suite &raquo;<span class=\"screen-reader-text\">[AAP]La fabrique de l\u2019oubli<\/span><\/a><\/p>\n","protected":false},"author":175,"featured_media":12450,"comment_status":"closed","ping_status":"closed","sticky":false,"template":"","format":"standard","meta":{"neve_meta_sidebar":"","neve_meta_container":"","neve_meta_enable_content_width":"off","neve_meta_content_width":70,"neve_meta_title_alignment":"","neve_meta_author_avatar":"","neve_post_elements_order":"","neve_meta_disable_header":"","neve_meta_disable_footer":"","neve_meta_disable_title":"","_tribe_events_control_status":"","_tribe_events_control_status_canceled_reason":"","_tribe_events_control_status_postponed_reason":"","_tribe_events_control_online":"","_tribe_events_control_online_url":"","footnotes":""},"categories":[2026],"tags":[2632,2396],"class_list":["post-12449","post","type-post","status-publish","format-standard","has-post-thumbnail","hentry","category-appels-a-candidature","tag-appel-a-communication","tag-jeunes-chercheurseuses-telemme"],"yoast_head":"<!-- This site is optimized with the Yoast SEO plugin v27.4 - https:\/\/yoast.com\/product\/yoast-seo-wordpress\/ -->\n<title>[AAP]La fabrique de l\u2019oubli - TELEMMe - Temps, espaces, langages, Europe m\u00e9ridionale, M\u00e9diterran\u00e9e<\/title>\n<meta name=\"description\" content=\"Du trou de m\u00e9moire \u00e0 l\u2019amn\u00e9sie et de l\u2019inattention au d\u00e9ni, l\u2019oubli se caract\u00e9rise par la perte partielle ou totale, momentan\u00e9e ou d\u00e9finitive, de souvenirs d\u2019\u00e9v\u00e9nements, de repr\u00e9sentations et d\u2019espaces v\u00e9cus, qu\u2019ils soient intimes ou partag\u00e9s1. En ce sens, l\u2019oubli se d\u00e9finit en miroir de la m\u00e9moire et fait partie int\u00e9grante de la construction d\u2019identit\u00e9s individuelles et collectives. Dans la mani\u00e8re dont il se fabrique, il s\u2019appr\u00e9hende comme un processus sociopolitique et culturel volontaire, inconscient et\/ou subi. Cette journ\u00e9e d\u2019\u00e9tudes sera l\u2019occasion d\u2019aborder la construction de l\u2019oubli, \u00e9labor\u00e9e \u00e0 des \u00e9chelles spatiales et temporelles plus ou moins \u00e9tendues, et mettant en tension une diversit\u00e9 d\u2019acteur\u00b7ice\u00b7s.\" \/>\n<meta name=\"robots\" content=\"index, follow, max-snippet:-1, max-image-preview:large, max-video-preview:-1\" \/>\n<link rel=\"canonical\" href=\"https:\/\/telemme.mmsh.fr\/?p=12449\" \/>\n<meta property=\"og:locale\" content=\"fr_FR\" \/>\n<meta property=\"og:type\" content=\"article\" \/>\n<meta property=\"og:title\" content=\"[AAP]La fabrique de l\u2019oubli - TELEMMe - Temps, espaces, langages, Europe m\u00e9ridionale, M\u00e9diterran\u00e9e\" \/>\n<meta property=\"og:description\" content=\"Du trou de m\u00e9moire \u00e0 l\u2019amn\u00e9sie et de l\u2019inattention au d\u00e9ni, l\u2019oubli se caract\u00e9rise par la perte partielle ou totale, momentan\u00e9e ou d\u00e9finitive, de souvenirs d\u2019\u00e9v\u00e9nements, de repr\u00e9sentations et d\u2019espaces v\u00e9cus, qu\u2019ils soient intimes ou partag\u00e9s1. En ce sens, l\u2019oubli se d\u00e9finit en miroir de la m\u00e9moire et fait partie int\u00e9grante de la construction d\u2019identit\u00e9s individuelles et collectives. Dans la mani\u00e8re dont il se fabrique, il s\u2019appr\u00e9hende comme un processus sociopolitique et culturel volontaire, inconscient et\/ou subi. Cette journ\u00e9e d\u2019\u00e9tudes sera l\u2019occasion d\u2019aborder la construction de l\u2019oubli, \u00e9labor\u00e9e \u00e0 des \u00e9chelles spatiales et temporelles plus ou moins \u00e9tendues, et mettant en tension une diversit\u00e9 d\u2019acteur\u00b7ice\u00b7s.\" \/>\n<meta property=\"og:url\" content=\"https:\/\/telemme.mmsh.fr\/?p=12449\" \/>\n<meta property=\"og:site_name\" content=\"TELEMMe - Temps, espaces, langages, Europe m\u00e9ridionale, M\u00e9diterran\u00e9e\" \/>\n<meta property=\"article:published_time\" content=\"2023-02-02T11:54:09+00:00\" \/>\n<meta property=\"article:modified_time\" content=\"2023-02-02T12:30:56+00:00\" \/>\n<meta property=\"og:image\" content=\"https:\/\/telemme.mmsh.fr\/wp-content\/uploads\/2023\/02\/ok.png\" \/>\n\t<meta property=\"og:image:width\" content=\"677\" \/>\n\t<meta property=\"og:image:height\" content=\"502\" \/>\n\t<meta property=\"og:image:type\" content=\"image\/png\" \/>\n<meta name=\"author\" content=\"Maja Mellet\" \/>\n<meta name=\"twitter:card\" content=\"summary_large_image\" \/>\n<meta name=\"twitter:label1\" content=\"\u00c9crit par\" \/>\n\t<meta name=\"twitter:data1\" content=\"Maja Mellet\" \/>\n\t<meta name=\"twitter:label2\" content=\"Dur\u00e9e de lecture estim\u00e9e\" \/>\n\t<meta name=\"twitter:data2\" content=\"5 minutes\" \/>\n<script type=\"application\/ld+json\" class=\"yoast-schema-graph\">{\"@context\":\"https:\\\/\\\/schema.org\",\"@graph\":[{\"@type\":\"Article\",\"@id\":\"https:\\\/\\\/telemme.mmsh.fr\\\/?p=12449#article\",\"isPartOf\":{\"@id\":\"https:\\\/\\\/telemme.mmsh.fr\\\/?p=12449\"},\"author\":{\"name\":\"Maja Mellet\",\"@id\":\"https:\\\/\\\/telemme.mmsh.fr\\\/#\\\/schema\\\/person\\\/c433e5fd025c00718f715ba73f040691\"},\"headline\":\"[AAP]La fabrique de l\u2019oubli\",\"datePublished\":\"2023-02-02T11:54:09+00:00\",\"dateModified\":\"2023-02-02T12:30:56+00:00\",\"mainEntityOfPage\":{\"@id\":\"https:\\\/\\\/telemme.mmsh.fr\\\/?p=12449\"},\"wordCount\":1098,\"publisher\":{\"@id\":\"https:\\\/\\\/telemme.mmsh.fr\\\/#organization\"},\"image\":{\"@id\":\"https:\\\/\\\/telemme.mmsh.fr\\\/?p=12449#primaryimage\"},\"thumbnailUrl\":\"https:\\\/\\\/telemme.mmsh.fr\\\/wp-content\\\/uploads\\\/2023\\\/02\\\/ok.png\",\"keywords\":[\"Appel \u00e0 communication\",\"Jeunes chercheurs\u00b7euses TELEMMe\"],\"articleSection\":[\"Appels \u00e0 candidature\"],\"inLanguage\":\"fr-FR\"},{\"@type\":\"WebPage\",\"@id\":\"https:\\\/\\\/telemme.mmsh.fr\\\/?p=12449\",\"url\":\"https:\\\/\\\/telemme.mmsh.fr\\\/?p=12449\",\"name\":\"[AAP]La fabrique de l\u2019oubli - TELEMMe - Temps, espaces, langages, Europe m\u00e9ridionale, M\u00e9diterran\u00e9e\",\"isPartOf\":{\"@id\":\"https:\\\/\\\/telemme.mmsh.fr\\\/#website\"},\"primaryImageOfPage\":{\"@id\":\"https:\\\/\\\/telemme.mmsh.fr\\\/?p=12449#primaryimage\"},\"image\":{\"@id\":\"https:\\\/\\\/telemme.mmsh.fr\\\/?p=12449#primaryimage\"},\"thumbnailUrl\":\"https:\\\/\\\/telemme.mmsh.fr\\\/wp-content\\\/uploads\\\/2023\\\/02\\\/ok.png\",\"datePublished\":\"2023-02-02T11:54:09+00:00\",\"dateModified\":\"2023-02-02T12:30:56+00:00\",\"description\":\"Du trou de m\u00e9moire \u00e0 l\u2019amn\u00e9sie et de l\u2019inattention au d\u00e9ni, l\u2019oubli se caract\u00e9rise par la perte partielle ou totale, momentan\u00e9e ou d\u00e9finitive, de souvenirs d\u2019\u00e9v\u00e9nements, de repr\u00e9sentations et d\u2019espaces v\u00e9cus, qu\u2019ils soient intimes ou partag\u00e9s1. En ce sens, l\u2019oubli se d\u00e9finit en miroir de la m\u00e9moire et fait partie int\u00e9grante de la construction d\u2019identit\u00e9s individuelles et collectives. Dans la mani\u00e8re dont il se fabrique, il s\u2019appr\u00e9hende comme un processus sociopolitique et culturel volontaire, inconscient et\\\/ou subi. Cette journ\u00e9e d\u2019\u00e9tudes sera l\u2019occasion d\u2019aborder la construction de l\u2019oubli, \u00e9labor\u00e9e \u00e0 des \u00e9chelles spatiales et temporelles plus ou moins \u00e9tendues, et mettant en tension une diversit\u00e9 d\u2019acteur\u00b7ice\u00b7s.\",\"breadcrumb\":{\"@id\":\"https:\\\/\\\/telemme.mmsh.fr\\\/?p=12449#breadcrumb\"},\"inLanguage\":\"fr-FR\",\"potentialAction\":[{\"@type\":\"ReadAction\",\"target\":[\"https:\\\/\\\/telemme.mmsh.fr\\\/?p=12449\"]}]},{\"@type\":\"ImageObject\",\"inLanguage\":\"fr-FR\",\"@id\":\"https:\\\/\\\/telemme.mmsh.fr\\\/?p=12449#primaryimage\",\"url\":\"https:\\\/\\\/telemme.mmsh.fr\\\/wp-content\\\/uploads\\\/2023\\\/02\\\/ok.png\",\"contentUrl\":\"https:\\\/\\\/telemme.mmsh.fr\\\/wp-content\\\/uploads\\\/2023\\\/02\\\/ok.png\",\"width\":677,\"height\":502,\"caption\":\"Une maison abandonn\u00e9e, Santiago, Chili, par Javier Ignacio Acu\u00f1a Ditzel, 2008. Licence CC BY-NC 2.0 Source : https:\\\/\\\/www.flickr.com\\\/photos\\\/santoposmoderno\\\/2391044477.\"},{\"@type\":\"BreadcrumbList\",\"@id\":\"https:\\\/\\\/telemme.mmsh.fr\\\/?p=12449#breadcrumb\",\"itemListElement\":[{\"@type\":\"ListItem\",\"position\":1,\"name\":\"Accueil\",\"item\":\"https:\\\/\\\/telemme.mmsh.fr\\\/\"},{\"@type\":\"ListItem\",\"position\":2,\"name\":\"Actualit\u00e9s\",\"item\":\"https:\\\/\\\/telemme.mmsh.fr\\\/?cat=1995\"},{\"@type\":\"ListItem\",\"position\":3,\"name\":\"Appels \u00e0 candidature\",\"item\":\"https:\\\/\\\/telemme.mmsh.fr\\\/?cat=2026\"},{\"@type\":\"ListItem\",\"position\":4,\"name\":\"[AAP]La fabrique de l\u2019oubli\"}]},{\"@type\":\"WebSite\",\"@id\":\"https:\\\/\\\/telemme.mmsh.fr\\\/#website\",\"url\":\"https:\\\/\\\/telemme.mmsh.fr\\\/\",\"name\":\"TELEMMe - Temps, espaces, langages, Europe m\u00e9ridionale, M\u00e9diterran\u00e9e\",\"description\":\"\",\"publisher\":{\"@id\":\"https:\\\/\\\/telemme.mmsh.fr\\\/#organization\"},\"potentialAction\":[{\"@type\":\"SearchAction\",\"target\":{\"@type\":\"EntryPoint\",\"urlTemplate\":\"https:\\\/\\\/telemme.mmsh.fr\\\/?s={search_term_string}\"},\"query-input\":{\"@type\":\"PropertyValueSpecification\",\"valueRequired\":true,\"valueName\":\"search_term_string\"}}],\"inLanguage\":\"fr-FR\"},{\"@type\":\"Organization\",\"@id\":\"https:\\\/\\\/telemme.mmsh.fr\\\/#organization\",\"name\":\"TELEMMe\",\"url\":\"https:\\\/\\\/telemme.mmsh.fr\\\/\",\"logo\":{\"@type\":\"ImageObject\",\"inLanguage\":\"fr-FR\",\"@id\":\"https:\\\/\\\/telemme.mmsh.fr\\\/#\\\/schema\\\/logo\\\/image\\\/\",\"url\":\"https:\\\/\\\/telemme.mmsh.fr\\\/wp-content\\\/uploads\\\/2020\\\/03\\\/LogoTELEMMe-horizontal-fond-transparent.png\",\"contentUrl\":\"https:\\\/\\\/telemme.mmsh.fr\\\/wp-content\\\/uploads\\\/2020\\\/03\\\/LogoTELEMMe-horizontal-fond-transparent.png\",\"width\":1500,\"height\":437,\"caption\":\"TELEMMe\"},\"image\":{\"@id\":\"https:\\\/\\\/telemme.mmsh.fr\\\/#\\\/schema\\\/logo\\\/image\\\/\"}},{\"@type\":\"Person\",\"@id\":\"https:\\\/\\\/telemme.mmsh.fr\\\/#\\\/schema\\\/person\\\/c433e5fd025c00718f715ba73f040691\",\"name\":\"Maja Mellet\",\"url\":\"https:\\\/\\\/telemme.mmsh.fr\\\/?author=175\"}]}<\/script>\n<!-- \/ Yoast SEO plugin. -->","yoast_head_json":{"title":"[AAP]La fabrique de l\u2019oubli - TELEMMe - Temps, espaces, langages, Europe m\u00e9ridionale, M\u00e9diterran\u00e9e","description":"Du trou de m\u00e9moire \u00e0 l\u2019amn\u00e9sie et de l\u2019inattention au d\u00e9ni, l\u2019oubli se caract\u00e9rise par la perte partielle ou totale, momentan\u00e9e ou d\u00e9finitive, de souvenirs d\u2019\u00e9v\u00e9nements, de repr\u00e9sentations et d\u2019espaces v\u00e9cus, qu\u2019ils soient intimes ou partag\u00e9s1. En ce sens, l\u2019oubli se d\u00e9finit en miroir de la m\u00e9moire et fait partie int\u00e9grante de la construction d\u2019identit\u00e9s individuelles et collectives. Dans la mani\u00e8re dont il se fabrique, il s\u2019appr\u00e9hende comme un processus sociopolitique et culturel volontaire, inconscient et\/ou subi. Cette journ\u00e9e d\u2019\u00e9tudes sera l\u2019occasion d\u2019aborder la construction de l\u2019oubli, \u00e9labor\u00e9e \u00e0 des \u00e9chelles spatiales et temporelles plus ou moins \u00e9tendues, et mettant en tension une diversit\u00e9 d\u2019acteur\u00b7ice\u00b7s.","robots":{"index":"index","follow":"follow","max-snippet":"max-snippet:-1","max-image-preview":"max-image-preview:large","max-video-preview":"max-video-preview:-1"},"canonical":"https:\/\/telemme.mmsh.fr\/?p=12449","og_locale":"fr_FR","og_type":"article","og_title":"[AAP]La fabrique de l\u2019oubli - TELEMMe - Temps, espaces, langages, Europe m\u00e9ridionale, M\u00e9diterran\u00e9e","og_description":"Du trou de m\u00e9moire \u00e0 l\u2019amn\u00e9sie et de l\u2019inattention au d\u00e9ni, l\u2019oubli se caract\u00e9rise par la perte partielle ou totale, momentan\u00e9e ou d\u00e9finitive, de souvenirs d\u2019\u00e9v\u00e9nements, de repr\u00e9sentations et d\u2019espaces v\u00e9cus, qu\u2019ils soient intimes ou partag\u00e9s1. En ce sens, l\u2019oubli se d\u00e9finit en miroir de la m\u00e9moire et fait partie int\u00e9grante de la construction d\u2019identit\u00e9s individuelles et collectives. Dans la mani\u00e8re dont il se fabrique, il s\u2019appr\u00e9hende comme un processus sociopolitique et culturel volontaire, inconscient et\/ou subi. Cette journ\u00e9e d\u2019\u00e9tudes sera l\u2019occasion d\u2019aborder la construction de l\u2019oubli, \u00e9labor\u00e9e \u00e0 des \u00e9chelles spatiales et temporelles plus ou moins \u00e9tendues, et mettant en tension une diversit\u00e9 d\u2019acteur\u00b7ice\u00b7s.","og_url":"https:\/\/telemme.mmsh.fr\/?p=12449","og_site_name":"TELEMMe - Temps, espaces, langages, Europe m\u00e9ridionale, M\u00e9diterran\u00e9e","article_published_time":"2023-02-02T11:54:09+00:00","article_modified_time":"2023-02-02T12:30:56+00:00","og_image":[{"width":677,"height":502,"url":"https:\/\/telemme.mmsh.fr\/wp-content\/uploads\/2023\/02\/ok.png","type":"image\/png"}],"author":"Maja Mellet","twitter_card":"summary_large_image","twitter_misc":{"\u00c9crit par":"Maja Mellet","Dur\u00e9e de lecture estim\u00e9e":"5 minutes"},"schema":{"@context":"https:\/\/schema.org","@graph":[{"@type":"Article","@id":"https:\/\/telemme.mmsh.fr\/?p=12449#article","isPartOf":{"@id":"https:\/\/telemme.mmsh.fr\/?p=12449"},"author":{"name":"Maja Mellet","@id":"https:\/\/telemme.mmsh.fr\/#\/schema\/person\/c433e5fd025c00718f715ba73f040691"},"headline":"[AAP]La fabrique de l\u2019oubli","datePublished":"2023-02-02T11:54:09+00:00","dateModified":"2023-02-02T12:30:56+00:00","mainEntityOfPage":{"@id":"https:\/\/telemme.mmsh.fr\/?p=12449"},"wordCount":1098,"publisher":{"@id":"https:\/\/telemme.mmsh.fr\/#organization"},"image":{"@id":"https:\/\/telemme.mmsh.fr\/?p=12449#primaryimage"},"thumbnailUrl":"https:\/\/telemme.mmsh.fr\/wp-content\/uploads\/2023\/02\/ok.png","keywords":["Appel \u00e0 communication","Jeunes chercheurs\u00b7euses TELEMMe"],"articleSection":["Appels \u00e0 candidature"],"inLanguage":"fr-FR"},{"@type":"WebPage","@id":"https:\/\/telemme.mmsh.fr\/?p=12449","url":"https:\/\/telemme.mmsh.fr\/?p=12449","name":"[AAP]La fabrique de l\u2019oubli - TELEMMe - Temps, espaces, langages, Europe m\u00e9ridionale, M\u00e9diterran\u00e9e","isPartOf":{"@id":"https:\/\/telemme.mmsh.fr\/#website"},"primaryImageOfPage":{"@id":"https:\/\/telemme.mmsh.fr\/?p=12449#primaryimage"},"image":{"@id":"https:\/\/telemme.mmsh.fr\/?p=12449#primaryimage"},"thumbnailUrl":"https:\/\/telemme.mmsh.fr\/wp-content\/uploads\/2023\/02\/ok.png","datePublished":"2023-02-02T11:54:09+00:00","dateModified":"2023-02-02T12:30:56+00:00","description":"Du trou de m\u00e9moire \u00e0 l\u2019amn\u00e9sie et de l\u2019inattention au d\u00e9ni, l\u2019oubli se caract\u00e9rise par la perte partielle ou totale, momentan\u00e9e ou d\u00e9finitive, de souvenirs d\u2019\u00e9v\u00e9nements, de repr\u00e9sentations et d\u2019espaces v\u00e9cus, qu\u2019ils soient intimes ou partag\u00e9s1. En ce sens, l\u2019oubli se d\u00e9finit en miroir de la m\u00e9moire et fait partie int\u00e9grante de la construction d\u2019identit\u00e9s individuelles et collectives. Dans la mani\u00e8re dont il se fabrique, il s\u2019appr\u00e9hende comme un processus sociopolitique et culturel volontaire, inconscient et\/ou subi. Cette journ\u00e9e d\u2019\u00e9tudes sera l\u2019occasion d\u2019aborder la construction de l\u2019oubli, \u00e9labor\u00e9e \u00e0 des \u00e9chelles spatiales et temporelles plus ou moins \u00e9tendues, et mettant en tension une diversit\u00e9 d\u2019acteur\u00b7ice\u00b7s.","breadcrumb":{"@id":"https:\/\/telemme.mmsh.fr\/?p=12449#breadcrumb"},"inLanguage":"fr-FR","potentialAction":[{"@type":"ReadAction","target":["https:\/\/telemme.mmsh.fr\/?p=12449"]}]},{"@type":"ImageObject","inLanguage":"fr-FR","@id":"https:\/\/telemme.mmsh.fr\/?p=12449#primaryimage","url":"https:\/\/telemme.mmsh.fr\/wp-content\/uploads\/2023\/02\/ok.png","contentUrl":"https:\/\/telemme.mmsh.fr\/wp-content\/uploads\/2023\/02\/ok.png","width":677,"height":502,"caption":"Une maison abandonn\u00e9e, Santiago, Chili, par Javier Ignacio Acu\u00f1a Ditzel, 2008. Licence CC BY-NC 2.0 Source : https:\/\/www.flickr.com\/photos\/santoposmoderno\/2391044477."},{"@type":"BreadcrumbList","@id":"https:\/\/telemme.mmsh.fr\/?p=12449#breadcrumb","itemListElement":[{"@type":"ListItem","position":1,"name":"Accueil","item":"https:\/\/telemme.mmsh.fr\/"},{"@type":"ListItem","position":2,"name":"Actualit\u00e9s","item":"https:\/\/telemme.mmsh.fr\/?cat=1995"},{"@type":"ListItem","position":3,"name":"Appels \u00e0 candidature","item":"https:\/\/telemme.mmsh.fr\/?cat=2026"},{"@type":"ListItem","position":4,"name":"[AAP]La fabrique de l\u2019oubli"}]},{"@type":"WebSite","@id":"https:\/\/telemme.mmsh.fr\/#website","url":"https:\/\/telemme.mmsh.fr\/","name":"TELEMMe - Temps, espaces, langages, Europe m\u00e9ridionale, M\u00e9diterran\u00e9e","description":"","publisher":{"@id":"https:\/\/telemme.mmsh.fr\/#organization"},"potentialAction":[{"@type":"SearchAction","target":{"@type":"EntryPoint","urlTemplate":"https:\/\/telemme.mmsh.fr\/?s={search_term_string}"},"query-input":{"@type":"PropertyValueSpecification","valueRequired":true,"valueName":"search_term_string"}}],"inLanguage":"fr-FR"},{"@type":"Organization","@id":"https:\/\/telemme.mmsh.fr\/#organization","name":"TELEMMe","url":"https:\/\/telemme.mmsh.fr\/","logo":{"@type":"ImageObject","inLanguage":"fr-FR","@id":"https:\/\/telemme.mmsh.fr\/#\/schema\/logo\/image\/","url":"https:\/\/telemme.mmsh.fr\/wp-content\/uploads\/2020\/03\/LogoTELEMMe-horizontal-fond-transparent.png","contentUrl":"https:\/\/telemme.mmsh.fr\/wp-content\/uploads\/2020\/03\/LogoTELEMMe-horizontal-fond-transparent.png","width":1500,"height":437,"caption":"TELEMMe"},"image":{"@id":"https:\/\/telemme.mmsh.fr\/#\/schema\/logo\/image\/"}},{"@type":"Person","@id":"https:\/\/telemme.mmsh.fr\/#\/schema\/person\/c433e5fd025c00718f715ba73f040691","name":"Maja Mellet","url":"https:\/\/telemme.mmsh.fr\/?author=175"}]}},"_links":{"self":[{"href":"https:\/\/telemme.mmsh.fr\/index.php?rest_route=\/wp\/v2\/posts\/12449","targetHints":{"allow":["GET"]}}],"collection":[{"href":"https:\/\/telemme.mmsh.fr\/index.php?rest_route=\/wp\/v2\/posts"}],"about":[{"href":"https:\/\/telemme.mmsh.fr\/index.php?rest_route=\/wp\/v2\/types\/post"}],"author":[{"embeddable":true,"href":"https:\/\/telemme.mmsh.fr\/index.php?rest_route=\/wp\/v2\/users\/175"}],"replies":[{"embeddable":true,"href":"https:\/\/telemme.mmsh.fr\/index.php?rest_route=%2Fwp%2Fv2%2Fcomments&post=12449"}],"version-history":[{"count":5,"href":"https:\/\/telemme.mmsh.fr\/index.php?rest_route=\/wp\/v2\/posts\/12449\/revisions"}],"predecessor-version":[{"id":12460,"href":"https:\/\/telemme.mmsh.fr\/index.php?rest_route=\/wp\/v2\/posts\/12449\/revisions\/12460"}],"wp:featuredmedia":[{"embeddable":true,"href":"https:\/\/telemme.mmsh.fr\/index.php?rest_route=\/wp\/v2\/media\/12450"}],"wp:attachment":[{"href":"https:\/\/telemme.mmsh.fr\/index.php?rest_route=%2Fwp%2Fv2%2Fmedia&parent=12449"}],"wp:term":[{"taxonomy":"category","embeddable":true,"href":"https:\/\/telemme.mmsh.fr\/index.php?rest_route=%2Fwp%2Fv2%2Fcategories&post=12449"},{"taxonomy":"post_tag","embeddable":true,"href":"https:\/\/telemme.mmsh.fr\/index.php?rest_route=%2Fwp%2Fv2%2Ftags&post=12449"}],"curies":[{"name":"wp","href":"https:\/\/api.w.org\/{rel}","templated":true}]}}