{"id":12300,"date":"2023-01-20T09:50:51","date_gmt":"2023-01-20T08:50:51","guid":{"rendered":"https:\/\/telemme.mmsh.fr\/?p=12300"},"modified":"2025-05-09T15:31:25","modified_gmt":"2025-05-09T13:31:25","slug":"deces-du-professeur-noel-coulet","status":"publish","type":"post","link":"https:\/\/telemme.mmsh.fr\/?p=12300","title":{"rendered":"D\u00e9c\u00e8s du professeur No\u00ebl Coulet"},"content":{"rendered":"\n<p>C\u2019est avec tristesse et \u00e9motion que la direction et l\u2019ensemble des membres de TELEMMe ont appris le d\u00e9c\u00e8s le 15 janvier 2023 de <a href=\"https:\/\/telemme.mmsh.fr\/?membres=noel-coulet\">No\u00ebl Coulet<\/a>, professeur \u00e9m\u00e9rite d&rsquo;histoire m\u00e9di\u00e9vale \u00e0 l&rsquo;universit\u00e9 de Provence, devenue Aix-Marseille universit\u00e9, et membre de notre unit\u00e9 depuis sa cr\u00e9ation. <\/p>\n\n\n\n<p class=\"has-text-align-left\"> TELEMMe et plus largement la communaut\u00e9 des historiens perdent avec No\u00ebl Coulet un grand chercheur, actif jusqu&rsquo;\u00e0 ses derniers jours, <a href=\"https:\/\/hal-amu.archives-ouvertes.fr\/search\/index\/q\/*\/authIdHal_s\/noel-coulet\">publiant inlassablement<\/a> le fruit de ses recherches et directeur de la <a href=\"https:\/\/www.lafhp.fr\/provence-historique\/#:~:text=La%20revue%20Provence%20historique%20est,de%20rang%20scientifique%20et%20universitaire.\">revue <em>Provence historique<\/em><\/a>  depuis 1980. <\/p>\n\n\n\n<p class=\"has-text-align-left\">Nous publions ci-dessous les t\u00e9moignages et \u00e9vocations du parcours du professeur No\u00ebl Coulet auquel <a href=\"#verdon\">Laure Verdon<\/a>, <a href=\"#bertrand\">R\u00e9gis Bertrand<\/a>, <a href=\"#boyer\">Jean-Paul Boyer<\/a> et <a href=\"#chastagnaret\">G\u00e9rard Chastagnaret<\/a> rendent hommage.&nbsp;Ses obs\u00e8ques ont eu lieu le samedi 21 janvier au temple protestant d\u2019Aix-en-Provence.<\/p>\n\n\n\n<p class=\"has-text-align-center\"><\/p>\n\n\n\n<hr class=\"wp-block-separator has-alpha-channel-opacity is-style-wide\"\/>\n\n\n\n<h3 class=\"wp-block-heading\" id=\"verdon\">Laure Verdon<\/h3>\n\n\n\n<p>Ch\u00e8res et chers coll\u00e8gues<\/p>\n\n\n\n<p>Les deux tr\u00e8s beaux portraits de No\u00ebl Coulet dress\u00e9s par Jean-Paul Boyer et R\u00e9gis Bertrand disent bien le respect et l&rsquo;admiration vou\u00e9s au professeur, mais aussi l&rsquo;amiti\u00e9 sinc\u00e8re que ses \u00e9l\u00e8ves et coll\u00e8gues portaient \u00e0 l&rsquo;homme.<\/p>\n\n\n\n<p>L&rsquo;image de No\u00ebl Coulet est intrins\u00e8quement li\u00e9e au d\u00e9partement d&rsquo;Histoire de l&rsquo;universit\u00e9 de Provence, puis d&rsquo;Aix-Marseille, o\u00f9 il fut l&rsquo;assistant de Georges Duby au d\u00e9but des ann\u00e9es 1960, qu&rsquo;il dirigea, et au sein duquel il contribua \u00e0 donner aux \u00e9tudes m\u00e9di\u00e9vales un rayonnement important. Le cours qu&rsquo;il anima pendant de longues ann\u00e9es, en compagnie de Louis Stouff, sur la France et l&rsquo;Angleterre durant la guerre de Cent ans, en est un parfait exemple. La p\u00e9dagogie qui y \u00e9tait d\u00e9ploy\u00e9e, l&rsquo;attention port\u00e9e aux pratiques tout autant qu&rsquo; aux id\u00e9ologies alli\u00e9e \u00e0 une analyse minutieuse des sources, sont pour beaucoup dans la transmission d&rsquo;un vrai go\u00fbt pour le Moyen \u00c2ge et \u00e0 l&rsquo;origine de nombre de vocations de m\u00e9di\u00e9vistes, dont je peux t\u00e9moigner \u00e0 titre personnel.<\/p>\n\n\n\n<p>Avec No\u00ebl Coulet, il me revient en m\u00e9moire le temps o\u00f9 la recherche en histoire de la Provence, entre autres, se faisait dans les sous-sols de la facult\u00e9, au sein du GDR M\u00e9diterran\u00e9e. Lorsque la Maison M\u00e9diterran\u00e9enne des Sciences de l&rsquo;Homme vit le jour, au Jas de Bouffan, en 1998, No\u00ebl Coulet participa activement au d\u00e9m\u00e9nagement des locaux du GDR, qui fut aussi un v\u00e9ritable transfert de la m\u00e9moire du Centre d&rsquo;\u00e9tudes des soci\u00e9t\u00e9s m\u00e9diterran\u00e9ennes qu&rsquo;avait fond\u00e9 Georges Duby \u00e0 Aix en 1960. C&rsquo;est gr\u00e2ce \u00e0 No\u00ebl Coulet, en effet, que les archives du professeur Duby conserv\u00e9es \u00e0 Schuman purent rejoindre les locaux de TELEMMe.<\/p>\n\n\n\n<p>Ses anciens \u00e9tudiants, ses coll\u00e8gues et amis historiens, historiens de l&rsquo;art, arch\u00e9ologues, linguistes, litt\u00e9raires, tous ceux qui l&rsquo;ont connu et c\u00f4toy\u00e9 \u00e0 la facult\u00e9 des Lettres d&rsquo;Aix, sont aujourd&rsquo;hui profond\u00e9ment attrist\u00e9s et se joignent au d\u00e9partement d&rsquo;Histoire et au laboratoire TELEMMe pour adresser \u00e0 son \u00e9pouse, \u00e0 sa famille et \u00e0 ses proches, leurs plus sinc\u00e8res condol\u00e9ances.<\/p>\n\n\n\n<p>Laure Verdon, pour le d\u00e9partement d&rsquo;Histoire et l&rsquo;UMR TELEMMe<\/p>\n\n\n<div class=\"wp-block-image size-medium wp-image-12301\">\n<figure class=\"aligncenter\"><img loading=\"lazy\" decoding=\"async\" width=\"242\" height=\"300\" src=\"https:\/\/telemme.mmsh.fr\/wp-content\/uploads\/2023\/01\/Noel-Coulet-242x300.jpg\" alt=\"\" class=\"wp-image-12301\" srcset=\"https:\/\/telemme.mmsh.fr\/wp-content\/uploads\/2023\/01\/Noel-Coulet-242x300.jpg 242w, https:\/\/telemme.mmsh.fr\/wp-content\/uploads\/2023\/01\/Noel-Coulet-825x1024.jpg 825w, https:\/\/telemme.mmsh.fr\/wp-content\/uploads\/2023\/01\/Noel-Coulet-768x953.jpg 768w, https:\/\/telemme.mmsh.fr\/wp-content\/uploads\/2023\/01\/Noel-Coulet.jpg 1142w\" sizes=\"auto, (max-width: 242px) 100vw, 242px\" \/><figcaption class=\"wp-element-caption\">&nbsp;&nbsp;&nbsp;&nbsp;&nbsp;&nbsp;&nbsp;&nbsp; No\u00ebl Coulet (1932-2023)<\/figcaption><\/figure>\n<\/div>\n\n\n<hr class=\"wp-block-separator has-alpha-channel-opacity\"\/>\n\n\n\n<h3 class=\"wp-block-heading\" id=\"bertrand\">R\u00e9gis Bertrand<\/h3>\n\n\n\n<p><strong>COULET No\u00ebl<\/strong>, n\u00e9 \u00e0 Cogolin (Var), 4 octobre 1932, historien.<\/p>\n\n\n\n<p>Descendant par sa m\u00e8re des Parli, fabricants des c\u00e9l\u00e8bres calissons d\u2019Aix, No\u00ebl Coulet a fait ses \u00e9tudes \u00e0 la facult\u00e9 des lettres d\u2019Aix, a \u00e9t\u00e9 re\u00e7u \u00e0 l\u2019agr\u00e9gation en 1956, a \u00e9t\u00e9 successivement nomm\u00e9 aux lyc\u00e9es de Tournon puis d\u2019Aix (Mignet). Il a fait ensuite toute sa carri\u00e8re \u00e0 l&rsquo;Universit\u00e9 de Provence, charg\u00e9 de cours en 1960, assistant en 1963, ma\u00eetre-assistant en 1968, charg\u00e9 d\u2019enseignement en 1971, professeur d\u2019histoire du Moyen \u00c2ge, 1980-1998. N. Coulet a consacr\u00e9 \u00e0 la ville d\u2019Aix une th\u00e8se magistrale qui \u00e9tudie la crise puis le rel\u00e8vement de la capitale de la Provence aux XIV<sup>e<\/sup> et XV<sup>e<\/sup> si\u00e8cles. Devait suivre un nombre consid\u00e9rable de travaux qui embrassent tous les aspects de la Provence de ce temps, de l&rsquo;histoire \u00e9conomique et sociale \u00e0 l\u2019histoire religieuse et culturelle, sous-tendus par une exceptionnelle connaissance des espaces, des hommes et des archives \u00e0 la fin du Moyen \u00c2ge. Par ses \u00e9crits, son enseignement, ses s\u00e9minaires, ses directions de th\u00e8ses, N. Coulet a jou\u00e9 un r\u00f4le de premier plan dans le renouvellement international des connaissances sur la monarchie cap\u00e9tienne-angevine, l\u2019\u00e9tude du juda\u00efsme proven\u00e7al, le d\u00e9veloppement franco-canadien des recherches sur la Haute-Provence m\u00e9di\u00e9vale. Directeur depuis 1980 de <em>Provence Historique<\/em>, il en a fait une des principales revues d\u2019histoire r\u00e9gionale. Son<a href=\"https:\/\/www.puf.com\/content\/Histoire_de_la_Provence\"> <em>Histoire de la Provence<\/em> <\/a>r\u00e9dig\u00e9e en collaboration avec M. Agulhon, fruit de leur enseignement commun, est r\u00e9guli\u00e8rement r\u00e9\u00e9dit\u00e9e.<\/p>\n\n\n\n<ol class=\"wp-block-list\">\n<li>No\u00ebl Coulet a \u00e9t\u00e9 membre du conseil et pr\u00e9sident du forum des relations \u0153cum\u00e9niques de la F\u00e9d\u00e9ration protestante de France et il a pr\u00e9sid\u00e9 la commission acad\u00e9mique de l\u2019Institut protestant de th\u00e9ologie.<\/li>\n<\/ol>\n\n\n\n<p>Bibl : N. Coulet, <em>Aix-en-Provence. Espace et relations d\u2019une capitale (milieu XIV<sup>e<\/sup> s-milieu XV<em><sup>e<\/sup><\/em> s<\/em>.), Aix, Public. de l\u2019Universit\u00e9 de Provence, 1988, 2 vol. M. Agulhon et N. Coulet, <em>Histoire de la Provence<\/em>, Paris, PUF, col. \u00ab&nbsp;Que sais-je&nbsp;?&nbsp;\u00bb, dern. \u00e9d., 2001. M. Aurell, J.-P. Boyer, N. Coulet, <em>La Provence au Moyen-\u00e2ge<\/em>, Aix, Public. de l\u2019Universit\u00e9 de Provence, 2005, [N. Coulet, <em>Rites, histoires et mythes de Provence<\/em>, Aix, PuP, 2012 (recueil d\u2019articles), N. Coulet et Florian Mazel dir., <em>Histoire d\u2019Aix-en-Provence<\/em>, Rennes, PuR, 2020. Il venait de diriger \u00ab&nbsp;M\u00e9langes en l\u2019honneur d\u2019\u00c9lisabeth Sauze&nbsp;\u00bb, <em>Prov. Hist.<\/em> 272, 2022].<\/p>\n\n\n\n<p>\u00ab&nbsp;De Provence et d\u2019ailleurs. M\u00e9langes offerts \u00e0 No\u00ebl Coulet&nbsp;\u00bb, <em>Provence Historique,<\/em> t. XLIX, fasc. 195-196, 1999.<\/p>\n\n\n\n<hr class=\"wp-block-separator has-alpha-channel-opacity\"\/>\n\n\n\n<h3 class=\"wp-block-heading\" id=\"boyer\">Jean-Paul Boyer<\/h3>\n\n\n\n<p><strong>No\u00ebl Coulet<\/strong><\/p>\n\n\n\n<p>N\u00e9 le 4 octobre 1932 \u00e0 Cogolin (Var), d\u00e9c\u00e9d\u00e9 \u00e0 l\u2019\u00e2ge de 90 ans le 15 janvier 2023 \u00e0 Aix-en-Provence (Bouches-du-Rh\u00f4ne), No\u00ebl Coulet est rest\u00e9 attach\u00e9 au long de son existence \u00e0 la Provence et \u00e0 la ville d\u2019Aix.<\/p>\n\n\n\n<p>Apr\u00e8s une \u00ab&nbsp;kh\u00e2gne&nbsp;\u00bb au Lyc\u00e9e Thiers de Marseille et des \u00e9tudes continu\u00e9es \u00e0 la Facult\u00e9 des Lettres d\u2019Aix-en-Provence, il \u00e9tait brillamment re\u00e7u \u00e0 l\u2019agr\u00e9gation d\u2019histoire en 1956. Il obtenait un premier poste au lyc\u00e9e de Tournon (Ard\u00e8che), mais il rejoignait d\u00e8s la rentr\u00e9e de 1957 le lyc\u00e9e Mignet d\u2019Aix. \u00c0 compter de 1960, sa carri\u00e8re se d\u00e9veloppait \u00e0 l\u2019universit\u00e9 de Provence. D\u2019abord charg\u00e9 de cours, il devint assistant en 1963, ma\u00eetre-assistant en 1968, charg\u00e9 d\u2019enseignement en 1971, professeur en 1980. Il dirigeait de longues ann\u00e9es le D\u00e9partement d\u2019histoire. Il participait encore \u00e0 l\u2019UMR TELEMMe depuis sa fondation (1994), avec une vraie pr\u00e9sence jusqu\u2019\u00e0 sa derni\u00e8re ann\u00e9e. De fait, devenu professeur \u00e9m\u00e9rite en 1998, il demeurait toujours aussi dynamique au service de la vie universitaire. Juste reconnaissance d\u2019une inlassable activit\u00e9 scientifique et p\u00e9dagogique, il \u00e9tait promu chevalier des palmes acad\u00e9miques en 1985 et officier en 1992.<\/p>\n\n\n\n<p>Depuis ses \u00e9tudes, sa formation et sa maturation intellectuelles ne se s\u00e9par\u00e8rent pas des amiti\u00e9s et des \u00e9changes nou\u00e9s avec les historiens majeurs qui, d\u2019une mani\u00e8re ou de l\u2019autre, touch\u00e8rent \u00e0 l\u2019espace proven\u00e7al, tels Maurice Agulhon, Jacques Le Goff, Michel Vovelle et Georges Duby, son directeur de th\u00e8se.<\/p>\n\n\n\n<p>No\u00ebl Coulet soutint cette th\u00e8se d\u2019\u00c9tat devant l\u2019Universit\u00e9 de Provence, en 1979, sous le titre&nbsp;: <em><a href=\"http:\/\/www.sudoc.abes.fr\/cbs\/xslt\/DB=2.1\/SET=1\/TTL=1\/SHW?FRST=1\">Aix-en-Provence, espace et relations d\u2019une capitale (milieu XIV<sup>e<\/sup> s.-milieu XV<sup>e<\/sup> s.)<\/a><\/em>. La qualit\u00e9 du m\u00e9moire permit son \u00e9dition quasi int\u00e9grale aux PUP en 1988. Il ne s\u2019agissait pas d\u2019\u00e9rudition locale, au sens \u00e9troit du terme, mais d\u2019un mod\u00e8le historiographique qui fit \u00e9cole. Il se distingua comme une r\u00e9f\u00e9rence entre les th\u00e8ses d\u2019histoire urbaine, qui se multipliaient alors.<\/p>\n\n\n\n<p>L\u2019ouvrage illustrait bien s\u00fbr la dimension premi\u00e8re des travaux de No\u00ebl Coulet, savoir l\u2019\u00e9conomie et la soci\u00e9t\u00e9 en Provence sur la fin du Moyen \u00c2ge. Dans ce registre, des publications nombreuses devan\u00e7aient la th\u00e8se puis continuaient ses pistes. Elles les \u00e9tendaient plut\u00f4t \u00e0 l\u2019ensemble du comt\u00e9, en allant des cit\u00e9s du bas pays \u00e0 l\u2019\u00e9conomie alpine. No\u00ebl Coulet \u00e9tablissait ainsi les temps et les modalit\u00e9s de l\u2019essor d\u2019une grande transhumance, entre autres dans une \u00e9tude qui fit date&nbsp;: \u00ab&nbsp;<a href=\"https:\/\/www.persee.fr\/doc\/mar_0758-4431_1978_num_6_3_1066\">Sources et aspects de la transhumance des ovins en Provence au bas Moyen \u00c2ge<\/a>&nbsp;\u00bb, dans <em>Le monde alpin et rhodanien<\/em>, 6 (1978), p.&nbsp;213-247.<\/p>\n\n\n\n<p>Une place sp\u00e9ciale doit se reconna\u00eetre aux enqu\u00eates novatrices, men\u00e9es en une vingtaine d\u2019articles, sur le juda\u00efsme proven\u00e7al. La derni\u00e8re publication du regrett\u00e9 ma\u00eetre porta d\u2019ailleurs sur cet objet&nbsp;: \u00ab&nbsp;<a href=\"https:\/\/societedesetudesjuives.org\/article-rej\/dayas-quinoni-la-peste-noire-et-la-tallia-judeorum\/\">Dayas Quinoni, la Peste noire et la <em>tallia judeorum<\/em><\/a>&nbsp;\u00bb, dans <em>Revues des \u00e9tudes juives<\/em>, 181 (2022), p.&nbsp;159-184. Au long de ses contributions, il d\u00e9montra, au premier chef, la longue coexistence de la communaut\u00e9 juive avec la soci\u00e9t\u00e9 chr\u00e9tienne.<\/p>\n\n\n\n<p>Les curiosit\u00e9s de No\u00ebl Coulet furent au vrai trop nombreuses pour les \u00e9num\u00e9rer. Ajoutons seulement qu\u2019elles d\u00e9pass\u00e8rent de beaucoup le socio-\u00e9conomique, pour toucher au politique, \u00e0 l\u2019administration, \u00e0 la religion, aux croyances et aux expressions culturelles. Il ouvrit par exemple le champ \u00e0 l\u2019\u00e9tude des rituels politiques, telles les entr\u00e9es royales dans les villes de Provence, entre XIV<sup>e<\/sup> et XV<sup>e<\/sup> si\u00e8cle. L\u2019int\u00e9r\u00eat de No\u00ebl Coulet pour les id\u00e9ologies et les repr\u00e9sentations, entre Moyen \u00c2ge et Temps modernes, se trouve heureusement condens\u00e9 dans un recueil assez r\u00e9cent de ses \u00e9tudes principales en ces mati\u00e8res&nbsp;: <em><a href=\"https:\/\/books.openedition.org\/pup\/13287?lang=fr\">Rites, histoires et mythes de Provence<\/a><\/em>, PUP, Aix-en-Provence, 2012.<\/p>\n\n\n\n<p>En parall\u00e8le aux recherches \u00e9rudites, No\u00ebl Coulet contribua \u00e0 des synth\u00e8ses majeures sur la Provence. Avec Maurice Agulhon, il r\u00e9digea <em>L\u2019histoire de la Provence<\/em> pour la collection \u00ab&nbsp;Que sais-je&nbsp;?&nbsp;\u00bb (n\u00b0&nbsp;149, derni\u00e8re \u00e9dition en 2018). Il \u00e9crivit, avec Martin Aurell et Jean-Paul Boyer, <em><a href=\"https:\/\/books.openedition.org\/pup\/6295?lang=fr\">La Provence au Moyen \u00c2ge<\/a><\/em>, titre paru aux PUP en 2005. Avec Florian Mazel, il dirigea enfin une <em><a href=\"https:\/\/pur-editions.fr\/product\/6512\/histoire-d-aix-en-provence\">Histoire d\u2019Aix-en-Provenc<\/a>e<\/em>, parue aux PUR en 2020.<\/p>\n\n\n\n<p>Pour No\u00ebl Coulet, l\u2019histoire proven\u00e7ale ne devait pas cependant se fermer sur elle-m\u00eame. Il se penchait sur les relations avec l\u2019Italie, comme il int\u00e9grait la Provence \u00e0 l\u2019ensemble des domaines dits \u00ab&nbsp;angevins&nbsp;\u00bb, ceux des deux dynasties des rois cap\u00e9tiens de Sicile-Naples.<\/p>\n\n\n\n<p>D\u00e8s 1982, il donnait avec Alice Planche et Fran\u00e7oise Robin un ouvrage sur <em>Le roi Ren\u00e9<\/em> (Aix-en-Provence, \u00c9disud). Vers la m\u00eame \u00e9poque, il se penchait sur l\u2019immigration italienne, sp\u00e9cialement, pi\u00e9montaise. Citons&nbsp;: \u00ab&nbsp;Mutations de l\u2019immigration italienne en basse Provence occidentale \u00e0 la fin du Moyen \u00c2ge&nbsp;\u00bb, dans <em>Strutture familiari, epidemie, migrazioni nell\u2019Italia medievale<\/em>, Naples, 1984, p.&nbsp;439-510. Puis, il d\u00e9couvrait, \u00e9ditait et interpr\u00e9tait un remarquable dossier qui illustrait encore les liens entre Provence et Italie&nbsp;: <em><a href=\"https:\/\/www.persee.fr\/issue\/efr_0000-0000_1992_edc_158_1\">Affaires d\u2019argent et affaires de famille en haute Provence au XIV<sup>e<\/sup> si\u00e8cle, le dossier du proc\u00e8s de Sybille de Cabris contre Matteo Villani et la compagnie des Buonnacorsi<\/a><\/em>, Rome, 1992 (Collection de l\u2019\u00c9cole fran\u00e7aise de Rome, 158). \u00c0 partir de 1995, il participait au renouveau des \u00e9tudes angevines. Il tenait un r\u00f4le de premier plan dans la dense s\u00e9rie de colloques, organis\u00e9s au premier chef par l\u2019\u00c9cole fran\u00e7aise de Rome, qui relan\u00e7aient cette historiographie angevine.<\/p>\n\n\n\n<p>Enfin, No\u00ebl Coulet ne se limitait pas \u00e0 la Provence. Son int\u00e9r\u00eat pour l\u2019histoire religieuse en faisait le sp\u00e9cialiste europ\u00e9en des visites pastorales dans l\u2019Occident chr\u00e9tien. Signalons en particulier&nbsp;: <em><a href=\"http:\/\/www.sudoc.abes.fr\/cbs\/xslt\/DB=2.1\/SET=2\/TTL=1\/SHW?FRST=1\">Les visites Pastorales<\/a><\/em> (Typologie des sources du Moyen \u00c2ge occidental, 23, Br\u00e9pols, 1977, mise \u00e0 jour en 1985).<\/p>\n\n\n\n<p>Ce r\u00e9sum\u00e9, aussi rapide soit-il, laisse comprendre les orientations m\u00e9thodologiques de No\u00ebl Coulet. Sa priorit\u00e9 initiale \u00e9tait la qu\u00eate des sources, leur transcription et leur examen. Il conviendrait de parler m\u00eame d\u2019humilit\u00e9 devant les sources. Cette position \u00e9pist\u00e9mologique signifiait le refus de l\u2019esprit de syst\u00e8me, de la confusion \u00e0 bien regarder entre interpr\u00e9tations philosophiques du monde et histoire. L\u2019horizon d\u2019une telle d\u00e9marche \u00e9tait donc la priorit\u00e9 de la v\u00e9rit\u00e9. De l\u00e0 d\u00e9coulait la libert\u00e9 d\u2019esprit pour poser question \u00e0 tout, pour recevoir tout ce que les sources enseignaient. Au bilan, le pass\u00e9 n\u2019en devenait pas moins utile au pr\u00e9sent. Il apprenait \u00e0 se m\u00e9fier des permanences, par exemple dans l\u2019habitat ou dans l\u2019\u00e9conomie rurale. Il rendait pourtant conscient du profond substrat sur lequel reposaient les soci\u00e9t\u00e9s, tel ce milieu proven\u00e7al auquel No\u00ebl Coulet \u00e9tait tant attach\u00e9. Or, son approche des mondes anciens lui survit.<\/p>\n\n\n\n<p>En effet, le professeur, au sens propre, avait autant d\u2019importance chez lui que le savant. Il laisse une cohorte d\u2019\u00e9l\u00e8ves, et de disciples, pour prolonger son \u0153uvre. Chacun d\u2019eux t\u00e9moignera de son d\u00e9vouement pour soutenir les efforts des \u00e9tudiants et des jeunes chercheurs. Dans ce cadre, il d\u00e9veloppa ainsi une relation privil\u00e9gi\u00e9e avec les universitaires canadiens, dont plusieurs comptent parmi les meilleurs m\u00e9di\u00e9vistes du moment. Il faudrait pouvoir inventorier les s\u00e9minaires qu\u2019il assura, les ma\u00eetrises et th\u00e8ses qu\u2019il dirigea, les HDR qu\u2019il guida, pour ne pas parler des jurys auxquels il participa. Disons-le, la t\u00e2che est impossible.<\/p>\n\n\n\n<p>Ce d\u00e9vouement \u00e9tait au reste une facette de son souci de soutenir les entreprises collectives. Le simple survol de sa bibliographie a d\u00e9j\u00e0 averti de cette disposition. Il faudrait ajouter les livres dont il accepta la direction. Il venait de conclure, \u00e0 la veille de sa mort, la supervision des <em>M\u00e9langes en l\u2019honneur d\u2019\u00c9lisabeth Sauze<\/em> (<em>Provence historique<\/em>, fasc.&nbsp;272, 2022). Dans des ann\u00e9es r\u00e9centes encore, sa vaste science avait apport\u00e9 une contribution constante et opportune \u00e0 l\u2019\u00e9dition, sous la direction de Thierry P\u00e9cout, des grandes enqu\u00eates comtales ordonn\u00e9es par les rois \u00ab&nbsp;angevins&nbsp;\u00bb&nbsp;: celle de 1297-1299 et celle de 1331-1334 (soit dix volumes publi\u00e9s par le CTHS, en 2008-2018).<\/p>\n\n\n\n<p>Le sens exceptionnel du bien commun, chez No\u00ebl Coulet, se distinguait \u00e9galement dans la direction de la revue <em>Provence historique<\/em>. Il en assurait la conduite depuis 1980, et le jour m\u00eame de son d\u00e9c\u00e8s il s\u2019astreignait encore \u00e0 cette t\u00e2che. Avec lui, <em>Provence historique<\/em> devint au reste l\u2019une des revues savantes les plus estim\u00e9es de l\u2019Universit\u00e9 fran\u00e7aise.<\/p>\n\n\n\n<p>L\u2019humanisme de No\u00ebl Coulet s\u2019\u00e9tendait \u00e0 la sph\u00e8re priv\u00e9e, \u00e0 son engagement dans la F\u00e9d\u00e9ration protestante de France. Il en pr\u00e9sida le forum des relations \u0153cum\u00e9niques, de fa\u00e7on fort significative de son ouverture vers les autres. Il en pr\u00e9sida encore la commission acad\u00e9mique et l\u2019Institut de th\u00e9ologie. L\u2019on trouvera d\u2019ailleurs une excellente notice sur le regrett\u00e9 professeur, due \u00e0 R\u00e9gis Bertrand, dans le <em>Dictionnaire biographique des protestants fran\u00e7ais<\/em>, dir. P.&nbsp;Cabanel et A.&nbsp;Encrev\u00e9, Paris, 2015, p.&nbsp;757.<\/p>\n\n\n\n<p>C\u2019est assur\u00e9ment une perte immense que viennent de subir ses \u00e9l\u00e8ves et l\u2019Universit\u00e9 fran\u00e7aise aux c\u00f4t\u00e9s de sa famille, dont nous partageons la douleur.<\/p>\n\n\n\n<hr class=\"wp-block-separator has-alpha-channel-opacity is-style-wide\"\/>\n\n\n\n<h3 class=\"wp-block-heading\" id=\"chastagnaret\">G\u00e9rard Chastagnaret<\/h3>\n\n\n\n<p><strong>No\u00ebl Coulet&nbsp;<\/strong><\/p>\n\n\n\n<p>Je n\u2019ai pas \u00e9t\u00e9 \u00e9l\u00e8ve de No\u00ebl Coulet, je ne suis pas m\u00e9di\u00e9viste, et j\u2019ai peu publi\u00e9 dans <em>Provence Historique\u00a0<\/em>: deux articles seulement dont un osait reprendre le titre d\u2019un western de Sergio Leone pour analyser la conduite de trois hommes d\u2019affaires marseillais lors du soul\u00e8vement de Carthag\u00e8ne de 1873. No\u00ebl Coulet avait eu l\u2019indulgence d\u2019accepter l\u2019anachronisme et la provocation. Tout cela ne me donne qu\u2019une faible l\u00e9gitimit\u00e9 pour \u00e9voquer sa m\u00e9moire. N\u00e9anmoins, j\u2019ai \u00e9t\u00e9 son coll\u00e8gue et je peux porter t\u00e9moignage sur des aspects peu connus de son action. Pour beaucoup, la figure du professeur Coulet se limite \u00e0 celle, d\u00e9j\u00e0 remarquable, du disciple de Georges Duby, de l\u2019\u00e9minent sp\u00e9cialiste, au rayonnement international, qui a renouvel\u00e9 et enrichi l\u2019histoire d\u2019Aix en Provence \u00e0 la fin du Moyen \u00c2ge, de l\u2019enseignant respect\u00e9, du membre de jury rigoureux, parfois redout\u00e9, de l\u2019homme d\u2019une courtoisie parfaite envers chacun, \u00e0 l\u2019humour discret mais ravageur, sur la grande ville voisine rabaiss\u00e9e au rang de banlieue d\u2019Aix ou sur nos fr\u00e8res inf\u00e9rieurs \u2013 chacun reconna\u00eetra de qui il parlait.<\/p>\n\n\n\n<p>No\u00ebl \u00e9tait tout cela, et beaucoup plus aussi. Sans jamais se mettre en avant, il avait une vraie conscience de notre responsabilit\u00e9 devant les g\u00e9n\u00e9rations \u00e0 venir et il l\u2019a manifest\u00e9 de plusieurs mani\u00e8res. Il a pris en charge pendant des ann\u00e9es, avec Marie-France, jusqu\u2019\u00e0 l\u2019\u00e9puisement, l\u2019accueil d\u2019\u00e9tudiants dans l\u2019appartement l\u00e9gu\u00e9 \u00e0 cette intention par Paul-Albert F\u00e9vrier. Il a dirig\u00e9, avec une bienveillance jamais en d\u00e9faut, les travaux de plusieurs jeunes chercheuses et chercheurs qui occupent aujourd\u2019hui des postes de professeur, \u00e0 Aix ou dans d\u2019autres universit\u00e9s.<\/p>\n\n\n\n<p>Il s\u2019est engag\u00e9 aussi sur d\u2019autres terrains, le recrutement des enseignants et l\u2019organisation de la recherche \u00e0 la Facult\u00e9 des Lettres. No\u00ebl n\u2019a jamais pris de position publique forte, mais il \u00e9tait homme de convictions, de coh\u00e9rence et d\u2019engagement. Une fois s\u00fbr de son choix, toujours fond\u00e9 sur le refus de la m\u00e9diocrit\u00e9 et sur le sens de l\u2019int\u00e9r\u00eat g\u00e9n\u00e9ral, il ne changeait plus, \u00e0 la diff\u00e9rence de bien d\u2019autres, \u00e0 l\u2019universit\u00e9 ou ailleurs. Ses prises de position n\u2019\u00e9taient jamais tonitruantes, mais elles \u00e9taient d\u00e9finitives. Nous avons eu une complicit\u00e9 discr\u00e8te, souvent implicite&nbsp;; nous avons men\u00e9 plusieurs combats&nbsp;; nous en avons perdu certains. De m\u00e9diocres man\u0153uvres et, plus encore, le manque de courage de quelques uns, nous ont ainsi emp\u00each\u00e9 d\u2019\u00e9lire un m\u00e9di\u00e9viste d\u00e9j\u00e0 \u00e9minent, aujourd\u2019hui membre de l\u2019Institut. Nous en avons gagn\u00e9 aussi, lors de s\u00e9ances pendant lesquelles No\u00ebl Coulet, le verbe aussi ac\u00e9r\u00e9 que le regard, pouvait l\u00e2cher des formules d\u00e9finitives. Ainsi, apr\u00e8s le passage d\u2019un candidat qui avait \u00e9lev\u00e9 la pr\u00e9sentation de ses travaux \u00e0 l\u2019art du boniment de foire&nbsp;: \u00ab&nbsp;nous n\u2019allons pas \u00e9lire un marchand de casquettes&nbsp;\u00bb. J\u2019ai moi-m\u00eame fait les frais de sa lucidit\u00e9 et de sa concision ravageuse. Ma demande de changement de grade avait \u00e9t\u00e9 rejet\u00e9e par l\u2019universit\u00e9. No\u00ebl Coulet est venu me voir quelques jours apr\u00e8s. Il m\u2019apprit qu\u2019il avait \u00e9t\u00e9 rapporteur de mon dossier et qu\u2019il avait donn\u00e9 un avis d\u00e9favorable, en ajoutant&nbsp;: \u00ab&nbsp;G\u00e9rard, on ne comprend rien \u00e0 ce que vous faites&nbsp;\u00bb. Une parole sans d\u00e9tour, mais une le\u00e7on efficace de communication institutionnelle.<\/p>\n\n\n\n<p>Un mot enfin sur un apport, discret mais fondamental de No\u00ebl Coulet dans la construction d\u2019une organisation forte de la recherche dans nos disciplines. Au d\u00e9but des&nbsp; ann\u00e9es 1990, peu de coll\u00e8gues percevaient la faiblesse de l\u2019\u00e9tat des lieux&nbsp;: de petits centres de recherche par discipline ou m\u00eame sous-discipline, temporairement rassembl\u00e9s dans un groupement de recherche du CNRS qui n\u2019avait pas le statut d\u2019un laboratoire et ne pouvait avoir qu\u2019une dur\u00e9e limit\u00e9e. Cette situation convenait \u00e0 certains&nbsp;: une forme de labellisation et des cr\u00e9dits a minima en \u00e9change de la conservation du pouvoir sur de micro-fiefs disciplinaires. No\u00ebl Coulet aurait pu \u00eatre de ceux-l\u00e0, au nom de la vitalit\u00e9 et surtout de l\u2019identit\u00e9 affirm\u00e9e d\u2019un m\u00e9di\u00e9visme local h\u00e9ritier de Georges Duby. Porteur du projet de cr\u00e9ation d\u2019une unit\u00e9 ample et forte associ\u00e9e au CNRS, j\u2019ai redout\u00e9&nbsp;un temps, sans le dire, sa prise de position. Une crainte infond\u00e9e. Au d\u00e9but des ann\u00e9es 1990, No\u00ebl Coulet fut un des soutiens les plus durables, et les plus fiables au projet d\u2019une unit\u00e9 rassembleuse. Ce fut d\u00e9cisif pour bloquer la direction du CNRS, dont la doctrine officielle, heureusement volatile, fut un temps celle d\u2019unit\u00e9s fragment\u00e9es, contresens scientifique et rat\u00e9 assur\u00e9, peut-\u00eatre discr\u00e8tement voulu. C\u2019est dire combien l\u2019appui, sans aucune faiblesse, de No\u00ebl Coulet au projet initial fut d\u00e9cisif dans la cr\u00e9ation de l\u2019UMR TELEMMe.<\/p>\n\n\n\n<p>No\u00ebl Coulet \u00e9tait un grand m\u00e9di\u00e9viste, mais il ne s\u2019est jamais repli\u00e9 sur le pr\u00e9 carr\u00e9 de sa discipline. Il savait voir loin, anticiper les changements, tout simplement penser le temps, percevoir ses opportunit\u00e9s comme ses contraintes. Il fut un acteur, discret et efficace et, sans doute sans l\u2019avoir voulu, il reste un mod\u00e8le de droiture et d\u2019intelligence universitaires.<\/p>\n\n\n\n<hr class=\"wp-block-separator has-alpha-channel-opacity\"\/>\n","protected":false},"excerpt":{"rendered":"<p>C\u2019est avec tristesse et \u00e9motion que la direction et l\u2019ensemble des membres de TELEMMe ont appris le d\u00e9c\u00e8s le 15 janvier 2023 de No\u00ebl Coulet, professeur \u00e9m\u00e9rite d&rsquo;histoire m\u00e9di\u00e9vale \u00e0 l&rsquo;universit\u00e9 de Provence, devenue Aix-Marseille universit\u00e9, et membre de notre unit\u00e9 depuis sa cr\u00e9ation. <\/p>\n","protected":false},"author":175,"featured_media":12392,"comment_status":"closed","ping_status":"closed","sticky":false,"template":"","format":"standard","meta":{"neve_meta_sidebar":"","neve_meta_container":"","neve_meta_enable_content_width":"off","neve_meta_content_width":70,"neve_meta_title_alignment":"","neve_meta_author_avatar":"","neve_post_elements_order":"","neve_meta_disable_header":"","neve_meta_disable_footer":"","neve_meta_disable_title":"","_tribe_events_control_status":"","_tribe_events_control_status_canceled_reason":"","_tribe_events_control_status_postponed_reason":"","_tribe_events_control_online":"","_tribe_events_control_online_url":"","footnotes":""},"categories":[2007],"tags":[2943,2622],"class_list":["post-12300","post","type-post","status-publish","format-standard","has-post-thumbnail","hentry","category-informations","tag-disparition","tag-noel-coulet"],"yoast_head":"<!-- This site is optimized with the Yoast SEO plugin v27.4 - https:\/\/yoast.com\/product\/yoast-seo-wordpress\/ -->\n<title>D\u00e9c\u00e8s du professeur No\u00ebl Coulet - TELEMMe - Temps, espaces, langages, Europe m\u00e9ridionale, M\u00e9diterran\u00e9e<\/title>\n<meta name=\"description\" content=\"C\u2019est avec tristesse et \u00e9motion que la direction et l\u2019ensemble des membres de TELEMMe ont appris le d\u00e9c\u00e8s le 15 janvier 2023 de No\u00ebl Coulet, professeur \u00e9m\u00e9rite d&#039;histoire m\u00e9di\u00e9vale \u00e0 l&#039;universit\u00e9 de Provence, devenue Aix-Marseille universit\u00e9, et membre de notre unit\u00e9 depuis sa cr\u00e9ation.\" \/>\n<meta name=\"robots\" content=\"index, follow, max-snippet:-1, max-image-preview:large, max-video-preview:-1\" \/>\n<link rel=\"canonical\" href=\"https:\/\/telemme.mmsh.fr\/?p=12300\" \/>\n<meta property=\"og:locale\" content=\"fr_FR\" \/>\n<meta property=\"og:type\" content=\"article\" \/>\n<meta property=\"og:title\" content=\"D\u00e9c\u00e8s du professeur No\u00ebl Coulet - TELEMMe - Temps, espaces, langages, Europe m\u00e9ridionale, M\u00e9diterran\u00e9e\" \/>\n<meta property=\"og:description\" content=\"C\u2019est avec tristesse et \u00e9motion que la direction et l\u2019ensemble des membres de TELEMMe ont appris le d\u00e9c\u00e8s le 15 janvier 2023 de No\u00ebl Coulet, professeur \u00e9m\u00e9rite d&#039;histoire m\u00e9di\u00e9vale \u00e0 l&#039;universit\u00e9 de Provence, devenue Aix-Marseille universit\u00e9, et membre de notre unit\u00e9 depuis sa cr\u00e9ation.\" \/>\n<meta property=\"og:url\" content=\"https:\/\/telemme.mmsh.fr\/?p=12300\" \/>\n<meta property=\"og:site_name\" content=\"TELEMMe - Temps, espaces, langages, Europe m\u00e9ridionale, M\u00e9diterran\u00e9e\" \/>\n<meta property=\"article:published_time\" content=\"2023-01-20T08:50:51+00:00\" \/>\n<meta property=\"article:modified_time\" content=\"2025-05-09T13:31:25+00:00\" \/>\n<meta property=\"og:image\" content=\"https:\/\/telemme.mmsh.fr\/wp-content\/uploads\/2023\/01\/Noel-Coulet-entete.jpg\" \/>\n\t<meta property=\"og:image:width\" content=\"823\" \/>\n\t<meta property=\"og:image:height\" content=\"730\" \/>\n\t<meta property=\"og:image:type\" content=\"image\/jpeg\" \/>\n<meta name=\"author\" content=\"Maja Mellet\" \/>\n<meta name=\"twitter:card\" content=\"summary_large_image\" \/>\n<meta name=\"twitter:label1\" content=\"\u00c9crit par\" \/>\n\t<meta name=\"twitter:data1\" content=\"Maja Mellet\" \/>\n\t<meta name=\"twitter:label2\" content=\"Dur\u00e9e de lecture estim\u00e9e\" \/>\n\t<meta name=\"twitter:data2\" content=\"17 minutes\" \/>\n<script type=\"application\/ld+json\" class=\"yoast-schema-graph\">{\"@context\":\"https:\\\/\\\/schema.org\",\"@graph\":[{\"@type\":\"Article\",\"@id\":\"https:\\\/\\\/telemme.mmsh.fr\\\/?p=12300#article\",\"isPartOf\":{\"@id\":\"https:\\\/\\\/telemme.mmsh.fr\\\/?p=12300\"},\"author\":{\"name\":\"Maja Mellet\",\"@id\":\"https:\\\/\\\/telemme.mmsh.fr\\\/#\\\/schema\\\/person\\\/c433e5fd025c00718f715ba73f040691\"},\"headline\":\"D\u00e9c\u00e8s du professeur No\u00ebl Coulet\",\"datePublished\":\"2023-01-20T08:50:51+00:00\",\"dateModified\":\"2025-05-09T13:31:25+00:00\",\"mainEntityOfPage\":{\"@id\":\"https:\\\/\\\/telemme.mmsh.fr\\\/?p=12300\"},\"wordCount\":3536,\"publisher\":{\"@id\":\"https:\\\/\\\/telemme.mmsh.fr\\\/#organization\"},\"image\":{\"@id\":\"https:\\\/\\\/telemme.mmsh.fr\\\/?p=12300#primaryimage\"},\"thumbnailUrl\":\"https:\\\/\\\/telemme.mmsh.fr\\\/wp-content\\\/uploads\\\/2023\\\/01\\\/Noel-Coulet-entete.jpg\",\"keywords\":[\"disparition\",\"No\u00ebl Coulet\"],\"articleSection\":[\"Informations\"],\"inLanguage\":\"fr-FR\"},{\"@type\":\"WebPage\",\"@id\":\"https:\\\/\\\/telemme.mmsh.fr\\\/?p=12300\",\"url\":\"https:\\\/\\\/telemme.mmsh.fr\\\/?p=12300\",\"name\":\"D\u00e9c\u00e8s du professeur No\u00ebl Coulet - TELEMMe - Temps, espaces, langages, Europe m\u00e9ridionale, M\u00e9diterran\u00e9e\",\"isPartOf\":{\"@id\":\"https:\\\/\\\/telemme.mmsh.fr\\\/#website\"},\"primaryImageOfPage\":{\"@id\":\"https:\\\/\\\/telemme.mmsh.fr\\\/?p=12300#primaryimage\"},\"image\":{\"@id\":\"https:\\\/\\\/telemme.mmsh.fr\\\/?p=12300#primaryimage\"},\"thumbnailUrl\":\"https:\\\/\\\/telemme.mmsh.fr\\\/wp-content\\\/uploads\\\/2023\\\/01\\\/Noel-Coulet-entete.jpg\",\"datePublished\":\"2023-01-20T08:50:51+00:00\",\"dateModified\":\"2025-05-09T13:31:25+00:00\",\"description\":\"C\u2019est avec tristesse et \u00e9motion que la direction et l\u2019ensemble des membres de TELEMMe ont appris le d\u00e9c\u00e8s le 15 janvier 2023 de No\u00ebl Coulet, professeur \u00e9m\u00e9rite d'histoire m\u00e9di\u00e9vale \u00e0 l'universit\u00e9 de Provence, devenue Aix-Marseille universit\u00e9, et membre de notre unit\u00e9 depuis sa cr\u00e9ation.\",\"breadcrumb\":{\"@id\":\"https:\\\/\\\/telemme.mmsh.fr\\\/?p=12300#breadcrumb\"},\"inLanguage\":\"fr-FR\",\"potentialAction\":[{\"@type\":\"ReadAction\",\"target\":[\"https:\\\/\\\/telemme.mmsh.fr\\\/?p=12300\"]}]},{\"@type\":\"ImageObject\",\"inLanguage\":\"fr-FR\",\"@id\":\"https:\\\/\\\/telemme.mmsh.fr\\\/?p=12300#primaryimage\",\"url\":\"https:\\\/\\\/telemme.mmsh.fr\\\/wp-content\\\/uploads\\\/2023\\\/01\\\/Noel-Coulet-entete.jpg\",\"contentUrl\":\"https:\\\/\\\/telemme.mmsh.fr\\\/wp-content\\\/uploads\\\/2023\\\/01\\\/Noel-Coulet-entete.jpg\",\"width\":823,\"height\":730,\"caption\":\"No\u00ebl Coulet (1932-2023)\"},{\"@type\":\"BreadcrumbList\",\"@id\":\"https:\\\/\\\/telemme.mmsh.fr\\\/?p=12300#breadcrumb\",\"itemListElement\":[{\"@type\":\"ListItem\",\"position\":1,\"name\":\"Accueil\",\"item\":\"https:\\\/\\\/telemme.mmsh.fr\\\/\"},{\"@type\":\"ListItem\",\"position\":2,\"name\":\"Actualit\u00e9s\",\"item\":\"https:\\\/\\\/telemme.mmsh.fr\\\/?cat=1995\"},{\"@type\":\"ListItem\",\"position\":3,\"name\":\"Informations\",\"item\":\"https:\\\/\\\/telemme.mmsh.fr\\\/?cat=2007\"},{\"@type\":\"ListItem\",\"position\":4,\"name\":\"D\u00e9c\u00e8s du professeur No\u00ebl Coulet\"}]},{\"@type\":\"WebSite\",\"@id\":\"https:\\\/\\\/telemme.mmsh.fr\\\/#website\",\"url\":\"https:\\\/\\\/telemme.mmsh.fr\\\/\",\"name\":\"TELEMMe - Temps, espaces, langages, Europe m\u00e9ridionale, M\u00e9diterran\u00e9e\",\"description\":\"\",\"publisher\":{\"@id\":\"https:\\\/\\\/telemme.mmsh.fr\\\/#organization\"},\"potentialAction\":[{\"@type\":\"SearchAction\",\"target\":{\"@type\":\"EntryPoint\",\"urlTemplate\":\"https:\\\/\\\/telemme.mmsh.fr\\\/?s={search_term_string}\"},\"query-input\":{\"@type\":\"PropertyValueSpecification\",\"valueRequired\":true,\"valueName\":\"search_term_string\"}}],\"inLanguage\":\"fr-FR\"},{\"@type\":\"Organization\",\"@id\":\"https:\\\/\\\/telemme.mmsh.fr\\\/#organization\",\"name\":\"TELEMMe\",\"url\":\"https:\\\/\\\/telemme.mmsh.fr\\\/\",\"logo\":{\"@type\":\"ImageObject\",\"inLanguage\":\"fr-FR\",\"@id\":\"https:\\\/\\\/telemme.mmsh.fr\\\/#\\\/schema\\\/logo\\\/image\\\/\",\"url\":\"https:\\\/\\\/telemme.mmsh.fr\\\/wp-content\\\/uploads\\\/2020\\\/03\\\/LogoTELEMMe-horizontal-fond-transparent.png\",\"contentUrl\":\"https:\\\/\\\/telemme.mmsh.fr\\\/wp-content\\\/uploads\\\/2020\\\/03\\\/LogoTELEMMe-horizontal-fond-transparent.png\",\"width\":1500,\"height\":437,\"caption\":\"TELEMMe\"},\"image\":{\"@id\":\"https:\\\/\\\/telemme.mmsh.fr\\\/#\\\/schema\\\/logo\\\/image\\\/\"}},{\"@type\":\"Person\",\"@id\":\"https:\\\/\\\/telemme.mmsh.fr\\\/#\\\/schema\\\/person\\\/c433e5fd025c00718f715ba73f040691\",\"name\":\"Maja Mellet\",\"url\":\"https:\\\/\\\/telemme.mmsh.fr\\\/?author=175\"}]}<\/script>\n<!-- \/ Yoast SEO plugin. -->","yoast_head_json":{"title":"D\u00e9c\u00e8s du professeur No\u00ebl Coulet - TELEMMe - Temps, espaces, langages, Europe m\u00e9ridionale, M\u00e9diterran\u00e9e","description":"C\u2019est avec tristesse et \u00e9motion que la direction et l\u2019ensemble des membres de TELEMMe ont appris le d\u00e9c\u00e8s le 15 janvier 2023 de No\u00ebl Coulet, professeur \u00e9m\u00e9rite d'histoire m\u00e9di\u00e9vale \u00e0 l'universit\u00e9 de Provence, devenue Aix-Marseille universit\u00e9, et membre de notre unit\u00e9 depuis sa cr\u00e9ation.","robots":{"index":"index","follow":"follow","max-snippet":"max-snippet:-1","max-image-preview":"max-image-preview:large","max-video-preview":"max-video-preview:-1"},"canonical":"https:\/\/telemme.mmsh.fr\/?p=12300","og_locale":"fr_FR","og_type":"article","og_title":"D\u00e9c\u00e8s du professeur No\u00ebl Coulet - TELEMMe - Temps, espaces, langages, Europe m\u00e9ridionale, M\u00e9diterran\u00e9e","og_description":"C\u2019est avec tristesse et \u00e9motion que la direction et l\u2019ensemble des membres de TELEMMe ont appris le d\u00e9c\u00e8s le 15 janvier 2023 de No\u00ebl Coulet, professeur \u00e9m\u00e9rite d'histoire m\u00e9di\u00e9vale \u00e0 l'universit\u00e9 de Provence, devenue Aix-Marseille universit\u00e9, et membre de notre unit\u00e9 depuis sa cr\u00e9ation.","og_url":"https:\/\/telemme.mmsh.fr\/?p=12300","og_site_name":"TELEMMe - Temps, espaces, langages, Europe m\u00e9ridionale, M\u00e9diterran\u00e9e","article_published_time":"2023-01-20T08:50:51+00:00","article_modified_time":"2025-05-09T13:31:25+00:00","og_image":[{"width":823,"height":730,"url":"https:\/\/telemme.mmsh.fr\/wp-content\/uploads\/2023\/01\/Noel-Coulet-entete.jpg","type":"image\/jpeg"}],"author":"Maja Mellet","twitter_card":"summary_large_image","twitter_misc":{"\u00c9crit par":"Maja Mellet","Dur\u00e9e de lecture estim\u00e9e":"17 minutes"},"schema":{"@context":"https:\/\/schema.org","@graph":[{"@type":"Article","@id":"https:\/\/telemme.mmsh.fr\/?p=12300#article","isPartOf":{"@id":"https:\/\/telemme.mmsh.fr\/?p=12300"},"author":{"name":"Maja Mellet","@id":"https:\/\/telemme.mmsh.fr\/#\/schema\/person\/c433e5fd025c00718f715ba73f040691"},"headline":"D\u00e9c\u00e8s du professeur No\u00ebl Coulet","datePublished":"2023-01-20T08:50:51+00:00","dateModified":"2025-05-09T13:31:25+00:00","mainEntityOfPage":{"@id":"https:\/\/telemme.mmsh.fr\/?p=12300"},"wordCount":3536,"publisher":{"@id":"https:\/\/telemme.mmsh.fr\/#organization"},"image":{"@id":"https:\/\/telemme.mmsh.fr\/?p=12300#primaryimage"},"thumbnailUrl":"https:\/\/telemme.mmsh.fr\/wp-content\/uploads\/2023\/01\/Noel-Coulet-entete.jpg","keywords":["disparition","No\u00ebl Coulet"],"articleSection":["Informations"],"inLanguage":"fr-FR"},{"@type":"WebPage","@id":"https:\/\/telemme.mmsh.fr\/?p=12300","url":"https:\/\/telemme.mmsh.fr\/?p=12300","name":"D\u00e9c\u00e8s du professeur No\u00ebl Coulet - TELEMMe - Temps, espaces, langages, Europe m\u00e9ridionale, M\u00e9diterran\u00e9e","isPartOf":{"@id":"https:\/\/telemme.mmsh.fr\/#website"},"primaryImageOfPage":{"@id":"https:\/\/telemme.mmsh.fr\/?p=12300#primaryimage"},"image":{"@id":"https:\/\/telemme.mmsh.fr\/?p=12300#primaryimage"},"thumbnailUrl":"https:\/\/telemme.mmsh.fr\/wp-content\/uploads\/2023\/01\/Noel-Coulet-entete.jpg","datePublished":"2023-01-20T08:50:51+00:00","dateModified":"2025-05-09T13:31:25+00:00","description":"C\u2019est avec tristesse et \u00e9motion que la direction et l\u2019ensemble des membres de TELEMMe ont appris le d\u00e9c\u00e8s le 15 janvier 2023 de No\u00ebl Coulet, professeur \u00e9m\u00e9rite d'histoire m\u00e9di\u00e9vale \u00e0 l'universit\u00e9 de Provence, devenue Aix-Marseille universit\u00e9, et membre de notre unit\u00e9 depuis sa cr\u00e9ation.","breadcrumb":{"@id":"https:\/\/telemme.mmsh.fr\/?p=12300#breadcrumb"},"inLanguage":"fr-FR","potentialAction":[{"@type":"ReadAction","target":["https:\/\/telemme.mmsh.fr\/?p=12300"]}]},{"@type":"ImageObject","inLanguage":"fr-FR","@id":"https:\/\/telemme.mmsh.fr\/?p=12300#primaryimage","url":"https:\/\/telemme.mmsh.fr\/wp-content\/uploads\/2023\/01\/Noel-Coulet-entete.jpg","contentUrl":"https:\/\/telemme.mmsh.fr\/wp-content\/uploads\/2023\/01\/Noel-Coulet-entete.jpg","width":823,"height":730,"caption":"No\u00ebl Coulet (1932-2023)"},{"@type":"BreadcrumbList","@id":"https:\/\/telemme.mmsh.fr\/?p=12300#breadcrumb","itemListElement":[{"@type":"ListItem","position":1,"name":"Accueil","item":"https:\/\/telemme.mmsh.fr\/"},{"@type":"ListItem","position":2,"name":"Actualit\u00e9s","item":"https:\/\/telemme.mmsh.fr\/?cat=1995"},{"@type":"ListItem","position":3,"name":"Informations","item":"https:\/\/telemme.mmsh.fr\/?cat=2007"},{"@type":"ListItem","position":4,"name":"D\u00e9c\u00e8s du professeur No\u00ebl Coulet"}]},{"@type":"WebSite","@id":"https:\/\/telemme.mmsh.fr\/#website","url":"https:\/\/telemme.mmsh.fr\/","name":"TELEMMe - Temps, espaces, langages, Europe m\u00e9ridionale, M\u00e9diterran\u00e9e","description":"","publisher":{"@id":"https:\/\/telemme.mmsh.fr\/#organization"},"potentialAction":[{"@type":"SearchAction","target":{"@type":"EntryPoint","urlTemplate":"https:\/\/telemme.mmsh.fr\/?s={search_term_string}"},"query-input":{"@type":"PropertyValueSpecification","valueRequired":true,"valueName":"search_term_string"}}],"inLanguage":"fr-FR"},{"@type":"Organization","@id":"https:\/\/telemme.mmsh.fr\/#organization","name":"TELEMMe","url":"https:\/\/telemme.mmsh.fr\/","logo":{"@type":"ImageObject","inLanguage":"fr-FR","@id":"https:\/\/telemme.mmsh.fr\/#\/schema\/logo\/image\/","url":"https:\/\/telemme.mmsh.fr\/wp-content\/uploads\/2020\/03\/LogoTELEMMe-horizontal-fond-transparent.png","contentUrl":"https:\/\/telemme.mmsh.fr\/wp-content\/uploads\/2020\/03\/LogoTELEMMe-horizontal-fond-transparent.png","width":1500,"height":437,"caption":"TELEMMe"},"image":{"@id":"https:\/\/telemme.mmsh.fr\/#\/schema\/logo\/image\/"}},{"@type":"Person","@id":"https:\/\/telemme.mmsh.fr\/#\/schema\/person\/c433e5fd025c00718f715ba73f040691","name":"Maja Mellet","url":"https:\/\/telemme.mmsh.fr\/?author=175"}]}},"_links":{"self":[{"href":"https:\/\/telemme.mmsh.fr\/index.php?rest_route=\/wp\/v2\/posts\/12300","targetHints":{"allow":["GET"]}}],"collection":[{"href":"https:\/\/telemme.mmsh.fr\/index.php?rest_route=\/wp\/v2\/posts"}],"about":[{"href":"https:\/\/telemme.mmsh.fr\/index.php?rest_route=\/wp\/v2\/types\/post"}],"author":[{"embeddable":true,"href":"https:\/\/telemme.mmsh.fr\/index.php?rest_route=\/wp\/v2\/users\/175"}],"replies":[{"embeddable":true,"href":"https:\/\/telemme.mmsh.fr\/index.php?rest_route=%2Fwp%2Fv2%2Fcomments&post=12300"}],"version-history":[{"count":22,"href":"https:\/\/telemme.mmsh.fr\/index.php?rest_route=\/wp\/v2\/posts\/12300\/revisions"}],"predecessor-version":[{"id":12483,"href":"https:\/\/telemme.mmsh.fr\/index.php?rest_route=\/wp\/v2\/posts\/12300\/revisions\/12483"}],"wp:featuredmedia":[{"embeddable":true,"href":"https:\/\/telemme.mmsh.fr\/index.php?rest_route=\/wp\/v2\/media\/12392"}],"wp:attachment":[{"href":"https:\/\/telemme.mmsh.fr\/index.php?rest_route=%2Fwp%2Fv2%2Fmedia&parent=12300"}],"wp:term":[{"taxonomy":"category","embeddable":true,"href":"https:\/\/telemme.mmsh.fr\/index.php?rest_route=%2Fwp%2Fv2%2Fcategories&post=12300"},{"taxonomy":"post_tag","embeddable":true,"href":"https:\/\/telemme.mmsh.fr\/index.php?rest_route=%2Fwp%2Fv2%2Ftags&post=12300"}],"curies":[{"name":"wp","href":"https:\/\/api.w.org\/{rel}","templated":true}]}}