{"id":12273,"date":"2023-01-13T10:55:09","date_gmt":"2023-01-13T09:55:09","guid":{"rendered":"https:\/\/telemme.mmsh.fr\/?p=12273"},"modified":"2023-02-06T14:40:15","modified_gmt":"2023-02-06T13:40:15","slug":"appel-a-participation-atelier-de-formation-doctorale-les-balkans-espaces-societes-histoire","status":"publish","type":"post","link":"https:\/\/telemme.mmsh.fr\/?p=12273","title":{"rendered":"[APPEL \u00c0 PARTICIPATION] Atelier de formation doctorale : Les Balkans. Espaces, soci\u00e9t\u00e9s, histoire"},"content":{"rendered":"<p style=\"text-align: center;\"><strong>ATELIER DE FORMATION DOCTORALE<\/strong><\/p>\n<p style=\"text-align: center;\"><strong>LES BALKANS. ESPACES, SOCI\u00c9T\u00c9S, HISTOIRE<\/strong><\/p>\n<p style=\"text-align: center;\"><strong>II<sup>e<\/sup> \u00e9dition. Thessalonique 18-22 septembre 2023, <\/strong>( University of Macedonia, Egnatias 156)<strong><br \/>\n<\/strong><\/p>\n<p style=\"text-align: center;\"><strong>RELIGION ET POLITIQUE : ENTRE <em>RES PUBLICA <\/em>ET PRATIQUES PRIVEES<\/strong><\/p>\n<p style=\"text-align: center;\"><strong>(Sud-Est europ\u00e9en, espace post-sovi\u00e9tique et M\u00e9diterran\u00e9e orientale)<\/strong><\/p>\n<p style=\"text-align: center;\"><strong>APPEL \u00c0 PARTICIPATION<\/strong><\/p>\n<p>Cet atelier propose, en lien avec le terrain grec, de r\u00e9fl\u00e9chir \u00e0 l\u2019articulation entre religion et politique, \u00e0 la place du religieux dans l\u2019espace public. Situ\u00e9e \u00e0 l\u2019interface entre l\u2019espace post-sovi\u00e9tique et la M\u00e9diterran\u00e9e orientale, la Gr\u00e8ce d\u2019aujourd\u2019hui constitue un terrain d\u2019observation particuli\u00e8rement riche dans lequel les configurations observ\u00e9es\u00a0\u00a0 l\u2019\u00e9chelle locale s\u2019articulent avec des enjeux politiques et g\u00e9opolitiques. L\u2019histoire moderne et contemporaine de la Gr\u00e8ce offre de plus de nombreux exemples des enjeux et des effets des tensions entre la \u00ab chose publique \u00bb (<em>res publica<\/em>) et les pratiques priv\u00e9es. L\u2019objectif de l\u2019atelier sera en particulier\u00a0 de montrer l\u2019importance\u00a0 de\u00a0 l\u2019observation du\u00a0 contemporain\u00a0 pour\u00a0 construire\u00a0 des\u00a0 outils d\u2019interpr\u00e9tation valables pour les p\u00e9riodes plus anciennes.<\/p>\n<p>Ces outils sont d\u2019abord ceux d\u2019une anthropologie, n\u00e9cessairement historique, du religieux en Europe du Sud- Est et ceux de l\u2019histoire sociale et culturelle. L\u2019objectif de l\u2019atelier est aussi de mettre en place un dialogue pluridisciplinaire. L\u2019apport\u00a0 de\u00a0 professionnels (mus\u00e9es, programmateurs\u00a0 culturels,\u00a0 artistes,\u00a0 \u00e9crivains, journalistes) est aussi envisag\u00e9. Notre but est de susciter de nouvelles recherches mettant en avant l\u2019aspect comparatif.<\/p>\n<p>Quatre th\u00e8mes sont propos\u00e9s et donneront lieu \u00e0 des expos\u00e9s th\u00e9oriques, \u00e0 des comptes rendus de recherches ainsi qu\u2019\u00e0 des visites sur le terrain et \u00e0 des rencontres avec des interlocuteurs locaux.<\/p>\n<p><strong>Th\u00e8me 1 : <u>Circulations, migrations, pratiques<\/u><\/strong><\/p>\n<p>Nous observerons comment les sciences sociales se saisissent d\u2019un trait saillant du fait religieux dans le Sud- Est europ\u00e9en, \u00e0 savoir celui de la diversit\u00e9 des confessions et de la variabilit\u00e9 des croyances et des pratiques. Ce th\u00e8me prend aussi en compte les mouvements \u00e0 plusieurs niveaux ; il interroge la dimension du \u00ab vivre ensemble \u00bb et les ph\u00e9nom\u00e8nes de syncr\u00e9tisme, de conversion, et dans le m\u00eame temps les logiques d\u2019exclusion ou de conversion forc\u00e9e. La s\u00e9paration entre sph\u00e8re publique et sph\u00e8re priv\u00e9e sera examin\u00e9e par une analyse des pratiques et de la visibilit\u00e9 des cultes. Une attention sera aussi accord\u00e9e aux \u00ab n\u00e9o-religions \u00bb et \u00e0 leur implantation.<\/p>\n<p><strong>Th\u00e8me 2 : <u>Figures d\u2019exemplarit\u00e9 (h\u00e9ros, martyrs, saints)<\/u><\/strong><\/p>\n<p>Nous travaillerons sur leur identification dans la dur\u00e9e historique, sur les \u00e9volutions modernes et contemporaines des h\u00e9ros nationaux et \u00ab la\u00efques \u00bb, martyrs (par exemple : les \u00ab martyrs du communisme \u00bb) ; des saints nationaux ; des appropriations national(ist)es de saints communs au christianisme ; des n\u00e9o-saints et n\u00e9o-martyrs. On s\u2019int\u00e9ressera aux ambivalents : \u2018h\u00e9ros\u2019 sacr\u00e9s pour les uns \u2013 \u2018vilains\u2019 pour les autres. Un deuxi\u00e8me objectif est de mettre en \u00e9vidence les conditions et les dispositifs (politiques, symboliques, etc.) permettant au culte \u00e9mergeant d\u2019un h\u00e9ros, d\u2019un\/e martyr\/e ou saint\/e, de \u00ab prendre \u00bb et de s\u2019affirmer, de s\u2019installer et de rayonner au sein d\u2019une soci\u00e9t\u00e9.<\/p>\n<p><strong>Th\u00e8me 3 : <u>Crises, tournants, guerres<\/u><\/strong><\/p>\n<p>Nous traiterons des tournants ou moments de rupture qui permettent d\u2019approcher sous un jour nouveau les transformations politiques et soci\u00e9tales. C\u2019est le cas des changements politiques qui balaient une \u00ab religion dominante \u00bb pour imposer une autre. Un autre groupe d\u2019interrogations pouvant illustrer cette perspective sont les ruptures sociopolitiques ouvertes avec la mise en place des r\u00e9gimes communistes au travers des entreprises de la\u00efcisation forc\u00e9e,puis par leur effacement.Des conflits inter-imp\u00e9riaux en passant par les guerres d\u2019\u00e9mancipation nationale, par les \u00ab r\u00e9volutions \u00bb ou coups d\u2019\u00c9tat, on interrogera l\u2019impact des formes de changement d\u2019ordre politique sur les cadres institutionnels du religieux.<\/p>\n<p><strong>Th\u00e8me 4 : <u>Institutions et territoires<\/u><\/strong><\/p>\n<p>La formation se donne enfin pour objectif d\u2019explorer l\u2019articulation entre les changements d\u2019ordre ou de r\u00e9gime et les transformations socioculturelles profondes qui les accompagnent, et les processus comme les soubresauts affectant les cadres institutionnels de la vie religieuse des communaut\u00e9s. Des processus historiques en apparence similaires, qui aboutissent \u00e0 la destruction de cadres religieux institutionnels et\/ou \u00e0 la cr\u00e9ation de cadres nouveaux se juxtaposent ; ils sont \u00e0 replacer dans un horizon comparatif plus large et de nouvelles perspectives d\u2019interpr\u00e9tation. La structuration de l\u2019activit\u00e9 touristique autour des \u00e9difices comme des \u00e9v\u00e9nements religieux montre combien ces \u00e9l\u00e9ments marquent toujours les paysages comme les repr\u00e9sentations des territoires m\u00e9diterran\u00e9ens, est-europ\u00e9ens et balkaniques.<\/p>\n<p>Les s\u00e9ances de travail seront con\u00e7ues comme des lieux de discussion interdisciplinaire par del\u00e0 les espaces g\u00e9ographiques. Chacune associera, sur une th\u00e9matique sp\u00e9cifique, une conf\u00e9rence centr\u00e9e sur les apports th\u00e9oriques et m\u00e9thodologiques aux pr\u00e9sentations des jeunes chercheurs. Le programme sera compl\u00e9t\u00e9 par des excursions et activit\u00e9s en soir\u00e9e.<\/p>\n<p>L&rsquo;\u00e9cole d&rsquo;\u00e9t\u00e9 accueillera du lundi 18 au vendredi 22 septembre 2023 une quinzaine de doctorants et \u00e9tudiants de M2 en histoire, histoire de l&rsquo;art, g\u00e9ographie, anthropologie, sociologie, sciences politiques, litt\u00e9rature. La langue de travail sera l&rsquo;anglais mais une connaissance passive du fran\u00e7ais sera appr\u00e9ci\u00e9e. Les frais de transport doivent \u00eatre assur\u00e9s par leurs \u00e9tablissements de formation ; le logement et les repas seront fournis par les institutions organisatrices.<\/p>\n<p>Le dossier de candidature se fera en ligne sur la\u00a0<a href=\"https:\/\/missions.efa.gr\/accueil.php\"><u>plateforme Missions de l&rsquo;EFA <\/u><\/a>avant le <strong>28 f\u00e9vrier 2023 <\/strong>et comprendra :<\/p>\n<ul>\n<li>Une fiche de candidature<\/li>\n<li>Un curriculum vitae<\/li>\n<li>Une lettre de motivation<\/li>\n<li>Une lettre de recommandation<\/li>\n<li>Une courte pr\u00e9sentation du sujet de th\u00e8se (3000 signes)<\/li>\n<\/ul>\n<p>La s\u00e9lection des participant(e)s sera publi\u00e9e mi-f\u00e9vrier. Ils\/elles doivent s&rsquo;engager pour toute la dur\u00e9e de la formation.<\/p>\n<p>Institutions organisatrices : \u00c9cole fran\u00e7aise d&rsquo;Ath\u00e8nes, \u00c9cole fran\u00e7aise de Rome, CETOBAC (UMR 8032 CNRS\/EHESS), Universit\u00e9 Aix-Marseille (Institut SoMuM, UMR 7303 TELEMe AMU-CNRS), Universit\u00e0deglistudi di Trieste, Laboratoire \u00ab\u00a0Culture, Borders, Gender\u00a0\u00bb de l&rsquo;universit\u00e9 de Mac\u00e9doine (Thessalonique).<\/p>\n","protected":false},"excerpt":{"rendered":"<p>ATELIER DE FORMATION DOCTORALE<\/p>\n<p>LES BALKANS. ESPACES, SOCI\u00c9T\u00c9S, HISTOIRE<\/p>\n<p>IIe \u00e9dition. Thessalonique 18-22 septembre 2023, ( University of Macedonia, Egnatias 156)<\/p>\n<p>RELIGION ET POLITIQUE : ENTRE RES PUBLICA ET PRATIQUES PRIVEES<\/p>\n<p>(Sud-Est europ\u00e9en, espace post-sovi\u00e9tique et M\u00e9diterran\u00e9e orientale)<\/p>\n","protected":false},"author":175,"featured_media":12274,"comment_status":"closed","ping_status":"closed","sticky":false,"template":"","format":"standard","meta":{"neve_meta_sidebar":"","neve_meta_container":"","neve_meta_enable_content_width":"off","neve_meta_content_width":70,"neve_meta_title_alignment":"","neve_meta_author_avatar":"","neve_post_elements_order":"","neve_meta_disable_header":"","neve_meta_disable_footer":"","neve_meta_disable_title":"","_tribe_events_control_status":"","_tribe_events_control_status_canceled_reason":"","_tribe_events_control_status_postponed_reason":"","_tribe_events_control_online":"","_tribe_events_control_online_url":"","footnotes":""},"categories":[2026],"tags":[],"class_list":["post-12273","post","type-post","status-publish","format-standard","has-post-thumbnail","hentry","category-appels-a-candidature"],"yoast_head":"<!-- This site is optimized with the Yoast SEO plugin v27.4 - https:\/\/yoast.com\/product\/yoast-seo-wordpress\/ -->\n<title>[APPEL \u00c0 PARTICIPATION] Atelier de formation doctorale : Les Balkans. Espaces, soci\u00e9t\u00e9s, histoire - TELEMMe - Temps, espaces, langages, Europe m\u00e9ridionale, M\u00e9diterran\u00e9e<\/title>\n<meta name=\"description\" content=\"ATELIER DE FORMATION DOCTORALELES BALKANS. ESPACES, SOCI\u00c9T\u00c9S, HISTOIREIIe \u00e9dition. Thessalonique 18-22 septembre 2023, ( University of Macedonia, Egnatias 156)RELIGION ET POLITIQUE : ENTRE RES PUBLICA ET PRATIQUES PRIVEES(Sud-Est europ\u00e9en, espace post-sovi\u00e9tique et M\u00e9diterran\u00e9e orientale)\" \/>\n<meta name=\"robots\" content=\"index, follow, max-snippet:-1, max-image-preview:large, max-video-preview:-1\" \/>\n<link rel=\"canonical\" href=\"https:\/\/telemme.mmsh.fr\/?p=12273\" \/>\n<meta property=\"og:locale\" content=\"fr_FR\" \/>\n<meta property=\"og:type\" content=\"article\" \/>\n<meta property=\"og:title\" content=\"[APPEL \u00c0 PARTICIPATION] Atelier de formation doctorale : Les Balkans. Espaces, soci\u00e9t\u00e9s, histoire - TELEMMe - Temps, espaces, langages, Europe m\u00e9ridionale, M\u00e9diterran\u00e9e\" \/>\n<meta property=\"og:description\" content=\"ATELIER DE FORMATION DOCTORALELES BALKANS. ESPACES, SOCI\u00c9T\u00c9S, HISTOIREIIe \u00e9dition. Thessalonique 18-22 septembre 2023, ( University of Macedonia, Egnatias 156)RELIGION ET POLITIQUE : ENTRE RES PUBLICA ET PRATIQUES PRIVEES(Sud-Est europ\u00e9en, espace post-sovi\u00e9tique et M\u00e9diterran\u00e9e orientale)\" \/>\n<meta property=\"og:url\" content=\"https:\/\/telemme.mmsh.fr\/?p=12273\" \/>\n<meta property=\"og:site_name\" content=\"TELEMMe - Temps, espaces, langages, Europe m\u00e9ridionale, M\u00e9diterran\u00e9e\" \/>\n<meta property=\"article:published_time\" content=\"2023-01-13T09:55:09+00:00\" \/>\n<meta property=\"article:modified_time\" content=\"2023-02-06T13:40:15+00:00\" \/>\n<meta property=\"og:image\" content=\"https:\/\/telemme.mmsh.fr\/wp-content\/uploads\/2023\/01\/solun.png\" \/>\n\t<meta property=\"og:image:width\" content=\"976\" \/>\n\t<meta property=\"og:image:height\" content=\"430\" \/>\n\t<meta property=\"og:image:type\" content=\"image\/png\" \/>\n<meta name=\"author\" content=\"Maja Mellet\" \/>\n<meta name=\"twitter:card\" content=\"summary_large_image\" \/>\n<meta name=\"twitter:label1\" content=\"\u00c9crit par\" \/>\n\t<meta name=\"twitter:data1\" content=\"Maja Mellet\" \/>\n\t<meta name=\"twitter:label2\" content=\"Dur\u00e9e de lecture estim\u00e9e\" \/>\n\t<meta name=\"twitter:data2\" content=\"5 minutes\" \/>\n<script type=\"application\/ld+json\" class=\"yoast-schema-graph\">{\"@context\":\"https:\\\/\\\/schema.org\",\"@graph\":[{\"@type\":\"Article\",\"@id\":\"https:\\\/\\\/telemme.mmsh.fr\\\/?p=12273#article\",\"isPartOf\":{\"@id\":\"https:\\\/\\\/telemme.mmsh.fr\\\/?p=12273\"},\"author\":{\"name\":\"Maja Mellet\",\"@id\":\"https:\\\/\\\/telemme.mmsh.fr\\\/#\\\/schema\\\/person\\\/c433e5fd025c00718f715ba73f040691\"},\"headline\":\"[APPEL \u00c0 PARTICIPATION] Atelier de formation doctorale : Les Balkans. Espaces, soci\u00e9t\u00e9s, histoire\",\"datePublished\":\"2023-01-13T09:55:09+00:00\",\"dateModified\":\"2023-02-06T13:40:15+00:00\",\"mainEntityOfPage\":{\"@id\":\"https:\\\/\\\/telemme.mmsh.fr\\\/?p=12273\"},\"wordCount\":1031,\"publisher\":{\"@id\":\"https:\\\/\\\/telemme.mmsh.fr\\\/#organization\"},\"image\":{\"@id\":\"https:\\\/\\\/telemme.mmsh.fr\\\/?p=12273#primaryimage\"},\"thumbnailUrl\":\"https:\\\/\\\/telemme.mmsh.fr\\\/wp-content\\\/uploads\\\/2023\\\/01\\\/solun.png\",\"articleSection\":[\"Appels \u00e0 candidature\"],\"inLanguage\":\"fr-FR\"},{\"@type\":\"WebPage\",\"@id\":\"https:\\\/\\\/telemme.mmsh.fr\\\/?p=12273\",\"url\":\"https:\\\/\\\/telemme.mmsh.fr\\\/?p=12273\",\"name\":\"[APPEL \u00c0 PARTICIPATION] Atelier de formation doctorale : Les Balkans. Espaces, soci\u00e9t\u00e9s, histoire - TELEMMe - Temps, espaces, langages, Europe m\u00e9ridionale, M\u00e9diterran\u00e9e\",\"isPartOf\":{\"@id\":\"https:\\\/\\\/telemme.mmsh.fr\\\/#website\"},\"primaryImageOfPage\":{\"@id\":\"https:\\\/\\\/telemme.mmsh.fr\\\/?p=12273#primaryimage\"},\"image\":{\"@id\":\"https:\\\/\\\/telemme.mmsh.fr\\\/?p=12273#primaryimage\"},\"thumbnailUrl\":\"https:\\\/\\\/telemme.mmsh.fr\\\/wp-content\\\/uploads\\\/2023\\\/01\\\/solun.png\",\"datePublished\":\"2023-01-13T09:55:09+00:00\",\"dateModified\":\"2023-02-06T13:40:15+00:00\",\"description\":\"ATELIER DE FORMATION DOCTORALELES BALKANS. ESPACES, SOCI\u00c9T\u00c9S, HISTOIREIIe \u00e9dition. Thessalonique 18-22 septembre 2023, ( University of Macedonia, Egnatias 156)RELIGION ET POLITIQUE : ENTRE RES PUBLICA ET PRATIQUES PRIVEES(Sud-Est europ\u00e9en, espace post-sovi\u00e9tique et M\u00e9diterran\u00e9e orientale)\",\"breadcrumb\":{\"@id\":\"https:\\\/\\\/telemme.mmsh.fr\\\/?p=12273#breadcrumb\"},\"inLanguage\":\"fr-FR\",\"potentialAction\":[{\"@type\":\"ReadAction\",\"target\":[\"https:\\\/\\\/telemme.mmsh.fr\\\/?p=12273\"]}]},{\"@type\":\"ImageObject\",\"inLanguage\":\"fr-FR\",\"@id\":\"https:\\\/\\\/telemme.mmsh.fr\\\/?p=12273#primaryimage\",\"url\":\"https:\\\/\\\/telemme.mmsh.fr\\\/wp-content\\\/uploads\\\/2023\\\/01\\\/solun.png\",\"contentUrl\":\"https:\\\/\\\/telemme.mmsh.fr\\\/wp-content\\\/uploads\\\/2023\\\/01\\\/solun.png\",\"width\":976,\"height\":430},{\"@type\":\"BreadcrumbList\",\"@id\":\"https:\\\/\\\/telemme.mmsh.fr\\\/?p=12273#breadcrumb\",\"itemListElement\":[{\"@type\":\"ListItem\",\"position\":1,\"name\":\"Accueil\",\"item\":\"https:\\\/\\\/telemme.mmsh.fr\\\/\"},{\"@type\":\"ListItem\",\"position\":2,\"name\":\"Actualit\u00e9s\",\"item\":\"https:\\\/\\\/telemme.mmsh.fr\\\/?cat=1995\"},{\"@type\":\"ListItem\",\"position\":3,\"name\":\"Appels \u00e0 candidature\",\"item\":\"https:\\\/\\\/telemme.mmsh.fr\\\/?cat=2026\"},{\"@type\":\"ListItem\",\"position\":4,\"name\":\"[APPEL \u00c0 PARTICIPATION] Atelier de formation doctorale : Les Balkans. Espaces, soci\u00e9t\u00e9s, histoire\"}]},{\"@type\":\"WebSite\",\"@id\":\"https:\\\/\\\/telemme.mmsh.fr\\\/#website\",\"url\":\"https:\\\/\\\/telemme.mmsh.fr\\\/\",\"name\":\"TELEMMe - Temps, espaces, langages, Europe m\u00e9ridionale, M\u00e9diterran\u00e9e\",\"description\":\"\",\"publisher\":{\"@id\":\"https:\\\/\\\/telemme.mmsh.fr\\\/#organization\"},\"potentialAction\":[{\"@type\":\"SearchAction\",\"target\":{\"@type\":\"EntryPoint\",\"urlTemplate\":\"https:\\\/\\\/telemme.mmsh.fr\\\/?s={search_term_string}\"},\"query-input\":{\"@type\":\"PropertyValueSpecification\",\"valueRequired\":true,\"valueName\":\"search_term_string\"}}],\"inLanguage\":\"fr-FR\"},{\"@type\":\"Organization\",\"@id\":\"https:\\\/\\\/telemme.mmsh.fr\\\/#organization\",\"name\":\"TELEMMe\",\"url\":\"https:\\\/\\\/telemme.mmsh.fr\\\/\",\"logo\":{\"@type\":\"ImageObject\",\"inLanguage\":\"fr-FR\",\"@id\":\"https:\\\/\\\/telemme.mmsh.fr\\\/#\\\/schema\\\/logo\\\/image\\\/\",\"url\":\"https:\\\/\\\/telemme.mmsh.fr\\\/wp-content\\\/uploads\\\/2020\\\/03\\\/LogoTELEMMe-horizontal-fond-transparent.png\",\"contentUrl\":\"https:\\\/\\\/telemme.mmsh.fr\\\/wp-content\\\/uploads\\\/2020\\\/03\\\/LogoTELEMMe-horizontal-fond-transparent.png\",\"width\":1500,\"height\":437,\"caption\":\"TELEMMe\"},\"image\":{\"@id\":\"https:\\\/\\\/telemme.mmsh.fr\\\/#\\\/schema\\\/logo\\\/image\\\/\"}},{\"@type\":\"Person\",\"@id\":\"https:\\\/\\\/telemme.mmsh.fr\\\/#\\\/schema\\\/person\\\/c433e5fd025c00718f715ba73f040691\",\"name\":\"Maja Mellet\",\"url\":\"https:\\\/\\\/telemme.mmsh.fr\\\/?author=175\"}]}<\/script>\n<!-- \/ Yoast SEO plugin. -->","yoast_head_json":{"title":"[APPEL \u00c0 PARTICIPATION] Atelier de formation doctorale : Les Balkans. Espaces, soci\u00e9t\u00e9s, histoire - TELEMMe - Temps, espaces, langages, Europe m\u00e9ridionale, M\u00e9diterran\u00e9e","description":"ATELIER DE FORMATION DOCTORALELES BALKANS. ESPACES, SOCI\u00c9T\u00c9S, HISTOIREIIe \u00e9dition. Thessalonique 18-22 septembre 2023, ( University of Macedonia, Egnatias 156)RELIGION ET POLITIQUE : ENTRE RES PUBLICA ET PRATIQUES PRIVEES(Sud-Est europ\u00e9en, espace post-sovi\u00e9tique et M\u00e9diterran\u00e9e orientale)","robots":{"index":"index","follow":"follow","max-snippet":"max-snippet:-1","max-image-preview":"max-image-preview:large","max-video-preview":"max-video-preview:-1"},"canonical":"https:\/\/telemme.mmsh.fr\/?p=12273","og_locale":"fr_FR","og_type":"article","og_title":"[APPEL \u00c0 PARTICIPATION] Atelier de formation doctorale : Les Balkans. Espaces, soci\u00e9t\u00e9s, histoire - TELEMMe - Temps, espaces, langages, Europe m\u00e9ridionale, M\u00e9diterran\u00e9e","og_description":"ATELIER DE FORMATION DOCTORALELES BALKANS. ESPACES, SOCI\u00c9T\u00c9S, HISTOIREIIe \u00e9dition. Thessalonique 18-22 septembre 2023, ( University of Macedonia, Egnatias 156)RELIGION ET POLITIQUE : ENTRE RES PUBLICA ET PRATIQUES PRIVEES(Sud-Est europ\u00e9en, espace post-sovi\u00e9tique et M\u00e9diterran\u00e9e orientale)","og_url":"https:\/\/telemme.mmsh.fr\/?p=12273","og_site_name":"TELEMMe - Temps, espaces, langages, Europe m\u00e9ridionale, M\u00e9diterran\u00e9e","article_published_time":"2023-01-13T09:55:09+00:00","article_modified_time":"2023-02-06T13:40:15+00:00","og_image":[{"width":976,"height":430,"url":"https:\/\/telemme.mmsh.fr\/wp-content\/uploads\/2023\/01\/solun.png","type":"image\/png"}],"author":"Maja Mellet","twitter_card":"summary_large_image","twitter_misc":{"\u00c9crit par":"Maja Mellet","Dur\u00e9e de lecture estim\u00e9e":"5 minutes"},"schema":{"@context":"https:\/\/schema.org","@graph":[{"@type":"Article","@id":"https:\/\/telemme.mmsh.fr\/?p=12273#article","isPartOf":{"@id":"https:\/\/telemme.mmsh.fr\/?p=12273"},"author":{"name":"Maja Mellet","@id":"https:\/\/telemme.mmsh.fr\/#\/schema\/person\/c433e5fd025c00718f715ba73f040691"},"headline":"[APPEL \u00c0 PARTICIPATION] Atelier de formation doctorale : Les Balkans. Espaces, soci\u00e9t\u00e9s, histoire","datePublished":"2023-01-13T09:55:09+00:00","dateModified":"2023-02-06T13:40:15+00:00","mainEntityOfPage":{"@id":"https:\/\/telemme.mmsh.fr\/?p=12273"},"wordCount":1031,"publisher":{"@id":"https:\/\/telemme.mmsh.fr\/#organization"},"image":{"@id":"https:\/\/telemme.mmsh.fr\/?p=12273#primaryimage"},"thumbnailUrl":"https:\/\/telemme.mmsh.fr\/wp-content\/uploads\/2023\/01\/solun.png","articleSection":["Appels \u00e0 candidature"],"inLanguage":"fr-FR"},{"@type":"WebPage","@id":"https:\/\/telemme.mmsh.fr\/?p=12273","url":"https:\/\/telemme.mmsh.fr\/?p=12273","name":"[APPEL \u00c0 PARTICIPATION] Atelier de formation doctorale : Les Balkans. Espaces, soci\u00e9t\u00e9s, histoire - TELEMMe - Temps, espaces, langages, Europe m\u00e9ridionale, M\u00e9diterran\u00e9e","isPartOf":{"@id":"https:\/\/telemme.mmsh.fr\/#website"},"primaryImageOfPage":{"@id":"https:\/\/telemme.mmsh.fr\/?p=12273#primaryimage"},"image":{"@id":"https:\/\/telemme.mmsh.fr\/?p=12273#primaryimage"},"thumbnailUrl":"https:\/\/telemme.mmsh.fr\/wp-content\/uploads\/2023\/01\/solun.png","datePublished":"2023-01-13T09:55:09+00:00","dateModified":"2023-02-06T13:40:15+00:00","description":"ATELIER DE FORMATION DOCTORALELES BALKANS. ESPACES, SOCI\u00c9T\u00c9S, HISTOIREIIe \u00e9dition. Thessalonique 18-22 septembre 2023, ( University of Macedonia, Egnatias 156)RELIGION ET POLITIQUE : ENTRE RES PUBLICA ET PRATIQUES PRIVEES(Sud-Est europ\u00e9en, espace post-sovi\u00e9tique et M\u00e9diterran\u00e9e orientale)","breadcrumb":{"@id":"https:\/\/telemme.mmsh.fr\/?p=12273#breadcrumb"},"inLanguage":"fr-FR","potentialAction":[{"@type":"ReadAction","target":["https:\/\/telemme.mmsh.fr\/?p=12273"]}]},{"@type":"ImageObject","inLanguage":"fr-FR","@id":"https:\/\/telemme.mmsh.fr\/?p=12273#primaryimage","url":"https:\/\/telemme.mmsh.fr\/wp-content\/uploads\/2023\/01\/solun.png","contentUrl":"https:\/\/telemme.mmsh.fr\/wp-content\/uploads\/2023\/01\/solun.png","width":976,"height":430},{"@type":"BreadcrumbList","@id":"https:\/\/telemme.mmsh.fr\/?p=12273#breadcrumb","itemListElement":[{"@type":"ListItem","position":1,"name":"Accueil","item":"https:\/\/telemme.mmsh.fr\/"},{"@type":"ListItem","position":2,"name":"Actualit\u00e9s","item":"https:\/\/telemme.mmsh.fr\/?cat=1995"},{"@type":"ListItem","position":3,"name":"Appels \u00e0 candidature","item":"https:\/\/telemme.mmsh.fr\/?cat=2026"},{"@type":"ListItem","position":4,"name":"[APPEL \u00c0 PARTICIPATION] Atelier de formation doctorale : Les Balkans. Espaces, soci\u00e9t\u00e9s, histoire"}]},{"@type":"WebSite","@id":"https:\/\/telemme.mmsh.fr\/#website","url":"https:\/\/telemme.mmsh.fr\/","name":"TELEMMe - Temps, espaces, langages, Europe m\u00e9ridionale, M\u00e9diterran\u00e9e","description":"","publisher":{"@id":"https:\/\/telemme.mmsh.fr\/#organization"},"potentialAction":[{"@type":"SearchAction","target":{"@type":"EntryPoint","urlTemplate":"https:\/\/telemme.mmsh.fr\/?s={search_term_string}"},"query-input":{"@type":"PropertyValueSpecification","valueRequired":true,"valueName":"search_term_string"}}],"inLanguage":"fr-FR"},{"@type":"Organization","@id":"https:\/\/telemme.mmsh.fr\/#organization","name":"TELEMMe","url":"https:\/\/telemme.mmsh.fr\/","logo":{"@type":"ImageObject","inLanguage":"fr-FR","@id":"https:\/\/telemme.mmsh.fr\/#\/schema\/logo\/image\/","url":"https:\/\/telemme.mmsh.fr\/wp-content\/uploads\/2020\/03\/LogoTELEMMe-horizontal-fond-transparent.png","contentUrl":"https:\/\/telemme.mmsh.fr\/wp-content\/uploads\/2020\/03\/LogoTELEMMe-horizontal-fond-transparent.png","width":1500,"height":437,"caption":"TELEMMe"},"image":{"@id":"https:\/\/telemme.mmsh.fr\/#\/schema\/logo\/image\/"}},{"@type":"Person","@id":"https:\/\/telemme.mmsh.fr\/#\/schema\/person\/c433e5fd025c00718f715ba73f040691","name":"Maja Mellet","url":"https:\/\/telemme.mmsh.fr\/?author=175"}]}},"_links":{"self":[{"href":"https:\/\/telemme.mmsh.fr\/index.php?rest_route=\/wp\/v2\/posts\/12273","targetHints":{"allow":["GET"]}}],"collection":[{"href":"https:\/\/telemme.mmsh.fr\/index.php?rest_route=\/wp\/v2\/posts"}],"about":[{"href":"https:\/\/telemme.mmsh.fr\/index.php?rest_route=\/wp\/v2\/types\/post"}],"author":[{"embeddable":true,"href":"https:\/\/telemme.mmsh.fr\/index.php?rest_route=\/wp\/v2\/users\/175"}],"replies":[{"embeddable":true,"href":"https:\/\/telemme.mmsh.fr\/index.php?rest_route=%2Fwp%2Fv2%2Fcomments&post=12273"}],"version-history":[{"count":5,"href":"https:\/\/telemme.mmsh.fr\/index.php?rest_route=\/wp\/v2\/posts\/12273\/revisions"}],"predecessor-version":[{"id":12474,"href":"https:\/\/telemme.mmsh.fr\/index.php?rest_route=\/wp\/v2\/posts\/12273\/revisions\/12474"}],"wp:featuredmedia":[{"embeddable":true,"href":"https:\/\/telemme.mmsh.fr\/index.php?rest_route=\/wp\/v2\/media\/12274"}],"wp:attachment":[{"href":"https:\/\/telemme.mmsh.fr\/index.php?rest_route=%2Fwp%2Fv2%2Fmedia&parent=12273"}],"wp:term":[{"taxonomy":"category","embeddable":true,"href":"https:\/\/telemme.mmsh.fr\/index.php?rest_route=%2Fwp%2Fv2%2Fcategories&post=12273"},{"taxonomy":"post_tag","embeddable":true,"href":"https:\/\/telemme.mmsh.fr\/index.php?rest_route=%2Fwp%2Fv2%2Ftags&post=12273"}],"curies":[{"name":"wp","href":"https:\/\/api.w.org\/{rel}","templated":true}]}}