{"id":12127,"date":"2022-11-29T10:53:15","date_gmt":"2022-11-29T09:53:15","guid":{"rendered":"https:\/\/telemme.mmsh.fr\/?p=12127"},"modified":"2025-01-28T14:34:14","modified_gmt":"2025-01-28T13:34:14","slug":"these-crise-et-mutation-de-loffre-politique-en-france-et-en-espagne-lemergence-des-partis-mouvements-2008-2021","status":"publish","type":"post","link":"https:\/\/telemme.mmsh.fr\/?p=12127","title":{"rendered":"[Th\u00e8se] Crise et mutation de l\u2019offre politique en France et en Espagne : l\u2019\u00e9mergence des partis mouvements (2008-2021)"},"content":{"rendered":"<p>Madame <a href=\"https:\/\/telemme.mmsh.fr\/?membres=virginie-tisserant\">Virginie TISSERANT<\/a><\/p>\n<p>pr\u00e9sentera ses travaux en soutenance le 10 d\u00e9cembre 2022 \u00e0 14h00<\/p>\n<p>\u00e0 l\u2019adresse suivante : PAF MMSH 5 Rue Ch\u00e2teau de l&rsquo;Horloge 13090 Aix-en-Provence<\/p>\n<p>pour l&rsquo;obtention du dipl\u00f4me : doctorat Histoire<\/p>\n<p>Titre des travaux : <a href=\"https:\/\/telemme.mmsh.fr\/?post_type=these&amp;p=3268\">Crise et mutation de l\u2019offre politique en France et en Espagne : l\u2019\u00e9mergence des partis mouvements (2008-2021)<\/a><\/p>\n<p>Ecole doctorale : ESPACES, CULTURES, SOCIETES<\/p>\n<p>Directeur : Severiano ROJO HERNANDEZ<\/p>\n<p>Laboratoire : Temps, Espaces, Langages &#8211; Europe M\u00e9ridionale, M\u00e9diterran\u00e9e<\/p>\n<p><strong>Membres du jury :<\/strong><\/p>\n<p>M. SEVERIANO ROJO HERNANDEZ &#8211; Professeur des universit\u00e9s &#8211; Aix Marseille Universit\u00e9 FRANCE<\/p>\n<p>Mme SYLVIE APRILE &#8211; Professeure des universit\u00e9s &#8211; Universit\u00e9 Paris X Nanterre FRANCE<\/p>\n<p>M. JESUS ALONSO CARBALL\u00e9S &#8211; Professeur des universit\u00e9s &#8211; Universit\u00e9 de Bordeaux FRANCE<\/p>\n<p>Mme ISABELLE RENAUDET &#8211; Professeure des universit\u00e9s &#8211; Aix-Marseille Universit\u00e9 FRANCE<\/p>\n<p style=\"text-align: left;\">M. JULIO PEREZ SERRANO &#8211; Professeur des universit\u00e9s &#8211; Universit\u00e9 de Cadix ESPAGNE<br \/>\nLa soutenance est publique<\/p>\n","protected":false},"excerpt":{"rendered":"<p>Madame Virginie TISSERANT pr\u00e9sentera ses travaux en soutenance le 10 d\u00e9cembre 2022 \u00e0 14h00 \u00e0 l\u2019adresse suivante : PAF MMSH 5 Rue Ch\u00e2teau de l&rsquo;Horloge 13090 Aix-en-Provence pour l&rsquo;obtention du&hellip;&nbsp;<a href=\"https:\/\/telemme.mmsh.fr\/?p=12127\" rel=\"bookmark\">Lire la suite &raquo;<span class=\"screen-reader-text\">[Th\u00e8se] Crise et mutation de l\u2019offre politique en France et en Espagne : l\u2019\u00e9mergence des partis mouvements (2008-2021)<\/span><\/a><\/p>\n","protected":false},"author":175,"featured_media":0,"comment_status":"closed","ping_status":"closed","sticky":false,"template":"","format":"standard","meta":{"neve_meta_sidebar":"","neve_meta_container":"","neve_meta_enable_content_width":"off","neve_meta_content_width":70,"neve_meta_title_alignment":"","neve_meta_author_avatar":"","neve_post_elements_order":"","neve_meta_disable_header":"","neve_meta_disable_footer":"","neve_meta_disable_title":"","_tribe_events_control_status":"","_tribe_events_control_status_canceled_reason":"","_tribe_events_control_status_postponed_reason":"","_tribe_events_control_online":"","_tribe_events_control_online_url":"","footnotes":""},"categories":[1999],"tags":[],"class_list":["post-12127","post","type-post","status-publish","format-standard","hentry","category-soutenance-these"],"yoast_head":"<!-- This site is optimized with the Yoast SEO plugin v27.4 - https:\/\/yoast.com\/product\/yoast-seo-wordpress\/ -->\n<title>[Th\u00e8se] Crise et mutation de l\u2019offre politique en France et en Espagne : l\u2019\u00e9mergence des partis mouvements (2008-2021) - TELEMMe - Temps, espaces, langages, Europe m\u00e9ridionale, M\u00e9diterran\u00e9e<\/title>\n<meta name=\"robots\" content=\"index, follow, max-snippet:-1, max-image-preview:large, max-video-preview:-1\" \/>\n<link rel=\"canonical\" href=\"https:\/\/telemme.mmsh.fr\/?p=12127\" \/>\n<meta property=\"og:locale\" content=\"fr_FR\" \/>\n<meta property=\"og:type\" content=\"article\" \/>\n<meta property=\"og:title\" content=\"[Th\u00e8se] Crise et mutation de l\u2019offre politique en France et en Espagne : l\u2019\u00e9mergence des partis mouvements (2008-2021) - TELEMMe - Temps, espaces, langages, Europe m\u00e9ridionale, M\u00e9diterran\u00e9e\" \/>\n<meta property=\"og:description\" content=\"Madame Virginie TISSERANT pr\u00e9sentera ses travaux en soutenance le 10 d\u00e9cembre 2022 \u00e0 14h00 \u00e0 l\u2019adresse suivante : PAF MMSH 5 Rue Ch\u00e2teau de l&rsquo;Horloge 13090 Aix-en-Provence pour l&rsquo;obtention du&hellip;&nbsp;Lire la suite &raquo;[Th\u00e8se] Crise et mutation de l\u2019offre politique en France et en Espagne : l\u2019\u00e9mergence des partis mouvements (2008-2021)\" \/>\n<meta property=\"og:url\" content=\"https:\/\/telemme.mmsh.fr\/?p=12127\" \/>\n<meta property=\"og:site_name\" content=\"TELEMMe - Temps, espaces, langages, Europe m\u00e9ridionale, M\u00e9diterran\u00e9e\" \/>\n<meta property=\"article:published_time\" content=\"2022-11-29T09:53:15+00:00\" \/>\n<meta property=\"article:modified_time\" content=\"2025-01-28T13:34:14+00:00\" \/>\n<meta name=\"author\" content=\"Maja Mellet\" \/>\n<meta name=\"twitter:card\" content=\"summary_large_image\" \/>\n<meta name=\"twitter:label1\" content=\"\u00c9crit par\" \/>\n\t<meta name=\"twitter:data1\" content=\"Maja Mellet\" \/>\n\t<meta name=\"twitter:label2\" content=\"Dur\u00e9e de lecture estim\u00e9e\" \/>\n\t<meta name=\"twitter:data2\" content=\"1 minute\" \/>\n<script type=\"application\/ld+json\" class=\"yoast-schema-graph\">{\"@context\":\"https:\\\/\\\/schema.org\",\"@graph\":[{\"@type\":\"Article\",\"@id\":\"https:\\\/\\\/telemme.mmsh.fr\\\/?p=12127#article\",\"isPartOf\":{\"@id\":\"https:\\\/\\\/telemme.mmsh.fr\\\/?p=12127\"},\"author\":{\"name\":\"Maja Mellet\",\"@id\":\"https:\\\/\\\/telemme.mmsh.fr\\\/#\\\/schema\\\/person\\\/c433e5fd025c00718f715ba73f040691\"},\"headline\":\"[Th\u00e8se] Crise et mutation de l\u2019offre politique en France et en Espagne : l\u2019\u00e9mergence des partis mouvements (2008-2021)\",\"datePublished\":\"2022-11-29T09:53:15+00:00\",\"dateModified\":\"2025-01-28T13:34:14+00:00\",\"mainEntityOfPage\":{\"@id\":\"https:\\\/\\\/telemme.mmsh.fr\\\/?p=12127\"},\"wordCount\":170,\"publisher\":{\"@id\":\"https:\\\/\\\/telemme.mmsh.fr\\\/#organization\"},\"articleSection\":[\"Soutenances de th\u00e8se\"],\"inLanguage\":\"fr-FR\"},{\"@type\":\"WebPage\",\"@id\":\"https:\\\/\\\/telemme.mmsh.fr\\\/?p=12127\",\"url\":\"https:\\\/\\\/telemme.mmsh.fr\\\/?p=12127\",\"name\":\"[Th\u00e8se] Crise et mutation de l\u2019offre politique en France et en Espagne : l\u2019\u00e9mergence des partis mouvements (2008-2021) - TELEMMe - Temps, espaces, langages, Europe m\u00e9ridionale, M\u00e9diterran\u00e9e\",\"isPartOf\":{\"@id\":\"https:\\\/\\\/telemme.mmsh.fr\\\/#website\"},\"datePublished\":\"2022-11-29T09:53:15+00:00\",\"dateModified\":\"2025-01-28T13:34:14+00:00\",\"breadcrumb\":{\"@id\":\"https:\\\/\\\/telemme.mmsh.fr\\\/?p=12127#breadcrumb\"},\"inLanguage\":\"fr-FR\",\"potentialAction\":[{\"@type\":\"ReadAction\",\"target\":[\"https:\\\/\\\/telemme.mmsh.fr\\\/?p=12127\"]}]},{\"@type\":\"BreadcrumbList\",\"@id\":\"https:\\\/\\\/telemme.mmsh.fr\\\/?p=12127#breadcrumb\",\"itemListElement\":[{\"@type\":\"ListItem\",\"position\":1,\"name\":\"Accueil\",\"item\":\"https:\\\/\\\/telemme.mmsh.fr\\\/\"},{\"@type\":\"ListItem\",\"position\":2,\"name\":\"Actualit\u00e9s\",\"item\":\"https:\\\/\\\/telemme.mmsh.fr\\\/?cat=1995\"},{\"@type\":\"ListItem\",\"position\":3,\"name\":\"Soutenances de th\u00e8se\",\"item\":\"https:\\\/\\\/telemme.mmsh.fr\\\/?cat=1999\"},{\"@type\":\"ListItem\",\"position\":4,\"name\":\"[Th\u00e8se] Crise et mutation de l\u2019offre politique en France et en Espagne : l\u2019\u00e9mergence des partis mouvements (2008-2021)\"}]},{\"@type\":\"WebSite\",\"@id\":\"https:\\\/\\\/telemme.mmsh.fr\\\/#website\",\"url\":\"https:\\\/\\\/telemme.mmsh.fr\\\/\",\"name\":\"TELEMMe - Temps, espaces, langages, Europe m\u00e9ridionale, M\u00e9diterran\u00e9e\",\"description\":\"\",\"publisher\":{\"@id\":\"https:\\\/\\\/telemme.mmsh.fr\\\/#organization\"},\"potentialAction\":[{\"@type\":\"SearchAction\",\"target\":{\"@type\":\"EntryPoint\",\"urlTemplate\":\"https:\\\/\\\/telemme.mmsh.fr\\\/?s={search_term_string}\"},\"query-input\":{\"@type\":\"PropertyValueSpecification\",\"valueRequired\":true,\"valueName\":\"search_term_string\"}}],\"inLanguage\":\"fr-FR\"},{\"@type\":\"Organization\",\"@id\":\"https:\\\/\\\/telemme.mmsh.fr\\\/#organization\",\"name\":\"TELEMMe\",\"url\":\"https:\\\/\\\/telemme.mmsh.fr\\\/\",\"logo\":{\"@type\":\"ImageObject\",\"inLanguage\":\"fr-FR\",\"@id\":\"https:\\\/\\\/telemme.mmsh.fr\\\/#\\\/schema\\\/logo\\\/image\\\/\",\"url\":\"https:\\\/\\\/telemme.mmsh.fr\\\/wp-content\\\/uploads\\\/2020\\\/03\\\/LogoTELEMMe-horizontal-fond-transparent.png\",\"contentUrl\":\"https:\\\/\\\/telemme.mmsh.fr\\\/wp-content\\\/uploads\\\/2020\\\/03\\\/LogoTELEMMe-horizontal-fond-transparent.png\",\"width\":1500,\"height\":437,\"caption\":\"TELEMMe\"},\"image\":{\"@id\":\"https:\\\/\\\/telemme.mmsh.fr\\\/#\\\/schema\\\/logo\\\/image\\\/\"}},{\"@type\":\"Person\",\"@id\":\"https:\\\/\\\/telemme.mmsh.fr\\\/#\\\/schema\\\/person\\\/c433e5fd025c00718f715ba73f040691\",\"name\":\"Maja Mellet\",\"url\":\"https:\\\/\\\/telemme.mmsh.fr\\\/?author=175\"}]}<\/script>\n<!-- \/ Yoast SEO plugin. -->","yoast_head_json":{"title":"[Th\u00e8se] Crise et mutation de l\u2019offre politique en France et en Espagne : l\u2019\u00e9mergence des partis mouvements (2008-2021) - TELEMMe - Temps, espaces, langages, Europe m\u00e9ridionale, M\u00e9diterran\u00e9e","robots":{"index":"index","follow":"follow","max-snippet":"max-snippet:-1","max-image-preview":"max-image-preview:large","max-video-preview":"max-video-preview:-1"},"canonical":"https:\/\/telemme.mmsh.fr\/?p=12127","og_locale":"fr_FR","og_type":"article","og_title":"[Th\u00e8se] Crise et mutation de l\u2019offre politique en France et en Espagne : l\u2019\u00e9mergence des partis mouvements (2008-2021) - TELEMMe - Temps, espaces, langages, Europe m\u00e9ridionale, M\u00e9diterran\u00e9e","og_description":"Madame Virginie TISSERANT pr\u00e9sentera ses travaux en soutenance le 10 d\u00e9cembre 2022 \u00e0 14h00 \u00e0 l\u2019adresse suivante : PAF MMSH 5 Rue Ch\u00e2teau de l&rsquo;Horloge 13090 Aix-en-Provence pour l&rsquo;obtention du&hellip;&nbsp;Lire la suite &raquo;[Th\u00e8se] Crise et mutation de l\u2019offre politique en France et en Espagne : l\u2019\u00e9mergence des partis mouvements (2008-2021)","og_url":"https:\/\/telemme.mmsh.fr\/?p=12127","og_site_name":"TELEMMe - Temps, espaces, langages, Europe m\u00e9ridionale, M\u00e9diterran\u00e9e","article_published_time":"2022-11-29T09:53:15+00:00","article_modified_time":"2025-01-28T13:34:14+00:00","author":"Maja Mellet","twitter_card":"summary_large_image","twitter_misc":{"\u00c9crit par":"Maja Mellet","Dur\u00e9e de lecture estim\u00e9e":"1 minute"},"schema":{"@context":"https:\/\/schema.org","@graph":[{"@type":"Article","@id":"https:\/\/telemme.mmsh.fr\/?p=12127#article","isPartOf":{"@id":"https:\/\/telemme.mmsh.fr\/?p=12127"},"author":{"name":"Maja Mellet","@id":"https:\/\/telemme.mmsh.fr\/#\/schema\/person\/c433e5fd025c00718f715ba73f040691"},"headline":"[Th\u00e8se] Crise et mutation de l\u2019offre politique en France et en Espagne : l\u2019\u00e9mergence des partis mouvements (2008-2021)","datePublished":"2022-11-29T09:53:15+00:00","dateModified":"2025-01-28T13:34:14+00:00","mainEntityOfPage":{"@id":"https:\/\/telemme.mmsh.fr\/?p=12127"},"wordCount":170,"publisher":{"@id":"https:\/\/telemme.mmsh.fr\/#organization"},"articleSection":["Soutenances de th\u00e8se"],"inLanguage":"fr-FR"},{"@type":"WebPage","@id":"https:\/\/telemme.mmsh.fr\/?p=12127","url":"https:\/\/telemme.mmsh.fr\/?p=12127","name":"[Th\u00e8se] Crise et mutation de l\u2019offre politique en France et en Espagne : l\u2019\u00e9mergence des partis mouvements (2008-2021) - TELEMMe - Temps, espaces, langages, Europe m\u00e9ridionale, M\u00e9diterran\u00e9e","isPartOf":{"@id":"https:\/\/telemme.mmsh.fr\/#website"},"datePublished":"2022-11-29T09:53:15+00:00","dateModified":"2025-01-28T13:34:14+00:00","breadcrumb":{"@id":"https:\/\/telemme.mmsh.fr\/?p=12127#breadcrumb"},"inLanguage":"fr-FR","potentialAction":[{"@type":"ReadAction","target":["https:\/\/telemme.mmsh.fr\/?p=12127"]}]},{"@type":"BreadcrumbList","@id":"https:\/\/telemme.mmsh.fr\/?p=12127#breadcrumb","itemListElement":[{"@type":"ListItem","position":1,"name":"Accueil","item":"https:\/\/telemme.mmsh.fr\/"},{"@type":"ListItem","position":2,"name":"Actualit\u00e9s","item":"https:\/\/telemme.mmsh.fr\/?cat=1995"},{"@type":"ListItem","position":3,"name":"Soutenances de th\u00e8se","item":"https:\/\/telemme.mmsh.fr\/?cat=1999"},{"@type":"ListItem","position":4,"name":"[Th\u00e8se] Crise et mutation de l\u2019offre politique en France et en Espagne : l\u2019\u00e9mergence des partis mouvements (2008-2021)"}]},{"@type":"WebSite","@id":"https:\/\/telemme.mmsh.fr\/#website","url":"https:\/\/telemme.mmsh.fr\/","name":"TELEMMe - Temps, espaces, langages, Europe m\u00e9ridionale, M\u00e9diterran\u00e9e","description":"","publisher":{"@id":"https:\/\/telemme.mmsh.fr\/#organization"},"potentialAction":[{"@type":"SearchAction","target":{"@type":"EntryPoint","urlTemplate":"https:\/\/telemme.mmsh.fr\/?s={search_term_string}"},"query-input":{"@type":"PropertyValueSpecification","valueRequired":true,"valueName":"search_term_string"}}],"inLanguage":"fr-FR"},{"@type":"Organization","@id":"https:\/\/telemme.mmsh.fr\/#organization","name":"TELEMMe","url":"https:\/\/telemme.mmsh.fr\/","logo":{"@type":"ImageObject","inLanguage":"fr-FR","@id":"https:\/\/telemme.mmsh.fr\/#\/schema\/logo\/image\/","url":"https:\/\/telemme.mmsh.fr\/wp-content\/uploads\/2020\/03\/LogoTELEMMe-horizontal-fond-transparent.png","contentUrl":"https:\/\/telemme.mmsh.fr\/wp-content\/uploads\/2020\/03\/LogoTELEMMe-horizontal-fond-transparent.png","width":1500,"height":437,"caption":"TELEMMe"},"image":{"@id":"https:\/\/telemme.mmsh.fr\/#\/schema\/logo\/image\/"}},{"@type":"Person","@id":"https:\/\/telemme.mmsh.fr\/#\/schema\/person\/c433e5fd025c00718f715ba73f040691","name":"Maja Mellet","url":"https:\/\/telemme.mmsh.fr\/?author=175"}]}},"_links":{"self":[{"href":"https:\/\/telemme.mmsh.fr\/index.php?rest_route=\/wp\/v2\/posts\/12127","targetHints":{"allow":["GET"]}}],"collection":[{"href":"https:\/\/telemme.mmsh.fr\/index.php?rest_route=\/wp\/v2\/posts"}],"about":[{"href":"https:\/\/telemme.mmsh.fr\/index.php?rest_route=\/wp\/v2\/types\/post"}],"author":[{"embeddable":true,"href":"https:\/\/telemme.mmsh.fr\/index.php?rest_route=\/wp\/v2\/users\/175"}],"replies":[{"embeddable":true,"href":"https:\/\/telemme.mmsh.fr\/index.php?rest_route=%2Fwp%2Fv2%2Fcomments&post=12127"}],"version-history":[{"count":1,"href":"https:\/\/telemme.mmsh.fr\/index.php?rest_route=\/wp\/v2\/posts\/12127\/revisions"}],"predecessor-version":[{"id":12129,"href":"https:\/\/telemme.mmsh.fr\/index.php?rest_route=\/wp\/v2\/posts\/12127\/revisions\/12129"}],"wp:attachment":[{"href":"https:\/\/telemme.mmsh.fr\/index.php?rest_route=%2Fwp%2Fv2%2Fmedia&parent=12127"}],"wp:term":[{"taxonomy":"category","embeddable":true,"href":"https:\/\/telemme.mmsh.fr\/index.php?rest_route=%2Fwp%2Fv2%2Fcategories&post=12127"},{"taxonomy":"post_tag","embeddable":true,"href":"https:\/\/telemme.mmsh.fr\/index.php?rest_route=%2Fwp%2Fv2%2Ftags&post=12127"}],"curies":[{"name":"wp","href":"https:\/\/api.w.org\/{rel}","templated":true}]}}