{"id":12088,"date":"2020-09-14T10:57:00","date_gmt":"2020-09-14T08:57:00","guid":{"rendered":"https:\/\/telemme.mmsh.fr\/?p=12088"},"modified":"2022-11-18T16:58:12","modified_gmt":"2022-11-18T15:58:12","slug":"histoires-de-sports","status":"publish","type":"post","link":"https:\/\/telemme.mmsh.fr\/?p=12088","title":{"rendered":"Histoires de sports"},"content":{"rendered":"\n<blockquote class=\"wp-block-quote is-layout-flow wp-block-quote-is-layout-flow\">\n<p>\u00c0 L\u2019OCCASION DE MARSEILLE-PROVENCE 2017, CAPITALE EUROP\u00c9ENNE DU SPORT, LE D\u00c9PARTEMENT VOUS INVITE \u00c0 UNE EXPOSITION SUR L\u2019HISTOIRE DU SPORT DANS LES BOUCHES-DU-RH\u00d4NE ET \u00c0 D\u00c9COUVRIR UN ESPACE DE JEUX VID\u00c9O D\u00c9DI\u00c9 AU SPORT.<\/p>\n<\/blockquote>\n\n\n\n<p><strong>Une exposition dans le cadre de Marseille-Provence 2017 capitale europ\u00e9enne du sport<\/strong><\/p>\n\n\n\n<p>L&rsquo;exposition pr\u00e9sente pr\u00e8s de 180 objets, troph\u00e9es et documents ainsi que des reportages audiovisuels dans une sc\u00e9nographie dynamique, num\u00e9rique et interactive. Chaque visiteur, petit ou grand, plongera dans l&rsquo;exp\u00e9rience sportive au travers\u00a0des \u00e9motions\u00a0qu&rsquo;elle suscite,\u00a0de ses vertus sociales et humaines et de son ancrage\u00a0dans le territoire local.\u00a0\u00c0 cette occasion sera notamment pr\u00e9sent\u00e9, en avant-premi\u00e8re, Le \u00ab\u00a0Mur des champions\u00a0\u00bb (r\u00e9al. \u00c9ric Carroll, TELEMM<em>e, CNRS).<\/em><\/p>\n\n\n\n<p>Une exposition propos\u00e9e par : le Conseil d\u00e9partemental, en partenariat avec Archives municipales de Marseille &#8211; TELEMMe (AMU \/ CNRS) &#8211; Ina\u00a0 &#8211;\u00a0 Mus\u00e9e national du sport &#8211; La Provence.<\/p>\n\n\n\n<p><strong>Commissariat scientifique de l&rsquo;exposition<\/strong> :\u00a0St\u00e9phane Mourlane, ma\u00eetre de conf\u00e9rence \u00e0 Aix-Marseille Universit\u00e9, membre du laboratoire TELEMMe (AMU \/ CNRS)<\/p>\n\n\n\n<h3 class=\"wp-block-heading\">Programmation<\/h3>\n\n\n\n<p><strong>Tournoi Fifa 17<\/strong><br>Samedi 25 f\u00e9vrier de 9h \u00e0 17h<br>en pr\u00e9sence de Kevin Radium, champion de France FIFA.<br><\/p>\n\n\n\n<p><strong>Les femmes et le sport en Provence<\/strong><br>Mercredi 8 mars \u00e0 18h30<br>Dans le cadre de la journ\u00e9e internationale des droits des femmes, avec H\u00e9l\u00e8ne \u00c9chinard, historienne.<br><\/p>\n\n\n\n<p><strong>Le SMUC, histoire d\u2019un club universitaire<\/strong><br>Mercredi 22 mars \u00e0 18h30<br>Conf\u00e9rence avec Marianne Barth\u00e9l\u00e9my, historienne, et Lucien Angelli, doyen du club.<br><\/p>\n\n\n\n<p><strong>L\u2019OM, plus qu\u2019un club !<\/strong><br>Lundi 27 mars \u00e0 18h30<br>D\u00e9bat avec Basile Boli et Christian Bromberger, dans le cadre des rencontres sur le patrimoine sportif et la m\u00e9moire du sport (27-28 mars).<br><br><strong>Courir, plus qu\u2019un sport ?<\/strong><br>Samedi 8 avril de 14h30 \u00e0 17h<br>Projection du film \u201cFree to run\u201d, r\u00e9alis\u00e9 par Pierre Morath, 2016.<br>D\u00e9bat sur la course \u00e0 pied, cette foul\u00e9e douce.<br><\/p>\n\n\n\n<p><strong>Tournoi Forza Motorsport<\/strong><br>Samedi 8 avril de 9h \u00e0 17h<br>en pr\u00e9sence d\u2019une guest star racing.<br><\/p>\n\n\n\n<p><strong>Les valeurs du sport<\/strong><br>Mercredi 12 avril \u00e0 18h30<br>Conf\u00e9rence-d\u00e9bat en partenariat avec <em>La Provence<\/em>.<\/p>\n\n\n\n<h3 class=\"wp-block-heading\">Tout au long de l&rsquo;exposition<\/h3>\n\n\n\n<p>Dans le hall, un espace num\u00e9rique, le \u201cCube\u201d, permet de d\u00e9couvrir l\u2019immense collection photographique de l\u2019association des excursionnistes marseillais, conserv\u00e9e aux archives municipales de Marseille. Ces anciennes vues st\u00e9r\u00e9oscopiques donnent une image en 3D des multiples sorties des \u201cexcurs\u201d depuis plus de 100 ans.<br>Un mini site internet \u201cPlus forts !\u201d, d\u00e9velopp\u00e9 en partenariat avec l\u2019INA, donne \u00e0 d\u00e9couvrir pr\u00e8s de 70 courts reportages sur le th\u00e8me du sport, issus des archives sonores et audiovisuelles de l\u2019INA : de la plong\u00e9e de Jacques Mayol, \u00e0 la course \u00e0 la nage dans le Vieux-Port, en passant par la f\u00eate de la gymnastique sur la Canebi\u00e8re ou la course Marseille-Cassis.<br>D\u00e9couvrez aussi les objets phares de l\u2019exposition : l\u2019\u00e9tonnante sculpture de Zinedine Zidane en joueur de baby-foot g\u00e9ant, la m\u00e9daille d\u2019or du handballeur \u00c9ric Quintin en 1995, le ballon de la finale de la Coupe de France de football Rennes-OM de 1935, le maillot de Basile Boli ou encore la maquette originale du stade V\u00e9lodrome\u2026 Et le \u201cmur des champions\u201d, un mur dynamique qui d\u00e9voile le portrait d\u2019une centaine de champions du d\u00e9partement (en partenariat avec TELEMMe).<br>Visites comment\u00e9es tous les samedis \u00e0 15h et les autres jours sur rendez-vous pour les groupes constitu\u00e9s.<br>Informations au 04 13 31 82 00<\/p>\n\n\n\n<h3 class=\"wp-block-heading\">Informations pratiques<\/h3>\n\n\n\n<p>Du 3 f\u00e9vrier au 29 avril 2017<\/p>\n\n\n\n<p>\u00c0 l&rsquo;occasion de Marseille-Provence 2017, Capitale europ\u00e9enne du sport,<\/p>\n\n\n\n<p>Archives et Biblioth\u00e8que d\u00e9partementales<\/p>\n\n\n\n<p>18 rue Mir\u00e8s &#8211; 13003 Marseille &#8211; 10h \/ 18h<\/p>\n\n\n\n<p>Entr\u00e9e gratuite<\/p>\n","protected":false},"excerpt":{"rendered":"<p>\u00c0 l\u2019occasion de Marseille-Provence 2017, capitale europ\u00e9enne du sport, le d\u00e9partement vous invite \u00e0 une exposition sur l\u2019histoire du sport dans les Bouches-du-Rh\u00f4ne et \u00e0 d\u00e9couvrir un espace de jeux vid\u00e9o d\u00e9di\u00e9 au sport.<\/p>\n","protected":false},"author":6,"featured_media":12089,"comment_status":"closed","ping_status":"closed","sticky":false,"template":"","format":"standard","meta":{"neve_meta_sidebar":"","neve_meta_container":"","neve_meta_enable_content_width":"off","neve_meta_content_width":70,"neve_meta_title_alignment":"","neve_meta_author_avatar":"","neve_post_elements_order":"","neve_meta_disable_header":"","neve_meta_disable_footer":"","neve_meta_disable_title":"","_tribe_events_control_status":"","_tribe_events_control_status_canceled_reason":"","_tribe_events_control_status_postponed_reason":"","_tribe_events_control_online":"","_tribe_events_control_online_url":"","footnotes":""},"categories":[1730],"tags":[2586],"class_list":["post-12088","post","type-post","status-publish","format-standard","has-post-thumbnail","hentry","category-expositions","tag-sports"],"yoast_head":"<!-- This site is optimized with the Yoast SEO plugin v27.4 - https:\/\/yoast.com\/product\/yoast-seo-wordpress\/ -->\n<title>Histoires de sports - TELEMMe - Temps, espaces, langages, Europe m\u00e9ridionale, M\u00e9diterran\u00e9e<\/title>\n<meta name=\"description\" content=\"\u00c0 l\u2019occasion de Marseille-Provence 2017, capitale europ\u00e9enne du sport, le d\u00e9partement vous invite \u00e0 une exposition sur l\u2019histoire du sport dans les Bouches-du-Rh\u00f4ne et \u00e0 d\u00e9couvrir un espace de jeux vid\u00e9o d\u00e9di\u00e9 au sport.\" \/>\n<meta name=\"robots\" content=\"index, follow, max-snippet:-1, max-image-preview:large, max-video-preview:-1\" \/>\n<link rel=\"canonical\" href=\"https:\/\/telemme.mmsh.fr\/?p=12088\" \/>\n<meta property=\"og:locale\" content=\"fr_FR\" \/>\n<meta property=\"og:type\" content=\"article\" \/>\n<meta property=\"og:title\" content=\"Histoires de sports - TELEMMe - Temps, espaces, langages, Europe m\u00e9ridionale, M\u00e9diterran\u00e9e\" \/>\n<meta property=\"og:description\" content=\"\u00c0 l\u2019occasion de Marseille-Provence 2017, capitale europ\u00e9enne du sport, le d\u00e9partement vous invite \u00e0 une exposition sur l\u2019histoire du sport dans les Bouches-du-Rh\u00f4ne et \u00e0 d\u00e9couvrir un espace de jeux vid\u00e9o d\u00e9di\u00e9 au sport.\" \/>\n<meta property=\"og:url\" content=\"https:\/\/telemme.mmsh.fr\/?p=12088\" \/>\n<meta property=\"og:site_name\" content=\"TELEMMe - Temps, espaces, langages, Europe m\u00e9ridionale, M\u00e9diterran\u00e9e\" \/>\n<meta property=\"article:published_time\" content=\"2020-09-14T08:57:00+00:00\" \/>\n<meta property=\"article:modified_time\" content=\"2022-11-18T15:58:12+00:00\" \/>\n<meta property=\"og:image\" content=\"https:\/\/telemme.mmsh.fr\/wp-content\/uploads\/2022\/11\/affiche-expo-sport-.png\" \/>\n\t<meta property=\"og:image:width\" content=\"709\" \/>\n\t<meta property=\"og:image:height\" content=\"1002\" \/>\n\t<meta property=\"og:image:type\" content=\"image\/png\" \/>\n<meta name=\"author\" content=\"Delphine Cavallo\" \/>\n<meta name=\"twitter:card\" content=\"summary_large_image\" \/>\n<meta name=\"twitter:label1\" content=\"\u00c9crit par\" \/>\n\t<meta name=\"twitter:data1\" content=\"Delphine Cavallo\" \/>\n\t<meta name=\"twitter:label2\" content=\"Dur\u00e9e de lecture estim\u00e9e\" \/>\n\t<meta name=\"twitter:data2\" content=\"3 minutes\" \/>\n<script type=\"application\/ld+json\" class=\"yoast-schema-graph\">{\"@context\":\"https:\\\/\\\/schema.org\",\"@graph\":[{\"@type\":\"Article\",\"@id\":\"https:\\\/\\\/telemme.mmsh.fr\\\/?p=12088#article\",\"isPartOf\":{\"@id\":\"https:\\\/\\\/telemme.mmsh.fr\\\/?p=12088\"},\"author\":{\"name\":\"Delphine Cavallo\",\"@id\":\"https:\\\/\\\/telemme.mmsh.fr\\\/#\\\/schema\\\/person\\\/86a185da4836381586528ced48e263f5\"},\"headline\":\"Histoires de sports\",\"datePublished\":\"2020-09-14T08:57:00+00:00\",\"dateModified\":\"2022-11-18T15:58:12+00:00\",\"mainEntityOfPage\":{\"@id\":\"https:\\\/\\\/telemme.mmsh.fr\\\/?p=12088\"},\"wordCount\":606,\"publisher\":{\"@id\":\"https:\\\/\\\/telemme.mmsh.fr\\\/#organization\"},\"image\":{\"@id\":\"https:\\\/\\\/telemme.mmsh.fr\\\/?p=12088#primaryimage\"},\"thumbnailUrl\":\"https:\\\/\\\/telemme.mmsh.fr\\\/wp-content\\\/uploads\\\/2022\\\/11\\\/affiche-expo-sport-.png\",\"keywords\":[\"sports\"],\"articleSection\":[\"Expositions\"],\"inLanguage\":\"fr-FR\"},{\"@type\":\"WebPage\",\"@id\":\"https:\\\/\\\/telemme.mmsh.fr\\\/?p=12088\",\"url\":\"https:\\\/\\\/telemme.mmsh.fr\\\/?p=12088\",\"name\":\"Histoires de sports - TELEMMe - Temps, espaces, langages, Europe m\u00e9ridionale, M\u00e9diterran\u00e9e\",\"isPartOf\":{\"@id\":\"https:\\\/\\\/telemme.mmsh.fr\\\/#website\"},\"primaryImageOfPage\":{\"@id\":\"https:\\\/\\\/telemme.mmsh.fr\\\/?p=12088#primaryimage\"},\"image\":{\"@id\":\"https:\\\/\\\/telemme.mmsh.fr\\\/?p=12088#primaryimage\"},\"thumbnailUrl\":\"https:\\\/\\\/telemme.mmsh.fr\\\/wp-content\\\/uploads\\\/2022\\\/11\\\/affiche-expo-sport-.png\",\"datePublished\":\"2020-09-14T08:57:00+00:00\",\"dateModified\":\"2022-11-18T15:58:12+00:00\",\"description\":\"\u00c0 l\u2019occasion de Marseille-Provence 2017, capitale europ\u00e9enne du sport, le d\u00e9partement vous invite \u00e0 une exposition sur l\u2019histoire du sport dans les Bouches-du-Rh\u00f4ne et \u00e0 d\u00e9couvrir un espace de jeux vid\u00e9o d\u00e9di\u00e9 au sport.\",\"breadcrumb\":{\"@id\":\"https:\\\/\\\/telemme.mmsh.fr\\\/?p=12088#breadcrumb\"},\"inLanguage\":\"fr-FR\",\"potentialAction\":[{\"@type\":\"ReadAction\",\"target\":[\"https:\\\/\\\/telemme.mmsh.fr\\\/?p=12088\"]}]},{\"@type\":\"ImageObject\",\"inLanguage\":\"fr-FR\",\"@id\":\"https:\\\/\\\/telemme.mmsh.fr\\\/?p=12088#primaryimage\",\"url\":\"https:\\\/\\\/telemme.mmsh.fr\\\/wp-content\\\/uploads\\\/2022\\\/11\\\/affiche-expo-sport-.png\",\"contentUrl\":\"https:\\\/\\\/telemme.mmsh.fr\\\/wp-content\\\/uploads\\\/2022\\\/11\\\/affiche-expo-sport-.png\",\"width\":709,\"height\":1002,\"caption\":\"Affiche de l'exposition Histoires de sports, Archives d\u00e9partementales des Bouches-du-Rh\u00f4ne\"},{\"@type\":\"BreadcrumbList\",\"@id\":\"https:\\\/\\\/telemme.mmsh.fr\\\/?p=12088#breadcrumb\",\"itemListElement\":[{\"@type\":\"ListItem\",\"position\":1,\"name\":\"Accueil\",\"item\":\"https:\\\/\\\/telemme.mmsh.fr\\\/\"},{\"@type\":\"ListItem\",\"position\":2,\"name\":\"M\u00e9diation et diffusion\",\"item\":\"https:\\\/\\\/telemme.mmsh.fr\\\/?cat=1736\"},{\"@type\":\"ListItem\",\"position\":3,\"name\":\"Expositions\",\"item\":\"https:\\\/\\\/telemme.mmsh.fr\\\/?cat=1730\"},{\"@type\":\"ListItem\",\"position\":4,\"name\":\"Histoires de sports\"}]},{\"@type\":\"WebSite\",\"@id\":\"https:\\\/\\\/telemme.mmsh.fr\\\/#website\",\"url\":\"https:\\\/\\\/telemme.mmsh.fr\\\/\",\"name\":\"TELEMMe - Temps, espaces, langages, Europe m\u00e9ridionale, M\u00e9diterran\u00e9e\",\"description\":\"\",\"publisher\":{\"@id\":\"https:\\\/\\\/telemme.mmsh.fr\\\/#organization\"},\"potentialAction\":[{\"@type\":\"SearchAction\",\"target\":{\"@type\":\"EntryPoint\",\"urlTemplate\":\"https:\\\/\\\/telemme.mmsh.fr\\\/?s={search_term_string}\"},\"query-input\":{\"@type\":\"PropertyValueSpecification\",\"valueRequired\":true,\"valueName\":\"search_term_string\"}}],\"inLanguage\":\"fr-FR\"},{\"@type\":\"Organization\",\"@id\":\"https:\\\/\\\/telemme.mmsh.fr\\\/#organization\",\"name\":\"TELEMMe\",\"url\":\"https:\\\/\\\/telemme.mmsh.fr\\\/\",\"logo\":{\"@type\":\"ImageObject\",\"inLanguage\":\"fr-FR\",\"@id\":\"https:\\\/\\\/telemme.mmsh.fr\\\/#\\\/schema\\\/logo\\\/image\\\/\",\"url\":\"https:\\\/\\\/telemme.mmsh.fr\\\/wp-content\\\/uploads\\\/2020\\\/03\\\/LogoTELEMMe-horizontal-fond-transparent.png\",\"contentUrl\":\"https:\\\/\\\/telemme.mmsh.fr\\\/wp-content\\\/uploads\\\/2020\\\/03\\\/LogoTELEMMe-horizontal-fond-transparent.png\",\"width\":1500,\"height\":437,\"caption\":\"TELEMMe\"},\"image\":{\"@id\":\"https:\\\/\\\/telemme.mmsh.fr\\\/#\\\/schema\\\/logo\\\/image\\\/\"}},{\"@type\":\"Person\",\"@id\":\"https:\\\/\\\/telemme.mmsh.fr\\\/#\\\/schema\\\/person\\\/86a185da4836381586528ced48e263f5\",\"name\":\"Delphine Cavallo\",\"url\":\"https:\\\/\\\/telemme.mmsh.fr\\\/?author=6\"}]}<\/script>\n<!-- \/ Yoast SEO plugin. -->","yoast_head_json":{"title":"Histoires de sports - TELEMMe - Temps, espaces, langages, Europe m\u00e9ridionale, M\u00e9diterran\u00e9e","description":"\u00c0 l\u2019occasion de Marseille-Provence 2017, capitale europ\u00e9enne du sport, le d\u00e9partement vous invite \u00e0 une exposition sur l\u2019histoire du sport dans les Bouches-du-Rh\u00f4ne et \u00e0 d\u00e9couvrir un espace de jeux vid\u00e9o d\u00e9di\u00e9 au sport.","robots":{"index":"index","follow":"follow","max-snippet":"max-snippet:-1","max-image-preview":"max-image-preview:large","max-video-preview":"max-video-preview:-1"},"canonical":"https:\/\/telemme.mmsh.fr\/?p=12088","og_locale":"fr_FR","og_type":"article","og_title":"Histoires de sports - TELEMMe - Temps, espaces, langages, Europe m\u00e9ridionale, M\u00e9diterran\u00e9e","og_description":"\u00c0 l\u2019occasion de Marseille-Provence 2017, capitale europ\u00e9enne du sport, le d\u00e9partement vous invite \u00e0 une exposition sur l\u2019histoire du sport dans les Bouches-du-Rh\u00f4ne et \u00e0 d\u00e9couvrir un espace de jeux vid\u00e9o d\u00e9di\u00e9 au sport.","og_url":"https:\/\/telemme.mmsh.fr\/?p=12088","og_site_name":"TELEMMe - Temps, espaces, langages, Europe m\u00e9ridionale, M\u00e9diterran\u00e9e","article_published_time":"2020-09-14T08:57:00+00:00","article_modified_time":"2022-11-18T15:58:12+00:00","og_image":[{"width":709,"height":1002,"url":"https:\/\/telemme.mmsh.fr\/wp-content\/uploads\/2022\/11\/affiche-expo-sport-.png","type":"image\/png"}],"author":"Delphine Cavallo","twitter_card":"summary_large_image","twitter_misc":{"\u00c9crit par":"Delphine Cavallo","Dur\u00e9e de lecture estim\u00e9e":"3 minutes"},"schema":{"@context":"https:\/\/schema.org","@graph":[{"@type":"Article","@id":"https:\/\/telemme.mmsh.fr\/?p=12088#article","isPartOf":{"@id":"https:\/\/telemme.mmsh.fr\/?p=12088"},"author":{"name":"Delphine Cavallo","@id":"https:\/\/telemme.mmsh.fr\/#\/schema\/person\/86a185da4836381586528ced48e263f5"},"headline":"Histoires de sports","datePublished":"2020-09-14T08:57:00+00:00","dateModified":"2022-11-18T15:58:12+00:00","mainEntityOfPage":{"@id":"https:\/\/telemme.mmsh.fr\/?p=12088"},"wordCount":606,"publisher":{"@id":"https:\/\/telemme.mmsh.fr\/#organization"},"image":{"@id":"https:\/\/telemme.mmsh.fr\/?p=12088#primaryimage"},"thumbnailUrl":"https:\/\/telemme.mmsh.fr\/wp-content\/uploads\/2022\/11\/affiche-expo-sport-.png","keywords":["sports"],"articleSection":["Expositions"],"inLanguage":"fr-FR"},{"@type":"WebPage","@id":"https:\/\/telemme.mmsh.fr\/?p=12088","url":"https:\/\/telemme.mmsh.fr\/?p=12088","name":"Histoires de sports - TELEMMe - Temps, espaces, langages, Europe m\u00e9ridionale, M\u00e9diterran\u00e9e","isPartOf":{"@id":"https:\/\/telemme.mmsh.fr\/#website"},"primaryImageOfPage":{"@id":"https:\/\/telemme.mmsh.fr\/?p=12088#primaryimage"},"image":{"@id":"https:\/\/telemme.mmsh.fr\/?p=12088#primaryimage"},"thumbnailUrl":"https:\/\/telemme.mmsh.fr\/wp-content\/uploads\/2022\/11\/affiche-expo-sport-.png","datePublished":"2020-09-14T08:57:00+00:00","dateModified":"2022-11-18T15:58:12+00:00","description":"\u00c0 l\u2019occasion de Marseille-Provence 2017, capitale europ\u00e9enne du sport, le d\u00e9partement vous invite \u00e0 une exposition sur l\u2019histoire du sport dans les Bouches-du-Rh\u00f4ne et \u00e0 d\u00e9couvrir un espace de jeux vid\u00e9o d\u00e9di\u00e9 au sport.","breadcrumb":{"@id":"https:\/\/telemme.mmsh.fr\/?p=12088#breadcrumb"},"inLanguage":"fr-FR","potentialAction":[{"@type":"ReadAction","target":["https:\/\/telemme.mmsh.fr\/?p=12088"]}]},{"@type":"ImageObject","inLanguage":"fr-FR","@id":"https:\/\/telemme.mmsh.fr\/?p=12088#primaryimage","url":"https:\/\/telemme.mmsh.fr\/wp-content\/uploads\/2022\/11\/affiche-expo-sport-.png","contentUrl":"https:\/\/telemme.mmsh.fr\/wp-content\/uploads\/2022\/11\/affiche-expo-sport-.png","width":709,"height":1002,"caption":"Affiche de l'exposition Histoires de sports, Archives d\u00e9partementales des Bouches-du-Rh\u00f4ne"},{"@type":"BreadcrumbList","@id":"https:\/\/telemme.mmsh.fr\/?p=12088#breadcrumb","itemListElement":[{"@type":"ListItem","position":1,"name":"Accueil","item":"https:\/\/telemme.mmsh.fr\/"},{"@type":"ListItem","position":2,"name":"M\u00e9diation et diffusion","item":"https:\/\/telemme.mmsh.fr\/?cat=1736"},{"@type":"ListItem","position":3,"name":"Expositions","item":"https:\/\/telemme.mmsh.fr\/?cat=1730"},{"@type":"ListItem","position":4,"name":"Histoires de sports"}]},{"@type":"WebSite","@id":"https:\/\/telemme.mmsh.fr\/#website","url":"https:\/\/telemme.mmsh.fr\/","name":"TELEMMe - Temps, espaces, langages, Europe m\u00e9ridionale, M\u00e9diterran\u00e9e","description":"","publisher":{"@id":"https:\/\/telemme.mmsh.fr\/#organization"},"potentialAction":[{"@type":"SearchAction","target":{"@type":"EntryPoint","urlTemplate":"https:\/\/telemme.mmsh.fr\/?s={search_term_string}"},"query-input":{"@type":"PropertyValueSpecification","valueRequired":true,"valueName":"search_term_string"}}],"inLanguage":"fr-FR"},{"@type":"Organization","@id":"https:\/\/telemme.mmsh.fr\/#organization","name":"TELEMMe","url":"https:\/\/telemme.mmsh.fr\/","logo":{"@type":"ImageObject","inLanguage":"fr-FR","@id":"https:\/\/telemme.mmsh.fr\/#\/schema\/logo\/image\/","url":"https:\/\/telemme.mmsh.fr\/wp-content\/uploads\/2020\/03\/LogoTELEMMe-horizontal-fond-transparent.png","contentUrl":"https:\/\/telemme.mmsh.fr\/wp-content\/uploads\/2020\/03\/LogoTELEMMe-horizontal-fond-transparent.png","width":1500,"height":437,"caption":"TELEMMe"},"image":{"@id":"https:\/\/telemme.mmsh.fr\/#\/schema\/logo\/image\/"}},{"@type":"Person","@id":"https:\/\/telemme.mmsh.fr\/#\/schema\/person\/86a185da4836381586528ced48e263f5","name":"Delphine Cavallo","url":"https:\/\/telemme.mmsh.fr\/?author=6"}]}},"_links":{"self":[{"href":"https:\/\/telemme.mmsh.fr\/index.php?rest_route=\/wp\/v2\/posts\/12088","targetHints":{"allow":["GET"]}}],"collection":[{"href":"https:\/\/telemme.mmsh.fr\/index.php?rest_route=\/wp\/v2\/posts"}],"about":[{"href":"https:\/\/telemme.mmsh.fr\/index.php?rest_route=\/wp\/v2\/types\/post"}],"author":[{"embeddable":true,"href":"https:\/\/telemme.mmsh.fr\/index.php?rest_route=\/wp\/v2\/users\/6"}],"replies":[{"embeddable":true,"href":"https:\/\/telemme.mmsh.fr\/index.php?rest_route=%2Fwp%2Fv2%2Fcomments&post=12088"}],"version-history":[{"count":5,"href":"https:\/\/telemme.mmsh.fr\/index.php?rest_route=\/wp\/v2\/posts\/12088\/revisions"}],"predecessor-version":[{"id":12094,"href":"https:\/\/telemme.mmsh.fr\/index.php?rest_route=\/wp\/v2\/posts\/12088\/revisions\/12094"}],"wp:featuredmedia":[{"embeddable":true,"href":"https:\/\/telemme.mmsh.fr\/index.php?rest_route=\/wp\/v2\/media\/12089"}],"wp:attachment":[{"href":"https:\/\/telemme.mmsh.fr\/index.php?rest_route=%2Fwp%2Fv2%2Fmedia&parent=12088"}],"wp:term":[{"taxonomy":"category","embeddable":true,"href":"https:\/\/telemme.mmsh.fr\/index.php?rest_route=%2Fwp%2Fv2%2Fcategories&post=12088"},{"taxonomy":"post_tag","embeddable":true,"href":"https:\/\/telemme.mmsh.fr\/index.php?rest_route=%2Fwp%2Fv2%2Ftags&post=12088"}],"curies":[{"name":"wp","href":"https:\/\/api.w.org\/{rel}","templated":true}]}}