{"id":12080,"date":"2020-09-14T15:29:00","date_gmt":"2020-09-14T13:29:00","guid":{"rendered":"https:\/\/telemme.mmsh.fr\/?p=12080"},"modified":"2022-11-18T16:29:58","modified_gmt":"2022-11-18T15:29:58","slug":"ciao-italia-un-siecle-dimmigration-et-de-culture-italiennes-en-france-1860-1960","status":"publish","type":"post","link":"https:\/\/telemme.mmsh.fr\/?p=12080","title":{"rendered":"Ciao Italia !  Un si\u00e8cle d\u2019immigration et de culture italiennes en France (1860-1960)"},"content":{"rendered":"\n<blockquote class=\"wp-block-quote is-layout-flow wp-block-quote-is-layout-flow\">\n<p>Avec\u00a0<em><a href=\"https:\/\/www.histoire-immigration.fr\/programmation\/expositions\/ciao-italia\">Ciao Italia !<\/a><\/em>, le Mus\u00e9e national de l\u2019histoire de l\u2019immigration rend compte, pour la premi\u00e8re fois,\u00a0de l\u2019histoire de l\u2019immigration italienne en France, qui reste la plus importante de l\u2019histoire fran\u00e7aise.<\/p>\n<\/blockquote>\n\n\n\n<p>D\u00e8s la seconde moiti\u00e9 du XIXe si\u00e8cle et jusque dans les ann\u00e9es 1960, les Italiens furent les \u00e9trangers les plus nombreux dans l\u2019Hexagone. Aujourd\u2019hui c\u00e9l\u00e9br\u00e9e, leur int\u00e9gration ne se fit pourtant pas sans heurts.&nbsp;<\/p>\n\n\n\n<p>Entre pr\u00e9jug\u00e9s d\u00e9valorisants et regards bienveillants,&nbsp;violences et passions, rejet et int\u00e9gration, l\u2019expositiontraduit les contradictions sp\u00e9cifiques de l\u2019histoire de cette immigration tout en mettant en lumi\u00e8re l\u2019apport des Italiens \u00e0 la soci\u00e9t\u00e9 et \u00e0 la culture fran\u00e7aises. Jouant des clich\u00e9s et pr\u00e9jug\u00e9s de l\u2019\u00e9poque et rappelant la x\u00e9nophobie dont ils \u00e9taient victimes, l\u2019exposition s\u2019attache \u00e0 retracer le parcours g\u00e9ographique, socio-\u00e9conomique et culturel des immigr\u00e9s italiens en France.<br>Abordant tout \u00e0 la fois la religion, la presse, l\u2019\u00e9ducation, les arts, la musique et le cin\u00e9ma, les jeux et le sport, ou encore la gastronomie, elle donne \u00e0 voir tous ces Italiens, ouvriers, mineurs, ma\u00e7ons, agriculteurs, artisans, commer\u00e7ants,&nbsp;entrepreneurs qui ont fait la France tout en rendant hommage aux plus connus d\u2019entre-eux \u00e0 l\u2019instar d\u2019Yves Montand, de Serge Reggiani, de Lino Ventura ou encore des familles Bugatti et Ponticelli.<\/p>\n\n\n\n<p>Dans un dialogue original et f\u00e9cond entre documents d\u2019archives et \u0153uvres artistiques, ce sont pr\u00e8s de 400 pi\u00e8ces qui sont pr\u00e9sent\u00e9es au travers d\u2019un parcours o\u00f9 figurent les artistes Giovanni Boldini, Giuseppe de Nittis, Gino Severini, Renato Paresce, Filippo De Pisis, Massimo Campigli, Mario Tozzi, Alberto Magnelli, Leonardo Cremonini.<\/p>\n\n\n\n<h3 class=\"wp-block-heading\">Commissariat :<\/h3>\n\n\n\n<ul class=\"wp-block-list\">\n<li><strong>Dominique Pa\u00efni, <\/strong><em>commissaire d\u2019expositions ind\u00e9pendant<\/em><\/li>\n\n\n\n<li><strong>St\u00e9phane Mourlane, <\/strong><em>ma\u00eetre de conf\u00e9rences en histoire contemporaine \u00e0 l\u2019Universit\u00e9 d\u2019Aix-Marseille<\/em>,<em> TELEMMe<\/em><\/li>\n\n\n\n<li><strong>Isabelle Renard, <\/strong><em>responsable de la collection d\u2019art contemporain au Mus\u00e9e national de l\u2019histoire de l\u2019immigration<\/em><\/li>\n<\/ul>\n\n\n\n<h4 class=\"wp-block-heading\">Informations pratiques<\/h4>\n\n\n\n<p>Du 28 mars au 10 septembre 2017<\/p>\n\n\n\n<p>Palais de la Porte Dor\u00e9e<br>293 avenue Daumesnil<br>75012 Paris<\/p>\n\n\n\n<p>Horaires d&rsquo;ouverture : du mardi au vendredi de 10h \u00e0 17h30. Samedi et dimanche de 10h \u00e0 19h.<\/p>\n\n\n\n<p>Tarif unique : 6 \u20ac.<br>Ce&nbsp;tarif&nbsp;inclut le droit d\u2019entr\u00e9e \u00e0 l\u2019exposition permanente et aux expositions temporaires du Mus\u00e9e.<br>L&rsquo;entr\u00e9e est gratuite pour les moins de 26 ans et pour tous le premier dimanche de chaque mois.<\/p>\n\n\n\n<p>R\u00e9servations pour les groupes : 01 53 59 64 30 &#8211;<a href=\"mailto: reservation@palais-portedoree.fr\"> reservation@palais-portedoree.fr<\/a><\/p>\n\n\n\n<h2 class=\"wp-block-heading\"><\/h2>\n","protected":false},"excerpt":{"rendered":"<p>Avec\u00a0Ciao Italia !, le Mus\u00e9e national de l\u2019histoire de l\u2019immigration rend compte, pour la premi\u00e8re fois,\u00a0de l\u2019histoire de l\u2019immigration italienne en France, qui reste la plus importante de l\u2019histoire fran\u00e7aise.<\/p>\n","protected":false},"author":6,"featured_media":12081,"comment_status":"closed","ping_status":"closed","sticky":false,"template":"","format":"standard","meta":{"neve_meta_sidebar":"","neve_meta_container":"","neve_meta_enable_content_width":"off","neve_meta_content_width":70,"neve_meta_title_alignment":"","neve_meta_author_avatar":"","neve_post_elements_order":"","neve_meta_disable_header":"","neve_meta_disable_footer":"","neve_meta_disable_title":"","_tribe_events_control_status":"","_tribe_events_control_status_canceled_reason":"","_tribe_events_control_status_postponed_reason":"","_tribe_events_control_online":"","_tribe_events_control_online_url":"","footnotes":""},"categories":[1730],"tags":[2584,1971],"class_list":["post-12080","post","type-post","status-publish","format-standard","has-post-thumbnail","hentry","category-expositions","tag-immigration","tag-italie"],"yoast_head":"<!-- This site is optimized with the Yoast SEO plugin v27.4 - https:\/\/yoast.com\/product\/yoast-seo-wordpress\/ -->\n<title>Ciao Italia ! Un si\u00e8cle d\u2019immigration et de culture italiennes en France (1860-1960) - TELEMMe - Temps, espaces, langages, Europe m\u00e9ridionale, M\u00e9diterran\u00e9e<\/title>\n<meta name=\"robots\" content=\"index, follow, max-snippet:-1, max-image-preview:large, max-video-preview:-1\" \/>\n<link rel=\"canonical\" href=\"https:\/\/telemme.mmsh.fr\/?p=12080\" \/>\n<meta property=\"og:locale\" content=\"fr_FR\" \/>\n<meta property=\"og:type\" content=\"article\" \/>\n<meta property=\"og:title\" content=\"Ciao Italia ! Un si\u00e8cle d\u2019immigration et de culture italiennes en France (1860-1960) - TELEMMe - Temps, espaces, langages, Europe m\u00e9ridionale, M\u00e9diterran\u00e9e\" \/>\n<meta property=\"og:description\" content=\"Avec\u00a0Ciao Italia !, le Mus\u00e9e national de l\u2019histoire de l\u2019immigration rend compte, pour la premi\u00e8re fois,\u00a0de l\u2019histoire de l\u2019immigration italienne en France, qui reste la plus importante de l\u2019histoire fran\u00e7aise.\" \/>\n<meta property=\"og:url\" content=\"https:\/\/telemme.mmsh.fr\/?p=12080\" \/>\n<meta property=\"og:site_name\" content=\"TELEMMe - Temps, espaces, langages, Europe m\u00e9ridionale, M\u00e9diterran\u00e9e\" \/>\n<meta property=\"article:published_time\" content=\"2020-09-14T13:29:00+00:00\" \/>\n<meta property=\"article:modified_time\" content=\"2022-11-18T15:29:58+00:00\" \/>\n<meta property=\"og:image\" content=\"https:\/\/telemme.mmsh.fr\/wp-content\/uploads\/2022\/11\/ciao_italia_exposer_les_apports_culturels_-_.jpg\" \/>\n\t<meta property=\"og:image:width\" content=\"700\" \/>\n\t<meta property=\"og:image:height\" content=\"1050\" \/>\n\t<meta property=\"og:image:type\" content=\"image\/jpeg\" \/>\n<meta name=\"author\" content=\"Delphine Cavallo\" \/>\n<meta name=\"twitter:card\" content=\"summary_large_image\" \/>\n<meta name=\"twitter:label1\" content=\"\u00c9crit par\" \/>\n\t<meta name=\"twitter:data1\" content=\"Delphine Cavallo\" \/>\n\t<meta name=\"twitter:label2\" content=\"Dur\u00e9e de lecture estim\u00e9e\" \/>\n\t<meta name=\"twitter:data2\" content=\"2 minutes\" \/>\n<script type=\"application\/ld+json\" class=\"yoast-schema-graph\">{\"@context\":\"https:\\\/\\\/schema.org\",\"@graph\":[{\"@type\":\"Article\",\"@id\":\"https:\\\/\\\/telemme.mmsh.fr\\\/?p=12080#article\",\"isPartOf\":{\"@id\":\"https:\\\/\\\/telemme.mmsh.fr\\\/?p=12080\"},\"author\":{\"name\":\"Delphine Cavallo\",\"@id\":\"https:\\\/\\\/telemme.mmsh.fr\\\/#\\\/schema\\\/person\\\/86a185da4836381586528ced48e263f5\"},\"headline\":\"Ciao Italia ! Un si\u00e8cle d\u2019immigration et de culture italiennes en France (1860-1960)\",\"datePublished\":\"2020-09-14T13:29:00+00:00\",\"dateModified\":\"2022-11-18T15:29:58+00:00\",\"mainEntityOfPage\":{\"@id\":\"https:\\\/\\\/telemme.mmsh.fr\\\/?p=12080\"},\"wordCount\":437,\"publisher\":{\"@id\":\"https:\\\/\\\/telemme.mmsh.fr\\\/#organization\"},\"image\":{\"@id\":\"https:\\\/\\\/telemme.mmsh.fr\\\/?p=12080#primaryimage\"},\"thumbnailUrl\":\"https:\\\/\\\/telemme.mmsh.fr\\\/wp-content\\\/uploads\\\/2022\\\/11\\\/ciao_italia_exposer_les_apports_culturels_-_.jpg\",\"keywords\":[\"immigration\",\"Italie\"],\"articleSection\":[\"Expositions\"],\"inLanguage\":\"fr-FR\"},{\"@type\":\"WebPage\",\"@id\":\"https:\\\/\\\/telemme.mmsh.fr\\\/?p=12080\",\"url\":\"https:\\\/\\\/telemme.mmsh.fr\\\/?p=12080\",\"name\":\"Ciao Italia ! Un si\u00e8cle d\u2019immigration et de culture italiennes en France (1860-1960) - TELEMMe - Temps, espaces, langages, Europe m\u00e9ridionale, M\u00e9diterran\u00e9e\",\"isPartOf\":{\"@id\":\"https:\\\/\\\/telemme.mmsh.fr\\\/#website\"},\"primaryImageOfPage\":{\"@id\":\"https:\\\/\\\/telemme.mmsh.fr\\\/?p=12080#primaryimage\"},\"image\":{\"@id\":\"https:\\\/\\\/telemme.mmsh.fr\\\/?p=12080#primaryimage\"},\"thumbnailUrl\":\"https:\\\/\\\/telemme.mmsh.fr\\\/wp-content\\\/uploads\\\/2022\\\/11\\\/ciao_italia_exposer_les_apports_culturels_-_.jpg\",\"datePublished\":\"2020-09-14T13:29:00+00:00\",\"dateModified\":\"2022-11-18T15:29:58+00:00\",\"breadcrumb\":{\"@id\":\"https:\\\/\\\/telemme.mmsh.fr\\\/?p=12080#breadcrumb\"},\"inLanguage\":\"fr-FR\",\"potentialAction\":[{\"@type\":\"ReadAction\",\"target\":[\"https:\\\/\\\/telemme.mmsh.fr\\\/?p=12080\"]}]},{\"@type\":\"ImageObject\",\"inLanguage\":\"fr-FR\",\"@id\":\"https:\\\/\\\/telemme.mmsh.fr\\\/?p=12080#primaryimage\",\"url\":\"https:\\\/\\\/telemme.mmsh.fr\\\/wp-content\\\/uploads\\\/2022\\\/11\\\/ciao_italia_exposer_les_apports_culturels_-_.jpg\",\"contentUrl\":\"https:\\\/\\\/telemme.mmsh.fr\\\/wp-content\\\/uploads\\\/2022\\\/11\\\/ciao_italia_exposer_les_apports_culturels_-_.jpg\",\"width\":700,\"height\":1050,\"caption\":\"Affiche de l'exposition Ciao Italia!, MHNI\"},{\"@type\":\"BreadcrumbList\",\"@id\":\"https:\\\/\\\/telemme.mmsh.fr\\\/?p=12080#breadcrumb\",\"itemListElement\":[{\"@type\":\"ListItem\",\"position\":1,\"name\":\"Accueil\",\"item\":\"https:\\\/\\\/telemme.mmsh.fr\\\/\"},{\"@type\":\"ListItem\",\"position\":2,\"name\":\"M\u00e9diation et diffusion\",\"item\":\"https:\\\/\\\/telemme.mmsh.fr\\\/?cat=1736\"},{\"@type\":\"ListItem\",\"position\":3,\"name\":\"Expositions\",\"item\":\"https:\\\/\\\/telemme.mmsh.fr\\\/?cat=1730\"},{\"@type\":\"ListItem\",\"position\":4,\"name\":\"Ciao Italia ! Un si\u00e8cle d\u2019immigration et de culture italiennes en France (1860-1960)\"}]},{\"@type\":\"WebSite\",\"@id\":\"https:\\\/\\\/telemme.mmsh.fr\\\/#website\",\"url\":\"https:\\\/\\\/telemme.mmsh.fr\\\/\",\"name\":\"TELEMMe - Temps, espaces, langages, Europe m\u00e9ridionale, M\u00e9diterran\u00e9e\",\"description\":\"\",\"publisher\":{\"@id\":\"https:\\\/\\\/telemme.mmsh.fr\\\/#organization\"},\"potentialAction\":[{\"@type\":\"SearchAction\",\"target\":{\"@type\":\"EntryPoint\",\"urlTemplate\":\"https:\\\/\\\/telemme.mmsh.fr\\\/?s={search_term_string}\"},\"query-input\":{\"@type\":\"PropertyValueSpecification\",\"valueRequired\":true,\"valueName\":\"search_term_string\"}}],\"inLanguage\":\"fr-FR\"},{\"@type\":\"Organization\",\"@id\":\"https:\\\/\\\/telemme.mmsh.fr\\\/#organization\",\"name\":\"TELEMMe\",\"url\":\"https:\\\/\\\/telemme.mmsh.fr\\\/\",\"logo\":{\"@type\":\"ImageObject\",\"inLanguage\":\"fr-FR\",\"@id\":\"https:\\\/\\\/telemme.mmsh.fr\\\/#\\\/schema\\\/logo\\\/image\\\/\",\"url\":\"https:\\\/\\\/telemme.mmsh.fr\\\/wp-content\\\/uploads\\\/2020\\\/03\\\/LogoTELEMMe-horizontal-fond-transparent.png\",\"contentUrl\":\"https:\\\/\\\/telemme.mmsh.fr\\\/wp-content\\\/uploads\\\/2020\\\/03\\\/LogoTELEMMe-horizontal-fond-transparent.png\",\"width\":1500,\"height\":437,\"caption\":\"TELEMMe\"},\"image\":{\"@id\":\"https:\\\/\\\/telemme.mmsh.fr\\\/#\\\/schema\\\/logo\\\/image\\\/\"}},{\"@type\":\"Person\",\"@id\":\"https:\\\/\\\/telemme.mmsh.fr\\\/#\\\/schema\\\/person\\\/86a185da4836381586528ced48e263f5\",\"name\":\"Delphine Cavallo\",\"url\":\"https:\\\/\\\/telemme.mmsh.fr\\\/?author=6\"}]}<\/script>\n<!-- \/ Yoast SEO plugin. -->","yoast_head_json":{"title":"Ciao Italia ! Un si\u00e8cle d\u2019immigration et de culture italiennes en France (1860-1960) - TELEMMe - Temps, espaces, langages, Europe m\u00e9ridionale, M\u00e9diterran\u00e9e","robots":{"index":"index","follow":"follow","max-snippet":"max-snippet:-1","max-image-preview":"max-image-preview:large","max-video-preview":"max-video-preview:-1"},"canonical":"https:\/\/telemme.mmsh.fr\/?p=12080","og_locale":"fr_FR","og_type":"article","og_title":"Ciao Italia ! Un si\u00e8cle d\u2019immigration et de culture italiennes en France (1860-1960) - TELEMMe - Temps, espaces, langages, Europe m\u00e9ridionale, M\u00e9diterran\u00e9e","og_description":"Avec\u00a0Ciao Italia !, le Mus\u00e9e national de l\u2019histoire de l\u2019immigration rend compte, pour la premi\u00e8re fois,\u00a0de l\u2019histoire de l\u2019immigration italienne en France, qui reste la plus importante de l\u2019histoire fran\u00e7aise.","og_url":"https:\/\/telemme.mmsh.fr\/?p=12080","og_site_name":"TELEMMe - Temps, espaces, langages, Europe m\u00e9ridionale, M\u00e9diterran\u00e9e","article_published_time":"2020-09-14T13:29:00+00:00","article_modified_time":"2022-11-18T15:29:58+00:00","og_image":[{"width":700,"height":1050,"url":"https:\/\/telemme.mmsh.fr\/wp-content\/uploads\/2022\/11\/ciao_italia_exposer_les_apports_culturels_-_.jpg","type":"image\/jpeg"}],"author":"Delphine Cavallo","twitter_card":"summary_large_image","twitter_misc":{"\u00c9crit par":"Delphine Cavallo","Dur\u00e9e de lecture estim\u00e9e":"2 minutes"},"schema":{"@context":"https:\/\/schema.org","@graph":[{"@type":"Article","@id":"https:\/\/telemme.mmsh.fr\/?p=12080#article","isPartOf":{"@id":"https:\/\/telemme.mmsh.fr\/?p=12080"},"author":{"name":"Delphine Cavallo","@id":"https:\/\/telemme.mmsh.fr\/#\/schema\/person\/86a185da4836381586528ced48e263f5"},"headline":"Ciao Italia ! Un si\u00e8cle d\u2019immigration et de culture italiennes en France (1860-1960)","datePublished":"2020-09-14T13:29:00+00:00","dateModified":"2022-11-18T15:29:58+00:00","mainEntityOfPage":{"@id":"https:\/\/telemme.mmsh.fr\/?p=12080"},"wordCount":437,"publisher":{"@id":"https:\/\/telemme.mmsh.fr\/#organization"},"image":{"@id":"https:\/\/telemme.mmsh.fr\/?p=12080#primaryimage"},"thumbnailUrl":"https:\/\/telemme.mmsh.fr\/wp-content\/uploads\/2022\/11\/ciao_italia_exposer_les_apports_culturels_-_.jpg","keywords":["immigration","Italie"],"articleSection":["Expositions"],"inLanguage":"fr-FR"},{"@type":"WebPage","@id":"https:\/\/telemme.mmsh.fr\/?p=12080","url":"https:\/\/telemme.mmsh.fr\/?p=12080","name":"Ciao Italia ! Un si\u00e8cle d\u2019immigration et de culture italiennes en France (1860-1960) - TELEMMe - Temps, espaces, langages, Europe m\u00e9ridionale, M\u00e9diterran\u00e9e","isPartOf":{"@id":"https:\/\/telemme.mmsh.fr\/#website"},"primaryImageOfPage":{"@id":"https:\/\/telemme.mmsh.fr\/?p=12080#primaryimage"},"image":{"@id":"https:\/\/telemme.mmsh.fr\/?p=12080#primaryimage"},"thumbnailUrl":"https:\/\/telemme.mmsh.fr\/wp-content\/uploads\/2022\/11\/ciao_italia_exposer_les_apports_culturels_-_.jpg","datePublished":"2020-09-14T13:29:00+00:00","dateModified":"2022-11-18T15:29:58+00:00","breadcrumb":{"@id":"https:\/\/telemme.mmsh.fr\/?p=12080#breadcrumb"},"inLanguage":"fr-FR","potentialAction":[{"@type":"ReadAction","target":["https:\/\/telemme.mmsh.fr\/?p=12080"]}]},{"@type":"ImageObject","inLanguage":"fr-FR","@id":"https:\/\/telemme.mmsh.fr\/?p=12080#primaryimage","url":"https:\/\/telemme.mmsh.fr\/wp-content\/uploads\/2022\/11\/ciao_italia_exposer_les_apports_culturels_-_.jpg","contentUrl":"https:\/\/telemme.mmsh.fr\/wp-content\/uploads\/2022\/11\/ciao_italia_exposer_les_apports_culturels_-_.jpg","width":700,"height":1050,"caption":"Affiche de l'exposition Ciao Italia!, MHNI"},{"@type":"BreadcrumbList","@id":"https:\/\/telemme.mmsh.fr\/?p=12080#breadcrumb","itemListElement":[{"@type":"ListItem","position":1,"name":"Accueil","item":"https:\/\/telemme.mmsh.fr\/"},{"@type":"ListItem","position":2,"name":"M\u00e9diation et diffusion","item":"https:\/\/telemme.mmsh.fr\/?cat=1736"},{"@type":"ListItem","position":3,"name":"Expositions","item":"https:\/\/telemme.mmsh.fr\/?cat=1730"},{"@type":"ListItem","position":4,"name":"Ciao Italia ! Un si\u00e8cle d\u2019immigration et de culture italiennes en France (1860-1960)"}]},{"@type":"WebSite","@id":"https:\/\/telemme.mmsh.fr\/#website","url":"https:\/\/telemme.mmsh.fr\/","name":"TELEMMe - Temps, espaces, langages, Europe m\u00e9ridionale, M\u00e9diterran\u00e9e","description":"","publisher":{"@id":"https:\/\/telemme.mmsh.fr\/#organization"},"potentialAction":[{"@type":"SearchAction","target":{"@type":"EntryPoint","urlTemplate":"https:\/\/telemme.mmsh.fr\/?s={search_term_string}"},"query-input":{"@type":"PropertyValueSpecification","valueRequired":true,"valueName":"search_term_string"}}],"inLanguage":"fr-FR"},{"@type":"Organization","@id":"https:\/\/telemme.mmsh.fr\/#organization","name":"TELEMMe","url":"https:\/\/telemme.mmsh.fr\/","logo":{"@type":"ImageObject","inLanguage":"fr-FR","@id":"https:\/\/telemme.mmsh.fr\/#\/schema\/logo\/image\/","url":"https:\/\/telemme.mmsh.fr\/wp-content\/uploads\/2020\/03\/LogoTELEMMe-horizontal-fond-transparent.png","contentUrl":"https:\/\/telemme.mmsh.fr\/wp-content\/uploads\/2020\/03\/LogoTELEMMe-horizontal-fond-transparent.png","width":1500,"height":437,"caption":"TELEMMe"},"image":{"@id":"https:\/\/telemme.mmsh.fr\/#\/schema\/logo\/image\/"}},{"@type":"Person","@id":"https:\/\/telemme.mmsh.fr\/#\/schema\/person\/86a185da4836381586528ced48e263f5","name":"Delphine Cavallo","url":"https:\/\/telemme.mmsh.fr\/?author=6"}]}},"_links":{"self":[{"href":"https:\/\/telemme.mmsh.fr\/index.php?rest_route=\/wp\/v2\/posts\/12080","targetHints":{"allow":["GET"]}}],"collection":[{"href":"https:\/\/telemme.mmsh.fr\/index.php?rest_route=\/wp\/v2\/posts"}],"about":[{"href":"https:\/\/telemme.mmsh.fr\/index.php?rest_route=\/wp\/v2\/types\/post"}],"author":[{"embeddable":true,"href":"https:\/\/telemme.mmsh.fr\/index.php?rest_route=\/wp\/v2\/users\/6"}],"replies":[{"embeddable":true,"href":"https:\/\/telemme.mmsh.fr\/index.php?rest_route=%2Fwp%2Fv2%2Fcomments&post=12080"}],"version-history":[{"count":6,"href":"https:\/\/telemme.mmsh.fr\/index.php?rest_route=\/wp\/v2\/posts\/12080\/revisions"}],"predecessor-version":[{"id":12087,"href":"https:\/\/telemme.mmsh.fr\/index.php?rest_route=\/wp\/v2\/posts\/12080\/revisions\/12087"}],"wp:featuredmedia":[{"embeddable":true,"href":"https:\/\/telemme.mmsh.fr\/index.php?rest_route=\/wp\/v2\/media\/12081"}],"wp:attachment":[{"href":"https:\/\/telemme.mmsh.fr\/index.php?rest_route=%2Fwp%2Fv2%2Fmedia&parent=12080"}],"wp:term":[{"taxonomy":"category","embeddable":true,"href":"https:\/\/telemme.mmsh.fr\/index.php?rest_route=%2Fwp%2Fv2%2Fcategories&post=12080"},{"taxonomy":"post_tag","embeddable":true,"href":"https:\/\/telemme.mmsh.fr\/index.php?rest_route=%2Fwp%2Fv2%2Ftags&post=12080"}],"curies":[{"name":"wp","href":"https:\/\/api.w.org\/{rel}","templated":true}]}}