{"id":12074,"date":"2020-09-14T16:12:00","date_gmt":"2020-09-14T14:12:00","guid":{"rendered":"https:\/\/telemme.mmsh.fr\/?p=12074"},"modified":"2022-11-18T16:17:02","modified_gmt":"2022-11-18T15:17:02","slug":"a-lombre-des-bastides","status":"publish","type":"post","link":"https:\/\/telemme.mmsh.fr\/?p=12074","title":{"rendered":"\u00c0 l&rsquo;ombre des Bastides"},"content":{"rendered":"\n<blockquote class=\"wp-block-quote is-layout-flow wp-block-quote-is-layout-flow\">\n<h2 class=\"wp-block-heading\">De l&rsquo;\u00e2ge d&rsquo;or \u00e0 nos jours, d\u00e9couvrez l&rsquo;histoire d&rsquo;un patrimoine marseillais incontournable : les bastides. Une exposition aux Archives Municipales \u00e0 voir du 30 novembre 2018 au 27 avril 2019.<\/h2>\n<\/blockquote>\n\n\n\n<p>Inscrites dans la m\u00e9moire et le paysage marseillais, les bastides ont contribu\u00e9 au rayonnement de la ville. A la fois domaine agricole et lieu de vill\u00e9giature, elles ont model\u00e9 la structuration et l\u2019occupation du terroir marseillais et marqu\u00e9 les esprits par l\u2019art de vivre qui s\u2019y est d\u00e9velopp\u00e9.<\/p>\n\n\n\n<p>De \u00ab\u00a0l\u2019\u00e2ge d\u2019or\u00a0\u00bb des bastides sous l\u2019Ancien R\u00e9gime \u00e0 nos jours, qu\u2019en reste-t-il aujourd\u2019hui ?<\/p>\n\n\n\n<h1 class=\"wp-block-heading\">Cr\u00e9dits<\/h1>\n\n\n\n<p><\/p>\n\n\n\n<p><strong>Conseil scientifique :<\/strong> Georges AILLAUD, Georges REYNAUD, Mireille NYS (Universit\u00e9 Aix-Marseille, TELEMMe) et Isabelle AILLAUD, sous la direction de Sylvie CLAIR (Archives municipales de Marseille)<\/p>\n\n\n\n<p>Pr\u00eateurs : Mus\u00e9es de Marseille (mus\u00e9e des Beaux-Arts, mus\u00e9e Grobet-Labadi\u00e9, mus\u00e9e d&rsquo;Histoire, mus\u00e9e d&rsquo;arch\u00e9ologie m\u00e9diterran\u00e9enne), Archives d\u00e9partementales des Bouches-du-Rh\u00f4ne, Universit\u00e9 d&rsquo;Aix-Marseille, collections particuli\u00e8res.\u00a0<\/p>\n\n\n\n<p><\/p>\n\n\n\n<h3 class=\"wp-block-heading\">Autour de l\u2019exposition :<\/h3>\n\n\n\n<p><strong>Visites comment\u00e9es (dur\u00e9e 1h) aux Archives de Marseille :<\/strong><\/p>\n\n\n\n<p><strong>\u2013 les mardis et samedis \u00e0 14h30 (pour les individuels)<\/strong><br><strong>\u2013 les vendredis \u00e0 14h30 (pour les groupes, sur r\u00e9servation au 04 91 55 33 75).<\/strong><\/p>\n\n\n\n<p><strong>Conf\u00e9rences au mus\u00e9e d\u2019Histoire :<\/strong><\/p>\n\n\n\n<p><strong>\u2013 Mardi 4 d\u00e9cembre 2018 \u00e0 18h &#8211; Marseille, un terroir et ses bastides&nbsp; &#8211;<\/strong><br>en collaboration avec le Comit\u00e9 du Vieux-Marseille par Georges AILLAUD, ma\u00eetre de conf\u00e9rence honoraire de l\u2019Universit\u00e9 de Provence (E. R.), pr\u00e9sident du Comit\u00e9 du Vieux-Marseille, Georges REYNAUD, Enseignant-chercheur honoraire \u00e0 la facult\u00e9 des sciences de Marseille et Eliane RICHARD, ma\u00eetre de conf\u00e9rence honoraire de l\u2019Universit\u00e9 de Provence, membre de l\u2019Acad\u00e9mie de Marseille.<\/p>\n\n\n\n<p>\u2013 <strong>Mardi 26 f\u00e9vrier 2019 \u00e0 18h &#8211; A la recherche des d\u00e9cors et du mobilier des bastides du terroir marseillais<\/strong> : sources et documents in\u00e9dits &nbsp;\u00bb par Alexandre MAHUE, Doctorant en Histoire de l\u2019Art, Aix-Marseille Universit\u00e9 (UMR TELEMMe 7303- AMU CNRS).<\/p>\n\n\n\n<p><strong>Concert \u00e0 la Magalone :<\/strong><\/p>\n\n\n\n<p><strong>\u2013 Vendredi 22 mars 2019 \u00e0 20h30 &#8211;&nbsp;Les secrets de la Magalone, ou l\u2019art de toucher le clavecin \u00e0 la bastide<\/strong>&nbsp;&nbsp;par Christine LECOIN, claveciniste, 1er Prix du Concours International de Clavecin de la Fondation Spivey-USA, Professeur au Conservatoire National \u00e0 Rayonnement R\u00e9gional de Marseille et \u00e0 la Cit\u00e9 de la Musique de Marseille.<\/p>\n","protected":false},"excerpt":{"rendered":"<p>Inscrites dans la m\u00e9moire et le paysage marseillais, les bastides ont contribu\u00e9 au rayonnement de la ville. A la fois domaine agricole et lieu de vill\u00e9giature, elles ont model\u00e9 la structuration et l\u2019occupation du terroir marseillais et marqu\u00e9 les esprits par l\u2019art de vivre qui s\u2019y est d\u00e9velopp\u00e9. De \u00ab\u00a0l\u2019\u00e2ge d\u2019or\u00a0\u00bb des bastides sous l\u2019Ancien R\u00e9gime \u00e0 nos jours, qu\u2019en reste-t-il aujourd\u2019hui ?<\/p>\n","protected":false},"author":6,"featured_media":12075,"comment_status":"closed","ping_status":"closed","sticky":false,"template":"","format":"standard","meta":{"neve_meta_sidebar":"","neve_meta_container":"","neve_meta_enable_content_width":"off","neve_meta_content_width":70,"neve_meta_title_alignment":"","neve_meta_author_avatar":"","neve_post_elements_order":"","neve_meta_disable_header":"","neve_meta_disable_footer":"","neve_meta_disable_title":"","_tribe_events_control_status":"","_tribe_events_control_status_canceled_reason":"","_tribe_events_control_status_postponed_reason":"","_tribe_events_control_online":"","_tribe_events_control_online_url":"","footnotes":""},"categories":[1730],"tags":[2582],"class_list":["post-12074","post","type-post","status-publish","format-standard","has-post-thumbnail","hentry","category-expositions","tag-bastides"],"yoast_head":"<!-- This site is optimized with the Yoast SEO plugin v27.4 - https:\/\/yoast.com\/product\/yoast-seo-wordpress\/ -->\n<title>\u00c0 l&#039;ombre des Bastides - TELEMMe - Temps, espaces, langages, Europe m\u00e9ridionale, M\u00e9diterran\u00e9e<\/title>\n<meta name=\"description\" content=\"Inscrites dans la m\u00e9moire et le paysage marseillais, les bastides ont contribu\u00e9 au rayonnement de la ville. A la fois domaine agricole et lieu de vill\u00e9giature, elles ont model\u00e9 la structuration et l\u2019occupation du terroir marseillais et marqu\u00e9 les esprits par l\u2019art de vivre qui s\u2019y est d\u00e9velopp\u00e9. De \u00ab\u00a0l\u2019\u00e2ge d\u2019or\u00a0\u00bb des bastides sous l\u2019Ancien R\u00e9gime \u00e0 nos jours, qu\u2019en reste-t-il aujourd\u2019hui ?\" \/>\n<meta name=\"robots\" content=\"index, follow, max-snippet:-1, max-image-preview:large, max-video-preview:-1\" \/>\n<link rel=\"canonical\" href=\"https:\/\/telemme.mmsh.fr\/?p=12074\" \/>\n<meta property=\"og:locale\" content=\"fr_FR\" \/>\n<meta property=\"og:type\" content=\"article\" \/>\n<meta property=\"og:title\" content=\"\u00c0 l&#039;ombre des Bastides - TELEMMe - Temps, espaces, langages, Europe m\u00e9ridionale, M\u00e9diterran\u00e9e\" \/>\n<meta property=\"og:description\" content=\"Inscrites dans la m\u00e9moire et le paysage marseillais, les bastides ont contribu\u00e9 au rayonnement de la ville. A la fois domaine agricole et lieu de vill\u00e9giature, elles ont model\u00e9 la structuration et l\u2019occupation du terroir marseillais et marqu\u00e9 les esprits par l\u2019art de vivre qui s\u2019y est d\u00e9velopp\u00e9. De \u00ab\u00a0l\u2019\u00e2ge d\u2019or\u00a0\u00bb des bastides sous l\u2019Ancien R\u00e9gime \u00e0 nos jours, qu\u2019en reste-t-il aujourd\u2019hui ?\" \/>\n<meta property=\"og:url\" content=\"https:\/\/telemme.mmsh.fr\/?p=12074\" \/>\n<meta property=\"og:site_name\" content=\"TELEMMe - Temps, espaces, langages, Europe m\u00e9ridionale, M\u00e9diterran\u00e9e\" \/>\n<meta property=\"article:published_time\" content=\"2020-09-14T14:12:00+00:00\" \/>\n<meta property=\"article:modified_time\" content=\"2022-11-18T15:17:02+00:00\" \/>\n<meta property=\"og:image\" content=\"https:\/\/telemme.mmsh.fr\/wp-content\/uploads\/2022\/11\/60194.jpg\" \/>\n\t<meta property=\"og:image:width\" content=\"300\" \/>\n\t<meta property=\"og:image:height\" content=\"400\" \/>\n\t<meta property=\"og:image:type\" content=\"image\/jpeg\" \/>\n<meta name=\"author\" content=\"Delphine Cavallo\" \/>\n<meta name=\"twitter:card\" content=\"summary_large_image\" \/>\n<meta name=\"twitter:label1\" content=\"\u00c9crit par\" \/>\n\t<meta name=\"twitter:data1\" content=\"Delphine Cavallo\" \/>\n\t<meta name=\"twitter:label2\" content=\"Dur\u00e9e de lecture estim\u00e9e\" \/>\n\t<meta name=\"twitter:data2\" content=\"2 minutes\" \/>\n<script type=\"application\/ld+json\" class=\"yoast-schema-graph\">{\"@context\":\"https:\\\/\\\/schema.org\",\"@graph\":[{\"@type\":\"Article\",\"@id\":\"https:\\\/\\\/telemme.mmsh.fr\\\/?p=12074#article\",\"isPartOf\":{\"@id\":\"https:\\\/\\\/telemme.mmsh.fr\\\/?p=12074\"},\"author\":{\"name\":\"Delphine Cavallo\",\"@id\":\"https:\\\/\\\/telemme.mmsh.fr\\\/#\\\/schema\\\/person\\\/86a185da4836381586528ced48e263f5\"},\"headline\":\"\u00c0 l&rsquo;ombre des Bastides\",\"datePublished\":\"2020-09-14T14:12:00+00:00\",\"dateModified\":\"2022-11-18T15:17:02+00:00\",\"mainEntityOfPage\":{\"@id\":\"https:\\\/\\\/telemme.mmsh.fr\\\/?p=12074\"},\"wordCount\":377,\"publisher\":{\"@id\":\"https:\\\/\\\/telemme.mmsh.fr\\\/#organization\"},\"image\":{\"@id\":\"https:\\\/\\\/telemme.mmsh.fr\\\/?p=12074#primaryimage\"},\"thumbnailUrl\":\"https:\\\/\\\/telemme.mmsh.fr\\\/wp-content\\\/uploads\\\/2022\\\/11\\\/60194.jpg\",\"keywords\":[\"bastides\"],\"articleSection\":[\"Expositions\"],\"inLanguage\":\"fr-FR\"},{\"@type\":\"WebPage\",\"@id\":\"https:\\\/\\\/telemme.mmsh.fr\\\/?p=12074\",\"url\":\"https:\\\/\\\/telemme.mmsh.fr\\\/?p=12074\",\"name\":\"\u00c0 l'ombre des Bastides - TELEMMe - Temps, espaces, langages, Europe m\u00e9ridionale, M\u00e9diterran\u00e9e\",\"isPartOf\":{\"@id\":\"https:\\\/\\\/telemme.mmsh.fr\\\/#website\"},\"primaryImageOfPage\":{\"@id\":\"https:\\\/\\\/telemme.mmsh.fr\\\/?p=12074#primaryimage\"},\"image\":{\"@id\":\"https:\\\/\\\/telemme.mmsh.fr\\\/?p=12074#primaryimage\"},\"thumbnailUrl\":\"https:\\\/\\\/telemme.mmsh.fr\\\/wp-content\\\/uploads\\\/2022\\\/11\\\/60194.jpg\",\"datePublished\":\"2020-09-14T14:12:00+00:00\",\"dateModified\":\"2022-11-18T15:17:02+00:00\",\"description\":\"Inscrites dans la m\u00e9moire et le paysage marseillais, les bastides ont contribu\u00e9 au rayonnement de la ville. A la fois domaine agricole et lieu de vill\u00e9giature, elles ont model\u00e9 la structuration et l\u2019occupation du terroir marseillais et marqu\u00e9 les esprits par l\u2019art de vivre qui s\u2019y est d\u00e9velopp\u00e9. De \u00ab\u00a0l\u2019\u00e2ge d\u2019or\u00a0\u00bb des bastides sous l\u2019Ancien R\u00e9gime \u00e0 nos jours, qu\u2019en reste-t-il aujourd\u2019hui ?\",\"breadcrumb\":{\"@id\":\"https:\\\/\\\/telemme.mmsh.fr\\\/?p=12074#breadcrumb\"},\"inLanguage\":\"fr-FR\",\"potentialAction\":[{\"@type\":\"ReadAction\",\"target\":[\"https:\\\/\\\/telemme.mmsh.fr\\\/?p=12074\"]}]},{\"@type\":\"ImageObject\",\"inLanguage\":\"fr-FR\",\"@id\":\"https:\\\/\\\/telemme.mmsh.fr\\\/?p=12074#primaryimage\",\"url\":\"https:\\\/\\\/telemme.mmsh.fr\\\/wp-content\\\/uploads\\\/2022\\\/11\\\/60194.jpg\",\"contentUrl\":\"https:\\\/\\\/telemme.mmsh.fr\\\/wp-content\\\/uploads\\\/2022\\\/11\\\/60194.jpg\",\"width\":300,\"height\":400,\"caption\":\"Affiche de l'exposition \u00c0 l'ombre des bastides, Archives municipales de Marseille\"},{\"@type\":\"BreadcrumbList\",\"@id\":\"https:\\\/\\\/telemme.mmsh.fr\\\/?p=12074#breadcrumb\",\"itemListElement\":[{\"@type\":\"ListItem\",\"position\":1,\"name\":\"Accueil\",\"item\":\"https:\\\/\\\/telemme.mmsh.fr\\\/\"},{\"@type\":\"ListItem\",\"position\":2,\"name\":\"M\u00e9diation et diffusion\",\"item\":\"https:\\\/\\\/telemme.mmsh.fr\\\/?cat=1736\"},{\"@type\":\"ListItem\",\"position\":3,\"name\":\"Expositions\",\"item\":\"https:\\\/\\\/telemme.mmsh.fr\\\/?cat=1730\"},{\"@type\":\"ListItem\",\"position\":4,\"name\":\"\u00c0 l&#8217;ombre des Bastides\"}]},{\"@type\":\"WebSite\",\"@id\":\"https:\\\/\\\/telemme.mmsh.fr\\\/#website\",\"url\":\"https:\\\/\\\/telemme.mmsh.fr\\\/\",\"name\":\"TELEMMe - Temps, espaces, langages, Europe m\u00e9ridionale, M\u00e9diterran\u00e9e\",\"description\":\"\",\"publisher\":{\"@id\":\"https:\\\/\\\/telemme.mmsh.fr\\\/#organization\"},\"potentialAction\":[{\"@type\":\"SearchAction\",\"target\":{\"@type\":\"EntryPoint\",\"urlTemplate\":\"https:\\\/\\\/telemme.mmsh.fr\\\/?s={search_term_string}\"},\"query-input\":{\"@type\":\"PropertyValueSpecification\",\"valueRequired\":true,\"valueName\":\"search_term_string\"}}],\"inLanguage\":\"fr-FR\"},{\"@type\":\"Organization\",\"@id\":\"https:\\\/\\\/telemme.mmsh.fr\\\/#organization\",\"name\":\"TELEMMe\",\"url\":\"https:\\\/\\\/telemme.mmsh.fr\\\/\",\"logo\":{\"@type\":\"ImageObject\",\"inLanguage\":\"fr-FR\",\"@id\":\"https:\\\/\\\/telemme.mmsh.fr\\\/#\\\/schema\\\/logo\\\/image\\\/\",\"url\":\"https:\\\/\\\/telemme.mmsh.fr\\\/wp-content\\\/uploads\\\/2020\\\/03\\\/LogoTELEMMe-horizontal-fond-transparent.png\",\"contentUrl\":\"https:\\\/\\\/telemme.mmsh.fr\\\/wp-content\\\/uploads\\\/2020\\\/03\\\/LogoTELEMMe-horizontal-fond-transparent.png\",\"width\":1500,\"height\":437,\"caption\":\"TELEMMe\"},\"image\":{\"@id\":\"https:\\\/\\\/telemme.mmsh.fr\\\/#\\\/schema\\\/logo\\\/image\\\/\"}},{\"@type\":\"Person\",\"@id\":\"https:\\\/\\\/telemme.mmsh.fr\\\/#\\\/schema\\\/person\\\/86a185da4836381586528ced48e263f5\",\"name\":\"Delphine Cavallo\",\"url\":\"https:\\\/\\\/telemme.mmsh.fr\\\/?author=6\"}]}<\/script>\n<!-- \/ Yoast SEO plugin. -->","yoast_head_json":{"title":"\u00c0 l'ombre des Bastides - TELEMMe - Temps, espaces, langages, Europe m\u00e9ridionale, M\u00e9diterran\u00e9e","description":"Inscrites dans la m\u00e9moire et le paysage marseillais, les bastides ont contribu\u00e9 au rayonnement de la ville. A la fois domaine agricole et lieu de vill\u00e9giature, elles ont model\u00e9 la structuration et l\u2019occupation du terroir marseillais et marqu\u00e9 les esprits par l\u2019art de vivre qui s\u2019y est d\u00e9velopp\u00e9. De \u00ab\u00a0l\u2019\u00e2ge d\u2019or\u00a0\u00bb des bastides sous l\u2019Ancien R\u00e9gime \u00e0 nos jours, qu\u2019en reste-t-il aujourd\u2019hui ?","robots":{"index":"index","follow":"follow","max-snippet":"max-snippet:-1","max-image-preview":"max-image-preview:large","max-video-preview":"max-video-preview:-1"},"canonical":"https:\/\/telemme.mmsh.fr\/?p=12074","og_locale":"fr_FR","og_type":"article","og_title":"\u00c0 l'ombre des Bastides - TELEMMe - Temps, espaces, langages, Europe m\u00e9ridionale, M\u00e9diterran\u00e9e","og_description":"Inscrites dans la m\u00e9moire et le paysage marseillais, les bastides ont contribu\u00e9 au rayonnement de la ville. A la fois domaine agricole et lieu de vill\u00e9giature, elles ont model\u00e9 la structuration et l\u2019occupation du terroir marseillais et marqu\u00e9 les esprits par l\u2019art de vivre qui s\u2019y est d\u00e9velopp\u00e9. De \u00ab\u00a0l\u2019\u00e2ge d\u2019or\u00a0\u00bb des bastides sous l\u2019Ancien R\u00e9gime \u00e0 nos jours, qu\u2019en reste-t-il aujourd\u2019hui ?","og_url":"https:\/\/telemme.mmsh.fr\/?p=12074","og_site_name":"TELEMMe - Temps, espaces, langages, Europe m\u00e9ridionale, M\u00e9diterran\u00e9e","article_published_time":"2020-09-14T14:12:00+00:00","article_modified_time":"2022-11-18T15:17:02+00:00","og_image":[{"width":300,"height":400,"url":"https:\/\/telemme.mmsh.fr\/wp-content\/uploads\/2022\/11\/60194.jpg","type":"image\/jpeg"}],"author":"Delphine Cavallo","twitter_card":"summary_large_image","twitter_misc":{"\u00c9crit par":"Delphine Cavallo","Dur\u00e9e de lecture estim\u00e9e":"2 minutes"},"schema":{"@context":"https:\/\/schema.org","@graph":[{"@type":"Article","@id":"https:\/\/telemme.mmsh.fr\/?p=12074#article","isPartOf":{"@id":"https:\/\/telemme.mmsh.fr\/?p=12074"},"author":{"name":"Delphine Cavallo","@id":"https:\/\/telemme.mmsh.fr\/#\/schema\/person\/86a185da4836381586528ced48e263f5"},"headline":"\u00c0 l&rsquo;ombre des Bastides","datePublished":"2020-09-14T14:12:00+00:00","dateModified":"2022-11-18T15:17:02+00:00","mainEntityOfPage":{"@id":"https:\/\/telemme.mmsh.fr\/?p=12074"},"wordCount":377,"publisher":{"@id":"https:\/\/telemme.mmsh.fr\/#organization"},"image":{"@id":"https:\/\/telemme.mmsh.fr\/?p=12074#primaryimage"},"thumbnailUrl":"https:\/\/telemme.mmsh.fr\/wp-content\/uploads\/2022\/11\/60194.jpg","keywords":["bastides"],"articleSection":["Expositions"],"inLanguage":"fr-FR"},{"@type":"WebPage","@id":"https:\/\/telemme.mmsh.fr\/?p=12074","url":"https:\/\/telemme.mmsh.fr\/?p=12074","name":"\u00c0 l'ombre des Bastides - TELEMMe - Temps, espaces, langages, Europe m\u00e9ridionale, M\u00e9diterran\u00e9e","isPartOf":{"@id":"https:\/\/telemme.mmsh.fr\/#website"},"primaryImageOfPage":{"@id":"https:\/\/telemme.mmsh.fr\/?p=12074#primaryimage"},"image":{"@id":"https:\/\/telemme.mmsh.fr\/?p=12074#primaryimage"},"thumbnailUrl":"https:\/\/telemme.mmsh.fr\/wp-content\/uploads\/2022\/11\/60194.jpg","datePublished":"2020-09-14T14:12:00+00:00","dateModified":"2022-11-18T15:17:02+00:00","description":"Inscrites dans la m\u00e9moire et le paysage marseillais, les bastides ont contribu\u00e9 au rayonnement de la ville. A la fois domaine agricole et lieu de vill\u00e9giature, elles ont model\u00e9 la structuration et l\u2019occupation du terroir marseillais et marqu\u00e9 les esprits par l\u2019art de vivre qui s\u2019y est d\u00e9velopp\u00e9. De \u00ab\u00a0l\u2019\u00e2ge d\u2019or\u00a0\u00bb des bastides sous l\u2019Ancien R\u00e9gime \u00e0 nos jours, qu\u2019en reste-t-il aujourd\u2019hui ?","breadcrumb":{"@id":"https:\/\/telemme.mmsh.fr\/?p=12074#breadcrumb"},"inLanguage":"fr-FR","potentialAction":[{"@type":"ReadAction","target":["https:\/\/telemme.mmsh.fr\/?p=12074"]}]},{"@type":"ImageObject","inLanguage":"fr-FR","@id":"https:\/\/telemme.mmsh.fr\/?p=12074#primaryimage","url":"https:\/\/telemme.mmsh.fr\/wp-content\/uploads\/2022\/11\/60194.jpg","contentUrl":"https:\/\/telemme.mmsh.fr\/wp-content\/uploads\/2022\/11\/60194.jpg","width":300,"height":400,"caption":"Affiche de l'exposition \u00c0 l'ombre des bastides, Archives municipales de Marseille"},{"@type":"BreadcrumbList","@id":"https:\/\/telemme.mmsh.fr\/?p=12074#breadcrumb","itemListElement":[{"@type":"ListItem","position":1,"name":"Accueil","item":"https:\/\/telemme.mmsh.fr\/"},{"@type":"ListItem","position":2,"name":"M\u00e9diation et diffusion","item":"https:\/\/telemme.mmsh.fr\/?cat=1736"},{"@type":"ListItem","position":3,"name":"Expositions","item":"https:\/\/telemme.mmsh.fr\/?cat=1730"},{"@type":"ListItem","position":4,"name":"\u00c0 l&#8217;ombre des Bastides"}]},{"@type":"WebSite","@id":"https:\/\/telemme.mmsh.fr\/#website","url":"https:\/\/telemme.mmsh.fr\/","name":"TELEMMe - Temps, espaces, langages, Europe m\u00e9ridionale, M\u00e9diterran\u00e9e","description":"","publisher":{"@id":"https:\/\/telemme.mmsh.fr\/#organization"},"potentialAction":[{"@type":"SearchAction","target":{"@type":"EntryPoint","urlTemplate":"https:\/\/telemme.mmsh.fr\/?s={search_term_string}"},"query-input":{"@type":"PropertyValueSpecification","valueRequired":true,"valueName":"search_term_string"}}],"inLanguage":"fr-FR"},{"@type":"Organization","@id":"https:\/\/telemme.mmsh.fr\/#organization","name":"TELEMMe","url":"https:\/\/telemme.mmsh.fr\/","logo":{"@type":"ImageObject","inLanguage":"fr-FR","@id":"https:\/\/telemme.mmsh.fr\/#\/schema\/logo\/image\/","url":"https:\/\/telemme.mmsh.fr\/wp-content\/uploads\/2020\/03\/LogoTELEMMe-horizontal-fond-transparent.png","contentUrl":"https:\/\/telemme.mmsh.fr\/wp-content\/uploads\/2020\/03\/LogoTELEMMe-horizontal-fond-transparent.png","width":1500,"height":437,"caption":"TELEMMe"},"image":{"@id":"https:\/\/telemme.mmsh.fr\/#\/schema\/logo\/image\/"}},{"@type":"Person","@id":"https:\/\/telemme.mmsh.fr\/#\/schema\/person\/86a185da4836381586528ced48e263f5","name":"Delphine Cavallo","url":"https:\/\/telemme.mmsh.fr\/?author=6"}]}},"_links":{"self":[{"href":"https:\/\/telemme.mmsh.fr\/index.php?rest_route=\/wp\/v2\/posts\/12074","targetHints":{"allow":["GET"]}}],"collection":[{"href":"https:\/\/telemme.mmsh.fr\/index.php?rest_route=\/wp\/v2\/posts"}],"about":[{"href":"https:\/\/telemme.mmsh.fr\/index.php?rest_route=\/wp\/v2\/types\/post"}],"author":[{"embeddable":true,"href":"https:\/\/telemme.mmsh.fr\/index.php?rest_route=\/wp\/v2\/users\/6"}],"replies":[{"embeddable":true,"href":"https:\/\/telemme.mmsh.fr\/index.php?rest_route=%2Fwp%2Fv2%2Fcomments&post=12074"}],"version-history":[{"count":4,"href":"https:\/\/telemme.mmsh.fr\/index.php?rest_route=\/wp\/v2\/posts\/12074\/revisions"}],"predecessor-version":[{"id":12079,"href":"https:\/\/telemme.mmsh.fr\/index.php?rest_route=\/wp\/v2\/posts\/12074\/revisions\/12079"}],"wp:featuredmedia":[{"embeddable":true,"href":"https:\/\/telemme.mmsh.fr\/index.php?rest_route=\/wp\/v2\/media\/12075"}],"wp:attachment":[{"href":"https:\/\/telemme.mmsh.fr\/index.php?rest_route=%2Fwp%2Fv2%2Fmedia&parent=12074"}],"wp:term":[{"taxonomy":"category","embeddable":true,"href":"https:\/\/telemme.mmsh.fr\/index.php?rest_route=%2Fwp%2Fv2%2Fcategories&post=12074"},{"taxonomy":"post_tag","embeddable":true,"href":"https:\/\/telemme.mmsh.fr\/index.php?rest_route=%2Fwp%2Fv2%2Ftags&post=12074"}],"curies":[{"name":"wp","href":"https:\/\/api.w.org\/{rel}","templated":true}]}}