{"id":12066,"date":"2020-09-14T15:36:00","date_gmt":"2020-09-14T13:36:00","guid":{"rendered":"https:\/\/telemme.mmsh.fr\/?p=12066"},"modified":"2022-11-18T16:15:03","modified_gmt":"2022-11-18T15:15:03","slug":"quel-amour-denfant","status":"publish","type":"post","link":"https:\/\/telemme.mmsh.fr\/?p=12066","title":{"rendered":"Quel amour d&rsquo;enfant !"},"content":{"rendered":"\n<p><strong>EXPOSITION DU 23 NOVEMBRE 2017 AU 28 AVRIL 2018<\/strong><\/p>\n\n\n\n<p><strong>L\u2019enfance \u00e0 Marseille de 1881 \u00e0 1968<\/strong><br>Des lois rendant l\u2019\u00e9cole obligatoire (Jules Ferry, 1881-1882) \u00e0 la \u00ab r\u00e9volution soci\u00e9tale \u00bb de mai 1968, les repr\u00e9sentations de l\u2019enfance, la reconnaissance du statut des enfants et leur place dans la soci\u00e9t\u00e9 changent profond\u00e9ment : Ad\u00e8le, Adrienne, Jeannine, Sylvie, Charles, Guy, Jean et les autres sont autant de figures, de petits Marseillais, dont nous suivons l\u2019\u00e9volution et la vie quotidienne \u00e0 Marseille, dans une soci\u00e9t\u00e9 en pleine mutation.<br><\/p>\n\n\n\n<hr class=\"wp-block-separator has-alpha-channel-opacity\"\/>\n\n\n\n<p>\u00ab\u00a0Quel amour d&rsquo;enfant !\u00a0\u00bb retrace la vie des enfants \u00e0 Marseille depuis 1881 jusqu\u2019\u00e0 1968. L\u2019\u00e9volution de leur place dans la famille et dans la soci\u00e9t\u00e9 sert de fil rouge \u00e0 cette exposition qui m\u00eale documents d\u2019archives, \u00e9crits et iconographiques, issus des fonds publics et priv\u00e9s des Archives municipales, et objets pr\u00eat\u00e9s par le Mus\u00e9e d\u2019histoire de Marseille, le Mus\u00e9e de la Moto, le Mucem, l\u2019association du Patrimoine m\u00e9dical et divers pr\u00eateurs priv\u00e9s.<br>Avec l\u2019aide d\u2019Anne Carol et Isabelle Renaudet (Universit\u00e9 d\u2019Aix-Marseille), commissaires scientifiques de cette r\u00e9trospective, et sous la direction de Sylvie Clair, conservateur du Patrimoine et directeur des Archives de Marseille, l\u2019\u00e9quipe des Archives municipales proposent un parcours \u00e9vocateur, ludique et color\u00e9 dans la vie des petits Marseillais, depuis l\u2019\u00e9tablissement de l\u2019instruction primaire obligatoire en 1882 jusqu\u2019\u00e0 la \u00ab r\u00e9volution \u00bb de 1968, tant dans le cercle familial que dans l\u2019espace public.<\/p>\n\n\n\n<p>En sept th\u00e8mes (na\u00eetre, nourrir, soigner et prot\u00e9ger, \u00e0 l\u2019\u00e9cole, au travail, jouer et lire), l\u2019exposition \u00e9voque, gr\u00e2ce \u00e0 plus de 240 documents (\u00e9crits, photographies, dessins, objets, films et t\u00e9moignages sonores), la vie d\u2019Adrienne, Ad\u00e8le, Jeanine, Jean, Guy et les autres.<br>Cette exposition montre l&rsquo;\u00e9mergence du concept d\u2019 \u00abenfance\u00bb : Comment l\u2019enfant est consid\u00e9r\u00e9 en tant qu\u2019individu et en tant que membre d\u2019une famille, d\u2019un groupe, de la soci\u00e9t\u00e9. Comment l\u2019individualit\u00e9 et la personnalit\u00e9 de l\u2019enfant se construit gr\u00e2ce \u00e0 l\u2019\u00e9ducation et aux rencontres, comment elle s\u2019affirme par son appartenance \u00e0 des groupes, des cercles de plus en plus larges, tandis que l\u2019autonomie et la libert\u00e9 ainsi acquise font passer l\u2019individu du stade enfantin \u00e0 celui d\u2019adulte.<\/p>\n\n\n\n<h3 class=\"wp-block-heading\">Lieu<\/h3>\n\n\n\n<p>ARCHIVES DE MARSEILLE<br>10 rue Clovis-Hugues<br>13003 Marseille<br>04.91.55.33.75.<\/p>\n\n\n\n<h3 class=\"wp-block-heading\">Dates et horaires<\/h3>\n\n\n\n<p>Du mardi au vendredi de 9 h \u00e0 12 h \/ 13 h \u00e0 17 h, le samedi de 14 h \u00e0 18 h<br>Ferm\u00e9 les dimanches, lundis, les jours f\u00e9ri\u00e9s et les 23, 26 et 30 d\u00e9cembre.<\/p>\n\n\n\n<h3 class=\"wp-block-heading\">TRANSPORTS<\/h3>\n\n\n\n<ul class=\"wp-block-list\">\n<li>M\u00e9tro 1 et 2 station Saint-Charles<\/li>\n<\/ul>\n\n\n\n<ul class=\"wp-block-list\">\n<li>Tramway 2 station Longchamp ou National<\/li>\n<\/ul>\n\n\n\n<ul class=\"wp-block-list\">\n<li> Bus 52 arr\u00eat \u00abArchives municipales\u00bb,<br>49 arr\u00eat \u00abBernard\/Clovis-Hugues\u00bb ou \u00abBelle de Mai\/La Friche\u00bb,<br>33 et 34 arr\u00eat \u00abClovis-Hugues\u00bb<\/li>\n<\/ul>\n\n\n\n<ul class=\"wp-block-list\">\n<li>Voiture : parking rues Clovis Hugues et Guibal<\/li>\n<\/ul>\n\n\n\n<h3 class=\"wp-block-heading\">Autour de l\u2019exposition :<\/h3>\n\n\n\n<p>\u2022 Visites comment\u00e9es dur\u00e9e 1 h : les mardis et samedis \u00e0 14 h 30 (pour les individuels) et jeudis \u00e0 14 h 30<br>(pour les groupes sur r\u00e9servation au 04 91 55 33 75).<br>\u2022 Contes et atelier de fabrication de figurines pour th\u00e9\u00e2tre d\u2019ombres, \u00e0 partir de 6 ans dur\u00e9e 1 h 30 :<br>les samedis \u00e0 15 h 30 : 25 novembre, 9 d\u00e9cembre 2017 et 10 f\u00e9vrier, 14 avril 2018 sur r\u00e9servation au 04 91 55 33 75.<br>\u2022 Projection : Graines au vent, La R\u00e9cr\u00e9ation et Des lapins dans la t\u00eate, courts-m\u00e9trages de Paul Carpita :<br>les samedis \u00e0 15 h 30 : 2 d\u00e9cembre 2017 et 17 mars 2018.<br>\u2022 Journ\u00e9e d\u2019\u00e9tudes, en collaboration avec l\u2019Universit\u00e9 d\u2019Aix-Marseille : La recherche et la cit\u00e9<br>mercredi 21 f\u00e9vrier (programme \u00e0 venir)<br>\u2022 Pr\u00e9sentation d\u2019objets (relatifs au bapt\u00eame et \u00e0 l\u2019allaitement) par Jacques Delenne : <br>les mercredis de 14 h 30 \u00e0 16 h 30 : 6 d\u00e9cembre 2017, 17 janvier et 7 mars 2018.<\/p>\n\n\n\n<h3 class=\"wp-block-heading\">ET TOUJOURS \u2026<\/h3>\n\n\n\n<p>\u2022 L\u2019atelier de moulage de sceaux \u00e0 partir de 6 ans (enfants accompagn\u00e9s) dur\u00e9e 1 h :<br>les mercredis \u00e0 14 h : 13 d\u00e9cembre 2017, 17 janvier, 7 f\u00e9vrier, 7 mars et 18 avril 2018 sur r\u00e9servation au 04 91 55 33 75.<\/p>\n","protected":false},"excerpt":{"rendered":"<p>Des lois rendant l\u2019\u00e9cole obligatoire (Jules Ferry, 1881-1882) \u00e0 la \u00ab r\u00e9volution soci\u00e9tale \u00bb de mai 1968, les repr\u00e9sentations de l\u2019enfance, la reconnaissance du statut des enfants et leur place dans la soci\u00e9t\u00e9 changent profond\u00e9ment : Ad\u00e8le, Adrienne, Jeannine, Sylvie, Charles, Guy, Jean et les autres sont autant de figures, de petits Marseillais, dont nous suivons l\u2019\u00e9volution et la vie quotidienne \u00e0 Marseille, dans une soci\u00e9t\u00e9 en pleine mutation.<\/p>\n","protected":false},"author":6,"featured_media":12068,"comment_status":"closed","ping_status":"closed","sticky":false,"template":"","format":"standard","meta":{"neve_meta_sidebar":"","neve_meta_container":"","neve_meta_enable_content_width":"off","neve_meta_content_width":70,"neve_meta_title_alignment":"","neve_meta_author_avatar":"","neve_post_elements_order":"","neve_meta_disable_header":"","neve_meta_disable_footer":"","neve_meta_disable_title":"","_tribe_events_control_status":"","_tribe_events_control_status_canceled_reason":"","_tribe_events_control_status_postponed_reason":"","_tribe_events_control_online":"","_tribe_events_control_online_url":"","footnotes":""},"categories":[1730],"tags":[],"class_list":["post-12066","post","type-post","status-publish","format-standard","has-post-thumbnail","hentry","category-expositions"],"yoast_head":"<!-- This site is optimized with the Yoast SEO plugin v27.4 - https:\/\/yoast.com\/product\/yoast-seo-wordpress\/ -->\n<title>Quel amour d&#039;enfant ! - TELEMMe - Temps, espaces, langages, Europe m\u00e9ridionale, M\u00e9diterran\u00e9e<\/title>\n<meta name=\"robots\" content=\"index, follow, max-snippet:-1, max-image-preview:large, max-video-preview:-1\" \/>\n<link rel=\"canonical\" href=\"https:\/\/telemme.mmsh.fr\/?p=12066\" \/>\n<meta property=\"og:locale\" content=\"fr_FR\" \/>\n<meta property=\"og:type\" content=\"article\" \/>\n<meta property=\"og:title\" content=\"Quel amour d&#039;enfant ! - TELEMMe - Temps, espaces, langages, Europe m\u00e9ridionale, M\u00e9diterran\u00e9e\" \/>\n<meta property=\"og:description\" content=\"Des lois rendant l\u2019\u00e9cole obligatoire (Jules Ferry, 1881-1882) \u00e0 la \u00ab r\u00e9volution soci\u00e9tale \u00bb de mai 1968, les repr\u00e9sentations de l\u2019enfance, la reconnaissance du statut des enfants et leur place dans la soci\u00e9t\u00e9 changent profond\u00e9ment : Ad\u00e8le, Adrienne, Jeannine, Sylvie, Charles, Guy, Jean et les autres sont autant de figures, de petits Marseillais, dont nous suivons l\u2019\u00e9volution et la vie quotidienne \u00e0 Marseille, dans une soci\u00e9t\u00e9 en pleine mutation.\" \/>\n<meta property=\"og:url\" content=\"https:\/\/telemme.mmsh.fr\/?p=12066\" \/>\n<meta property=\"og:site_name\" content=\"TELEMMe - Temps, espaces, langages, Europe m\u00e9ridionale, M\u00e9diterran\u00e9e\" \/>\n<meta property=\"article:published_time\" content=\"2020-09-14T13:36:00+00:00\" \/>\n<meta property=\"article:modified_time\" content=\"2022-11-18T15:15:03+00:00\" \/>\n<meta property=\"og:image\" content=\"https:\/\/telemme.mmsh.fr\/wp-content\/uploads\/2022\/11\/A3-expo-archives.jpg\" \/>\n\t<meta property=\"og:image:width\" content=\"1170\" \/>\n\t<meta property=\"og:image:height\" content=\"1654\" \/>\n\t<meta property=\"og:image:type\" content=\"image\/jpeg\" \/>\n<meta name=\"author\" content=\"Delphine Cavallo\" \/>\n<meta name=\"twitter:card\" content=\"summary_large_image\" \/>\n<meta name=\"twitter:label1\" content=\"\u00c9crit par\" \/>\n\t<meta name=\"twitter:data1\" content=\"Delphine Cavallo\" \/>\n\t<meta name=\"twitter:label2\" content=\"Dur\u00e9e de lecture estim\u00e9e\" \/>\n\t<meta name=\"twitter:data2\" content=\"3 minutes\" \/>\n<script type=\"application\/ld+json\" class=\"yoast-schema-graph\">{\"@context\":\"https:\\\/\\\/schema.org\",\"@graph\":[{\"@type\":\"Article\",\"@id\":\"https:\\\/\\\/telemme.mmsh.fr\\\/?p=12066#article\",\"isPartOf\":{\"@id\":\"https:\\\/\\\/telemme.mmsh.fr\\\/?p=12066\"},\"author\":{\"name\":\"Delphine Cavallo\",\"@id\":\"https:\\\/\\\/telemme.mmsh.fr\\\/#\\\/schema\\\/person\\\/86a185da4836381586528ced48e263f5\"},\"headline\":\"Quel amour d&rsquo;enfant !\",\"datePublished\":\"2020-09-14T13:36:00+00:00\",\"dateModified\":\"2022-11-18T15:15:03+00:00\",\"mainEntityOfPage\":{\"@id\":\"https:\\\/\\\/telemme.mmsh.fr\\\/?p=12066\"},\"wordCount\":617,\"publisher\":{\"@id\":\"https:\\\/\\\/telemme.mmsh.fr\\\/#organization\"},\"image\":{\"@id\":\"https:\\\/\\\/telemme.mmsh.fr\\\/?p=12066#primaryimage\"},\"thumbnailUrl\":\"https:\\\/\\\/telemme.mmsh.fr\\\/wp-content\\\/uploads\\\/2022\\\/11\\\/A3-expo-archives.jpg\",\"articleSection\":[\"Expositions\"],\"inLanguage\":\"fr-FR\"},{\"@type\":\"WebPage\",\"@id\":\"https:\\\/\\\/telemme.mmsh.fr\\\/?p=12066\",\"url\":\"https:\\\/\\\/telemme.mmsh.fr\\\/?p=12066\",\"name\":\"Quel amour d'enfant ! - TELEMMe - Temps, espaces, langages, Europe m\u00e9ridionale, M\u00e9diterran\u00e9e\",\"isPartOf\":{\"@id\":\"https:\\\/\\\/telemme.mmsh.fr\\\/#website\"},\"primaryImageOfPage\":{\"@id\":\"https:\\\/\\\/telemme.mmsh.fr\\\/?p=12066#primaryimage\"},\"image\":{\"@id\":\"https:\\\/\\\/telemme.mmsh.fr\\\/?p=12066#primaryimage\"},\"thumbnailUrl\":\"https:\\\/\\\/telemme.mmsh.fr\\\/wp-content\\\/uploads\\\/2022\\\/11\\\/A3-expo-archives.jpg\",\"datePublished\":\"2020-09-14T13:36:00+00:00\",\"dateModified\":\"2022-11-18T15:15:03+00:00\",\"breadcrumb\":{\"@id\":\"https:\\\/\\\/telemme.mmsh.fr\\\/?p=12066#breadcrumb\"},\"inLanguage\":\"fr-FR\",\"potentialAction\":[{\"@type\":\"ReadAction\",\"target\":[\"https:\\\/\\\/telemme.mmsh.fr\\\/?p=12066\"]}]},{\"@type\":\"ImageObject\",\"inLanguage\":\"fr-FR\",\"@id\":\"https:\\\/\\\/telemme.mmsh.fr\\\/?p=12066#primaryimage\",\"url\":\"https:\\\/\\\/telemme.mmsh.fr\\\/wp-content\\\/uploads\\\/2022\\\/11\\\/A3-expo-archives.jpg\",\"contentUrl\":\"https:\\\/\\\/telemme.mmsh.fr\\\/wp-content\\\/uploads\\\/2022\\\/11\\\/A3-expo-archives.jpg\",\"width\":1170,\"height\":1654,\"caption\":\"Affiche de l'exposition Quel amour d'enfant !, Archives municipales de Marseille\"},{\"@type\":\"BreadcrumbList\",\"@id\":\"https:\\\/\\\/telemme.mmsh.fr\\\/?p=12066#breadcrumb\",\"itemListElement\":[{\"@type\":\"ListItem\",\"position\":1,\"name\":\"Accueil\",\"item\":\"https:\\\/\\\/telemme.mmsh.fr\\\/\"},{\"@type\":\"ListItem\",\"position\":2,\"name\":\"M\u00e9diation et diffusion\",\"item\":\"https:\\\/\\\/telemme.mmsh.fr\\\/?cat=1736\"},{\"@type\":\"ListItem\",\"position\":3,\"name\":\"Expositions\",\"item\":\"https:\\\/\\\/telemme.mmsh.fr\\\/?cat=1730\"},{\"@type\":\"ListItem\",\"position\":4,\"name\":\"Quel amour d&#8217;enfant !\"}]},{\"@type\":\"WebSite\",\"@id\":\"https:\\\/\\\/telemme.mmsh.fr\\\/#website\",\"url\":\"https:\\\/\\\/telemme.mmsh.fr\\\/\",\"name\":\"TELEMMe - Temps, espaces, langages, Europe m\u00e9ridionale, M\u00e9diterran\u00e9e\",\"description\":\"\",\"publisher\":{\"@id\":\"https:\\\/\\\/telemme.mmsh.fr\\\/#organization\"},\"potentialAction\":[{\"@type\":\"SearchAction\",\"target\":{\"@type\":\"EntryPoint\",\"urlTemplate\":\"https:\\\/\\\/telemme.mmsh.fr\\\/?s={search_term_string}\"},\"query-input\":{\"@type\":\"PropertyValueSpecification\",\"valueRequired\":true,\"valueName\":\"search_term_string\"}}],\"inLanguage\":\"fr-FR\"},{\"@type\":\"Organization\",\"@id\":\"https:\\\/\\\/telemme.mmsh.fr\\\/#organization\",\"name\":\"TELEMMe\",\"url\":\"https:\\\/\\\/telemme.mmsh.fr\\\/\",\"logo\":{\"@type\":\"ImageObject\",\"inLanguage\":\"fr-FR\",\"@id\":\"https:\\\/\\\/telemme.mmsh.fr\\\/#\\\/schema\\\/logo\\\/image\\\/\",\"url\":\"https:\\\/\\\/telemme.mmsh.fr\\\/wp-content\\\/uploads\\\/2020\\\/03\\\/LogoTELEMMe-horizontal-fond-transparent.png\",\"contentUrl\":\"https:\\\/\\\/telemme.mmsh.fr\\\/wp-content\\\/uploads\\\/2020\\\/03\\\/LogoTELEMMe-horizontal-fond-transparent.png\",\"width\":1500,\"height\":437,\"caption\":\"TELEMMe\"},\"image\":{\"@id\":\"https:\\\/\\\/telemme.mmsh.fr\\\/#\\\/schema\\\/logo\\\/image\\\/\"}},{\"@type\":\"Person\",\"@id\":\"https:\\\/\\\/telemme.mmsh.fr\\\/#\\\/schema\\\/person\\\/86a185da4836381586528ced48e263f5\",\"name\":\"Delphine Cavallo\",\"url\":\"https:\\\/\\\/telemme.mmsh.fr\\\/?author=6\"}]}<\/script>\n<!-- \/ Yoast SEO plugin. -->","yoast_head_json":{"title":"Quel amour d'enfant ! - TELEMMe - Temps, espaces, langages, Europe m\u00e9ridionale, M\u00e9diterran\u00e9e","robots":{"index":"index","follow":"follow","max-snippet":"max-snippet:-1","max-image-preview":"max-image-preview:large","max-video-preview":"max-video-preview:-1"},"canonical":"https:\/\/telemme.mmsh.fr\/?p=12066","og_locale":"fr_FR","og_type":"article","og_title":"Quel amour d'enfant ! - TELEMMe - Temps, espaces, langages, Europe m\u00e9ridionale, M\u00e9diterran\u00e9e","og_description":"Des lois rendant l\u2019\u00e9cole obligatoire (Jules Ferry, 1881-1882) \u00e0 la \u00ab r\u00e9volution soci\u00e9tale \u00bb de mai 1968, les repr\u00e9sentations de l\u2019enfance, la reconnaissance du statut des enfants et leur place dans la soci\u00e9t\u00e9 changent profond\u00e9ment : Ad\u00e8le, Adrienne, Jeannine, Sylvie, Charles, Guy, Jean et les autres sont autant de figures, de petits Marseillais, dont nous suivons l\u2019\u00e9volution et la vie quotidienne \u00e0 Marseille, dans une soci\u00e9t\u00e9 en pleine mutation.","og_url":"https:\/\/telemme.mmsh.fr\/?p=12066","og_site_name":"TELEMMe - Temps, espaces, langages, Europe m\u00e9ridionale, M\u00e9diterran\u00e9e","article_published_time":"2020-09-14T13:36:00+00:00","article_modified_time":"2022-11-18T15:15:03+00:00","og_image":[{"width":1170,"height":1654,"url":"https:\/\/telemme.mmsh.fr\/wp-content\/uploads\/2022\/11\/A3-expo-archives.jpg","type":"image\/jpeg"}],"author":"Delphine Cavallo","twitter_card":"summary_large_image","twitter_misc":{"\u00c9crit par":"Delphine Cavallo","Dur\u00e9e de lecture estim\u00e9e":"3 minutes"},"schema":{"@context":"https:\/\/schema.org","@graph":[{"@type":"Article","@id":"https:\/\/telemme.mmsh.fr\/?p=12066#article","isPartOf":{"@id":"https:\/\/telemme.mmsh.fr\/?p=12066"},"author":{"name":"Delphine Cavallo","@id":"https:\/\/telemme.mmsh.fr\/#\/schema\/person\/86a185da4836381586528ced48e263f5"},"headline":"Quel amour d&rsquo;enfant !","datePublished":"2020-09-14T13:36:00+00:00","dateModified":"2022-11-18T15:15:03+00:00","mainEntityOfPage":{"@id":"https:\/\/telemme.mmsh.fr\/?p=12066"},"wordCount":617,"publisher":{"@id":"https:\/\/telemme.mmsh.fr\/#organization"},"image":{"@id":"https:\/\/telemme.mmsh.fr\/?p=12066#primaryimage"},"thumbnailUrl":"https:\/\/telemme.mmsh.fr\/wp-content\/uploads\/2022\/11\/A3-expo-archives.jpg","articleSection":["Expositions"],"inLanguage":"fr-FR"},{"@type":"WebPage","@id":"https:\/\/telemme.mmsh.fr\/?p=12066","url":"https:\/\/telemme.mmsh.fr\/?p=12066","name":"Quel amour d'enfant ! - TELEMMe - Temps, espaces, langages, Europe m\u00e9ridionale, M\u00e9diterran\u00e9e","isPartOf":{"@id":"https:\/\/telemme.mmsh.fr\/#website"},"primaryImageOfPage":{"@id":"https:\/\/telemme.mmsh.fr\/?p=12066#primaryimage"},"image":{"@id":"https:\/\/telemme.mmsh.fr\/?p=12066#primaryimage"},"thumbnailUrl":"https:\/\/telemme.mmsh.fr\/wp-content\/uploads\/2022\/11\/A3-expo-archives.jpg","datePublished":"2020-09-14T13:36:00+00:00","dateModified":"2022-11-18T15:15:03+00:00","breadcrumb":{"@id":"https:\/\/telemme.mmsh.fr\/?p=12066#breadcrumb"},"inLanguage":"fr-FR","potentialAction":[{"@type":"ReadAction","target":["https:\/\/telemme.mmsh.fr\/?p=12066"]}]},{"@type":"ImageObject","inLanguage":"fr-FR","@id":"https:\/\/telemme.mmsh.fr\/?p=12066#primaryimage","url":"https:\/\/telemme.mmsh.fr\/wp-content\/uploads\/2022\/11\/A3-expo-archives.jpg","contentUrl":"https:\/\/telemme.mmsh.fr\/wp-content\/uploads\/2022\/11\/A3-expo-archives.jpg","width":1170,"height":1654,"caption":"Affiche de l'exposition Quel amour d'enfant !, Archives municipales de Marseille"},{"@type":"BreadcrumbList","@id":"https:\/\/telemme.mmsh.fr\/?p=12066#breadcrumb","itemListElement":[{"@type":"ListItem","position":1,"name":"Accueil","item":"https:\/\/telemme.mmsh.fr\/"},{"@type":"ListItem","position":2,"name":"M\u00e9diation et diffusion","item":"https:\/\/telemme.mmsh.fr\/?cat=1736"},{"@type":"ListItem","position":3,"name":"Expositions","item":"https:\/\/telemme.mmsh.fr\/?cat=1730"},{"@type":"ListItem","position":4,"name":"Quel amour d&#8217;enfant !"}]},{"@type":"WebSite","@id":"https:\/\/telemme.mmsh.fr\/#website","url":"https:\/\/telemme.mmsh.fr\/","name":"TELEMMe - Temps, espaces, langages, Europe m\u00e9ridionale, M\u00e9diterran\u00e9e","description":"","publisher":{"@id":"https:\/\/telemme.mmsh.fr\/#organization"},"potentialAction":[{"@type":"SearchAction","target":{"@type":"EntryPoint","urlTemplate":"https:\/\/telemme.mmsh.fr\/?s={search_term_string}"},"query-input":{"@type":"PropertyValueSpecification","valueRequired":true,"valueName":"search_term_string"}}],"inLanguage":"fr-FR"},{"@type":"Organization","@id":"https:\/\/telemme.mmsh.fr\/#organization","name":"TELEMMe","url":"https:\/\/telemme.mmsh.fr\/","logo":{"@type":"ImageObject","inLanguage":"fr-FR","@id":"https:\/\/telemme.mmsh.fr\/#\/schema\/logo\/image\/","url":"https:\/\/telemme.mmsh.fr\/wp-content\/uploads\/2020\/03\/LogoTELEMMe-horizontal-fond-transparent.png","contentUrl":"https:\/\/telemme.mmsh.fr\/wp-content\/uploads\/2020\/03\/LogoTELEMMe-horizontal-fond-transparent.png","width":1500,"height":437,"caption":"TELEMMe"},"image":{"@id":"https:\/\/telemme.mmsh.fr\/#\/schema\/logo\/image\/"}},{"@type":"Person","@id":"https:\/\/telemme.mmsh.fr\/#\/schema\/person\/86a185da4836381586528ced48e263f5","name":"Delphine Cavallo","url":"https:\/\/telemme.mmsh.fr\/?author=6"}]}},"_links":{"self":[{"href":"https:\/\/telemme.mmsh.fr\/index.php?rest_route=\/wp\/v2\/posts\/12066","targetHints":{"allow":["GET"]}}],"collection":[{"href":"https:\/\/telemme.mmsh.fr\/index.php?rest_route=\/wp\/v2\/posts"}],"about":[{"href":"https:\/\/telemme.mmsh.fr\/index.php?rest_route=\/wp\/v2\/types\/post"}],"author":[{"embeddable":true,"href":"https:\/\/telemme.mmsh.fr\/index.php?rest_route=\/wp\/v2\/users\/6"}],"replies":[{"embeddable":true,"href":"https:\/\/telemme.mmsh.fr\/index.php?rest_route=%2Fwp%2Fv2%2Fcomments&post=12066"}],"version-history":[{"count":6,"href":"https:\/\/telemme.mmsh.fr\/index.php?rest_route=\/wp\/v2\/posts\/12066\/revisions"}],"predecessor-version":[{"id":12073,"href":"https:\/\/telemme.mmsh.fr\/index.php?rest_route=\/wp\/v2\/posts\/12066\/revisions\/12073"}],"wp:featuredmedia":[{"embeddable":true,"href":"https:\/\/telemme.mmsh.fr\/index.php?rest_route=\/wp\/v2\/media\/12068"}],"wp:attachment":[{"href":"https:\/\/telemme.mmsh.fr\/index.php?rest_route=%2Fwp%2Fv2%2Fmedia&parent=12066"}],"wp:term":[{"taxonomy":"category","embeddable":true,"href":"https:\/\/telemme.mmsh.fr\/index.php?rest_route=%2Fwp%2Fv2%2Fcategories&post=12066"},{"taxonomy":"post_tag","embeddable":true,"href":"https:\/\/telemme.mmsh.fr\/index.php?rest_route=%2Fwp%2Fv2%2Ftags&post=12066"}],"curies":[{"name":"wp","href":"https:\/\/api.w.org\/{rel}","templated":true}]}}