{"id":12059,"date":"2020-09-14T15:42:00","date_gmt":"2020-09-14T13:42:00","guid":{"rendered":"https:\/\/telemme.mmsh.fr\/?p=12059"},"modified":"2022-11-18T15:43:21","modified_gmt":"2022-11-18T14:43:21","slug":"marseille-et-lepopee-du-canal-de-suez","status":"publish","type":"post","link":"https:\/\/telemme.mmsh.fr\/?p=12059","title":{"rendered":"Marseille et l\u2019\u00e9pop\u00e9e du Canal de Suez"},"content":{"rendered":"\n<p><strong><em>Exposition, du 19 octobre 2018 au 31 mars 2019, au Mus\u00e9e d\u2019histoire de Marseille<\/em><\/strong><\/p>\n\n\n\n<p><strong>Commissariat d\u2019exposition<\/strong>&nbsp;: Claude Mollard et Gilles Gauthier, Institut du Monde Arabe, et Ann Blanchet, Mus\u00e9e d\u2019histoire de Marseille<\/p>\n\n\n\n<p><strong>Conseil scientifique<\/strong>&nbsp;: Fabien Bartolotti, Xavier Daumalin et Olivier Raveux (TELEMMe, AMU-CNRS)<\/p>\n\n\n\n<p>En partenariat avec l\u2019Institut du Monde Arabe, le mus\u00e9e d\u2019Histoire de Marseille propose de renouveler le discours sur la relation du canal de Suez \u00e0 Marseille et \u00e0 son port, en confrontant espoirs, imaginaire et r\u00e9alit\u00e9 et en s\u2019appuyant sur les travaux historiques r\u00e9cents men\u00e9s par le laboratoire TELEMMe d\u2019Aix-Marseille Universit\u00e9.<\/p>\n\n\n\n<p>L\u2019exposition s\u2019organise en 8 parties chronoth\u00e9matiques :<\/p>\n\n\n\n<ol class=\"wp-block-list\" type=\"1\">\n<li><strong>Marseille, l\u2019\u00c9gypte et l\u2019Asie<\/strong> avant le canal<\/li>\n<\/ol>\n\n\n\n<ul class=\"wp-block-list\">\n<li>2. <strong>Le soutien \u00e0 l\u2019\u0153uvre de Lesseps<\/strong>, 1830 \u2013 1869<\/li>\n<\/ul>\n\n\n\n<ul class=\"wp-block-list\">\n<li>3. <strong>Naissance et construction<\/strong> du canal<\/li>\n<\/ul>\n\n\n\n<ul class=\"wp-block-list\">\n<li>4. <strong>L\u2019inauguration<\/strong> : l\u2019\u00c9gypte au centre du monde<\/li>\n<\/ul>\n\n\n\n<ul class=\"wp-block-list\">\n<li>5<strong>. Les villes et la vie<\/strong> du canal<\/li>\n<\/ul>\n\n\n\n<ul class=\"wp-block-list\">\n<li>6. <strong>L\u2019importance du canal pour le port de Marseille<\/strong><\/li>\n<\/ul>\n\n\n\n<ul class=\"wp-block-list\">\n<li>7. <strong>Un enjeu g\u00e9ostrat\u00e9gique<\/strong> : entre colonialisme et combat nationaliste<\/li>\n<\/ul>\n\n\n\n<ul class=\"wp-block-list\">\n<li>8. <strong>Art et imaginaire<\/strong><\/li>\n<\/ul>\n\n\n\n<p><\/p>\n","protected":false},"excerpt":{"rendered":"<p>En partenariat avec l\u2019Institut du Monde Arabe, le mus\u00e9e d\u2019Histoire de Marseille propose de renouveler le discours sur la relation du canal de Suez \u00e0 Marseille et \u00e0 son port, en confrontant espoirs, imaginaire et r\u00e9alit\u00e9 et en s\u2019appuyant sur les travaux historiques r\u00e9cents men\u00e9s par le laboratoire TELEMMe d\u2019Aix-Marseille Universit\u00e9.<\/p>\n","protected":false},"author":6,"featured_media":12061,"comment_status":"closed","ping_status":"closed","sticky":false,"template":"","format":"standard","meta":{"neve_meta_sidebar":"","neve_meta_container":"","neve_meta_enable_content_width":"off","neve_meta_content_width":70,"neve_meta_title_alignment":"","neve_meta_author_avatar":"","neve_post_elements_order":"","neve_meta_disable_header":"","neve_meta_disable_footer":"","neve_meta_disable_title":"","_tribe_events_control_status":"","_tribe_events_control_status_canceled_reason":"","_tribe_events_control_status_postponed_reason":"","_tribe_events_control_online":"","_tribe_events_control_online_url":"","footnotes":""},"categories":[1730],"tags":[2580],"class_list":["post-12059","post","type-post","status-publish","format-standard","has-post-thumbnail","hentry","category-expositions","tag-canal-de-suez"],"yoast_head":"<!-- This site is optimized with the Yoast SEO plugin v27.4 - https:\/\/yoast.com\/product\/yoast-seo-wordpress\/ -->\n<title>Marseille et l\u2019\u00e9pop\u00e9e du Canal de Suez - TELEMMe - Temps, espaces, langages, Europe m\u00e9ridionale, M\u00e9diterran\u00e9e<\/title>\n<meta name=\"description\" content=\"En partenariat avec l\u2019Institut du Monde Arabe, le mus\u00e9e d\u2019Histoire de Marseille propose de renouveler le discours sur la relation du canal de Suez \u00e0 Marseille et \u00e0 son port, en confrontant espoirs, imaginaire et r\u00e9alit\u00e9 et en s\u2019appuyant sur les travaux historiques r\u00e9cents men\u00e9s par le laboratoire TELEMMe d\u2019Aix-Marseille Universit\u00e9.\" \/>\n<meta name=\"robots\" content=\"index, follow, max-snippet:-1, max-image-preview:large, max-video-preview:-1\" \/>\n<link rel=\"canonical\" href=\"https:\/\/telemme.mmsh.fr\/?p=12059\" \/>\n<meta property=\"og:locale\" content=\"fr_FR\" \/>\n<meta property=\"og:type\" content=\"article\" \/>\n<meta property=\"og:title\" content=\"Marseille et l\u2019\u00e9pop\u00e9e du Canal de Suez - TELEMMe - Temps, espaces, langages, Europe m\u00e9ridionale, M\u00e9diterran\u00e9e\" \/>\n<meta property=\"og:description\" content=\"En partenariat avec l\u2019Institut du Monde Arabe, le mus\u00e9e d\u2019Histoire de Marseille propose de renouveler le discours sur la relation du canal de Suez \u00e0 Marseille et \u00e0 son port, en confrontant espoirs, imaginaire et r\u00e9alit\u00e9 et en s\u2019appuyant sur les travaux historiques r\u00e9cents men\u00e9s par le laboratoire TELEMMe d\u2019Aix-Marseille Universit\u00e9.\" \/>\n<meta property=\"og:url\" content=\"https:\/\/telemme.mmsh.fr\/?p=12059\" \/>\n<meta property=\"og:site_name\" content=\"TELEMMe - Temps, espaces, langages, Europe m\u00e9ridionale, M\u00e9diterran\u00e9e\" \/>\n<meta property=\"article:published_time\" content=\"2020-09-14T13:42:00+00:00\" \/>\n<meta property=\"article:modified_time\" content=\"2022-11-18T14:43:21+00:00\" \/>\n<meta property=\"og:image\" content=\"https:\/\/telemme.mmsh.fr\/wp-content\/uploads\/2022\/11\/Expo-Canal-de-Suez-120x176-5.png\" \/>\n\t<meta property=\"og:image:width\" content=\"1900\" \/>\n\t<meta property=\"og:image:height\" content=\"2800\" \/>\n\t<meta property=\"og:image:type\" content=\"image\/png\" \/>\n<meta name=\"author\" content=\"Delphine Cavallo\" \/>\n<meta name=\"twitter:card\" content=\"summary_large_image\" \/>\n<meta name=\"twitter:label1\" content=\"\u00c9crit par\" \/>\n\t<meta name=\"twitter:data1\" content=\"Delphine Cavallo\" \/>\n\t<meta name=\"twitter:label2\" content=\"Dur\u00e9e de lecture estim\u00e9e\" \/>\n\t<meta name=\"twitter:data2\" content=\"1 minute\" \/>\n<script type=\"application\/ld+json\" class=\"yoast-schema-graph\">{\"@context\":\"https:\\\/\\\/schema.org\",\"@graph\":[{\"@type\":\"Article\",\"@id\":\"https:\\\/\\\/telemme.mmsh.fr\\\/?p=12059#article\",\"isPartOf\":{\"@id\":\"https:\\\/\\\/telemme.mmsh.fr\\\/?p=12059\"},\"author\":{\"name\":\"Delphine Cavallo\",\"@id\":\"https:\\\/\\\/telemme.mmsh.fr\\\/#\\\/schema\\\/person\\\/86a185da4836381586528ced48e263f5\"},\"headline\":\"Marseille et l\u2019\u00e9pop\u00e9e du Canal de Suez\",\"datePublished\":\"2020-09-14T13:42:00+00:00\",\"dateModified\":\"2022-11-18T14:43:21+00:00\",\"mainEntityOfPage\":{\"@id\":\"https:\\\/\\\/telemme.mmsh.fr\\\/?p=12059\"},\"wordCount\":177,\"publisher\":{\"@id\":\"https:\\\/\\\/telemme.mmsh.fr\\\/#organization\"},\"image\":{\"@id\":\"https:\\\/\\\/telemme.mmsh.fr\\\/?p=12059#primaryimage\"},\"thumbnailUrl\":\"https:\\\/\\\/telemme.mmsh.fr\\\/wp-content\\\/uploads\\\/2022\\\/11\\\/Expo-Canal-de-Suez-120x176-5.png\",\"keywords\":[\"Canal de Suez\"],\"articleSection\":[\"Expositions\"],\"inLanguage\":\"fr-FR\"},{\"@type\":\"WebPage\",\"@id\":\"https:\\\/\\\/telemme.mmsh.fr\\\/?p=12059\",\"url\":\"https:\\\/\\\/telemme.mmsh.fr\\\/?p=12059\",\"name\":\"Marseille et l\u2019\u00e9pop\u00e9e du Canal de Suez - TELEMMe - Temps, espaces, langages, Europe m\u00e9ridionale, M\u00e9diterran\u00e9e\",\"isPartOf\":{\"@id\":\"https:\\\/\\\/telemme.mmsh.fr\\\/#website\"},\"primaryImageOfPage\":{\"@id\":\"https:\\\/\\\/telemme.mmsh.fr\\\/?p=12059#primaryimage\"},\"image\":{\"@id\":\"https:\\\/\\\/telemme.mmsh.fr\\\/?p=12059#primaryimage\"},\"thumbnailUrl\":\"https:\\\/\\\/telemme.mmsh.fr\\\/wp-content\\\/uploads\\\/2022\\\/11\\\/Expo-Canal-de-Suez-120x176-5.png\",\"datePublished\":\"2020-09-14T13:42:00+00:00\",\"dateModified\":\"2022-11-18T14:43:21+00:00\",\"description\":\"En partenariat avec l\u2019Institut du Monde Arabe, le mus\u00e9e d\u2019Histoire de Marseille propose de renouveler le discours sur la relation du canal de Suez \u00e0 Marseille et \u00e0 son port, en confrontant espoirs, imaginaire et r\u00e9alit\u00e9 et en s\u2019appuyant sur les travaux historiques r\u00e9cents men\u00e9s par le laboratoire TELEMMe d\u2019Aix-Marseille Universit\u00e9.\",\"breadcrumb\":{\"@id\":\"https:\\\/\\\/telemme.mmsh.fr\\\/?p=12059#breadcrumb\"},\"inLanguage\":\"fr-FR\",\"potentialAction\":[{\"@type\":\"ReadAction\",\"target\":[\"https:\\\/\\\/telemme.mmsh.fr\\\/?p=12059\"]}]},{\"@type\":\"ImageObject\",\"inLanguage\":\"fr-FR\",\"@id\":\"https:\\\/\\\/telemme.mmsh.fr\\\/?p=12059#primaryimage\",\"url\":\"https:\\\/\\\/telemme.mmsh.fr\\\/wp-content\\\/uploads\\\/2022\\\/11\\\/Expo-Canal-de-Suez-120x176-5.png\",\"contentUrl\":\"https:\\\/\\\/telemme.mmsh.fr\\\/wp-content\\\/uploads\\\/2022\\\/11\\\/Expo-Canal-de-Suez-120x176-5.png\",\"width\":1900,\"height\":2800,\"caption\":\"Affiche de l'exposition Marseille et l\u2019\u00e9pop\u00e9e du Canal de Suez, mus\u00e9e d'histoire de Marseille\"},{\"@type\":\"BreadcrumbList\",\"@id\":\"https:\\\/\\\/telemme.mmsh.fr\\\/?p=12059#breadcrumb\",\"itemListElement\":[{\"@type\":\"ListItem\",\"position\":1,\"name\":\"Accueil\",\"item\":\"https:\\\/\\\/telemme.mmsh.fr\\\/\"},{\"@type\":\"ListItem\",\"position\":2,\"name\":\"M\u00e9diation et diffusion\",\"item\":\"https:\\\/\\\/telemme.mmsh.fr\\\/?cat=1736\"},{\"@type\":\"ListItem\",\"position\":3,\"name\":\"Expositions\",\"item\":\"https:\\\/\\\/telemme.mmsh.fr\\\/?cat=1730\"},{\"@type\":\"ListItem\",\"position\":4,\"name\":\"Marseille et l\u2019\u00e9pop\u00e9e du Canal de Suez\"}]},{\"@type\":\"WebSite\",\"@id\":\"https:\\\/\\\/telemme.mmsh.fr\\\/#website\",\"url\":\"https:\\\/\\\/telemme.mmsh.fr\\\/\",\"name\":\"TELEMMe - Temps, espaces, langages, Europe m\u00e9ridionale, M\u00e9diterran\u00e9e\",\"description\":\"\",\"publisher\":{\"@id\":\"https:\\\/\\\/telemme.mmsh.fr\\\/#organization\"},\"potentialAction\":[{\"@type\":\"SearchAction\",\"target\":{\"@type\":\"EntryPoint\",\"urlTemplate\":\"https:\\\/\\\/telemme.mmsh.fr\\\/?s={search_term_string}\"},\"query-input\":{\"@type\":\"PropertyValueSpecification\",\"valueRequired\":true,\"valueName\":\"search_term_string\"}}],\"inLanguage\":\"fr-FR\"},{\"@type\":\"Organization\",\"@id\":\"https:\\\/\\\/telemme.mmsh.fr\\\/#organization\",\"name\":\"TELEMMe\",\"url\":\"https:\\\/\\\/telemme.mmsh.fr\\\/\",\"logo\":{\"@type\":\"ImageObject\",\"inLanguage\":\"fr-FR\",\"@id\":\"https:\\\/\\\/telemme.mmsh.fr\\\/#\\\/schema\\\/logo\\\/image\\\/\",\"url\":\"https:\\\/\\\/telemme.mmsh.fr\\\/wp-content\\\/uploads\\\/2020\\\/03\\\/LogoTELEMMe-horizontal-fond-transparent.png\",\"contentUrl\":\"https:\\\/\\\/telemme.mmsh.fr\\\/wp-content\\\/uploads\\\/2020\\\/03\\\/LogoTELEMMe-horizontal-fond-transparent.png\",\"width\":1500,\"height\":437,\"caption\":\"TELEMMe\"},\"image\":{\"@id\":\"https:\\\/\\\/telemme.mmsh.fr\\\/#\\\/schema\\\/logo\\\/image\\\/\"}},{\"@type\":\"Person\",\"@id\":\"https:\\\/\\\/telemme.mmsh.fr\\\/#\\\/schema\\\/person\\\/86a185da4836381586528ced48e263f5\",\"name\":\"Delphine Cavallo\",\"url\":\"https:\\\/\\\/telemme.mmsh.fr\\\/?author=6\"}]}<\/script>\n<!-- \/ Yoast SEO plugin. -->","yoast_head_json":{"title":"Marseille et l\u2019\u00e9pop\u00e9e du Canal de Suez - TELEMMe - Temps, espaces, langages, Europe m\u00e9ridionale, M\u00e9diterran\u00e9e","description":"En partenariat avec l\u2019Institut du Monde Arabe, le mus\u00e9e d\u2019Histoire de Marseille propose de renouveler le discours sur la relation du canal de Suez \u00e0 Marseille et \u00e0 son port, en confrontant espoirs, imaginaire et r\u00e9alit\u00e9 et en s\u2019appuyant sur les travaux historiques r\u00e9cents men\u00e9s par le laboratoire TELEMMe d\u2019Aix-Marseille Universit\u00e9.","robots":{"index":"index","follow":"follow","max-snippet":"max-snippet:-1","max-image-preview":"max-image-preview:large","max-video-preview":"max-video-preview:-1"},"canonical":"https:\/\/telemme.mmsh.fr\/?p=12059","og_locale":"fr_FR","og_type":"article","og_title":"Marseille et l\u2019\u00e9pop\u00e9e du Canal de Suez - TELEMMe - Temps, espaces, langages, Europe m\u00e9ridionale, M\u00e9diterran\u00e9e","og_description":"En partenariat avec l\u2019Institut du Monde Arabe, le mus\u00e9e d\u2019Histoire de Marseille propose de renouveler le discours sur la relation du canal de Suez \u00e0 Marseille et \u00e0 son port, en confrontant espoirs, imaginaire et r\u00e9alit\u00e9 et en s\u2019appuyant sur les travaux historiques r\u00e9cents men\u00e9s par le laboratoire TELEMMe d\u2019Aix-Marseille Universit\u00e9.","og_url":"https:\/\/telemme.mmsh.fr\/?p=12059","og_site_name":"TELEMMe - Temps, espaces, langages, Europe m\u00e9ridionale, M\u00e9diterran\u00e9e","article_published_time":"2020-09-14T13:42:00+00:00","article_modified_time":"2022-11-18T14:43:21+00:00","og_image":[{"width":1900,"height":2800,"url":"https:\/\/telemme.mmsh.fr\/wp-content\/uploads\/2022\/11\/Expo-Canal-de-Suez-120x176-5.png","type":"image\/png"}],"author":"Delphine Cavallo","twitter_card":"summary_large_image","twitter_misc":{"\u00c9crit par":"Delphine Cavallo","Dur\u00e9e de lecture estim\u00e9e":"1 minute"},"schema":{"@context":"https:\/\/schema.org","@graph":[{"@type":"Article","@id":"https:\/\/telemme.mmsh.fr\/?p=12059#article","isPartOf":{"@id":"https:\/\/telemme.mmsh.fr\/?p=12059"},"author":{"name":"Delphine Cavallo","@id":"https:\/\/telemme.mmsh.fr\/#\/schema\/person\/86a185da4836381586528ced48e263f5"},"headline":"Marseille et l\u2019\u00e9pop\u00e9e du Canal de Suez","datePublished":"2020-09-14T13:42:00+00:00","dateModified":"2022-11-18T14:43:21+00:00","mainEntityOfPage":{"@id":"https:\/\/telemme.mmsh.fr\/?p=12059"},"wordCount":177,"publisher":{"@id":"https:\/\/telemme.mmsh.fr\/#organization"},"image":{"@id":"https:\/\/telemme.mmsh.fr\/?p=12059#primaryimage"},"thumbnailUrl":"https:\/\/telemme.mmsh.fr\/wp-content\/uploads\/2022\/11\/Expo-Canal-de-Suez-120x176-5.png","keywords":["Canal de Suez"],"articleSection":["Expositions"],"inLanguage":"fr-FR"},{"@type":"WebPage","@id":"https:\/\/telemme.mmsh.fr\/?p=12059","url":"https:\/\/telemme.mmsh.fr\/?p=12059","name":"Marseille et l\u2019\u00e9pop\u00e9e du Canal de Suez - TELEMMe - Temps, espaces, langages, Europe m\u00e9ridionale, M\u00e9diterran\u00e9e","isPartOf":{"@id":"https:\/\/telemme.mmsh.fr\/#website"},"primaryImageOfPage":{"@id":"https:\/\/telemme.mmsh.fr\/?p=12059#primaryimage"},"image":{"@id":"https:\/\/telemme.mmsh.fr\/?p=12059#primaryimage"},"thumbnailUrl":"https:\/\/telemme.mmsh.fr\/wp-content\/uploads\/2022\/11\/Expo-Canal-de-Suez-120x176-5.png","datePublished":"2020-09-14T13:42:00+00:00","dateModified":"2022-11-18T14:43:21+00:00","description":"En partenariat avec l\u2019Institut du Monde Arabe, le mus\u00e9e d\u2019Histoire de Marseille propose de renouveler le discours sur la relation du canal de Suez \u00e0 Marseille et \u00e0 son port, en confrontant espoirs, imaginaire et r\u00e9alit\u00e9 et en s\u2019appuyant sur les travaux historiques r\u00e9cents men\u00e9s par le laboratoire TELEMMe d\u2019Aix-Marseille Universit\u00e9.","breadcrumb":{"@id":"https:\/\/telemme.mmsh.fr\/?p=12059#breadcrumb"},"inLanguage":"fr-FR","potentialAction":[{"@type":"ReadAction","target":["https:\/\/telemme.mmsh.fr\/?p=12059"]}]},{"@type":"ImageObject","inLanguage":"fr-FR","@id":"https:\/\/telemme.mmsh.fr\/?p=12059#primaryimage","url":"https:\/\/telemme.mmsh.fr\/wp-content\/uploads\/2022\/11\/Expo-Canal-de-Suez-120x176-5.png","contentUrl":"https:\/\/telemme.mmsh.fr\/wp-content\/uploads\/2022\/11\/Expo-Canal-de-Suez-120x176-5.png","width":1900,"height":2800,"caption":"Affiche de l'exposition Marseille et l\u2019\u00e9pop\u00e9e du Canal de Suez, mus\u00e9e d'histoire de Marseille"},{"@type":"BreadcrumbList","@id":"https:\/\/telemme.mmsh.fr\/?p=12059#breadcrumb","itemListElement":[{"@type":"ListItem","position":1,"name":"Accueil","item":"https:\/\/telemme.mmsh.fr\/"},{"@type":"ListItem","position":2,"name":"M\u00e9diation et diffusion","item":"https:\/\/telemme.mmsh.fr\/?cat=1736"},{"@type":"ListItem","position":3,"name":"Expositions","item":"https:\/\/telemme.mmsh.fr\/?cat=1730"},{"@type":"ListItem","position":4,"name":"Marseille et l\u2019\u00e9pop\u00e9e du Canal de Suez"}]},{"@type":"WebSite","@id":"https:\/\/telemme.mmsh.fr\/#website","url":"https:\/\/telemme.mmsh.fr\/","name":"TELEMMe - Temps, espaces, langages, Europe m\u00e9ridionale, M\u00e9diterran\u00e9e","description":"","publisher":{"@id":"https:\/\/telemme.mmsh.fr\/#organization"},"potentialAction":[{"@type":"SearchAction","target":{"@type":"EntryPoint","urlTemplate":"https:\/\/telemme.mmsh.fr\/?s={search_term_string}"},"query-input":{"@type":"PropertyValueSpecification","valueRequired":true,"valueName":"search_term_string"}}],"inLanguage":"fr-FR"},{"@type":"Organization","@id":"https:\/\/telemme.mmsh.fr\/#organization","name":"TELEMMe","url":"https:\/\/telemme.mmsh.fr\/","logo":{"@type":"ImageObject","inLanguage":"fr-FR","@id":"https:\/\/telemme.mmsh.fr\/#\/schema\/logo\/image\/","url":"https:\/\/telemme.mmsh.fr\/wp-content\/uploads\/2020\/03\/LogoTELEMMe-horizontal-fond-transparent.png","contentUrl":"https:\/\/telemme.mmsh.fr\/wp-content\/uploads\/2020\/03\/LogoTELEMMe-horizontal-fond-transparent.png","width":1500,"height":437,"caption":"TELEMMe"},"image":{"@id":"https:\/\/telemme.mmsh.fr\/#\/schema\/logo\/image\/"}},{"@type":"Person","@id":"https:\/\/telemme.mmsh.fr\/#\/schema\/person\/86a185da4836381586528ced48e263f5","name":"Delphine Cavallo","url":"https:\/\/telemme.mmsh.fr\/?author=6"}]}},"_links":{"self":[{"href":"https:\/\/telemme.mmsh.fr\/index.php?rest_route=\/wp\/v2\/posts\/12059","targetHints":{"allow":["GET"]}}],"collection":[{"href":"https:\/\/telemme.mmsh.fr\/index.php?rest_route=\/wp\/v2\/posts"}],"about":[{"href":"https:\/\/telemme.mmsh.fr\/index.php?rest_route=\/wp\/v2\/types\/post"}],"author":[{"embeddable":true,"href":"https:\/\/telemme.mmsh.fr\/index.php?rest_route=\/wp\/v2\/users\/6"}],"replies":[{"embeddable":true,"href":"https:\/\/telemme.mmsh.fr\/index.php?rest_route=%2Fwp%2Fv2%2Fcomments&post=12059"}],"version-history":[{"count":5,"href":"https:\/\/telemme.mmsh.fr\/index.php?rest_route=\/wp\/v2\/posts\/12059\/revisions"}],"predecessor-version":[{"id":12065,"href":"https:\/\/telemme.mmsh.fr\/index.php?rest_route=\/wp\/v2\/posts\/12059\/revisions\/12065"}],"wp:featuredmedia":[{"embeddable":true,"href":"https:\/\/telemme.mmsh.fr\/index.php?rest_route=\/wp\/v2\/media\/12061"}],"wp:attachment":[{"href":"https:\/\/telemme.mmsh.fr\/index.php?rest_route=%2Fwp%2Fv2%2Fmedia&parent=12059"}],"wp:term":[{"taxonomy":"category","embeddable":true,"href":"https:\/\/telemme.mmsh.fr\/index.php?rest_route=%2Fwp%2Fv2%2Fcategories&post=12059"},{"taxonomy":"post_tag","embeddable":true,"href":"https:\/\/telemme.mmsh.fr\/index.php?rest_route=%2Fwp%2Fv2%2Ftags&post=12059"}],"curies":[{"name":"wp","href":"https:\/\/api.w.org\/{rel}","templated":true}]}}