{"id":12054,"date":"2020-09-14T15:34:00","date_gmt":"2020-09-14T13:34:00","guid":{"rendered":"https:\/\/telemme.mmsh.fr\/?p=12054"},"modified":"2022-11-18T15:36:42","modified_gmt":"2022-11-18T14:36:42","slug":"leves-avant-le-jour-les-brigades-internationales-de-lespagne-a-la-resistance","status":"publish","type":"post","link":"https:\/\/telemme.mmsh.fr\/?p=12054","title":{"rendered":"\u00ab\u00a0Lev\u00e9s avant le jour\u00a0\u00bb. Les Brigades internationales, de l&rsquo;Espagne \u00e0 la R\u00e9sistance"},"content":{"rendered":"\n<p>L\u2019action des Brigades Internationales pendant la Guerre d\u2019Espagne est consid\u00e9r\u00e9e comme l\u2019un des mythes ayant contribu\u00e9 \u00e0 faire de ce conflit civil un \u00e9v\u00e9nement de dimension internationale, inscrit dans la m\u00e9moire collective. L\u2019exposition \u00ab\u00a0Lev\u00e9s avant le jour, les Brigades internationales, de l\u2019Espagne \u00e0 la r\u00e9sistance\u00a0\u00bb revisite cette image en pr\u00e9sentant le r\u00f4le de ces volontaires de toutes nationalit\u00e9s, venus combattre pour d\u00e9fendre la R\u00e9publique espagnole et soutenir le front antifasciste. <\/p>\n\n\n\n<p>Des chercheurs en histoire contemporaine du laboratoire TELEMMe (UMR7303 AMU\/CNRS) et leurs invit\u00e9s (dont l\u2019historien R\u00e9mi Skoutelski) apportent leur \u00e9clairage, \u00e0 la faveur d\u2019une projection-d\u00e9bat autour du film \u00ab\u00a0Lev\u00e9s avant le jour\u00a0\u00bb le 27 septembre. <\/p>\n\n\n\n<p>Cette exposition a \u00e9t\u00e9 con\u00e7ue par l\u2019ACER et r\u00e9alis\u00e9e par les services de l\u2019ONACVG. Elle a b\u00e9n\u00e9fici\u00e9 du soutien financier de l\u2019association des Bleuets de France. Elle est pr\u00e9sent\u00e9e ici \u00e0 l\u2019initiative de la section aixoise de l\u2019ARAC (Association R\u00e9publicaine des Anciens Combattants).<\/p>\n\n\n\n<h3 class=\"wp-block-heading\">Dates et horaires<\/h3>\n\n\n\n<p><strong>1er-29 septembre 2017<\/strong><br>Entr\u00e9e libre<br>du lundi au vendredi de 9h \u00e0 18h<\/p>\n\n\n\n<h3 class=\"wp-block-heading\">Organisateurs et contacts :<\/h3>\n\n\n\n<ul class=\"wp-block-list\">\n<li><strong>Isabelle Renaudet <\/strong>est historienne, professeur des universit\u00e9s et membre du laboratoire Temps, espaces, langages, Europe m\u00e9ridionale &#8211; M\u00e9diterran\u00e9e (TELEMMe-UMR 7303 AMU \/ CNRS), l\u2019un des dix laboratoires associ\u00e9s de la Maison m\u00e9diterran\u00e9enne des sciences de l\u2019homme (MMSH-USR 3125, AMU \/ CNRS).<\/li>\n<\/ul>\n\n\n\n<ul class=\"wp-block-list\">\n<li><strong>Serge Lejeune<\/strong>, militant associatif et politique, repr\u00e9sente la section aixoise de l\u2019ARAC. sglejeune [at] wanadoo.fr<\/li>\n<\/ul>\n\n\n\n<ul class=\"wp-block-list\">\n<li><strong>Sylvie Laurens<\/strong> est responsable de la communication de la MMSH. sylvie.Laurens  [at]  univ-amu.fr \n<ul class=\"wp-block-list\"><\/ul>\n<\/li>\n<\/ul>\n\n\n\n<h3 class=\"wp-block-heading\"><strong>Autour de l\u2019exposition<\/strong><\/h3>\n\n\n\n<p><strong>Inauguration &#8211; Visite comment\u00e9e<\/strong> : <br>Vendredi 15 septembre \u00e0 partir de 16h<br>Visite comment\u00e9e par M. Serge Lejeune (ARAC), en pr\u00e9sence de repr\u00e9sentants de l\u2019ONAC et du laboratoire de recherche TELEMMe.<\/p>\n\n\n\n<p><strong>Journ\u00e9es europ\u00e9ennes du patrimoine<\/strong><br>Samedi 16 septembre de 10h \u00e0 19h<br>Ouverture exceptionnelle au public ce samedi (espace exposition uniquement)<br>L\u2019exposition est ouverte tous les jours du lundi au vendredi, du 1er au 29 septembre.<\/p>\n\n\n\n<p><strong>Projection-d\u00e9bat<\/strong><br>Mercredi 27 septembre \u00e0 partir de 16h<br>Projection du film documentaire \u00ab Lev\u00e9s avant le jour \u00bb de Bertrand Dunoyer, suivie d\u2019un d\u00e9bat anim\u00e9 par Isabelle Renaudet (TELEMMe), avec la participation notamment de R\u00e9mi Skoutelski, historien, chercheur associ\u00e9 au Centre d\u2019Histoire Sociale du XXe si\u00e8cle.<br><br><\/p>\n","protected":false},"excerpt":{"rendered":"<p>L\u2019action des Brigades Internationales pendant la Guerre d\u2019Espagne est consid\u00e9r\u00e9e comme l\u2019un des mythes ayant contribu\u00e9 \u00e0 faire de ce conflit civil un \u00e9v\u00e9nement de dimension internationale, inscrit dans la m\u00e9moire collective. L\u2019exposition \u00ab\u00a0Lev\u00e9s avant le jour, les Brigades internationales, de l\u2019Espagne \u00e0 la r\u00e9sistance\u00a0\u00bb revisite cette image en pr\u00e9sentant le r\u00f4le de ces volontaires de toutes nationalit\u00e9s, venus combattre pour d\u00e9fendre la R\u00e9publique espagnole et soutenir le front antifasciste.<\/p>\n","protected":false},"author":6,"featured_media":12055,"comment_status":"closed","ping_status":"closed","sticky":false,"template":"","format":"standard","meta":{"neve_meta_sidebar":"","neve_meta_container":"","neve_meta_enable_content_width":"off","neve_meta_content_width":70,"neve_meta_title_alignment":"","neve_meta_author_avatar":"","neve_post_elements_order":"","neve_meta_disable_header":"","neve_meta_disable_footer":"","neve_meta_disable_title":"","_tribe_events_control_status":"","_tribe_events_control_status_canceled_reason":"","_tribe_events_control_status_postponed_reason":"","_tribe_events_control_online":"","_tribe_events_control_online_url":"","footnotes":""},"categories":[1730],"tags":[2578,2576,2309],"class_list":["post-12054","post","type-post","status-publish","format-standard","has-post-thumbnail","hentry","category-expositions","tag-brigades-internationales","tag-espgane","tag-resistance"],"yoast_head":"<!-- This site is optimized with the Yoast SEO plugin v27.4 - https:\/\/yoast.com\/product\/yoast-seo-wordpress\/ -->\n<title>&quot;Lev\u00e9s avant le jour&quot;. Les Brigades internationales, de l&#039;Espagne \u00e0 la R\u00e9sistance - TELEMMe - Temps, espaces, langages, Europe m\u00e9ridionale, M\u00e9diterran\u00e9e<\/title>\n<meta name=\"description\" content=\"L\u2019action des Brigades Internationales pendant la Guerre d\u2019Espagne est consid\u00e9r\u00e9e comme l\u2019un des mythes ayant contribu\u00e9 \u00e0 faire de ce conflit civil un \u00e9v\u00e9nement de dimension internationale, inscrit dans la m\u00e9moire collective. L\u2019exposition &quot;Lev\u00e9s avant le jour, les Brigades internationales, de l\u2019Espagne \u00e0 la r\u00e9sistance&quot; revisite cette image en pr\u00e9sentant le r\u00f4le de ces volontaires de toutes nationalit\u00e9s, venus combattre pour d\u00e9fendre la R\u00e9publique espagnole et soutenir le front antifasciste.\" \/>\n<meta name=\"robots\" content=\"index, follow, max-snippet:-1, max-image-preview:large, max-video-preview:-1\" \/>\n<link rel=\"canonical\" href=\"https:\/\/telemme.mmsh.fr\/?p=12054\" \/>\n<meta property=\"og:locale\" content=\"fr_FR\" \/>\n<meta property=\"og:type\" content=\"article\" \/>\n<meta property=\"og:title\" content=\"&quot;Lev\u00e9s avant le jour&quot;. Les Brigades internationales, de l&#039;Espagne \u00e0 la R\u00e9sistance - TELEMMe - Temps, espaces, langages, Europe m\u00e9ridionale, M\u00e9diterran\u00e9e\" \/>\n<meta property=\"og:description\" content=\"L\u2019action des Brigades Internationales pendant la Guerre d\u2019Espagne est consid\u00e9r\u00e9e comme l\u2019un des mythes ayant contribu\u00e9 \u00e0 faire de ce conflit civil un \u00e9v\u00e9nement de dimension internationale, inscrit dans la m\u00e9moire collective. L\u2019exposition &quot;Lev\u00e9s avant le jour, les Brigades internationales, de l\u2019Espagne \u00e0 la r\u00e9sistance&quot; revisite cette image en pr\u00e9sentant le r\u00f4le de ces volontaires de toutes nationalit\u00e9s, venus combattre pour d\u00e9fendre la R\u00e9publique espagnole et soutenir le front antifasciste.\" \/>\n<meta property=\"og:url\" content=\"https:\/\/telemme.mmsh.fr\/?p=12054\" \/>\n<meta property=\"og:site_name\" content=\"TELEMMe - Temps, espaces, langages, Europe m\u00e9ridionale, M\u00e9diterran\u00e9e\" \/>\n<meta property=\"article:published_time\" content=\"2020-09-14T13:34:00+00:00\" \/>\n<meta property=\"article:modified_time\" content=\"2022-11-18T14:36:42+00:00\" \/>\n<meta property=\"og:image\" content=\"https:\/\/telemme.mmsh.fr\/wp-content\/uploads\/2022\/11\/FLYER_Levesavantle-jour_image_Page_1.jpg\" \/>\n\t<meta property=\"og:image:width\" content=\"1749\" \/>\n\t<meta property=\"og:image:height\" content=\"2481\" \/>\n\t<meta property=\"og:image:type\" content=\"image\/jpeg\" \/>\n<meta name=\"author\" content=\"Delphine Cavallo\" \/>\n<meta name=\"twitter:card\" content=\"summary_large_image\" \/>\n<meta name=\"twitter:label1\" content=\"\u00c9crit par\" \/>\n\t<meta name=\"twitter:data1\" content=\"Delphine Cavallo\" \/>\n\t<meta name=\"twitter:label2\" content=\"Dur\u00e9e de lecture estim\u00e9e\" \/>\n\t<meta name=\"twitter:data2\" content=\"2 minutes\" \/>\n<script type=\"application\/ld+json\" class=\"yoast-schema-graph\">{\"@context\":\"https:\\\/\\\/schema.org\",\"@graph\":[{\"@type\":\"Article\",\"@id\":\"https:\\\/\\\/telemme.mmsh.fr\\\/?p=12054#article\",\"isPartOf\":{\"@id\":\"https:\\\/\\\/telemme.mmsh.fr\\\/?p=12054\"},\"author\":{\"name\":\"Delphine Cavallo\",\"@id\":\"https:\\\/\\\/telemme.mmsh.fr\\\/#\\\/schema\\\/person\\\/86a185da4836381586528ced48e263f5\"},\"headline\":\"\u00ab\u00a0Lev\u00e9s avant le jour\u00a0\u00bb. Les Brigades internationales, de l&rsquo;Espagne \u00e0 la R\u00e9sistance\",\"datePublished\":\"2020-09-14T13:34:00+00:00\",\"dateModified\":\"2022-11-18T14:36:42+00:00\",\"mainEntityOfPage\":{\"@id\":\"https:\\\/\\\/telemme.mmsh.fr\\\/?p=12054\"},\"wordCount\":407,\"publisher\":{\"@id\":\"https:\\\/\\\/telemme.mmsh.fr\\\/#organization\"},\"image\":{\"@id\":\"https:\\\/\\\/telemme.mmsh.fr\\\/?p=12054#primaryimage\"},\"thumbnailUrl\":\"https:\\\/\\\/telemme.mmsh.fr\\\/wp-content\\\/uploads\\\/2022\\\/11\\\/FLYER_Levesavantle-jour_image_Page_1.jpg\",\"keywords\":[\"Brigades internationales\",\"Espgane\",\"r\u00e9sistance\"],\"articleSection\":[\"Expositions\"],\"inLanguage\":\"fr-FR\"},{\"@type\":\"WebPage\",\"@id\":\"https:\\\/\\\/telemme.mmsh.fr\\\/?p=12054\",\"url\":\"https:\\\/\\\/telemme.mmsh.fr\\\/?p=12054\",\"name\":\"\\\"Lev\u00e9s avant le jour\\\". Les Brigades internationales, de l'Espagne \u00e0 la R\u00e9sistance - TELEMMe - Temps, espaces, langages, Europe m\u00e9ridionale, M\u00e9diterran\u00e9e\",\"isPartOf\":{\"@id\":\"https:\\\/\\\/telemme.mmsh.fr\\\/#website\"},\"primaryImageOfPage\":{\"@id\":\"https:\\\/\\\/telemme.mmsh.fr\\\/?p=12054#primaryimage\"},\"image\":{\"@id\":\"https:\\\/\\\/telemme.mmsh.fr\\\/?p=12054#primaryimage\"},\"thumbnailUrl\":\"https:\\\/\\\/telemme.mmsh.fr\\\/wp-content\\\/uploads\\\/2022\\\/11\\\/FLYER_Levesavantle-jour_image_Page_1.jpg\",\"datePublished\":\"2020-09-14T13:34:00+00:00\",\"dateModified\":\"2022-11-18T14:36:42+00:00\",\"description\":\"L\u2019action des Brigades Internationales pendant la Guerre d\u2019Espagne est consid\u00e9r\u00e9e comme l\u2019un des mythes ayant contribu\u00e9 \u00e0 faire de ce conflit civil un \u00e9v\u00e9nement de dimension internationale, inscrit dans la m\u00e9moire collective. L\u2019exposition \\\"Lev\u00e9s avant le jour, les Brigades internationales, de l\u2019Espagne \u00e0 la r\u00e9sistance\\\" revisite cette image en pr\u00e9sentant le r\u00f4le de ces volontaires de toutes nationalit\u00e9s, venus combattre pour d\u00e9fendre la R\u00e9publique espagnole et soutenir le front antifasciste.\",\"breadcrumb\":{\"@id\":\"https:\\\/\\\/telemme.mmsh.fr\\\/?p=12054#breadcrumb\"},\"inLanguage\":\"fr-FR\",\"potentialAction\":[{\"@type\":\"ReadAction\",\"target\":[\"https:\\\/\\\/telemme.mmsh.fr\\\/?p=12054\"]}]},{\"@type\":\"ImageObject\",\"inLanguage\":\"fr-FR\",\"@id\":\"https:\\\/\\\/telemme.mmsh.fr\\\/?p=12054#primaryimage\",\"url\":\"https:\\\/\\\/telemme.mmsh.fr\\\/wp-content\\\/uploads\\\/2022\\\/11\\\/FLYER_Levesavantle-jour_image_Page_1.jpg\",\"contentUrl\":\"https:\\\/\\\/telemme.mmsh.fr\\\/wp-content\\\/uploads\\\/2022\\\/11\\\/FLYER_Levesavantle-jour_image_Page_1.jpg\",\"width\":1749,\"height\":2481,\"caption\":\"Flyer de l'exposition \\\"Lev\u00e9s avant le jour\\\", MMSH\"},{\"@type\":\"BreadcrumbList\",\"@id\":\"https:\\\/\\\/telemme.mmsh.fr\\\/?p=12054#breadcrumb\",\"itemListElement\":[{\"@type\":\"ListItem\",\"position\":1,\"name\":\"Accueil\",\"item\":\"https:\\\/\\\/telemme.mmsh.fr\\\/\"},{\"@type\":\"ListItem\",\"position\":2,\"name\":\"M\u00e9diation et diffusion\",\"item\":\"https:\\\/\\\/telemme.mmsh.fr\\\/?cat=1736\"},{\"@type\":\"ListItem\",\"position\":3,\"name\":\"Expositions\",\"item\":\"https:\\\/\\\/telemme.mmsh.fr\\\/?cat=1730\"},{\"@type\":\"ListItem\",\"position\":4,\"name\":\"&#8220;Lev\u00e9s avant le jour&#8221;. Les Brigades internationales, de l&#8217;Espagne \u00e0 la R\u00e9sistance\"}]},{\"@type\":\"WebSite\",\"@id\":\"https:\\\/\\\/telemme.mmsh.fr\\\/#website\",\"url\":\"https:\\\/\\\/telemme.mmsh.fr\\\/\",\"name\":\"TELEMMe - Temps, espaces, langages, Europe m\u00e9ridionale, M\u00e9diterran\u00e9e\",\"description\":\"\",\"publisher\":{\"@id\":\"https:\\\/\\\/telemme.mmsh.fr\\\/#organization\"},\"potentialAction\":[{\"@type\":\"SearchAction\",\"target\":{\"@type\":\"EntryPoint\",\"urlTemplate\":\"https:\\\/\\\/telemme.mmsh.fr\\\/?s={search_term_string}\"},\"query-input\":{\"@type\":\"PropertyValueSpecification\",\"valueRequired\":true,\"valueName\":\"search_term_string\"}}],\"inLanguage\":\"fr-FR\"},{\"@type\":\"Organization\",\"@id\":\"https:\\\/\\\/telemme.mmsh.fr\\\/#organization\",\"name\":\"TELEMMe\",\"url\":\"https:\\\/\\\/telemme.mmsh.fr\\\/\",\"logo\":{\"@type\":\"ImageObject\",\"inLanguage\":\"fr-FR\",\"@id\":\"https:\\\/\\\/telemme.mmsh.fr\\\/#\\\/schema\\\/logo\\\/image\\\/\",\"url\":\"https:\\\/\\\/telemme.mmsh.fr\\\/wp-content\\\/uploads\\\/2020\\\/03\\\/LogoTELEMMe-horizontal-fond-transparent.png\",\"contentUrl\":\"https:\\\/\\\/telemme.mmsh.fr\\\/wp-content\\\/uploads\\\/2020\\\/03\\\/LogoTELEMMe-horizontal-fond-transparent.png\",\"width\":1500,\"height\":437,\"caption\":\"TELEMMe\"},\"image\":{\"@id\":\"https:\\\/\\\/telemme.mmsh.fr\\\/#\\\/schema\\\/logo\\\/image\\\/\"}},{\"@type\":\"Person\",\"@id\":\"https:\\\/\\\/telemme.mmsh.fr\\\/#\\\/schema\\\/person\\\/86a185da4836381586528ced48e263f5\",\"name\":\"Delphine Cavallo\",\"url\":\"https:\\\/\\\/telemme.mmsh.fr\\\/?author=6\"}]}<\/script>\n<!-- \/ Yoast SEO plugin. -->","yoast_head_json":{"title":"\"Lev\u00e9s avant le jour\". Les Brigades internationales, de l'Espagne \u00e0 la R\u00e9sistance - TELEMMe - Temps, espaces, langages, Europe m\u00e9ridionale, M\u00e9diterran\u00e9e","description":"L\u2019action des Brigades Internationales pendant la Guerre d\u2019Espagne est consid\u00e9r\u00e9e comme l\u2019un des mythes ayant contribu\u00e9 \u00e0 faire de ce conflit civil un \u00e9v\u00e9nement de dimension internationale, inscrit dans la m\u00e9moire collective. L\u2019exposition \"Lev\u00e9s avant le jour, les Brigades internationales, de l\u2019Espagne \u00e0 la r\u00e9sistance\" revisite cette image en pr\u00e9sentant le r\u00f4le de ces volontaires de toutes nationalit\u00e9s, venus combattre pour d\u00e9fendre la R\u00e9publique espagnole et soutenir le front antifasciste.","robots":{"index":"index","follow":"follow","max-snippet":"max-snippet:-1","max-image-preview":"max-image-preview:large","max-video-preview":"max-video-preview:-1"},"canonical":"https:\/\/telemme.mmsh.fr\/?p=12054","og_locale":"fr_FR","og_type":"article","og_title":"\"Lev\u00e9s avant le jour\". Les Brigades internationales, de l'Espagne \u00e0 la R\u00e9sistance - TELEMMe - Temps, espaces, langages, Europe m\u00e9ridionale, M\u00e9diterran\u00e9e","og_description":"L\u2019action des Brigades Internationales pendant la Guerre d\u2019Espagne est consid\u00e9r\u00e9e comme l\u2019un des mythes ayant contribu\u00e9 \u00e0 faire de ce conflit civil un \u00e9v\u00e9nement de dimension internationale, inscrit dans la m\u00e9moire collective. L\u2019exposition \"Lev\u00e9s avant le jour, les Brigades internationales, de l\u2019Espagne \u00e0 la r\u00e9sistance\" revisite cette image en pr\u00e9sentant le r\u00f4le de ces volontaires de toutes nationalit\u00e9s, venus combattre pour d\u00e9fendre la R\u00e9publique espagnole et soutenir le front antifasciste.","og_url":"https:\/\/telemme.mmsh.fr\/?p=12054","og_site_name":"TELEMMe - Temps, espaces, langages, Europe m\u00e9ridionale, M\u00e9diterran\u00e9e","article_published_time":"2020-09-14T13:34:00+00:00","article_modified_time":"2022-11-18T14:36:42+00:00","og_image":[{"width":1749,"height":2481,"url":"https:\/\/telemme.mmsh.fr\/wp-content\/uploads\/2022\/11\/FLYER_Levesavantle-jour_image_Page_1.jpg","type":"image\/jpeg"}],"author":"Delphine Cavallo","twitter_card":"summary_large_image","twitter_misc":{"\u00c9crit par":"Delphine Cavallo","Dur\u00e9e de lecture estim\u00e9e":"2 minutes"},"schema":{"@context":"https:\/\/schema.org","@graph":[{"@type":"Article","@id":"https:\/\/telemme.mmsh.fr\/?p=12054#article","isPartOf":{"@id":"https:\/\/telemme.mmsh.fr\/?p=12054"},"author":{"name":"Delphine Cavallo","@id":"https:\/\/telemme.mmsh.fr\/#\/schema\/person\/86a185da4836381586528ced48e263f5"},"headline":"\u00ab\u00a0Lev\u00e9s avant le jour\u00a0\u00bb. Les Brigades internationales, de l&rsquo;Espagne \u00e0 la R\u00e9sistance","datePublished":"2020-09-14T13:34:00+00:00","dateModified":"2022-11-18T14:36:42+00:00","mainEntityOfPage":{"@id":"https:\/\/telemme.mmsh.fr\/?p=12054"},"wordCount":407,"publisher":{"@id":"https:\/\/telemme.mmsh.fr\/#organization"},"image":{"@id":"https:\/\/telemme.mmsh.fr\/?p=12054#primaryimage"},"thumbnailUrl":"https:\/\/telemme.mmsh.fr\/wp-content\/uploads\/2022\/11\/FLYER_Levesavantle-jour_image_Page_1.jpg","keywords":["Brigades internationales","Espgane","r\u00e9sistance"],"articleSection":["Expositions"],"inLanguage":"fr-FR"},{"@type":"WebPage","@id":"https:\/\/telemme.mmsh.fr\/?p=12054","url":"https:\/\/telemme.mmsh.fr\/?p=12054","name":"\"Lev\u00e9s avant le jour\". Les Brigades internationales, de l'Espagne \u00e0 la R\u00e9sistance - TELEMMe - Temps, espaces, langages, Europe m\u00e9ridionale, M\u00e9diterran\u00e9e","isPartOf":{"@id":"https:\/\/telemme.mmsh.fr\/#website"},"primaryImageOfPage":{"@id":"https:\/\/telemme.mmsh.fr\/?p=12054#primaryimage"},"image":{"@id":"https:\/\/telemme.mmsh.fr\/?p=12054#primaryimage"},"thumbnailUrl":"https:\/\/telemme.mmsh.fr\/wp-content\/uploads\/2022\/11\/FLYER_Levesavantle-jour_image_Page_1.jpg","datePublished":"2020-09-14T13:34:00+00:00","dateModified":"2022-11-18T14:36:42+00:00","description":"L\u2019action des Brigades Internationales pendant la Guerre d\u2019Espagne est consid\u00e9r\u00e9e comme l\u2019un des mythes ayant contribu\u00e9 \u00e0 faire de ce conflit civil un \u00e9v\u00e9nement de dimension internationale, inscrit dans la m\u00e9moire collective. L\u2019exposition \"Lev\u00e9s avant le jour, les Brigades internationales, de l\u2019Espagne \u00e0 la r\u00e9sistance\" revisite cette image en pr\u00e9sentant le r\u00f4le de ces volontaires de toutes nationalit\u00e9s, venus combattre pour d\u00e9fendre la R\u00e9publique espagnole et soutenir le front antifasciste.","breadcrumb":{"@id":"https:\/\/telemme.mmsh.fr\/?p=12054#breadcrumb"},"inLanguage":"fr-FR","potentialAction":[{"@type":"ReadAction","target":["https:\/\/telemme.mmsh.fr\/?p=12054"]}]},{"@type":"ImageObject","inLanguage":"fr-FR","@id":"https:\/\/telemme.mmsh.fr\/?p=12054#primaryimage","url":"https:\/\/telemme.mmsh.fr\/wp-content\/uploads\/2022\/11\/FLYER_Levesavantle-jour_image_Page_1.jpg","contentUrl":"https:\/\/telemme.mmsh.fr\/wp-content\/uploads\/2022\/11\/FLYER_Levesavantle-jour_image_Page_1.jpg","width":1749,"height":2481,"caption":"Flyer de l'exposition \"Lev\u00e9s avant le jour\", MMSH"},{"@type":"BreadcrumbList","@id":"https:\/\/telemme.mmsh.fr\/?p=12054#breadcrumb","itemListElement":[{"@type":"ListItem","position":1,"name":"Accueil","item":"https:\/\/telemme.mmsh.fr\/"},{"@type":"ListItem","position":2,"name":"M\u00e9diation et diffusion","item":"https:\/\/telemme.mmsh.fr\/?cat=1736"},{"@type":"ListItem","position":3,"name":"Expositions","item":"https:\/\/telemme.mmsh.fr\/?cat=1730"},{"@type":"ListItem","position":4,"name":"&#8220;Lev\u00e9s avant le jour&#8221;. Les Brigades internationales, de l&#8217;Espagne \u00e0 la R\u00e9sistance"}]},{"@type":"WebSite","@id":"https:\/\/telemme.mmsh.fr\/#website","url":"https:\/\/telemme.mmsh.fr\/","name":"TELEMMe - Temps, espaces, langages, Europe m\u00e9ridionale, M\u00e9diterran\u00e9e","description":"","publisher":{"@id":"https:\/\/telemme.mmsh.fr\/#organization"},"potentialAction":[{"@type":"SearchAction","target":{"@type":"EntryPoint","urlTemplate":"https:\/\/telemme.mmsh.fr\/?s={search_term_string}"},"query-input":{"@type":"PropertyValueSpecification","valueRequired":true,"valueName":"search_term_string"}}],"inLanguage":"fr-FR"},{"@type":"Organization","@id":"https:\/\/telemme.mmsh.fr\/#organization","name":"TELEMMe","url":"https:\/\/telemme.mmsh.fr\/","logo":{"@type":"ImageObject","inLanguage":"fr-FR","@id":"https:\/\/telemme.mmsh.fr\/#\/schema\/logo\/image\/","url":"https:\/\/telemme.mmsh.fr\/wp-content\/uploads\/2020\/03\/LogoTELEMMe-horizontal-fond-transparent.png","contentUrl":"https:\/\/telemme.mmsh.fr\/wp-content\/uploads\/2020\/03\/LogoTELEMMe-horizontal-fond-transparent.png","width":1500,"height":437,"caption":"TELEMMe"},"image":{"@id":"https:\/\/telemme.mmsh.fr\/#\/schema\/logo\/image\/"}},{"@type":"Person","@id":"https:\/\/telemme.mmsh.fr\/#\/schema\/person\/86a185da4836381586528ced48e263f5","name":"Delphine Cavallo","url":"https:\/\/telemme.mmsh.fr\/?author=6"}]}},"_links":{"self":[{"href":"https:\/\/telemme.mmsh.fr\/index.php?rest_route=\/wp\/v2\/posts\/12054","targetHints":{"allow":["GET"]}}],"collection":[{"href":"https:\/\/telemme.mmsh.fr\/index.php?rest_route=\/wp\/v2\/posts"}],"about":[{"href":"https:\/\/telemme.mmsh.fr\/index.php?rest_route=\/wp\/v2\/types\/post"}],"author":[{"embeddable":true,"href":"https:\/\/telemme.mmsh.fr\/index.php?rest_route=\/wp\/v2\/users\/6"}],"replies":[{"embeddable":true,"href":"https:\/\/telemme.mmsh.fr\/index.php?rest_route=%2Fwp%2Fv2%2Fcomments&post=12054"}],"version-history":[{"count":3,"href":"https:\/\/telemme.mmsh.fr\/index.php?rest_route=\/wp\/v2\/posts\/12054\/revisions"}],"predecessor-version":[{"id":12058,"href":"https:\/\/telemme.mmsh.fr\/index.php?rest_route=\/wp\/v2\/posts\/12054\/revisions\/12058"}],"wp:featuredmedia":[{"embeddable":true,"href":"https:\/\/telemme.mmsh.fr\/index.php?rest_route=\/wp\/v2\/media\/12055"}],"wp:attachment":[{"href":"https:\/\/telemme.mmsh.fr\/index.php?rest_route=%2Fwp%2Fv2%2Fmedia&parent=12054"}],"wp:term":[{"taxonomy":"category","embeddable":true,"href":"https:\/\/telemme.mmsh.fr\/index.php?rest_route=%2Fwp%2Fv2%2Fcategories&post=12054"},{"taxonomy":"post_tag","embeddable":true,"href":"https:\/\/telemme.mmsh.fr\/index.php?rest_route=%2Fwp%2Fv2%2Ftags&post=12054"}],"curies":[{"name":"wp","href":"https:\/\/api.w.org\/{rel}","templated":true}]}}