{"id":12035,"date":"2022-11-17T09:38:00","date_gmt":"2022-11-17T08:38:00","guid":{"rendered":"https:\/\/telemme.mmsh.fr\/?p=12035"},"modified":"2022-11-16T14:38:43","modified_gmt":"2022-11-16T13:38:43","slug":"enfances-et-jeunesses-en-migration","status":"publish","type":"post","link":"https:\/\/telemme.mmsh.fr\/?p=12035","title":{"rendered":"Enfances et jeunesses en migration"},"content":{"rendered":"<blockquote>\n<p class=\"book-title\"><em><a href=\"http:\/\/www.lecavalierbleu.com\/livre\/enfances-jeunesses-migration\/\">Enfances et jeunesses en migration<\/a><\/em>, <a href=\"https:\/\/telemme.mmsh.fr\/?membres=virginie-baby-collin\">Virginie Baby-Collin<\/a>, Farida SOUIAH (dir.), \u00e9dition Le Cavalier Bleu, 2022, 472 pages<\/p>\n<\/blockquote>\n<p>Les migrations et les mobilit\u00e9s, subies ou choisies, affectent les enfants et les jeunes, qu\u2019ils se d\u00e9placent seuls, en famille, accompagn\u00e9s ou non, pour fuir la mis\u00e8re ou le conflit, tenter une aventure, \u00e9tudier ou se former. Leurs migrations sont souvent ambivalentes\u00a0: porteuses d\u2019espoirs, de formes d\u2019accomplissement et d\u2019autonomisation, mais aussi de souffrances et de vuln\u00e9rabilit\u00e9s. Les \u00e9tudes r\u00e9centes sur ces migrations mettent au jour le poids des in\u00e9galit\u00e9s \u2013 de genre, d\u2019origine, de classe \u2013 dans les trajectoires, et soulignent les difficult\u00e9s, les limites, voire les contradictions, des politiques publiques, aussi bien dans les domaines de la protection, de la scolarisation ou de la formation des enfants et des jeunes, que dans celui de la gestion des flux migratoires. Ce livre souhaite apporter de mani\u00e8re illustr\u00e9e, situ\u00e9e et nuanc\u00e9e des \u00e9l\u00e9ments pour mieux comprendre ces parcours, ces processus et ces tensions.<br \/>\nDonner voix aux r\u00e9cits des aspirations, des trajectoires comme des exp\u00e9riences des jeunes et des enfants constitue en ce sens un r\u00e9el enjeu civique et politique.<\/p>\n<p><strong>Virginie Baby-Collin<\/strong> est professeure de g\u00e9ographie \u00e0 l\u2019universit\u00e9 d\u2019Aix Marseille et chercheure \u00e0 la Maison m\u00e9diterran\u00e9enne des sciences de l\u2019homme (UMR 7303 TELEMMe).<br \/>\n<strong>Farida Souiah<\/strong> est professeure assistante de science politique \u00e0 l\u2019EMLyon Business School<b>.<\/b><\/p>\n<p><strong>Contributeurs\u00b7trices :<\/strong> Ma\u00eftena Armagnague, Hugo Br\u00e9ant, Ya\u00ebl Brinbaum, Eduardo Carrillo Cant\u00fa, Robin Cavagnoud, Th\u00e9otime Chabre, Thomas Douni\u00e8s, Hadrien Dubucs, C\u00e9cile Exbrayat, Aur\u00e9lie Fillod-Chabaud, Joan van Geel, Hicham Jamid, Itane Lacrampe-Camus, Simon Mastrangelo, Sylvie Mazzella, Valentina Mazzucato, Paul Nicolas, Polina Palash, C\u00e9line Persini, Chiara Pettenella, Isabelle Rigoni, Luna Russo, Monika Salzbrunn, Ester Serra Mingot, Daniel Senovilla Hern\u00e1ndez, Simona Tersigni, Oc\u00e9ane Uzureau et V\u00edctor Z\u00fa\u00f1iga.<\/p>\n","protected":false},"excerpt":{"rendered":"<p>Les migrations et les mobilit\u00e9s, subies ou choisies, affectent les enfants et les jeunes, qu\u2019ils se d\u00e9placent seuls, en famille, accompagn\u00e9s ou non, pour fuir la mis\u00e8re ou le conflit, tenter une aventure, \u00e9tudier ou se former. Leurs migrations sont souvent ambivalentes\u00a0: porteuses d\u2019espoirs, de formes d\u2019accomplissement et d\u2019autonomisation, mais aussi de souffrances et de vuln\u00e9rabilit\u00e9s. Les \u00e9tudes r\u00e9centes sur ces migrations mettent au jour le poids des in\u00e9galit\u00e9s \u2013 de genre, d\u2019origine, de classe \u2013 dans les trajectoires, et soulignent les difficult\u00e9s, les limites, voire les contradictions, des politiques publiques, aussi bien dans les domaines de la protection, de la scolarisation ou de la formation des enfants et des jeunes, que dans celui de la gestion des flux migratoires. Ce livre souhaite apporter de mani\u00e8re illustr\u00e9e, situ\u00e9e et nuanc\u00e9e des \u00e9l\u00e9ments pour mieux comprendre ces parcours, ces processus et ces tensions.<\/p>\n","protected":false},"author":175,"featured_media":12036,"comment_status":"closed","ping_status":"closed","sticky":false,"template":"","format":"standard","meta":{"neve_meta_sidebar":"","neve_meta_container":"","neve_meta_enable_content_width":"off","neve_meta_content_width":70,"neve_meta_title_alignment":"","neve_meta_author_avatar":"","neve_post_elements_order":"","neve_meta_disable_header":"","neve_meta_disable_footer":"","neve_meta_disable_title":"","_tribe_events_control_status":"","_tribe_events_control_status_canceled_reason":"","_tribe_events_control_status_postponed_reason":"","_tribe_events_control_online":"","_tribe_events_control_online_url":"","footnotes":""},"categories":[1742],"tags":[],"class_list":["post-12035","post","type-post","status-publish","format-standard","has-post-thumbnail","hentry","category-dir-ouvrage"],"yoast_head":"<!-- This site is optimized with the Yoast SEO plugin v27.4 - https:\/\/yoast.com\/product\/yoast-seo-wordpress\/ -->\n<title>Enfances et jeunesses en migration - TELEMMe - Temps, espaces, langages, Europe m\u00e9ridionale, M\u00e9diterran\u00e9e<\/title>\n<meta name=\"description\" content=\"Enfances et jeunesses en migration\" \/>\n<meta name=\"robots\" content=\"index, follow, max-snippet:-1, max-image-preview:large, max-video-preview:-1\" \/>\n<link rel=\"canonical\" href=\"https:\/\/telemme.mmsh.fr\/?p=12035\" \/>\n<meta property=\"og:locale\" content=\"fr_FR\" \/>\n<meta property=\"og:type\" content=\"article\" \/>\n<meta property=\"og:title\" content=\"Enfances et jeunesses en migration - TELEMMe - Temps, espaces, langages, Europe m\u00e9ridionale, M\u00e9diterran\u00e9e\" \/>\n<meta property=\"og:description\" content=\"Enfances et jeunesses en migration\" \/>\n<meta property=\"og:url\" content=\"https:\/\/telemme.mmsh.fr\/?p=12035\" \/>\n<meta property=\"og:site_name\" content=\"TELEMMe - Temps, espaces, langages, Europe m\u00e9ridionale, M\u00e9diterran\u00e9e\" \/>\n<meta property=\"article:published_time\" content=\"2022-11-17T08:38:00+00:00\" \/>\n<meta property=\"og:image\" content=\"https:\/\/telemme.mmsh.fr\/wp-content\/uploads\/2022\/11\/mimed_enfancesmigration_1400-422x620-1.jpg\" \/>\n\t<meta property=\"og:image:width\" content=\"422\" \/>\n\t<meta property=\"og:image:height\" content=\"620\" \/>\n\t<meta property=\"og:image:type\" content=\"image\/jpeg\" \/>\n<meta name=\"author\" content=\"Maja Mellet\" \/>\n<meta name=\"twitter:card\" content=\"summary_large_image\" \/>\n<meta name=\"twitter:label1\" content=\"\u00c9crit par\" \/>\n\t<meta name=\"twitter:data1\" content=\"Maja Mellet\" \/>\n\t<meta name=\"twitter:label2\" content=\"Dur\u00e9e de lecture estim\u00e9e\" \/>\n\t<meta name=\"twitter:data2\" content=\"2 minutes\" \/>\n<script type=\"application\/ld+json\" class=\"yoast-schema-graph\">{\"@context\":\"https:\\\/\\\/schema.org\",\"@graph\":[{\"@type\":\"Article\",\"@id\":\"https:\\\/\\\/telemme.mmsh.fr\\\/?p=12035#article\",\"isPartOf\":{\"@id\":\"https:\\\/\\\/telemme.mmsh.fr\\\/?p=12035\"},\"author\":{\"name\":\"Maja Mellet\",\"@id\":\"https:\\\/\\\/telemme.mmsh.fr\\\/#\\\/schema\\\/person\\\/c433e5fd025c00718f715ba73f040691\"},\"headline\":\"Enfances et jeunesses en migration\",\"datePublished\":\"2022-11-17T08:38:00+00:00\",\"mainEntityOfPage\":{\"@id\":\"https:\\\/\\\/telemme.mmsh.fr\\\/?p=12035\"},\"wordCount\":322,\"publisher\":{\"@id\":\"https:\\\/\\\/telemme.mmsh.fr\\\/#organization\"},\"image\":{\"@id\":\"https:\\\/\\\/telemme.mmsh.fr\\\/?p=12035#primaryimage\"},\"thumbnailUrl\":\"https:\\\/\\\/telemme.mmsh.fr\\\/wp-content\\\/uploads\\\/2022\\\/11\\\/mimed_enfancesmigration_1400-422x620-1.jpg\",\"articleSection\":[\"Directions d'ouvrage\"],\"inLanguage\":\"fr-FR\"},{\"@type\":\"WebPage\",\"@id\":\"https:\\\/\\\/telemme.mmsh.fr\\\/?p=12035\",\"url\":\"https:\\\/\\\/telemme.mmsh.fr\\\/?p=12035\",\"name\":\"Enfances et jeunesses en migration - TELEMMe - Temps, espaces, langages, Europe m\u00e9ridionale, M\u00e9diterran\u00e9e\",\"isPartOf\":{\"@id\":\"https:\\\/\\\/telemme.mmsh.fr\\\/#website\"},\"primaryImageOfPage\":{\"@id\":\"https:\\\/\\\/telemme.mmsh.fr\\\/?p=12035#primaryimage\"},\"image\":{\"@id\":\"https:\\\/\\\/telemme.mmsh.fr\\\/?p=12035#primaryimage\"},\"thumbnailUrl\":\"https:\\\/\\\/telemme.mmsh.fr\\\/wp-content\\\/uploads\\\/2022\\\/11\\\/mimed_enfancesmigration_1400-422x620-1.jpg\",\"datePublished\":\"2022-11-17T08:38:00+00:00\",\"description\":\"Enfances et jeunesses en migration\",\"breadcrumb\":{\"@id\":\"https:\\\/\\\/telemme.mmsh.fr\\\/?p=12035#breadcrumb\"},\"inLanguage\":\"fr-FR\",\"potentialAction\":[{\"@type\":\"ReadAction\",\"target\":[\"https:\\\/\\\/telemme.mmsh.fr\\\/?p=12035\"]}]},{\"@type\":\"ImageObject\",\"inLanguage\":\"fr-FR\",\"@id\":\"https:\\\/\\\/telemme.mmsh.fr\\\/?p=12035#primaryimage\",\"url\":\"https:\\\/\\\/telemme.mmsh.fr\\\/wp-content\\\/uploads\\\/2022\\\/11\\\/mimed_enfancesmigration_1400-422x620-1.jpg\",\"contentUrl\":\"https:\\\/\\\/telemme.mmsh.fr\\\/wp-content\\\/uploads\\\/2022\\\/11\\\/mimed_enfancesmigration_1400-422x620-1.jpg\",\"width\":422,\"height\":620},{\"@type\":\"BreadcrumbList\",\"@id\":\"https:\\\/\\\/telemme.mmsh.fr\\\/?p=12035#breadcrumb\",\"itemListElement\":[{\"@type\":\"ListItem\",\"position\":1,\"name\":\"Accueil\",\"item\":\"https:\\\/\\\/telemme.mmsh.fr\\\/\"},{\"@type\":\"ListItem\",\"position\":2,\"name\":\"Publications\",\"item\":\"https:\\\/\\\/telemme.mmsh.fr\\\/?cat=1738\"},{\"@type\":\"ListItem\",\"position\":3,\"name\":\"Directions d'ouvrage\",\"item\":\"https:\\\/\\\/telemme.mmsh.fr\\\/?cat=1742\"},{\"@type\":\"ListItem\",\"position\":4,\"name\":\"Enfances et jeunesses en migration\"}]},{\"@type\":\"WebSite\",\"@id\":\"https:\\\/\\\/telemme.mmsh.fr\\\/#website\",\"url\":\"https:\\\/\\\/telemme.mmsh.fr\\\/\",\"name\":\"TELEMMe - Temps, espaces, langages, Europe m\u00e9ridionale, M\u00e9diterran\u00e9e\",\"description\":\"\",\"publisher\":{\"@id\":\"https:\\\/\\\/telemme.mmsh.fr\\\/#organization\"},\"potentialAction\":[{\"@type\":\"SearchAction\",\"target\":{\"@type\":\"EntryPoint\",\"urlTemplate\":\"https:\\\/\\\/telemme.mmsh.fr\\\/?s={search_term_string}\"},\"query-input\":{\"@type\":\"PropertyValueSpecification\",\"valueRequired\":true,\"valueName\":\"search_term_string\"}}],\"inLanguage\":\"fr-FR\"},{\"@type\":\"Organization\",\"@id\":\"https:\\\/\\\/telemme.mmsh.fr\\\/#organization\",\"name\":\"TELEMMe\",\"url\":\"https:\\\/\\\/telemme.mmsh.fr\\\/\",\"logo\":{\"@type\":\"ImageObject\",\"inLanguage\":\"fr-FR\",\"@id\":\"https:\\\/\\\/telemme.mmsh.fr\\\/#\\\/schema\\\/logo\\\/image\\\/\",\"url\":\"https:\\\/\\\/telemme.mmsh.fr\\\/wp-content\\\/uploads\\\/2020\\\/03\\\/LogoTELEMMe-horizontal-fond-transparent.png\",\"contentUrl\":\"https:\\\/\\\/telemme.mmsh.fr\\\/wp-content\\\/uploads\\\/2020\\\/03\\\/LogoTELEMMe-horizontal-fond-transparent.png\",\"width\":1500,\"height\":437,\"caption\":\"TELEMMe\"},\"image\":{\"@id\":\"https:\\\/\\\/telemme.mmsh.fr\\\/#\\\/schema\\\/logo\\\/image\\\/\"}},{\"@type\":\"Person\",\"@id\":\"https:\\\/\\\/telemme.mmsh.fr\\\/#\\\/schema\\\/person\\\/c433e5fd025c00718f715ba73f040691\",\"name\":\"Maja Mellet\",\"url\":\"https:\\\/\\\/telemme.mmsh.fr\\\/?author=175\"}]}<\/script>\n<!-- \/ Yoast SEO plugin. -->","yoast_head_json":{"title":"Enfances et jeunesses en migration - TELEMMe - Temps, espaces, langages, Europe m\u00e9ridionale, M\u00e9diterran\u00e9e","description":"Enfances et jeunesses en migration","robots":{"index":"index","follow":"follow","max-snippet":"max-snippet:-1","max-image-preview":"max-image-preview:large","max-video-preview":"max-video-preview:-1"},"canonical":"https:\/\/telemme.mmsh.fr\/?p=12035","og_locale":"fr_FR","og_type":"article","og_title":"Enfances et jeunesses en migration - TELEMMe - Temps, espaces, langages, Europe m\u00e9ridionale, M\u00e9diterran\u00e9e","og_description":"Enfances et jeunesses en migration","og_url":"https:\/\/telemme.mmsh.fr\/?p=12035","og_site_name":"TELEMMe - Temps, espaces, langages, Europe m\u00e9ridionale, M\u00e9diterran\u00e9e","article_published_time":"2022-11-17T08:38:00+00:00","og_image":[{"width":422,"height":620,"url":"https:\/\/telemme.mmsh.fr\/wp-content\/uploads\/2022\/11\/mimed_enfancesmigration_1400-422x620-1.jpg","type":"image\/jpeg"}],"author":"Maja Mellet","twitter_card":"summary_large_image","twitter_misc":{"\u00c9crit par":"Maja Mellet","Dur\u00e9e de lecture estim\u00e9e":"2 minutes"},"schema":{"@context":"https:\/\/schema.org","@graph":[{"@type":"Article","@id":"https:\/\/telemme.mmsh.fr\/?p=12035#article","isPartOf":{"@id":"https:\/\/telemme.mmsh.fr\/?p=12035"},"author":{"name":"Maja Mellet","@id":"https:\/\/telemme.mmsh.fr\/#\/schema\/person\/c433e5fd025c00718f715ba73f040691"},"headline":"Enfances et jeunesses en migration","datePublished":"2022-11-17T08:38:00+00:00","mainEntityOfPage":{"@id":"https:\/\/telemme.mmsh.fr\/?p=12035"},"wordCount":322,"publisher":{"@id":"https:\/\/telemme.mmsh.fr\/#organization"},"image":{"@id":"https:\/\/telemme.mmsh.fr\/?p=12035#primaryimage"},"thumbnailUrl":"https:\/\/telemme.mmsh.fr\/wp-content\/uploads\/2022\/11\/mimed_enfancesmigration_1400-422x620-1.jpg","articleSection":["Directions d'ouvrage"],"inLanguage":"fr-FR"},{"@type":"WebPage","@id":"https:\/\/telemme.mmsh.fr\/?p=12035","url":"https:\/\/telemme.mmsh.fr\/?p=12035","name":"Enfances et jeunesses en migration - TELEMMe - Temps, espaces, langages, Europe m\u00e9ridionale, M\u00e9diterran\u00e9e","isPartOf":{"@id":"https:\/\/telemme.mmsh.fr\/#website"},"primaryImageOfPage":{"@id":"https:\/\/telemme.mmsh.fr\/?p=12035#primaryimage"},"image":{"@id":"https:\/\/telemme.mmsh.fr\/?p=12035#primaryimage"},"thumbnailUrl":"https:\/\/telemme.mmsh.fr\/wp-content\/uploads\/2022\/11\/mimed_enfancesmigration_1400-422x620-1.jpg","datePublished":"2022-11-17T08:38:00+00:00","description":"Enfances et jeunesses en migration","breadcrumb":{"@id":"https:\/\/telemme.mmsh.fr\/?p=12035#breadcrumb"},"inLanguage":"fr-FR","potentialAction":[{"@type":"ReadAction","target":["https:\/\/telemme.mmsh.fr\/?p=12035"]}]},{"@type":"ImageObject","inLanguage":"fr-FR","@id":"https:\/\/telemme.mmsh.fr\/?p=12035#primaryimage","url":"https:\/\/telemme.mmsh.fr\/wp-content\/uploads\/2022\/11\/mimed_enfancesmigration_1400-422x620-1.jpg","contentUrl":"https:\/\/telemme.mmsh.fr\/wp-content\/uploads\/2022\/11\/mimed_enfancesmigration_1400-422x620-1.jpg","width":422,"height":620},{"@type":"BreadcrumbList","@id":"https:\/\/telemme.mmsh.fr\/?p=12035#breadcrumb","itemListElement":[{"@type":"ListItem","position":1,"name":"Accueil","item":"https:\/\/telemme.mmsh.fr\/"},{"@type":"ListItem","position":2,"name":"Publications","item":"https:\/\/telemme.mmsh.fr\/?cat=1738"},{"@type":"ListItem","position":3,"name":"Directions d'ouvrage","item":"https:\/\/telemme.mmsh.fr\/?cat=1742"},{"@type":"ListItem","position":4,"name":"Enfances et jeunesses en migration"}]},{"@type":"WebSite","@id":"https:\/\/telemme.mmsh.fr\/#website","url":"https:\/\/telemme.mmsh.fr\/","name":"TELEMMe - Temps, espaces, langages, Europe m\u00e9ridionale, M\u00e9diterran\u00e9e","description":"","publisher":{"@id":"https:\/\/telemme.mmsh.fr\/#organization"},"potentialAction":[{"@type":"SearchAction","target":{"@type":"EntryPoint","urlTemplate":"https:\/\/telemme.mmsh.fr\/?s={search_term_string}"},"query-input":{"@type":"PropertyValueSpecification","valueRequired":true,"valueName":"search_term_string"}}],"inLanguage":"fr-FR"},{"@type":"Organization","@id":"https:\/\/telemme.mmsh.fr\/#organization","name":"TELEMMe","url":"https:\/\/telemme.mmsh.fr\/","logo":{"@type":"ImageObject","inLanguage":"fr-FR","@id":"https:\/\/telemme.mmsh.fr\/#\/schema\/logo\/image\/","url":"https:\/\/telemme.mmsh.fr\/wp-content\/uploads\/2020\/03\/LogoTELEMMe-horizontal-fond-transparent.png","contentUrl":"https:\/\/telemme.mmsh.fr\/wp-content\/uploads\/2020\/03\/LogoTELEMMe-horizontal-fond-transparent.png","width":1500,"height":437,"caption":"TELEMMe"},"image":{"@id":"https:\/\/telemme.mmsh.fr\/#\/schema\/logo\/image\/"}},{"@type":"Person","@id":"https:\/\/telemme.mmsh.fr\/#\/schema\/person\/c433e5fd025c00718f715ba73f040691","name":"Maja Mellet","url":"https:\/\/telemme.mmsh.fr\/?author=175"}]}},"_links":{"self":[{"href":"https:\/\/telemme.mmsh.fr\/index.php?rest_route=\/wp\/v2\/posts\/12035","targetHints":{"allow":["GET"]}}],"collection":[{"href":"https:\/\/telemme.mmsh.fr\/index.php?rest_route=\/wp\/v2\/posts"}],"about":[{"href":"https:\/\/telemme.mmsh.fr\/index.php?rest_route=\/wp\/v2\/types\/post"}],"author":[{"embeddable":true,"href":"https:\/\/telemme.mmsh.fr\/index.php?rest_route=\/wp\/v2\/users\/175"}],"replies":[{"embeddable":true,"href":"https:\/\/telemme.mmsh.fr\/index.php?rest_route=%2Fwp%2Fv2%2Fcomments&post=12035"}],"version-history":[{"count":3,"href":"https:\/\/telemme.mmsh.fr\/index.php?rest_route=\/wp\/v2\/posts\/12035\/revisions"}],"predecessor-version":[{"id":12039,"href":"https:\/\/telemme.mmsh.fr\/index.php?rest_route=\/wp\/v2\/posts\/12035\/revisions\/12039"}],"wp:featuredmedia":[{"embeddable":true,"href":"https:\/\/telemme.mmsh.fr\/index.php?rest_route=\/wp\/v2\/media\/12036"}],"wp:attachment":[{"href":"https:\/\/telemme.mmsh.fr\/index.php?rest_route=%2Fwp%2Fv2%2Fmedia&parent=12035"}],"wp:term":[{"taxonomy":"category","embeddable":true,"href":"https:\/\/telemme.mmsh.fr\/index.php?rest_route=%2Fwp%2Fv2%2Fcategories&post=12035"},{"taxonomy":"post_tag","embeddable":true,"href":"https:\/\/telemme.mmsh.fr\/index.php?rest_route=%2Fwp%2Fv2%2Ftags&post=12035"}],"curies":[{"name":"wp","href":"https:\/\/api.w.org\/{rel}","templated":true}]}}