{"id":12003,"date":"2022-11-14T11:53:38","date_gmt":"2022-11-14T10:53:38","guid":{"rendered":"https:\/\/telemme.mmsh.fr\/?p=12003"},"modified":"2022-11-14T16:21:52","modified_gmt":"2022-11-14T15:21:52","slug":"printemps-de-lhistoire-environnementale-2023","status":"publish","type":"post","link":"https:\/\/telemme.mmsh.fr\/?p=12003","title":{"rendered":"[Appel \u00e0 \u00e9v\u00e9nements] Printemps de l&rsquo;histoire environnementale 2023"},"content":{"rendered":"<p>Du 1er au\u00a016 juin 2022\u00a0aura lieu la deuxi\u00e8me \u00e9dition du\u00a0<strong><em>Printemps de l\u2019histoire environnementale<\/em><\/strong>, port\u00e9 par le R\u00e9seau universitaire de\u00a0<a href=\"http:\/\/chercheur.es\/\">chercheur.es<\/a>\u00a0en histoire environnementale (ci-apr\u00e8s\u00a0: Ruche\u00a0<a href=\"https:\/\/leruche.hypotheses.org\">https:\/\/leruche.hypotheses.org<\/a>).<span style=\"mso-spacerun: yes;\">\u00a0\u00a0<\/span>Nous renouvelons donc \u00e0 cette occasion notre\u00a0<strong>appel \u00e0 \u00e9v\u00e9nements<\/strong>\u00a0!<\/p>\n<p style=\"margin: 0px;\">\n<p style=\"margin: 0px;\"><span style=\"background-position: 0% 0%; background-repeat: repeat; background-attachment: scroll; background-image: none; background-size: auto; background-origin: padding-box; background-clip: border-box;\">L\u2019appel complet se trouve ici\u00a0:\u00a0<a href=\"https:\/\/leruche.hypotheses.org\/6322\">https:\/\/leruche.hypotheses.org\/6322<\/a><\/span><\/p>\n<p style=\"margin: 0px;\">\n<p style=\"margin: 0px;\">L\u2019initiative vise \u00e0\u00a0<strong>valoriser les travaux (acad\u00e9miques ou non) en histoire environnementale<\/strong>, en suivant l\u2019optique de l\u2019histoire publique. Les \u00e9v\u00e9nements sont\u00a0<strong>propos\u00e9s et organis\u00e9s par des \u00e9quipes locales<\/strong>, en lien avec les acteurs des territoires concern\u00e9s, et rassembl\u00e9s dans un programme commun. La premi\u00e8re \u00e9dition avait rassembl\u00e9 30 \u00e9v\u00e9nements sur quinze jours, et avait b\u00e9n\u00e9fici\u00e9 d\u2019un bon accueil m\u00e9diatique.<\/p>\n<p style=\"margin: 0px;\">\n<p style=\"margin: 0px;\"><strong>Ce festival vise notamment \u00e0<\/strong><strong><span style=\"font-size: 14pt;\">\u00a0<\/span><\/strong><strong>promouvoir une<\/strong>\u00a0<strong>diffusion large\u00a0<\/strong>de l\u2019histoire environnementale et, plus g\u00e9n\u00e9ralement, des\u00a0<strong>approches pluridisciplinaires<\/strong>\u00a0et diachroniques associant\u00a0<strong>l\u2019histoire, l\u2019arch\u00e9ologie, la g\u00e9ographie, la sociologie, l\u2019anthropologie, les sciences politiques et les sciences de l\u2019environnemen<\/strong>t, gr\u00e2ce \u00e0 des manifestations de qualit\u00e9 en rendant accessibles les r\u00e9sultats de la recherche au public le plus large.<\/p>\n<p style=\"margin: 0px;\">\n<p style=\"margin: 0px;\">Les lieux et formats des \u00e9v\u00e9nements sont tr\u00e8s libres et laiss\u00e9s \u00e0 la cr\u00e9ativit\u00e9 des organisateurs et organisatrices.<\/p>\n<p style=\"margin: 0px;\">\n<p style=\"margin: 0px;\">Un conseil scientifique est disponible pour tout conseil et aura pour t\u00e2che de mettre en coh\u00e9rence le programme final.<\/p>\n<p style=\"margin: 0px;\">\n<p style=\"margin: 0px;\"><strong><span style=\"font-size: 14pt;\">Format des propositions<\/span><\/strong><\/p>\n<p style=\"margin: 0px;\">Les propositions d\u2019\u00e9v\u00e9nement, qui ne devront pas d\u00e9passer une page, comporteront :<\/p>\n<p style=\"margin: 0px;\">&#8211;<span style=\"mso-tab-count: 1;\">\u00a0\u00a0\u00a0\u00a0\u00a0\u00a0\u00a0\u00a0\u00a0\u00a0\u00a0<\/span>Le titre de l\u2019\u00e9v\u00e9nement,<\/p>\n<p style=\"margin: 0px;\">&#8211;<span style=\"mso-tab-count: 1;\">\u00a0\u00a0\u00a0\u00a0\u00a0\u00a0\u00a0\u00a0\u00a0\u00a0\u00a0<\/span>La date et le lieu,<\/p>\n<p style=\"margin: 0px;\">&#8211;<span style=\"mso-tab-count: 1;\">\u00a0\u00a0\u00a0\u00a0\u00a0\u00a0\u00a0\u00a0\u00a0\u00a0\u00a0<\/span>Les organisateurs et les partenaires \u00e9ventuels (associations, institutions, etc.)<\/p>\n<p style=\"margin: 0px;\">&#8211;<span style=\"mso-tab-count: 1;\">\u00a0\u00a0\u00a0\u00a0\u00a0\u00a0\u00a0\u00a0\u00a0\u00a0\u00a0<\/span>Le th\u00e8me et l\u2019objectif de la manifestation (5 \u00e0 10 lignes)<\/p>\n<p style=\"margin: 0px;\">&#8211;<span style=\"mso-tab-count: 1;\">\u00a0\u00a0\u00a0\u00a0\u00a0\u00a0\u00a0\u00a0\u00a0\u00a0\u00a0<\/span>Le format pressenti (conf\u00e9rence, table-ronde, exposition, etc.) ainsi que l\u2019\u00e9ventuel prix d\u2019acc\u00e8s avec justification<\/p>\n<p style=\"margin: 0px;\">&#8211;<span style=\"mso-tab-count: 1;\">\u00a0\u00a0\u00a0\u00a0\u00a0\u00a0\u00a0\u00a0\u00a0\u00a0\u00a0<\/span>La liste des intervenants et intervenantes\u00a0<a href=\"http:\/\/pressenti.es\/\">pressenti.es<\/a><\/p>\n<p style=\"margin: 0px;\">\n<p style=\"margin: 0px;\">Les propositions devront \u00eatre\u00a0<strong>envoy\u00e9es au plus tard le 1er\u00a0mars 2023<\/strong>\u00a0\u00e0\u00a0<a href=\"mailto:steve.hagimont@uvsq.fr\">steve.hagimont@uvsq.fr<\/a>. Le comit\u00e9 scientifique s\u2019occupera ensuite de la r\u00e9alisation et de la diffusion de ce programme.<\/p>\n<p style=\"margin: 0px;\">\n<p style=\"margin: 0px;\"><strong>Membres du comit\u00e9 scientifique :<\/strong><\/p>\n<p style=\"margin: 0px;\">Fabien Bartolotti (Aix-Marseille), Renaud B\u00e9cot (Grenoble), Marin Coudreau (Aubervilliers), Juliette Dumasy (Orl\u00e9ans), St\u00e9phane Frioux (Lyon), Romain Grancher (Toulouse), Adeline Grand-Cl\u00e9ment (Toulouse), Steve Hagimont (Versailles-Saint-Quentin-en-Yvelines), Fran\u00e7ois Jarrige (Dijon), Claire Milon (Reims, Strasbourg), Marc Pav\u00e9 (Cayenne),\u00a0Sol\u00e8ne\u00a0Rivoal (Albi), Marguerite Ronin (Nanterre), Alexis Vrignon (Orl\u00e9ans).<\/p>\n<p style=\"margin: 0px;\">\n<p style=\"margin: 0px;\"><strong>Partenaires de l\u2019\u00e9dition 2022<\/strong><\/p>\n<p style=\"margin: 0px;\">Archives nationales, Comit\u00e9 des travaux historiques et scientifiques, Centre d\u2019histoire du travail (Nantes), Institut M\u00e9moires de l&rsquo;\u00e9dition contemporaine (Caen), Groupement d&rsquo;int\u00e9r\u00eat scientifique sur les cancers d&rsquo;origine professionnelle en Seine Saint Denis, Institut M\u00e9moires de l\u2019\u00e9dition contemporaine (Caen), Parc naturel r\u00e9gional des Pyr\u00e9n\u00e9es ari\u00e9geoises, R\u00e9seau national des Maisons des sciences de l\u2019Homme (CNRS), Association pour l&rsquo;histoire de la protection de la nature et de l&rsquo;environnement (AHPNE), Association Henri P\u00e9zerat. Travail, Sant\u00e9, Environnement, At\u00e9copol &#8211; Atelier d&rsquo;\u00e9cologie politique (Toulouse), Ban Asbestos France (Interdire l&rsquo;amiante), Bureau des Guides GR2013 Fos-Etang de Berre, Ecopolien &#8211; Atelier d&rsquo;\u00e9cologie politique francilien, Institut \u00e9cocitoyen de Fos,\u00a0<span style=\"mso-spacerun: yes;\">\u00a0<\/span>Collection Anthropoc\u00e8ne (Editions du Seuil), Collection L&rsquo;Environnement a une histoire (Champ Vallon), Collection Histoire environnementale (Editions de la Sorbonne),<em>\u00a0L\u2019Histoire, Ecologie &amp; Politique, Revue d&rsquo;histoire du XIXe si\u00e8cle,<\/em>\u00a0<em>Terrestres<\/em>, Festival L\u2019Histoire \u00e0 venir (Toulouse), Festival Les Arts Foreztiers (Chavaniac-Lafayette, \u200cHaute-Loire).<\/p>\n<p style=\"margin: 0px;\">\n<p style=\"margin: 0px;\"><strong>Le RUCHE (R\u00e9seau universitaire de chercheurs en histoire environnementale)<\/strong>\u00a0est un r\u00e9seau pluridisciplinaire cr\u00e9\u00e9 en\u00a0septembre 2008\u00a0et constitu\u00e9 en association \u00e0 but non lucratif au printemps 2009. Ses membres sont des personnes originaires de diverses universit\u00e9s et autres \u00e9tablissements d\u2019enseignement sup\u00e9rieur ou secondaire, ou int\u00e9ress\u00e9-e-s par l\u2019histoire environnementale, et rel\u00e8vent de disciplines vari\u00e9es.<\/p>\n<p style=\"margin: 0px;\">L\u2019objectif du RUCHE est de promouvoir le d\u00e9veloppement de l\u2019histoire environnementale et de faciliter les \u00e9changes intellectuels entre les chercheurs en histoire environnementale, par la tenue de s\u00e9minaires, journ\u00e9es d\u2019\u00e9tudes, colloques, recherches et publications collectives, en facilitant la circulation des informations ou en faisant conna\u00eetre les publications int\u00e9ressantes.<\/p>\n","protected":false},"excerpt":{"rendered":"<p>Du 1er au\u00a016 juin 2022\u00a0aura lieu la deuxi\u00e8me \u00e9dition du\u00a0Printemps de l\u2019histoire environnementale, port\u00e9 par le R\u00e9seau universitaire de\u00a0chercheur.es\u00a0en histoire environnementale (ci-apr\u00e8s\u00a0: Ruche\u00a0https:\/\/leruche.hypotheses.org).\u00a0\u00a0Nous renouvelons donc \u00e0 cette occasion notre\u00a0appel \u00e0&hellip;&nbsp;<a href=\"https:\/\/telemme.mmsh.fr\/?p=12003\" rel=\"bookmark\">Lire la suite &raquo;<span class=\"screen-reader-text\">[Appel \u00e0 \u00e9v\u00e9nements] Printemps de l&rsquo;histoire environnementale 2023<\/span><\/a><\/p>\n","protected":false},"author":175,"featured_media":12004,"comment_status":"closed","ping_status":"closed","sticky":false,"template":"","format":"standard","meta":{"neve_meta_sidebar":"","neve_meta_container":"","neve_meta_enable_content_width":"off","neve_meta_content_width":70,"neve_meta_title_alignment":"","neve_meta_author_avatar":"","neve_post_elements_order":"","neve_meta_disable_header":"","neve_meta_disable_footer":"","neve_meta_disable_title":"","_tribe_events_control_status":"","_tribe_events_control_status_canceled_reason":"","_tribe_events_control_status_postponed_reason":"","_tribe_events_control_online":"","_tribe_events_control_online_url":"","footnotes":""},"categories":[1995,2026],"tags":[2485,2572],"class_list":["post-12003","post","type-post","status-publish","format-standard","has-post-thumbnail","hentry","category-actualites-telemme","category-appels-a-candidature","tag-histoire-environnementale","tag-le-ruche"],"yoast_head":"<!-- This site is optimized with the Yoast SEO plugin v27.4 - https:\/\/yoast.com\/product\/yoast-seo-wordpress\/ -->\n<title>[Appel \u00e0 \u00e9v\u00e9nements] Printemps de l&#039;histoire environnementale 2023 - TELEMMe - Temps, espaces, langages, Europe m\u00e9ridionale, M\u00e9diterran\u00e9e<\/title>\n<meta name=\"description\" content=\"Printemps de l&#039;histoire environnementale 2023\" \/>\n<meta name=\"robots\" content=\"index, follow, max-snippet:-1, max-image-preview:large, max-video-preview:-1\" \/>\n<link rel=\"canonical\" href=\"https:\/\/telemme.mmsh.fr\/?p=12003\" \/>\n<meta property=\"og:locale\" content=\"fr_FR\" \/>\n<meta property=\"og:type\" content=\"article\" \/>\n<meta property=\"og:title\" content=\"[Appel \u00e0 \u00e9v\u00e9nements] Printemps de l&#039;histoire environnementale 2023 - TELEMMe - Temps, espaces, langages, Europe m\u00e9ridionale, M\u00e9diterran\u00e9e\" \/>\n<meta property=\"og:description\" content=\"Printemps de l&#039;histoire environnementale 2023\" \/>\n<meta property=\"og:url\" content=\"https:\/\/telemme.mmsh.fr\/?p=12003\" \/>\n<meta property=\"og:site_name\" content=\"TELEMMe - Temps, espaces, langages, Europe m\u00e9ridionale, M\u00e9diterran\u00e9e\" \/>\n<meta property=\"article:published_time\" content=\"2022-11-14T10:53:38+00:00\" \/>\n<meta property=\"article:modified_time\" content=\"2022-11-14T15:21:52+00:00\" \/>\n<meta property=\"og:image\" content=\"https:\/\/telemme.mmsh.fr\/wp-content\/uploads\/2022\/11\/1174567_72dpi-1038x574-1.jpg\" \/>\n\t<meta property=\"og:image:width\" content=\"1038\" \/>\n\t<meta property=\"og:image:height\" content=\"574\" \/>\n\t<meta property=\"og:image:type\" content=\"image\/jpeg\" \/>\n<meta name=\"author\" content=\"Maja Mellet\" \/>\n<meta name=\"twitter:card\" content=\"summary_large_image\" \/>\n<meta name=\"twitter:label1\" content=\"\u00c9crit par\" \/>\n\t<meta name=\"twitter:data1\" content=\"Maja Mellet\" \/>\n\t<meta name=\"twitter:label2\" content=\"Dur\u00e9e de lecture estim\u00e9e\" \/>\n\t<meta name=\"twitter:data2\" content=\"3 minutes\" \/>\n<script type=\"application\/ld+json\" class=\"yoast-schema-graph\">{\"@context\":\"https:\\\/\\\/schema.org\",\"@graph\":[{\"@type\":\"Article\",\"@id\":\"https:\\\/\\\/telemme.mmsh.fr\\\/?p=12003#article\",\"isPartOf\":{\"@id\":\"https:\\\/\\\/telemme.mmsh.fr\\\/?p=12003\"},\"author\":{\"name\":\"Maja Mellet\",\"@id\":\"https:\\\/\\\/telemme.mmsh.fr\\\/#\\\/schema\\\/person\\\/c433e5fd025c00718f715ba73f040691\"},\"headline\":\"[Appel \u00e0 \u00e9v\u00e9nements] Printemps de l&rsquo;histoire environnementale 2023\",\"datePublished\":\"2022-11-14T10:53:38+00:00\",\"dateModified\":\"2022-11-14T15:21:52+00:00\",\"mainEntityOfPage\":{\"@id\":\"https:\\\/\\\/telemme.mmsh.fr\\\/?p=12003\"},\"wordCount\":693,\"publisher\":{\"@id\":\"https:\\\/\\\/telemme.mmsh.fr\\\/#organization\"},\"image\":{\"@id\":\"https:\\\/\\\/telemme.mmsh.fr\\\/?p=12003#primaryimage\"},\"thumbnailUrl\":\"https:\\\/\\\/telemme.mmsh.fr\\\/wp-content\\\/uploads\\\/2022\\\/11\\\/1174567_72dpi-1038x574-1.jpg\",\"keywords\":[\"histoire environnementale\",\"le ruche\"],\"articleSection\":[\"Actualit\u00e9s\",\"Appels \u00e0 candidature\"],\"inLanguage\":\"fr-FR\"},{\"@type\":\"WebPage\",\"@id\":\"https:\\\/\\\/telemme.mmsh.fr\\\/?p=12003\",\"url\":\"https:\\\/\\\/telemme.mmsh.fr\\\/?p=12003\",\"name\":\"[Appel \u00e0 \u00e9v\u00e9nements] Printemps de l'histoire environnementale 2023 - TELEMMe - Temps, espaces, langages, Europe m\u00e9ridionale, M\u00e9diterran\u00e9e\",\"isPartOf\":{\"@id\":\"https:\\\/\\\/telemme.mmsh.fr\\\/#website\"},\"primaryImageOfPage\":{\"@id\":\"https:\\\/\\\/telemme.mmsh.fr\\\/?p=12003#primaryimage\"},\"image\":{\"@id\":\"https:\\\/\\\/telemme.mmsh.fr\\\/?p=12003#primaryimage\"},\"thumbnailUrl\":\"https:\\\/\\\/telemme.mmsh.fr\\\/wp-content\\\/uploads\\\/2022\\\/11\\\/1174567_72dpi-1038x574-1.jpg\",\"datePublished\":\"2022-11-14T10:53:38+00:00\",\"dateModified\":\"2022-11-14T15:21:52+00:00\",\"description\":\"Printemps de l'histoire environnementale 2023\",\"breadcrumb\":{\"@id\":\"https:\\\/\\\/telemme.mmsh.fr\\\/?p=12003#breadcrumb\"},\"inLanguage\":\"fr-FR\",\"potentialAction\":[{\"@type\":\"ReadAction\",\"target\":[\"https:\\\/\\\/telemme.mmsh.fr\\\/?p=12003\"]}]},{\"@type\":\"ImageObject\",\"inLanguage\":\"fr-FR\",\"@id\":\"https:\\\/\\\/telemme.mmsh.fr\\\/?p=12003#primaryimage\",\"url\":\"https:\\\/\\\/telemme.mmsh.fr\\\/wp-content\\\/uploads\\\/2022\\\/11\\\/1174567_72dpi-1038x574-1.jpg\",\"contentUrl\":\"https:\\\/\\\/telemme.mmsh.fr\\\/wp-content\\\/uploads\\\/2022\\\/11\\\/1174567_72dpi-1038x574-1.jpg\",\"width\":1038,\"height\":574,\"caption\":\"1174567 Iraq \\\/ Italy: Foodstuffs - honey. Illustration from Ibn Butlan's Taqwim al-sihhah or 'Maintenance of Health' (Baghdad, 11th century) published in Italy as the Tacuinum Sanitatis in the 14th century; (add.info.: The Tacuinum (sometimes Taccuinum) Sanitatis is a medieval handbook on health and wellbeing, based on the Taqwim al-sihha ('Maintenance of Health'), an eleventh-century Arab medical treatise by Ibn Butlan of Baghdad.); Pictures from History; it is possible that some works by this artist may be protected by third party rights in some territories.\"},{\"@type\":\"BreadcrumbList\",\"@id\":\"https:\\\/\\\/telemme.mmsh.fr\\\/?p=12003#breadcrumb\",\"itemListElement\":[{\"@type\":\"ListItem\",\"position\":1,\"name\":\"Accueil\",\"item\":\"https:\\\/\\\/telemme.mmsh.fr\\\/\"},{\"@type\":\"ListItem\",\"position\":2,\"name\":\"Actualit\u00e9s\",\"item\":\"https:\\\/\\\/telemme.mmsh.fr\\\/?cat=1995\"},{\"@type\":\"ListItem\",\"position\":3,\"name\":\"Appels \u00e0 candidature\",\"item\":\"https:\\\/\\\/telemme.mmsh.fr\\\/?cat=2026\"},{\"@type\":\"ListItem\",\"position\":4,\"name\":\"[Appel \u00e0 \u00e9v\u00e9nements] Printemps de l&#8217;histoire environnementale 2023\"}]},{\"@type\":\"WebSite\",\"@id\":\"https:\\\/\\\/telemme.mmsh.fr\\\/#website\",\"url\":\"https:\\\/\\\/telemme.mmsh.fr\\\/\",\"name\":\"TELEMMe - Temps, espaces, langages, Europe m\u00e9ridionale, M\u00e9diterran\u00e9e\",\"description\":\"\",\"publisher\":{\"@id\":\"https:\\\/\\\/telemme.mmsh.fr\\\/#organization\"},\"potentialAction\":[{\"@type\":\"SearchAction\",\"target\":{\"@type\":\"EntryPoint\",\"urlTemplate\":\"https:\\\/\\\/telemme.mmsh.fr\\\/?s={search_term_string}\"},\"query-input\":{\"@type\":\"PropertyValueSpecification\",\"valueRequired\":true,\"valueName\":\"search_term_string\"}}],\"inLanguage\":\"fr-FR\"},{\"@type\":\"Organization\",\"@id\":\"https:\\\/\\\/telemme.mmsh.fr\\\/#organization\",\"name\":\"TELEMMe\",\"url\":\"https:\\\/\\\/telemme.mmsh.fr\\\/\",\"logo\":{\"@type\":\"ImageObject\",\"inLanguage\":\"fr-FR\",\"@id\":\"https:\\\/\\\/telemme.mmsh.fr\\\/#\\\/schema\\\/logo\\\/image\\\/\",\"url\":\"https:\\\/\\\/telemme.mmsh.fr\\\/wp-content\\\/uploads\\\/2020\\\/03\\\/LogoTELEMMe-horizontal-fond-transparent.png\",\"contentUrl\":\"https:\\\/\\\/telemme.mmsh.fr\\\/wp-content\\\/uploads\\\/2020\\\/03\\\/LogoTELEMMe-horizontal-fond-transparent.png\",\"width\":1500,\"height\":437,\"caption\":\"TELEMMe\"},\"image\":{\"@id\":\"https:\\\/\\\/telemme.mmsh.fr\\\/#\\\/schema\\\/logo\\\/image\\\/\"}},{\"@type\":\"Person\",\"@id\":\"https:\\\/\\\/telemme.mmsh.fr\\\/#\\\/schema\\\/person\\\/c433e5fd025c00718f715ba73f040691\",\"name\":\"Maja Mellet\",\"url\":\"https:\\\/\\\/telemme.mmsh.fr\\\/?author=175\"}]}<\/script>\n<!-- \/ Yoast SEO plugin. -->","yoast_head_json":{"title":"[Appel \u00e0 \u00e9v\u00e9nements] Printemps de l'histoire environnementale 2023 - TELEMMe - Temps, espaces, langages, Europe m\u00e9ridionale, M\u00e9diterran\u00e9e","description":"Printemps de l'histoire environnementale 2023","robots":{"index":"index","follow":"follow","max-snippet":"max-snippet:-1","max-image-preview":"max-image-preview:large","max-video-preview":"max-video-preview:-1"},"canonical":"https:\/\/telemme.mmsh.fr\/?p=12003","og_locale":"fr_FR","og_type":"article","og_title":"[Appel \u00e0 \u00e9v\u00e9nements] Printemps de l'histoire environnementale 2023 - TELEMMe - Temps, espaces, langages, Europe m\u00e9ridionale, M\u00e9diterran\u00e9e","og_description":"Printemps de l'histoire environnementale 2023","og_url":"https:\/\/telemme.mmsh.fr\/?p=12003","og_site_name":"TELEMMe - Temps, espaces, langages, Europe m\u00e9ridionale, M\u00e9diterran\u00e9e","article_published_time":"2022-11-14T10:53:38+00:00","article_modified_time":"2022-11-14T15:21:52+00:00","og_image":[{"width":1038,"height":574,"url":"https:\/\/telemme.mmsh.fr\/wp-content\/uploads\/2022\/11\/1174567_72dpi-1038x574-1.jpg","type":"image\/jpeg"}],"author":"Maja Mellet","twitter_card":"summary_large_image","twitter_misc":{"\u00c9crit par":"Maja Mellet","Dur\u00e9e de lecture estim\u00e9e":"3 minutes"},"schema":{"@context":"https:\/\/schema.org","@graph":[{"@type":"Article","@id":"https:\/\/telemme.mmsh.fr\/?p=12003#article","isPartOf":{"@id":"https:\/\/telemme.mmsh.fr\/?p=12003"},"author":{"name":"Maja Mellet","@id":"https:\/\/telemme.mmsh.fr\/#\/schema\/person\/c433e5fd025c00718f715ba73f040691"},"headline":"[Appel \u00e0 \u00e9v\u00e9nements] Printemps de l&rsquo;histoire environnementale 2023","datePublished":"2022-11-14T10:53:38+00:00","dateModified":"2022-11-14T15:21:52+00:00","mainEntityOfPage":{"@id":"https:\/\/telemme.mmsh.fr\/?p=12003"},"wordCount":693,"publisher":{"@id":"https:\/\/telemme.mmsh.fr\/#organization"},"image":{"@id":"https:\/\/telemme.mmsh.fr\/?p=12003#primaryimage"},"thumbnailUrl":"https:\/\/telemme.mmsh.fr\/wp-content\/uploads\/2022\/11\/1174567_72dpi-1038x574-1.jpg","keywords":["histoire environnementale","le ruche"],"articleSection":["Actualit\u00e9s","Appels \u00e0 candidature"],"inLanguage":"fr-FR"},{"@type":"WebPage","@id":"https:\/\/telemme.mmsh.fr\/?p=12003","url":"https:\/\/telemme.mmsh.fr\/?p=12003","name":"[Appel \u00e0 \u00e9v\u00e9nements] Printemps de l'histoire environnementale 2023 - TELEMMe - Temps, espaces, langages, Europe m\u00e9ridionale, M\u00e9diterran\u00e9e","isPartOf":{"@id":"https:\/\/telemme.mmsh.fr\/#website"},"primaryImageOfPage":{"@id":"https:\/\/telemme.mmsh.fr\/?p=12003#primaryimage"},"image":{"@id":"https:\/\/telemme.mmsh.fr\/?p=12003#primaryimage"},"thumbnailUrl":"https:\/\/telemme.mmsh.fr\/wp-content\/uploads\/2022\/11\/1174567_72dpi-1038x574-1.jpg","datePublished":"2022-11-14T10:53:38+00:00","dateModified":"2022-11-14T15:21:52+00:00","description":"Printemps de l'histoire environnementale 2023","breadcrumb":{"@id":"https:\/\/telemme.mmsh.fr\/?p=12003#breadcrumb"},"inLanguage":"fr-FR","potentialAction":[{"@type":"ReadAction","target":["https:\/\/telemme.mmsh.fr\/?p=12003"]}]},{"@type":"ImageObject","inLanguage":"fr-FR","@id":"https:\/\/telemme.mmsh.fr\/?p=12003#primaryimage","url":"https:\/\/telemme.mmsh.fr\/wp-content\/uploads\/2022\/11\/1174567_72dpi-1038x574-1.jpg","contentUrl":"https:\/\/telemme.mmsh.fr\/wp-content\/uploads\/2022\/11\/1174567_72dpi-1038x574-1.jpg","width":1038,"height":574,"caption":"1174567 Iraq \/ Italy: Foodstuffs - honey. Illustration from Ibn Butlan's Taqwim al-sihhah or 'Maintenance of Health' (Baghdad, 11th century) published in Italy as the Tacuinum Sanitatis in the 14th century; (add.info.: The Tacuinum (sometimes Taccuinum) Sanitatis is a medieval handbook on health and wellbeing, based on the Taqwim al-sihha ('Maintenance of Health'), an eleventh-century Arab medical treatise by Ibn Butlan of Baghdad.); Pictures from History; it is possible that some works by this artist may be protected by third party rights in some territories."},{"@type":"BreadcrumbList","@id":"https:\/\/telemme.mmsh.fr\/?p=12003#breadcrumb","itemListElement":[{"@type":"ListItem","position":1,"name":"Accueil","item":"https:\/\/telemme.mmsh.fr\/"},{"@type":"ListItem","position":2,"name":"Actualit\u00e9s","item":"https:\/\/telemme.mmsh.fr\/?cat=1995"},{"@type":"ListItem","position":3,"name":"Appels \u00e0 candidature","item":"https:\/\/telemme.mmsh.fr\/?cat=2026"},{"@type":"ListItem","position":4,"name":"[Appel \u00e0 \u00e9v\u00e9nements] Printemps de l&#8217;histoire environnementale 2023"}]},{"@type":"WebSite","@id":"https:\/\/telemme.mmsh.fr\/#website","url":"https:\/\/telemme.mmsh.fr\/","name":"TELEMMe - Temps, espaces, langages, Europe m\u00e9ridionale, M\u00e9diterran\u00e9e","description":"","publisher":{"@id":"https:\/\/telemme.mmsh.fr\/#organization"},"potentialAction":[{"@type":"SearchAction","target":{"@type":"EntryPoint","urlTemplate":"https:\/\/telemme.mmsh.fr\/?s={search_term_string}"},"query-input":{"@type":"PropertyValueSpecification","valueRequired":true,"valueName":"search_term_string"}}],"inLanguage":"fr-FR"},{"@type":"Organization","@id":"https:\/\/telemme.mmsh.fr\/#organization","name":"TELEMMe","url":"https:\/\/telemme.mmsh.fr\/","logo":{"@type":"ImageObject","inLanguage":"fr-FR","@id":"https:\/\/telemme.mmsh.fr\/#\/schema\/logo\/image\/","url":"https:\/\/telemme.mmsh.fr\/wp-content\/uploads\/2020\/03\/LogoTELEMMe-horizontal-fond-transparent.png","contentUrl":"https:\/\/telemme.mmsh.fr\/wp-content\/uploads\/2020\/03\/LogoTELEMMe-horizontal-fond-transparent.png","width":1500,"height":437,"caption":"TELEMMe"},"image":{"@id":"https:\/\/telemme.mmsh.fr\/#\/schema\/logo\/image\/"}},{"@type":"Person","@id":"https:\/\/telemme.mmsh.fr\/#\/schema\/person\/c433e5fd025c00718f715ba73f040691","name":"Maja Mellet","url":"https:\/\/telemme.mmsh.fr\/?author=175"}]}},"_links":{"self":[{"href":"https:\/\/telemme.mmsh.fr\/index.php?rest_route=\/wp\/v2\/posts\/12003","targetHints":{"allow":["GET"]}}],"collection":[{"href":"https:\/\/telemme.mmsh.fr\/index.php?rest_route=\/wp\/v2\/posts"}],"about":[{"href":"https:\/\/telemme.mmsh.fr\/index.php?rest_route=\/wp\/v2\/types\/post"}],"author":[{"embeddable":true,"href":"https:\/\/telemme.mmsh.fr\/index.php?rest_route=\/wp\/v2\/users\/175"}],"replies":[{"embeddable":true,"href":"https:\/\/telemme.mmsh.fr\/index.php?rest_route=%2Fwp%2Fv2%2Fcomments&post=12003"}],"version-history":[{"count":4,"href":"https:\/\/telemme.mmsh.fr\/index.php?rest_route=\/wp\/v2\/posts\/12003\/revisions"}],"predecessor-version":[{"id":12013,"href":"https:\/\/telemme.mmsh.fr\/index.php?rest_route=\/wp\/v2\/posts\/12003\/revisions\/12013"}],"wp:featuredmedia":[{"embeddable":true,"href":"https:\/\/telemme.mmsh.fr\/index.php?rest_route=\/wp\/v2\/media\/12004"}],"wp:attachment":[{"href":"https:\/\/telemme.mmsh.fr\/index.php?rest_route=%2Fwp%2Fv2%2Fmedia&parent=12003"}],"wp:term":[{"taxonomy":"category","embeddable":true,"href":"https:\/\/telemme.mmsh.fr\/index.php?rest_route=%2Fwp%2Fv2%2Fcategories&post=12003"},{"taxonomy":"post_tag","embeddable":true,"href":"https:\/\/telemme.mmsh.fr\/index.php?rest_route=%2Fwp%2Fv2%2Ftags&post=12003"}],"curies":[{"name":"wp","href":"https:\/\/api.w.org\/{rel}","templated":true}]}}