{"id":11995,"date":"2022-11-10T05:59:16","date_gmt":"2022-11-10T04:59:16","guid":{"rendered":"https:\/\/telemme.mmsh.fr\/?p=11995"},"modified":"2022-11-14T16:22:08","modified_gmt":"2022-11-14T15:22:08","slug":"offre-de-stage-mediatisation-de-lexposition-coloniale-de-1931-a-la-television-et-sur-le-web","status":"publish","type":"post","link":"https:\/\/telemme.mmsh.fr\/?p=11995","title":{"rendered":"[Offre de stage] m\u00e9diatisation de l\u2019exposition coloniale de 1931 \u00e0 la t\u00e9l\u00e9vision et sur le web"},"content":{"rendered":"<p>Dur\u00e9e&nbsp;: 4 \u00e0 6 mois (pouvant se planifier entre janvier 2023 et juillet 2023)<\/p>\n<p>Laboratoire&nbsp;: TELEMMe<\/p>\n<p>Stage gratifi\u00e9<\/p>\n<p>Condition requise&nbsp;: \u00eatre \u00e9tudiant.e inscrit.e en Master (SHS)<\/p>\n<p>Champs de recherche&nbsp;: Histoire coloniale<\/p>\n<p>Date limite de candidature&nbsp;: 5 d\u00e9cembre 2022<\/p>\n<p>TELEMMe, avec le soutien de l\u2019ANR, dans le cadre du projet de recherche europ\u00e9en sur la m\u00e9diation des archives coloniales (PICCH &#8211; Polyvocal Interpretations of Contested Cultural Heritage<a href=\"#_ftn1\" name=\"_ftnref1\">[1]<\/a>), propose une offre de stage \u00e0 un.e \u00e9tudiant.e de niveau master (Histoire, SIC, Humanit\u00e9s num\u00e9riques, ou autre discipline des sciences humaines et sociales). Ce projet interdisciplinaire, associant l\u2019histoire des m\u00e9dias, les \u00e9tudes archivistiques et les sciences de l\u2019information et de la communication, est dirig\u00e9 par Daniella Petrelli (Universit\u00e9 de Sheffield). Il interroge le concept de \u00ab d\u00e9colonisation du patrimoine \u00bb.<\/p>\n<p>&nbsp;<\/p>\n<p>Les <strong>missions<\/strong> de l\u2019\u00e9tudiant.e stagiaire seront de&nbsp;:<\/p>\n<ul>\n<li>Constituer un corpus \u00e0 partir des archives t\u00e9l\u00e9visuelles de l\u2019INA qui traite de l\u2019exposition coloniale de 1931, \u00e9ventuellement enrichi par des vid\u00e9os issues du web<\/li>\n<li>\u00c0 partir d\u2019une s\u00e9lection issue du corpus, proposer une analyse de l\u2019\u00e9volution de la m\u00e9diatisation de l\u2019exposition de 1931 depuis les ann\u00e9es 1960, et notamment de la fresque d&rsquo;Henri Ducos de la Haille. Il s\u2019agira de pr\u00eater une attention particuli\u00e8re au commentaire journalistique li\u00e9 \u00e0 la monstration t\u00e9l\u00e9visuelle des corps des colonis\u00e9s repr\u00e9sent\u00e9s.<\/li>\n<li>Traiter des donn\u00e9es et m\u00e9tadonn\u00e9es fournies \u00e0 partir de ce corpus sous forme de tableur ou au format CSV.<\/li>\n<li>Participer \u00e0 l\u2019organisation d\u2019\u00e9v\u00e9nements dans le cadre du projet PICCH, et notamment en lien avec le Mus\u00e9e d\u2019Histoire de l\u2019Immigration<\/li>\n<li>R\u00e9diger un billet de blog pr\u00e9sentant ses activit\u00e9s et ses r\u00e9sultats, en lien avec son rapport de stage.<\/li>\n<\/ul>\n<p>&nbsp;<\/p>\n<p>Les sources mobilis\u00e9es s\u2019appuieront principalement sur les archives de la radio-t\u00e9l\u00e9vision de l\u2019INA accessibles \u00e0 l\u2019Inath\u00e8que (Paris), ou dans les locaux de l\u2019INA-M\u00e9diterran\u00e9e \u00e0 Marseille et de la m\u00e9diath\u00e8que de la MMSH \u00e0 Aix-en-Provence<a href=\"#_ftn2\" name=\"_ftnref2\">[2]<\/a>, et pourront \u00eatre compl\u00e9t\u00e9es par des vid\u00e9os identifi\u00e9es en ligne.<\/p>\n<p>&nbsp;<\/p>\n<p><strong>Dur\u00e9e<\/strong> : 4 \u00e0 6 mois pouvant se planifier entre janvier 2023 et juillet 2023<\/p>\n<p><strong>Lieu de stage<\/strong> : laboratoire TELEMMe (UMR 7303, AMU-CNRS), Aix-en-Provence (t\u00e9l\u00e9travail possible)<\/p>\n<p><strong>Encadrement<\/strong>&nbsp;: Sophie Gebeil, ma\u00eetre de conf\u00e9rences au sein du laboratoire TELEMMe (UMR 7303 AMU-CNRS) et <em>principal investigator<\/em> pour la France du projet PICCH et Delphine Peiretti-Courtis, PRAG AMU et chercheure au laboratoire TELEMMe (UMR 7303 AMU-CNRS), sp\u00e9cialiste de l\u2019histoire du corps et des repr\u00e9sentations coloniales.<\/p>\n<p><strong>Gratification<\/strong> minimale suivant les indications du minist\u00e8re du Travail, de l\u2019Emploi et de l\u2019Insertion&nbsp;: <a href=\"https:\/\/travail-emploi.gouv.fr\/emploi-et-insertion\/mesures-jeunes\/article\/les-stages-etudiants-en-milieu-professionnel\">https:\/\/travail-emploi.gouv.fr\/emploi-et-insertion\/mesures-jeunes\/article\/les-stages-etudiants-en-milieu-professionnel<\/a><\/p>\n<p><strong>Condition requise&nbsp;:<\/strong><\/p>\n<p>\u00catre \u00e9tudiant.e en histoire ou autre SHS (\u00e0 conditions de poss\u00e9der une formation en histoire)<\/p>\n<p><strong>Modalit\u00e9s de candidature&nbsp;: <\/strong><\/p>\n<p>Pour postuler envoyer un CV (2 pages maximum) et une lettre de motivation \u00e0 Delphine Peiretti-Courtis <a href=\"mailto:delphine.peiretti@univ-amu.fr\">delphine.peiretti@univ-amu.fr<\/a> et Sophie Gebeil &nbsp;<a href=\"mailto:sophie.gebeil@univ-amu.fr\">sophie.gebeil@univ-amu.fr<\/a><\/p>\n<p><strong>Calendrier&nbsp;: <\/strong><\/p>\n<ul>\n<li>Date limite de la candidature&nbsp;: le 5 d\u00e9cembre 2022<\/li>\n<li>Les r\u00e9sultats seront communiqu\u00e9s le 15 d\u00e9cembre 2022<\/li>\n<\/ul>\n<p><strong>Contact<\/strong> :<\/p>\n<p><a href=\"mailto:sophie.gebeil@univ-amu.fr\">sophie.gebeil@univ-amu.fr<\/a><\/p>\n<p><a href=\"mailto:delphine.peiretti@univ-amu.fr\">delphine.peiretti@univ-amu.fr<\/a><\/p>\n<p><a href=\"#_ftnref1\" name=\"_ftn1\">[1]<\/a> Consulter une br\u00e8ve pr\u00e9sentation du projet ici&nbsp;: <a href=\"https:\/\/madi.hypotheses.org\/883\">https:\/\/madi.hypotheses.org\/883<\/a> &nbsp;; Programme \u00ab&nbsp;JPI Patrimoine Culturel \u2013 Patrimoine, Identit\u00e9s et Perspectives : s\u2019adapter \u00e0 des soci\u00e9t\u00e9s en \u00e9volution&nbsp;\u00bb&nbsp;, ANR,&nbsp; <a href=\"https:\/\/anr.fr\/fr\/detail\/call\/jpi-patrimoine-culturel-patrimoine-identites-et-perspectives-sadapter-a-des-societes-en-evolu\/\">https:\/\/anr.fr\/fr\/detail\/call\/jpi-patrimoine-culturel-patrimoine-identites-et-perspectives-sadapter-a-des-societes-en-evolu\/<\/a><\/p>\n<p><a href=\"#_ftnref2\" name=\"_ftn2\">[2]<\/a> Pr\u00e9sentation des archives du Web m\u00e9dia de l\u2019INA, <a href=\"http:\/\/www.inatheque.fr\/fonds-audiovisuels\/sites-web-media.html\">http:\/\/www.inatheque.fr\/fonds-audiovisuels\/sites-web-media.html<\/a><\/p>\n","protected":false},"excerpt":{"rendered":"<p>Dur\u00e9e&nbsp;: 4 \u00e0 6 mois (pouvant se planifier entre janvier 2023 et juillet 2023) Laboratoire&nbsp;: TELEMMe Stage gratifi\u00e9 Condition requise&nbsp;: \u00eatre \u00e9tudiant.e inscrit.e en Master (SHS) Champs de recherche&nbsp;: Histoire&hellip;&nbsp;<a href=\"https:\/\/telemme.mmsh.fr\/?p=11995\" rel=\"bookmark\">Lire la suite &raquo;<span class=\"screen-reader-text\">[Offre de stage] m\u00e9diatisation de l\u2019exposition coloniale de 1931 \u00e0 la t\u00e9l\u00e9vision et sur le web<\/span><\/a><\/p>\n","protected":false},"author":175,"featured_media":11920,"comment_status":"closed","ping_status":"closed","sticky":false,"template":"","format":"standard","meta":{"neve_meta_sidebar":"","neve_meta_container":"","neve_meta_enable_content_width":"off","neve_meta_content_width":70,"neve_meta_title_alignment":"","neve_meta_author_avatar":"","neve_post_elements_order":"","neve_meta_disable_header":"","neve_meta_disable_footer":"","neve_meta_disable_title":"","_tribe_events_control_status":"","_tribe_events_control_status_canceled_reason":"","_tribe_events_control_status_postponed_reason":"","_tribe_events_control_online":"","_tribe_events_control_online_url":"","footnotes":""},"categories":[1995],"tags":[2211,2559,2555],"class_list":["post-11995","post","type-post","status-publish","format-standard","has-post-thumbnail","hentry","category-actualites-telemme","tag-anr-picch","tag-mediatisation","tag-stage"],"yoast_head":"<!-- This site is optimized with the Yoast SEO plugin v27.4 - https:\/\/yoast.com\/product\/yoast-seo-wordpress\/ -->\n<title>[Offre de stage] m\u00e9diatisation de l\u2019exposition coloniale de 1931 \u00e0 la t\u00e9l\u00e9vision et sur le web - TELEMMe - Temps, espaces, langages, Europe m\u00e9ridionale, M\u00e9diterran\u00e9e<\/title>\n<meta name=\"robots\" content=\"index, follow, max-snippet:-1, max-image-preview:large, max-video-preview:-1\" \/>\n<link rel=\"canonical\" href=\"https:\/\/telemme.mmsh.fr\/?p=11995\" \/>\n<meta property=\"og:locale\" content=\"fr_FR\" \/>\n<meta property=\"og:type\" content=\"article\" \/>\n<meta property=\"og:title\" content=\"[Offre de stage] m\u00e9diatisation de l\u2019exposition coloniale de 1931 \u00e0 la t\u00e9l\u00e9vision et sur le web - TELEMMe - Temps, espaces, langages, Europe m\u00e9ridionale, M\u00e9diterran\u00e9e\" \/>\n<meta property=\"og:description\" content=\"Dur\u00e9e&nbsp;: 4 \u00e0 6 mois (pouvant se planifier entre janvier 2023 et juillet 2023) Laboratoire&nbsp;: TELEMMe Stage gratifi\u00e9 Condition requise&nbsp;: \u00eatre \u00e9tudiant.e inscrit.e en Master (SHS) Champs de recherche&nbsp;: Histoire&hellip;&nbsp;Lire la suite &raquo;[Offre de stage] m\u00e9diatisation de l\u2019exposition coloniale de 1931 \u00e0 la t\u00e9l\u00e9vision et sur le web\" \/>\n<meta property=\"og:url\" content=\"https:\/\/telemme.mmsh.fr\/?p=11995\" \/>\n<meta property=\"og:site_name\" content=\"TELEMMe - Temps, espaces, langages, Europe m\u00e9ridionale, M\u00e9diterran\u00e9e\" \/>\n<meta property=\"article:published_time\" content=\"2022-11-10T04:59:16+00:00\" \/>\n<meta property=\"article:modified_time\" content=\"2022-11-14T15:22:08+00:00\" \/>\n<meta property=\"og:image\" content=\"https:\/\/telemme.mmsh.fr\/wp-content\/uploads\/2022\/10\/logo_PICCH_2-930x250-1.jpg\" \/>\n\t<meta property=\"og:image:width\" content=\"930\" \/>\n\t<meta property=\"og:image:height\" content=\"250\" \/>\n\t<meta property=\"og:image:type\" content=\"image\/jpeg\" \/>\n<meta name=\"author\" content=\"Maja Mellet\" \/>\n<meta name=\"twitter:card\" content=\"summary_large_image\" \/>\n<meta name=\"twitter:label1\" content=\"\u00c9crit par\" \/>\n\t<meta name=\"twitter:data1\" content=\"Maja Mellet\" \/>\n\t<meta name=\"twitter:label2\" content=\"Dur\u00e9e de lecture estim\u00e9e\" \/>\n\t<meta name=\"twitter:data2\" content=\"3 minutes\" \/>\n<script type=\"application\/ld+json\" class=\"yoast-schema-graph\">{\"@context\":\"https:\\\/\\\/schema.org\",\"@graph\":[{\"@type\":\"Article\",\"@id\":\"https:\\\/\\\/telemme.mmsh.fr\\\/?p=11995#article\",\"isPartOf\":{\"@id\":\"https:\\\/\\\/telemme.mmsh.fr\\\/?p=11995\"},\"author\":{\"name\":\"Maja Mellet\",\"@id\":\"https:\\\/\\\/telemme.mmsh.fr\\\/#\\\/schema\\\/person\\\/c433e5fd025c00718f715ba73f040691\"},\"headline\":\"[Offre de stage] m\u00e9diatisation de l\u2019exposition coloniale de 1931 \u00e0 la t\u00e9l\u00e9vision et sur le web\",\"datePublished\":\"2022-11-10T04:59:16+00:00\",\"dateModified\":\"2022-11-14T15:22:08+00:00\",\"mainEntityOfPage\":{\"@id\":\"https:\\\/\\\/telemme.mmsh.fr\\\/?p=11995\"},\"wordCount\":622,\"publisher\":{\"@id\":\"https:\\\/\\\/telemme.mmsh.fr\\\/#organization\"},\"image\":{\"@id\":\"https:\\\/\\\/telemme.mmsh.fr\\\/?p=11995#primaryimage\"},\"thumbnailUrl\":\"https:\\\/\\\/telemme.mmsh.fr\\\/wp-content\\\/uploads\\\/2022\\\/10\\\/logo_PICCH_2-930x250-1.jpg\",\"keywords\":[\"ANR PICCH\",\"m\u00e9diatisation\",\"stage\"],\"articleSection\":[\"Actualit\u00e9s\"],\"inLanguage\":\"fr-FR\"},{\"@type\":\"WebPage\",\"@id\":\"https:\\\/\\\/telemme.mmsh.fr\\\/?p=11995\",\"url\":\"https:\\\/\\\/telemme.mmsh.fr\\\/?p=11995\",\"name\":\"[Offre de stage] m\u00e9diatisation de l\u2019exposition coloniale de 1931 \u00e0 la t\u00e9l\u00e9vision et sur le web - TELEMMe - Temps, espaces, langages, Europe m\u00e9ridionale, M\u00e9diterran\u00e9e\",\"isPartOf\":{\"@id\":\"https:\\\/\\\/telemme.mmsh.fr\\\/#website\"},\"primaryImageOfPage\":{\"@id\":\"https:\\\/\\\/telemme.mmsh.fr\\\/?p=11995#primaryimage\"},\"image\":{\"@id\":\"https:\\\/\\\/telemme.mmsh.fr\\\/?p=11995#primaryimage\"},\"thumbnailUrl\":\"https:\\\/\\\/telemme.mmsh.fr\\\/wp-content\\\/uploads\\\/2022\\\/10\\\/logo_PICCH_2-930x250-1.jpg\",\"datePublished\":\"2022-11-10T04:59:16+00:00\",\"dateModified\":\"2022-11-14T15:22:08+00:00\",\"breadcrumb\":{\"@id\":\"https:\\\/\\\/telemme.mmsh.fr\\\/?p=11995#breadcrumb\"},\"inLanguage\":\"fr-FR\",\"potentialAction\":[{\"@type\":\"ReadAction\",\"target\":[\"https:\\\/\\\/telemme.mmsh.fr\\\/?p=11995\"]}]},{\"@type\":\"ImageObject\",\"inLanguage\":\"fr-FR\",\"@id\":\"https:\\\/\\\/telemme.mmsh.fr\\\/?p=11995#primaryimage\",\"url\":\"https:\\\/\\\/telemme.mmsh.fr\\\/wp-content\\\/uploads\\\/2022\\\/10\\\/logo_PICCH_2-930x250-1.jpg\",\"contentUrl\":\"https:\\\/\\\/telemme.mmsh.fr\\\/wp-content\\\/uploads\\\/2022\\\/10\\\/logo_PICCH_2-930x250-1.jpg\",\"width\":930,\"height\":250},{\"@type\":\"BreadcrumbList\",\"@id\":\"https:\\\/\\\/telemme.mmsh.fr\\\/?p=11995#breadcrumb\",\"itemListElement\":[{\"@type\":\"ListItem\",\"position\":1,\"name\":\"Accueil\",\"item\":\"https:\\\/\\\/telemme.mmsh.fr\\\/\"},{\"@type\":\"ListItem\",\"position\":2,\"name\":\"Actualit\u00e9s\",\"item\":\"https:\\\/\\\/telemme.mmsh.fr\\\/?cat=1995\"},{\"@type\":\"ListItem\",\"position\":3,\"name\":\"[Offre de stage] m\u00e9diatisation de l\u2019exposition coloniale de 1931 \u00e0 la t\u00e9l\u00e9vision et sur le web\"}]},{\"@type\":\"WebSite\",\"@id\":\"https:\\\/\\\/telemme.mmsh.fr\\\/#website\",\"url\":\"https:\\\/\\\/telemme.mmsh.fr\\\/\",\"name\":\"TELEMMe - Temps, espaces, langages, Europe m\u00e9ridionale, M\u00e9diterran\u00e9e\",\"description\":\"\",\"publisher\":{\"@id\":\"https:\\\/\\\/telemme.mmsh.fr\\\/#organization\"},\"potentialAction\":[{\"@type\":\"SearchAction\",\"target\":{\"@type\":\"EntryPoint\",\"urlTemplate\":\"https:\\\/\\\/telemme.mmsh.fr\\\/?s={search_term_string}\"},\"query-input\":{\"@type\":\"PropertyValueSpecification\",\"valueRequired\":true,\"valueName\":\"search_term_string\"}}],\"inLanguage\":\"fr-FR\"},{\"@type\":\"Organization\",\"@id\":\"https:\\\/\\\/telemme.mmsh.fr\\\/#organization\",\"name\":\"TELEMMe\",\"url\":\"https:\\\/\\\/telemme.mmsh.fr\\\/\",\"logo\":{\"@type\":\"ImageObject\",\"inLanguage\":\"fr-FR\",\"@id\":\"https:\\\/\\\/telemme.mmsh.fr\\\/#\\\/schema\\\/logo\\\/image\\\/\",\"url\":\"https:\\\/\\\/telemme.mmsh.fr\\\/wp-content\\\/uploads\\\/2020\\\/03\\\/LogoTELEMMe-horizontal-fond-transparent.png\",\"contentUrl\":\"https:\\\/\\\/telemme.mmsh.fr\\\/wp-content\\\/uploads\\\/2020\\\/03\\\/LogoTELEMMe-horizontal-fond-transparent.png\",\"width\":1500,\"height\":437,\"caption\":\"TELEMMe\"},\"image\":{\"@id\":\"https:\\\/\\\/telemme.mmsh.fr\\\/#\\\/schema\\\/logo\\\/image\\\/\"}},{\"@type\":\"Person\",\"@id\":\"https:\\\/\\\/telemme.mmsh.fr\\\/#\\\/schema\\\/person\\\/c433e5fd025c00718f715ba73f040691\",\"name\":\"Maja Mellet\",\"url\":\"https:\\\/\\\/telemme.mmsh.fr\\\/?author=175\"}]}<\/script>\n<!-- \/ Yoast SEO plugin. -->","yoast_head_json":{"title":"[Offre de stage] m\u00e9diatisation de l\u2019exposition coloniale de 1931 \u00e0 la t\u00e9l\u00e9vision et sur le web - TELEMMe - Temps, espaces, langages, Europe m\u00e9ridionale, M\u00e9diterran\u00e9e","robots":{"index":"index","follow":"follow","max-snippet":"max-snippet:-1","max-image-preview":"max-image-preview:large","max-video-preview":"max-video-preview:-1"},"canonical":"https:\/\/telemme.mmsh.fr\/?p=11995","og_locale":"fr_FR","og_type":"article","og_title":"[Offre de stage] m\u00e9diatisation de l\u2019exposition coloniale de 1931 \u00e0 la t\u00e9l\u00e9vision et sur le web - TELEMMe - Temps, espaces, langages, Europe m\u00e9ridionale, M\u00e9diterran\u00e9e","og_description":"Dur\u00e9e&nbsp;: 4 \u00e0 6 mois (pouvant se planifier entre janvier 2023 et juillet 2023) Laboratoire&nbsp;: TELEMMe Stage gratifi\u00e9 Condition requise&nbsp;: \u00eatre \u00e9tudiant.e inscrit.e en Master (SHS) Champs de recherche&nbsp;: Histoire&hellip;&nbsp;Lire la suite &raquo;[Offre de stage] m\u00e9diatisation de l\u2019exposition coloniale de 1931 \u00e0 la t\u00e9l\u00e9vision et sur le web","og_url":"https:\/\/telemme.mmsh.fr\/?p=11995","og_site_name":"TELEMMe - Temps, espaces, langages, Europe m\u00e9ridionale, M\u00e9diterran\u00e9e","article_published_time":"2022-11-10T04:59:16+00:00","article_modified_time":"2022-11-14T15:22:08+00:00","og_image":[{"width":930,"height":250,"url":"https:\/\/telemme.mmsh.fr\/wp-content\/uploads\/2022\/10\/logo_PICCH_2-930x250-1.jpg","type":"image\/jpeg"}],"author":"Maja Mellet","twitter_card":"summary_large_image","twitter_misc":{"\u00c9crit par":"Maja Mellet","Dur\u00e9e de lecture estim\u00e9e":"3 minutes"},"schema":{"@context":"https:\/\/schema.org","@graph":[{"@type":"Article","@id":"https:\/\/telemme.mmsh.fr\/?p=11995#article","isPartOf":{"@id":"https:\/\/telemme.mmsh.fr\/?p=11995"},"author":{"name":"Maja Mellet","@id":"https:\/\/telemme.mmsh.fr\/#\/schema\/person\/c433e5fd025c00718f715ba73f040691"},"headline":"[Offre de stage] m\u00e9diatisation de l\u2019exposition coloniale de 1931 \u00e0 la t\u00e9l\u00e9vision et sur le web","datePublished":"2022-11-10T04:59:16+00:00","dateModified":"2022-11-14T15:22:08+00:00","mainEntityOfPage":{"@id":"https:\/\/telemme.mmsh.fr\/?p=11995"},"wordCount":622,"publisher":{"@id":"https:\/\/telemme.mmsh.fr\/#organization"},"image":{"@id":"https:\/\/telemme.mmsh.fr\/?p=11995#primaryimage"},"thumbnailUrl":"https:\/\/telemme.mmsh.fr\/wp-content\/uploads\/2022\/10\/logo_PICCH_2-930x250-1.jpg","keywords":["ANR PICCH","m\u00e9diatisation","stage"],"articleSection":["Actualit\u00e9s"],"inLanguage":"fr-FR"},{"@type":"WebPage","@id":"https:\/\/telemme.mmsh.fr\/?p=11995","url":"https:\/\/telemme.mmsh.fr\/?p=11995","name":"[Offre de stage] m\u00e9diatisation de l\u2019exposition coloniale de 1931 \u00e0 la t\u00e9l\u00e9vision et sur le web - TELEMMe - Temps, espaces, langages, Europe m\u00e9ridionale, M\u00e9diterran\u00e9e","isPartOf":{"@id":"https:\/\/telemme.mmsh.fr\/#website"},"primaryImageOfPage":{"@id":"https:\/\/telemme.mmsh.fr\/?p=11995#primaryimage"},"image":{"@id":"https:\/\/telemme.mmsh.fr\/?p=11995#primaryimage"},"thumbnailUrl":"https:\/\/telemme.mmsh.fr\/wp-content\/uploads\/2022\/10\/logo_PICCH_2-930x250-1.jpg","datePublished":"2022-11-10T04:59:16+00:00","dateModified":"2022-11-14T15:22:08+00:00","breadcrumb":{"@id":"https:\/\/telemme.mmsh.fr\/?p=11995#breadcrumb"},"inLanguage":"fr-FR","potentialAction":[{"@type":"ReadAction","target":["https:\/\/telemme.mmsh.fr\/?p=11995"]}]},{"@type":"ImageObject","inLanguage":"fr-FR","@id":"https:\/\/telemme.mmsh.fr\/?p=11995#primaryimage","url":"https:\/\/telemme.mmsh.fr\/wp-content\/uploads\/2022\/10\/logo_PICCH_2-930x250-1.jpg","contentUrl":"https:\/\/telemme.mmsh.fr\/wp-content\/uploads\/2022\/10\/logo_PICCH_2-930x250-1.jpg","width":930,"height":250},{"@type":"BreadcrumbList","@id":"https:\/\/telemme.mmsh.fr\/?p=11995#breadcrumb","itemListElement":[{"@type":"ListItem","position":1,"name":"Accueil","item":"https:\/\/telemme.mmsh.fr\/"},{"@type":"ListItem","position":2,"name":"Actualit\u00e9s","item":"https:\/\/telemme.mmsh.fr\/?cat=1995"},{"@type":"ListItem","position":3,"name":"[Offre de stage] m\u00e9diatisation de l\u2019exposition coloniale de 1931 \u00e0 la t\u00e9l\u00e9vision et sur le web"}]},{"@type":"WebSite","@id":"https:\/\/telemme.mmsh.fr\/#website","url":"https:\/\/telemme.mmsh.fr\/","name":"TELEMMe - Temps, espaces, langages, Europe m\u00e9ridionale, M\u00e9diterran\u00e9e","description":"","publisher":{"@id":"https:\/\/telemme.mmsh.fr\/#organization"},"potentialAction":[{"@type":"SearchAction","target":{"@type":"EntryPoint","urlTemplate":"https:\/\/telemme.mmsh.fr\/?s={search_term_string}"},"query-input":{"@type":"PropertyValueSpecification","valueRequired":true,"valueName":"search_term_string"}}],"inLanguage":"fr-FR"},{"@type":"Organization","@id":"https:\/\/telemme.mmsh.fr\/#organization","name":"TELEMMe","url":"https:\/\/telemme.mmsh.fr\/","logo":{"@type":"ImageObject","inLanguage":"fr-FR","@id":"https:\/\/telemme.mmsh.fr\/#\/schema\/logo\/image\/","url":"https:\/\/telemme.mmsh.fr\/wp-content\/uploads\/2020\/03\/LogoTELEMMe-horizontal-fond-transparent.png","contentUrl":"https:\/\/telemme.mmsh.fr\/wp-content\/uploads\/2020\/03\/LogoTELEMMe-horizontal-fond-transparent.png","width":1500,"height":437,"caption":"TELEMMe"},"image":{"@id":"https:\/\/telemme.mmsh.fr\/#\/schema\/logo\/image\/"}},{"@type":"Person","@id":"https:\/\/telemme.mmsh.fr\/#\/schema\/person\/c433e5fd025c00718f715ba73f040691","name":"Maja Mellet","url":"https:\/\/telemme.mmsh.fr\/?author=175"}]}},"_links":{"self":[{"href":"https:\/\/telemme.mmsh.fr\/index.php?rest_route=\/wp\/v2\/posts\/11995","targetHints":{"allow":["GET"]}}],"collection":[{"href":"https:\/\/telemme.mmsh.fr\/index.php?rest_route=\/wp\/v2\/posts"}],"about":[{"href":"https:\/\/telemme.mmsh.fr\/index.php?rest_route=\/wp\/v2\/types\/post"}],"author":[{"embeddable":true,"href":"https:\/\/telemme.mmsh.fr\/index.php?rest_route=\/wp\/v2\/users\/175"}],"replies":[{"embeddable":true,"href":"https:\/\/telemme.mmsh.fr\/index.php?rest_route=%2Fwp%2Fv2%2Fcomments&post=11995"}],"version-history":[{"count":3,"href":"https:\/\/telemme.mmsh.fr\/index.php?rest_route=\/wp\/v2\/posts\/11995\/revisions"}],"predecessor-version":[{"id":12015,"href":"https:\/\/telemme.mmsh.fr\/index.php?rest_route=\/wp\/v2\/posts\/11995\/revisions\/12015"}],"wp:featuredmedia":[{"embeddable":true,"href":"https:\/\/telemme.mmsh.fr\/index.php?rest_route=\/wp\/v2\/media\/11920"}],"wp:attachment":[{"href":"https:\/\/telemme.mmsh.fr\/index.php?rest_route=%2Fwp%2Fv2%2Fmedia&parent=11995"}],"wp:term":[{"taxonomy":"category","embeddable":true,"href":"https:\/\/telemme.mmsh.fr\/index.php?rest_route=%2Fwp%2Fv2%2Fcategories&post=11995"},{"taxonomy":"post_tag","embeddable":true,"href":"https:\/\/telemme.mmsh.fr\/index.php?rest_route=%2Fwp%2Fv2%2Ftags&post=11995"}],"curies":[{"name":"wp","href":"https:\/\/api.w.org\/{rel}","templated":true}]}}