{"id":11919,"date":"2022-10-20T14:55:27","date_gmt":"2022-10-20T12:55:27","guid":{"rendered":"https:\/\/telemme.mmsh.fr\/?p=11919"},"modified":"2022-10-20T14:55:27","modified_gmt":"2022-10-20T12:55:27","slug":"offre-de-stage-mediatisation-de-la-marche-pour-legalite-et-contre-le-racisme-de-1983-radio-television-et-web-decembre-2022-juin-2023","status":"publish","type":"post","link":"https:\/\/telemme.mmsh.fr\/?p=11919","title":{"rendered":"[Offre de stage] : M\u00e9diatisation de la Marche pour l\u2019\u00e9galit\u00e9 et contre le racisme de 1983 (radio-t\u00e9l\u00e9vision et Web) D\u00e9cembre 2022 \u2013 Juin 2023"},"content":{"rendered":"<p>TELEMMe, avec le soutien de l\u2019ANR, dans le cadre du projet de recherche europ\u00e9en sur la m\u00e9diation des archives coloniales (PICCH &#8211; Polyvocal Interpretations of Contested Cultural Heritage<a href=\"#_ftn1\" name=\"_ftnref1\">[1]<\/a>), propose une offre de stage pour un.e \u00e9tudiant.e de niveau master (Histoire, SIC, Humanit\u00e9s num\u00e9riques, ou autre discipline des sciences humaines et sociales). Ce projet interdisciplinaire, associant l\u2019histoire des m\u00e9dias, les \u00e9tudes archivistiques et les sciences de l\u2019information et de la communication, est dirig\u00e9 par Daniella Petrelli (Universit\u00e9 de Sheffield). Il interroge le concept de \u00ab d\u00e9colonisation du patrimoine \u00bb. Sophie Gebeil assure la coordination du volet fran\u00e7ais du projet.<\/p>\n<p><a href=\"#_ftnref1\" name=\"_ftn1\">[1]<\/a> Consulter une br\u00e8ve pr\u00e9sentation du projet ici\u00a0: <a href=\"https:\/\/madi.hypotheses.org\/883\">https:\/\/madi.hypotheses.org\/883<\/a> \u00a0; Programme \u00ab\u00a0JPI Patrimoine Culturel \u2013 Patrimoine, Identit\u00e9s et Perspectives : s\u2019adapter \u00e0 des soci\u00e9t\u00e9s en \u00e9volution\u00a0\u00bb\u00a0, ANR,\u00a0 <a href=\"https:\/\/anr.fr\/fr\/detail\/call\/jpi-patrimoine-culturel-patrimoine-identites-et-perspectives-sadapter-a-des-societes-en-evolu\/\">https:\/\/anr.fr\/fr\/detail\/call\/jpi-patrimoine-culturel-patrimoine-identites-et-perspectives-sadapter-a-des-societes-en-evolu\/<\/a><\/p>\n<p>Les <strong>missions<\/strong> de ou de la stagiaire seront de\u00a0:<\/p>\n<ul>\n<li>Constituer un corpus en ligne ou dans les archives m\u00e9dias de l\u2019INA concernant la Marche pour l\u2019\u00e9galit\u00e9 et contre le racisme de 1983.<\/li>\n<li>S\u00e9lectionner une s\u00e9rie de sources au sein de le corpus et en proposer une analyse.<\/li>\n<li>Traiter des donn\u00e9es et m\u00e9tadonn\u00e9es fournies \u00e0 partir de ce corpus sous forme de tableur ou au format CSV.<\/li>\n<li>Si n\u00e9cessaire r\u00e9aliser des entretiens (5 maximum) aupr\u00e8s d\u2019acteurs de la m\u00e9diatisation de la marche de 1983 et de sa m\u00e9moire sur le web.<\/li>\n<li>Participer \u00e0 l\u2019organisation d\u2019\u00e9v\u00e9nements dans le cadre du projet PICCH et au s\u00e9minaire mensuel en pr\u00e9sentiel.<\/li>\n<li>R\u00e9diger un billet de blog pr\u00e9sentant ses activit\u00e9s et ses r\u00e9sultats, en lien avec son rapport de stage.<\/li>\n<\/ul>\n<p>Les sources mobilis\u00e9es s\u2019appuieront principalement sur le web, les archives du Web m\u00e9dia et de la radio-t\u00e9l\u00e9vision de l\u2019INA (notamment accessibles dans les locaux de l\u2019INA-M\u00e9diterran\u00e9e \u00e0 Marseille et de la m\u00e9diath\u00e8que de la MMSH \u00e0 Aix-en-Provence<a href=\"#_ftn1\" name=\"_ftnref1\">[1]<\/a>), et pourront \u00eatre compl\u00e9t\u00e9es par celles de la BNF.<\/p>\n<p><strong>Dur\u00e9e<\/strong> : 6 mois pouvant se planifier entre d\u00e9cembre 2022 et juin 2023<\/p>\n<p><strong>Lieu de stage<\/strong> : laboratoire TELEMMe (UMR 7303, AMU-CNRS) et m\u00e9diath\u00e8que de la Maison m\u00e9diterran\u00e9enne des sciences de l\u2019homme, Aix-en-Provence. T\u00e9l\u00e9travail possible.<\/p>\n<p><strong>Encadrement<\/strong>\u00a0: <a href=\"https:\/\/telemme.mmsh.fr\/?membres=sophie-gebeil\">Sophie Gebeil,<\/a> ma\u00eetre de conf\u00e9rences au sein du laboratoire TELEMMe (UMR 7303 AMU-CNRS) et <em>principal investigator<\/em> pour la France du projet PICCH.<\/p>\n<p><strong>Gratification<\/strong> minimale suivant les indications du minist\u00e8re du Travail, de l\u2019Emploi et de l\u2019Insertion\u00a0: <a href=\"https:\/\/travail-emploi.gouv.fr\/emploi-et-insertion\/mesures-jeunes\/article\/les-stages-etudiants-en-milieu-professionnel\">https:\/\/travail-emploi.gouv.fr\/emploi-et-insertion\/mesures-jeunes\/article\/les-stages-etudiants-en-milieu-professionnel<\/a><\/p>\n<p><strong>Condition requise\u00a0:<\/strong><\/p>\n<p>\u00catre \u00e9tudiant.e en SHS (Histoire, SIC, humanit\u00e9s num\u00e9riques, ou autre) ou poss\u00e9der un dipl\u00f4me \u00e9quivalent.<\/p>\n<p><strong>Modalit\u00e9s de candidature\u00a0: <\/strong><\/p>\n<p>Pour postuler envoyer un CV (2 pages maximum) et une lettre de motivation \u00e0 Sophie Gebeil \u00a0<a href=\"mailto:sophie.gebeil@univ-amu.fr\">sophie.gebeil@univ-amu.fr<\/a><\/p>\n<p><strong>Calendrier\u00a0: <\/strong><\/p>\n<ul>\n<li>Date limite de la candidature\u00a0: le 15 novembre 2022<\/li>\n<li>Les r\u00e9sultats seront communiqu\u00e9s le 20 novembre 2022<\/li>\n<\/ul>\n<p><strong>Contact<\/strong> : <a href=\"mailto:sophie.gebeil@univ-amu.fr\">sophie.gebeil@univ-amu.fr<\/a><\/p>\n<p><a href=\"#_ftnref1\" name=\"_ftn1\">[1]<\/a> Pr\u00e9sentation des archives du Web m\u00e9dia de l\u2019INA, <a href=\"http:\/\/www.inatheque.fr\/fonds-audiovisuels\/sites-web-media.html\">http:\/\/www.inatheque.fr\/fonds-audiovisuels\/sites-web-media.html<\/a><\/p>\n<p>&nbsp;<\/p>\n","protected":false},"excerpt":{"rendered":"<p>TELEMMe, avec le soutien de l\u2019ANR, dans le cadre du projet de recherche europ\u00e9en sur la m\u00e9diation des archives coloniales (PICCH &#8211; Polyvocal Interpretations of Contested Cultural Heritage[1]), propose une&hellip;&nbsp;<a href=\"https:\/\/telemme.mmsh.fr\/?p=11919\" rel=\"bookmark\">Lire la suite &raquo;<span class=\"screen-reader-text\">[Offre de stage] : M\u00e9diatisation de la Marche pour l\u2019\u00e9galit\u00e9 et contre le racisme de 1983 (radio-t\u00e9l\u00e9vision et Web) D\u00e9cembre 2022 \u2013 Juin 2023<\/span><\/a><\/p>\n","protected":false},"author":175,"featured_media":11920,"comment_status":"closed","ping_status":"closed","sticky":false,"template":"","format":"standard","meta":{"neve_meta_sidebar":"","neve_meta_container":"","neve_meta_enable_content_width":"off","neve_meta_content_width":70,"neve_meta_title_alignment":"","neve_meta_author_avatar":"","neve_post_elements_order":"","neve_meta_disable_header":"","neve_meta_disable_footer":"","neve_meta_disable_title":"","_tribe_events_control_status":"","_tribe_events_control_status_canceled_reason":"","_tribe_events_control_status_postponed_reason":"","_tribe_events_control_online":"","_tribe_events_control_online_url":"","footnotes":""},"categories":[1995],"tags":[2211,2559,2555],"class_list":["post-11919","post","type-post","status-publish","format-standard","has-post-thumbnail","hentry","category-actualites-telemme","tag-anr-picch","tag-mediatisation","tag-stage"],"yoast_head":"<!-- This site is optimized with the Yoast SEO plugin v27.4 - https:\/\/yoast.com\/product\/yoast-seo-wordpress\/ -->\n<title>[Offre de stage] : M\u00e9diatisation de la Marche pour l\u2019\u00e9galit\u00e9 et contre le racisme de 1983 (radio-t\u00e9l\u00e9vision et Web) D\u00e9cembre 2022 \u2013 Juin 2023 - TELEMMe - Temps, espaces, langages, Europe m\u00e9ridionale, M\u00e9diterran\u00e9e<\/title>\n<meta name=\"description\" content=\"TELEMMe, avec le soutien de l\u2019ANR, dans le cadre du projet de recherche europ\u00e9en sur la m\u00e9diation des archives coloniales (PICCH - Polyvocal Interpretations of Contested Cultural Heritage[1]), propose une offre de stage pour un.e \u00e9tudiant.e de niveau master (Histoire, SIC, Humanit\u00e9s num\u00e9riques, ou autre discipline des sciences humaines et sociales). Ce projet interdisciplinaire, associant l\u2019histoire des m\u00e9dias, les \u00e9tudes archivistiques et les sciences de l\u2019information et de la communication, est dirig\u00e9 par Daniella Petrelli (Universit\u00e9 de Sheffield). Il interroge le concept de \u00ab d\u00e9colonisation du patrimoine \u00bb. Sophie Gebeil assure la coordination du volet fran\u00e7ais du projet.\" \/>\n<meta name=\"robots\" content=\"index, follow, max-snippet:-1, max-image-preview:large, max-video-preview:-1\" \/>\n<link rel=\"canonical\" href=\"https:\/\/telemme.mmsh.fr\/?p=11919\" \/>\n<meta property=\"og:locale\" content=\"fr_FR\" \/>\n<meta property=\"og:type\" content=\"article\" \/>\n<meta property=\"og:title\" content=\"[Offre de stage] : M\u00e9diatisation de la Marche pour l\u2019\u00e9galit\u00e9 et contre le racisme de 1983 (radio-t\u00e9l\u00e9vision et Web) D\u00e9cembre 2022 \u2013 Juin 2023 - TELEMMe - Temps, espaces, langages, Europe m\u00e9ridionale, M\u00e9diterran\u00e9e\" \/>\n<meta property=\"og:description\" content=\"TELEMMe, avec le soutien de l\u2019ANR, dans le cadre du projet de recherche europ\u00e9en sur la m\u00e9diation des archives coloniales (PICCH - Polyvocal Interpretations of Contested Cultural Heritage[1]), propose une offre de stage pour un.e \u00e9tudiant.e de niveau master (Histoire, SIC, Humanit\u00e9s num\u00e9riques, ou autre discipline des sciences humaines et sociales). Ce projet interdisciplinaire, associant l\u2019histoire des m\u00e9dias, les \u00e9tudes archivistiques et les sciences de l\u2019information et de la communication, est dirig\u00e9 par Daniella Petrelli (Universit\u00e9 de Sheffield). Il interroge le concept de \u00ab d\u00e9colonisation du patrimoine \u00bb. Sophie Gebeil assure la coordination du volet fran\u00e7ais du projet.\" \/>\n<meta property=\"og:url\" content=\"https:\/\/telemme.mmsh.fr\/?p=11919\" \/>\n<meta property=\"og:site_name\" content=\"TELEMMe - Temps, espaces, langages, Europe m\u00e9ridionale, M\u00e9diterran\u00e9e\" \/>\n<meta property=\"article:published_time\" content=\"2022-10-20T12:55:27+00:00\" \/>\n<meta property=\"og:image\" content=\"https:\/\/telemme.mmsh.fr\/wp-content\/uploads\/2022\/10\/logo_PICCH_2-930x250-1.jpg\" \/>\n\t<meta property=\"og:image:width\" content=\"930\" \/>\n\t<meta property=\"og:image:height\" content=\"250\" \/>\n\t<meta property=\"og:image:type\" content=\"image\/jpeg\" \/>\n<meta name=\"author\" content=\"Maja Mellet\" \/>\n<meta name=\"twitter:card\" content=\"summary_large_image\" \/>\n<meta name=\"twitter:label1\" content=\"\u00c9crit par\" \/>\n\t<meta name=\"twitter:data1\" content=\"Maja Mellet\" \/>\n\t<meta name=\"twitter:label2\" content=\"Dur\u00e9e de lecture estim\u00e9e\" \/>\n\t<meta name=\"twitter:data2\" content=\"3 minutes\" \/>\n<script type=\"application\/ld+json\" class=\"yoast-schema-graph\">{\"@context\":\"https:\\\/\\\/schema.org\",\"@graph\":[{\"@type\":\"Article\",\"@id\":\"https:\\\/\\\/telemme.mmsh.fr\\\/?p=11919#article\",\"isPartOf\":{\"@id\":\"https:\\\/\\\/telemme.mmsh.fr\\\/?p=11919\"},\"author\":{\"name\":\"Maja Mellet\",\"@id\":\"https:\\\/\\\/telemme.mmsh.fr\\\/#\\\/schema\\\/person\\\/c433e5fd025c00718f715ba73f040691\"},\"headline\":\"[Offre de stage] : M\u00e9diatisation de la Marche pour l\u2019\u00e9galit\u00e9 et contre le racisme de 1983 (radio-t\u00e9l\u00e9vision et Web) D\u00e9cembre 2022 \u2013 Juin 2023\",\"datePublished\":\"2022-10-20T12:55:27+00:00\",\"mainEntityOfPage\":{\"@id\":\"https:\\\/\\\/telemme.mmsh.fr\\\/?p=11919\"},\"wordCount\":540,\"publisher\":{\"@id\":\"https:\\\/\\\/telemme.mmsh.fr\\\/#organization\"},\"image\":{\"@id\":\"https:\\\/\\\/telemme.mmsh.fr\\\/?p=11919#primaryimage\"},\"thumbnailUrl\":\"https:\\\/\\\/telemme.mmsh.fr\\\/wp-content\\\/uploads\\\/2022\\\/10\\\/logo_PICCH_2-930x250-1.jpg\",\"keywords\":[\"ANR PICCH\",\"m\u00e9diatisation\",\"stage\"],\"articleSection\":[\"Actualit\u00e9s\"],\"inLanguage\":\"fr-FR\"},{\"@type\":\"WebPage\",\"@id\":\"https:\\\/\\\/telemme.mmsh.fr\\\/?p=11919\",\"url\":\"https:\\\/\\\/telemme.mmsh.fr\\\/?p=11919\",\"name\":\"[Offre de stage] : M\u00e9diatisation de la Marche pour l\u2019\u00e9galit\u00e9 et contre le racisme de 1983 (radio-t\u00e9l\u00e9vision et Web) D\u00e9cembre 2022 \u2013 Juin 2023 - TELEMMe - Temps, espaces, langages, Europe m\u00e9ridionale, M\u00e9diterran\u00e9e\",\"isPartOf\":{\"@id\":\"https:\\\/\\\/telemme.mmsh.fr\\\/#website\"},\"primaryImageOfPage\":{\"@id\":\"https:\\\/\\\/telemme.mmsh.fr\\\/?p=11919#primaryimage\"},\"image\":{\"@id\":\"https:\\\/\\\/telemme.mmsh.fr\\\/?p=11919#primaryimage\"},\"thumbnailUrl\":\"https:\\\/\\\/telemme.mmsh.fr\\\/wp-content\\\/uploads\\\/2022\\\/10\\\/logo_PICCH_2-930x250-1.jpg\",\"datePublished\":\"2022-10-20T12:55:27+00:00\",\"description\":\"TELEMMe, avec le soutien de l\u2019ANR, dans le cadre du projet de recherche europ\u00e9en sur la m\u00e9diation des archives coloniales (PICCH - Polyvocal Interpretations of Contested Cultural Heritage[1]), propose une offre de stage pour un.e \u00e9tudiant.e de niveau master (Histoire, SIC, Humanit\u00e9s num\u00e9riques, ou autre discipline des sciences humaines et sociales). Ce projet interdisciplinaire, associant l\u2019histoire des m\u00e9dias, les \u00e9tudes archivistiques et les sciences de l\u2019information et de la communication, est dirig\u00e9 par Daniella Petrelli (Universit\u00e9 de Sheffield). Il interroge le concept de \u00ab d\u00e9colonisation du patrimoine \u00bb. Sophie Gebeil assure la coordination du volet fran\u00e7ais du projet.\",\"breadcrumb\":{\"@id\":\"https:\\\/\\\/telemme.mmsh.fr\\\/?p=11919#breadcrumb\"},\"inLanguage\":\"fr-FR\",\"potentialAction\":[{\"@type\":\"ReadAction\",\"target\":[\"https:\\\/\\\/telemme.mmsh.fr\\\/?p=11919\"]}]},{\"@type\":\"ImageObject\",\"inLanguage\":\"fr-FR\",\"@id\":\"https:\\\/\\\/telemme.mmsh.fr\\\/?p=11919#primaryimage\",\"url\":\"https:\\\/\\\/telemme.mmsh.fr\\\/wp-content\\\/uploads\\\/2022\\\/10\\\/logo_PICCH_2-930x250-1.jpg\",\"contentUrl\":\"https:\\\/\\\/telemme.mmsh.fr\\\/wp-content\\\/uploads\\\/2022\\\/10\\\/logo_PICCH_2-930x250-1.jpg\",\"width\":930,\"height\":250},{\"@type\":\"BreadcrumbList\",\"@id\":\"https:\\\/\\\/telemme.mmsh.fr\\\/?p=11919#breadcrumb\",\"itemListElement\":[{\"@type\":\"ListItem\",\"position\":1,\"name\":\"Accueil\",\"item\":\"https:\\\/\\\/telemme.mmsh.fr\\\/\"},{\"@type\":\"ListItem\",\"position\":2,\"name\":\"Actualit\u00e9s\",\"item\":\"https:\\\/\\\/telemme.mmsh.fr\\\/?cat=1995\"},{\"@type\":\"ListItem\",\"position\":3,\"name\":\"[Offre de stage] : M\u00e9diatisation de la Marche pour l\u2019\u00e9galit\u00e9 et contre le racisme de 1983 (radio-t\u00e9l\u00e9vision et Web) D\u00e9cembre 2022 \u2013 Juin 2023\"}]},{\"@type\":\"WebSite\",\"@id\":\"https:\\\/\\\/telemme.mmsh.fr\\\/#website\",\"url\":\"https:\\\/\\\/telemme.mmsh.fr\\\/\",\"name\":\"TELEMMe - Temps, espaces, langages, Europe m\u00e9ridionale, M\u00e9diterran\u00e9e\",\"description\":\"\",\"publisher\":{\"@id\":\"https:\\\/\\\/telemme.mmsh.fr\\\/#organization\"},\"potentialAction\":[{\"@type\":\"SearchAction\",\"target\":{\"@type\":\"EntryPoint\",\"urlTemplate\":\"https:\\\/\\\/telemme.mmsh.fr\\\/?s={search_term_string}\"},\"query-input\":{\"@type\":\"PropertyValueSpecification\",\"valueRequired\":true,\"valueName\":\"search_term_string\"}}],\"inLanguage\":\"fr-FR\"},{\"@type\":\"Organization\",\"@id\":\"https:\\\/\\\/telemme.mmsh.fr\\\/#organization\",\"name\":\"TELEMMe\",\"url\":\"https:\\\/\\\/telemme.mmsh.fr\\\/\",\"logo\":{\"@type\":\"ImageObject\",\"inLanguage\":\"fr-FR\",\"@id\":\"https:\\\/\\\/telemme.mmsh.fr\\\/#\\\/schema\\\/logo\\\/image\\\/\",\"url\":\"https:\\\/\\\/telemme.mmsh.fr\\\/wp-content\\\/uploads\\\/2020\\\/03\\\/LogoTELEMMe-horizontal-fond-transparent.png\",\"contentUrl\":\"https:\\\/\\\/telemme.mmsh.fr\\\/wp-content\\\/uploads\\\/2020\\\/03\\\/LogoTELEMMe-horizontal-fond-transparent.png\",\"width\":1500,\"height\":437,\"caption\":\"TELEMMe\"},\"image\":{\"@id\":\"https:\\\/\\\/telemme.mmsh.fr\\\/#\\\/schema\\\/logo\\\/image\\\/\"}},{\"@type\":\"Person\",\"@id\":\"https:\\\/\\\/telemme.mmsh.fr\\\/#\\\/schema\\\/person\\\/c433e5fd025c00718f715ba73f040691\",\"name\":\"Maja Mellet\",\"url\":\"https:\\\/\\\/telemme.mmsh.fr\\\/?author=175\"}]}<\/script>\n<!-- \/ Yoast SEO plugin. -->","yoast_head_json":{"title":"[Offre de stage] : M\u00e9diatisation de la Marche pour l\u2019\u00e9galit\u00e9 et contre le racisme de 1983 (radio-t\u00e9l\u00e9vision et Web) D\u00e9cembre 2022 \u2013 Juin 2023 - TELEMMe - Temps, espaces, langages, Europe m\u00e9ridionale, M\u00e9diterran\u00e9e","description":"TELEMMe, avec le soutien de l\u2019ANR, dans le cadre du projet de recherche europ\u00e9en sur la m\u00e9diation des archives coloniales (PICCH - Polyvocal Interpretations of Contested Cultural Heritage[1]), propose une offre de stage pour un.e \u00e9tudiant.e de niveau master (Histoire, SIC, Humanit\u00e9s num\u00e9riques, ou autre discipline des sciences humaines et sociales). Ce projet interdisciplinaire, associant l\u2019histoire des m\u00e9dias, les \u00e9tudes archivistiques et les sciences de l\u2019information et de la communication, est dirig\u00e9 par Daniella Petrelli (Universit\u00e9 de Sheffield). Il interroge le concept de \u00ab d\u00e9colonisation du patrimoine \u00bb. Sophie Gebeil assure la coordination du volet fran\u00e7ais du projet.","robots":{"index":"index","follow":"follow","max-snippet":"max-snippet:-1","max-image-preview":"max-image-preview:large","max-video-preview":"max-video-preview:-1"},"canonical":"https:\/\/telemme.mmsh.fr\/?p=11919","og_locale":"fr_FR","og_type":"article","og_title":"[Offre de stage] : M\u00e9diatisation de la Marche pour l\u2019\u00e9galit\u00e9 et contre le racisme de 1983 (radio-t\u00e9l\u00e9vision et Web) D\u00e9cembre 2022 \u2013 Juin 2023 - TELEMMe - Temps, espaces, langages, Europe m\u00e9ridionale, M\u00e9diterran\u00e9e","og_description":"TELEMMe, avec le soutien de l\u2019ANR, dans le cadre du projet de recherche europ\u00e9en sur la m\u00e9diation des archives coloniales (PICCH - Polyvocal Interpretations of Contested Cultural Heritage[1]), propose une offre de stage pour un.e \u00e9tudiant.e de niveau master (Histoire, SIC, Humanit\u00e9s num\u00e9riques, ou autre discipline des sciences humaines et sociales). Ce projet interdisciplinaire, associant l\u2019histoire des m\u00e9dias, les \u00e9tudes archivistiques et les sciences de l\u2019information et de la communication, est dirig\u00e9 par Daniella Petrelli (Universit\u00e9 de Sheffield). Il interroge le concept de \u00ab d\u00e9colonisation du patrimoine \u00bb. Sophie Gebeil assure la coordination du volet fran\u00e7ais du projet.","og_url":"https:\/\/telemme.mmsh.fr\/?p=11919","og_site_name":"TELEMMe - Temps, espaces, langages, Europe m\u00e9ridionale, M\u00e9diterran\u00e9e","article_published_time":"2022-10-20T12:55:27+00:00","og_image":[{"width":930,"height":250,"url":"https:\/\/telemme.mmsh.fr\/wp-content\/uploads\/2022\/10\/logo_PICCH_2-930x250-1.jpg","type":"image\/jpeg"}],"author":"Maja Mellet","twitter_card":"summary_large_image","twitter_misc":{"\u00c9crit par":"Maja Mellet","Dur\u00e9e de lecture estim\u00e9e":"3 minutes"},"schema":{"@context":"https:\/\/schema.org","@graph":[{"@type":"Article","@id":"https:\/\/telemme.mmsh.fr\/?p=11919#article","isPartOf":{"@id":"https:\/\/telemme.mmsh.fr\/?p=11919"},"author":{"name":"Maja Mellet","@id":"https:\/\/telemme.mmsh.fr\/#\/schema\/person\/c433e5fd025c00718f715ba73f040691"},"headline":"[Offre de stage] : M\u00e9diatisation de la Marche pour l\u2019\u00e9galit\u00e9 et contre le racisme de 1983 (radio-t\u00e9l\u00e9vision et Web) D\u00e9cembre 2022 \u2013 Juin 2023","datePublished":"2022-10-20T12:55:27+00:00","mainEntityOfPage":{"@id":"https:\/\/telemme.mmsh.fr\/?p=11919"},"wordCount":540,"publisher":{"@id":"https:\/\/telemme.mmsh.fr\/#organization"},"image":{"@id":"https:\/\/telemme.mmsh.fr\/?p=11919#primaryimage"},"thumbnailUrl":"https:\/\/telemme.mmsh.fr\/wp-content\/uploads\/2022\/10\/logo_PICCH_2-930x250-1.jpg","keywords":["ANR PICCH","m\u00e9diatisation","stage"],"articleSection":["Actualit\u00e9s"],"inLanguage":"fr-FR"},{"@type":"WebPage","@id":"https:\/\/telemme.mmsh.fr\/?p=11919","url":"https:\/\/telemme.mmsh.fr\/?p=11919","name":"[Offre de stage] : M\u00e9diatisation de la Marche pour l\u2019\u00e9galit\u00e9 et contre le racisme de 1983 (radio-t\u00e9l\u00e9vision et Web) D\u00e9cembre 2022 \u2013 Juin 2023 - TELEMMe - Temps, espaces, langages, Europe m\u00e9ridionale, M\u00e9diterran\u00e9e","isPartOf":{"@id":"https:\/\/telemme.mmsh.fr\/#website"},"primaryImageOfPage":{"@id":"https:\/\/telemme.mmsh.fr\/?p=11919#primaryimage"},"image":{"@id":"https:\/\/telemme.mmsh.fr\/?p=11919#primaryimage"},"thumbnailUrl":"https:\/\/telemme.mmsh.fr\/wp-content\/uploads\/2022\/10\/logo_PICCH_2-930x250-1.jpg","datePublished":"2022-10-20T12:55:27+00:00","description":"TELEMMe, avec le soutien de l\u2019ANR, dans le cadre du projet de recherche europ\u00e9en sur la m\u00e9diation des archives coloniales (PICCH - Polyvocal Interpretations of Contested Cultural Heritage[1]), propose une offre de stage pour un.e \u00e9tudiant.e de niveau master (Histoire, SIC, Humanit\u00e9s num\u00e9riques, ou autre discipline des sciences humaines et sociales). Ce projet interdisciplinaire, associant l\u2019histoire des m\u00e9dias, les \u00e9tudes archivistiques et les sciences de l\u2019information et de la communication, est dirig\u00e9 par Daniella Petrelli (Universit\u00e9 de Sheffield). Il interroge le concept de \u00ab d\u00e9colonisation du patrimoine \u00bb. Sophie Gebeil assure la coordination du volet fran\u00e7ais du projet.","breadcrumb":{"@id":"https:\/\/telemme.mmsh.fr\/?p=11919#breadcrumb"},"inLanguage":"fr-FR","potentialAction":[{"@type":"ReadAction","target":["https:\/\/telemme.mmsh.fr\/?p=11919"]}]},{"@type":"ImageObject","inLanguage":"fr-FR","@id":"https:\/\/telemme.mmsh.fr\/?p=11919#primaryimage","url":"https:\/\/telemme.mmsh.fr\/wp-content\/uploads\/2022\/10\/logo_PICCH_2-930x250-1.jpg","contentUrl":"https:\/\/telemme.mmsh.fr\/wp-content\/uploads\/2022\/10\/logo_PICCH_2-930x250-1.jpg","width":930,"height":250},{"@type":"BreadcrumbList","@id":"https:\/\/telemme.mmsh.fr\/?p=11919#breadcrumb","itemListElement":[{"@type":"ListItem","position":1,"name":"Accueil","item":"https:\/\/telemme.mmsh.fr\/"},{"@type":"ListItem","position":2,"name":"Actualit\u00e9s","item":"https:\/\/telemme.mmsh.fr\/?cat=1995"},{"@type":"ListItem","position":3,"name":"[Offre de stage] : M\u00e9diatisation de la Marche pour l\u2019\u00e9galit\u00e9 et contre le racisme de 1983 (radio-t\u00e9l\u00e9vision et Web) D\u00e9cembre 2022 \u2013 Juin 2023"}]},{"@type":"WebSite","@id":"https:\/\/telemme.mmsh.fr\/#website","url":"https:\/\/telemme.mmsh.fr\/","name":"TELEMMe - Temps, espaces, langages, Europe m\u00e9ridionale, M\u00e9diterran\u00e9e","description":"","publisher":{"@id":"https:\/\/telemme.mmsh.fr\/#organization"},"potentialAction":[{"@type":"SearchAction","target":{"@type":"EntryPoint","urlTemplate":"https:\/\/telemme.mmsh.fr\/?s={search_term_string}"},"query-input":{"@type":"PropertyValueSpecification","valueRequired":true,"valueName":"search_term_string"}}],"inLanguage":"fr-FR"},{"@type":"Organization","@id":"https:\/\/telemme.mmsh.fr\/#organization","name":"TELEMMe","url":"https:\/\/telemme.mmsh.fr\/","logo":{"@type":"ImageObject","inLanguage":"fr-FR","@id":"https:\/\/telemme.mmsh.fr\/#\/schema\/logo\/image\/","url":"https:\/\/telemme.mmsh.fr\/wp-content\/uploads\/2020\/03\/LogoTELEMMe-horizontal-fond-transparent.png","contentUrl":"https:\/\/telemme.mmsh.fr\/wp-content\/uploads\/2020\/03\/LogoTELEMMe-horizontal-fond-transparent.png","width":1500,"height":437,"caption":"TELEMMe"},"image":{"@id":"https:\/\/telemme.mmsh.fr\/#\/schema\/logo\/image\/"}},{"@type":"Person","@id":"https:\/\/telemme.mmsh.fr\/#\/schema\/person\/c433e5fd025c00718f715ba73f040691","name":"Maja Mellet","url":"https:\/\/telemme.mmsh.fr\/?author=175"}]}},"_links":{"self":[{"href":"https:\/\/telemme.mmsh.fr\/index.php?rest_route=\/wp\/v2\/posts\/11919","targetHints":{"allow":["GET"]}}],"collection":[{"href":"https:\/\/telemme.mmsh.fr\/index.php?rest_route=\/wp\/v2\/posts"}],"about":[{"href":"https:\/\/telemme.mmsh.fr\/index.php?rest_route=\/wp\/v2\/types\/post"}],"author":[{"embeddable":true,"href":"https:\/\/telemme.mmsh.fr\/index.php?rest_route=\/wp\/v2\/users\/175"}],"replies":[{"embeddable":true,"href":"https:\/\/telemme.mmsh.fr\/index.php?rest_route=%2Fwp%2Fv2%2Fcomments&post=11919"}],"version-history":[{"count":1,"href":"https:\/\/telemme.mmsh.fr\/index.php?rest_route=\/wp\/v2\/posts\/11919\/revisions"}],"predecessor-version":[{"id":11921,"href":"https:\/\/telemme.mmsh.fr\/index.php?rest_route=\/wp\/v2\/posts\/11919\/revisions\/11921"}],"wp:featuredmedia":[{"embeddable":true,"href":"https:\/\/telemme.mmsh.fr\/index.php?rest_route=\/wp\/v2\/media\/11920"}],"wp:attachment":[{"href":"https:\/\/telemme.mmsh.fr\/index.php?rest_route=%2Fwp%2Fv2%2Fmedia&parent=11919"}],"wp:term":[{"taxonomy":"category","embeddable":true,"href":"https:\/\/telemme.mmsh.fr\/index.php?rest_route=%2Fwp%2Fv2%2Fcategories&post=11919"},{"taxonomy":"post_tag","embeddable":true,"href":"https:\/\/telemme.mmsh.fr\/index.php?rest_route=%2Fwp%2Fv2%2Ftags&post=11919"}],"curies":[{"name":"wp","href":"https:\/\/api.w.org\/{rel}","templated":true}]}}