{"id":11861,"date":"2022-10-17T17:39:22","date_gmt":"2022-10-17T15:39:22","guid":{"rendered":"https:\/\/telemme.mmsh.fr\/?p=11861"},"modified":"2022-10-18T08:29:53","modified_gmt":"2022-10-18T06:29:53","slug":"ecohabiter-des-environnements-pluriels","status":"publish","type":"post","link":"https:\/\/telemme.mmsh.fr\/?p=11861","title":{"rendered":"\u00e9CoHabiter des environnements pluriels"},"content":{"rendered":"\n<blockquote class=\"wp-block-quote is-layout-flow wp-block-quote-is-layout-flow\"><p><em><a href=\"https:\/\/www.editionsimbernon.com\/achat\/ecohabiter-des-environnements-pluriels\/15490.htm\">\u00e9CoHabiter des environnements pluriels<\/a><\/em>, Muriel Girard, <a href=\"https:\/\/telemme.mmsh.fr\/?membres=beatrice-mesini\">B\u00e9atrice M\u00e9sini<\/a> (dir.), \u00e9ditions Imbernon, 2022, 174 pages<\/p><\/blockquote>\n\n\n\n<p>Ce volume d\u2019<em>Habiter. Cahiers transdisciplinaires\u00a0<\/em>a pour ambition d\u2019approfondir la r\u00e9flexion sur les modes d\u2019habiter et les formes de cohabitation centr\u00e9s sur une approche \u00e9cologique, \u00e9conomique et solidaire. En partant de la relation entre les \u00eatres humains et leur environnement, du proche au lointain,\u00a0chaque mode d\u2019habiter est singularis\u00e9 ici par l\u2019\u00e9tude de son \u00ab\u00a0environnement\u00a0\u00bb.\u00a0Nous postulons qu\u2019il existe un \u00ab\u00a0art d\u2019habiter\u00a0\u00bb les milieux (naturels, agraires, littoraux, urbains\u2026) dans leurs dimensions g\u00e9omorphologiques, historiques, \u00e9conomiques et sociologiques.\u00a0Le concept d\u2019\u00e9CoHabitat renvoie \u00e0 la fois au partage de l\u2019espace et \u00e0 l\u2019entraide pour acc\u00e9der aux lieux et pour minimiser les impacts sur les milieux. Il s\u2019agit aussi de privil\u00e9gier un\u00a0habitat \u00e9conome qui m\u00e9nage les \u00eatres vivants, les sols et les ressources localis\u00e9es (sociales, territoriales, naturelles, \u00e9conomiques, culturelles\u2026).<br>Les seize contributions regroup\u00e9es dans ce volume proposent une lecture pluridisciplinaire en sciences humaines et sociales de l\u2019h\u00e9t\u00e9rog\u00e9n\u00e9it\u00e9 des conceptions, des pratiques et des r\u00e9alisations de l\u2019\u00e9CoHabitat dans l\u2019espace et dans le temps. Plusieurs questionnements alimentent la r\u00e9flexion des auteur\u00b7es\u00a0: Comment habiter des environnements compos\u00e9s d\u2019\u00e9l\u00e9ments physiques, climatiques, historiques, paysagers, socio-culturels, qui constituent le voisinage de la personne ou d&rsquo;un groupe, et qui sont susceptibles d&rsquo;interagir avec lui\u00a0? Quelles relations entretiennent les habitants aux lieux qui les ont fa\u00e7onn\u00e9s, \u00e0 ceux qu\u2019ils pratiquent et \u00e0 ceux dans lesquels ils se projettent\u00a0? Que signifie habiter un collectif, cohabiter \u00e0 plusieurs, habiter divers lieux, selon quelles temporalit\u00e9s d\u2019occupations (temporaires, simultan\u00e9es, successives)\u00a0?<\/p>\n\n\n\n<p>Les contributions s\u2019articulent autour d\u2019axes transversaux\u00a0: les modalit\u00e9s et les temporalit\u00e9s de l\u2019habiter en prenant en compte l\u2019habiter dans ses multiples acceptions en urbanisme, architecture, g\u00e9ographie, histoire, sociologie\u00a0; les interd\u00e9pendances et les interactions entre espaces et esp\u00e8ces habitantes dans les \u00ab\u00a0milieux\u00a0\u00bb consid\u00e9r\u00e9s\u00a0; les solidarit\u00e9s et les engagements, compris en tant que pratiques collectives et sentiments qui lient les habitants entre eux et avec leur voisinage\u00a0; et enfin, les vuln\u00e9rabilit\u00e9s des cohabitants en raison de pr\u00e9carit\u00e9s r\u00e9sidentielles et d\u2019environnements instables (physique, climatique, socio-\u00e9conomiques, urbanistique\u2026). De l\u2019habitat group\u00e9, \u00e0 l\u2019habitat partag\u00e9, l\u2019observation est conduite du local au global pour prendre en compte l\u2019h\u00e9t\u00e9rog\u00e9n\u00e9it\u00e9 des \u00e9chelles (\u00e9cosite, \u00e9colieu, \u00e9cohameau) et la diversit\u00e9 des r\u00e9alisations habitantes.<\/p>\n\n\n\n<p>Le volume s\u2019organise ainsi en trois parties. La\u00a0premi\u00e8re a trait aux modes de Cohabiter dans l\u2019espace et le temps des coexistences\u00a0: historiographique, biographique, monographique, morphologique et anthropo-zoologique.\u00a0La deuxi\u00e8me partie de ce volume se focalise sur l\u2019\u00e9CoHabiter dans des lieux et milieux saisis de mani\u00e8re large dans leurs espaces environn\u00e9s. Les articles ici regroup\u00e9s explorent les diff\u00e9rents habitats\u00a0en \u00e9tant attentif au processus de\u00a0projet, \u00e0 ses\u00a0acteurs\u00a0r\u00e9sidents et aux tiers participants.\u00a0Enfin,\u00a0la troisi\u00e8me et derni\u00e8re partie se centre sur les formes de cohabitation comme qu\u00eate de reconnaissance, formes de solidarit\u00e9s et modes de r\u00e9sistance, en montrant les incessantes transactions qui traversent les situations individuelles et collectives, n\u00e9cessitant d\u00e9lib\u00e9rations, ajustements et compromis.\u00a0Prenant appui sur des exemples en France, en Europe et dans le monde,\u00a0les diff\u00e9rentes contributions\u00a0d\u00e9voilent nos fa\u00e7ons d\u2019habiter le monde et ses espaces r\u00e9els et id\u00e9els, \u00e0 travers diverses formes de propri\u00e9t\u00e9 sociale, communautaire, horizontale, verticale et cosmogonique.<\/p>\n","protected":false},"excerpt":{"rendered":"<p>Le volume \u00ab \u00e9CoHabiter \u00bb a pour ambition d\u2019approfondir la r\u00e9flexion sur les modes d\u2019habiter et les formes de cohabitation centr\u00e9s sur une approche \u00e9cologique, \u00e9conomique et solidaire. En partant de la relation entre les \u00eatres humains et leur environnement, du proche au lointain, chaque mode d\u2019habiter est singularis\u00e9 ici par l\u2019\u00e9tude de son \u00ab environnement \u00bb.<\/p>\n","protected":false},"author":175,"featured_media":11860,"comment_status":"closed","ping_status":"closed","sticky":false,"template":"","format":"standard","meta":{"neve_meta_sidebar":"","neve_meta_container":"","neve_meta_enable_content_width":"off","neve_meta_content_width":70,"neve_meta_title_alignment":"","neve_meta_author_avatar":"","neve_post_elements_order":"","neve_meta_disable_header":"","neve_meta_disable_footer":"","neve_meta_disable_title":"","_tribe_events_control_status":"","_tribe_events_control_status_canceled_reason":"","_tribe_events_control_status_postponed_reason":"","_tribe_events_control_online":"","_tribe_events_control_online_url":"","footnotes":""},"categories":[1742],"tags":[],"class_list":["post-11861","post","type-post","status-publish","format-standard","has-post-thumbnail","hentry","category-dir-ouvrage"],"yoast_head":"<!-- This site is optimized with the Yoast SEO plugin v27.4 - https:\/\/yoast.com\/product\/yoast-seo-wordpress\/ -->\n<title>\u00e9CoHabiter des environnements pluriels - TELEMMe - Temps, espaces, langages, Europe m\u00e9ridionale, M\u00e9diterran\u00e9e<\/title>\n<meta name=\"description\" content=\"Le volume \u00ab \u00e9CoHabiter \u00bb a pour ambition d\u2019approfondir la r\u00e9flexion sur les modes d\u2019habiter et les formes de cohabitation centr\u00e9s sur une approche \u00e9cologique, \u00e9conomique et solidaire. En partant de la relation entre les \u00eatres humains et leur environnement, du proche au lointain, chaque mode d\u2019habiter est singularis\u00e9 ici par l\u2019\u00e9tude de son \u00ab environnement \u00bb.\" \/>\n<meta name=\"robots\" content=\"index, follow, max-snippet:-1, max-image-preview:large, max-video-preview:-1\" \/>\n<link rel=\"canonical\" href=\"https:\/\/telemme.mmsh.fr\/?p=11861\" \/>\n<meta property=\"og:locale\" content=\"fr_FR\" \/>\n<meta property=\"og:type\" content=\"article\" \/>\n<meta property=\"og:title\" content=\"\u00e9CoHabiter des environnements pluriels - TELEMMe - Temps, espaces, langages, Europe m\u00e9ridionale, M\u00e9diterran\u00e9e\" \/>\n<meta property=\"og:description\" content=\"Le volume \u00ab \u00e9CoHabiter \u00bb a pour ambition d\u2019approfondir la r\u00e9flexion sur les modes d\u2019habiter et les formes de cohabitation centr\u00e9s sur une approche \u00e9cologique, \u00e9conomique et solidaire. En partant de la relation entre les \u00eatres humains et leur environnement, du proche au lointain, chaque mode d\u2019habiter est singularis\u00e9 ici par l\u2019\u00e9tude de son \u00ab environnement \u00bb.\" \/>\n<meta property=\"og:url\" content=\"https:\/\/telemme.mmsh.fr\/?p=11861\" \/>\n<meta property=\"og:site_name\" content=\"TELEMMe - Temps, espaces, langages, Europe m\u00e9ridionale, M\u00e9diterran\u00e9e\" \/>\n<meta property=\"article:published_time\" content=\"2022-10-17T15:39:22+00:00\" \/>\n<meta property=\"article:modified_time\" content=\"2022-10-18T06:29:53+00:00\" \/>\n<meta property=\"og:image\" content=\"https:\/\/telemme.mmsh.fr\/wp-content\/uploads\/2022\/10\/ecohabiter-des-environnements-pluriels-1665220902.jpg\" \/>\n\t<meta property=\"og:image:width\" content=\"1000\" \/>\n\t<meta property=\"og:image:height\" content=\"1152\" \/>\n\t<meta property=\"og:image:type\" content=\"image\/jpeg\" \/>\n<meta name=\"author\" content=\"Maja Mellet\" \/>\n<meta name=\"twitter:card\" content=\"summary_large_image\" \/>\n<meta name=\"twitter:label1\" content=\"\u00c9crit par\" \/>\n\t<meta name=\"twitter:data1\" content=\"Maja Mellet\" \/>\n\t<meta name=\"twitter:label2\" content=\"Dur\u00e9e de lecture estim\u00e9e\" \/>\n\t<meta name=\"twitter:data2\" content=\"3 minutes\" \/>\n<script type=\"application\/ld+json\" class=\"yoast-schema-graph\">{\"@context\":\"https:\\\/\\\/schema.org\",\"@graph\":[{\"@type\":\"Article\",\"@id\":\"https:\\\/\\\/telemme.mmsh.fr\\\/?p=11861#article\",\"isPartOf\":{\"@id\":\"https:\\\/\\\/telemme.mmsh.fr\\\/?p=11861\"},\"author\":{\"name\":\"Maja Mellet\",\"@id\":\"https:\\\/\\\/telemme.mmsh.fr\\\/#\\\/schema\\\/person\\\/c433e5fd025c00718f715ba73f040691\"},\"headline\":\"\u00e9CoHabiter des environnements pluriels\",\"datePublished\":\"2022-10-17T15:39:22+00:00\",\"dateModified\":\"2022-10-18T06:29:53+00:00\",\"mainEntityOfPage\":{\"@id\":\"https:\\\/\\\/telemme.mmsh.fr\\\/?p=11861\"},\"wordCount\":605,\"publisher\":{\"@id\":\"https:\\\/\\\/telemme.mmsh.fr\\\/#organization\"},\"image\":{\"@id\":\"https:\\\/\\\/telemme.mmsh.fr\\\/?p=11861#primaryimage\"},\"thumbnailUrl\":\"https:\\\/\\\/telemme.mmsh.fr\\\/wp-content\\\/uploads\\\/2022\\\/10\\\/ecohabiter-des-environnements-pluriels-1665220902.jpg\",\"articleSection\":[\"Directions d'ouvrage\"],\"inLanguage\":\"fr-FR\"},{\"@type\":\"WebPage\",\"@id\":\"https:\\\/\\\/telemme.mmsh.fr\\\/?p=11861\",\"url\":\"https:\\\/\\\/telemme.mmsh.fr\\\/?p=11861\",\"name\":\"\u00e9CoHabiter des environnements pluriels - TELEMMe - Temps, espaces, langages, Europe m\u00e9ridionale, M\u00e9diterran\u00e9e\",\"isPartOf\":{\"@id\":\"https:\\\/\\\/telemme.mmsh.fr\\\/#website\"},\"primaryImageOfPage\":{\"@id\":\"https:\\\/\\\/telemme.mmsh.fr\\\/?p=11861#primaryimage\"},\"image\":{\"@id\":\"https:\\\/\\\/telemme.mmsh.fr\\\/?p=11861#primaryimage\"},\"thumbnailUrl\":\"https:\\\/\\\/telemme.mmsh.fr\\\/wp-content\\\/uploads\\\/2022\\\/10\\\/ecohabiter-des-environnements-pluriels-1665220902.jpg\",\"datePublished\":\"2022-10-17T15:39:22+00:00\",\"dateModified\":\"2022-10-18T06:29:53+00:00\",\"description\":\"Le volume \u00ab \u00e9CoHabiter \u00bb a pour ambition d\u2019approfondir la r\u00e9flexion sur les modes d\u2019habiter et les formes de cohabitation centr\u00e9s sur une approche \u00e9cologique, \u00e9conomique et solidaire. En partant de la relation entre les \u00eatres humains et leur environnement, du proche au lointain, chaque mode d\u2019habiter est singularis\u00e9 ici par l\u2019\u00e9tude de son \u00ab environnement \u00bb.\",\"breadcrumb\":{\"@id\":\"https:\\\/\\\/telemme.mmsh.fr\\\/?p=11861#breadcrumb\"},\"inLanguage\":\"fr-FR\",\"potentialAction\":[{\"@type\":\"ReadAction\",\"target\":[\"https:\\\/\\\/telemme.mmsh.fr\\\/?p=11861\"]}]},{\"@type\":\"ImageObject\",\"inLanguage\":\"fr-FR\",\"@id\":\"https:\\\/\\\/telemme.mmsh.fr\\\/?p=11861#primaryimage\",\"url\":\"https:\\\/\\\/telemme.mmsh.fr\\\/wp-content\\\/uploads\\\/2022\\\/10\\\/ecohabiter-des-environnements-pluriels-1665220902.jpg\",\"contentUrl\":\"https:\\\/\\\/telemme.mmsh.fr\\\/wp-content\\\/uploads\\\/2022\\\/10\\\/ecohabiter-des-environnements-pluriels-1665220902.jpg\",\"width\":1000,\"height\":1152},{\"@type\":\"BreadcrumbList\",\"@id\":\"https:\\\/\\\/telemme.mmsh.fr\\\/?p=11861#breadcrumb\",\"itemListElement\":[{\"@type\":\"ListItem\",\"position\":1,\"name\":\"Accueil\",\"item\":\"https:\\\/\\\/telemme.mmsh.fr\\\/\"},{\"@type\":\"ListItem\",\"position\":2,\"name\":\"Publications\",\"item\":\"https:\\\/\\\/telemme.mmsh.fr\\\/?cat=1738\"},{\"@type\":\"ListItem\",\"position\":3,\"name\":\"Directions d'ouvrage\",\"item\":\"https:\\\/\\\/telemme.mmsh.fr\\\/?cat=1742\"},{\"@type\":\"ListItem\",\"position\":4,\"name\":\"\u00e9CoHabiter des environnements pluriels\"}]},{\"@type\":\"WebSite\",\"@id\":\"https:\\\/\\\/telemme.mmsh.fr\\\/#website\",\"url\":\"https:\\\/\\\/telemme.mmsh.fr\\\/\",\"name\":\"TELEMMe - Temps, espaces, langages, Europe m\u00e9ridionale, M\u00e9diterran\u00e9e\",\"description\":\"\",\"publisher\":{\"@id\":\"https:\\\/\\\/telemme.mmsh.fr\\\/#organization\"},\"potentialAction\":[{\"@type\":\"SearchAction\",\"target\":{\"@type\":\"EntryPoint\",\"urlTemplate\":\"https:\\\/\\\/telemme.mmsh.fr\\\/?s={search_term_string}\"},\"query-input\":{\"@type\":\"PropertyValueSpecification\",\"valueRequired\":true,\"valueName\":\"search_term_string\"}}],\"inLanguage\":\"fr-FR\"},{\"@type\":\"Organization\",\"@id\":\"https:\\\/\\\/telemme.mmsh.fr\\\/#organization\",\"name\":\"TELEMMe\",\"url\":\"https:\\\/\\\/telemme.mmsh.fr\\\/\",\"logo\":{\"@type\":\"ImageObject\",\"inLanguage\":\"fr-FR\",\"@id\":\"https:\\\/\\\/telemme.mmsh.fr\\\/#\\\/schema\\\/logo\\\/image\\\/\",\"url\":\"https:\\\/\\\/telemme.mmsh.fr\\\/wp-content\\\/uploads\\\/2020\\\/03\\\/LogoTELEMMe-horizontal-fond-transparent.png\",\"contentUrl\":\"https:\\\/\\\/telemme.mmsh.fr\\\/wp-content\\\/uploads\\\/2020\\\/03\\\/LogoTELEMMe-horizontal-fond-transparent.png\",\"width\":1500,\"height\":437,\"caption\":\"TELEMMe\"},\"image\":{\"@id\":\"https:\\\/\\\/telemme.mmsh.fr\\\/#\\\/schema\\\/logo\\\/image\\\/\"}},{\"@type\":\"Person\",\"@id\":\"https:\\\/\\\/telemme.mmsh.fr\\\/#\\\/schema\\\/person\\\/c433e5fd025c00718f715ba73f040691\",\"name\":\"Maja Mellet\",\"url\":\"https:\\\/\\\/telemme.mmsh.fr\\\/?author=175\"}]}<\/script>\n<!-- \/ Yoast SEO plugin. -->","yoast_head_json":{"title":"\u00e9CoHabiter des environnements pluriels - TELEMMe - Temps, espaces, langages, Europe m\u00e9ridionale, M\u00e9diterran\u00e9e","description":"Le volume \u00ab \u00e9CoHabiter \u00bb a pour ambition d\u2019approfondir la r\u00e9flexion sur les modes d\u2019habiter et les formes de cohabitation centr\u00e9s sur une approche \u00e9cologique, \u00e9conomique et solidaire. En partant de la relation entre les \u00eatres humains et leur environnement, du proche au lointain, chaque mode d\u2019habiter est singularis\u00e9 ici par l\u2019\u00e9tude de son \u00ab environnement \u00bb.","robots":{"index":"index","follow":"follow","max-snippet":"max-snippet:-1","max-image-preview":"max-image-preview:large","max-video-preview":"max-video-preview:-1"},"canonical":"https:\/\/telemme.mmsh.fr\/?p=11861","og_locale":"fr_FR","og_type":"article","og_title":"\u00e9CoHabiter des environnements pluriels - TELEMMe - Temps, espaces, langages, Europe m\u00e9ridionale, M\u00e9diterran\u00e9e","og_description":"Le volume \u00ab \u00e9CoHabiter \u00bb a pour ambition d\u2019approfondir la r\u00e9flexion sur les modes d\u2019habiter et les formes de cohabitation centr\u00e9s sur une approche \u00e9cologique, \u00e9conomique et solidaire. En partant de la relation entre les \u00eatres humains et leur environnement, du proche au lointain, chaque mode d\u2019habiter est singularis\u00e9 ici par l\u2019\u00e9tude de son \u00ab environnement \u00bb.","og_url":"https:\/\/telemme.mmsh.fr\/?p=11861","og_site_name":"TELEMMe - Temps, espaces, langages, Europe m\u00e9ridionale, M\u00e9diterran\u00e9e","article_published_time":"2022-10-17T15:39:22+00:00","article_modified_time":"2022-10-18T06:29:53+00:00","og_image":[{"width":1000,"height":1152,"url":"https:\/\/telemme.mmsh.fr\/wp-content\/uploads\/2022\/10\/ecohabiter-des-environnements-pluriels-1665220902.jpg","type":"image\/jpeg"}],"author":"Maja Mellet","twitter_card":"summary_large_image","twitter_misc":{"\u00c9crit par":"Maja Mellet","Dur\u00e9e de lecture estim\u00e9e":"3 minutes"},"schema":{"@context":"https:\/\/schema.org","@graph":[{"@type":"Article","@id":"https:\/\/telemme.mmsh.fr\/?p=11861#article","isPartOf":{"@id":"https:\/\/telemme.mmsh.fr\/?p=11861"},"author":{"name":"Maja Mellet","@id":"https:\/\/telemme.mmsh.fr\/#\/schema\/person\/c433e5fd025c00718f715ba73f040691"},"headline":"\u00e9CoHabiter des environnements pluriels","datePublished":"2022-10-17T15:39:22+00:00","dateModified":"2022-10-18T06:29:53+00:00","mainEntityOfPage":{"@id":"https:\/\/telemme.mmsh.fr\/?p=11861"},"wordCount":605,"publisher":{"@id":"https:\/\/telemme.mmsh.fr\/#organization"},"image":{"@id":"https:\/\/telemme.mmsh.fr\/?p=11861#primaryimage"},"thumbnailUrl":"https:\/\/telemme.mmsh.fr\/wp-content\/uploads\/2022\/10\/ecohabiter-des-environnements-pluriels-1665220902.jpg","articleSection":["Directions d'ouvrage"],"inLanguage":"fr-FR"},{"@type":"WebPage","@id":"https:\/\/telemme.mmsh.fr\/?p=11861","url":"https:\/\/telemme.mmsh.fr\/?p=11861","name":"\u00e9CoHabiter des environnements pluriels - TELEMMe - Temps, espaces, langages, Europe m\u00e9ridionale, M\u00e9diterran\u00e9e","isPartOf":{"@id":"https:\/\/telemme.mmsh.fr\/#website"},"primaryImageOfPage":{"@id":"https:\/\/telemme.mmsh.fr\/?p=11861#primaryimage"},"image":{"@id":"https:\/\/telemme.mmsh.fr\/?p=11861#primaryimage"},"thumbnailUrl":"https:\/\/telemme.mmsh.fr\/wp-content\/uploads\/2022\/10\/ecohabiter-des-environnements-pluriels-1665220902.jpg","datePublished":"2022-10-17T15:39:22+00:00","dateModified":"2022-10-18T06:29:53+00:00","description":"Le volume \u00ab \u00e9CoHabiter \u00bb a pour ambition d\u2019approfondir la r\u00e9flexion sur les modes d\u2019habiter et les formes de cohabitation centr\u00e9s sur une approche \u00e9cologique, \u00e9conomique et solidaire. En partant de la relation entre les \u00eatres humains et leur environnement, du proche au lointain, chaque mode d\u2019habiter est singularis\u00e9 ici par l\u2019\u00e9tude de son \u00ab environnement \u00bb.","breadcrumb":{"@id":"https:\/\/telemme.mmsh.fr\/?p=11861#breadcrumb"},"inLanguage":"fr-FR","potentialAction":[{"@type":"ReadAction","target":["https:\/\/telemme.mmsh.fr\/?p=11861"]}]},{"@type":"ImageObject","inLanguage":"fr-FR","@id":"https:\/\/telemme.mmsh.fr\/?p=11861#primaryimage","url":"https:\/\/telemme.mmsh.fr\/wp-content\/uploads\/2022\/10\/ecohabiter-des-environnements-pluriels-1665220902.jpg","contentUrl":"https:\/\/telemme.mmsh.fr\/wp-content\/uploads\/2022\/10\/ecohabiter-des-environnements-pluriels-1665220902.jpg","width":1000,"height":1152},{"@type":"BreadcrumbList","@id":"https:\/\/telemme.mmsh.fr\/?p=11861#breadcrumb","itemListElement":[{"@type":"ListItem","position":1,"name":"Accueil","item":"https:\/\/telemme.mmsh.fr\/"},{"@type":"ListItem","position":2,"name":"Publications","item":"https:\/\/telemme.mmsh.fr\/?cat=1738"},{"@type":"ListItem","position":3,"name":"Directions d'ouvrage","item":"https:\/\/telemme.mmsh.fr\/?cat=1742"},{"@type":"ListItem","position":4,"name":"\u00e9CoHabiter des environnements pluriels"}]},{"@type":"WebSite","@id":"https:\/\/telemme.mmsh.fr\/#website","url":"https:\/\/telemme.mmsh.fr\/","name":"TELEMMe - Temps, espaces, langages, Europe m\u00e9ridionale, M\u00e9diterran\u00e9e","description":"","publisher":{"@id":"https:\/\/telemme.mmsh.fr\/#organization"},"potentialAction":[{"@type":"SearchAction","target":{"@type":"EntryPoint","urlTemplate":"https:\/\/telemme.mmsh.fr\/?s={search_term_string}"},"query-input":{"@type":"PropertyValueSpecification","valueRequired":true,"valueName":"search_term_string"}}],"inLanguage":"fr-FR"},{"@type":"Organization","@id":"https:\/\/telemme.mmsh.fr\/#organization","name":"TELEMMe","url":"https:\/\/telemme.mmsh.fr\/","logo":{"@type":"ImageObject","inLanguage":"fr-FR","@id":"https:\/\/telemme.mmsh.fr\/#\/schema\/logo\/image\/","url":"https:\/\/telemme.mmsh.fr\/wp-content\/uploads\/2020\/03\/LogoTELEMMe-horizontal-fond-transparent.png","contentUrl":"https:\/\/telemme.mmsh.fr\/wp-content\/uploads\/2020\/03\/LogoTELEMMe-horizontal-fond-transparent.png","width":1500,"height":437,"caption":"TELEMMe"},"image":{"@id":"https:\/\/telemme.mmsh.fr\/#\/schema\/logo\/image\/"}},{"@type":"Person","@id":"https:\/\/telemme.mmsh.fr\/#\/schema\/person\/c433e5fd025c00718f715ba73f040691","name":"Maja Mellet","url":"https:\/\/telemme.mmsh.fr\/?author=175"}]}},"_links":{"self":[{"href":"https:\/\/telemme.mmsh.fr\/index.php?rest_route=\/wp\/v2\/posts\/11861","targetHints":{"allow":["GET"]}}],"collection":[{"href":"https:\/\/telemme.mmsh.fr\/index.php?rest_route=\/wp\/v2\/posts"}],"about":[{"href":"https:\/\/telemme.mmsh.fr\/index.php?rest_route=\/wp\/v2\/types\/post"}],"author":[{"embeddable":true,"href":"https:\/\/telemme.mmsh.fr\/index.php?rest_route=\/wp\/v2\/users\/175"}],"replies":[{"embeddable":true,"href":"https:\/\/telemme.mmsh.fr\/index.php?rest_route=%2Fwp%2Fv2%2Fcomments&post=11861"}],"version-history":[{"count":7,"href":"https:\/\/telemme.mmsh.fr\/index.php?rest_route=\/wp\/v2\/posts\/11861\/revisions"}],"predecessor-version":[{"id":11978,"href":"https:\/\/telemme.mmsh.fr\/index.php?rest_route=\/wp\/v2\/posts\/11861\/revisions\/11978"}],"wp:featuredmedia":[{"embeddable":true,"href":"https:\/\/telemme.mmsh.fr\/index.php?rest_route=\/wp\/v2\/media\/11860"}],"wp:attachment":[{"href":"https:\/\/telemme.mmsh.fr\/index.php?rest_route=%2Fwp%2Fv2%2Fmedia&parent=11861"}],"wp:term":[{"taxonomy":"category","embeddable":true,"href":"https:\/\/telemme.mmsh.fr\/index.php?rest_route=%2Fwp%2Fv2%2Fcategories&post=11861"},{"taxonomy":"post_tag","embeddable":true,"href":"https:\/\/telemme.mmsh.fr\/index.php?rest_route=%2Fwp%2Fv2%2Ftags&post=11861"}],"curies":[{"name":"wp","href":"https:\/\/api.w.org\/{rel}","templated":true}]}}