{"id":11671,"date":"2022-10-03T10:42:33","date_gmt":"2022-10-03T08:42:33","guid":{"rendered":"https:\/\/telemme.mmsh.fr\/?p=11671"},"modified":"2022-10-12T14:13:55","modified_gmt":"2022-10-12T12:13:55","slug":"accueils-en-delegation-cnrs","status":"publish","type":"post","link":"https:\/\/telemme.mmsh.fr\/?p=11671","title":{"rendered":"Chercheuses et chercheurs en d\u00e9l\u00e9gation CNRS \u00e0 TELEMMe"},"content":{"rendered":"\n<h6 class=\"wp-block-heading\"><strong>TELEMMe<\/strong> est heureux de pouvoir accueillir cette ann\u00e9e quatre nouvelles chercheuses et chercheurs en d\u00e9l\u00e9gation CNRS.<\/h6>\n\n\n\n<hr class=\"wp-block-separator has-alpha-channel-opacity\"\/>\n\n\n\n<div class=\"wp-block-group\"><div class=\"wp-block-group__inner-container is-layout-flow wp-block-group-is-layout-flow\">\n<div class=\"wp-block-columns is-layout-flex wp-container-core-columns-is-layout-9d6595d7 wp-block-columns-is-layout-flex\">\n<div class=\"wp-block-column is-layout-flow wp-block-column-is-layout-flow\" style=\"flex-basis:100%\">\n<p id=\"mekdjian\"><strong>Sarah Mekdjian<\/strong>, chercheure en r\u00e9sidence au Mucem et au laboratoire TELEMME (2022-2023).<\/p>\n\n\n\n<p>Maitresse de conf\u00e9rences en g\u00e9ographie depuis 2010 \u00e0 l&rsquo;Universit\u00e9 Grenoble Alpes et au laboratoire PACTE, elle rejoint pour l&rsquo;ann\u00e9e universitaire 2022-2023 le d\u00e9partement recherche du Mucem et le laboratoire TELEMME. Les pratiques d&rsquo;\u00e9tude et de cr\u00e9ation qui l&rsquo;occupent sont form\u00e9es par des inqui\u00e9tudes li\u00e9es aux processus de fronti\u00e9risations, de mises en concurrence, d&rsquo;exploitations -notamment migratoires-, et aux mani\u00e8res dont ces processus sont rejou\u00e9s dans les institutions universitaires et les pratiques de recherche, notamment l&rsquo;enqu\u00eate en sciences sociales. Au Mucem et \u00e0 TELEMME, elle propose un travail intitul\u00e9 \u00ab\u00a0\u0152uvrer l&rsquo;exil\u00a0\u00bb, associ\u00e9 aux \u0153uvres du Bureau des d\u00e9positions, qu&rsquo;elle co-cr\u00e9e depuis 2018 avec Mamadou Djould\u00e9 Bald\u00e9 \u2020, Ben Bangoura, Aliou Diallo, Path\u00e9 Diallo, Mamy Kaba, Ousmane Kouyat\u00e9, Laye Diakit\u00e9, Marie Moreau et Sa\u00e2 Rapha\u00ebl Moundekeno. <\/p>\n<\/div>\n<\/div>\n\n\n\n<div class=\"wp-block-media-text is-stacked-on-mobile\" style=\"grid-template-columns:20% auto\"><figure class=\"wp-block-media-text__media\"><img loading=\"lazy\" decoding=\"async\" width=\"734\" height=\"1024\" src=\"https:\/\/telemme.mmsh.fr\/wp-content\/uploads\/2022\/09\/mekdijian-2-734x1024.jpg\" alt=\"\" class=\"wp-image-11688 size-full\" srcset=\"https:\/\/telemme.mmsh.fr\/wp-content\/uploads\/2022\/09\/mekdijian-2-734x1024.jpg 734w, https:\/\/telemme.mmsh.fr\/wp-content\/uploads\/2022\/09\/mekdijian-2-215x300.jpg 215w, https:\/\/telemme.mmsh.fr\/wp-content\/uploads\/2022\/09\/mekdijian-2-768x1071.jpg 768w, https:\/\/telemme.mmsh.fr\/wp-content\/uploads\/2022\/09\/mekdijian-2-1101x1536.jpg 1101w, https:\/\/telemme.mmsh.fr\/wp-content\/uploads\/2022\/09\/mekdijian-2.jpg 1200w\" sizes=\"auto, (max-width: 734px) 100vw, 734px\" \/><\/figure><div class=\"wp-block-media-text__content\">\n<p>Ces \u0153uvres sont des performances o\u00f9, \u00e0 plusieurs et en pr\u00e9sence d&rsquo;un public, elles et ils cherchent \u00e0 comprendre, acceptent de ne pas (se) comprendre, o\u00f9 elles et ils s&rsquo;inqui\u00e8tent de continuums d&rsquo;exploitations, de ce que peuvent ou non le droit et la justice.&nbsp;Alors que plusieurs co-auteurs ont d\u00e9j\u00e0 \u00e9t\u00e9 expuls\u00e9s ou sont menac\u00e9s d&rsquo;expulsion, via des Obligations \u00e0 Quitter le Territoire Fran\u00e7ais, les \u0153uvres, qui d\u00e9pendent de la co-pr\u00e9sence physique de leurs autrices et auteurs, ne peuvent plus continuer \u00e0 \u00eatre cr\u00e9\u00e9es, ni activ\u00e9es. Aux institutions qui bordent ces \u00e9tudes et cr\u00e9ations : centres d&rsquo;art, mus\u00e9es, universit\u00e9s, nous adressons des questions : comment r\u00e9pondre \u00e0 ces atteintes? Que signifie refuser la r\u00e9ification de la recherche et de l&rsquo;art dans des produits valorisables, mais tenir compte&nbsp;de relations vivantes ?&nbsp; Que signifie co-\u0153uvrer, depuis les champs universitaires, mus\u00e9aux, artistiques, quand les personnes impliqu\u00e9es ont des statuts administratifs, sociaux diff\u00e9renci\u00e9s ?&nbsp;&nbsp;<\/p>\n\n\n\n<p><strong>Publication r\u00e9cente <\/strong>: Mekdjian, Moreau, \u00ab\u00a0Bureau des d\u00e9positions. \u0152uvres-milieux, expulsions et recours au droit\u00a0\u00bb, <em>Multitudes<\/em>, n\u00b087, 2022.&nbsp;<\/p>\n\n\n\n<p><strong>Site internet du Bureau des d\u00e9positions <\/strong>:&nbsp;<a href=\"https:\/\/bureaudepositions.wordpress.com\">https:\/\/bureaudepositions.wordpress.com<\/a><\/p>\n<\/div><\/div>\n<\/div><\/div>\n\n\n\n<hr class=\"wp-block-separator has-alpha-channel-opacity\"\/>\n\n\n\n<div class=\"wp-block-media-text is-stacked-on-mobile\" style=\"grid-template-columns:25% auto\"><figure class=\"wp-block-media-text__media\"><img loading=\"lazy\" decoding=\"async\" width=\"154\" height=\"179\" src=\"https:\/\/telemme.mmsh.fr\/wp-content\/uploads\/2022\/09\/monet-1.jpg\" alt=\"\" class=\"wp-image-11697 size-full\"\/><\/figure><div class=\"wp-block-media-text__content\">\n<p id=\"monnet\"><strong>Nadja Monnet<\/strong> sera en d\u00e9l\u00e9gation CNRS de septembre 2022 \u00e0 ao\u00fbt 2023. Elle a sollicit\u00e9 le groupe \u00ab\u00a0<a href=\"https:\/\/telemme.mmsh.fr\/?axe_groupe=2018-2023-1-3-facons-detre\">Fa\u00e7ons d&rsquo;\u00eatre<\/a>\u00a0\u00bb pour son projet intitul\u00e9:&nbsp;<em>Am\u00e9nager la ville pour les enfants et les adolescents&nbsp;?&nbsp;Regards crois\u00e9s sur la place des jeunes \u00e0 Pontevedra, Marseille et Gen\u00e8ve<\/em>, ce&nbsp;qui lui permettra d&rsquo;approfondir ses recherches sur les jeunesses urbaines avec une perspective historique ainsi que d&rsquo;ouvrir un nouveau terrain de recherche \u00e0 Pontevedra en Espagne.<\/p>\n\n\n\n<p>Nadja Monnet est anthropologue, ma\u00eetre de conf\u00e9rences dans le champ des sciences humaines et sociales \u00e0 l&rsquo;\u00c9cole nationale sup\u00e9rieure d&rsquo;architecture de Marseille et chercheuse au Laboratoire architecture\/anthropologie, UMR 7218 LAVUE, CNRS.<\/p>\n\n\n\n<p><strong>Pour en savoir plus : &nbsp;<\/strong><\/p>\n\n\n\n<ul class=\"wp-block-list\"><li><a href=\"https:\/\/www.lavue.cnrs.fr\/auteur\/monnet-nadja\">Nadja Monnet \u00e0 l&rsquo;UMR LAVUE<\/a><\/li><li><a href=\"https:\/\/www.marseille.archi.fr\/acteurs\/enseignants\/monnet-nadja\/\">Nadja Monnet \u00e0 l&rsquo;ENSAM<\/a> <\/li><\/ul>\n<\/div><\/div>\n\n\n\n<hr class=\"wp-block-separator has-alpha-channel-opacity\"\/>\n\n\n\n<div class=\"wp-block-group\"><div class=\"wp-block-group__inner-container is-layout-flow wp-block-group-is-layout-flow\">\n<p id=\"petitjean\"><strong>Johann Petitjean<\/strong> est ma\u00eetre de conf\u00e9rences \u00e0 l&rsquo;Universit\u00e9 de Poitiers et membre du Centre de recherche interdisciplinaire en histoire, histoire de l\u2019art et musicologie (Criham, UR15507) depuis 2014. Ancien \u00e9l\u00e8ve de l\u2019\u00c9cole normale sup\u00e9rieure de Lyon (2002) et agr\u00e9g\u00e9 d&rsquo;histoire, il a effectu\u00e9 son doctorat \u00e0 l&rsquo;Universit\u00e9 Paris Panth\u00e9on-Sorbonne (IHMC, UMR 8066).<\/p>\n<\/div><\/div>\n\n\n\n<div class=\"wp-block-media-text is-stacked-on-mobile\" style=\"grid-template-columns:25% auto\"><figure class=\"wp-block-media-text__media\"><img loading=\"lazy\" decoding=\"async\" width=\"756\" height=\"1024\" src=\"https:\/\/telemme.mmsh.fr\/wp-content\/uploads\/2022\/09\/IMG-20220928-WA0003-756x1024.jpg\" alt=\"\" class=\"wp-image-11681 size-full\" srcset=\"https:\/\/telemme.mmsh.fr\/wp-content\/uploads\/2022\/09\/IMG-20220928-WA0003-756x1024.jpg 756w, https:\/\/telemme.mmsh.fr\/wp-content\/uploads\/2022\/09\/IMG-20220928-WA0003-222x300.jpg 222w, https:\/\/telemme.mmsh.fr\/wp-content\/uploads\/2022\/09\/IMG-20220928-WA0003-768x1040.jpg 768w, https:\/\/telemme.mmsh.fr\/wp-content\/uploads\/2022\/09\/IMG-20220928-WA0003.jpg 1011w\" sizes=\"auto, (max-width: 756px) 100vw, 756px\" \/><\/figure><div class=\"wp-block-media-text__content\">\n<p>Il a consacr\u00e9 sa th\u00e8se \u2013 pr\u00e9par\u00e9e sous la direction de Wolfgang Kaiser qui fut d\u00e9j\u00e0 son directeur de m\u00e9moire de ma\u00eetrise \u00e0 l&rsquo;Universit\u00e9 Aix-Marseille en 2004 \u2013 \u00e0 la circulation de l&rsquo;information politique en Italie au temps des guerres m\u00e9diterran\u00e9ennes (v. 1570-1670). Cette recherche a donn\u00e9 lieu \u00e0 plusieurs articles en fran\u00e7ais et en anglais, ainsi qu&rsquo;\u00e0 un livre publi\u00e9 en 2013 sous le titre <a href=\"http:\/\/www.publications.efrome.it\/opencms\/opencms\/l%27intelligence_des_choses_:_une_histoire_de_l%27information_entre_italie_et_m%C3%A8diterran%C3%A8e_xvie-xviie_si%C3%A8cles__14aa725b-29b9-11e3-8e86-000c291eeace.html\"><em>L&rsquo;intelligence des choses&nbsp;: une histoire de l&rsquo;information entre Italie et M\u00e9diterran\u00e9e (XVI<sup>e<\/sup>-XVII<sup>e<\/sup> si\u00e8cles)<\/em> <\/a>par l\u2019\u00c9cole fran\u00e7aise de Rome, institution dont il fut membre de 2009 \u00e0 2012. Au c\u0153ur de ces travaux se trouvait la volont\u00e9 de comprendre les m\u00e9canismes de la diffusion sociale et spatiale des nouvelles provenant de M\u00e9diterran\u00e9e orientale et de l&rsquo;Empire ottoman, d\u2019une information structur\u00e9e et utilis\u00e9e originellement au sein des r\u00e9seaux, compl\u00e9mentaires ou concurrents, des r\u00e9publiques de Raguse et de Venise ainsi que du Saint-Si\u00e8ge.<\/p>\n<\/div><\/div>\n\n\n\n<div style=\"height:10px\" aria-hidden=\"true\" class=\"wp-block-spacer\"><\/div>\n\n\n\n<p>Ses recherches postdoctorales, r\u00e9alis\u00e9es cette fois au sein de l&rsquo;ERC <em>Mediterranean Reconfigurations<\/em>, l&rsquo;ont men\u00e9 \u00e0 \u00e9tudier le fonctionnement des juridictions maltaises charg\u00e9es de r\u00e9guler la conflictualit\u00e9 commerciale et corsaire en M\u00e9diterran\u00e9e centrale et \u00e0 en comparer les proc\u00e9dures, avec un int\u00e9r\u00eat distinctif pour les documents sollicit\u00e9s au cours des diff\u00e9rentes proc\u00e9dures \u00e0 des fins de preuve.<\/p>\n\n\n\n<p>Cet int\u00e9r\u00eat prot\u00e9iforme pour les mondes de papier et particuli\u00e8rement l\u2019attention \u00e0 la configuration \u00e9crite des institutions et des autorit\u00e9s publiques dans l\u2019Europe de la premi\u00e8re modernit\u00e9 ont \u00e9galement pris la forme d&rsquo;une enqu\u00eate collective qui s&rsquo;est conclue avec la parution d&rsquo;un volume codirig\u00e9 avec Arnaud Fossier et Cl\u00e9mence Revest et publi\u00e9 en 2019 par l\u2019\u00c9cole nationale des Chartes sous le titre <a href=\"http:\/\/www.publications.efrome.it\/opencms\/opencms\/%C3%A8critures_grises._les_instruments_de_travail_des_administrations_xiie-xviie_si%C3%A8cle__72cc1ed8-180e-11ea-a77e-000c291eeace.html\"><em>d\u2019\u00c9critures grises. Les instruments de travail des administrations (XII<sup>e<\/sup>-XVII<sup>e<\/sup> si\u00e8cles)<\/em>.<\/a><\/p>\n\n\n\n<p>Sa nouvelle enqu\u00eate au long cours, pour laquelle il est re\u00e7u en d\u00e9l\u00e9gation \u00e0 TELEMME en 2022-2023, se situe \u00e0 la confluence de ces diff\u00e9rents terrains et porte sur la collecte, la structuration et les usages de l\u2019information sanitaire dans l\u2019Europe de la premi\u00e8re modernit\u00e9. Cette \u00e9tude entend mettre au jour, \u00e0 partir de la documentation produite par les repr\u00e9sentants des autorit\u00e9s v\u00e9nitiennes, marseillaises et britanniques en M\u00e9diterran\u00e9e, des ph\u00e9nom\u00e8nes de collaboration \u00ab&nbsp;internationale&nbsp;\u00bb qui accr\u00e9ditent l\u2019id\u00e9e d\u2019une certaine diplomatie sanitaire en temps de crise, aux origines de la diplomatie humanitaire moderne. Par ailleurs, l\u2019id\u00e9e d\u2019un front, sinon d\u2019un destin, commun face aux \u00e9pid\u00e9mies participe d\u2019un certain nombre de repr\u00e9sentations, de la M\u00e9diterran\u00e9e, de l\u2019Europe et de l\u2019Orient d\u2019une part, et du Bien commun, du risque sanitaire et de la sant\u00e9 publique de l\u2019autre, qu\u2019il s\u2019agira \u00e9galement d\u2019examiner \u00e0 nouveaux frais. Les documents de la pratique ainsi sollicit\u00e9s permettent en dernier lieu d\u2019\u00e9crire aussi une histoire documentaire des administrations sanitaires ainsi que de leurs archives, dont la constitution et l\u2019\u00e9volution au fil des crises rythmant la deuxi\u00e8me Pand\u00e9mie font \u00e9galement partie de l\u2019enqu\u00eate.<\/p>\n\n\n\n<p>Par ces diff\u00e9rents axes de recherche, Johann Petitjean entend s\u2019inscrire dans les axes <a href=\"https:\/\/telemme.mmsh.fr\/?axe_groupe=2018-2023-2-les-appartenances-a-lepreuve\">2<\/a> et <a href=\"https:\/\/telemme.mmsh.fr\/?axe_groupe=2018-2023-3-la-fabrique-des-territoires\">3<\/a> du laboratoire.&nbsp;<\/p>\n\n\n\n<hr class=\"wp-block-separator has-alpha-channel-opacity\"\/>\n\n\n\n<p id=\"touchelay\"><strong>B\u00e9atrice Touchelay <\/strong>est professeure d&rsquo;histoire \u00e9conomique et sociale contemporaine \u00e0 l&rsquo;universit\u00e9 de Lille depuis 2011. Apr\u00e8s une th\u00e8se de doctorat d\u2019histoire contemporaine sur \u00ab&nbsp;L\u2019Institut national de la statistique et des \u00e9tudes \u00e9conomiques (INSEE), h\u00e9ritage, \u00e9volution et relations avec la r\u00e9alit\u00e9 \u00e9conomique, politique et sociale&nbsp;\u00bb dirig\u00e9e par Albert Broder \u00e0 l\u2019universit\u00e9 de Paris Est Cr\u00e9teil, elle soutient son habilitation \u00e0 diriger des recherches sur \u00ab&nbsp;Chiffres entreprises et \u00c9tat dans la France du XX<sup>e<\/sup> si\u00e8cle \u00e0 l\u2019universit\u00e9 Paris1 Panth\u00e9on Sorbonne en 2009 (garant Michel Margairaz). Ses recherches portent sur la fabrication et les usages des chiffres statistiques et comptables dans le monde contemporain. <\/p>\n\n\n\n<div class=\"wp-block-media-text is-stacked-on-mobile\" style=\"grid-template-columns:25% auto\"><figure class=\"wp-block-media-text__media\"><img loading=\"lazy\" decoding=\"async\" width=\"300\" height=\"300\" src=\"https:\/\/telemme.mmsh.fr\/wp-content\/uploads\/2022\/09\/csm_beatrice_touchelay_a127ee2be3-1.jpg\" alt=\"\" class=\"wp-image-11692 size-full\" srcset=\"https:\/\/telemme.mmsh.fr\/wp-content\/uploads\/2022\/09\/csm_beatrice_touchelay_a127ee2be3-1.jpg 300w, https:\/\/telemme.mmsh.fr\/wp-content\/uploads\/2022\/09\/csm_beatrice_touchelay_a127ee2be3-1-150x150.jpg 150w, https:\/\/telemme.mmsh.fr\/wp-content\/uploads\/2022\/09\/csm_beatrice_touchelay_a127ee2be3-1-100x100.jpg 100w\" sizes=\"auto, (max-width: 300px) 100vw, 300px\" \/><\/figure><div class=\"wp-block-media-text__content\">\n<p>Elle se consacre depuis plusieurs ann\u00e9es \u00e0 l\u2019\u00e9tude de la fabrication des statistiques coloniales et post coloniales et coordonne avec Emmanuelle Sibeud (universit\u00e9 Paris 8) un cycle de s\u00e9minaires intitul\u00e9 \u00ab\u00a0<a href=\"https:\/\/chiffrempire.hypotheses.org\/\">Chiffrer et d\u00e9chiffrer les empires coloniaux XIX<sup>e<\/sup>-XX<sup>e<\/sup> si\u00e8cles<\/a>\u00a0\u00bb organis\u00e9s au Mus\u00e9e du Quai Branly (2021-2022) et au Campus Condorcet \u00e0 Aubervilliers (2022-2023). Elle coordonne \u00e9galement le programme ANR-21-CE41-0012 \u00ab\u00a0<a href=\"https:\/\/telemme.mmsh.fr\/?post_type=projets&amp;p=10237\">Compter en situation coloniale et post coloniale XIX<sup>e<\/sup>-XXI<sup>e<\/sup> si\u00e8cle (Afrique francophone)\u00a0<\/a>\u00bb (COCOLE) qui est en cours. Ses recherches concernent aussi les questions de sant\u00e9 publique et d\u2019environnement dans le Nord de la France et celles de la fronti\u00e8re et de la fraude.<\/p>\n<\/div><\/div>\n\n\n\n<p>B\u00e9n\u00e9ficiant d\u2019une d\u00e9l\u00e9gation CNRS pour recherche depuis 2021, B\u00e9atrice Touchelay est accueillie au laboratoire TELEMME qui est l\u2019un des partenaires de l\u2019<a href=\"https:\/\/telemme.mmsh.fr\/?projets=cocole\">ANR COCOLE<\/a>.<\/p>\n\n\n\n<ul class=\"wp-block-list\"><li>Dernier ouvrage publi\u00e9 : <em><a href=\"https:\/\/books.openedition.org\/igpde\/1110\">Fraude, Fronti\u00e8res et Territoires<\/a><\/em>, Paris, CHEFF, 2020 <\/li><\/ul>\n\n\n\n<ul class=\"wp-block-list\"><li>En cours de publication avec Fabien Cardoni, Anne Conchon et Michel Margairaz,\u00a0<em>Chiffres publics, Chiffres priv\u00e9s XVII<em><sup>e<\/sup><\/em>-XXI<sup>e<\/sup> si\u00e8cles, entre hybridation et conflits<\/em>, Rennes, PUR troisi\u00e8me semestre 2022\u00a0; <\/li><li><a href=\"https:\/\/laviedesidees.fr\/Olivier-Martin-L-empire-des-chiffres.html\">\u00ab\u00a0Ces chiffres qui nous gouvernent\u00a0. \u00c0 propos de : Olivier Martin, <em>L\u2019empire des chiffres<\/em>, Armand Colin, 2020 \u00bb<\/a>, publi\u00e9 dans la <em>Vie des id\u00e9es<\/em>, le 17 novembre 2020.<\/li><\/ul>\n\n\n\n<hr class=\"wp-block-separator has-alpha-channel-opacity\"\/>\n","protected":false},"excerpt":{"rendered":"<p>TELEMMe est heureux de pouvoir accueillir cette ann\u00e9e quatre nouvelles chercheuses et chercheurs en d\u00e9l\u00e9gation CNRS. Sarah Mekdjian, chercheure en r\u00e9sidence au Mucem et au laboratoire TELEMME (2022-2023). Maitresse de&hellip;&nbsp;<a href=\"https:\/\/telemme.mmsh.fr\/?p=11671\" rel=\"bookmark\">Lire la suite &raquo;<span class=\"screen-reader-text\">Chercheuses et chercheurs en d\u00e9l\u00e9gation CNRS \u00e0 TELEMMe<\/span><\/a><\/p>\n","protected":false},"author":175,"featured_media":9313,"comment_status":"closed","ping_status":"closed","sticky":false,"template":"","format":"standard","meta":{"neve_meta_sidebar":"","neve_meta_container":"","neve_meta_enable_content_width":"off","neve_meta_content_width":70,"neve_meta_title_alignment":"","neve_meta_author_avatar":"","neve_post_elements_order":"","neve_meta_disable_header":"","neve_meta_disable_footer":"","neve_meta_disable_title":"","_tribe_events_control_status":"","_tribe_events_control_status_canceled_reason":"","_tribe_events_control_status_postponed_reason":"","_tribe_events_control_online":"","_tribe_events_control_online_url":"","footnotes":""},"categories":[2007],"tags":[],"class_list":["post-11671","post","type-post","status-publish","format-standard","has-post-thumbnail","hentry","category-informations"],"yoast_head":"<!-- This site is optimized with the Yoast SEO plugin v27.4 - https:\/\/yoast.com\/product\/yoast-seo-wordpress\/ -->\n<title>Chercheuses et chercheurs en d\u00e9l\u00e9gation CNRS \u00e0 TELEMMe - TELEMMe - Temps, espaces, langages, Europe m\u00e9ridionale, M\u00e9diterran\u00e9e<\/title>\n<meta name=\"robots\" content=\"index, follow, max-snippet:-1, max-image-preview:large, max-video-preview:-1\" \/>\n<link rel=\"canonical\" href=\"https:\/\/telemme.mmsh.fr\/?p=11671\" \/>\n<meta property=\"og:locale\" content=\"fr_FR\" \/>\n<meta property=\"og:type\" content=\"article\" \/>\n<meta property=\"og:title\" content=\"Chercheuses et chercheurs en d\u00e9l\u00e9gation CNRS \u00e0 TELEMMe - TELEMMe - Temps, espaces, langages, Europe m\u00e9ridionale, M\u00e9diterran\u00e9e\" \/>\n<meta property=\"og:description\" content=\"TELEMMe est heureux de pouvoir accueillir cette ann\u00e9e quatre nouvelles chercheuses et chercheurs en d\u00e9l\u00e9gation CNRS. Sarah Mekdjian, chercheure en r\u00e9sidence au Mucem et au laboratoire TELEMME (2022-2023). Maitresse de&hellip;&nbsp;Lire la suite &raquo;Chercheuses et chercheurs en d\u00e9l\u00e9gation CNRS \u00e0 TELEMMe\" \/>\n<meta property=\"og:url\" content=\"https:\/\/telemme.mmsh.fr\/?p=11671\" \/>\n<meta property=\"og:site_name\" content=\"TELEMMe - Temps, espaces, langages, Europe m\u00e9ridionale, M\u00e9diterran\u00e9e\" \/>\n<meta property=\"article:published_time\" content=\"2022-10-03T08:42:33+00:00\" \/>\n<meta property=\"article:modified_time\" content=\"2022-10-12T12:13:55+00:00\" \/>\n<meta property=\"og:image\" content=\"https:\/\/telemme.mmsh.fr\/wp-content\/uploads\/2021\/08\/LOGO_CNRS_2019_RVB.png\" \/>\n\t<meta property=\"og:image:width\" content=\"1181\" \/>\n\t<meta property=\"og:image:height\" content=\"1181\" \/>\n\t<meta property=\"og:image:type\" content=\"image\/png\" \/>\n<meta name=\"author\" content=\"Maja Mellet\" \/>\n<meta name=\"twitter:card\" content=\"summary_large_image\" \/>\n<meta name=\"twitter:label1\" content=\"\u00c9crit par\" \/>\n\t<meta name=\"twitter:data1\" content=\"Maja Mellet\" \/>\n\t<meta name=\"twitter:label2\" content=\"Dur\u00e9e de lecture estim\u00e9e\" \/>\n\t<meta name=\"twitter:data2\" content=\"7 minutes\" \/>\n<script type=\"application\/ld+json\" class=\"yoast-schema-graph\">{\"@context\":\"https:\\\/\\\/schema.org\",\"@graph\":[{\"@type\":\"Article\",\"@id\":\"https:\\\/\\\/telemme.mmsh.fr\\\/?p=11671#article\",\"isPartOf\":{\"@id\":\"https:\\\/\\\/telemme.mmsh.fr\\\/?p=11671\"},\"author\":{\"name\":\"Maja Mellet\",\"@id\":\"https:\\\/\\\/telemme.mmsh.fr\\\/#\\\/schema\\\/person\\\/c433e5fd025c00718f715ba73f040691\"},\"headline\":\"Chercheuses et chercheurs en d\u00e9l\u00e9gation CNRS \u00e0 TELEMMe\",\"datePublished\":\"2022-10-03T08:42:33+00:00\",\"dateModified\":\"2022-10-12T12:13:55+00:00\",\"mainEntityOfPage\":{\"@id\":\"https:\\\/\\\/telemme.mmsh.fr\\\/?p=11671\"},\"wordCount\":1450,\"publisher\":{\"@id\":\"https:\\\/\\\/telemme.mmsh.fr\\\/#organization\"},\"image\":{\"@id\":\"https:\\\/\\\/telemme.mmsh.fr\\\/?p=11671#primaryimage\"},\"thumbnailUrl\":\"https:\\\/\\\/telemme.mmsh.fr\\\/wp-content\\\/uploads\\\/2021\\\/08\\\/LOGO_CNRS_2019_RVB.png\",\"articleSection\":[\"Informations\"],\"inLanguage\":\"fr-FR\"},{\"@type\":\"WebPage\",\"@id\":\"https:\\\/\\\/telemme.mmsh.fr\\\/?p=11671\",\"url\":\"https:\\\/\\\/telemme.mmsh.fr\\\/?p=11671\",\"name\":\"Chercheuses et chercheurs en d\u00e9l\u00e9gation CNRS \u00e0 TELEMMe - TELEMMe - Temps, espaces, langages, Europe m\u00e9ridionale, M\u00e9diterran\u00e9e\",\"isPartOf\":{\"@id\":\"https:\\\/\\\/telemme.mmsh.fr\\\/#website\"},\"primaryImageOfPage\":{\"@id\":\"https:\\\/\\\/telemme.mmsh.fr\\\/?p=11671#primaryimage\"},\"image\":{\"@id\":\"https:\\\/\\\/telemme.mmsh.fr\\\/?p=11671#primaryimage\"},\"thumbnailUrl\":\"https:\\\/\\\/telemme.mmsh.fr\\\/wp-content\\\/uploads\\\/2021\\\/08\\\/LOGO_CNRS_2019_RVB.png\",\"datePublished\":\"2022-10-03T08:42:33+00:00\",\"dateModified\":\"2022-10-12T12:13:55+00:00\",\"breadcrumb\":{\"@id\":\"https:\\\/\\\/telemme.mmsh.fr\\\/?p=11671#breadcrumb\"},\"inLanguage\":\"fr-FR\",\"potentialAction\":[{\"@type\":\"ReadAction\",\"target\":[\"https:\\\/\\\/telemme.mmsh.fr\\\/?p=11671\"]}]},{\"@type\":\"ImageObject\",\"inLanguage\":\"fr-FR\",\"@id\":\"https:\\\/\\\/telemme.mmsh.fr\\\/?p=11671#primaryimage\",\"url\":\"https:\\\/\\\/telemme.mmsh.fr\\\/wp-content\\\/uploads\\\/2021\\\/08\\\/LOGO_CNRS_2019_RVB.png\",\"contentUrl\":\"https:\\\/\\\/telemme.mmsh.fr\\\/wp-content\\\/uploads\\\/2021\\\/08\\\/LOGO_CNRS_2019_RVB.png\",\"width\":1181,\"height\":1181},{\"@type\":\"BreadcrumbList\",\"@id\":\"https:\\\/\\\/telemme.mmsh.fr\\\/?p=11671#breadcrumb\",\"itemListElement\":[{\"@type\":\"ListItem\",\"position\":1,\"name\":\"Accueil\",\"item\":\"https:\\\/\\\/telemme.mmsh.fr\\\/\"},{\"@type\":\"ListItem\",\"position\":2,\"name\":\"Actualit\u00e9s\",\"item\":\"https:\\\/\\\/telemme.mmsh.fr\\\/?cat=1995\"},{\"@type\":\"ListItem\",\"position\":3,\"name\":\"Informations\",\"item\":\"https:\\\/\\\/telemme.mmsh.fr\\\/?cat=2007\"},{\"@type\":\"ListItem\",\"position\":4,\"name\":\"Chercheuses et chercheurs en d\u00e9l\u00e9gation CNRS \u00e0 TELEMMe\"}]},{\"@type\":\"WebSite\",\"@id\":\"https:\\\/\\\/telemme.mmsh.fr\\\/#website\",\"url\":\"https:\\\/\\\/telemme.mmsh.fr\\\/\",\"name\":\"TELEMMe - Temps, espaces, langages, Europe m\u00e9ridionale, M\u00e9diterran\u00e9e\",\"description\":\"\",\"publisher\":{\"@id\":\"https:\\\/\\\/telemme.mmsh.fr\\\/#organization\"},\"potentialAction\":[{\"@type\":\"SearchAction\",\"target\":{\"@type\":\"EntryPoint\",\"urlTemplate\":\"https:\\\/\\\/telemme.mmsh.fr\\\/?s={search_term_string}\"},\"query-input\":{\"@type\":\"PropertyValueSpecification\",\"valueRequired\":true,\"valueName\":\"search_term_string\"}}],\"inLanguage\":\"fr-FR\"},{\"@type\":\"Organization\",\"@id\":\"https:\\\/\\\/telemme.mmsh.fr\\\/#organization\",\"name\":\"TELEMMe\",\"url\":\"https:\\\/\\\/telemme.mmsh.fr\\\/\",\"logo\":{\"@type\":\"ImageObject\",\"inLanguage\":\"fr-FR\",\"@id\":\"https:\\\/\\\/telemme.mmsh.fr\\\/#\\\/schema\\\/logo\\\/image\\\/\",\"url\":\"https:\\\/\\\/telemme.mmsh.fr\\\/wp-content\\\/uploads\\\/2020\\\/03\\\/LogoTELEMMe-horizontal-fond-transparent.png\",\"contentUrl\":\"https:\\\/\\\/telemme.mmsh.fr\\\/wp-content\\\/uploads\\\/2020\\\/03\\\/LogoTELEMMe-horizontal-fond-transparent.png\",\"width\":1500,\"height\":437,\"caption\":\"TELEMMe\"},\"image\":{\"@id\":\"https:\\\/\\\/telemme.mmsh.fr\\\/#\\\/schema\\\/logo\\\/image\\\/\"}},{\"@type\":\"Person\",\"@id\":\"https:\\\/\\\/telemme.mmsh.fr\\\/#\\\/schema\\\/person\\\/c433e5fd025c00718f715ba73f040691\",\"name\":\"Maja Mellet\",\"url\":\"https:\\\/\\\/telemme.mmsh.fr\\\/?author=175\"}]}<\/script>\n<!-- \/ Yoast SEO plugin. -->","yoast_head_json":{"title":"Chercheuses et chercheurs en d\u00e9l\u00e9gation CNRS \u00e0 TELEMMe - TELEMMe - Temps, espaces, langages, Europe m\u00e9ridionale, M\u00e9diterran\u00e9e","robots":{"index":"index","follow":"follow","max-snippet":"max-snippet:-1","max-image-preview":"max-image-preview:large","max-video-preview":"max-video-preview:-1"},"canonical":"https:\/\/telemme.mmsh.fr\/?p=11671","og_locale":"fr_FR","og_type":"article","og_title":"Chercheuses et chercheurs en d\u00e9l\u00e9gation CNRS \u00e0 TELEMMe - TELEMMe - Temps, espaces, langages, Europe m\u00e9ridionale, M\u00e9diterran\u00e9e","og_description":"TELEMMe est heureux de pouvoir accueillir cette ann\u00e9e quatre nouvelles chercheuses et chercheurs en d\u00e9l\u00e9gation CNRS. Sarah Mekdjian, chercheure en r\u00e9sidence au Mucem et au laboratoire TELEMME (2022-2023). Maitresse de&hellip;&nbsp;Lire la suite &raquo;Chercheuses et chercheurs en d\u00e9l\u00e9gation CNRS \u00e0 TELEMMe","og_url":"https:\/\/telemme.mmsh.fr\/?p=11671","og_site_name":"TELEMMe - Temps, espaces, langages, Europe m\u00e9ridionale, M\u00e9diterran\u00e9e","article_published_time":"2022-10-03T08:42:33+00:00","article_modified_time":"2022-10-12T12:13:55+00:00","og_image":[{"width":1181,"height":1181,"url":"https:\/\/telemme.mmsh.fr\/wp-content\/uploads\/2021\/08\/LOGO_CNRS_2019_RVB.png","type":"image\/png"}],"author":"Maja Mellet","twitter_card":"summary_large_image","twitter_misc":{"\u00c9crit par":"Maja Mellet","Dur\u00e9e de lecture estim\u00e9e":"7 minutes"},"schema":{"@context":"https:\/\/schema.org","@graph":[{"@type":"Article","@id":"https:\/\/telemme.mmsh.fr\/?p=11671#article","isPartOf":{"@id":"https:\/\/telemme.mmsh.fr\/?p=11671"},"author":{"name":"Maja Mellet","@id":"https:\/\/telemme.mmsh.fr\/#\/schema\/person\/c433e5fd025c00718f715ba73f040691"},"headline":"Chercheuses et chercheurs en d\u00e9l\u00e9gation CNRS \u00e0 TELEMMe","datePublished":"2022-10-03T08:42:33+00:00","dateModified":"2022-10-12T12:13:55+00:00","mainEntityOfPage":{"@id":"https:\/\/telemme.mmsh.fr\/?p=11671"},"wordCount":1450,"publisher":{"@id":"https:\/\/telemme.mmsh.fr\/#organization"},"image":{"@id":"https:\/\/telemme.mmsh.fr\/?p=11671#primaryimage"},"thumbnailUrl":"https:\/\/telemme.mmsh.fr\/wp-content\/uploads\/2021\/08\/LOGO_CNRS_2019_RVB.png","articleSection":["Informations"],"inLanguage":"fr-FR"},{"@type":"WebPage","@id":"https:\/\/telemme.mmsh.fr\/?p=11671","url":"https:\/\/telemme.mmsh.fr\/?p=11671","name":"Chercheuses et chercheurs en d\u00e9l\u00e9gation CNRS \u00e0 TELEMMe - TELEMMe - Temps, espaces, langages, Europe m\u00e9ridionale, M\u00e9diterran\u00e9e","isPartOf":{"@id":"https:\/\/telemme.mmsh.fr\/#website"},"primaryImageOfPage":{"@id":"https:\/\/telemme.mmsh.fr\/?p=11671#primaryimage"},"image":{"@id":"https:\/\/telemme.mmsh.fr\/?p=11671#primaryimage"},"thumbnailUrl":"https:\/\/telemme.mmsh.fr\/wp-content\/uploads\/2021\/08\/LOGO_CNRS_2019_RVB.png","datePublished":"2022-10-03T08:42:33+00:00","dateModified":"2022-10-12T12:13:55+00:00","breadcrumb":{"@id":"https:\/\/telemme.mmsh.fr\/?p=11671#breadcrumb"},"inLanguage":"fr-FR","potentialAction":[{"@type":"ReadAction","target":["https:\/\/telemme.mmsh.fr\/?p=11671"]}]},{"@type":"ImageObject","inLanguage":"fr-FR","@id":"https:\/\/telemme.mmsh.fr\/?p=11671#primaryimage","url":"https:\/\/telemme.mmsh.fr\/wp-content\/uploads\/2021\/08\/LOGO_CNRS_2019_RVB.png","contentUrl":"https:\/\/telemme.mmsh.fr\/wp-content\/uploads\/2021\/08\/LOGO_CNRS_2019_RVB.png","width":1181,"height":1181},{"@type":"BreadcrumbList","@id":"https:\/\/telemme.mmsh.fr\/?p=11671#breadcrumb","itemListElement":[{"@type":"ListItem","position":1,"name":"Accueil","item":"https:\/\/telemme.mmsh.fr\/"},{"@type":"ListItem","position":2,"name":"Actualit\u00e9s","item":"https:\/\/telemme.mmsh.fr\/?cat=1995"},{"@type":"ListItem","position":3,"name":"Informations","item":"https:\/\/telemme.mmsh.fr\/?cat=2007"},{"@type":"ListItem","position":4,"name":"Chercheuses et chercheurs en d\u00e9l\u00e9gation CNRS \u00e0 TELEMMe"}]},{"@type":"WebSite","@id":"https:\/\/telemme.mmsh.fr\/#website","url":"https:\/\/telemme.mmsh.fr\/","name":"TELEMMe - Temps, espaces, langages, Europe m\u00e9ridionale, M\u00e9diterran\u00e9e","description":"","publisher":{"@id":"https:\/\/telemme.mmsh.fr\/#organization"},"potentialAction":[{"@type":"SearchAction","target":{"@type":"EntryPoint","urlTemplate":"https:\/\/telemme.mmsh.fr\/?s={search_term_string}"},"query-input":{"@type":"PropertyValueSpecification","valueRequired":true,"valueName":"search_term_string"}}],"inLanguage":"fr-FR"},{"@type":"Organization","@id":"https:\/\/telemme.mmsh.fr\/#organization","name":"TELEMMe","url":"https:\/\/telemme.mmsh.fr\/","logo":{"@type":"ImageObject","inLanguage":"fr-FR","@id":"https:\/\/telemme.mmsh.fr\/#\/schema\/logo\/image\/","url":"https:\/\/telemme.mmsh.fr\/wp-content\/uploads\/2020\/03\/LogoTELEMMe-horizontal-fond-transparent.png","contentUrl":"https:\/\/telemme.mmsh.fr\/wp-content\/uploads\/2020\/03\/LogoTELEMMe-horizontal-fond-transparent.png","width":1500,"height":437,"caption":"TELEMMe"},"image":{"@id":"https:\/\/telemme.mmsh.fr\/#\/schema\/logo\/image\/"}},{"@type":"Person","@id":"https:\/\/telemme.mmsh.fr\/#\/schema\/person\/c433e5fd025c00718f715ba73f040691","name":"Maja Mellet","url":"https:\/\/telemme.mmsh.fr\/?author=175"}]}},"_links":{"self":[{"href":"https:\/\/telemme.mmsh.fr\/index.php?rest_route=\/wp\/v2\/posts\/11671","targetHints":{"allow":["GET"]}}],"collection":[{"href":"https:\/\/telemme.mmsh.fr\/index.php?rest_route=\/wp\/v2\/posts"}],"about":[{"href":"https:\/\/telemme.mmsh.fr\/index.php?rest_route=\/wp\/v2\/types\/post"}],"author":[{"embeddable":true,"href":"https:\/\/telemme.mmsh.fr\/index.php?rest_route=\/wp\/v2\/users\/175"}],"replies":[{"embeddable":true,"href":"https:\/\/telemme.mmsh.fr\/index.php?rest_route=%2Fwp%2Fv2%2Fcomments&post=11671"}],"version-history":[{"count":39,"href":"https:\/\/telemme.mmsh.fr\/index.php?rest_route=\/wp\/v2\/posts\/11671\/revisions"}],"predecessor-version":[{"id":11833,"href":"https:\/\/telemme.mmsh.fr\/index.php?rest_route=\/wp\/v2\/posts\/11671\/revisions\/11833"}],"wp:featuredmedia":[{"embeddable":true,"href":"https:\/\/telemme.mmsh.fr\/index.php?rest_route=\/wp\/v2\/media\/9313"}],"wp:attachment":[{"href":"https:\/\/telemme.mmsh.fr\/index.php?rest_route=%2Fwp%2Fv2%2Fmedia&parent=11671"}],"wp:term":[{"taxonomy":"category","embeddable":true,"href":"https:\/\/telemme.mmsh.fr\/index.php?rest_route=%2Fwp%2Fv2%2Fcategories&post=11671"},{"taxonomy":"post_tag","embeddable":true,"href":"https:\/\/telemme.mmsh.fr\/index.php?rest_route=%2Fwp%2Fv2%2Ftags&post=11671"}],"curies":[{"name":"wp","href":"https:\/\/api.w.org\/{rel}","templated":true}]}}