{"id":11580,"date":"2022-09-14T10:38:07","date_gmt":"2022-09-14T08:38:07","guid":{"rendered":"https:\/\/telemme.mmsh.fr\/?p=11580"},"modified":"2022-09-14T10:38:09","modified_gmt":"2022-09-14T08:38:09","slug":"les-disputes-et-la-conversion-religieuse-de-lantiquite-au-xviie-siecle","status":"publish","type":"post","link":"https:\/\/telemme.mmsh.fr\/?p=11580","title":{"rendered":"Les disputes et la conversion religieuse de l&rsquo;Antiquit\u00e9 au XVIIe si\u00e8cle"},"content":{"rendered":"\n<blockquote class=\"wp-block-quote is-layout-flow wp-block-quote-is-layout-flow\"><p><strong><em><a href=\"https:\/\/www.pur-editions.fr\/product\/8745\/les-disputes-et-la-conversion-religieuse-de-l-antiquite-au-xviie-siecle\">Les disputes et la conversion religieuse de l&rsquo;Antiquit\u00e9 au XVII<sup>e<\/sup> si\u00e8cle<\/a><\/em><\/strong>, sous la direction de J\u00e9r\u00e9mie Foa et de Pierre-Antoine Fabre, Presses universitaires de Rennes, collection Histoire, 2022, 250 pages.<\/p><\/blockquote>\n\n\n\n<p>Au d\u00e9but du XVII<sup>e<\/sup> si\u00e8cle, un pol\u00e9miste averti lan\u00e7ait \u00e0 son auditoire, mi-protestant mi-catholique, cette sentence lapidaire : \u00ab Aujourd&rsquo;huy, les disputes se r\u00e9duisent \u00e0 disputer comment il faut disputer. \u00bb Pour notre controversiste d\u00e9sabus\u00e9, dans ces rencontres entre th\u00e9ologiens, les moyens mangeaient la fin, les d\u00e9bats s&rsquo;\u00e9ternisant dans d&rsquo;interminables disputes sur les conditions de la dispute. C&rsquo;est de cette remarque &#8211; r\u00e9currente &#8211; qu&rsquo;ont germ\u00e9 l&rsquo;id\u00e9e de ce livre et la volont\u00e9 d&rsquo;\u00e9largir le questionnement \u00e0 des \u00e9poques plus anciennes : \u00e0 quoi bon ces rencontres r\u00e9p\u00e9t\u00e9es entre th\u00e9ologiens quand la conversion de l&rsquo;adversaire semble si rarement le fruit des d\u00e9bats ? \u00c0 nos yeux, l&rsquo;amer constat que dresse ce th\u00e9ologien &#8211; des rencontres interreligieuses inf\u00e9condes &#8211; n&rsquo;est pas \u00e0 attribuer \u00e0 une quelconque myopie. Ce qu&rsquo;il pointe est plus profond, plus essentiel. Il signale des enjeux alternatifs, il met sur la piste d&rsquo;autres fonctions, moins \u00e9videntes ou moins assum\u00e9es, des disputes interreligieuses. De ces grands d\u00e9bats, qui pensait vraiment sortir gagnant ? qui pouvait s\u00e9rieusement se dire convaincu ? \u00c0 partir de l\u00e0, que recherchaient les acteurs de ces multiples sc\u00e8nes sans issue ?<\/p>\n\n\n\n<p><em>avec le soutien de l&rsquo;<strong>ANR POCRAM de l&rsquo;universit\u00e9 de Paris-Est Cr\u00e9teil Val de Marne<\/strong><\/em><\/p>\n","protected":false},"excerpt":{"rendered":"<p>Les disputes et la conversion religieuse de l&rsquo;Antiquit\u00e9 au XVIIe si\u00e8cle, sous la direction de J\u00e9r\u00e9mie Foa et de Pierre-Antoine Fabre, Presses universitaires de Rennes, collection Histoire, 2022, 250 pages.&hellip;&nbsp;<a href=\"https:\/\/telemme.mmsh.fr\/?p=11580\" rel=\"bookmark\">Lire la suite &raquo;<span class=\"screen-reader-text\">Les disputes et la conversion religieuse de l&rsquo;Antiquit\u00e9 au XVIIe si\u00e8cle<\/span><\/a><\/p>\n","protected":false},"author":6,"featured_media":11582,"comment_status":"closed","ping_status":"closed","sticky":false,"template":"","format":"standard","meta":{"neve_meta_sidebar":"","neve_meta_container":"","neve_meta_enable_content_width":"off","neve_meta_content_width":70,"neve_meta_title_alignment":"","neve_meta_author_avatar":"","neve_post_elements_order":"","neve_meta_disable_header":"","neve_meta_disable_footer":"","neve_meta_disable_title":"","_tribe_events_control_status":"","_tribe_events_control_status_canceled_reason":"","_tribe_events_control_status_postponed_reason":"","_tribe_events_control_online":"","_tribe_events_control_online_url":"","footnotes":""},"categories":[1742],"tags":[2536,2538],"class_list":["post-11580","post","type-post","status-publish","format-standard","has-post-thumbnail","hentry","category-dir-ouvrage","tag-conversion","tag-religion"],"yoast_head":"<!-- This site is optimized with the Yoast SEO plugin v27.4 - https:\/\/yoast.com\/product\/yoast-seo-wordpress\/ -->\n<title>Les disputes et la conversion religieuse de l&#039;Antiquit\u00e9 au XVIIe si\u00e8cle - TELEMMe - Temps, espaces, langages, Europe m\u00e9ridionale, M\u00e9diterran\u00e9e<\/title>\n<meta name=\"description\" content=\"Au d\u00e9but du XVIIe si\u00e8cle, un pol\u00e9miste averti lan\u00e7ait \u00e0 son auditoire, mi-protestant mi-catholique, cette sentence lapidaire : \u00ab Aujourd&#039;huy, les disputes se r\u00e9duisent \u00e0 disputer comment il faut disputer. \u00bb Pour notre controversiste d\u00e9sabus\u00e9, dans ces rencontres entre th\u00e9ologiens, les moyens mangeaient la fin, les d\u00e9bats s&#039;\u00e9ternisant dans d&#039;interminables disputes sur les conditions de la dispute. C&#039;est de cette remarque - r\u00e9currente - qu&#039;ont germ\u00e9 l&#039;id\u00e9e de ce livre et la volont\u00e9 d&#039;\u00e9largir le questionnement \u00e0 des \u00e9poques plus anciennes : \u00e0 quoi bon ces rencontres r\u00e9p\u00e9t\u00e9es entre th\u00e9ologiens quand la conversion de l&#039;adversaire semble si rarement le fruit des d\u00e9bats ? \u00c0 nos yeux, l&#039;amer constat que dresse ce th\u00e9ologien - des rencontres interreligieuses inf\u00e9condes - n&#039;est pas \u00e0 attribuer \u00e0 une quelconque myopie. Ce qu&#039;il pointe est plus profond, plus essentiel. Il signale des enjeux alternatifs, il met sur la piste d&#039;autres fonctions, moins \u00e9videntes ou moins assum\u00e9es, des disputes interreligieuses. De ces grands d\u00e9bats, qui pensait vraiment sortir gagnant ? qui pouvait s\u00e9rieusement se dire convaincu ? \u00c0 partir de l\u00e0, que recherchaient les acteurs de ces multiples sc\u00e8nes sans issue ?\" \/>\n<meta name=\"robots\" content=\"index, follow, max-snippet:-1, max-image-preview:large, max-video-preview:-1\" \/>\n<link rel=\"canonical\" href=\"https:\/\/telemme.mmsh.fr\/?p=11580\" \/>\n<meta property=\"og:locale\" content=\"fr_FR\" \/>\n<meta property=\"og:type\" content=\"article\" \/>\n<meta property=\"og:title\" content=\"Les disputes et la conversion religieuse de l&#039;Antiquit\u00e9 au XVIIe si\u00e8cle - TELEMMe - Temps, espaces, langages, Europe m\u00e9ridionale, M\u00e9diterran\u00e9e\" \/>\n<meta property=\"og:description\" content=\"Au d\u00e9but du XVIIe si\u00e8cle, un pol\u00e9miste averti lan\u00e7ait \u00e0 son auditoire, mi-protestant mi-catholique, cette sentence lapidaire : \u00ab Aujourd&#039;huy, les disputes se r\u00e9duisent \u00e0 disputer comment il faut disputer. \u00bb Pour notre controversiste d\u00e9sabus\u00e9, dans ces rencontres entre th\u00e9ologiens, les moyens mangeaient la fin, les d\u00e9bats s&#039;\u00e9ternisant dans d&#039;interminables disputes sur les conditions de la dispute. C&#039;est de cette remarque - r\u00e9currente - qu&#039;ont germ\u00e9 l&#039;id\u00e9e de ce livre et la volont\u00e9 d&#039;\u00e9largir le questionnement \u00e0 des \u00e9poques plus anciennes : \u00e0 quoi bon ces rencontres r\u00e9p\u00e9t\u00e9es entre th\u00e9ologiens quand la conversion de l&#039;adversaire semble si rarement le fruit des d\u00e9bats ? \u00c0 nos yeux, l&#039;amer constat que dresse ce th\u00e9ologien - des rencontres interreligieuses inf\u00e9condes - n&#039;est pas \u00e0 attribuer \u00e0 une quelconque myopie. Ce qu&#039;il pointe est plus profond, plus essentiel. Il signale des enjeux alternatifs, il met sur la piste d&#039;autres fonctions, moins \u00e9videntes ou moins assum\u00e9es, des disputes interreligieuses. De ces grands d\u00e9bats, qui pensait vraiment sortir gagnant ? qui pouvait s\u00e9rieusement se dire convaincu ? \u00c0 partir de l\u00e0, que recherchaient les acteurs de ces multiples sc\u00e8nes sans issue ?\" \/>\n<meta property=\"og:url\" content=\"https:\/\/telemme.mmsh.fr\/?p=11580\" \/>\n<meta property=\"og:site_name\" content=\"TELEMMe - Temps, espaces, langages, Europe m\u00e9ridionale, M\u00e9diterran\u00e9e\" \/>\n<meta property=\"article:published_time\" content=\"2022-09-14T08:38:07+00:00\" \/>\n<meta property=\"article:modified_time\" content=\"2022-09-14T08:38:09+00:00\" \/>\n<meta property=\"og:image\" content=\"https:\/\/telemme.mmsh.fr\/wp-content\/uploads\/2022\/09\/8745.jpg\" \/>\n\t<meta property=\"og:image:width\" content=\"300\" \/>\n\t<meta property=\"og:image:height\" content=\"466\" \/>\n\t<meta property=\"og:image:type\" content=\"image\/jpeg\" \/>\n<meta name=\"author\" content=\"Delphine Cavallo\" \/>\n<meta name=\"twitter:card\" content=\"summary_large_image\" \/>\n<meta name=\"twitter:label1\" content=\"\u00c9crit par\" \/>\n\t<meta name=\"twitter:data1\" content=\"Delphine Cavallo\" \/>\n\t<meta name=\"twitter:label2\" content=\"Dur\u00e9e de lecture estim\u00e9e\" \/>\n\t<meta name=\"twitter:data2\" content=\"1 minute\" \/>\n<script type=\"application\/ld+json\" class=\"yoast-schema-graph\">{\"@context\":\"https:\\\/\\\/schema.org\",\"@graph\":[{\"@type\":\"Article\",\"@id\":\"https:\\\/\\\/telemme.mmsh.fr\\\/?p=11580#article\",\"isPartOf\":{\"@id\":\"https:\\\/\\\/telemme.mmsh.fr\\\/?p=11580\"},\"author\":{\"name\":\"Delphine Cavallo\",\"@id\":\"https:\\\/\\\/telemme.mmsh.fr\\\/#\\\/schema\\\/person\\\/86a185da4836381586528ced48e263f5\"},\"headline\":\"Les disputes et la conversion religieuse de l&rsquo;Antiquit\u00e9 au XVIIe si\u00e8cle\",\"datePublished\":\"2022-09-14T08:38:07+00:00\",\"dateModified\":\"2022-09-14T08:38:09+00:00\",\"mainEntityOfPage\":{\"@id\":\"https:\\\/\\\/telemme.mmsh.fr\\\/?p=11580\"},\"wordCount\":265,\"publisher\":{\"@id\":\"https:\\\/\\\/telemme.mmsh.fr\\\/#organization\"},\"image\":{\"@id\":\"https:\\\/\\\/telemme.mmsh.fr\\\/?p=11580#primaryimage\"},\"thumbnailUrl\":\"https:\\\/\\\/telemme.mmsh.fr\\\/wp-content\\\/uploads\\\/2022\\\/09\\\/8745.jpg\",\"keywords\":[\"conversion\",\"religion\"],\"articleSection\":[\"Directions d'ouvrage\"],\"inLanguage\":\"fr-FR\"},{\"@type\":\"WebPage\",\"@id\":\"https:\\\/\\\/telemme.mmsh.fr\\\/?p=11580\",\"url\":\"https:\\\/\\\/telemme.mmsh.fr\\\/?p=11580\",\"name\":\"Les disputes et la conversion religieuse de l'Antiquit\u00e9 au XVIIe si\u00e8cle - TELEMMe - Temps, espaces, langages, Europe m\u00e9ridionale, M\u00e9diterran\u00e9e\",\"isPartOf\":{\"@id\":\"https:\\\/\\\/telemme.mmsh.fr\\\/#website\"},\"primaryImageOfPage\":{\"@id\":\"https:\\\/\\\/telemme.mmsh.fr\\\/?p=11580#primaryimage\"},\"image\":{\"@id\":\"https:\\\/\\\/telemme.mmsh.fr\\\/?p=11580#primaryimage\"},\"thumbnailUrl\":\"https:\\\/\\\/telemme.mmsh.fr\\\/wp-content\\\/uploads\\\/2022\\\/09\\\/8745.jpg\",\"datePublished\":\"2022-09-14T08:38:07+00:00\",\"dateModified\":\"2022-09-14T08:38:09+00:00\",\"description\":\"Au d\u00e9but du XVIIe si\u00e8cle, un pol\u00e9miste averti lan\u00e7ait \u00e0 son auditoire, mi-protestant mi-catholique, cette sentence lapidaire : \u00ab Aujourd'huy, les disputes se r\u00e9duisent \u00e0 disputer comment il faut disputer. \u00bb Pour notre controversiste d\u00e9sabus\u00e9, dans ces rencontres entre th\u00e9ologiens, les moyens mangeaient la fin, les d\u00e9bats s'\u00e9ternisant dans d'interminables disputes sur les conditions de la dispute. C'est de cette remarque - r\u00e9currente - qu'ont germ\u00e9 l'id\u00e9e de ce livre et la volont\u00e9 d'\u00e9largir le questionnement \u00e0 des \u00e9poques plus anciennes : \u00e0 quoi bon ces rencontres r\u00e9p\u00e9t\u00e9es entre th\u00e9ologiens quand la conversion de l'adversaire semble si rarement le fruit des d\u00e9bats ? \u00c0 nos yeux, l'amer constat que dresse ce th\u00e9ologien - des rencontres interreligieuses inf\u00e9condes - n'est pas \u00e0 attribuer \u00e0 une quelconque myopie. Ce qu'il pointe est plus profond, plus essentiel. Il signale des enjeux alternatifs, il met sur la piste d'autres fonctions, moins \u00e9videntes ou moins assum\u00e9es, des disputes interreligieuses. De ces grands d\u00e9bats, qui pensait vraiment sortir gagnant ? qui pouvait s\u00e9rieusement se dire convaincu ? \u00c0 partir de l\u00e0, que recherchaient les acteurs de ces multiples sc\u00e8nes sans issue ?\",\"breadcrumb\":{\"@id\":\"https:\\\/\\\/telemme.mmsh.fr\\\/?p=11580#breadcrumb\"},\"inLanguage\":\"fr-FR\",\"potentialAction\":[{\"@type\":\"ReadAction\",\"target\":[\"https:\\\/\\\/telemme.mmsh.fr\\\/?p=11580\"]}]},{\"@type\":\"ImageObject\",\"inLanguage\":\"fr-FR\",\"@id\":\"https:\\\/\\\/telemme.mmsh.fr\\\/?p=11580#primaryimage\",\"url\":\"https:\\\/\\\/telemme.mmsh.fr\\\/wp-content\\\/uploads\\\/2022\\\/09\\\/8745.jpg\",\"contentUrl\":\"https:\\\/\\\/telemme.mmsh.fr\\\/wp-content\\\/uploads\\\/2022\\\/09\\\/8745.jpg\",\"width\":300,\"height\":466,\"caption\":\"Couverture de Les disputes et la conversion religieuse de l'Antiquit\u00e9 au XVIIe si\u00e8cle, sous la direction de J\u00e9r\u00e9mie Foa et de Pierre-Antoine Fabre, Presses universitaires de Rennes, 2022\"},{\"@type\":\"BreadcrumbList\",\"@id\":\"https:\\\/\\\/telemme.mmsh.fr\\\/?p=11580#breadcrumb\",\"itemListElement\":[{\"@type\":\"ListItem\",\"position\":1,\"name\":\"Accueil\",\"item\":\"https:\\\/\\\/telemme.mmsh.fr\\\/\"},{\"@type\":\"ListItem\",\"position\":2,\"name\":\"Publications\",\"item\":\"https:\\\/\\\/telemme.mmsh.fr\\\/?cat=1738\"},{\"@type\":\"ListItem\",\"position\":3,\"name\":\"Directions d'ouvrage\",\"item\":\"https:\\\/\\\/telemme.mmsh.fr\\\/?cat=1742\"},{\"@type\":\"ListItem\",\"position\":4,\"name\":\"Les disputes et la conversion religieuse de l&#8217;Antiquit\u00e9 au XVIIe si\u00e8cle\"}]},{\"@type\":\"WebSite\",\"@id\":\"https:\\\/\\\/telemme.mmsh.fr\\\/#website\",\"url\":\"https:\\\/\\\/telemme.mmsh.fr\\\/\",\"name\":\"TELEMMe - Temps, espaces, langages, Europe m\u00e9ridionale, M\u00e9diterran\u00e9e\",\"description\":\"\",\"publisher\":{\"@id\":\"https:\\\/\\\/telemme.mmsh.fr\\\/#organization\"},\"potentialAction\":[{\"@type\":\"SearchAction\",\"target\":{\"@type\":\"EntryPoint\",\"urlTemplate\":\"https:\\\/\\\/telemme.mmsh.fr\\\/?s={search_term_string}\"},\"query-input\":{\"@type\":\"PropertyValueSpecification\",\"valueRequired\":true,\"valueName\":\"search_term_string\"}}],\"inLanguage\":\"fr-FR\"},{\"@type\":\"Organization\",\"@id\":\"https:\\\/\\\/telemme.mmsh.fr\\\/#organization\",\"name\":\"TELEMMe\",\"url\":\"https:\\\/\\\/telemme.mmsh.fr\\\/\",\"logo\":{\"@type\":\"ImageObject\",\"inLanguage\":\"fr-FR\",\"@id\":\"https:\\\/\\\/telemme.mmsh.fr\\\/#\\\/schema\\\/logo\\\/image\\\/\",\"url\":\"https:\\\/\\\/telemme.mmsh.fr\\\/wp-content\\\/uploads\\\/2020\\\/03\\\/LogoTELEMMe-horizontal-fond-transparent.png\",\"contentUrl\":\"https:\\\/\\\/telemme.mmsh.fr\\\/wp-content\\\/uploads\\\/2020\\\/03\\\/LogoTELEMMe-horizontal-fond-transparent.png\",\"width\":1500,\"height\":437,\"caption\":\"TELEMMe\"},\"image\":{\"@id\":\"https:\\\/\\\/telemme.mmsh.fr\\\/#\\\/schema\\\/logo\\\/image\\\/\"}},{\"@type\":\"Person\",\"@id\":\"https:\\\/\\\/telemme.mmsh.fr\\\/#\\\/schema\\\/person\\\/86a185da4836381586528ced48e263f5\",\"name\":\"Delphine Cavallo\",\"url\":\"https:\\\/\\\/telemme.mmsh.fr\\\/?author=6\"}]}<\/script>\n<!-- \/ Yoast SEO plugin. -->","yoast_head_json":{"title":"Les disputes et la conversion religieuse de l'Antiquit\u00e9 au XVIIe si\u00e8cle - TELEMMe - Temps, espaces, langages, Europe m\u00e9ridionale, M\u00e9diterran\u00e9e","description":"Au d\u00e9but du XVIIe si\u00e8cle, un pol\u00e9miste averti lan\u00e7ait \u00e0 son auditoire, mi-protestant mi-catholique, cette sentence lapidaire : \u00ab Aujourd'huy, les disputes se r\u00e9duisent \u00e0 disputer comment il faut disputer. \u00bb Pour notre controversiste d\u00e9sabus\u00e9, dans ces rencontres entre th\u00e9ologiens, les moyens mangeaient la fin, les d\u00e9bats s'\u00e9ternisant dans d'interminables disputes sur les conditions de la dispute. C'est de cette remarque - r\u00e9currente - qu'ont germ\u00e9 l'id\u00e9e de ce livre et la volont\u00e9 d'\u00e9largir le questionnement \u00e0 des \u00e9poques plus anciennes : \u00e0 quoi bon ces rencontres r\u00e9p\u00e9t\u00e9es entre th\u00e9ologiens quand la conversion de l'adversaire semble si rarement le fruit des d\u00e9bats ? \u00c0 nos yeux, l'amer constat que dresse ce th\u00e9ologien - des rencontres interreligieuses inf\u00e9condes - n'est pas \u00e0 attribuer \u00e0 une quelconque myopie. Ce qu'il pointe est plus profond, plus essentiel. Il signale des enjeux alternatifs, il met sur la piste d'autres fonctions, moins \u00e9videntes ou moins assum\u00e9es, des disputes interreligieuses. De ces grands d\u00e9bats, qui pensait vraiment sortir gagnant ? qui pouvait s\u00e9rieusement se dire convaincu ? \u00c0 partir de l\u00e0, que recherchaient les acteurs de ces multiples sc\u00e8nes sans issue ?","robots":{"index":"index","follow":"follow","max-snippet":"max-snippet:-1","max-image-preview":"max-image-preview:large","max-video-preview":"max-video-preview:-1"},"canonical":"https:\/\/telemme.mmsh.fr\/?p=11580","og_locale":"fr_FR","og_type":"article","og_title":"Les disputes et la conversion religieuse de l'Antiquit\u00e9 au XVIIe si\u00e8cle - TELEMMe - Temps, espaces, langages, Europe m\u00e9ridionale, M\u00e9diterran\u00e9e","og_description":"Au d\u00e9but du XVIIe si\u00e8cle, un pol\u00e9miste averti lan\u00e7ait \u00e0 son auditoire, mi-protestant mi-catholique, cette sentence lapidaire : \u00ab Aujourd'huy, les disputes se r\u00e9duisent \u00e0 disputer comment il faut disputer. \u00bb Pour notre controversiste d\u00e9sabus\u00e9, dans ces rencontres entre th\u00e9ologiens, les moyens mangeaient la fin, les d\u00e9bats s'\u00e9ternisant dans d'interminables disputes sur les conditions de la dispute. C'est de cette remarque - r\u00e9currente - qu'ont germ\u00e9 l'id\u00e9e de ce livre et la volont\u00e9 d'\u00e9largir le questionnement \u00e0 des \u00e9poques plus anciennes : \u00e0 quoi bon ces rencontres r\u00e9p\u00e9t\u00e9es entre th\u00e9ologiens quand la conversion de l'adversaire semble si rarement le fruit des d\u00e9bats ? \u00c0 nos yeux, l'amer constat que dresse ce th\u00e9ologien - des rencontres interreligieuses inf\u00e9condes - n'est pas \u00e0 attribuer \u00e0 une quelconque myopie. Ce qu'il pointe est plus profond, plus essentiel. Il signale des enjeux alternatifs, il met sur la piste d'autres fonctions, moins \u00e9videntes ou moins assum\u00e9es, des disputes interreligieuses. De ces grands d\u00e9bats, qui pensait vraiment sortir gagnant ? qui pouvait s\u00e9rieusement se dire convaincu ? \u00c0 partir de l\u00e0, que recherchaient les acteurs de ces multiples sc\u00e8nes sans issue ?","og_url":"https:\/\/telemme.mmsh.fr\/?p=11580","og_site_name":"TELEMMe - Temps, espaces, langages, Europe m\u00e9ridionale, M\u00e9diterran\u00e9e","article_published_time":"2022-09-14T08:38:07+00:00","article_modified_time":"2022-09-14T08:38:09+00:00","og_image":[{"width":300,"height":466,"url":"https:\/\/telemme.mmsh.fr\/wp-content\/uploads\/2022\/09\/8745.jpg","type":"image\/jpeg"}],"author":"Delphine Cavallo","twitter_card":"summary_large_image","twitter_misc":{"\u00c9crit par":"Delphine Cavallo","Dur\u00e9e de lecture estim\u00e9e":"1 minute"},"schema":{"@context":"https:\/\/schema.org","@graph":[{"@type":"Article","@id":"https:\/\/telemme.mmsh.fr\/?p=11580#article","isPartOf":{"@id":"https:\/\/telemme.mmsh.fr\/?p=11580"},"author":{"name":"Delphine Cavallo","@id":"https:\/\/telemme.mmsh.fr\/#\/schema\/person\/86a185da4836381586528ced48e263f5"},"headline":"Les disputes et la conversion religieuse de l&rsquo;Antiquit\u00e9 au XVIIe si\u00e8cle","datePublished":"2022-09-14T08:38:07+00:00","dateModified":"2022-09-14T08:38:09+00:00","mainEntityOfPage":{"@id":"https:\/\/telemme.mmsh.fr\/?p=11580"},"wordCount":265,"publisher":{"@id":"https:\/\/telemme.mmsh.fr\/#organization"},"image":{"@id":"https:\/\/telemme.mmsh.fr\/?p=11580#primaryimage"},"thumbnailUrl":"https:\/\/telemme.mmsh.fr\/wp-content\/uploads\/2022\/09\/8745.jpg","keywords":["conversion","religion"],"articleSection":["Directions d'ouvrage"],"inLanguage":"fr-FR"},{"@type":"WebPage","@id":"https:\/\/telemme.mmsh.fr\/?p=11580","url":"https:\/\/telemme.mmsh.fr\/?p=11580","name":"Les disputes et la conversion religieuse de l'Antiquit\u00e9 au XVIIe si\u00e8cle - TELEMMe - Temps, espaces, langages, Europe m\u00e9ridionale, M\u00e9diterran\u00e9e","isPartOf":{"@id":"https:\/\/telemme.mmsh.fr\/#website"},"primaryImageOfPage":{"@id":"https:\/\/telemme.mmsh.fr\/?p=11580#primaryimage"},"image":{"@id":"https:\/\/telemme.mmsh.fr\/?p=11580#primaryimage"},"thumbnailUrl":"https:\/\/telemme.mmsh.fr\/wp-content\/uploads\/2022\/09\/8745.jpg","datePublished":"2022-09-14T08:38:07+00:00","dateModified":"2022-09-14T08:38:09+00:00","description":"Au d\u00e9but du XVIIe si\u00e8cle, un pol\u00e9miste averti lan\u00e7ait \u00e0 son auditoire, mi-protestant mi-catholique, cette sentence lapidaire : \u00ab Aujourd'huy, les disputes se r\u00e9duisent \u00e0 disputer comment il faut disputer. \u00bb Pour notre controversiste d\u00e9sabus\u00e9, dans ces rencontres entre th\u00e9ologiens, les moyens mangeaient la fin, les d\u00e9bats s'\u00e9ternisant dans d'interminables disputes sur les conditions de la dispute. C'est de cette remarque - r\u00e9currente - qu'ont germ\u00e9 l'id\u00e9e de ce livre et la volont\u00e9 d'\u00e9largir le questionnement \u00e0 des \u00e9poques plus anciennes : \u00e0 quoi bon ces rencontres r\u00e9p\u00e9t\u00e9es entre th\u00e9ologiens quand la conversion de l'adversaire semble si rarement le fruit des d\u00e9bats ? \u00c0 nos yeux, l'amer constat que dresse ce th\u00e9ologien - des rencontres interreligieuses inf\u00e9condes - n'est pas \u00e0 attribuer \u00e0 une quelconque myopie. Ce qu'il pointe est plus profond, plus essentiel. Il signale des enjeux alternatifs, il met sur la piste d'autres fonctions, moins \u00e9videntes ou moins assum\u00e9es, des disputes interreligieuses. De ces grands d\u00e9bats, qui pensait vraiment sortir gagnant ? qui pouvait s\u00e9rieusement se dire convaincu ? \u00c0 partir de l\u00e0, que recherchaient les acteurs de ces multiples sc\u00e8nes sans issue ?","breadcrumb":{"@id":"https:\/\/telemme.mmsh.fr\/?p=11580#breadcrumb"},"inLanguage":"fr-FR","potentialAction":[{"@type":"ReadAction","target":["https:\/\/telemme.mmsh.fr\/?p=11580"]}]},{"@type":"ImageObject","inLanguage":"fr-FR","@id":"https:\/\/telemme.mmsh.fr\/?p=11580#primaryimage","url":"https:\/\/telemme.mmsh.fr\/wp-content\/uploads\/2022\/09\/8745.jpg","contentUrl":"https:\/\/telemme.mmsh.fr\/wp-content\/uploads\/2022\/09\/8745.jpg","width":300,"height":466,"caption":"Couverture de Les disputes et la conversion religieuse de l'Antiquit\u00e9 au XVIIe si\u00e8cle, sous la direction de J\u00e9r\u00e9mie Foa et de Pierre-Antoine Fabre, Presses universitaires de Rennes, 2022"},{"@type":"BreadcrumbList","@id":"https:\/\/telemme.mmsh.fr\/?p=11580#breadcrumb","itemListElement":[{"@type":"ListItem","position":1,"name":"Accueil","item":"https:\/\/telemme.mmsh.fr\/"},{"@type":"ListItem","position":2,"name":"Publications","item":"https:\/\/telemme.mmsh.fr\/?cat=1738"},{"@type":"ListItem","position":3,"name":"Directions d'ouvrage","item":"https:\/\/telemme.mmsh.fr\/?cat=1742"},{"@type":"ListItem","position":4,"name":"Les disputes et la conversion religieuse de l&#8217;Antiquit\u00e9 au XVIIe si\u00e8cle"}]},{"@type":"WebSite","@id":"https:\/\/telemme.mmsh.fr\/#website","url":"https:\/\/telemme.mmsh.fr\/","name":"TELEMMe - Temps, espaces, langages, Europe m\u00e9ridionale, M\u00e9diterran\u00e9e","description":"","publisher":{"@id":"https:\/\/telemme.mmsh.fr\/#organization"},"potentialAction":[{"@type":"SearchAction","target":{"@type":"EntryPoint","urlTemplate":"https:\/\/telemme.mmsh.fr\/?s={search_term_string}"},"query-input":{"@type":"PropertyValueSpecification","valueRequired":true,"valueName":"search_term_string"}}],"inLanguage":"fr-FR"},{"@type":"Organization","@id":"https:\/\/telemme.mmsh.fr\/#organization","name":"TELEMMe","url":"https:\/\/telemme.mmsh.fr\/","logo":{"@type":"ImageObject","inLanguage":"fr-FR","@id":"https:\/\/telemme.mmsh.fr\/#\/schema\/logo\/image\/","url":"https:\/\/telemme.mmsh.fr\/wp-content\/uploads\/2020\/03\/LogoTELEMMe-horizontal-fond-transparent.png","contentUrl":"https:\/\/telemme.mmsh.fr\/wp-content\/uploads\/2020\/03\/LogoTELEMMe-horizontal-fond-transparent.png","width":1500,"height":437,"caption":"TELEMMe"},"image":{"@id":"https:\/\/telemme.mmsh.fr\/#\/schema\/logo\/image\/"}},{"@type":"Person","@id":"https:\/\/telemme.mmsh.fr\/#\/schema\/person\/86a185da4836381586528ced48e263f5","name":"Delphine Cavallo","url":"https:\/\/telemme.mmsh.fr\/?author=6"}]}},"_links":{"self":[{"href":"https:\/\/telemme.mmsh.fr\/index.php?rest_route=\/wp\/v2\/posts\/11580","targetHints":{"allow":["GET"]}}],"collection":[{"href":"https:\/\/telemme.mmsh.fr\/index.php?rest_route=\/wp\/v2\/posts"}],"about":[{"href":"https:\/\/telemme.mmsh.fr\/index.php?rest_route=\/wp\/v2\/types\/post"}],"author":[{"embeddable":true,"href":"https:\/\/telemme.mmsh.fr\/index.php?rest_route=\/wp\/v2\/users\/6"}],"replies":[{"embeddable":true,"href":"https:\/\/telemme.mmsh.fr\/index.php?rest_route=%2Fwp%2Fv2%2Fcomments&post=11580"}],"version-history":[{"count":2,"href":"https:\/\/telemme.mmsh.fr\/index.php?rest_route=\/wp\/v2\/posts\/11580\/revisions"}],"predecessor-version":[{"id":11583,"href":"https:\/\/telemme.mmsh.fr\/index.php?rest_route=\/wp\/v2\/posts\/11580\/revisions\/11583"}],"wp:featuredmedia":[{"embeddable":true,"href":"https:\/\/telemme.mmsh.fr\/index.php?rest_route=\/wp\/v2\/media\/11582"}],"wp:attachment":[{"href":"https:\/\/telemme.mmsh.fr\/index.php?rest_route=%2Fwp%2Fv2%2Fmedia&parent=11580"}],"wp:term":[{"taxonomy":"category","embeddable":true,"href":"https:\/\/telemme.mmsh.fr\/index.php?rest_route=%2Fwp%2Fv2%2Fcategories&post=11580"},{"taxonomy":"post_tag","embeddable":true,"href":"https:\/\/telemme.mmsh.fr\/index.php?rest_route=%2Fwp%2Fv2%2Ftags&post=11580"}],"curies":[{"name":"wp","href":"https:\/\/api.w.org\/{rel}","templated":true}]}}