{"id":11539,"date":"2022-09-15T11:38:13","date_gmt":"2022-09-15T09:38:13","guid":{"rendered":"https:\/\/telemme.mmsh.fr\/?p=11539"},"modified":"2022-09-19T09:28:04","modified_gmt":"2022-09-19T07:28:04","slug":"telemme-a-insaniyyat-forum-international-des-sciences-humaines-et-sociales-tunis-20-24-septembre-2022","status":"publish","type":"post","link":"https:\/\/telemme.mmsh.fr\/?p=11539","title":{"rendered":"TELEMMe \u00e0 Insaniyyat. Forum international des sciences humaines et sociales. Tunis, 20-24 septembre 2022"},"content":{"rendered":"\n<h2 class=\"has-text-align-center has-medium-font-size wp-block-heading\"><a href=\"https:\/\/insaniyyat.com\/presentation\">Insaniyyat<\/a> est un Forum international des sciences humaines et sociales visant \u00e0 offrir aux chercheur.e.s, de provenance et d\u2019horizons vari\u00e9s et de toutes g\u00e9n\u00e9rations, un espace de d\u00e9bat scientifique entre pairs et d\u2019\u00e9change avec la soci\u00e9t\u00e9 sur la recherche en train de se faire. <br>Plusieurs membres de TELEMMe participent \u00e0 cette premi\u00e8re \u00e9dition.<\/h2>\n\n\n\n<hr class=\"wp-block-separator has-alpha-channel-opacity\"\/>\n\n\n\n<h4 class=\"wp-block-heading\"><a href=\"https:\/\/insaniyyat.com\/conference\/95\">Les ressources naturelles et l\u2019histoire du travail en M\u00e9diterran\u00e9e sous domination ottomane et v\u00e9nitienne \u00e0 l\u2019\u00e9poque moderne (XVI<sup>e<\/sup> -XVIII<sup>e<\/sup> s.)<\/a><\/h4>\n\n\n\n<div class=\"wp-block-columns is-layout-flex wp-container-core-columns-is-layout-9d6595d7 wp-block-columns-is-layout-flex\">\n<div class=\"wp-block-column is-layout-flow wp-block-column-is-layout-flow\" style=\"flex-basis:30%\"><div class=\"wp-block-image is-style-rounded wp-duotone-rgb862099-ffffff-1\">\n<figure class=\"aligncenter size-large is-resized\"><img loading=\"lazy\" decoding=\"async\" src=\"https:\/\/rdv-histoire.com\/sites\/rdvhistoire\/files\/styles\/auto_1000\/public\/import_zone_festival\/photo_HG_zkoray.jpg.webp?itok=1TbueZzZ\" alt=\"\" width=\"350\" height=\"234\"\/><figcaption>Hayri G\u00f6k\u015fin \u00d6zkoray<\/figcaption><\/figure>\n<\/div>\n\n<div class=\"wp-block-image is-style-rounded wp-duotone-rgb862099-ffffff-2\">\n<figure class=\"aligncenter size-full\"><img loading=\"lazy\" decoding=\"async\" width=\"200\" height=\"200\" src=\"https:\/\/telemme.mmsh.fr\/wp-content\/uploads\/2022\/09\/s200_pauline.guena_.jpg\" alt=\"\" class=\"wp-image-11612\" srcset=\"https:\/\/telemme.mmsh.fr\/wp-content\/uploads\/2022\/09\/s200_pauline.guena_.jpg 200w, https:\/\/telemme.mmsh.fr\/wp-content\/uploads\/2022\/09\/s200_pauline.guena_-150x150.jpg 150w, https:\/\/telemme.mmsh.fr\/wp-content\/uploads\/2022\/09\/s200_pauline.guena_-100x100.jpg 100w\" sizes=\"auto, (max-width: 200px) 100vw, 200px\" \/><figcaption>Pauline Guena<\/figcaption><\/figure>\n<\/div><\/div>\n\n\n\n<div class=\"wp-block-column is-layout-flow wp-block-column-is-layout-flow\" style=\"flex-basis:60%\">\n<p><\/p>\n\n\n\n<p><strong>Mercredi 21 septembre , <strong>Salle: C8<\/strong><\/strong>, Campus Universitaire de la Manouba &#8211; Institut Sup\u00e9rieur des Arts Multim\u00e9dia de la Manouba (ISAMM) 11.00-13.00 <\/p>\n\n\n\n<p><strong>Responsable<\/strong>:<strong> <a href=\"https:\/\/telemme.mmsh.fr\/?membres=hayri-goksin-ozkoray\">Hayri G\u00f6k\u015fin \u00d6zkoray<\/a>, <\/strong>Aix-Marseille Universit\u00e9, TELEMMe, France<\/p>\n\n\n\n<ul class=\"wp-block-list\"><li><strong><a href=\"https:\/\/telemme.mmsh.fr\/?membres=guena-pauline\">Pauline Guena<\/a>, <\/strong>TELEMMe, CNRS (France), <em>Le sel des empires : une ressource contest\u00e9e entre Venise, Istanbul et Dubrovnik<\/em><\/li><li><strong>Sol\u00e8ne Rivoal, <\/strong>Institut national universitaire Champollion, Albi-FRAMESPA (France), <em>La mer dalmate : exploitation des ressources dans une r\u00e9gion fronti\u00e8re (XVIII<sup>e<\/sup> si\u00e8cle)<\/em><\/li><li><strong>Hayri G\u00f6k\u015fin \u00d6zkoray, <\/strong>Aix-Marseille Universit\u00e9 (France), <em>Le bitume de Selenic\u00eb : mobilisation de la main-d\u2019\u0153uvre locale pour une mati\u00e8re strat\u00e9gique \u00e0 l\u2019\u00e9chelle imp\u00e9riale (XVI<em> <sup>e<\/sup><\/em>-XVII<em><sup>e<\/sup><\/em> s.)<\/em><\/li><\/ul>\n<\/div>\n<\/div>\n\n\n\n<p>L\u2019atelier pr\u00e9sente les enjeux d\u2019une histoire du travail renouvel\u00e9e dans l\u2019aire m\u00e9diterran\u00e9enne entre les empires ottoman et v\u00e9nitien, dans les confins occidentaux de la <em>d\u0101r al-isl\u0101m<\/em>. En \u00e9tudiant des mati\u00e8res premi\u00e8res (poissons et fruits de mer, sel, bitume), nous nous donnons la possibilit\u00e9 de passer en revue le plus exhaustivement possible une documentation riche, dense et parfois taciturne. L\u2019objectif principal est de faire une histoire sociale et \u00e9conomique \u00e0 cheval entre deux espaces imp\u00e9riaux autour de la mer Adriatique principalement, sachant que les dynamiques commerciales en jeu \u00e9largissent l\u2019espace g\u00e9ographique \u00e9tudi\u00e9 \u00e0 la mer \u00c9g\u00e9e, aux c\u00f4tes du Maghreb ottoman et \u00e0 la M\u00e9diterran\u00e9e orientale.<\/p>\n\n\n\n<p>Le fait de nous int\u00e9resser \u00e0 des ressources naturelles dont l\u2019importance et la valeur strat\u00e9giques sont fortement investies par les \u00c9tats nous permet d\u2019aborder \u00e0 la fois les relations de travail, les \u00e9changes commerciaux, les logiques d\u2019approvisionnement, l\u2019emprise \u00e9tatique sur le march\u00e9, ainsi que la comp\u00e9tition et le partenariat entre deux blocs imp\u00e9riaux. La fixation de prix plafonds, les tarifs douaniers appliqu\u00e9s, l\u2019incidence du co\u00fbt de la main-d\u2019\u0153uvre sur ces derniers, les besoins exprim\u00e9s de part et d\u2019autre pour ces denr\u00e9es alimentaires et non alimentaires sont parmi les points qui soulignent les int\u00e9r\u00eats convergents et antagonistes des Ottomans et V\u00e9nitiens dont l\u2019interm\u00e9diaire institutionnel principal est la R\u00e9publique de Raguse (puissance tributaire de l\u2019Empire ottoman, se situant toutefois dans la zone d\u2019influence v\u00e9nitienne), acteur incontournable de la vie commerciale m\u00e9diterran\u00e9enne entre l\u2019est et l\u2019ouest.<\/p>\n\n\n\n<p><strong><a href=\"https:\/\/insaniyyat.com\/conference\/95\">Pour en savoir plus<\/a><\/strong><\/p>\n\n\n\n<hr class=\"wp-block-separator has-alpha-channel-opacity\"\/>\n\n\n\n<h4 class=\"wp-block-heading\"><a href=\"https:\/\/insaniyyat.com\/conference\/200\">Crises migratoires et villes au Moyen-Orient : quel droit \u00e0 la ville pour les populations migrantes et r\u00e9fugi\u00e9es ?<\/a><br><\/h4>\n\n\n\n<div class=\"wp-block-columns is-layout-flex wp-container-core-columns-is-layout-9d6595d7 wp-block-columns-is-layout-flex\">\n<div class=\"wp-block-column is-layout-flow wp-block-column-is-layout-flow\" style=\"flex-basis:33.33%\"><div class=\"wp-block-image is-style-rounded wp-duotone-rgb862099-ffffff-3\">\n<figure class=\"aligncenter size-full\"><img loading=\"lazy\" decoding=\"async\" width=\"256\" height=\"323\" src=\"https:\/\/telemme.mmsh.fr\/wp-content\/uploads\/2020\/11\/Solenn-Al-Majali2.jpg\" alt=\"Solenn Al Majali, TELEMMe (AMU-CNRS)\" class=\"wp-image-5392\" srcset=\"https:\/\/telemme.mmsh.fr\/wp-content\/uploads\/2020\/11\/Solenn-Al-Majali2.jpg 256w, https:\/\/telemme.mmsh.fr\/wp-content\/uploads\/2020\/11\/Solenn-Al-Majali2-238x300.jpg 238w\" sizes=\"auto, (max-width: 256px) 100vw, 256px\" \/><figcaption>Solenn Al Majali<\/figcaption><\/figure>\n<\/div><\/div>\n\n\n\n<div class=\"wp-block-column is-layout-flow wp-block-column-is-layout-flow\" style=\"flex-basis:66.66%\">\n<p><strong>Vendredi 23 septembre , <strong>Salle: D18<\/strong><\/strong>, Campus Universitaire de la Manouba &#8211; ESCT 08.45-10.45 <\/p>\n\n\n\n<p>Responsable :<strong> H\u00e9lo\u00efse Peaucelle, <\/strong>Universit\u00e9 de Tours &#8211; Ifpo, France<\/p>\n\n\n\n<p>Discutant :<strong> Assaf Dahdah, <\/strong>CNRS, ART-DEV, France<\/p>\n\n\n\n<ul class=\"wp-block-list\"><li><strong>Assaf Dahdah, <\/strong>CNRS, ART-Dev (France), <em>Repenser le droit \u00e0 la ville \u00e0 l&rsquo;aune de la pr\u00e9carit\u00e9 statutaire au Moyen-Orient<\/em><\/li><li><strong><a href=\"https:\/\/telemme.mmsh.fr\/?membres=solenn-al-majali\">Solenn Al Majali<\/a>, <\/strong>Aix-Marseille Universit\u00e9, TELEMMe (France) \u2013 Ifpo Amman<strong>, <\/strong><em>R\u00e9fugi\u00e9s africains et y\u00e9m\u00e9nites m\u00e9tis \u00e0 Hay al-Masarwah : entre fronti\u00e8res ethniques et sociabilit\u00e9s mixtes&nbsp; &nbsp;&nbsp;<\/em><\/li><li><strong>Rouba Kaedbey, <\/strong>Universit\u00e9 de Tours, Citeres, \u00e9quipe EMAM<strong> <\/strong>(France), <em>Location informelle et droit \u00e0 la ville : Le cas des migrants-locataires dans les quartiers non-r\u00e9glementaires de Beyrouth<\/em><\/li><li><strong>H\u00e9lo\u00efse Peaucelle, <\/strong>Universit\u00e9 de Tours, Citeres, \u00e9quipe EMAM \u2013 Ifpo (France), <em>Diff\u00e9rentiations des pratiques sous contraintes. Le droit \u00e0 la ville pour les r\u00e9fugi\u00e9s syriens \u00e0 Irbid&nbsp;<\/em><\/li><\/ul>\n<\/div>\n<\/div>\n\n\n\n<p>Au cours des derni\u00e8res d\u00e9cennies, les conflits et les crises \u00e9conomiques et sociales ont \u00e9t\u00e9 le moteur d\u2019importants mouvements de populations au Moyen-Orient, en particulier vers la Jordanie et le Liban. Ce sont majoritairement les villes qui accueillent les populations r\u00e9fugi\u00e9es et les travailleurs migrants. Ces villes connaissent par ailleurs des bouleversements sociaux et spatiaux li\u00e9s \u00e0 des contextes politiques en crise, \u00e0 la modernisation des modes d\u2019habiter et au fonctionnement n\u00e9olib\u00e9ral. Dans ce contexte, les immigrants sont souvent rel\u00e9gu\u00e9s dans les espaces en marge de villes fragment\u00e9es.<\/p>\n\n\n\n<p>Cet atelier th\u00e9matique propose de questionner le droit \u00e0 la ville pour les populations immigrantes, en analysant le rapport de ces personnes \u00e0 l\u2019espace urbain, sur la base de travaux empiriques men\u00e9s dans la r\u00e9gion. Le concept de droit \u00e0 la ville pourra \u00eatre mobilis\u00e9 pour d\u00e9crire l\u2019acc\u00e8s aux services, aux logements, \u00e0 la mobilit\u00e9 et aux espaces publics, mais aussi la place des personnes migrantes dans la planification et la gestion urbaine. L\u2019atelier fera \u00e9merger un ensemble de contraintes et d\u2019interdictions qui p\u00e8sent sur les personnes immigrantes, et qui divisent les populations sur la base de statuts, de nationalit\u00e9s et de parcours migratoires. Ces in\u00e9galit\u00e9s diverses mettent en exergue des processus de s\u00e9gr\u00e9gation et d\u2019invisibilisation des personnes immigrantes dans les villes mais font \u00e9galement appara\u00eetre l\u2019agentivit\u00e9 des habitants et leurs comp\u00e9tences d\u2019interactions et de transformations spatiales.<\/p>\n\n\n\n<p><strong><a href=\"https:\/\/insaniyyat.com\/conference\/200\">Pour en savoir plus<\/a><\/strong><\/p>\n\n\n\n<hr class=\"wp-block-separator has-alpha-channel-opacity is-style-default\"\/>\n\n\n\n<h4 class=\"wp-block-heading\"><a href=\"https:\/\/insaniyyat.com\/conference\/140\">Ce que la guerre fait au terrain : l\u2019exemple du conflit y\u00e9m\u00e9nite<\/a><\/h4>\n\n\n\n<p><strong>Vendredi 23 septembre , <strong>Salle: D18<\/strong><\/strong>, Campus Universitaire de la Manouba &#8211; ESCT 16.15-18.15 <\/p>\n\n\n\n<p>Responsables: <strong>Morgann Barbara Pernot, <\/strong>EHESS, IRIS, France,<strong> Mohammed Sharqawi, <\/strong>FMSH, France<\/p>\n\n\n\n<ul class=\"wp-block-list\"><li><strong>Alexandre Lauret<\/strong>, Universit\u00e9 Paris VIII Vincennes-Saint-Denis (France),&nbsp; LADYSS, <em>La notion de rivage au prisme de l\u2019exil : le cas des r\u00e9fugi\u00e9s y\u00e9m\u00e9nites d\u2019Obock.<\/em><\/li><li><strong>Solenn Al Majali<\/strong>, Aix-Marseille Universit\u00e9 (France)\/TELEMMe, Ifpo Amman (Jordanie), <em>Les r\u00e9fugi\u00e9s y\u00e9m\u00e9nites en Jordanie : en qu\u00eate d\u2019un statut et de nouvelles mobilit\u00e9s<\/em><\/li><li><strong>Morgann Barbara Pernot<\/strong>, EHESS, IRIS (France), (\u00c9thiopie),<em> Recompositions de l\u2019identit\u00e9 nationale en migration : Chez les Y\u00e9m\u00e9nites \u00e0 Djibouti, une identit\u00e9 y\u00e9m\u00e9nite cristallis\u00e9e et fig\u00e9e autour des femmes.&nbsp; &nbsp;<\/em><\/li><li><strong>Mohammed Sharqawi<\/strong>, Fondation de la Maison des Sciences de l\u2019Homme (France), <em>La Yemeni Community Association et la politisation des Y\u00e9m\u00e9nites d\u2019Angleterre<\/em><\/li><li><strong>Mustafa Naji, <\/strong>Universit\u00e9 de Rouen, DySoLab (France),<em> L&rsquo;impact de l&rsquo;exil sur les perceptions politiques et intellectuelles des intellectuels y\u00e9m\u00e9nites en Turquie<\/em><\/li><\/ul>\n\n\n\n<p>De nombreux travaux en sciences sociales prennent pour terrain et objet de recherche des r\u00e9gions en conflit arm\u00e9. Dans le monde arabe, depuis le d\u00e9but des mouvements r\u00e9volutionnaires de 2011, la violence des conflits change les probl\u00e9matiques de recherche et limite, voire suspend l\u2019acc\u00e8s \u00e0 certains terrains.<\/p>\n\n\n\n<p>Avec cet atelier, nous proposons de nous int\u00e9resser \u00e0 la fa\u00e7on dont la guerre au Y\u00e9men configure ou reconfigure l\u2019enqu\u00eate, dans son \u00e9laboration th\u00e9orique et sa r\u00e9alisation pratique. D\u2019une part, nous questionnons l\u2019\u00e9tat des recherches en sciences sociales sur les migrations y\u00e9m\u00e9nites, historiquement et depuis 2015, ainsi que les transformations qu\u2019elles engendrent dans les relations des Y\u00e9m\u00e9nites \u00e0 leur pays d\u2019origine, qui se manifestent dans la construction des imaginaires, des identit\u00e9s et des alt\u00e9rit\u00e9s. D\u2019autre part, nous \u00e9changerons autour des enjeux m\u00e9thodologiques que suscite l\u2019inaccessibilit\u00e9 des terrains y\u00e9m\u00e9nites, poussant les chercheur.euse.s \u00e0 effectuer un \u00ab terrain sans terrain \u00bb, au moyen de bricolages et innovations m\u00e9thodologiques, ou \u00e0 opter pour l\u2019\u00e9tude de communaut\u00e9s y\u00e9m\u00e9nites en exil.&nbsp;<\/p>\n\n\n\n<p>Les jeunes chercheur.euse.s participant \u00e0 l\u2019atelier souhaitent ainsi engager un dialogue sur ces th\u00e9matiques avec une approche interdisciplinaire et compar\u00e9e, s\u2019appuyant sur leurs diff\u00e9rents ancrages disciplinaires (g\u00e9ographie, sociologie, anthropologie) et leurs exp\u00e9riences ethnographiques sur des terrains vari\u00e9s.<\/p>\n\n\n\n<p><strong><a href=\"https:\/\/insaniyyat.com\/conference\/140\">Pour en savoir plus<\/a><\/strong><\/p>\n\n\n\n<hr class=\"wp-block-separator has-alpha-channel-opacity\"\/>\n\n\n\n<h4 class=\"wp-block-heading\"><a href=\"https:\/\/insaniyyat.com\/conference\/307\">Atelier d\u2019\u00e9criture num\u00e9rique en sciences humaines et sociales<\/a><\/h4>\n\n\n\n<div class=\"wp-block-columns is-layout-flex wp-container-core-columns-is-layout-9d6595d7 wp-block-columns-is-layout-flex\">\n<div class=\"wp-block-column is-layout-flow wp-block-column-is-layout-flow\" style=\"flex-basis:30%\"><div class=\"wp-block-image is-style-rounded wp-duotone-rgb862099-ffffff-4\">\n<figure class=\"aligncenter size-full is-resized\"><img loading=\"lazy\" decoding=\"async\" src=\"https:\/\/telemme.mmsh.fr\/wp-content\/uploads\/2020\/07\/DelphineCavallo.jpg\" alt=\"Delphine Cavallo, TELEMMe (AMU-CNRS)\" class=\"wp-image-924\" width=\"192\" height=\"192\" srcset=\"https:\/\/telemme.mmsh.fr\/wp-content\/uploads\/2020\/07\/DelphineCavallo.jpg 768w, https:\/\/telemme.mmsh.fr\/wp-content\/uploads\/2020\/07\/DelphineCavallo-300x300.jpg 300w, https:\/\/telemme.mmsh.fr\/wp-content\/uploads\/2020\/07\/DelphineCavallo-150x150.jpg 150w, https:\/\/telemme.mmsh.fr\/wp-content\/uploads\/2020\/07\/DelphineCavallo-100x100.jpg 100w\" sizes=\"auto, (max-width: 192px) 100vw, 192px\" \/><figcaption>Delphine Cavallo<\/figcaption><\/figure>\n<\/div><\/div>\n\n\n\n<div class=\"wp-block-column is-layout-flow wp-block-column-is-layout-flow\" style=\"flex-basis:70%\">\n<p><strong>Vendredi 23 septembre , <strong>Salle: <\/strong>C12<\/strong>, Campus Universitaire de la Manouba &#8211; ISAMM 08.45-13.00 <\/p>\n\n\n\n<p>Responsable :<strong> <a href=\"https:\/\/telemme.mmsh.fr\/?membres_equipe=delphine-cavallo\">Delphine Cavallo<\/a>, <\/strong>TELEMMe, Aix-Marseille Universit\u00e9, France<\/p>\n\n\n\n<p>Intervenant\u00b7es : <strong>Delphine Cavallo<\/strong> et <strong>Lo\u00efc Le Pape,<\/strong> Universit\u00e9 Paris 1 Panth\u00e9on-Sorbonne, France<\/p>\n<\/div>\n<\/div>\n\n\n\n<p><strong>Le Congr\u00e8s Insanyyat propose plusieurs ateliers de formation dans des disciplines diverses. Ces ateliers sont ouverts au public sur inscription pr\u00e9alable par courrier \u00e9lectronique aupr\u00e8s des organisateurs.&nbsp;<br><\/strong><\/p>\n\n\n\n<p>\u200b\u200bCet atelier-formation a pour objectif d\u2019initier chercheur\u00b7euses et doctorant.es aux enjeux et usages de l\u2019\u00e9criture num\u00e9rique en sciences humaines et sociales. Il s\u2019agira de pr\u00e9senter les transformations induites par le num\u00e9rique dans les modes d\u2019\u00e9critures des SHS tout en formant les participant.es \u00e0 l\u2019\u00e9criture pour le web <em>via<\/em> le syst\u00e8me de gestion de contenu WordPress (utilis\u00e9 notamment par la plateforme de carnets de recherche Hypoth\u00e8ses : hypotheses.org). L\u2019\u00e9criture nativement num\u00e9rique est en effet porteuse de dispositifs et de techniques qui renouvellent la forme des \u00e9crits scientifiques \u2013 billets de blogs, webdocumentaires, etc. \u2013 et, ce faisant, produit des transformations des types d\u2019\u00e9criture comme de narration. Elle s\u2019ins\u00e8re \u00e9galement dans le mouvement d\u2019ouverture et de m\u00e9diation de la science vers des publics non acad\u00e9miques, au sein d\u2019un continuum de dispositifs o\u00f9 les r\u00e9seaux sociaux jouent aussi un r\u00f4le important de diffusion de la recherche. L\u2019atelier \u00ab \u00c9criture num\u00e9rique en sciences humaines et sociales \u00bb prendra le format d\u2019un dialogue et d\u2019un aller-retour entre techniques d\u2019\u00e9criture et r\u00e9flexion sur les usages, formation et discussion, de mani\u00e8re \u00e0 ce que les participant.es soient en mesure de s\u2019approprier de mani\u00e8re \u00e0 la fois raisonn\u00e9e et r\u00e9flexive les dispositifs d\u2019\u00e9critures num\u00e9riques dans leurs pratiques de chercheurs et de chercheuses.<\/p>\n\n\n\n<p><strong><a href=\"https:\/\/insaniyyat.com\/conference\/304\">Pour en savoir plus<\/a><\/strong><\/p>\n\n\n\n<hr class=\"wp-block-separator has-alpha-channel-opacity\"\/>\n\n\n\n<h4 class=\"wp-block-heading\"><a href=\"https:\/\/insaniyyat.com\/conference\/309\">Atelier de formation : premiers pas dans les humanit\u00e9s num\u00e9riques pour la recherche en SHS<\/a><\/h4>\n\n\n\n<p><strong>Vendredi 23 septembre , <strong>Salle: <\/strong>C12<\/strong>, Campus Universitaire de la Manouba &#8211; ISAMM 14.00-16.00 <\/p>\n\n\n\n<p>Responsables : <strong>Sihem Najjar<\/strong>, Universit\u00e9 Tunis El Manar et <strong>Eric Vallet<\/strong>, Universit\u00e9 de Strasbourg<\/p>\n\n\n\n<p>Intervenants :&nbsp;<\/p>\n\n\n\n<ul class=\"wp-block-list\"><li><strong>Sihem Najjar<\/strong>, Universit\u00e9 Tunis El Manar<\/li><li><strong>Eric Vallet<\/strong>, Universit\u00e9 de Strasbourg<\/li><li><strong>Delphine Cavallo<\/strong>, Aix-Marseille Universit\u00e9<\/li><li><strong>Kmar<\/strong>, <strong>Bendana<\/strong>, Universit\u00e9 de la Manouba<\/li><li><strong>A\u00efda Chebbi,<\/strong> Universit\u00e9 de la Manouba<\/li><\/ul>\n\n\n\n<p class=\"has-black-color has-text-color\">Cet atelier de 2h pr\u00e9sentera plusieurs ressources destin\u00e9es aux \u00e9tudiant.e.s, doctorant.e.s et chercheur.e.s qui souhaitent se former \u00e0 l&rsquo;utilisation de m\u00e9thodes et techniques issues des humanit\u00e9s num\u00e9riques en vue de faciliter leur recherche. Il s&rsquo;appuiera notamment sur le travail r\u00e9alis\u00e9 dans le cadre du projet <a href=\"https:\/\/raqmyat.hypotheses.org\/\">RAQMYAT<\/a> (soutenu par l&rsquo;Union Europ\u00e9enne, programme Erasmus + Capacity Building).<\/p>\n\n\n\n<p><strong><a href=\"https:\/\/insaniyyat.com\/conference\/309\">Pour en savoir plus<\/a><\/strong><\/p>\n\n\n\n<div class=\"wp-block-columns is-layout-flex wp-container-core-columns-is-layout-9d6595d7 wp-block-columns-is-layout-flex\">\n<div class=\"wp-block-column is-layout-flow wp-block-column-is-layout-flow\" style=\"flex-basis:100%\">\n<hr class=\"wp-block-separator has-alpha-channel-opacity\"\/>\n\n\n\n<h4 class=\"wp-block-heading\"><a href=\"https:\/\/insaniyyat.com\/conference\/107\">Histoire politique de l\u2019Afrique du Nord<\/a><\/h4>\n\n\n\n<div class=\"wp-block-columns is-layout-flex wp-container-core-columns-is-layout-9d6595d7 wp-block-columns-is-layout-flex\">\n<div class=\"wp-block-column is-layout-flow wp-block-column-is-layout-flow\" style=\"flex-basis:30%\"><div class=\"wp-block-image is-style-rounded wp-duotone-rgb862099-ffffff-5\">\n<figure class=\"aligncenter size-full\"><img loading=\"lazy\" decoding=\"async\" width=\"168\" height=\"300\" src=\"https:\/\/telemme.mmsh.fr\/wp-content\/uploads\/2020\/11\/Yassine_Temlali.png\" alt=\"Yassine Temlali, TELEMMe (AMU-CNRS)\" class=\"wp-image-5323\"\/><figcaption>Yassine Temlali<\/figcaption><\/figure>\n<\/div><\/div>\n\n\n\n<div class=\"wp-block-column is-layout-flow wp-block-column-is-layout-flow\" style=\"flex-basis:70%\">\n<p><strong>Vendredi 23 septembre , <strong>Salle: <\/strong>C9<\/strong>, Campus Universitaire de la Manouba &#8211; ISAMM 08.45-10.45<\/p>\n\n\n\n<p>Mod\u00e9ratrice :<strong> In\u00e8s Mrad-Dali<\/strong>, FLAH, Universit\u00e9 de la Manouba<\/p>\n\n\n\n<ul class=\"wp-block-list\"><li><strong>Gabriele Montalbano<\/strong>, Universit\u00e9 de Bologne (Italie), <em>The anarchist movement in Tunisia and the global radical web (1891 \u2013 1911) <\/em><strong><em>EN<\/em><\/strong><\/li><li><strong>Aubin Peaudeau<\/strong>, EHESS (France),\u00a0 <em>Des \u00e9purations pionni\u00e8res : analyse compar\u00e9e des \u00e9purations administratives men\u00e9es en Tunisie et au Maroc (1943-1945) <\/em><strong><em>FR<\/em><\/strong><\/li><li><strong><a href=\"https:\/\/telemme.mmsh.fr\/?membres=yassine-temlali\">Yassine Temlali<\/a><\/strong>, Aix Marseille Universit\u00e9, membre associ\u00e9 \u00e0 TELEMMe (France), <em>Le jacobinisme alg\u00e9rien revisit\u00e9 : de la naissance d\u2019une francophonie autochtone sous le r\u00e9gime arabiste de Houari Boumediene (1965-1978) <\/em><strong><em>FR<\/em><\/strong><\/li><li><strong>Mohamed Ltaief<\/strong>, Facult\u00e9 des Sciences Humaines et Sociales de Tunis <em><strong>AR<\/strong><\/em><br>\u0641\u0643\u0631\u0629 \u0627\u0644\u0645\u0648\u0637\u0646 \u0648\u0627\u0644\u0647\u0648\u064a\u0651\u0629 \u0627\u0644\u0645\u062c\u0627\u0644\u064a\u0629 \u0641\u064a \u0645\u062c\u062a\u0645\u0639 \u0623\u0641\u0631\u064a\u0642\u064a\u0651\u0629 \u062e\u0644\u0627\u0644 \u0627\u0644\u0642\u0631\u0646\u064a\u0646 \u0627\u0644\u0623\u0648\u0651\u0644 \u0648\u0627\u0644\u062b\u0627\u0646\u064a \u0644\u0644\u0647\u062c\u0631\u0629<\/li><\/ul>\n<\/div>\n<\/div>\n\n\n\n<p><strong><a href=\"https:\/\/insaniyyat.com\/conference\/107\">Pour en savoir plus<\/a><\/strong><\/p>\n<\/div>\n<\/div>\n","protected":false},"excerpt":{"rendered":"<p>Insaniyyat est un Forum international des sciences humaines et sociales visant \u00e0 offrir aux chercheur.e.s, de provenance et d\u2019horizons vari\u00e9s et de toutes g\u00e9n\u00e9rations, un espace de d\u00e9bat scientifique entre pairs et d\u2019\u00e9change avec la soci\u00e9t\u00e9 sur la recherche en train de se faire.<br \/>\nPlusieurs membres de TELEMMe participent \u00e0 cette premi\u00e8re \u00e9dition.<\/p>\n","protected":false},"author":6,"featured_media":11623,"comment_status":"closed","ping_status":"closed","sticky":false,"template":"","format":"standard","meta":{"neve_meta_sidebar":"","neve_meta_container":"","neve_meta_enable_content_width":"off","neve_meta_content_width":70,"neve_meta_title_alignment":"","neve_meta_author_avatar":"","neve_post_elements_order":"","neve_meta_disable_header":"","neve_meta_disable_footer":"","neve_meta_disable_title":"","_tribe_events_control_status":"","_tribe_events_control_status_canceled_reason":"","_tribe_events_control_status_postponed_reason":"","_tribe_events_control_online":"","_tribe_events_control_online_url":"","footnotes":""},"categories":[1992],"tags":[],"class_list":["post-11539","post","type-post","status-publish","format-standard","has-post-thumbnail","hentry","category-rencontres"],"yoast_head":"<!-- This site is optimized with the Yoast SEO plugin v27.4 - https:\/\/yoast.com\/product\/yoast-seo-wordpress\/ -->\n<title>TELEMMe \u00e0 Insaniyyat. Forum international des sciences humaines et sociales. Tunis, 20-24 septembre 2022 - TELEMMe - Temps, espaces, langages, Europe m\u00e9ridionale, M\u00e9diterran\u00e9e<\/title>\n<meta name=\"description\" content=\"Insaniyyat est un Forum international des sciences humaines et sociales visant \u00e0 offrir aux chercheur.e.s, de provenance et d\u2019horizons vari\u00e9s et de toutes g\u00e9n\u00e9rations, un espace de d\u00e9bat scientifique entre pairs et d\u2019\u00e9change avec la soci\u00e9t\u00e9 sur la recherche en train de se faire. Plusieurs membres de TELEMMe participent \u00e0 cette premi\u00e8re \u00e9dition.\" \/>\n<meta name=\"robots\" content=\"index, follow, max-snippet:-1, max-image-preview:large, max-video-preview:-1\" \/>\n<link rel=\"canonical\" href=\"https:\/\/telemme.mmsh.fr\/?p=11539\" \/>\n<meta property=\"og:locale\" content=\"fr_FR\" \/>\n<meta property=\"og:type\" content=\"article\" \/>\n<meta property=\"og:title\" content=\"TELEMMe \u00e0 Insaniyyat. Forum international des sciences humaines et sociales. Tunis, 20-24 septembre 2022 - TELEMMe - Temps, espaces, langages, Europe m\u00e9ridionale, M\u00e9diterran\u00e9e\" \/>\n<meta property=\"og:description\" content=\"Insaniyyat est un Forum international des sciences humaines et sociales visant \u00e0 offrir aux chercheur.e.s, de provenance et d\u2019horizons vari\u00e9s et de toutes g\u00e9n\u00e9rations, un espace de d\u00e9bat scientifique entre pairs et d\u2019\u00e9change avec la soci\u00e9t\u00e9 sur la recherche en train de se faire. Plusieurs membres de TELEMMe participent \u00e0 cette premi\u00e8re \u00e9dition.\" \/>\n<meta property=\"og:url\" content=\"https:\/\/telemme.mmsh.fr\/?p=11539\" \/>\n<meta property=\"og:site_name\" content=\"TELEMMe - Temps, espaces, langages, Europe m\u00e9ridionale, M\u00e9diterran\u00e9e\" \/>\n<meta property=\"article:published_time\" content=\"2022-09-15T09:38:13+00:00\" \/>\n<meta property=\"article:modified_time\" content=\"2022-09-19T07:28:04+00:00\" \/>\n<meta property=\"og:image\" content=\"https:\/\/telemme.mmsh.fr\/wp-content\/uploads\/2022\/09\/affiche_Insaniyyat2022.png\" \/>\n\t<meta property=\"og:image:width\" content=\"885\" \/>\n\t<meta property=\"og:image:height\" content=\"1240\" \/>\n\t<meta property=\"og:image:type\" content=\"image\/png\" \/>\n<meta name=\"author\" content=\"Delphine Cavallo\" \/>\n<meta name=\"twitter:card\" content=\"summary_large_image\" \/>\n<meta name=\"twitter:label1\" content=\"\u00c9crit par\" \/>\n\t<meta name=\"twitter:data1\" content=\"Delphine Cavallo\" \/>\n\t<meta name=\"twitter:label2\" content=\"Dur\u00e9e de lecture estim\u00e9e\" \/>\n\t<meta name=\"twitter:data2\" content=\"9 minutes\" \/>\n<script type=\"application\/ld+json\" class=\"yoast-schema-graph\">{\"@context\":\"https:\\\/\\\/schema.org\",\"@graph\":[{\"@type\":\"Article\",\"@id\":\"https:\\\/\\\/telemme.mmsh.fr\\\/?p=11539#article\",\"isPartOf\":{\"@id\":\"https:\\\/\\\/telemme.mmsh.fr\\\/?p=11539\"},\"author\":{\"name\":\"Delphine Cavallo\",\"@id\":\"https:\\\/\\\/telemme.mmsh.fr\\\/#\\\/schema\\\/person\\\/86a185da4836381586528ced48e263f5\"},\"headline\":\"TELEMMe \u00e0 Insaniyyat. Forum international des sciences humaines et sociales. Tunis, 20-24 septembre 2022\",\"datePublished\":\"2022-09-15T09:38:13+00:00\",\"dateModified\":\"2022-09-19T07:28:04+00:00\",\"mainEntityOfPage\":{\"@id\":\"https:\\\/\\\/telemme.mmsh.fr\\\/?p=11539\"},\"wordCount\":1906,\"publisher\":{\"@id\":\"https:\\\/\\\/telemme.mmsh.fr\\\/#organization\"},\"image\":{\"@id\":\"https:\\\/\\\/telemme.mmsh.fr\\\/?p=11539#primaryimage\"},\"thumbnailUrl\":\"https:\\\/\\\/telemme.mmsh.fr\\\/wp-content\\\/uploads\\\/2022\\\/09\\\/affiche_Insaniyyat2022.png\",\"articleSection\":[\"Rencontres\"],\"inLanguage\":\"fr-FR\"},{\"@type\":\"WebPage\",\"@id\":\"https:\\\/\\\/telemme.mmsh.fr\\\/?p=11539\",\"url\":\"https:\\\/\\\/telemme.mmsh.fr\\\/?p=11539\",\"name\":\"TELEMMe \u00e0 Insaniyyat. Forum international des sciences humaines et sociales. Tunis, 20-24 septembre 2022 - TELEMMe - Temps, espaces, langages, Europe m\u00e9ridionale, M\u00e9diterran\u00e9e\",\"isPartOf\":{\"@id\":\"https:\\\/\\\/telemme.mmsh.fr\\\/#website\"},\"primaryImageOfPage\":{\"@id\":\"https:\\\/\\\/telemme.mmsh.fr\\\/?p=11539#primaryimage\"},\"image\":{\"@id\":\"https:\\\/\\\/telemme.mmsh.fr\\\/?p=11539#primaryimage\"},\"thumbnailUrl\":\"https:\\\/\\\/telemme.mmsh.fr\\\/wp-content\\\/uploads\\\/2022\\\/09\\\/affiche_Insaniyyat2022.png\",\"datePublished\":\"2022-09-15T09:38:13+00:00\",\"dateModified\":\"2022-09-19T07:28:04+00:00\",\"description\":\"Insaniyyat est un Forum international des sciences humaines et sociales visant \u00e0 offrir aux chercheur.e.s, de provenance et d\u2019horizons vari\u00e9s et de toutes g\u00e9n\u00e9rations, un espace de d\u00e9bat scientifique entre pairs et d\u2019\u00e9change avec la soci\u00e9t\u00e9 sur la recherche en train de se faire. Plusieurs membres de TELEMMe participent \u00e0 cette premi\u00e8re \u00e9dition.\",\"breadcrumb\":{\"@id\":\"https:\\\/\\\/telemme.mmsh.fr\\\/?p=11539#breadcrumb\"},\"inLanguage\":\"fr-FR\",\"potentialAction\":[{\"@type\":\"ReadAction\",\"target\":[\"https:\\\/\\\/telemme.mmsh.fr\\\/?p=11539\"]}]},{\"@type\":\"ImageObject\",\"inLanguage\":\"fr-FR\",\"@id\":\"https:\\\/\\\/telemme.mmsh.fr\\\/?p=11539#primaryimage\",\"url\":\"https:\\\/\\\/telemme.mmsh.fr\\\/wp-content\\\/uploads\\\/2022\\\/09\\\/affiche_Insaniyyat2022.png\",\"contentUrl\":\"https:\\\/\\\/telemme.mmsh.fr\\\/wp-content\\\/uploads\\\/2022\\\/09\\\/affiche_Insaniyyat2022.png\",\"width\":885,\"height\":1240},{\"@type\":\"BreadcrumbList\",\"@id\":\"https:\\\/\\\/telemme.mmsh.fr\\\/?p=11539#breadcrumb\",\"itemListElement\":[{\"@type\":\"ListItem\",\"position\":1,\"name\":\"Accueil\",\"item\":\"https:\\\/\\\/telemme.mmsh.fr\\\/\"},{\"@type\":\"ListItem\",\"position\":2,\"name\":\"Actualit\u00e9s\",\"item\":\"https:\\\/\\\/telemme.mmsh.fr\\\/?cat=1995\"},{\"@type\":\"ListItem\",\"position\":3,\"name\":\"Rencontres\",\"item\":\"https:\\\/\\\/telemme.mmsh.fr\\\/?cat=1992\"},{\"@type\":\"ListItem\",\"position\":4,\"name\":\"TELEMMe \u00e0 Insaniyyat. Forum international des sciences humaines et sociales. Tunis, 20-24 septembre 2022\"}]},{\"@type\":\"WebSite\",\"@id\":\"https:\\\/\\\/telemme.mmsh.fr\\\/#website\",\"url\":\"https:\\\/\\\/telemme.mmsh.fr\\\/\",\"name\":\"TELEMMe - Temps, espaces, langages, Europe m\u00e9ridionale, M\u00e9diterran\u00e9e\",\"description\":\"\",\"publisher\":{\"@id\":\"https:\\\/\\\/telemme.mmsh.fr\\\/#organization\"},\"potentialAction\":[{\"@type\":\"SearchAction\",\"target\":{\"@type\":\"EntryPoint\",\"urlTemplate\":\"https:\\\/\\\/telemme.mmsh.fr\\\/?s={search_term_string}\"},\"query-input\":{\"@type\":\"PropertyValueSpecification\",\"valueRequired\":true,\"valueName\":\"search_term_string\"}}],\"inLanguage\":\"fr-FR\"},{\"@type\":\"Organization\",\"@id\":\"https:\\\/\\\/telemme.mmsh.fr\\\/#organization\",\"name\":\"TELEMMe\",\"url\":\"https:\\\/\\\/telemme.mmsh.fr\\\/\",\"logo\":{\"@type\":\"ImageObject\",\"inLanguage\":\"fr-FR\",\"@id\":\"https:\\\/\\\/telemme.mmsh.fr\\\/#\\\/schema\\\/logo\\\/image\\\/\",\"url\":\"https:\\\/\\\/telemme.mmsh.fr\\\/wp-content\\\/uploads\\\/2020\\\/03\\\/LogoTELEMMe-horizontal-fond-transparent.png\",\"contentUrl\":\"https:\\\/\\\/telemme.mmsh.fr\\\/wp-content\\\/uploads\\\/2020\\\/03\\\/LogoTELEMMe-horizontal-fond-transparent.png\",\"width\":1500,\"height\":437,\"caption\":\"TELEMMe\"},\"image\":{\"@id\":\"https:\\\/\\\/telemme.mmsh.fr\\\/#\\\/schema\\\/logo\\\/image\\\/\"}},{\"@type\":\"Person\",\"@id\":\"https:\\\/\\\/telemme.mmsh.fr\\\/#\\\/schema\\\/person\\\/86a185da4836381586528ced48e263f5\",\"name\":\"Delphine Cavallo\",\"url\":\"https:\\\/\\\/telemme.mmsh.fr\\\/?author=6\"}]}<\/script>\n<!-- \/ Yoast SEO plugin. -->","yoast_head_json":{"title":"TELEMMe \u00e0 Insaniyyat. Forum international des sciences humaines et sociales. Tunis, 20-24 septembre 2022 - TELEMMe - Temps, espaces, langages, Europe m\u00e9ridionale, M\u00e9diterran\u00e9e","description":"Insaniyyat est un Forum international des sciences humaines et sociales visant \u00e0 offrir aux chercheur.e.s, de provenance et d\u2019horizons vari\u00e9s et de toutes g\u00e9n\u00e9rations, un espace de d\u00e9bat scientifique entre pairs et d\u2019\u00e9change avec la soci\u00e9t\u00e9 sur la recherche en train de se faire. Plusieurs membres de TELEMMe participent \u00e0 cette premi\u00e8re \u00e9dition.","robots":{"index":"index","follow":"follow","max-snippet":"max-snippet:-1","max-image-preview":"max-image-preview:large","max-video-preview":"max-video-preview:-1"},"canonical":"https:\/\/telemme.mmsh.fr\/?p=11539","og_locale":"fr_FR","og_type":"article","og_title":"TELEMMe \u00e0 Insaniyyat. Forum international des sciences humaines et sociales. Tunis, 20-24 septembre 2022 - TELEMMe - Temps, espaces, langages, Europe m\u00e9ridionale, M\u00e9diterran\u00e9e","og_description":"Insaniyyat est un Forum international des sciences humaines et sociales visant \u00e0 offrir aux chercheur.e.s, de provenance et d\u2019horizons vari\u00e9s et de toutes g\u00e9n\u00e9rations, un espace de d\u00e9bat scientifique entre pairs et d\u2019\u00e9change avec la soci\u00e9t\u00e9 sur la recherche en train de se faire. Plusieurs membres de TELEMMe participent \u00e0 cette premi\u00e8re \u00e9dition.","og_url":"https:\/\/telemme.mmsh.fr\/?p=11539","og_site_name":"TELEMMe - Temps, espaces, langages, Europe m\u00e9ridionale, M\u00e9diterran\u00e9e","article_published_time":"2022-09-15T09:38:13+00:00","article_modified_time":"2022-09-19T07:28:04+00:00","og_image":[{"width":885,"height":1240,"url":"https:\/\/telemme.mmsh.fr\/wp-content\/uploads\/2022\/09\/affiche_Insaniyyat2022.png","type":"image\/png"}],"author":"Delphine Cavallo","twitter_card":"summary_large_image","twitter_misc":{"\u00c9crit par":"Delphine Cavallo","Dur\u00e9e de lecture estim\u00e9e":"9 minutes"},"schema":{"@context":"https:\/\/schema.org","@graph":[{"@type":"Article","@id":"https:\/\/telemme.mmsh.fr\/?p=11539#article","isPartOf":{"@id":"https:\/\/telemme.mmsh.fr\/?p=11539"},"author":{"name":"Delphine Cavallo","@id":"https:\/\/telemme.mmsh.fr\/#\/schema\/person\/86a185da4836381586528ced48e263f5"},"headline":"TELEMMe \u00e0 Insaniyyat. Forum international des sciences humaines et sociales. Tunis, 20-24 septembre 2022","datePublished":"2022-09-15T09:38:13+00:00","dateModified":"2022-09-19T07:28:04+00:00","mainEntityOfPage":{"@id":"https:\/\/telemme.mmsh.fr\/?p=11539"},"wordCount":1906,"publisher":{"@id":"https:\/\/telemme.mmsh.fr\/#organization"},"image":{"@id":"https:\/\/telemme.mmsh.fr\/?p=11539#primaryimage"},"thumbnailUrl":"https:\/\/telemme.mmsh.fr\/wp-content\/uploads\/2022\/09\/affiche_Insaniyyat2022.png","articleSection":["Rencontres"],"inLanguage":"fr-FR"},{"@type":"WebPage","@id":"https:\/\/telemme.mmsh.fr\/?p=11539","url":"https:\/\/telemme.mmsh.fr\/?p=11539","name":"TELEMMe \u00e0 Insaniyyat. Forum international des sciences humaines et sociales. Tunis, 20-24 septembre 2022 - TELEMMe - Temps, espaces, langages, Europe m\u00e9ridionale, M\u00e9diterran\u00e9e","isPartOf":{"@id":"https:\/\/telemme.mmsh.fr\/#website"},"primaryImageOfPage":{"@id":"https:\/\/telemme.mmsh.fr\/?p=11539#primaryimage"},"image":{"@id":"https:\/\/telemme.mmsh.fr\/?p=11539#primaryimage"},"thumbnailUrl":"https:\/\/telemme.mmsh.fr\/wp-content\/uploads\/2022\/09\/affiche_Insaniyyat2022.png","datePublished":"2022-09-15T09:38:13+00:00","dateModified":"2022-09-19T07:28:04+00:00","description":"Insaniyyat est un Forum international des sciences humaines et sociales visant \u00e0 offrir aux chercheur.e.s, de provenance et d\u2019horizons vari\u00e9s et de toutes g\u00e9n\u00e9rations, un espace de d\u00e9bat scientifique entre pairs et d\u2019\u00e9change avec la soci\u00e9t\u00e9 sur la recherche en train de se faire. Plusieurs membres de TELEMMe participent \u00e0 cette premi\u00e8re \u00e9dition.","breadcrumb":{"@id":"https:\/\/telemme.mmsh.fr\/?p=11539#breadcrumb"},"inLanguage":"fr-FR","potentialAction":[{"@type":"ReadAction","target":["https:\/\/telemme.mmsh.fr\/?p=11539"]}]},{"@type":"ImageObject","inLanguage":"fr-FR","@id":"https:\/\/telemme.mmsh.fr\/?p=11539#primaryimage","url":"https:\/\/telemme.mmsh.fr\/wp-content\/uploads\/2022\/09\/affiche_Insaniyyat2022.png","contentUrl":"https:\/\/telemme.mmsh.fr\/wp-content\/uploads\/2022\/09\/affiche_Insaniyyat2022.png","width":885,"height":1240},{"@type":"BreadcrumbList","@id":"https:\/\/telemme.mmsh.fr\/?p=11539#breadcrumb","itemListElement":[{"@type":"ListItem","position":1,"name":"Accueil","item":"https:\/\/telemme.mmsh.fr\/"},{"@type":"ListItem","position":2,"name":"Actualit\u00e9s","item":"https:\/\/telemme.mmsh.fr\/?cat=1995"},{"@type":"ListItem","position":3,"name":"Rencontres","item":"https:\/\/telemme.mmsh.fr\/?cat=1992"},{"@type":"ListItem","position":4,"name":"TELEMMe \u00e0 Insaniyyat. Forum international des sciences humaines et sociales. Tunis, 20-24 septembre 2022"}]},{"@type":"WebSite","@id":"https:\/\/telemme.mmsh.fr\/#website","url":"https:\/\/telemme.mmsh.fr\/","name":"TELEMMe - Temps, espaces, langages, Europe m\u00e9ridionale, M\u00e9diterran\u00e9e","description":"","publisher":{"@id":"https:\/\/telemme.mmsh.fr\/#organization"},"potentialAction":[{"@type":"SearchAction","target":{"@type":"EntryPoint","urlTemplate":"https:\/\/telemme.mmsh.fr\/?s={search_term_string}"},"query-input":{"@type":"PropertyValueSpecification","valueRequired":true,"valueName":"search_term_string"}}],"inLanguage":"fr-FR"},{"@type":"Organization","@id":"https:\/\/telemme.mmsh.fr\/#organization","name":"TELEMMe","url":"https:\/\/telemme.mmsh.fr\/","logo":{"@type":"ImageObject","inLanguage":"fr-FR","@id":"https:\/\/telemme.mmsh.fr\/#\/schema\/logo\/image\/","url":"https:\/\/telemme.mmsh.fr\/wp-content\/uploads\/2020\/03\/LogoTELEMMe-horizontal-fond-transparent.png","contentUrl":"https:\/\/telemme.mmsh.fr\/wp-content\/uploads\/2020\/03\/LogoTELEMMe-horizontal-fond-transparent.png","width":1500,"height":437,"caption":"TELEMMe"},"image":{"@id":"https:\/\/telemme.mmsh.fr\/#\/schema\/logo\/image\/"}},{"@type":"Person","@id":"https:\/\/telemme.mmsh.fr\/#\/schema\/person\/86a185da4836381586528ced48e263f5","name":"Delphine Cavallo","url":"https:\/\/telemme.mmsh.fr\/?author=6"}]}},"_links":{"self":[{"href":"https:\/\/telemme.mmsh.fr\/index.php?rest_route=\/wp\/v2\/posts\/11539","targetHints":{"allow":["GET"]}}],"collection":[{"href":"https:\/\/telemme.mmsh.fr\/index.php?rest_route=\/wp\/v2\/posts"}],"about":[{"href":"https:\/\/telemme.mmsh.fr\/index.php?rest_route=\/wp\/v2\/types\/post"}],"author":[{"embeddable":true,"href":"https:\/\/telemme.mmsh.fr\/index.php?rest_route=\/wp\/v2\/users\/6"}],"replies":[{"embeddable":true,"href":"https:\/\/telemme.mmsh.fr\/index.php?rest_route=%2Fwp%2Fv2%2Fcomments&post=11539"}],"version-history":[{"count":19,"href":"https:\/\/telemme.mmsh.fr\/index.php?rest_route=\/wp\/v2\/posts\/11539\/revisions"}],"predecessor-version":[{"id":11646,"href":"https:\/\/telemme.mmsh.fr\/index.php?rest_route=\/wp\/v2\/posts\/11539\/revisions\/11646"}],"wp:featuredmedia":[{"embeddable":true,"href":"https:\/\/telemme.mmsh.fr\/index.php?rest_route=\/wp\/v2\/media\/11623"}],"wp:attachment":[{"href":"https:\/\/telemme.mmsh.fr\/index.php?rest_route=%2Fwp%2Fv2%2Fmedia&parent=11539"}],"wp:term":[{"taxonomy":"category","embeddable":true,"href":"https:\/\/telemme.mmsh.fr\/index.php?rest_route=%2Fwp%2Fv2%2Fcategories&post=11539"},{"taxonomy":"post_tag","embeddable":true,"href":"https:\/\/telemme.mmsh.fr\/index.php?rest_route=%2Fwp%2Fv2%2Ftags&post=11539"}],"curies":[{"name":"wp","href":"https:\/\/api.w.org\/{rel}","templated":true}]}}