{"id":11486,"date":"2022-09-09T10:29:18","date_gmt":"2022-09-09T08:29:18","guid":{"rendered":"https:\/\/telemme.mmsh.fr\/?p=11486"},"modified":"2022-09-09T10:29:20","modified_gmt":"2022-09-09T08:29:20","slug":"histoire-des-emotions-collectives","status":"publish","type":"post","link":"https:\/\/telemme.mmsh.fr\/?p=11486","title":{"rendered":"Histoire des \u00e9motions collectives"},"content":{"rendered":"\n<blockquote class=\"wp-block-quote is-layout-flow wp-block-quote-is-layout-flow\"><p><a href=\"https:\/\/classiques-garnier.com\/histoire-des-emotions-collectives-epistemologie-emergences-experiences.html\"><em><strong>Histoire des \u00e9motions collectives. \u00c9pist\u00e9mologie, \u00e9mergences, exp\u00e9riences<\/strong><\/em><\/a>, Damien Boquet, Piroska Nagy, Lidia Zanetti Domingues (dir.), Paris, Classiques Garnier, 2022. 425 pages<\/p><\/blockquote>\n\n\n\n<p>Qui n\u2019a jamais v\u00e9cu cette sensation, exaltante souvent, effrayante parfois, d\u2019\u00eatre emport\u00e9 par la foule, comme absorb\u00e9 dans le \u00ab&nbsp;tous ensemble&nbsp;!&nbsp;\u00bb scand\u00e9 d\u2019une seule voix&nbsp;? Telles sont les \u00e9motions collectives, concr\u00e8tes et impalpables, sensibles et fuyantes. Des spectacles romains aux \u00ab&nbsp;gilets jaunes&nbsp;\u00bb, une \u00e9quipe d\u2019historiennes et d\u2019historiens a entrepris d\u2019enqu\u00eater sur cette \u00e9trange exp\u00e9rience. Comment la notion a-t-elle \u00e9t\u00e9 pens\u00e9e par les sciences humaines et sociales depuis le xix<sup>e<\/sup> si\u00e8cle&nbsp;? Comment les \u00e9motions collectives sont-elles forg\u00e9es par les discours dans l\u2019histoire&nbsp;? Comment agissent-elles sur le cours des \u00e9v\u00e9nements&nbsp;? Ces grandes questions guident les quinze \u00e9tudes r\u00e9unies dans ce volume d\u2019histoire collective.<\/p>\n\n\n\n<p>Publi\u00e9 avec le soutien de l&rsquo;UMR TELEMMe et de l&rsquo;UQAM<\/p>\n\n\n\n<p><a href=\"https:\/\/classiques-garnier.com\/histoire-des-emotions-collectives-epistemologie-emergences-experiences.html\">Damien Boquet, Piroska Nagy, Lidia Zanetti Domingues (dir.), <em>Histoire des \u00e9motions collectives. \u00c9pist\u00e9mologie, \u00e9mergences, exp\u00e9riences<\/em><\/a>, Paris, Classiques Garnier, 2022. 425 pages. ISBN : 978-2-406-13100-7. 28 euros.<\/p>\n","protected":false},"excerpt":{"rendered":"<p>Qui n\u2019a jamais v\u00e9cu cette sensation, exaltante souvent, effrayante parfois, d\u2019\u00eatre emport\u00e9 par la foule, comme absorb\u00e9 dans le \u00ab\u00a0tous ensemble\u00a0!\u00a0\u00bb scand\u00e9 d\u2019une seule voix\u00a0? Telles sont les \u00e9motions collectives, concr\u00e8tes et impalpables, sensibles et fuyantes. Des spectacles romains aux \u00ab\u00a0gilets jaunes\u00a0\u00bb, une \u00e9quipe d\u2019historiennes et d\u2019historiens a entrepris d\u2019enqu\u00eater sur cette \u00e9trange exp\u00e9rience. <\/p>\n","protected":false},"author":6,"featured_media":11488,"comment_status":"closed","ping_status":"closed","sticky":false,"template":"","format":"standard","meta":{"neve_meta_sidebar":"","neve_meta_container":"","neve_meta_enable_content_width":"off","neve_meta_content_width":70,"neve_meta_title_alignment":"","neve_meta_author_avatar":"","neve_post_elements_order":"","neve_meta_disable_header":"","neve_meta_disable_footer":"","neve_meta_disable_title":"","_tribe_events_control_status":"","_tribe_events_control_status_canceled_reason":"","_tribe_events_control_status_postponed_reason":"","_tribe_events_control_online":"","_tribe_events_control_online_url":"","footnotes":""},"categories":[1742],"tags":[],"class_list":["post-11486","post","type-post","status-publish","format-standard","has-post-thumbnail","hentry","category-dir-ouvrage"],"yoast_head":"<!-- This site is optimized with the Yoast SEO plugin v27.4 - https:\/\/yoast.com\/product\/yoast-seo-wordpress\/ -->\n<title>Histoire des \u00e9motions collectives - TELEMMe - Temps, espaces, langages, Europe m\u00e9ridionale, M\u00e9diterran\u00e9e<\/title>\n<meta name=\"description\" content=\"Qui n\u2019a jamais v\u00e9cu cette sensation, exaltante souvent, effrayante parfois, d\u2019\u00eatre emport\u00e9 par la foule, comme absorb\u00e9 dans le \u00ab\u00a0tous ensemble\u00a0!\u00a0\u00bb scand\u00e9 d\u2019une seule voix\u00a0? Telles sont les \u00e9motions collectives, concr\u00e8tes et impalpables, sensibles et fuyantes. Des spectacles romains aux \u00ab\u00a0gilets jaunes\u00a0\u00bb, une \u00e9quipe d\u2019historiennes et d\u2019historiens a entrepris d\u2019enqu\u00eater sur cette \u00e9trange exp\u00e9rience. Comment la notion a-t-elle \u00e9t\u00e9 pens\u00e9e par les sciences humaines et sociales depuis le xixe si\u00e8cle\u00a0? Comment les \u00e9motions collectives sont-elles forg\u00e9es par les discours dans l\u2019histoire\u00a0? Comment agissent-elles sur le cours des \u00e9v\u00e9nements\u00a0? Ces grandes questions guident les quinze \u00e9tudes r\u00e9unies dans ce volume d\u2019histoire collective. Publi\u00e9 avec le soutien de l&#039;UMR TELEMMe et de l&#039;UQAM. Damien Boquet, Piroska Nagy, Lidia Zanetti Domingues (dir.), Histoire des \u00e9motions collectives. \u00c9pist\u00e9mologie, \u00e9mergences, exp\u00e9riences, Paris, Classiques Garnier, 2022. 425 pages. ISBN : 978-2-406-13100-7. 28 euros.\" \/>\n<meta name=\"robots\" content=\"index, follow, max-snippet:-1, max-image-preview:large, max-video-preview:-1\" \/>\n<link rel=\"canonical\" href=\"https:\/\/telemme.mmsh.fr\/?p=11486\" \/>\n<meta property=\"og:locale\" content=\"fr_FR\" \/>\n<meta property=\"og:type\" content=\"article\" \/>\n<meta property=\"og:title\" content=\"Histoire des \u00e9motions collectives - TELEMMe - Temps, espaces, langages, Europe m\u00e9ridionale, M\u00e9diterran\u00e9e\" \/>\n<meta property=\"og:description\" content=\"Qui n\u2019a jamais v\u00e9cu cette sensation, exaltante souvent, effrayante parfois, d\u2019\u00eatre emport\u00e9 par la foule, comme absorb\u00e9 dans le \u00ab\u00a0tous ensemble\u00a0!\u00a0\u00bb scand\u00e9 d\u2019une seule voix\u00a0? Telles sont les \u00e9motions collectives, concr\u00e8tes et impalpables, sensibles et fuyantes. Des spectacles romains aux \u00ab\u00a0gilets jaunes\u00a0\u00bb, une \u00e9quipe d\u2019historiennes et d\u2019historiens a entrepris d\u2019enqu\u00eater sur cette \u00e9trange exp\u00e9rience. Comment la notion a-t-elle \u00e9t\u00e9 pens\u00e9e par les sciences humaines et sociales depuis le xixe si\u00e8cle\u00a0? Comment les \u00e9motions collectives sont-elles forg\u00e9es par les discours dans l\u2019histoire\u00a0? Comment agissent-elles sur le cours des \u00e9v\u00e9nements\u00a0? Ces grandes questions guident les quinze \u00e9tudes r\u00e9unies dans ce volume d\u2019histoire collective. Publi\u00e9 avec le soutien de l&#039;UMR TELEMMe et de l&#039;UQAM. Damien Boquet, Piroska Nagy, Lidia Zanetti Domingues (dir.), Histoire des \u00e9motions collectives. \u00c9pist\u00e9mologie, \u00e9mergences, exp\u00e9riences, Paris, Classiques Garnier, 2022. 425 pages. ISBN : 978-2-406-13100-7. 28 euros.\" \/>\n<meta property=\"og:url\" content=\"https:\/\/telemme.mmsh.fr\/?p=11486\" \/>\n<meta property=\"og:site_name\" content=\"TELEMMe - Temps, espaces, langages, Europe m\u00e9ridionale, M\u00e9diterran\u00e9e\" \/>\n<meta property=\"article:published_time\" content=\"2022-09-09T08:29:18+00:00\" \/>\n<meta property=\"article:modified_time\" content=\"2022-09-09T08:29:20+00:00\" \/>\n<meta property=\"og:image\" content=\"https:\/\/telemme.mmsh.fr\/wp-content\/uploads\/2022\/09\/2022_Couv_histoireemitions_collectives_BoquetNagyZanetti.png\" \/>\n\t<meta property=\"og:image:width\" content=\"400\" \/>\n\t<meta property=\"og:image:height\" content=\"600\" \/>\n\t<meta property=\"og:image:type\" content=\"image\/png\" \/>\n<meta name=\"author\" content=\"Delphine Cavallo\" \/>\n<meta name=\"twitter:card\" content=\"summary_large_image\" \/>\n<meta name=\"twitter:label1\" content=\"\u00c9crit par\" \/>\n\t<meta name=\"twitter:data1\" content=\"Delphine Cavallo\" \/>\n\t<meta name=\"twitter:label2\" content=\"Dur\u00e9e de lecture estim\u00e9e\" \/>\n\t<meta name=\"twitter:data2\" content=\"1 minute\" \/>\n<script type=\"application\/ld+json\" class=\"yoast-schema-graph\">{\"@context\":\"https:\\\/\\\/schema.org\",\"@graph\":[{\"@type\":\"Article\",\"@id\":\"https:\\\/\\\/telemme.mmsh.fr\\\/?p=11486#article\",\"isPartOf\":{\"@id\":\"https:\\\/\\\/telemme.mmsh.fr\\\/?p=11486\"},\"author\":{\"name\":\"Delphine Cavallo\",\"@id\":\"https:\\\/\\\/telemme.mmsh.fr\\\/#\\\/schema\\\/person\\\/86a185da4836381586528ced48e263f5\"},\"headline\":\"Histoire des \u00e9motions collectives\",\"datePublished\":\"2022-09-09T08:29:18+00:00\",\"dateModified\":\"2022-09-09T08:29:20+00:00\",\"mainEntityOfPage\":{\"@id\":\"https:\\\/\\\/telemme.mmsh.fr\\\/?p=11486\"},\"wordCount\":191,\"publisher\":{\"@id\":\"https:\\\/\\\/telemme.mmsh.fr\\\/#organization\"},\"image\":{\"@id\":\"https:\\\/\\\/telemme.mmsh.fr\\\/?p=11486#primaryimage\"},\"thumbnailUrl\":\"https:\\\/\\\/telemme.mmsh.fr\\\/wp-content\\\/uploads\\\/2022\\\/09\\\/2022_Couv_histoireemitions_collectives_BoquetNagyZanetti.png\",\"articleSection\":[\"Directions d'ouvrage\"],\"inLanguage\":\"fr-FR\"},{\"@type\":\"WebPage\",\"@id\":\"https:\\\/\\\/telemme.mmsh.fr\\\/?p=11486\",\"url\":\"https:\\\/\\\/telemme.mmsh.fr\\\/?p=11486\",\"name\":\"Histoire des \u00e9motions collectives - TELEMMe - Temps, espaces, langages, Europe m\u00e9ridionale, M\u00e9diterran\u00e9e\",\"isPartOf\":{\"@id\":\"https:\\\/\\\/telemme.mmsh.fr\\\/#website\"},\"primaryImageOfPage\":{\"@id\":\"https:\\\/\\\/telemme.mmsh.fr\\\/?p=11486#primaryimage\"},\"image\":{\"@id\":\"https:\\\/\\\/telemme.mmsh.fr\\\/?p=11486#primaryimage\"},\"thumbnailUrl\":\"https:\\\/\\\/telemme.mmsh.fr\\\/wp-content\\\/uploads\\\/2022\\\/09\\\/2022_Couv_histoireemitions_collectives_BoquetNagyZanetti.png\",\"datePublished\":\"2022-09-09T08:29:18+00:00\",\"dateModified\":\"2022-09-09T08:29:20+00:00\",\"description\":\"Qui n\u2019a jamais v\u00e9cu cette sensation, exaltante souvent, effrayante parfois, d\u2019\u00eatre emport\u00e9 par la foule, comme absorb\u00e9 dans le \u00ab\u00a0tous ensemble\u00a0!\u00a0\u00bb scand\u00e9 d\u2019une seule voix\u00a0? Telles sont les \u00e9motions collectives, concr\u00e8tes et impalpables, sensibles et fuyantes. Des spectacles romains aux \u00ab\u00a0gilets jaunes\u00a0\u00bb, une \u00e9quipe d\u2019historiennes et d\u2019historiens a entrepris d\u2019enqu\u00eater sur cette \u00e9trange exp\u00e9rience. Comment la notion a-t-elle \u00e9t\u00e9 pens\u00e9e par les sciences humaines et sociales depuis le xixe si\u00e8cle\u00a0? Comment les \u00e9motions collectives sont-elles forg\u00e9es par les discours dans l\u2019histoire\u00a0? Comment agissent-elles sur le cours des \u00e9v\u00e9nements\u00a0? Ces grandes questions guident les quinze \u00e9tudes r\u00e9unies dans ce volume d\u2019histoire collective. Publi\u00e9 avec le soutien de l'UMR TELEMMe et de l'UQAM. Damien Boquet, Piroska Nagy, Lidia Zanetti Domingues (dir.), Histoire des \u00e9motions collectives. \u00c9pist\u00e9mologie, \u00e9mergences, exp\u00e9riences, Paris, Classiques Garnier, 2022. 425 pages. ISBN : 978-2-406-13100-7. 28 euros.\",\"breadcrumb\":{\"@id\":\"https:\\\/\\\/telemme.mmsh.fr\\\/?p=11486#breadcrumb\"},\"inLanguage\":\"fr-FR\",\"potentialAction\":[{\"@type\":\"ReadAction\",\"target\":[\"https:\\\/\\\/telemme.mmsh.fr\\\/?p=11486\"]}]},{\"@type\":\"ImageObject\",\"inLanguage\":\"fr-FR\",\"@id\":\"https:\\\/\\\/telemme.mmsh.fr\\\/?p=11486#primaryimage\",\"url\":\"https:\\\/\\\/telemme.mmsh.fr\\\/wp-content\\\/uploads\\\/2022\\\/09\\\/2022_Couv_histoireemitions_collectives_BoquetNagyZanetti.png\",\"contentUrl\":\"https:\\\/\\\/telemme.mmsh.fr\\\/wp-content\\\/uploads\\\/2022\\\/09\\\/2022_Couv_histoireemitions_collectives_BoquetNagyZanetti.png\",\"width\":400,\"height\":600,\"caption\":\"Couverture de l'ouvrage de Damien Boquet, Piroska Nagy, Lidia Zanetti Domingues (dir.), Histoire des \u00e9motions collectives. \u00c9pist\u00e9mologie, \u00e9mergences, exp\u00e9riences, Paris, Classiques Garnier\"},{\"@type\":\"BreadcrumbList\",\"@id\":\"https:\\\/\\\/telemme.mmsh.fr\\\/?p=11486#breadcrumb\",\"itemListElement\":[{\"@type\":\"ListItem\",\"position\":1,\"name\":\"Accueil\",\"item\":\"https:\\\/\\\/telemme.mmsh.fr\\\/\"},{\"@type\":\"ListItem\",\"position\":2,\"name\":\"Publications\",\"item\":\"https:\\\/\\\/telemme.mmsh.fr\\\/?cat=1738\"},{\"@type\":\"ListItem\",\"position\":3,\"name\":\"Directions d'ouvrage\",\"item\":\"https:\\\/\\\/telemme.mmsh.fr\\\/?cat=1742\"},{\"@type\":\"ListItem\",\"position\":4,\"name\":\"Histoire des \u00e9motions collectives\"}]},{\"@type\":\"WebSite\",\"@id\":\"https:\\\/\\\/telemme.mmsh.fr\\\/#website\",\"url\":\"https:\\\/\\\/telemme.mmsh.fr\\\/\",\"name\":\"TELEMMe - Temps, espaces, langages, Europe m\u00e9ridionale, M\u00e9diterran\u00e9e\",\"description\":\"\",\"publisher\":{\"@id\":\"https:\\\/\\\/telemme.mmsh.fr\\\/#organization\"},\"potentialAction\":[{\"@type\":\"SearchAction\",\"target\":{\"@type\":\"EntryPoint\",\"urlTemplate\":\"https:\\\/\\\/telemme.mmsh.fr\\\/?s={search_term_string}\"},\"query-input\":{\"@type\":\"PropertyValueSpecification\",\"valueRequired\":true,\"valueName\":\"search_term_string\"}}],\"inLanguage\":\"fr-FR\"},{\"@type\":\"Organization\",\"@id\":\"https:\\\/\\\/telemme.mmsh.fr\\\/#organization\",\"name\":\"TELEMMe\",\"url\":\"https:\\\/\\\/telemme.mmsh.fr\\\/\",\"logo\":{\"@type\":\"ImageObject\",\"inLanguage\":\"fr-FR\",\"@id\":\"https:\\\/\\\/telemme.mmsh.fr\\\/#\\\/schema\\\/logo\\\/image\\\/\",\"url\":\"https:\\\/\\\/telemme.mmsh.fr\\\/wp-content\\\/uploads\\\/2020\\\/03\\\/LogoTELEMMe-horizontal-fond-transparent.png\",\"contentUrl\":\"https:\\\/\\\/telemme.mmsh.fr\\\/wp-content\\\/uploads\\\/2020\\\/03\\\/LogoTELEMMe-horizontal-fond-transparent.png\",\"width\":1500,\"height\":437,\"caption\":\"TELEMMe\"},\"image\":{\"@id\":\"https:\\\/\\\/telemme.mmsh.fr\\\/#\\\/schema\\\/logo\\\/image\\\/\"}},{\"@type\":\"Person\",\"@id\":\"https:\\\/\\\/telemme.mmsh.fr\\\/#\\\/schema\\\/person\\\/86a185da4836381586528ced48e263f5\",\"name\":\"Delphine Cavallo\",\"url\":\"https:\\\/\\\/telemme.mmsh.fr\\\/?author=6\"}]}<\/script>\n<!-- \/ Yoast SEO plugin. -->","yoast_head_json":{"title":"Histoire des \u00e9motions collectives - TELEMMe - Temps, espaces, langages, Europe m\u00e9ridionale, M\u00e9diterran\u00e9e","description":"Qui n\u2019a jamais v\u00e9cu cette sensation, exaltante souvent, effrayante parfois, d\u2019\u00eatre emport\u00e9 par la foule, comme absorb\u00e9 dans le \u00ab\u00a0tous ensemble\u00a0!\u00a0\u00bb scand\u00e9 d\u2019une seule voix\u00a0? Telles sont les \u00e9motions collectives, concr\u00e8tes et impalpables, sensibles et fuyantes. Des spectacles romains aux \u00ab\u00a0gilets jaunes\u00a0\u00bb, une \u00e9quipe d\u2019historiennes et d\u2019historiens a entrepris d\u2019enqu\u00eater sur cette \u00e9trange exp\u00e9rience. Comment la notion a-t-elle \u00e9t\u00e9 pens\u00e9e par les sciences humaines et sociales depuis le xixe si\u00e8cle\u00a0? Comment les \u00e9motions collectives sont-elles forg\u00e9es par les discours dans l\u2019histoire\u00a0? Comment agissent-elles sur le cours des \u00e9v\u00e9nements\u00a0? Ces grandes questions guident les quinze \u00e9tudes r\u00e9unies dans ce volume d\u2019histoire collective. Publi\u00e9 avec le soutien de l'UMR TELEMMe et de l'UQAM. Damien Boquet, Piroska Nagy, Lidia Zanetti Domingues (dir.), Histoire des \u00e9motions collectives. \u00c9pist\u00e9mologie, \u00e9mergences, exp\u00e9riences, Paris, Classiques Garnier, 2022. 425 pages. ISBN : 978-2-406-13100-7. 28 euros.","robots":{"index":"index","follow":"follow","max-snippet":"max-snippet:-1","max-image-preview":"max-image-preview:large","max-video-preview":"max-video-preview:-1"},"canonical":"https:\/\/telemme.mmsh.fr\/?p=11486","og_locale":"fr_FR","og_type":"article","og_title":"Histoire des \u00e9motions collectives - TELEMMe - Temps, espaces, langages, Europe m\u00e9ridionale, M\u00e9diterran\u00e9e","og_description":"Qui n\u2019a jamais v\u00e9cu cette sensation, exaltante souvent, effrayante parfois, d\u2019\u00eatre emport\u00e9 par la foule, comme absorb\u00e9 dans le \u00ab\u00a0tous ensemble\u00a0!\u00a0\u00bb scand\u00e9 d\u2019une seule voix\u00a0? Telles sont les \u00e9motions collectives, concr\u00e8tes et impalpables, sensibles et fuyantes. Des spectacles romains aux \u00ab\u00a0gilets jaunes\u00a0\u00bb, une \u00e9quipe d\u2019historiennes et d\u2019historiens a entrepris d\u2019enqu\u00eater sur cette \u00e9trange exp\u00e9rience. Comment la notion a-t-elle \u00e9t\u00e9 pens\u00e9e par les sciences humaines et sociales depuis le xixe si\u00e8cle\u00a0? Comment les \u00e9motions collectives sont-elles forg\u00e9es par les discours dans l\u2019histoire\u00a0? Comment agissent-elles sur le cours des \u00e9v\u00e9nements\u00a0? Ces grandes questions guident les quinze \u00e9tudes r\u00e9unies dans ce volume d\u2019histoire collective. Publi\u00e9 avec le soutien de l'UMR TELEMMe et de l'UQAM. Damien Boquet, Piroska Nagy, Lidia Zanetti Domingues (dir.), Histoire des \u00e9motions collectives. \u00c9pist\u00e9mologie, \u00e9mergences, exp\u00e9riences, Paris, Classiques Garnier, 2022. 425 pages. ISBN : 978-2-406-13100-7. 28 euros.","og_url":"https:\/\/telemme.mmsh.fr\/?p=11486","og_site_name":"TELEMMe - Temps, espaces, langages, Europe m\u00e9ridionale, M\u00e9diterran\u00e9e","article_published_time":"2022-09-09T08:29:18+00:00","article_modified_time":"2022-09-09T08:29:20+00:00","og_image":[{"width":400,"height":600,"url":"https:\/\/telemme.mmsh.fr\/wp-content\/uploads\/2022\/09\/2022_Couv_histoireemitions_collectives_BoquetNagyZanetti.png","type":"image\/png"}],"author":"Delphine Cavallo","twitter_card":"summary_large_image","twitter_misc":{"\u00c9crit par":"Delphine Cavallo","Dur\u00e9e de lecture estim\u00e9e":"1 minute"},"schema":{"@context":"https:\/\/schema.org","@graph":[{"@type":"Article","@id":"https:\/\/telemme.mmsh.fr\/?p=11486#article","isPartOf":{"@id":"https:\/\/telemme.mmsh.fr\/?p=11486"},"author":{"name":"Delphine Cavallo","@id":"https:\/\/telemme.mmsh.fr\/#\/schema\/person\/86a185da4836381586528ced48e263f5"},"headline":"Histoire des \u00e9motions collectives","datePublished":"2022-09-09T08:29:18+00:00","dateModified":"2022-09-09T08:29:20+00:00","mainEntityOfPage":{"@id":"https:\/\/telemme.mmsh.fr\/?p=11486"},"wordCount":191,"publisher":{"@id":"https:\/\/telemme.mmsh.fr\/#organization"},"image":{"@id":"https:\/\/telemme.mmsh.fr\/?p=11486#primaryimage"},"thumbnailUrl":"https:\/\/telemme.mmsh.fr\/wp-content\/uploads\/2022\/09\/2022_Couv_histoireemitions_collectives_BoquetNagyZanetti.png","articleSection":["Directions d'ouvrage"],"inLanguage":"fr-FR"},{"@type":"WebPage","@id":"https:\/\/telemme.mmsh.fr\/?p=11486","url":"https:\/\/telemme.mmsh.fr\/?p=11486","name":"Histoire des \u00e9motions collectives - TELEMMe - Temps, espaces, langages, Europe m\u00e9ridionale, M\u00e9diterran\u00e9e","isPartOf":{"@id":"https:\/\/telemme.mmsh.fr\/#website"},"primaryImageOfPage":{"@id":"https:\/\/telemme.mmsh.fr\/?p=11486#primaryimage"},"image":{"@id":"https:\/\/telemme.mmsh.fr\/?p=11486#primaryimage"},"thumbnailUrl":"https:\/\/telemme.mmsh.fr\/wp-content\/uploads\/2022\/09\/2022_Couv_histoireemitions_collectives_BoquetNagyZanetti.png","datePublished":"2022-09-09T08:29:18+00:00","dateModified":"2022-09-09T08:29:20+00:00","description":"Qui n\u2019a jamais v\u00e9cu cette sensation, exaltante souvent, effrayante parfois, d\u2019\u00eatre emport\u00e9 par la foule, comme absorb\u00e9 dans le \u00ab\u00a0tous ensemble\u00a0!\u00a0\u00bb scand\u00e9 d\u2019une seule voix\u00a0? Telles sont les \u00e9motions collectives, concr\u00e8tes et impalpables, sensibles et fuyantes. Des spectacles romains aux \u00ab\u00a0gilets jaunes\u00a0\u00bb, une \u00e9quipe d\u2019historiennes et d\u2019historiens a entrepris d\u2019enqu\u00eater sur cette \u00e9trange exp\u00e9rience. Comment la notion a-t-elle \u00e9t\u00e9 pens\u00e9e par les sciences humaines et sociales depuis le xixe si\u00e8cle\u00a0? Comment les \u00e9motions collectives sont-elles forg\u00e9es par les discours dans l\u2019histoire\u00a0? Comment agissent-elles sur le cours des \u00e9v\u00e9nements\u00a0? Ces grandes questions guident les quinze \u00e9tudes r\u00e9unies dans ce volume d\u2019histoire collective. Publi\u00e9 avec le soutien de l'UMR TELEMMe et de l'UQAM. Damien Boquet, Piroska Nagy, Lidia Zanetti Domingues (dir.), Histoire des \u00e9motions collectives. \u00c9pist\u00e9mologie, \u00e9mergences, exp\u00e9riences, Paris, Classiques Garnier, 2022. 425 pages. ISBN : 978-2-406-13100-7. 28 euros.","breadcrumb":{"@id":"https:\/\/telemme.mmsh.fr\/?p=11486#breadcrumb"},"inLanguage":"fr-FR","potentialAction":[{"@type":"ReadAction","target":["https:\/\/telemme.mmsh.fr\/?p=11486"]}]},{"@type":"ImageObject","inLanguage":"fr-FR","@id":"https:\/\/telemme.mmsh.fr\/?p=11486#primaryimage","url":"https:\/\/telemme.mmsh.fr\/wp-content\/uploads\/2022\/09\/2022_Couv_histoireemitions_collectives_BoquetNagyZanetti.png","contentUrl":"https:\/\/telemme.mmsh.fr\/wp-content\/uploads\/2022\/09\/2022_Couv_histoireemitions_collectives_BoquetNagyZanetti.png","width":400,"height":600,"caption":"Couverture de l'ouvrage de Damien Boquet, Piroska Nagy, Lidia Zanetti Domingues (dir.), Histoire des \u00e9motions collectives. \u00c9pist\u00e9mologie, \u00e9mergences, exp\u00e9riences, Paris, Classiques Garnier"},{"@type":"BreadcrumbList","@id":"https:\/\/telemme.mmsh.fr\/?p=11486#breadcrumb","itemListElement":[{"@type":"ListItem","position":1,"name":"Accueil","item":"https:\/\/telemme.mmsh.fr\/"},{"@type":"ListItem","position":2,"name":"Publications","item":"https:\/\/telemme.mmsh.fr\/?cat=1738"},{"@type":"ListItem","position":3,"name":"Directions d'ouvrage","item":"https:\/\/telemme.mmsh.fr\/?cat=1742"},{"@type":"ListItem","position":4,"name":"Histoire des \u00e9motions collectives"}]},{"@type":"WebSite","@id":"https:\/\/telemme.mmsh.fr\/#website","url":"https:\/\/telemme.mmsh.fr\/","name":"TELEMMe - Temps, espaces, langages, Europe m\u00e9ridionale, M\u00e9diterran\u00e9e","description":"","publisher":{"@id":"https:\/\/telemme.mmsh.fr\/#organization"},"potentialAction":[{"@type":"SearchAction","target":{"@type":"EntryPoint","urlTemplate":"https:\/\/telemme.mmsh.fr\/?s={search_term_string}"},"query-input":{"@type":"PropertyValueSpecification","valueRequired":true,"valueName":"search_term_string"}}],"inLanguage":"fr-FR"},{"@type":"Organization","@id":"https:\/\/telemme.mmsh.fr\/#organization","name":"TELEMMe","url":"https:\/\/telemme.mmsh.fr\/","logo":{"@type":"ImageObject","inLanguage":"fr-FR","@id":"https:\/\/telemme.mmsh.fr\/#\/schema\/logo\/image\/","url":"https:\/\/telemme.mmsh.fr\/wp-content\/uploads\/2020\/03\/LogoTELEMMe-horizontal-fond-transparent.png","contentUrl":"https:\/\/telemme.mmsh.fr\/wp-content\/uploads\/2020\/03\/LogoTELEMMe-horizontal-fond-transparent.png","width":1500,"height":437,"caption":"TELEMMe"},"image":{"@id":"https:\/\/telemme.mmsh.fr\/#\/schema\/logo\/image\/"}},{"@type":"Person","@id":"https:\/\/telemme.mmsh.fr\/#\/schema\/person\/86a185da4836381586528ced48e263f5","name":"Delphine Cavallo","url":"https:\/\/telemme.mmsh.fr\/?author=6"}]}},"_links":{"self":[{"href":"https:\/\/telemme.mmsh.fr\/index.php?rest_route=\/wp\/v2\/posts\/11486","targetHints":{"allow":["GET"]}}],"collection":[{"href":"https:\/\/telemme.mmsh.fr\/index.php?rest_route=\/wp\/v2\/posts"}],"about":[{"href":"https:\/\/telemme.mmsh.fr\/index.php?rest_route=\/wp\/v2\/types\/post"}],"author":[{"embeddable":true,"href":"https:\/\/telemme.mmsh.fr\/index.php?rest_route=\/wp\/v2\/users\/6"}],"replies":[{"embeddable":true,"href":"https:\/\/telemme.mmsh.fr\/index.php?rest_route=%2Fwp%2Fv2%2Fcomments&post=11486"}],"version-history":[{"count":4,"href":"https:\/\/telemme.mmsh.fr\/index.php?rest_route=\/wp\/v2\/posts\/11486\/revisions"}],"predecessor-version":[{"id":11493,"href":"https:\/\/telemme.mmsh.fr\/index.php?rest_route=\/wp\/v2\/posts\/11486\/revisions\/11493"}],"wp:featuredmedia":[{"embeddable":true,"href":"https:\/\/telemme.mmsh.fr\/index.php?rest_route=\/wp\/v2\/media\/11488"}],"wp:attachment":[{"href":"https:\/\/telemme.mmsh.fr\/index.php?rest_route=%2Fwp%2Fv2%2Fmedia&parent=11486"}],"wp:term":[{"taxonomy":"category","embeddable":true,"href":"https:\/\/telemme.mmsh.fr\/index.php?rest_route=%2Fwp%2Fv2%2Fcategories&post=11486"},{"taxonomy":"post_tag","embeddable":true,"href":"https:\/\/telemme.mmsh.fr\/index.php?rest_route=%2Fwp%2Fv2%2Ftags&post=11486"}],"curies":[{"name":"wp","href":"https:\/\/api.w.org\/{rel}","templated":true}]}}