{"id":11467,"date":"2022-09-08T18:08:41","date_gmt":"2022-09-08T16:08:41","guid":{"rendered":"https:\/\/telemme.mmsh.fr\/?p=11467"},"modified":"2022-09-08T18:13:42","modified_gmt":"2022-09-08T16:13:42","slug":"mediterranee-la-mer-comme-avenir-3e-edition-du-festival-des-sciences-et-des-arts-damu","status":"publish","type":"post","link":"https:\/\/telemme.mmsh.fr\/?p=11467","title":{"rendered":"M\u00e9diterran\u00e9e. La mer comme avenir. 3e \u00e9dition du festival des sciences et des arts d\u2019AMU"},"content":{"rendered":"\n<h2 class=\"wp-block-heading\"><strong>Du vendredi 16 au samedi 17 septembre 2022<br><\/strong>MUCEM \u2013 Auditorium, Forum, MucemLab du Fort Saint-Jean<\/h2>\n\n\n\n<p><strong>La <a href=\"https:\/\/mission-interdisciplinarite.univ-amu.fr\">Mission Interdisciplinarit\u00e9(s) d&rsquo;Aix-Marseille Universit\u00e9<\/a> accompagne la troisi\u00e8me \u00e9dition du Festival des sciences et des arts (Jeu de l&rsquo;Oie) et le cycle de rencontres<\/strong> <strong>\u00ab Tout un monde en mouvement \u00bb autour du th\u00e8me de la \u00ab&nbsp;M\u00e9diterran\u00e9e. La mer comme avenir \u00bb. \u00c0 cette occasion, \u00c9ric Berton, Pr\u00e9sident d\u2019Aix-Marseille Universit\u00e9, lancera l\u2019universit\u00e9 de la mer.<\/strong><\/p>\n\n\n\n<hr class=\"wp-block-separator has-alpha-channel-opacity\"\/>\n\n\n\n<p>Le th\u00e8me de l\u2018\u00e9dition 2022 du <a href=\"https:\/\/mission-interdisciplinarite.univ-amu.fr\/\">Festival des sciences et des arts (Jeu de l\u2019Oie)<\/a> invite \u00e0 mieux comprendre la mer M\u00e9diterran\u00e9e. La M\u00e9diterran\u00e9e est une mer travers\u00e9e par des r\u00e9cits, r\u00e9cits de fondations, r\u00e9cits de diversit\u00e9s, de conflictualit\u00e9s ou de partage de connaissances. Ces r\u00e9cits sont amen\u00e9s \u00e0 circuler, \u00e0 communiquer et \u00e0 se diffuser. Comment ce foisonnement culturel en M\u00e9diterran\u00e9e, renouvelle-t-il nos r\u00e9f\u00e9rences et nos imaginaires ? Ce festival permet d\u2019aborder \u00e9galement les fragilit\u00e9s, les ressources et les possibilit\u00e9s encore non explor\u00e9es d\u2019une mer dont la biodiversit\u00e9 se transforme quand la surpopulation humaine ne la d\u00e9truit pas. Vuln\u00e9rable, donc, mais aussi source d\u2019\u00e9nergie \u00e0 inventer, cette mer M\u00e9diterran\u00e9e est notre bien commun et borde trois continents. Mais les naufrages humains, les catastrophes climatiques comme les affrontements politiques et religieux sont-ils les seules figures d\u2019avenir de la M\u00e9diterran\u00e9e ? D\u2019autres r\u00e9cits port\u00e9s par les jeunes g\u00e9n\u00e9rations, majoritaires dans le monde m\u00e9diterran\u00e9en, ne sont-ils en train de voir le jour ? Comment penser notre avenir avec elle ?<\/p>\n\n\n\n<hr class=\"wp-block-separator has-alpha-channel-opacity\"\/>\n\n\n\n<h2 class=\"wp-block-heading\"><strong>Le 16 septembre : <\/strong><\/h2>\n\n\n\n<p>Des d\u00e9bats ouverts \u00e0 tout public dans l\u2019Auditorium du Mucem. La mer M\u00e9diterran\u00e9e est au c\u0153ur des discussions, observ\u00e9e sous de multiples facettes, \u00e9tudi\u00e9e par de nombreux sp\u00e9cialistes.&nbsp; Des moments artistiques ponctuent la journ\u00e9e et le Forum accueille des cr\u00e9ations sonores et des films courts d\u00e9di\u00e9s \u00e0 la M\u00e9diterran\u00e9e. Parmi ces moments :<\/p>\n\n\n\n<ul class=\"wp-block-list\"><li>Apr\u00e8s avoir pr\u00e9sent\u00e9 le festival, <strong><a href=\"https:\/\/telemme.mmsh.fr\/?membres=maryline-crivello\">Maryline Crivello<\/a><\/strong>, coordinatrice du festival, participera \u00e0 la table ronde inaugurale <a href=\"https:\/\/mission-interdisciplinarite.univ-amu.fr\/wordpress\/project\/une-mer-en-recits\/\">Une mer en r\u00e9cits <\/a>port\u00e9e par Thierry Fabre ;<\/li><li><a href=\"https:\/\/telemme.mmsh.fr\/?membres=daniel-faget\"><strong>Daniel Faget<\/strong><\/a> propose \u00e0 11h30 une table ronde intitul\u00e9e <a href=\"https:\/\/mission-interdisciplinarite.univ-amu.fr\/wordpress\/project\/une-mer-vulnerable\/\">Une mer vuln\u00e9rable<\/a> ;<\/li><li><strong><a href=\"https:\/\/telemme.mmsh.fr\/?membres=anne-cadoret\">Anne Cadoret<\/a> <\/strong>participe \u00e0 la table ronde  <a href=\"https:\/\/mission-interdisciplinarite.univ-amu.fr\/wordpress\/project\/une-mer-a-explorer\/\">Une mer \u00e0 explorer<\/a> propos\u00e9e par Richard Semp\u00e9r\u00e9 \u00e0 14h ;<\/li><li><strong><a href=\"https:\/\/telemme.mmsh.fr\/?membres=alexandre-grondeau\">Alexandre Grondeau<\/a><\/strong> participe \u00e0 15h45 \u00e0 la table ronde <a href=\"https:\/\/mission-interdisciplinarite.univ-amu.fr\/wordpress\/project\/une-mer-a-inventer-une-mer-a-partager\/\">Une mer \u00e0 inventer, une mer \u00e0 partager<\/a> port\u00e9e par Jean-Paul Mizzi ;<\/li><li>vous pourrez \u00e9galement visionner <a href=\"https:\/\/mission-interdisciplinarite.univ-amu.fr\/wordpress\/project\/une-mer-en-commun\/\">tout au long de la journ\u00e9e, dans le Forum du Mucem<\/a>, le film <strong><em>Pollution sur le territoire des Calanques marseillaises<\/em><\/strong> d&rsquo;Isabelle Laffont Schwob et <strong><a href=\"https:\/\/telemme.mmsh.fr\/?membres=xavier-daumalin\">Xavier Daumalin <\/a><\/strong>(2014, 8 minutes), <em>Interdisciplinarit\u00e9 \u2013 Synthercalm. Exp\u00e9rimenter l\u2019avenir, A*Midex.<\/em><\/li><\/ul>\n\n\n\n<h2 class=\"wp-block-heading\"><strong>Le 17 septembre :<\/strong> <\/h2>\n\n\n\n<p>Des rencontres libres et ouvertes qui d\u00e9clinent les th\u00e9matiques du festival sur la M\u00e9diterran\u00e9e (r\u00e9cits et histoire, vuln\u00e9rabilit\u00e9 et pollutions, d\u00e9couverte du potentiel marin, prospectives d&rsquo;avenir) dans l\u2019Auditorium, le Forum du Mucem et au MucemLab du Fort Saint-Jean. Projections de documentaires, d\u00e9couvertes de projets associatifs, visites d\u2019expositions et ateliers participatifs pour investir autrement l\u2019avenir de notre mer M\u00e9diterran\u00e9e.<\/p>\n\n\n\n<ul class=\"wp-block-list\"><li><strong><a href=\"https:\/\/telemme.mmsh.fr\/?membres=katharina-bellan\">Katharina Bellan<\/a><\/strong> anime un atelier autour de <a href=\"https:\/\/mission-interdisciplinarite.univ-amu.fr\/wordpress\/project\/marseille-entre-ville-et-port\/\">Marseille entre ville et port, \u00e0 travers l\u2019histoire du cin\u00e9ma 1921-2011<\/a>, en salle Khasim du MucemLab \u00e0 14h30, sur <strong><a href=\"https:\/\/formulaires.univ-amu.fr\/fr\/public\/inscription-atelier-marseille-entre-ville-port-a-travers-lhistoire-du-cinema-1921-2011\">inscription <\/a><\/strong>; <\/li><li><strong> Isabelle Laffont-Schwob et Xavier Daumalin<\/strong> animent un atelier intitul\u00e9 <a href=\"https:\/\/mission-interdisciplinarite.univ-amu.fr\/wordpress\/project\/restauration-ecologique-dans-les-calanques\/\">Restauration \u00e9cologique dans les Calanques : solution fond\u00e9e sur la nature pour les sols pollu\u00e9s par l\u2019activit\u00e9 industrielle<\/a> \u00e0 15h30 en salle Meltem du MucemLab, sur<strong><a href=\"https:\/\/formulaires.univ-amu.fr\/fr\/public\/inscription-atelier-restauration-ecologique-calanques-solution-fondee-nature-sols-pollues\"> inscription <\/a><\/strong>\u00e9galement.<\/li><\/ul>\n\n\n\n<hr class=\"wp-block-separator has-alpha-channel-opacity\"\/>\n\n\n\n<h2 class=\"wp-block-heading\">Pour en savoir plus :<\/h2>\n\n\n\n<ul class=\"wp-block-list\"><li>Le <strong><a href=\"https:\/\/mission-interdisciplinarite.univ-amu.fr\/wordpress\/programme\/\">programme <\/a><\/strong>complet en ligne<\/li><li>Le<strong><a href=\"https:\/\/mission-interdisciplinarite.univ-amu.fr\/wordpress\/wp-content\/uploads\/2022\/09\/Programme-numerique_VF-BAT.pdf\"> programme complet au format PDF<\/a><\/strong> \u00e0 t\u00e9l\u00e9charger<\/li><li><strong>Pour tout renseignement sur le d\u00e9roul\u00e9 des journ\u00e9es :<\/strong> <a href=\"https:\/\/mission-interdisciplinarite.univ-amu.fr\">mission-interdisciplinarite.univ-amu.fr<\/a><\/li><\/ul>\n","protected":false},"excerpt":{"rendered":"<p>La Mission Interdisciplinarit\u00e9(s) d&rsquo;Aix-Marseille Universit\u00e9 accompagne la troisi\u00e8me \u00e9dition du Festival des sciences et des arts (Jeu de l&rsquo;Oie) et le cycle de rencontres \u00ab Tout un monde en mouvement \u00bb autour du th\u00e8me de la \u00ab M\u00e9diterran\u00e9e. La mer comme avenir \u00bb. \u00c0 cette occasion, \u00c9ric Berton, Pr\u00e9sident d\u2019Aix-Marseille Universit\u00e9, lancera l<\/p>\n","protected":false},"author":6,"featured_media":11468,"comment_status":"closed","ping_status":"closed","sticky":false,"template":"","format":"standard","meta":{"neve_meta_sidebar":"","neve_meta_container":"","neve_meta_enable_content_width":"off","neve_meta_content_width":70,"neve_meta_title_alignment":"","neve_meta_author_avatar":"","neve_post_elements_order":"","neve_meta_disable_header":"","neve_meta_disable_footer":"","neve_meta_disable_title":"","_tribe_events_control_status":"","_tribe_events_control_status_canceled_reason":"","_tribe_events_control_status_postponed_reason":"","_tribe_events_control_online":"","_tribe_events_control_online_url":"","footnotes":""},"categories":[1992],"tags":[2524,2526],"class_list":["post-11467","post","type-post","status-publish","format-standard","has-post-thumbnail","hentry","category-rencontres","tag-festival","tag-mer"],"yoast_head":"<!-- This site is optimized with the Yoast SEO plugin v27.4 - https:\/\/yoast.com\/product\/yoast-seo-wordpress\/ -->\n<title>M\u00e9diterran\u00e9e. La mer comme avenir. 3e \u00e9dition du festival des sciences et des arts d\u2019AMU - TELEMMe - Temps, espaces, langages, Europe m\u00e9ridionale, M\u00e9diterran\u00e9e<\/title>\n<meta name=\"description\" content=\"La Mission Interdisciplinarit\u00e9(s) d&#039;Aix-Marseille Universit\u00e9 accompagne la troisi\u00e8me \u00e9dition du Festival des sciences et des arts (Jeu de l&#039;Oie) et le cycle de rencontres \u00ab Tout un monde en mouvement \u00bb autour du th\u00e8me de la \u00ab M\u00e9diterran\u00e9e. La mer comme avenir \u00bb. \u00c0 cette occasion, \u00c9ric Berton, Pr\u00e9sident d\u2019Aix-Marseille Universit\u00e9, lancera l\" \/>\n<meta name=\"robots\" content=\"index, follow, max-snippet:-1, max-image-preview:large, max-video-preview:-1\" \/>\n<link rel=\"canonical\" href=\"https:\/\/telemme.mmsh.fr\/?p=11467\" \/>\n<meta property=\"og:locale\" content=\"fr_FR\" \/>\n<meta property=\"og:type\" content=\"article\" \/>\n<meta property=\"og:title\" content=\"M\u00e9diterran\u00e9e. La mer comme avenir. 3e \u00e9dition du festival des sciences et des arts d\u2019AMU - TELEMMe - Temps, espaces, langages, Europe m\u00e9ridionale, M\u00e9diterran\u00e9e\" \/>\n<meta property=\"og:description\" content=\"La Mission Interdisciplinarit\u00e9(s) d&#039;Aix-Marseille Universit\u00e9 accompagne la troisi\u00e8me \u00e9dition du Festival des sciences et des arts (Jeu de l&#039;Oie) et le cycle de rencontres \u00ab Tout un monde en mouvement \u00bb autour du th\u00e8me de la \u00ab M\u00e9diterran\u00e9e. La mer comme avenir \u00bb. \u00c0 cette occasion, \u00c9ric Berton, Pr\u00e9sident d\u2019Aix-Marseille Universit\u00e9, lancera l\" \/>\n<meta property=\"og:url\" content=\"https:\/\/telemme.mmsh.fr\/?p=11467\" \/>\n<meta property=\"og:site_name\" content=\"TELEMMe - Temps, espaces, langages, Europe m\u00e9ridionale, M\u00e9diterran\u00e9e\" \/>\n<meta property=\"article:published_time\" content=\"2022-09-08T16:08:41+00:00\" \/>\n<meta property=\"article:modified_time\" content=\"2022-09-08T16:13:42+00:00\" \/>\n<meta property=\"og:image\" content=\"https:\/\/telemme.mmsh.fr\/wp-content\/uploads\/2022\/09\/2022_Visuels-com_1920x1080px-HD-scaled.jpg\" \/>\n\t<meta property=\"og:image:width\" content=\"2560\" \/>\n\t<meta property=\"og:image:height\" content=\"1440\" \/>\n\t<meta property=\"og:image:type\" content=\"image\/jpeg\" \/>\n<meta name=\"author\" content=\"Delphine Cavallo\" \/>\n<meta name=\"twitter:card\" content=\"summary_large_image\" \/>\n<meta name=\"twitter:label1\" content=\"\u00c9crit par\" \/>\n\t<meta name=\"twitter:data1\" content=\"Delphine Cavallo\" \/>\n\t<meta name=\"twitter:label2\" content=\"Dur\u00e9e de lecture estim\u00e9e\" \/>\n\t<meta name=\"twitter:data2\" content=\"3 minutes\" \/>\n<script type=\"application\/ld+json\" class=\"yoast-schema-graph\">{\"@context\":\"https:\\\/\\\/schema.org\",\"@graph\":[{\"@type\":\"Article\",\"@id\":\"https:\\\/\\\/telemme.mmsh.fr\\\/?p=11467#article\",\"isPartOf\":{\"@id\":\"https:\\\/\\\/telemme.mmsh.fr\\\/?p=11467\"},\"author\":{\"name\":\"Delphine Cavallo\",\"@id\":\"https:\\\/\\\/telemme.mmsh.fr\\\/#\\\/schema\\\/person\\\/86a185da4836381586528ced48e263f5\"},\"headline\":\"M\u00e9diterran\u00e9e. La mer comme avenir. 3e \u00e9dition du festival des sciences et des arts d\u2019AMU\",\"datePublished\":\"2022-09-08T16:08:41+00:00\",\"dateModified\":\"2022-09-08T16:13:42+00:00\",\"mainEntityOfPage\":{\"@id\":\"https:\\\/\\\/telemme.mmsh.fr\\\/?p=11467\"},\"wordCount\":641,\"publisher\":{\"@id\":\"https:\\\/\\\/telemme.mmsh.fr\\\/#organization\"},\"image\":{\"@id\":\"https:\\\/\\\/telemme.mmsh.fr\\\/?p=11467#primaryimage\"},\"thumbnailUrl\":\"https:\\\/\\\/telemme.mmsh.fr\\\/wp-content\\\/uploads\\\/2022\\\/09\\\/2022_Visuels-com_1920x1080px-HD-scaled.jpg\",\"keywords\":[\"festival\",\"mer\"],\"articleSection\":[\"Rencontres\"],\"inLanguage\":\"fr-FR\"},{\"@type\":\"WebPage\",\"@id\":\"https:\\\/\\\/telemme.mmsh.fr\\\/?p=11467\",\"url\":\"https:\\\/\\\/telemme.mmsh.fr\\\/?p=11467\",\"name\":\"M\u00e9diterran\u00e9e. La mer comme avenir. 3e \u00e9dition du festival des sciences et des arts d\u2019AMU - TELEMMe - Temps, espaces, langages, Europe m\u00e9ridionale, M\u00e9diterran\u00e9e\",\"isPartOf\":{\"@id\":\"https:\\\/\\\/telemme.mmsh.fr\\\/#website\"},\"primaryImageOfPage\":{\"@id\":\"https:\\\/\\\/telemme.mmsh.fr\\\/?p=11467#primaryimage\"},\"image\":{\"@id\":\"https:\\\/\\\/telemme.mmsh.fr\\\/?p=11467#primaryimage\"},\"thumbnailUrl\":\"https:\\\/\\\/telemme.mmsh.fr\\\/wp-content\\\/uploads\\\/2022\\\/09\\\/2022_Visuels-com_1920x1080px-HD-scaled.jpg\",\"datePublished\":\"2022-09-08T16:08:41+00:00\",\"dateModified\":\"2022-09-08T16:13:42+00:00\",\"description\":\"La Mission Interdisciplinarit\u00e9(s) d'Aix-Marseille Universit\u00e9 accompagne la troisi\u00e8me \u00e9dition du Festival des sciences et des arts (Jeu de l'Oie) et le cycle de rencontres \u00ab Tout un monde en mouvement \u00bb autour du th\u00e8me de la \u00ab M\u00e9diterran\u00e9e. La mer comme avenir \u00bb. \u00c0 cette occasion, \u00c9ric Berton, Pr\u00e9sident d\u2019Aix-Marseille Universit\u00e9, lancera l\",\"breadcrumb\":{\"@id\":\"https:\\\/\\\/telemme.mmsh.fr\\\/?p=11467#breadcrumb\"},\"inLanguage\":\"fr-FR\",\"potentialAction\":[{\"@type\":\"ReadAction\",\"target\":[\"https:\\\/\\\/telemme.mmsh.fr\\\/?p=11467\"]}]},{\"@type\":\"ImageObject\",\"inLanguage\":\"fr-FR\",\"@id\":\"https:\\\/\\\/telemme.mmsh.fr\\\/?p=11467#primaryimage\",\"url\":\"https:\\\/\\\/telemme.mmsh.fr\\\/wp-content\\\/uploads\\\/2022\\\/09\\\/2022_Visuels-com_1920x1080px-HD-scaled.jpg\",\"contentUrl\":\"https:\\\/\\\/telemme.mmsh.fr\\\/wp-content\\\/uploads\\\/2022\\\/09\\\/2022_Visuels-com_1920x1080px-HD-scaled.jpg\",\"width\":2560,\"height\":1440,\"caption\":\"Visuel de la 3e \u00e9dition du Festivale des sciences et des arts d'AMU : M\u00e9diterran\u00e9e. La mer comme avenir\"},{\"@type\":\"BreadcrumbList\",\"@id\":\"https:\\\/\\\/telemme.mmsh.fr\\\/?p=11467#breadcrumb\",\"itemListElement\":[{\"@type\":\"ListItem\",\"position\":1,\"name\":\"Accueil\",\"item\":\"https:\\\/\\\/telemme.mmsh.fr\\\/\"},{\"@type\":\"ListItem\",\"position\":2,\"name\":\"Actualit\u00e9s\",\"item\":\"https:\\\/\\\/telemme.mmsh.fr\\\/?cat=1995\"},{\"@type\":\"ListItem\",\"position\":3,\"name\":\"Rencontres\",\"item\":\"https:\\\/\\\/telemme.mmsh.fr\\\/?cat=1992\"},{\"@type\":\"ListItem\",\"position\":4,\"name\":\"M\u00e9diterran\u00e9e. La mer comme avenir. 3e \u00e9dition du festival des sciences et des arts d\u2019AMU\"}]},{\"@type\":\"WebSite\",\"@id\":\"https:\\\/\\\/telemme.mmsh.fr\\\/#website\",\"url\":\"https:\\\/\\\/telemme.mmsh.fr\\\/\",\"name\":\"TELEMMe - Temps, espaces, langages, Europe m\u00e9ridionale, M\u00e9diterran\u00e9e\",\"description\":\"\",\"publisher\":{\"@id\":\"https:\\\/\\\/telemme.mmsh.fr\\\/#organization\"},\"potentialAction\":[{\"@type\":\"SearchAction\",\"target\":{\"@type\":\"EntryPoint\",\"urlTemplate\":\"https:\\\/\\\/telemme.mmsh.fr\\\/?s={search_term_string}\"},\"query-input\":{\"@type\":\"PropertyValueSpecification\",\"valueRequired\":true,\"valueName\":\"search_term_string\"}}],\"inLanguage\":\"fr-FR\"},{\"@type\":\"Organization\",\"@id\":\"https:\\\/\\\/telemme.mmsh.fr\\\/#organization\",\"name\":\"TELEMMe\",\"url\":\"https:\\\/\\\/telemme.mmsh.fr\\\/\",\"logo\":{\"@type\":\"ImageObject\",\"inLanguage\":\"fr-FR\",\"@id\":\"https:\\\/\\\/telemme.mmsh.fr\\\/#\\\/schema\\\/logo\\\/image\\\/\",\"url\":\"https:\\\/\\\/telemme.mmsh.fr\\\/wp-content\\\/uploads\\\/2020\\\/03\\\/LogoTELEMMe-horizontal-fond-transparent.png\",\"contentUrl\":\"https:\\\/\\\/telemme.mmsh.fr\\\/wp-content\\\/uploads\\\/2020\\\/03\\\/LogoTELEMMe-horizontal-fond-transparent.png\",\"width\":1500,\"height\":437,\"caption\":\"TELEMMe\"},\"image\":{\"@id\":\"https:\\\/\\\/telemme.mmsh.fr\\\/#\\\/schema\\\/logo\\\/image\\\/\"}},{\"@type\":\"Person\",\"@id\":\"https:\\\/\\\/telemme.mmsh.fr\\\/#\\\/schema\\\/person\\\/86a185da4836381586528ced48e263f5\",\"name\":\"Delphine Cavallo\",\"url\":\"https:\\\/\\\/telemme.mmsh.fr\\\/?author=6\"}]}<\/script>\n<!-- \/ Yoast SEO plugin. -->","yoast_head_json":{"title":"M\u00e9diterran\u00e9e. La mer comme avenir. 3e \u00e9dition du festival des sciences et des arts d\u2019AMU - TELEMMe - Temps, espaces, langages, Europe m\u00e9ridionale, M\u00e9diterran\u00e9e","description":"La Mission Interdisciplinarit\u00e9(s) d'Aix-Marseille Universit\u00e9 accompagne la troisi\u00e8me \u00e9dition du Festival des sciences et des arts (Jeu de l'Oie) et le cycle de rencontres \u00ab Tout un monde en mouvement \u00bb autour du th\u00e8me de la \u00ab M\u00e9diterran\u00e9e. La mer comme avenir \u00bb. \u00c0 cette occasion, \u00c9ric Berton, Pr\u00e9sident d\u2019Aix-Marseille Universit\u00e9, lancera l","robots":{"index":"index","follow":"follow","max-snippet":"max-snippet:-1","max-image-preview":"max-image-preview:large","max-video-preview":"max-video-preview:-1"},"canonical":"https:\/\/telemme.mmsh.fr\/?p=11467","og_locale":"fr_FR","og_type":"article","og_title":"M\u00e9diterran\u00e9e. La mer comme avenir. 3e \u00e9dition du festival des sciences et des arts d\u2019AMU - TELEMMe - Temps, espaces, langages, Europe m\u00e9ridionale, M\u00e9diterran\u00e9e","og_description":"La Mission Interdisciplinarit\u00e9(s) d'Aix-Marseille Universit\u00e9 accompagne la troisi\u00e8me \u00e9dition du Festival des sciences et des arts (Jeu de l'Oie) et le cycle de rencontres \u00ab Tout un monde en mouvement \u00bb autour du th\u00e8me de la \u00ab M\u00e9diterran\u00e9e. La mer comme avenir \u00bb. \u00c0 cette occasion, \u00c9ric Berton, Pr\u00e9sident d\u2019Aix-Marseille Universit\u00e9, lancera l","og_url":"https:\/\/telemme.mmsh.fr\/?p=11467","og_site_name":"TELEMMe - Temps, espaces, langages, Europe m\u00e9ridionale, M\u00e9diterran\u00e9e","article_published_time":"2022-09-08T16:08:41+00:00","article_modified_time":"2022-09-08T16:13:42+00:00","og_image":[{"width":2560,"height":1440,"url":"https:\/\/telemme.mmsh.fr\/wp-content\/uploads\/2022\/09\/2022_Visuels-com_1920x1080px-HD-scaled.jpg","type":"image\/jpeg"}],"author":"Delphine Cavallo","twitter_card":"summary_large_image","twitter_misc":{"\u00c9crit par":"Delphine Cavallo","Dur\u00e9e de lecture estim\u00e9e":"3 minutes"},"schema":{"@context":"https:\/\/schema.org","@graph":[{"@type":"Article","@id":"https:\/\/telemme.mmsh.fr\/?p=11467#article","isPartOf":{"@id":"https:\/\/telemme.mmsh.fr\/?p=11467"},"author":{"name":"Delphine Cavallo","@id":"https:\/\/telemme.mmsh.fr\/#\/schema\/person\/86a185da4836381586528ced48e263f5"},"headline":"M\u00e9diterran\u00e9e. La mer comme avenir. 3e \u00e9dition du festival des sciences et des arts d\u2019AMU","datePublished":"2022-09-08T16:08:41+00:00","dateModified":"2022-09-08T16:13:42+00:00","mainEntityOfPage":{"@id":"https:\/\/telemme.mmsh.fr\/?p=11467"},"wordCount":641,"publisher":{"@id":"https:\/\/telemme.mmsh.fr\/#organization"},"image":{"@id":"https:\/\/telemme.mmsh.fr\/?p=11467#primaryimage"},"thumbnailUrl":"https:\/\/telemme.mmsh.fr\/wp-content\/uploads\/2022\/09\/2022_Visuels-com_1920x1080px-HD-scaled.jpg","keywords":["festival","mer"],"articleSection":["Rencontres"],"inLanguage":"fr-FR"},{"@type":"WebPage","@id":"https:\/\/telemme.mmsh.fr\/?p=11467","url":"https:\/\/telemme.mmsh.fr\/?p=11467","name":"M\u00e9diterran\u00e9e. La mer comme avenir. 3e \u00e9dition du festival des sciences et des arts d\u2019AMU - TELEMMe - Temps, espaces, langages, Europe m\u00e9ridionale, M\u00e9diterran\u00e9e","isPartOf":{"@id":"https:\/\/telemme.mmsh.fr\/#website"},"primaryImageOfPage":{"@id":"https:\/\/telemme.mmsh.fr\/?p=11467#primaryimage"},"image":{"@id":"https:\/\/telemme.mmsh.fr\/?p=11467#primaryimage"},"thumbnailUrl":"https:\/\/telemme.mmsh.fr\/wp-content\/uploads\/2022\/09\/2022_Visuels-com_1920x1080px-HD-scaled.jpg","datePublished":"2022-09-08T16:08:41+00:00","dateModified":"2022-09-08T16:13:42+00:00","description":"La Mission Interdisciplinarit\u00e9(s) d'Aix-Marseille Universit\u00e9 accompagne la troisi\u00e8me \u00e9dition du Festival des sciences et des arts (Jeu de l'Oie) et le cycle de rencontres \u00ab Tout un monde en mouvement \u00bb autour du th\u00e8me de la \u00ab M\u00e9diterran\u00e9e. La mer comme avenir \u00bb. \u00c0 cette occasion, \u00c9ric Berton, Pr\u00e9sident d\u2019Aix-Marseille Universit\u00e9, lancera l","breadcrumb":{"@id":"https:\/\/telemme.mmsh.fr\/?p=11467#breadcrumb"},"inLanguage":"fr-FR","potentialAction":[{"@type":"ReadAction","target":["https:\/\/telemme.mmsh.fr\/?p=11467"]}]},{"@type":"ImageObject","inLanguage":"fr-FR","@id":"https:\/\/telemme.mmsh.fr\/?p=11467#primaryimage","url":"https:\/\/telemme.mmsh.fr\/wp-content\/uploads\/2022\/09\/2022_Visuels-com_1920x1080px-HD-scaled.jpg","contentUrl":"https:\/\/telemme.mmsh.fr\/wp-content\/uploads\/2022\/09\/2022_Visuels-com_1920x1080px-HD-scaled.jpg","width":2560,"height":1440,"caption":"Visuel de la 3e \u00e9dition du Festivale des sciences et des arts d'AMU : M\u00e9diterran\u00e9e. La mer comme avenir"},{"@type":"BreadcrumbList","@id":"https:\/\/telemme.mmsh.fr\/?p=11467#breadcrumb","itemListElement":[{"@type":"ListItem","position":1,"name":"Accueil","item":"https:\/\/telemme.mmsh.fr\/"},{"@type":"ListItem","position":2,"name":"Actualit\u00e9s","item":"https:\/\/telemme.mmsh.fr\/?cat=1995"},{"@type":"ListItem","position":3,"name":"Rencontres","item":"https:\/\/telemme.mmsh.fr\/?cat=1992"},{"@type":"ListItem","position":4,"name":"M\u00e9diterran\u00e9e. La mer comme avenir. 3e \u00e9dition du festival des sciences et des arts d\u2019AMU"}]},{"@type":"WebSite","@id":"https:\/\/telemme.mmsh.fr\/#website","url":"https:\/\/telemme.mmsh.fr\/","name":"TELEMMe - Temps, espaces, langages, Europe m\u00e9ridionale, M\u00e9diterran\u00e9e","description":"","publisher":{"@id":"https:\/\/telemme.mmsh.fr\/#organization"},"potentialAction":[{"@type":"SearchAction","target":{"@type":"EntryPoint","urlTemplate":"https:\/\/telemme.mmsh.fr\/?s={search_term_string}"},"query-input":{"@type":"PropertyValueSpecification","valueRequired":true,"valueName":"search_term_string"}}],"inLanguage":"fr-FR"},{"@type":"Organization","@id":"https:\/\/telemme.mmsh.fr\/#organization","name":"TELEMMe","url":"https:\/\/telemme.mmsh.fr\/","logo":{"@type":"ImageObject","inLanguage":"fr-FR","@id":"https:\/\/telemme.mmsh.fr\/#\/schema\/logo\/image\/","url":"https:\/\/telemme.mmsh.fr\/wp-content\/uploads\/2020\/03\/LogoTELEMMe-horizontal-fond-transparent.png","contentUrl":"https:\/\/telemme.mmsh.fr\/wp-content\/uploads\/2020\/03\/LogoTELEMMe-horizontal-fond-transparent.png","width":1500,"height":437,"caption":"TELEMMe"},"image":{"@id":"https:\/\/telemme.mmsh.fr\/#\/schema\/logo\/image\/"}},{"@type":"Person","@id":"https:\/\/telemme.mmsh.fr\/#\/schema\/person\/86a185da4836381586528ced48e263f5","name":"Delphine Cavallo","url":"https:\/\/telemme.mmsh.fr\/?author=6"}]}},"_links":{"self":[{"href":"https:\/\/telemme.mmsh.fr\/index.php?rest_route=\/wp\/v2\/posts\/11467","targetHints":{"allow":["GET"]}}],"collection":[{"href":"https:\/\/telemme.mmsh.fr\/index.php?rest_route=\/wp\/v2\/posts"}],"about":[{"href":"https:\/\/telemme.mmsh.fr\/index.php?rest_route=\/wp\/v2\/types\/post"}],"author":[{"embeddable":true,"href":"https:\/\/telemme.mmsh.fr\/index.php?rest_route=\/wp\/v2\/users\/6"}],"replies":[{"embeddable":true,"href":"https:\/\/telemme.mmsh.fr\/index.php?rest_route=%2Fwp%2Fv2%2Fcomments&post=11467"}],"version-history":[{"count":11,"href":"https:\/\/telemme.mmsh.fr\/index.php?rest_route=\/wp\/v2\/posts\/11467\/revisions"}],"predecessor-version":[{"id":13046,"href":"https:\/\/telemme.mmsh.fr\/index.php?rest_route=\/wp\/v2\/posts\/11467\/revisions\/13046"}],"wp:featuredmedia":[{"embeddable":true,"href":"https:\/\/telemme.mmsh.fr\/index.php?rest_route=\/wp\/v2\/media\/11468"}],"wp:attachment":[{"href":"https:\/\/telemme.mmsh.fr\/index.php?rest_route=%2Fwp%2Fv2%2Fmedia&parent=11467"}],"wp:term":[{"taxonomy":"category","embeddable":true,"href":"https:\/\/telemme.mmsh.fr\/index.php?rest_route=%2Fwp%2Fv2%2Fcategories&post=11467"},{"taxonomy":"post_tag","embeddable":true,"href":"https:\/\/telemme.mmsh.fr\/index.php?rest_route=%2Fwp%2Fv2%2Ftags&post=11467"}],"curies":[{"name":"wp","href":"https:\/\/api.w.org\/{rel}","templated":true}]}}