{"id":11396,"date":"2022-09-14T10:27:00","date_gmt":"2022-09-14T08:27:00","guid":{"rendered":"https:\/\/telemme.mmsh.fr\/?p=11396"},"modified":"2022-09-14T15:29:14","modified_gmt":"2022-09-14T13:29:14","slug":"telemme-aux-rendez-vous-de-lhistoire-de-blois-2022","status":"publish","type":"post","link":"https:\/\/telemme.mmsh.fr\/?p=11396","title":{"rendered":"TELEMMe aux Rendez-vous de l\u2019histoire de Blois 2022"},"content":{"rendered":"\n<h2 class=\"has-text-align-center has-medium-font-size wp-block-heading\"><strong>Cette ann\u00e9e encore, plusieurs membres de TELEMMe seront pr\u00e9sent\u00b7es aux\u00a0<\/strong><a href=\"https:\/\/rdv-histoire.com\/\"><strong>Rendez-vous de l\u2019histoire de Blois<\/strong><\/a><strong>. Pour leurs 25 ans, les RVH de Blois seront consacr\u00e9s \u00e0 la mer.\u00a0<\/strong><br>Ils se tiennent du 5 au 9 octobre en\u00a0plusieurs lieux de la ville.<\/h2>\n\n\n\n<hr class=\"wp-block-separator has-alpha-channel-opacity\"\/>\n\n\n\n<p><\/p>\n\n\n\n<div class=\"wp-block-columns is-layout-flex wp-container-core-columns-is-layout-9d6595d7 wp-block-columns-is-layout-flex\">\n<div class=\"wp-block-column is-layout-flow wp-block-column-is-layout-flow\" style=\"flex-basis:33.33%\"><div class=\"wp-block-image is-style-rounded wp-duotone-rgb0106217-ffffff-1\">\n<figure class=\"aligncenter size-large is-resized\"><img loading=\"lazy\" decoding=\"async\" src=\"https:\/\/telemme.mmsh.fr\/wp-content\/uploads\/2020\/11\/Virginie_Baby-Collin2_opt1.jpg\" alt=\"\" width=\"199\" height=\"232\"\/><\/figure>\n<\/div><\/div>\n\n\n\n<div class=\"wp-block-column is-layout-flow wp-block-column-is-layout-flow\" style=\"flex-basis:66.66%\">\n<p><a href=\"https:\/\/rdv-histoire.com\/intervenants\/virginie-baby-collin\"><strong>Virginie BABY-COLLIN<\/strong><\/a>, professeure de g\u00e9ographie \u00e0 l\u2019INSPE Aix-Marseille, participera \u00e0 la table ronde <a href=\"https:\/\/rdv-histoire.com\/programme\/la-fabrique-de-la-mediterranee-cartographier-les-migrations-depuis-lantiquite\"><strong>La fabrique de la M\u00e9diterran\u00e9e : cartographier les migrations depuis l&rsquo;Antiquit\u00e9<\/strong><\/a> mod\u00e9r\u00e9e par St\u00e9phane MOURLANE et en pr\u00e9sence de Mathieu GRENET, C\u00e9dric QUERTIER et Sophie BOUFFIER.<\/p>\n\n\n\n<ul class=\"wp-block-list\"><li><strong>Ven.\u00a007\u00a0Oct.\u00a02022<\/strong>\u00a011:45\u00a0\u2022\u00a0Site Chocolaterie de l&rsquo;IUT,\u00a0Amphi 2<br><em>Carte blanche \u00e0 la Maison M\u00e9diterran\u00e9enne des Sciences de l\u2019Homme<\/em><\/li><\/ul>\n<\/div>\n<\/div>\n\n\n\n<hr class=\"wp-block-separator has-alpha-channel-opacity\"\/>\n\n\n\n<div class=\"wp-block-columns is-layout-flex wp-container-core-columns-is-layout-9d6595d7 wp-block-columns-is-layout-flex\">\n<div class=\"wp-block-column is-layout-flow wp-block-column-is-layout-flow\" style=\"flex-basis:66.66%\">\n<p id=\"block-b0e980e2-4205-446b-ae90-4c0681f74aed\"><a href=\"https:\/\/rdv-histoire.com\/intervenants\/gilbert-buti\"><strong>Gilbert BUTI<\/strong><\/a><strong>,<\/strong> professeur \u00e9m\u00e9rite d\u2019histoire moderne, participera \u00e0 deux tables rondes :<\/p>\n\n\n\n<p id=\"block-edfbf01c-293f-4b16-a18d-a1fcaddabbdc\"><a href=\"https:\/\/rdv-histoire.com\/programme\/microcosmes-de-navires-les-equipages-au-travail-entre-hierarchies-et-conflits-moyen-age\">Microcosmes de navires. Les \u00e9quipages au travail, entre hi\u00e9rarchies et conflits (Moyen \u00c2ge &#8211; XX<sup>e<\/sup> si\u00e8cle)<\/a> mod\u00e9r\u00e9e par Corine MAITTE et en pr\u00e9sence d&rsquo;Alessandro STANZIANI, Laure-H\u00e9l\u00e8ne GOUFFRAN et Sol\u00e8ne RIVOAL.<\/p>\n\n\n\n<ul class=\"wp-block-list\"><li><strong>Sam.&nbsp;08&nbsp;Oct.&nbsp;2022<\/strong> 11:30-13:00\u2022&nbsp;INSA,&nbsp;\u00c9cole du paysage &#8211; Grand amphi<br><em>Carte blanche \u00e0 l&rsquo;Association de l&rsquo;histoire des mondes du travail (AFHMT)<\/em><\/li><\/ul>\n<\/div>\n\n\n\n<div class=\"wp-block-column is-layout-flow wp-block-column-is-layout-flow\" style=\"flex-basis:33.33%\"><div class=\"wp-block-image is-style-rounded wp-duotone-rgb0106217-ffffff-2\">\n<figure class=\"aligncenter size-large is-resized\"><img loading=\"lazy\" decoding=\"async\" src=\"https:\/\/rdv-histoire.com\/sites\/rdvhistoire\/files\/styles\/auto_1000\/public\/import_zone_festival\/Buti-Gilbert-2022.JPG?itok=itWMjd4D\" alt=\"\" width=\"199\" height=\"232\"\/><\/figure>\n<\/div><\/div>\n<\/div>\n\n\n\n<p id=\"block-79ec28d4-e23f-44a4-ab62-f635853b7437\"><a href=\"https:\/\/rdv-histoire.com\/programme\/fortunes-et-infortunes-darmateurs-de-trimalcion-onassis\">Fortunes et infortunes d&rsquo;armateurs : de Trimalcion \u00e0 Onassis<\/a>. La mod\u00e9ration de cette table ronde sera assur\u00e9e par Isabelle HEULLANT-DONAT avec pour invit\u00e9s Jean-Pierre DORMOIS, Elisabeth CROUZET-PAVAN ainsi que Sylvie PITTIA.<\/p>\n\n\n\n<ul class=\"wp-block-list\"><li><strong>Sam.&nbsp;08&nbsp;Oct.&nbsp;2022 <\/strong>14:15-15:45&nbsp;\u2022&nbsp;INSA,&nbsp;\u00c9cole du paysage &#8211; Grand amphi<br><em>Carte blanche \u00e0 la Soci\u00e9t\u00e9 des Professeurs d&rsquo;Histoire Ancienne de l&rsquo;Universit\u00e9 (SoPHAU)<\/em><\/li><\/ul>\n\n\n\n<p>Gilbert BUTI participera aussi au <a href=\"https:\/\/rdv-histoire.com\/programme\/le-marathon-des-images\">Marathon des images<\/a> avec 17 autres chercheuses et chercheurs.<\/p>\n\n\n\n<ul class=\"wp-block-list\"><li><strong>Sam.&nbsp;08&nbsp;Oct.&nbsp;2022 <\/strong>21:00-00:00&nbsp;\u2022&nbsp;Les Lobis,&nbsp;Salle 1<\/li><\/ul>\n\n\n\n<hr class=\"wp-block-separator has-alpha-channel-opacity\"\/>\n\n\n\n<div class=\"wp-block-columns is-layout-flex wp-container-core-columns-is-layout-9d6595d7 wp-block-columns-is-layout-flex\">\n<div class=\"wp-block-column is-layout-flow wp-block-column-is-layout-flow\" style=\"flex-basis:100%\">\n<div class=\"wp-block-columns is-layout-flex wp-container-core-columns-is-layout-9d6595d7 wp-block-columns-is-layout-flex\">\n<div class=\"wp-block-column is-layout-flow wp-block-column-is-layout-flow\" style=\"flex-basis:30%\"><div class=\"wp-block-image is-style-rounded wp-duotone-rgb0106217-ffffff-3\">\n<figure class=\"aligncenter size-large is-resized\"><img loading=\"lazy\" decoding=\"async\" src=\"https:\/\/telemme.mmsh.fr\/wp-content\/uploads\/2020\/11\/Photo-le-13-01-2021-a-17.56.jpg\" alt=\"\" width=\"280\" height=\"186\"\/><\/figure>\n<\/div><\/div>\n\n\n\n<div class=\"wp-block-column is-layout-flow wp-block-column-is-layout-flow\">\n<p><a href=\"https:\/\/rdv-histoire.com\/intervenants\/anne-carol\"><strong>Anne CAROL<\/strong><\/a>, professeure d&rsquo;histoire contemporaine et membre de l\u2019Institut universitaire de France, pr\u00e9sentera son ouvrage <a href=\"https:\/\/rdv-histoire.com\/programme\/la-mise-en-piece-de-gambetta\"><em>La mise en pi\u00e8ce de Gambetta<\/em><\/a> publi\u00e9 en 2022 aux \u00e9ditions J\u00e9r\u00f4me Millon.<\/p>\n\n\n\n<ul class=\"wp-block-list\"><li><strong>Dim.&nbsp;09&nbsp;Oct.&nbsp;2022 <\/strong>11:30-12:30&nbsp;\u2022&nbsp;Ch\u00e2teau Royal de Blois,&nbsp;Salle Mansart<br><em>Carte blanche aux \u00e9ditions J\u00e9r\u00f4me Millon<\/em><\/li><\/ul>\n<\/div>\n<\/div>\n<\/div>\n<\/div>\n\n\n\n<hr class=\"wp-block-separator has-alpha-channel-opacity\"\/>\n\n\n\n<div class=\"wp-block-columns is-layout-flex wp-container-core-columns-is-layout-9d6595d7 wp-block-columns-is-layout-flex\">\n<div class=\"wp-block-column is-layout-flow wp-block-column-is-layout-flow\" style=\"flex-basis:70%\">\n<p><strong><a href=\"https:\/\/rdv-histoire.com\/intervenants\/daniel-faget\" target=\"_blank\" rel=\"noreferrer noopener sponsored nofollow\">Daniel FAGET<\/a>,<\/strong> ma\u00eetre de conf\u00e9rences HDR en histoire moderne, interviendra \u00e0 la table ronde <a href=\"https:\/\/rdv-histoire.com\/programme\/les-peuples-de-la-mer-un-univers-meconnu-environnement-societes-et-animaux-marins\">Les peuples de la mer, un univers m\u00e9connu ? Environnement, soci\u00e9t\u00e9s et animaux marins<\/a> mod\u00e9r\u00e9e par Charles-Fran\u00e7ois MATHIS en pr\u00e9sence de Philippe LE NILIOT et Sol\u00e8ne RIVOAL .<\/p>\n\n\n\n<ul class=\"wp-block-list\"><li><strong>Ven.&nbsp;07&nbsp;Oct.&nbsp;2022<\/strong> 16:15-17:45&nbsp;\u2022&nbsp;Site Chocolaterie de l&rsquo;IUT,&nbsp;Amphi 2<\/li><\/ul>\n\n\n\n<div style=\"height:10px\" aria-hidden=\"true\" class=\"wp-block-spacer\"><\/div>\n\n\n\n<p>Le jour suivant Daniel FAGET aura une carte blanche pour <a href=\"https:\/\/rdv-histoire.com\/programme\/une-mer-de-techniques-innovations-conflits-et-regulations-du-xviiie-siecle-nos-jours\">&nbsp;Une mer de techniques. Innovations, conflits et r\u00e9gulations du XVIII<sup>e<\/sup> si\u00e8cle \u00e0 nos jours<\/a> mod\u00e9r\u00e9e par David PLOUVIEZ et en pr\u00e9sence de Romain GRANCHER, Ana\u00ebl MARREC et G\u00e9raldine BARRON.<\/p>\n\n\n\n<ul class=\"wp-block-list\"><li>&nbsp;<strong>Sam. 08 Oct. 2022<\/strong> 11:30-13:00&nbsp;\u2022&nbsp;Conservatoire de Musique,&nbsp;Auditorium<br><em>Carte blanche au Groupe de recherche Techniques et production dans l&rsquo;histoire et \u00e0 la revue Artefac<\/em>t<\/li><\/ul>\n<\/div>\n\n\n\n<div class=\"wp-block-column is-layout-flow wp-block-column-is-layout-flow\" style=\"flex-basis:30%\"><div class=\"wp-block-image is-style-rounded wp-duotone-006ad9-ffffff-4\">\n<figure class=\"aligncenter size-large is-resized\"><img loading=\"lazy\" decoding=\"async\" src=\"https:\/\/rdv-histoire.com\/sites\/rdvhistoire\/files\/styles\/auto_1000\/public\/import_zone_festival\/index.jpg.webp?itok=zcrzZ__w\" alt=\"\" width=\"196\" height=\"230\"\/><\/figure>\n<\/div><\/div>\n<\/div>\n\n\n\n<hr class=\"wp-block-separator has-alpha-channel-opacity\"\/>\n\n\n\n<div class=\"wp-block-columns is-layout-flex wp-container-core-columns-is-layout-9d6595d7 wp-block-columns-is-layout-flex\">\n<div class=\"wp-block-column is-layout-flow wp-block-column-is-layout-flow\" style=\"flex-basis:30%\"><div class=\"wp-block-image is-style-rounded wp-duotone-006ad9-ffffff-5\">\n<figure class=\"aligncenter size-large is-resized\"><img loading=\"lazy\" decoding=\"async\" src=\"https:\/\/telemme.mmsh.fr\/wp-content\/uploads\/2020\/11\/Guy_Le-Thiec.png\" alt=\"\" width=\"157\" height=\"236\"\/><\/figure>\n<\/div><\/div>\n\n\n\n<div class=\"wp-block-column is-layout-flow wp-block-column-is-layout-flow\" style=\"flex-basis:70%\">\n<p id=\"block-0ce16eb1-bb24-4875-94a7-f38ce0162bd3\"><a href=\"https:\/\/rdv-histoire.com\/intervenants\/guy-le-thiec\"><strong>Guy Le THIEC<\/strong><\/a><strong>,<\/strong> professeur d\u2019histoire moderne et membre de TELEMMe, interviendra \u00e0 la table ronde <a href=\"https:\/\/rdv-histoire.com\/programme\/les-guerres-ditalie\">Les Guerres d&rsquo;Italie<\/a> avec Fabien LEVY et Roberto BIOLZI, sous la mod\u00e9ration de Didier LE FUR.<\/p>\n\n\n\n<ul class=\"wp-block-list\"><li><strong>Sam.&nbsp;08&nbsp;Oct.&nbsp;2022 <\/strong>09:15-10:45&nbsp;\u2022&nbsp;Universit\u00e9 Site Jaur\u00e8s,&nbsp;Amphi 1<br><em>Carte blanche au minist\u00e8re des Arm\u00e9es et aux \u00e9ditions Pass\u00e9s Compos\u00e9s<\/em><\/li><\/ul>\n<\/div>\n<\/div>\n\n\n\n<hr class=\"wp-block-separator has-alpha-channel-opacity\"\/>\n\n\n\n<p><\/p>\n\n\n\n<div class=\"wp-block-columns is-layout-flex wp-container-core-columns-is-layout-9d6595d7 wp-block-columns-is-layout-flex\">\n<div class=\"wp-block-column is-layout-flow wp-block-column-is-layout-flow\" style=\"flex-basis:70%\">\n<p><a href=\"https:\/\/rdv-histoire.com\/intervenants\/remi-lombardi\"><strong>R\u00e9mi LOMBARDI,<\/strong> <\/a>&nbsp;doctorant en histoire contemporaine au sein de TELEMMe, participera \u00e0 la table ronde <a href=\"https:\/\/rdv-histoire.com\/programme\/maritimite-et-patrimoine-sportif-sur-les-littoraux-francais\">Maritimit\u00e9 et patrimoine sportif sur les littoraux fran\u00e7ais<\/a> aux c\u00f4t\u00e9s de Philippe TETART, St\u00e9phane MOURLANE et Olivier CHOVAUX. La table ronde sera mod\u00e9r\u00e9e par Yvan GASTAUT.<\/p>\n\n\n\n<ul class=\"wp-block-list\"><li><strong>Ven.&nbsp;07&nbsp;Oct.&nbsp;2022 <\/strong>14:00-15:30 \u2022&nbsp;INSA,&nbsp;B\u00e2timent principal &#8211; Amphi Denis Papin<br><em>Carte blanche \u00e0 la MSHS Sud-Est et la MMSH d&rsquo;Aix en Provence<\/em><\/li><\/ul>\n<\/div>\n\n\n\n<div class=\"wp-block-column is-layout-flow wp-block-column-is-layout-flow\" style=\"flex-basis:30%\"><div class=\"wp-block-image is-style-rounded wp-duotone-006ad9-ffffff-6\">\n<figure class=\"aligncenter size-large is-resized\"><img loading=\"lazy\" decoding=\"async\" src=\"https:\/\/rdv-histoire.com\/sites\/rdvhistoire\/files\/styles\/auto_1000\/public\/import_zone_festival\/LombardiR.jpg.webp?itok=rhjbZsWT\" alt=\"\" width=\"307\" height=\"230\"\/><\/figure>\n<\/div><\/div>\n<\/div>\n\n\n\n<hr class=\"wp-block-separator has-alpha-channel-opacity\"\/>\n\n\n\n<div class=\"wp-block-columns is-layout-flex wp-container-core-columns-is-layout-9d6595d7 wp-block-columns-is-layout-flex\">\n<div class=\"wp-block-column is-layout-flow wp-block-column-is-layout-flow\" style=\"flex-basis:30%\"><div class=\"wp-block-image is-style-rounded wp-duotone-006ad9-ffffff-7\">\n<figure class=\"aligncenter size-full is-resized\"><img loading=\"lazy\" decoding=\"async\" src=\"https:\/\/telemme.mmsh.fr\/wp-content\/uploads\/2020\/11\/Brigitte_Marin.png\" alt=\"Brigitte Marin, TELEMMe (AMU-CNRS)\" class=\"wp-image-5296\" width=\"217\" height=\"297\"\/><\/figure>\n<\/div><\/div>\n\n\n\n<div class=\"wp-block-column is-layout-flow wp-block-column-is-layout-flow\" style=\"flex-basis:66.66%\">\n<p><strong><a href=\"https:\/\/telemme.mmsh.fr\/?membres=brigitte-marin\">Brigitte MARIN<\/a><\/strong>, professeur d&rsquo;histoire moderne et directrice de l&rsquo;\u00c9cole fran\u00e7aise de Rome,  mod\u00e9rera la table ronde <a href=\"https:\/\/rdv-histoire.com\/programme\/figures-de-lile-carcerale-en-mediterranee-de-lantiquite-au-temps-present-histoire-et\">Figures de l&rsquo;\u00eele carc\u00e9rale en M\u00e9diterran\u00e9e de l&rsquo;Antiquit\u00e9 au temps pr\u00e9sent : histoire et m\u00e9moire<\/a> qui r\u00e9unira Raffaella SALVEMINI, Anthony SANTILLI, Camille SCHMOLL et Yann RIVI\u00c8RE.<\/p>\n\n\n\n<ul class=\"wp-block-list\"><li><strong>Jeu.&nbsp;06&nbsp;Oct.&nbsp;2022 <\/strong>14:30-16:00&nbsp;\u2022&nbsp;H\u00f4tel de ville,&nbsp;Salle des Mariages<br><em>Carte blanche \u00e0 l&rsquo;\u00c9cole fran\u00e7aise de Rome<\/em><\/li><\/ul>\n\n\n\n<div style=\"height:10px\" aria-hidden=\"true\" class=\"wp-block-spacer\"><\/div>\n\n\n\n<p>Elle participera \u00e0 la table ronde <a href=\"https:\/\/rdv-histoire.com\/programme\/iles-et-mobilites\">\u00celes et mobilit\u00e9s<\/a> propos\u00e9e par le Conseil scientifique, aux c\u00f4t\u00e9s de Catherine BRICE, V\u00e9ronique CHANKOWSKI, Jean MENDELSON et Nathalie BERNARDIE-TAHIR.<\/p>\n\n\n\n<ul class=\"wp-block-list\"><li><strong>Sam.&nbsp;08&nbsp;Oct<\/strong>.<strong>&nbsp;2022<\/strong> 16:30&nbsp;-18:00&nbsp;\u2022&nbsp;Universit\u00e9 Site Jaur\u00e8s,&nbsp;Amphi 3<\/li><\/ul>\n<\/div>\n<\/div>\n\n\n\n<p>Elle interviendra enfin au <a href=\"https:\/\/rdv-histoire.com\/programme\/le-marathon-des-images\">Marathon des images<\/a>  avec 17 autres chercheurs et chercheuses.<\/p>\n\n\n\n<ul class=\"wp-block-list\"><li><strong>Sam.&nbsp;08&nbsp;Oct.&nbsp;2022 <\/strong>21:00-00:00&nbsp;\u2022&nbsp;Les Lobis,&nbsp;Salle 1<\/li><\/ul>\n\n\n\n<hr class=\"wp-block-separator has-alpha-channel-opacity\"\/>\n\n\n\n<div class=\"wp-block-columns is-layout-flex wp-container-core-columns-is-layout-9d6595d7 wp-block-columns-is-layout-flex\">\n<div class=\"wp-block-column is-layout-flow wp-block-column-is-layout-flow\" style=\"flex-basis:30%\"><div class=\"wp-block-image is-style-rounded wp-duotone-rgb0106217-ffffff-8\">\n<figure class=\"aligncenter size-large is-resized\"><img loading=\"lazy\" decoding=\"async\" src=\"https:\/\/rdv-histoire.com\/sites\/rdvhistoire\/files\/styles\/auto_1000\/public\/import_zone_festival\/Philippe_Mioche.png.webp?itok=0_7YQw-w\" alt=\"\" width=\"171\" height=\"233\"\/><\/figure>\n<\/div><\/div>\n\n\n\n<div class=\"wp-block-column is-layout-flow wp-block-column-is-layout-flow\" style=\"flex-basis:70%\">\n<p><a href=\"https:\/\/rdv-histoire.com\/intervenants\/philippe-mioche\"><strong>Philippe MIOCHE<\/strong><\/a><strong>,<\/strong> professeur \u00e9m\u00e9rite d\u2019histoire contemporaine, interviendra \u00e0 la table ronde <a href=\"https:\/\/rdv-histoire.com\/programme\/industrialisation-desindustrialisation-et-mer-le-cas-de-la-siderurgie\">Industrialisation, d\u00e9sindustrialisation et mer : le cas de la sid\u00e9rurgie<\/a> mod\u00e9r\u00e9e par \u00c9ric GODELIER. Participeront \u00e9galement \u00e0 cette table ronde Fran\u00e7oise BERGER , Pascal RAGGI , Guy DOLLE ainsi qu\u2019\u00c9douard MARTIN.<\/p>\n\n\n\n<ul class=\"wp-block-list\"><li><strong>Ven.&nbsp;07&nbsp;Oct.&nbsp;2022 <\/strong>17:30-19:00 &nbsp;\u2022&nbsp;Campus de la CCI,&nbsp;Amphi Vert<\/li><\/ul>\n<\/div>\n<\/div>\n\n\n\n<hr class=\"wp-block-separator has-alpha-channel-opacity\"\/>\n\n\n\n<p><\/p>\n\n\n\n<div class=\"wp-block-columns is-layout-flex wp-container-core-columns-is-layout-9d6595d7 wp-block-columns-is-layout-flex\">\n<div class=\"wp-block-column is-layout-flow wp-block-column-is-layout-flow\" style=\"flex-basis:70%\">\n<p><a href=\"https:\/\/rdv-histoire.com\/intervenants\/stephane-mourlane\"><strong>St\u00e9phane MOURLANE<\/strong>, <\/a>&nbsp;ma\u00eetre de conf\u00e9rences en histoire contemporaine, participera \u00e0 trois tables rondes&nbsp;:<\/p>\n\n\n\n<p>Il mod\u00e8rera <a href=\"https:\/\/rdv-histoire.com\/programme\/la-fabrique-de-la-mediterranee-cartographier-les-migrations-depuis-lantiquite\">La fabrique de la M\u00e9diterran\u00e9e : cartographier les migrations depuis l&rsquo;Antiquit\u00e9<\/a><strong>.<\/strong> Les participants \u00e0 cette table ronde sont Mathieu GRENET , Virginie BABY-COLLIN, C\u00e9dric QUERTIER et Sylvie BOUFFIER .<\/p>\n\n\n\n<ul class=\"wp-block-list\"><li><strong>Ven.&nbsp;07&nbsp;Oct.&nbsp;2022 <\/strong>11:45&nbsp;&nbsp;13:15&nbsp;\u2022&nbsp;Site Chocolaterie de l&rsquo;IUT,&nbsp;Amphi 2<br><em>Carte blanche \u00e0 la Maison M\u00e9diterran\u00e9enne des Sciences de l&rsquo;Homme<\/em><\/li><\/ul>\n<\/div>\n\n\n\n<div class=\"wp-block-column is-layout-flow wp-block-column-is-layout-flow\" style=\"flex-basis:30%\"><div class=\"wp-block-image is-style-rounded wp-duotone-rgb0106217-ffffff-9\">\n<figure class=\"aligncenter size-large is-resized\"><img loading=\"lazy\" decoding=\"async\" src=\"https:\/\/rdv-histoire.com\/sites\/rdvhistoire\/files\/styles\/auto_1000\/public\/import_zone_festival\/Mourlane_copie.jpg.webp?itok=KJLqhEsu\" alt=\"\" width=\"258\" height=\"208\"\/><\/figure>\n<\/div><\/div>\n<\/div>\n\n\n\n<p>Il sera pr\u00e9sent \u00e0 la table ronde <a href=\"https:\/\/rdv-histoire.com\/programme\/maritimite-et-patrimoine-sportif-sur-les-littoraux-francais\">Maritimit\u00e9 et patrimoine sportif sur les littoraux fran\u00e7ais<\/a> avec Yvan GASTAUT comme mod\u00e9rateur et R\u00e9mi LOMBARDI , Philippe TETART et Olivier CHOVAUX comme participants.<\/p>\n\n\n\n<ul class=\"wp-block-list\"><li><strong>Ven.&nbsp;07&nbsp;Oct.&nbsp;2022<\/strong>&nbsp;14:00-15:30&nbsp;\u2022&nbsp;INSA,&nbsp;B\u00e2timent principal &#8211; Amphi Denis Papin<br><em>Carte blanche \u00e0 la MSHS Sud-Est et la MMSH d&rsquo;Aix en Provence<\/em><\/li><\/ul>\n\n\n\n<p>St\u00e9phane MOURLANE participera aussi \u00e0 la table ronde <a href=\"https:\/\/rdv-histoire.com\/programme\/la-guerre-froide-au-coeur-des-jeux-olympiques\">La guerre froide au c\u0153ur des Jeux Olympiques<\/a> anim\u00e9e par Yasmine SADJI avec Yvan GASTAUT, Nicolas BANCEL, Pascal BLANCHARD ainsi que Sandrine LEMAIRE.<\/p>\n\n\n\n<ul class=\"wp-block-list\"><li><strong>Sam.&nbsp;08&nbsp;Oct.&nbsp;2022 <\/strong>11:30-13:00&nbsp;\u2022&nbsp;Conseil D\u00e9partemental,&nbsp;Salle Kleber-Loustau<br><em>Carte blanche \u00e0 la CASDEN<\/em><\/li><\/ul>\n\n\n\n<hr class=\"wp-block-separator has-alpha-channel-opacity\"\/>\n\n\n\n<p><\/p>\n\n\n\n<div class=\"wp-block-columns is-layout-flex wp-container-core-columns-is-layout-9d6595d7 wp-block-columns-is-layout-flex\">\n<div class=\"wp-block-column is-layout-flow wp-block-column-is-layout-flow\" style=\"flex-basis:30%\"><div class=\"wp-block-image is-style-rounded wp-duotone-006ad9-ffffff-10\">\n<figure class=\"aligncenter size-large is-resized\"><img loading=\"lazy\" decoding=\"async\" src=\"https:\/\/rdv-histoire.com\/sites\/rdvhistoire\/files\/styles\/auto_1000\/public\/import_zone_festival\/photo_HG_zkoray.jpg.webp?itok=1TbueZzZ\" alt=\"\" width=\"350\" height=\"234\"\/><\/figure>\n<\/div><\/div>\n\n\n\n<div class=\"wp-block-column is-layout-flow wp-block-column-is-layout-flow\" style=\"flex-basis:60%\">\n<p><a href=\"https:\/\/rdv-histoire.com\/intervenants\/hayri-goksin-ozkoray\" rel=\"nofollow\"><strong>Hayri G. \u00d6ZKORAY<\/strong><\/a>, ma\u00eetre de conf\u00e9rences en histoire moderne, interviendra \u00e0 la table ronde&nbsp;<a href=\"https:\/\/rdv-histoire.com\/programme\/coexistences-insulaires-en-mediterranee-du-xvie-au-xxe-siecle\">Coexistences insulaires en M\u00e9diterran\u00e9e du XVI<sup>e<\/sup> au XX<sup>e<\/sup> si\u00e8cle<\/a> , mod\u00e9r\u00e9e par Catherine KIKUCHI, aux c\u00f4t\u00e9s de Cristina SETTI et Hugo VERMEREN.<\/p>\n\n\n\n<ul class=\"wp-block-list\"><li><strong>Dim.&nbsp;09&nbsp;Oct.&nbsp;2022<\/strong>&nbsp;11:00-12:30 \u2022&nbsp;Site Chocolaterie de l&rsquo;IUT,&nbsp;Amphi 1<\/li><\/ul>\n<\/div>\n<\/div>\n\n\n\n<hr class=\"wp-block-separator has-alpha-channel-opacity\"\/>\n\n\n\n<p class=\"has-black-color has-text-color\"><\/p>\n\n\n\n<div class=\"wp-block-columns is-layout-flex wp-container-core-columns-is-layout-9d6595d7 wp-block-columns-is-layout-flex\">\n<div class=\"wp-block-column is-layout-flow wp-block-column-is-layout-flow\" style=\"flex-basis:70%\">\n<p class=\"has-black-color has-text-color\"><a href=\"https:\/\/rdv-histoire.com\/intervenants\/celine-regnard\"><strong>C\u00e9line REGNARD<\/strong><\/a>, ma\u00eetresse de<a> <\/a>conf\u00e9rences HDR en histoire contemporaine, participera \u00e0 plusieurs tables rondes ainsi qu\u2019\u00e0 un caf\u00e9 historique :<\/p>\n\n\n\n<p class=\"has-black-color has-text-color\">Un caf\u00e9 historique, <a href=\"https:\/\/rdv-histoire.com\/programme\/en-transit\">En transit<\/a>, sera consacr\u00e9 \u00e0 la pr\u00e9sentation et la discussion de son ouvrage <a href=\"https:\/\/anamosa.fr\/livre\/en-transit\/\"><em>En transit. Les Syriens \u00e0 Beyrouth, Marseille, Le Havre, New York (1880-1914)<\/em><\/a> publi\u00e9 aux \u00e9ditions Anamosa.<\/p>\n\n\n\n<ul class=\"wp-block-list\"><li><strong>Sam.&nbsp;08&nbsp;Oct.&nbsp;2022 <\/strong>14:30-16:00&nbsp;\u2022&nbsp;Fluxus Caf\u00e9 Boutique<\/li><\/ul>\n\n\n\n<div style=\"height:10px\" aria-hidden=\"true\" class=\"wp-block-spacer\"><\/div>\n\n\n\n<p>Elle interviendra \u00e0 la table ronde propos\u00e9e par le Conseil Scientifique <a href=\"https:\/\/rdv-histoire.com\/programme\/migrants-en-mers\">Migrants en mers<\/a> mod\u00e9r\u00e9e par M\u2019hamed OUALDI en pr\u00e9sence de C\u00e9cile VIDAL et Marie COSNAY.<\/p>\n\n\n\n<ul class=\"wp-block-list\"><li><strong>Sam.&nbsp;08&nbsp;Oct.&nbsp;2022 <\/strong>09:30-11:00&nbsp;\u2022&nbsp;Universit\u00e9 Site Jaur\u00e8s,&nbsp;Amphi 2<\/li><\/ul>\n\n\n\n<p><\/p>\n<\/div>\n\n\n\n<div class=\"wp-block-column is-layout-flow wp-block-column-is-layout-flow\" style=\"flex-basis:30%\"><div class=\"wp-block-image is-style-rounded wp-duotone-006ad9-ffffff-11\">\n<figure class=\"aligncenter size-large is-resized\"><img loading=\"lazy\" decoding=\"async\" src=\"https:\/\/rdv-histoire.com\/sites\/rdvhistoire\/files\/styles\/auto_1000\/public\/import_zone_festival\/celine-regnard.jpg.webp?itok=XVkbS6ee\" alt=\"\" width=\"355\" height=\"235\"\/><\/figure>\n<\/div><\/div>\n<\/div>\n\n\n\n<p>Elle participera \u00e9galement au <a href=\"https:\/\/rdv-histoire.com\/programme\/le-marathon-des-images\">Marathon des images<\/a>  avec 17 autres chercheurs et chercheuses.<\/p>\n\n\n\n<ul class=\"wp-block-list\"><li><strong>Sam.&nbsp;08&nbsp;Oct.&nbsp;2022 <\/strong>21:00-00:00&nbsp;\u2022&nbsp;Les Lobis,&nbsp;Salle 1<\/li><\/ul>\n\n\n\n<p>C\u00e9line REGNARD interviendra aussi \u00e0 la table ronde <a href=\"https:\/\/rdv-histoire.com\/programme\/les-mobilites-feminines-en-mediterranee-hier-et-aujourdhui\">Les mobilit\u00e9s f\u00e9minines en M\u00e9diterran\u00e9e, hier et aujourd&rsquo;hui<\/a> avec Vincent AZOULAY comme mod\u00e9rateur et en compagnie de Sylvie APRILE, Camille SCHMOLL et Delphine DIAZ<\/p>\n\n\n\n<ul class=\"wp-block-list\"><li><strong>Dim.&nbsp;09&nbsp;Oct.&nbsp;2022<\/strong> 09:30-11:00&nbsp;\u2022&nbsp;Campus de la CCI,&nbsp;Amphi Vert<br><em>Carte blanche aux Annales HSS (\u00c9ditions de l&rsquo;EHESS)<\/em><\/li><\/ul>\n\n\n\n<hr class=\"wp-block-separator has-alpha-channel-opacity\"\/>\n\n\n\n<p id=\"block-c84144d8-402b-4cc5-8ac8-68ad475bae30\"><\/p>\n\n\n\n<div class=\"wp-block-columns is-layout-flex wp-container-core-columns-is-layout-9d6595d7 wp-block-columns-is-layout-flex\">\n<div class=\"wp-block-column is-layout-flow wp-block-column-is-layout-flow\" style=\"flex-basis:30%\"><div class=\"wp-block-image is-style-rounded wp-duotone-006ad9-ffffff-12\">\n<figure class=\"aligncenter size-large is-resized\"><img loading=\"lazy\" decoding=\"async\" src=\"https:\/\/rdv-histoire.com\/sites\/rdvhistoire\/files\/styles\/auto_1000\/public\/import_zone_festival\/Photo_Santilli.jpg.webp?itok=d44hXeAC\" alt=\"\" width=\"159\" height=\"218\"\/><\/figure>\n<\/div><\/div>\n\n\n\n<div class=\"wp-block-column is-layout-flow wp-block-column-is-layout-flow\" style=\"flex-basis:70%\">\n<p id=\"block-c84144d8-402b-4cc5-8ac8-68ad475bae30\"><a href=\"https:\/\/rdv-histoire.com\/intervenants\/anthony-santilli\"><strong>Anthony SANTILLI<\/strong> <\/a>, doctorant en histoire en co-tutelle internationale, participera \u00e0 la table ronde <a href=\"https:\/\/rdv-histoire.com\/programme\/figures-de-lile-carcerale-en-mediterranee-de-lantiquite-au-temps-present-histoire-et\">Figures de l&rsquo;\u00eele carc\u00e9rale en M\u00e9diterran\u00e9e de l&rsquo;Antiquit\u00e9 au temps pr\u00e9sent : histoire et m\u00e9moire<\/a> mod\u00e9r\u00e9e par Brigitte MARIN. Les intervenants \u00e0 cette table ronde seront Raffaella SALVEMINI, Camille SCHMOLL et Yann RIVI\u00c8RE.<\/p>\n\n\n\n<ul class=\"wp-block-list\"><li><strong>Jeu.&nbsp;06&nbsp;Oct.&nbsp;2022 <\/strong>14:30-16:00&nbsp;\u2022&nbsp;H\u00f4tel de ville,&nbsp;Salle des Mariages<br><em>Carte blanche \u00e0 l&rsquo;\u00c9cole fran\u00e7aise de Rome<\/em><\/li><\/ul>\n<\/div>\n<\/div>\n\n\n\n<hr class=\"wp-block-separator has-alpha-channel-opacity\"\/>\n\n\n\n<p><\/p>\n\n\n\n<div class=\"wp-block-columns is-layout-flex wp-container-core-columns-is-layout-9d6595d7 wp-block-columns-is-layout-flex\">\n<div class=\"wp-block-column is-layout-flow wp-block-column-is-layout-flow\" style=\"flex-basis:70%\">\n<p><a href=\"https:\/\/rdv-histoire.com\/intervenants\/beatrice-touchelay\"><strong>B\u00e9atrice TOUCHELAY<\/strong><\/a>, professeure d\u2019histoire \u00e9conomique et sociale contemporaine actuellement en d\u00e9l\u00e9gation CNRS \u00e0 TELEMMe, sera pr\u00e9sente \u00e0 la table ronde <a href=\"https:\/\/rdv-histoire.com\/programme\/mesurer-linflation-enjeux-et-controverses\">Mesurer l&rsquo;inflation : enjeux et controverses.<\/a> Cette table ronde sera mod\u00e9r\u00e9e par Antoine REVERCHON en pr\u00e9sence de Florence JANY-CATRICE, Jean-Luc TAVERNIER et Michel-Pierre CHELINI.<\/p>\n\n\n\n<ul class=\"wp-block-list\"><li><strong>Sam.&nbsp;08&nbsp;Oct.&nbsp;2022 <\/strong>11:30-13:00&nbsp;\u2022&nbsp;Universit\u00e9 Site Jaur\u00e8s,&nbsp;Amphi 2<\/li><\/ul>\n<\/div>\n\n\n\n<div class=\"wp-block-column is-layout-flow wp-block-column-is-layout-flow\" style=\"flex-basis:30%\"><div class=\"wp-block-image is-style-rounded wp-duotone-006ad9-ffffff-13\">\n<figure class=\"aligncenter size-large is-resized\"><img loading=\"lazy\" decoding=\"async\" src=\"https:\/\/rdv-histoire.com\/sites\/rdvhistoire\/files\/styles\/auto_1000\/public\/import_zone_festival\/Touchelay_photo.jpg.webp?itok=5tgmB8tP\" alt=\"\" width=\"255\" height=\"231\"\/><\/figure>\n<\/div><\/div>\n<\/div>\n\n\n\n<hr class=\"wp-block-separator has-alpha-channel-opacity\"\/>\n\n\n\n<p id=\"block-2d1b18af-da7c-4626-b794-e1c73a0223fb\"><\/p>\n\n\n\n<div class=\"wp-block-columns is-layout-flex wp-container-core-columns-is-layout-9d6595d7 wp-block-columns-is-layout-flex\">\n<div class=\"wp-block-column is-layout-flow wp-block-column-is-layout-flow\" style=\"flex-basis:30%\"><div class=\"wp-block-image is-style-rounded wp-duotone-006ad9-ffffff-14\">\n<figure class=\"aligncenter size-large is-resized\"><img loading=\"lazy\" decoding=\"async\" src=\"https:\/\/rdv-histoire.com\/sites\/rdvhistoire\/files\/styles\/auto_1000\/public\/import_zone_festival\/KBphoto.jpg.webp?itok=fQauzyzM\" alt=\"\" width=\"160\" height=\"234\"\/><\/figure>\n<\/div><\/div>\n\n\n\n<div class=\"wp-block-column is-layout-flow wp-block-column-is-layout-flow\" style=\"flex-basis:70%\">\n<p id=\"block-2d1b18af-da7c-4626-b794-e1c73a0223fb\"><a href=\"https:\/\/rdv-histoire.com\/intervenants\/katharina-bellan\"><strong>Katharina BELLAN<\/strong><\/a><em>,<\/em> docteure en histoire et membre associ\u00e9e \u00e0 TELEMMe, participera \u00e0 la table ronde <a href=\"https:\/\/rdv-histoire.com\/programme\/regards-sur-les-villes-portuaires-europeennes-des-bas-fonds-au-marketing-urbain-xixe-xxie\">Regards sur les villes portuaires europ\u00e9ennes, des bas-fonds au marketing urbain (XIX<sup>e<\/sup> -XXI<sup>e<\/sup> si\u00e8cles)<\/a> mod\u00e9r\u00e9e par Fran\u00e7oise TALIANO-DES GARETS en pr\u00e9sence de Damien CAILLOUX, Christelle LOZERE et Renaud HOURCADE.<\/p>\n\n\n\n<ul class=\"wp-block-list\"><li><strong>Ven.&nbsp;07&nbsp;Oct.&nbsp;2022&nbsp; <\/strong>18:15&nbsp;\u2022&nbsp;Site Chocolaterie de l&rsquo;IUT,&nbsp;Amphi 2<\/li><\/ul>\n<\/div>\n<\/div>\n\n\n\n<hr class=\"wp-block-separator has-alpha-channel-opacity\"\/>\n\n\n\n<div class=\"wp-block-columns is-layout-flex wp-container-core-columns-is-layout-9d6595d7 wp-block-columns-is-layout-flex\">\n<div class=\"wp-block-column is-layout-flow wp-block-column-is-layout-flow\" style=\"flex-basis:70%\">\n<p id=\"block-7479de73-79fa-43b0-ab5d-8efadaafba11\"><a href=\"https:\/\/rdv-histoire.com\/intervenants\/claire-boer\"><strong>Claire BO\u00cbR<\/strong><\/a><strong>,<\/strong> docteure en histoire moderne \u00e0 TELEMMe, interviendra \u00e0 la table ronde <a href=\"https:\/\/rdv-histoire.com\/programme\/face-charybde-scylla-et-tous-les-autres-la-protection-sociale-des-gens-de-mer-de-lepoque\">Face \u00e0 Charybde, Scylla et tous les autres : la protection sociale des gens de mer, de l&rsquo;\u00e9poque moderne \u00e0 nos jours<\/a> mod\u00e9r\u00e9e par Sol\u00e8ne RIVOAL et en compagnie de Paul MAYENS, Justine COUSIN et Denis LE GUEN.<\/p>\n\n\n\n<ul class=\"wp-block-list\"><li><strong>Ven.&nbsp;07&nbsp;Oct.&nbsp;2022<\/strong>&nbsp;11:30&nbsp;-13:00&nbsp;\u2022&nbsp;Site Chocolaterie de l&rsquo;IUT,&nbsp;Salle 214<\/li><\/ul>\n<\/div>\n\n\n\n<div class=\"wp-block-column is-layout-flow wp-block-column-is-layout-flow\" style=\"flex-basis:30%\"><div class=\"wp-block-image is-style-rounded wp-duotone-006ad9-ffffff-15\">\n<figure class=\"aligncenter size-large is-resized\"><img loading=\"lazy\" decoding=\"async\" src=\"https:\/\/0.academia-photos.com\/11885449\/3421286\/5779731\/s200_claire.boer.jpg\" alt=\"\" width=\"234\" height=\"234\"\/><\/figure>\n<\/div><\/div>\n<\/div>\n\n\n\n<hr class=\"wp-block-separator has-alpha-channel-opacity\"\/>\n\n\n\n<p id=\"block-b585c330-50b9-4671-bfe9-9e899b5ac116\"><\/p>\n\n\n\n<div class=\"wp-block-columns is-layout-flex wp-container-core-columns-is-layout-9d6595d7 wp-block-columns-is-layout-flex\">\n<div class=\"wp-block-column is-layout-flow wp-block-column-is-layout-flow\" style=\"flex-basis:30%\"><div class=\"wp-block-image is-style-rounded wp-duotone-006ad9-ffffff-16\">\n<figure class=\"aligncenter size-large is-resized\"><img loading=\"lazy\" decoding=\"async\" src=\"https:\/\/rdv-histoire.com\/sites\/rdvhistoire\/files\/styles\/auto_1000\/public\/import_zone_festival\/b68b1839-a6a8-4d8c-b8f4-3518b3e511f3.JPG?itok=dLxcazYk\" alt=\"\" width=\"175\" height=\"232\"\/><\/figure>\n<\/div><\/div>\n\n\n\n<div class=\"wp-block-column is-layout-flow wp-block-column-is-layout-flow\" style=\"flex-basis:70%\">\n<p id=\"block-b585c330-50b9-4671-bfe9-9e899b5ac116\"><a href=\"https:\/\/rdv-histoire.com\/intervenants\/laure-helene-gouffran\"><strong>Laure-H\u00e9l\u00e8ne GOUFFRAN<\/strong><\/a><strong>, <\/strong>docteure en histoire m\u00e9di\u00e9vale et membre associ\u00e9e \u00e0 TELEMMe, participera \u00e0 la table ronde&nbsp; <a href=\"https:\/\/rdv-histoire.com\/programme\/microcosmes-de-navires-les-equipages-au-travail-entre-hierarchies-et-conflits-moyen-age\">Microcosmes de navires. Les \u00e9quipages au travail, entre hi\u00e9rarchies et conflits (Moyen \u00c2ge &#8211; XX<sup>e<\/sup> si\u00e8cle)<\/a> mod\u00e9r\u00e9e par Corinne MAITTE et en pr\u00e9sence de Alessandro STANZIANI, Sol\u00e8ne RIVAL et Gilbert BUTI<\/p>\n\n\n\n<ul class=\"wp-block-list\"><li><strong>Sam.&nbsp;08&nbsp;Oct<\/strong>.<strong>&nbsp;2022<\/strong> 11:30&nbsp;-13:00&nbsp;\u2022&nbsp;INSA,&nbsp;\u00c9cole du paysage &#8211; Grand amphi<br><em>Carte blanche \u00e0 l&rsquo;Association de l&rsquo;histoire des mondes du travail (AFHMT)<\/em><\/li><\/ul>\n<\/div>\n<\/div>\n\n\n\n<hr class=\"wp-block-separator has-alpha-channel-opacity\"\/>\n\n\n\n<div class=\"wp-block-columns is-layout-flex wp-container-core-columns-is-layout-9d6595d7 wp-block-columns-is-layout-flex\">\n<div class=\"wp-block-column is-layout-flow wp-block-column-is-layout-flow\" style=\"flex-basis:66.66%\">\n<p><strong><a href=\"https:\/\/telemme.mmsh.fr\/?membres=hugo-vermeren\">Hugo VERMEREN<\/a><\/strong>, post-doctorant \u00e0 l&rsquo;universit\u00e9 Paris 1 Panth\u00e9on Sorbonne et membre associ\u00e9 \u00e0 TELEMMe, participera au <a href=\"https:\/\/rdv-histoire.com\/programme\/le-marathon-des-images\">Marathon des images<\/a> avec 17 autres chercheurs et chercheuses avec une intervention intitul\u00e9e : \u00a0\u00bb Une histoire de phoque! Le moine, l&rsquo;explorateur et les matelots. Pr\u00e9sentation de la gravure du naturaliste italien Leonardo Fea\u00a0 <em>Caccia della Foca<\/em>\u00ab\u00a0<\/p>\n\n\n\n<ul class=\"wp-block-list\"><li><strong>Sam.&nbsp;08&nbsp;Oct.&nbsp;2022 <\/strong>21:00-00:00&nbsp;\u2022&nbsp;Les Lobis,&nbsp;Salle 1<\/li><\/ul>\n<\/div>\n\n\n\n<div class=\"wp-block-column is-layout-flow wp-block-column-is-layout-flow\" style=\"flex-basis:30%\"><div class=\"wp-block-image is-style-rounded wp-duotone-006ad9-ffffff-17\">\n<figure class=\"aligncenter size-full is-resized\"><img loading=\"lazy\" decoding=\"async\" src=\"https:\/\/telemme.mmsh.fr\/wp-content\/uploads\/2022\/09\/Portrait_Hugo_EFR2.jpg.webp\" alt=\"Hugo Vermeren, Paris 1, Membre associ\u00e9 de TELEMMe\" class=\"wp-image-11595\" width=\"270\" height=\"270\" srcset=\"https:\/\/telemme.mmsh.fr\/wp-content\/uploads\/2022\/09\/Portrait_Hugo_EFR2.jpg.webp 360w, https:\/\/telemme.mmsh.fr\/wp-content\/uploads\/2022\/09\/Portrait_Hugo_EFR2.jpg-300x300.webp 300w, https:\/\/telemme.mmsh.fr\/wp-content\/uploads\/2022\/09\/Portrait_Hugo_EFR2.jpg-150x150.webp 150w, https:\/\/telemme.mmsh.fr\/wp-content\/uploads\/2022\/09\/Portrait_Hugo_EFR2.jpg-100x100.webp 100w\" sizes=\"auto, (max-width: 270px) 100vw, 270px\" \/><\/figure>\n<\/div><\/div>\n<\/div>\n\n\n\n<hr class=\"wp-block-separator has-alpha-channel-opacity\"\/>\n\n\n\n<div class=\"wp-block-columns is-layout-flex wp-container-core-columns-is-layout-9d6595d7 wp-block-columns-is-layout-flex\">\n<div class=\"wp-block-column is-layout-flow wp-block-column-is-layout-flow\" style=\"flex-basis:70%\">\n<p>L\u2019ouvrage de <a href=\"https:\/\/telemme.mmsh.fr\/?membres=jeremie-foa\"><strong>J\u00e9r\u00e9mie FOA<\/strong><\/a>, Ma\u00eetre de conf\u00e9rences HDR, <a href=\"https:\/\/rdv-histoire.com\/actualites\/prix-lyceen-du-livre-dhistoire-2022-entretien-avec-jeremie-foa\"><em>Tous ceux qui tombent- Visages du massacre de Saint-Barth\u00e9lemy<\/em><\/a>, publi\u00e9 aux \u00e9ditions La D\u00e9couverte en 2021, fait partie des 5 livres s\u00e9lectionn\u00e9s pour &nbsp;le Prix lyc\u00e9en du livre d\u2019histoire 2022. Retrouvez <a href=\"https:\/\/rdv-histoire.com\/actualites\/prix-lyceen-du-livre-dhistoire-2022-entretien-avec-jeremie-foa\">la pr\u00e9sentation de son ouvrage par J\u00e9r\u00e9mie Foa en ligne<\/a>.<\/p>\n<\/div>\n\n\n\n<div class=\"wp-block-column is-layout-flow wp-block-column-is-layout-flow\" style=\"flex-basis:30%\"><div class=\"wp-block-image is-style-rounded wp-duotone-rgb0106217-ffffff-18\">\n<figure class=\"aligncenter size-large is-resized\"><img loading=\"lazy\" decoding=\"async\" src=\"https:\/\/festivaljeudeloie.fr\/wp-content\/uploads\/2020\/11\/Portrait1_JeremieFoa-scaled.jpg\" alt=\"\" width=\"319\" height=\"239\"\/><\/figure>\n<\/div><\/div>\n<\/div>\n\n\n\n<div class=\"wp-block-columns is-layout-flex wp-container-core-columns-is-layout-9d6595d7 wp-block-columns-is-layout-flex\"><\/div>\n\n\n\n<div class=\"wp-block-columns is-layout-flex wp-container-core-columns-is-layout-9d6595d7 wp-block-columns-is-layout-flex\"><\/div>\n\n\n\n<hr class=\"wp-block-separator has-alpha-channel-opacity\"\/>\n","protected":false},"excerpt":{"rendered":"<p>Cette ann\u00e9e encore, plusieurs membres de TELEMMe seront pr\u00e9sent\u00b7es aux\u00a0Rendez-vous de l\u2019histoire de Blois. Pour leurs 25 ans, les RVH de Blois seront consacr\u00e9s \u00e0 la mer.\u00a0<br \/>\nLes RVH 2022 se tiennent du 5 au 9 octobre en\u00a0plusieurs lieux de la ville<\/p>\n","protected":false},"author":175,"featured_media":11423,"comment_status":"closed","ping_status":"closed","sticky":false,"template":"","format":"standard","meta":{"neve_meta_sidebar":"","neve_meta_container":"","neve_meta_enable_content_width":"off","neve_meta_content_width":70,"neve_meta_title_alignment":"","neve_meta_author_avatar":"","neve_post_elements_order":"","neve_meta_disable_header":"","neve_meta_disable_footer":"","neve_meta_disable_title":"","_tribe_events_control_status":"","_tribe_events_control_status_canceled_reason":"","_tribe_events_control_status_postponed_reason":"","_tribe_events_control_online":"","_tribe_events_control_online_url":"","footnotes":""},"categories":[1992],"tags":[],"class_list":["post-11396","post","type-post","status-publish","format-standard","has-post-thumbnail","hentry","category-rencontres"],"yoast_head":"<!-- This site is optimized with the Yoast SEO plugin v27.4 - https:\/\/yoast.com\/product\/yoast-seo-wordpress\/ -->\n<title>TELEMMe aux Rendez-vous de l\u2019histoire de Blois 2022 - TELEMMe - Temps, espaces, langages, Europe m\u00e9ridionale, M\u00e9diterran\u00e9e<\/title>\n<meta name=\"description\" content=\"Cette ann\u00e9e encore, plusieurs membres de TELEMMe seront pr\u00e9sent\u00b7es aux Rendez-vous de l\u2019histoire de Blois. Pour leurs 25 ans, les RVH de Blois seront consacr\u00e9s \u00e0 la mer. Les RVH 2022 se tiennent du 5 au 9 octobre en plusieurs lieux de la ville\" \/>\n<meta name=\"robots\" content=\"index, follow, max-snippet:-1, max-image-preview:large, max-video-preview:-1\" \/>\n<link rel=\"canonical\" href=\"https:\/\/telemme.mmsh.fr\/?p=11396\" \/>\n<meta property=\"og:locale\" content=\"fr_FR\" \/>\n<meta property=\"og:type\" content=\"article\" \/>\n<meta property=\"og:title\" content=\"TELEMMe aux Rendez-vous de l\u2019histoire de Blois 2022 - TELEMMe - Temps, espaces, langages, Europe m\u00e9ridionale, M\u00e9diterran\u00e9e\" \/>\n<meta property=\"og:description\" content=\"Cette ann\u00e9e encore, plusieurs membres de TELEMMe seront pr\u00e9sent\u00b7es aux Rendez-vous de l\u2019histoire de Blois. Pour leurs 25 ans, les RVH de Blois seront consacr\u00e9s \u00e0 la mer. Les RVH 2022 se tiennent du 5 au 9 octobre en plusieurs lieux de la ville\" \/>\n<meta property=\"og:url\" content=\"https:\/\/telemme.mmsh.fr\/?p=11396\" \/>\n<meta property=\"og:site_name\" content=\"TELEMMe - Temps, espaces, langages, Europe m\u00e9ridionale, M\u00e9diterran\u00e9e\" \/>\n<meta property=\"article:published_time\" content=\"2022-09-14T08:27:00+00:00\" \/>\n<meta property=\"article:modified_time\" content=\"2022-09-14T13:29:14+00:00\" \/>\n<meta property=\"og:image\" content=\"https:\/\/telemme.mmsh.fr\/wp-content\/uploads\/2022\/09\/285253959_492895479299638_6794988358712075542_n-1-1.jpg\" \/>\n\t<meta property=\"og:image:width\" content=\"1500\" \/>\n\t<meta property=\"og:image:height\" content=\"500\" \/>\n\t<meta property=\"og:image:type\" content=\"image\/jpeg\" \/>\n<meta name=\"author\" content=\"Maja Mellet\" \/>\n<meta name=\"twitter:card\" content=\"summary_large_image\" \/>\n<meta name=\"twitter:label1\" content=\"\u00c9crit par\" \/>\n\t<meta name=\"twitter:data1\" content=\"Maja Mellet\" \/>\n\t<meta name=\"twitter:label2\" content=\"Dur\u00e9e de lecture estim\u00e9e\" \/>\n\t<meta name=\"twitter:data2\" content=\"9 minutes\" \/>\n<script type=\"application\/ld+json\" class=\"yoast-schema-graph\">{\"@context\":\"https:\\\/\\\/schema.org\",\"@graph\":[{\"@type\":\"Article\",\"@id\":\"https:\\\/\\\/telemme.mmsh.fr\\\/?p=11396#article\",\"isPartOf\":{\"@id\":\"https:\\\/\\\/telemme.mmsh.fr\\\/?p=11396\"},\"author\":{\"name\":\"Maja Mellet\",\"@id\":\"https:\\\/\\\/telemme.mmsh.fr\\\/#\\\/schema\\\/person\\\/c433e5fd025c00718f715ba73f040691\"},\"headline\":\"TELEMMe aux Rendez-vous de l\u2019histoire de Blois 2022\",\"datePublished\":\"2022-09-14T08:27:00+00:00\",\"dateModified\":\"2022-09-14T13:29:14+00:00\",\"mainEntityOfPage\":{\"@id\":\"https:\\\/\\\/telemme.mmsh.fr\\\/?p=11396\"},\"wordCount\":1750,\"publisher\":{\"@id\":\"https:\\\/\\\/telemme.mmsh.fr\\\/#organization\"},\"image\":{\"@id\":\"https:\\\/\\\/telemme.mmsh.fr\\\/?p=11396#primaryimage\"},\"thumbnailUrl\":\"https:\\\/\\\/telemme.mmsh.fr\\\/wp-content\\\/uploads\\\/2022\\\/09\\\/285253959_492895479299638_6794988358712075542_n-1-1.jpg\",\"articleSection\":[\"Rencontres\"],\"inLanguage\":\"fr-FR\"},{\"@type\":\"WebPage\",\"@id\":\"https:\\\/\\\/telemme.mmsh.fr\\\/?p=11396\",\"url\":\"https:\\\/\\\/telemme.mmsh.fr\\\/?p=11396\",\"name\":\"TELEMMe aux Rendez-vous de l\u2019histoire de Blois 2022 - TELEMMe - Temps, espaces, langages, Europe m\u00e9ridionale, M\u00e9diterran\u00e9e\",\"isPartOf\":{\"@id\":\"https:\\\/\\\/telemme.mmsh.fr\\\/#website\"},\"primaryImageOfPage\":{\"@id\":\"https:\\\/\\\/telemme.mmsh.fr\\\/?p=11396#primaryimage\"},\"image\":{\"@id\":\"https:\\\/\\\/telemme.mmsh.fr\\\/?p=11396#primaryimage\"},\"thumbnailUrl\":\"https:\\\/\\\/telemme.mmsh.fr\\\/wp-content\\\/uploads\\\/2022\\\/09\\\/285253959_492895479299638_6794988358712075542_n-1-1.jpg\",\"datePublished\":\"2022-09-14T08:27:00+00:00\",\"dateModified\":\"2022-09-14T13:29:14+00:00\",\"description\":\"Cette ann\u00e9e encore, plusieurs membres de TELEMMe seront pr\u00e9sent\u00b7es aux Rendez-vous de l\u2019histoire de Blois. Pour leurs 25 ans, les RVH de Blois seront consacr\u00e9s \u00e0 la mer. Les RVH 2022 se tiennent du 5 au 9 octobre en plusieurs lieux de la ville\",\"breadcrumb\":{\"@id\":\"https:\\\/\\\/telemme.mmsh.fr\\\/?p=11396#breadcrumb\"},\"inLanguage\":\"fr-FR\",\"potentialAction\":[{\"@type\":\"ReadAction\",\"target\":[\"https:\\\/\\\/telemme.mmsh.fr\\\/?p=11396\"]}]},{\"@type\":\"ImageObject\",\"inLanguage\":\"fr-FR\",\"@id\":\"https:\\\/\\\/telemme.mmsh.fr\\\/?p=11396#primaryimage\",\"url\":\"https:\\\/\\\/telemme.mmsh.fr\\\/wp-content\\\/uploads\\\/2022\\\/09\\\/285253959_492895479299638_6794988358712075542_n-1-1.jpg\",\"contentUrl\":\"https:\\\/\\\/telemme.mmsh.fr\\\/wp-content\\\/uploads\\\/2022\\\/09\\\/285253959_492895479299638_6794988358712075542_n-1-1.jpg\",\"width\":1500,\"height\":500},{\"@type\":\"BreadcrumbList\",\"@id\":\"https:\\\/\\\/telemme.mmsh.fr\\\/?p=11396#breadcrumb\",\"itemListElement\":[{\"@type\":\"ListItem\",\"position\":1,\"name\":\"Accueil\",\"item\":\"https:\\\/\\\/telemme.mmsh.fr\\\/\"},{\"@type\":\"ListItem\",\"position\":2,\"name\":\"Actualit\u00e9s\",\"item\":\"https:\\\/\\\/telemme.mmsh.fr\\\/?cat=1995\"},{\"@type\":\"ListItem\",\"position\":3,\"name\":\"Rencontres\",\"item\":\"https:\\\/\\\/telemme.mmsh.fr\\\/?cat=1992\"},{\"@type\":\"ListItem\",\"position\":4,\"name\":\"TELEMMe aux Rendez-vous de l\u2019histoire de Blois 2022\"}]},{\"@type\":\"WebSite\",\"@id\":\"https:\\\/\\\/telemme.mmsh.fr\\\/#website\",\"url\":\"https:\\\/\\\/telemme.mmsh.fr\\\/\",\"name\":\"TELEMMe - Temps, espaces, langages, Europe m\u00e9ridionale, M\u00e9diterran\u00e9e\",\"description\":\"\",\"publisher\":{\"@id\":\"https:\\\/\\\/telemme.mmsh.fr\\\/#organization\"},\"potentialAction\":[{\"@type\":\"SearchAction\",\"target\":{\"@type\":\"EntryPoint\",\"urlTemplate\":\"https:\\\/\\\/telemme.mmsh.fr\\\/?s={search_term_string}\"},\"query-input\":{\"@type\":\"PropertyValueSpecification\",\"valueRequired\":true,\"valueName\":\"search_term_string\"}}],\"inLanguage\":\"fr-FR\"},{\"@type\":\"Organization\",\"@id\":\"https:\\\/\\\/telemme.mmsh.fr\\\/#organization\",\"name\":\"TELEMMe\",\"url\":\"https:\\\/\\\/telemme.mmsh.fr\\\/\",\"logo\":{\"@type\":\"ImageObject\",\"inLanguage\":\"fr-FR\",\"@id\":\"https:\\\/\\\/telemme.mmsh.fr\\\/#\\\/schema\\\/logo\\\/image\\\/\",\"url\":\"https:\\\/\\\/telemme.mmsh.fr\\\/wp-content\\\/uploads\\\/2020\\\/03\\\/LogoTELEMMe-horizontal-fond-transparent.png\",\"contentUrl\":\"https:\\\/\\\/telemme.mmsh.fr\\\/wp-content\\\/uploads\\\/2020\\\/03\\\/LogoTELEMMe-horizontal-fond-transparent.png\",\"width\":1500,\"height\":437,\"caption\":\"TELEMMe\"},\"image\":{\"@id\":\"https:\\\/\\\/telemme.mmsh.fr\\\/#\\\/schema\\\/logo\\\/image\\\/\"}},{\"@type\":\"Person\",\"@id\":\"https:\\\/\\\/telemme.mmsh.fr\\\/#\\\/schema\\\/person\\\/c433e5fd025c00718f715ba73f040691\",\"name\":\"Maja Mellet\",\"url\":\"https:\\\/\\\/telemme.mmsh.fr\\\/?author=175\"}]}<\/script>\n<!-- \/ Yoast SEO plugin. -->","yoast_head_json":{"title":"TELEMMe aux Rendez-vous de l\u2019histoire de Blois 2022 - TELEMMe - Temps, espaces, langages, Europe m\u00e9ridionale, M\u00e9diterran\u00e9e","description":"Cette ann\u00e9e encore, plusieurs membres de TELEMMe seront pr\u00e9sent\u00b7es aux Rendez-vous de l\u2019histoire de Blois. Pour leurs 25 ans, les RVH de Blois seront consacr\u00e9s \u00e0 la mer. Les RVH 2022 se tiennent du 5 au 9 octobre en plusieurs lieux de la ville","robots":{"index":"index","follow":"follow","max-snippet":"max-snippet:-1","max-image-preview":"max-image-preview:large","max-video-preview":"max-video-preview:-1"},"canonical":"https:\/\/telemme.mmsh.fr\/?p=11396","og_locale":"fr_FR","og_type":"article","og_title":"TELEMMe aux Rendez-vous de l\u2019histoire de Blois 2022 - TELEMMe - Temps, espaces, langages, Europe m\u00e9ridionale, M\u00e9diterran\u00e9e","og_description":"Cette ann\u00e9e encore, plusieurs membres de TELEMMe seront pr\u00e9sent\u00b7es aux Rendez-vous de l\u2019histoire de Blois. Pour leurs 25 ans, les RVH de Blois seront consacr\u00e9s \u00e0 la mer. Les RVH 2022 se tiennent du 5 au 9 octobre en plusieurs lieux de la ville","og_url":"https:\/\/telemme.mmsh.fr\/?p=11396","og_site_name":"TELEMMe - Temps, espaces, langages, Europe m\u00e9ridionale, M\u00e9diterran\u00e9e","article_published_time":"2022-09-14T08:27:00+00:00","article_modified_time":"2022-09-14T13:29:14+00:00","og_image":[{"width":1500,"height":500,"url":"https:\/\/telemme.mmsh.fr\/wp-content\/uploads\/2022\/09\/285253959_492895479299638_6794988358712075542_n-1-1.jpg","type":"image\/jpeg"}],"author":"Maja Mellet","twitter_card":"summary_large_image","twitter_misc":{"\u00c9crit par":"Maja Mellet","Dur\u00e9e de lecture estim\u00e9e":"9 minutes"},"schema":{"@context":"https:\/\/schema.org","@graph":[{"@type":"Article","@id":"https:\/\/telemme.mmsh.fr\/?p=11396#article","isPartOf":{"@id":"https:\/\/telemme.mmsh.fr\/?p=11396"},"author":{"name":"Maja Mellet","@id":"https:\/\/telemme.mmsh.fr\/#\/schema\/person\/c433e5fd025c00718f715ba73f040691"},"headline":"TELEMMe aux Rendez-vous de l\u2019histoire de Blois 2022","datePublished":"2022-09-14T08:27:00+00:00","dateModified":"2022-09-14T13:29:14+00:00","mainEntityOfPage":{"@id":"https:\/\/telemme.mmsh.fr\/?p=11396"},"wordCount":1750,"publisher":{"@id":"https:\/\/telemme.mmsh.fr\/#organization"},"image":{"@id":"https:\/\/telemme.mmsh.fr\/?p=11396#primaryimage"},"thumbnailUrl":"https:\/\/telemme.mmsh.fr\/wp-content\/uploads\/2022\/09\/285253959_492895479299638_6794988358712075542_n-1-1.jpg","articleSection":["Rencontres"],"inLanguage":"fr-FR"},{"@type":"WebPage","@id":"https:\/\/telemme.mmsh.fr\/?p=11396","url":"https:\/\/telemme.mmsh.fr\/?p=11396","name":"TELEMMe aux Rendez-vous de l\u2019histoire de Blois 2022 - TELEMMe - Temps, espaces, langages, Europe m\u00e9ridionale, M\u00e9diterran\u00e9e","isPartOf":{"@id":"https:\/\/telemme.mmsh.fr\/#website"},"primaryImageOfPage":{"@id":"https:\/\/telemme.mmsh.fr\/?p=11396#primaryimage"},"image":{"@id":"https:\/\/telemme.mmsh.fr\/?p=11396#primaryimage"},"thumbnailUrl":"https:\/\/telemme.mmsh.fr\/wp-content\/uploads\/2022\/09\/285253959_492895479299638_6794988358712075542_n-1-1.jpg","datePublished":"2022-09-14T08:27:00+00:00","dateModified":"2022-09-14T13:29:14+00:00","description":"Cette ann\u00e9e encore, plusieurs membres de TELEMMe seront pr\u00e9sent\u00b7es aux Rendez-vous de l\u2019histoire de Blois. Pour leurs 25 ans, les RVH de Blois seront consacr\u00e9s \u00e0 la mer. Les RVH 2022 se tiennent du 5 au 9 octobre en plusieurs lieux de la ville","breadcrumb":{"@id":"https:\/\/telemme.mmsh.fr\/?p=11396#breadcrumb"},"inLanguage":"fr-FR","potentialAction":[{"@type":"ReadAction","target":["https:\/\/telemme.mmsh.fr\/?p=11396"]}]},{"@type":"ImageObject","inLanguage":"fr-FR","@id":"https:\/\/telemme.mmsh.fr\/?p=11396#primaryimage","url":"https:\/\/telemme.mmsh.fr\/wp-content\/uploads\/2022\/09\/285253959_492895479299638_6794988358712075542_n-1-1.jpg","contentUrl":"https:\/\/telemme.mmsh.fr\/wp-content\/uploads\/2022\/09\/285253959_492895479299638_6794988358712075542_n-1-1.jpg","width":1500,"height":500},{"@type":"BreadcrumbList","@id":"https:\/\/telemme.mmsh.fr\/?p=11396#breadcrumb","itemListElement":[{"@type":"ListItem","position":1,"name":"Accueil","item":"https:\/\/telemme.mmsh.fr\/"},{"@type":"ListItem","position":2,"name":"Actualit\u00e9s","item":"https:\/\/telemme.mmsh.fr\/?cat=1995"},{"@type":"ListItem","position":3,"name":"Rencontres","item":"https:\/\/telemme.mmsh.fr\/?cat=1992"},{"@type":"ListItem","position":4,"name":"TELEMMe aux Rendez-vous de l\u2019histoire de Blois 2022"}]},{"@type":"WebSite","@id":"https:\/\/telemme.mmsh.fr\/#website","url":"https:\/\/telemme.mmsh.fr\/","name":"TELEMMe - Temps, espaces, langages, Europe m\u00e9ridionale, M\u00e9diterran\u00e9e","description":"","publisher":{"@id":"https:\/\/telemme.mmsh.fr\/#organization"},"potentialAction":[{"@type":"SearchAction","target":{"@type":"EntryPoint","urlTemplate":"https:\/\/telemme.mmsh.fr\/?s={search_term_string}"},"query-input":{"@type":"PropertyValueSpecification","valueRequired":true,"valueName":"search_term_string"}}],"inLanguage":"fr-FR"},{"@type":"Organization","@id":"https:\/\/telemme.mmsh.fr\/#organization","name":"TELEMMe","url":"https:\/\/telemme.mmsh.fr\/","logo":{"@type":"ImageObject","inLanguage":"fr-FR","@id":"https:\/\/telemme.mmsh.fr\/#\/schema\/logo\/image\/","url":"https:\/\/telemme.mmsh.fr\/wp-content\/uploads\/2020\/03\/LogoTELEMMe-horizontal-fond-transparent.png","contentUrl":"https:\/\/telemme.mmsh.fr\/wp-content\/uploads\/2020\/03\/LogoTELEMMe-horizontal-fond-transparent.png","width":1500,"height":437,"caption":"TELEMMe"},"image":{"@id":"https:\/\/telemme.mmsh.fr\/#\/schema\/logo\/image\/"}},{"@type":"Person","@id":"https:\/\/telemme.mmsh.fr\/#\/schema\/person\/c433e5fd025c00718f715ba73f040691","name":"Maja Mellet","url":"https:\/\/telemme.mmsh.fr\/?author=175"}]}},"_links":{"self":[{"href":"https:\/\/telemme.mmsh.fr\/index.php?rest_route=\/wp\/v2\/posts\/11396","targetHints":{"allow":["GET"]}}],"collection":[{"href":"https:\/\/telemme.mmsh.fr\/index.php?rest_route=\/wp\/v2\/posts"}],"about":[{"href":"https:\/\/telemme.mmsh.fr\/index.php?rest_route=\/wp\/v2\/types\/post"}],"author":[{"embeddable":true,"href":"https:\/\/telemme.mmsh.fr\/index.php?rest_route=\/wp\/v2\/users\/175"}],"replies":[{"embeddable":true,"href":"https:\/\/telemme.mmsh.fr\/index.php?rest_route=%2Fwp%2Fv2%2Fcomments&post=11396"}],"version-history":[{"count":52,"href":"https:\/\/telemme.mmsh.fr\/index.php?rest_route=\/wp\/v2\/posts\/11396\/revisions"}],"predecessor-version":[{"id":13151,"href":"https:\/\/telemme.mmsh.fr\/index.php?rest_route=\/wp\/v2\/posts\/11396\/revisions\/13151"}],"wp:featuredmedia":[{"embeddable":true,"href":"https:\/\/telemme.mmsh.fr\/index.php?rest_route=\/wp\/v2\/media\/11423"}],"wp:attachment":[{"href":"https:\/\/telemme.mmsh.fr\/index.php?rest_route=%2Fwp%2Fv2%2Fmedia&parent=11396"}],"wp:term":[{"taxonomy":"category","embeddable":true,"href":"https:\/\/telemme.mmsh.fr\/index.php?rest_route=%2Fwp%2Fv2%2Fcategories&post=11396"},{"taxonomy":"post_tag","embeddable":true,"href":"https:\/\/telemme.mmsh.fr\/index.php?rest_route=%2Fwp%2Fv2%2Ftags&post=11396"}],"curies":[{"name":"wp","href":"https:\/\/api.w.org\/{rel}","templated":true}]}}