{"id":11331,"date":"2022-08-18T09:00:00","date_gmt":"2022-08-18T07:00:00","guid":{"rendered":"https:\/\/telemme.mmsh.fr\/?p=11331"},"modified":"2022-09-09T10:26:25","modified_gmt":"2022-09-09T08:26:25","slug":"de-beyrouth-a-marseille-syriens-et-libanais-des-forces-francaises-libres-du-levant","status":"publish","type":"post","link":"https:\/\/telemme.mmsh.fr\/?p=11331","title":{"rendered":"De Beyrouth \u00e0 Marseille. Syriens et Libanais des Forces fran\u00e7aises Libres du Levant"},"content":{"rendered":"\n<blockquote class=\"wp-block-quote is-layout-flow wp-block-quote-is-layout-flow\"><p><a href=\"https:\/\/www.leslibraires.fr\/livre\/21324335-de-beyrouth-a-marseille-syriens-et-libanais--liliane-rada-nasser-gaussen\"><strong><em>De Beyrouth \u00e0 Marseille. Syriens et Libanais des Forces fran\u00e7aises Libres du Levant<\/em><\/strong>,<\/a> Liliane Nasser, \u00e9ditions Gaussen, 2022, 192 pages.<\/p><\/blockquote>\n\n\n\n<p>En juin 1941, les Forces Fran\u00e7aises Libres prennent le contr\u00f4le de la Syrie et du Liban alors sous mandat fran\u00e7ais.<br>Quelques mois plus tard, un millier de Syriens et de Libanais se joignent aux FFL pour participer \u00e0 la lib\u00e9ration de la France. Parmi eux se trouvent des membres des Troupes sp\u00e9ciales du Levant, destin\u00e9es \u00e0 former les futures arm\u00e9es nationales de la Syrie et du Liban. Pour combattre hors du sol natal, ils signent un avenant \u00e0 leur contrat initial. En 1946, un second groupe d&rsquo;avenantaires quitte Beyrouth avec leurs familles. Obtenant la nationalit\u00e9 fran\u00e7aise, ils participent \u00e0 des op\u00e9rations dans l&rsquo;Union fran\u00e7aise, puis s&rsquo;installent \u00e0 Marseille o\u00f9 leur insertion est facilit\u00e9e par les Fran\u00e7ais Libres du Levant d\u00e9j\u00e0 sur place.<br>Sur la base d&rsquo;archives mais aussi d&rsquo;entretiens souvent poignants avec ces hommes et leurs familles, Liliane Nasser nous fait d\u00e9couvrir un fragment m\u00e9connu de notre histoire et restitue toute leur place \u00e0 ces hommes venus d&rsquo;Orient et \u00e0 leurs familles.<\/p>\n\n\n\n<p>Liliane R. Nasser est docteur en histoire et chercheur associ\u00e9 au laboratoire TELEMME de la MMSH. Sp\u00e9cialiste de l&rsquo;\u00e9migration libanaise, elle a notamment publi\u00e9 Ces Marseillais venus d&rsquo;Orient, L&rsquo;immigration libanaise \u00e0 Marseille aux XIXe et XXe si\u00e8cles.<\/p>\n","protected":false},"excerpt":{"rendered":"<p>De Beyrouth \u00e0 Marseille. Syriens et Libanais des Forces fran\u00e7aises Libres du Levant, Liliane Nasser, \u00e9ditions Gaussen, 2022, 192 pages. En juin 1941, les Forces Fran\u00e7aises Libres prennent le contr\u00f4le&hellip;&nbsp;<a href=\"https:\/\/telemme.mmsh.fr\/?p=11331\" rel=\"bookmark\">Lire la suite &raquo;<span class=\"screen-reader-text\">De Beyrouth \u00e0 Marseille. Syriens et Libanais des Forces fran\u00e7aises Libres du Levant<\/span><\/a><\/p>\n","protected":false},"author":6,"featured_media":11332,"comment_status":"closed","ping_status":"closed","sticky":false,"template":"","format":"standard","meta":{"neve_meta_sidebar":"","neve_meta_container":"","neve_meta_enable_content_width":"off","neve_meta_content_width":70,"neve_meta_title_alignment":"","neve_meta_author_avatar":"","neve_post_elements_order":"","neve_meta_disable_header":"","neve_meta_disable_footer":"","neve_meta_disable_title":"","_tribe_events_control_status":"","_tribe_events_control_status_canceled_reason":"","_tribe_events_control_status_postponed_reason":"","_tribe_events_control_online":"","_tribe_events_control_online_url":"","footnotes":""},"categories":[1740],"tags":[2519,2515],"class_list":["post-11331","post","type-post","status-publish","format-standard","has-post-thumbnail","hentry","category-ouvrages","tag-libanais","tag-syriens"],"yoast_head":"<!-- This site is optimized with the Yoast SEO plugin v27.4 - https:\/\/yoast.com\/product\/yoast-seo-wordpress\/ -->\n<title>De Beyrouth \u00e0 Marseille. Syriens et Libanais des Forces fran\u00e7aises Libres du Levant - TELEMMe - Temps, espaces, langages, Europe m\u00e9ridionale, M\u00e9diterran\u00e9e<\/title>\n<meta name=\"robots\" content=\"index, follow, max-snippet:-1, max-image-preview:large, max-video-preview:-1\" \/>\n<link rel=\"canonical\" href=\"https:\/\/telemme.mmsh.fr\/?p=11331\" \/>\n<meta property=\"og:locale\" content=\"fr_FR\" \/>\n<meta property=\"og:type\" content=\"article\" \/>\n<meta property=\"og:title\" content=\"De Beyrouth \u00e0 Marseille. Syriens et Libanais des Forces fran\u00e7aises Libres du Levant - TELEMMe - Temps, espaces, langages, Europe m\u00e9ridionale, M\u00e9diterran\u00e9e\" \/>\n<meta property=\"og:description\" content=\"De Beyrouth \u00e0 Marseille. Syriens et Libanais des Forces fran\u00e7aises Libres du Levant, Liliane Nasser, \u00e9ditions Gaussen, 2022, 192 pages. En juin 1941, les Forces Fran\u00e7aises Libres prennent le contr\u00f4le&hellip;&nbsp;Lire la suite &raquo;De Beyrouth \u00e0 Marseille. Syriens et Libanais des Forces fran\u00e7aises Libres du Levant\" \/>\n<meta property=\"og:url\" content=\"https:\/\/telemme.mmsh.fr\/?p=11331\" \/>\n<meta property=\"og:site_name\" content=\"TELEMMe - Temps, espaces, langages, Europe m\u00e9ridionale, M\u00e9diterran\u00e9e\" \/>\n<meta property=\"article:published_time\" content=\"2022-08-18T07:00:00+00:00\" \/>\n<meta property=\"article:modified_time\" content=\"2022-09-09T08:26:25+00:00\" \/>\n<meta property=\"og:image\" content=\"https:\/\/telemme.mmsh.fr\/wp-content\/uploads\/2022\/07\/44_9782356982322_1_75.jpg\" \/>\n\t<meta property=\"og:image:width\" content=\"600\" \/>\n\t<meta property=\"og:image:height\" content=\"872\" \/>\n\t<meta property=\"og:image:type\" content=\"image\/jpeg\" \/>\n<meta name=\"author\" content=\"Delphine Cavallo\" \/>\n<meta name=\"twitter:card\" content=\"summary_large_image\" \/>\n<meta name=\"twitter:label1\" content=\"\u00c9crit par\" \/>\n\t<meta name=\"twitter:data1\" content=\"Delphine Cavallo\" \/>\n\t<meta name=\"twitter:label2\" content=\"Dur\u00e9e de lecture estim\u00e9e\" \/>\n\t<meta name=\"twitter:data2\" content=\"2 minutes\" \/>\n<script type=\"application\/ld+json\" class=\"yoast-schema-graph\">{\"@context\":\"https:\\\/\\\/schema.org\",\"@graph\":[{\"@type\":\"Article\",\"@id\":\"https:\\\/\\\/telemme.mmsh.fr\\\/?p=11331#article\",\"isPartOf\":{\"@id\":\"https:\\\/\\\/telemme.mmsh.fr\\\/?p=11331\"},\"author\":{\"name\":\"Delphine Cavallo\",\"@id\":\"https:\\\/\\\/telemme.mmsh.fr\\\/#\\\/schema\\\/person\\\/86a185da4836381586528ced48e263f5\"},\"headline\":\"De Beyrouth \u00e0 Marseille. Syriens et Libanais des Forces fran\u00e7aises Libres du Levant\",\"datePublished\":\"2022-08-18T07:00:00+00:00\",\"dateModified\":\"2022-09-09T08:26:25+00:00\",\"mainEntityOfPage\":{\"@id\":\"https:\\\/\\\/telemme.mmsh.fr\\\/?p=11331\"},\"wordCount\":246,\"publisher\":{\"@id\":\"https:\\\/\\\/telemme.mmsh.fr\\\/#organization\"},\"image\":{\"@id\":\"https:\\\/\\\/telemme.mmsh.fr\\\/?p=11331#primaryimage\"},\"thumbnailUrl\":\"https:\\\/\\\/telemme.mmsh.fr\\\/wp-content\\\/uploads\\\/2022\\\/07\\\/44_9782356982322_1_75.jpg\",\"keywords\":[\"Libanais\",\"Syriens\"],\"articleSection\":[\"Ouvrages\"],\"inLanguage\":\"fr-FR\"},{\"@type\":\"WebPage\",\"@id\":\"https:\\\/\\\/telemme.mmsh.fr\\\/?p=11331\",\"url\":\"https:\\\/\\\/telemme.mmsh.fr\\\/?p=11331\",\"name\":\"De Beyrouth \u00e0 Marseille. Syriens et Libanais des Forces fran\u00e7aises Libres du Levant - TELEMMe - Temps, espaces, langages, Europe m\u00e9ridionale, M\u00e9diterran\u00e9e\",\"isPartOf\":{\"@id\":\"https:\\\/\\\/telemme.mmsh.fr\\\/#website\"},\"primaryImageOfPage\":{\"@id\":\"https:\\\/\\\/telemme.mmsh.fr\\\/?p=11331#primaryimage\"},\"image\":{\"@id\":\"https:\\\/\\\/telemme.mmsh.fr\\\/?p=11331#primaryimage\"},\"thumbnailUrl\":\"https:\\\/\\\/telemme.mmsh.fr\\\/wp-content\\\/uploads\\\/2022\\\/07\\\/44_9782356982322_1_75.jpg\",\"datePublished\":\"2022-08-18T07:00:00+00:00\",\"dateModified\":\"2022-09-09T08:26:25+00:00\",\"breadcrumb\":{\"@id\":\"https:\\\/\\\/telemme.mmsh.fr\\\/?p=11331#breadcrumb\"},\"inLanguage\":\"fr-FR\",\"potentialAction\":[{\"@type\":\"ReadAction\",\"target\":[\"https:\\\/\\\/telemme.mmsh.fr\\\/?p=11331\"]}]},{\"@type\":\"ImageObject\",\"inLanguage\":\"fr-FR\",\"@id\":\"https:\\\/\\\/telemme.mmsh.fr\\\/?p=11331#primaryimage\",\"url\":\"https:\\\/\\\/telemme.mmsh.fr\\\/wp-content\\\/uploads\\\/2022\\\/07\\\/44_9782356982322_1_75.jpg\",\"contentUrl\":\"https:\\\/\\\/telemme.mmsh.fr\\\/wp-content\\\/uploads\\\/2022\\\/07\\\/44_9782356982322_1_75.jpg\",\"width\":600,\"height\":872,\"caption\":\"Couverture de De Beyrouth \u00e0 Marseille. Syriens et Libanais des Forces fran\u00e7aises Libres du Levant, Liliane Nsasser, \u00e9ditions Guassen\"},{\"@type\":\"BreadcrumbList\",\"@id\":\"https:\\\/\\\/telemme.mmsh.fr\\\/?p=11331#breadcrumb\",\"itemListElement\":[{\"@type\":\"ListItem\",\"position\":1,\"name\":\"Accueil\",\"item\":\"https:\\\/\\\/telemme.mmsh.fr\\\/\"},{\"@type\":\"ListItem\",\"position\":2,\"name\":\"Publications\",\"item\":\"https:\\\/\\\/telemme.mmsh.fr\\\/?cat=1738\"},{\"@type\":\"ListItem\",\"position\":3,\"name\":\"Ouvrages\",\"item\":\"https:\\\/\\\/telemme.mmsh.fr\\\/?cat=1740\"},{\"@type\":\"ListItem\",\"position\":4,\"name\":\"De Beyrouth \u00e0 Marseille. Syriens et Libanais des Forces fran\u00e7aises Libres du Levant\"}]},{\"@type\":\"WebSite\",\"@id\":\"https:\\\/\\\/telemme.mmsh.fr\\\/#website\",\"url\":\"https:\\\/\\\/telemme.mmsh.fr\\\/\",\"name\":\"TELEMMe - Temps, espaces, langages, Europe m\u00e9ridionale, M\u00e9diterran\u00e9e\",\"description\":\"\",\"publisher\":{\"@id\":\"https:\\\/\\\/telemme.mmsh.fr\\\/#organization\"},\"potentialAction\":[{\"@type\":\"SearchAction\",\"target\":{\"@type\":\"EntryPoint\",\"urlTemplate\":\"https:\\\/\\\/telemme.mmsh.fr\\\/?s={search_term_string}\"},\"query-input\":{\"@type\":\"PropertyValueSpecification\",\"valueRequired\":true,\"valueName\":\"search_term_string\"}}],\"inLanguage\":\"fr-FR\"},{\"@type\":\"Organization\",\"@id\":\"https:\\\/\\\/telemme.mmsh.fr\\\/#organization\",\"name\":\"TELEMMe\",\"url\":\"https:\\\/\\\/telemme.mmsh.fr\\\/\",\"logo\":{\"@type\":\"ImageObject\",\"inLanguage\":\"fr-FR\",\"@id\":\"https:\\\/\\\/telemme.mmsh.fr\\\/#\\\/schema\\\/logo\\\/image\\\/\",\"url\":\"https:\\\/\\\/telemme.mmsh.fr\\\/wp-content\\\/uploads\\\/2020\\\/03\\\/LogoTELEMMe-horizontal-fond-transparent.png\",\"contentUrl\":\"https:\\\/\\\/telemme.mmsh.fr\\\/wp-content\\\/uploads\\\/2020\\\/03\\\/LogoTELEMMe-horizontal-fond-transparent.png\",\"width\":1500,\"height\":437,\"caption\":\"TELEMMe\"},\"image\":{\"@id\":\"https:\\\/\\\/telemme.mmsh.fr\\\/#\\\/schema\\\/logo\\\/image\\\/\"}},{\"@type\":\"Person\",\"@id\":\"https:\\\/\\\/telemme.mmsh.fr\\\/#\\\/schema\\\/person\\\/86a185da4836381586528ced48e263f5\",\"name\":\"Delphine Cavallo\",\"url\":\"https:\\\/\\\/telemme.mmsh.fr\\\/?author=6\"}]}<\/script>\n<!-- \/ Yoast SEO plugin. -->","yoast_head_json":{"title":"De Beyrouth \u00e0 Marseille. Syriens et Libanais des Forces fran\u00e7aises Libres du Levant - TELEMMe - Temps, espaces, langages, Europe m\u00e9ridionale, M\u00e9diterran\u00e9e","robots":{"index":"index","follow":"follow","max-snippet":"max-snippet:-1","max-image-preview":"max-image-preview:large","max-video-preview":"max-video-preview:-1"},"canonical":"https:\/\/telemme.mmsh.fr\/?p=11331","og_locale":"fr_FR","og_type":"article","og_title":"De Beyrouth \u00e0 Marseille. Syriens et Libanais des Forces fran\u00e7aises Libres du Levant - TELEMMe - Temps, espaces, langages, Europe m\u00e9ridionale, M\u00e9diterran\u00e9e","og_description":"De Beyrouth \u00e0 Marseille. Syriens et Libanais des Forces fran\u00e7aises Libres du Levant, Liliane Nasser, \u00e9ditions Gaussen, 2022, 192 pages. En juin 1941, les Forces Fran\u00e7aises Libres prennent le contr\u00f4le&hellip;&nbsp;Lire la suite &raquo;De Beyrouth \u00e0 Marseille. Syriens et Libanais des Forces fran\u00e7aises Libres du Levant","og_url":"https:\/\/telemme.mmsh.fr\/?p=11331","og_site_name":"TELEMMe - Temps, espaces, langages, Europe m\u00e9ridionale, M\u00e9diterran\u00e9e","article_published_time":"2022-08-18T07:00:00+00:00","article_modified_time":"2022-09-09T08:26:25+00:00","og_image":[{"width":600,"height":872,"url":"https:\/\/telemme.mmsh.fr\/wp-content\/uploads\/2022\/07\/44_9782356982322_1_75.jpg","type":"image\/jpeg"}],"author":"Delphine Cavallo","twitter_card":"summary_large_image","twitter_misc":{"\u00c9crit par":"Delphine Cavallo","Dur\u00e9e de lecture estim\u00e9e":"2 minutes"},"schema":{"@context":"https:\/\/schema.org","@graph":[{"@type":"Article","@id":"https:\/\/telemme.mmsh.fr\/?p=11331#article","isPartOf":{"@id":"https:\/\/telemme.mmsh.fr\/?p=11331"},"author":{"name":"Delphine Cavallo","@id":"https:\/\/telemme.mmsh.fr\/#\/schema\/person\/86a185da4836381586528ced48e263f5"},"headline":"De Beyrouth \u00e0 Marseille. Syriens et Libanais des Forces fran\u00e7aises Libres du Levant","datePublished":"2022-08-18T07:00:00+00:00","dateModified":"2022-09-09T08:26:25+00:00","mainEntityOfPage":{"@id":"https:\/\/telemme.mmsh.fr\/?p=11331"},"wordCount":246,"publisher":{"@id":"https:\/\/telemme.mmsh.fr\/#organization"},"image":{"@id":"https:\/\/telemme.mmsh.fr\/?p=11331#primaryimage"},"thumbnailUrl":"https:\/\/telemme.mmsh.fr\/wp-content\/uploads\/2022\/07\/44_9782356982322_1_75.jpg","keywords":["Libanais","Syriens"],"articleSection":["Ouvrages"],"inLanguage":"fr-FR"},{"@type":"WebPage","@id":"https:\/\/telemme.mmsh.fr\/?p=11331","url":"https:\/\/telemme.mmsh.fr\/?p=11331","name":"De Beyrouth \u00e0 Marseille. Syriens et Libanais des Forces fran\u00e7aises Libres du Levant - TELEMMe - Temps, espaces, langages, Europe m\u00e9ridionale, M\u00e9diterran\u00e9e","isPartOf":{"@id":"https:\/\/telemme.mmsh.fr\/#website"},"primaryImageOfPage":{"@id":"https:\/\/telemme.mmsh.fr\/?p=11331#primaryimage"},"image":{"@id":"https:\/\/telemme.mmsh.fr\/?p=11331#primaryimage"},"thumbnailUrl":"https:\/\/telemme.mmsh.fr\/wp-content\/uploads\/2022\/07\/44_9782356982322_1_75.jpg","datePublished":"2022-08-18T07:00:00+00:00","dateModified":"2022-09-09T08:26:25+00:00","breadcrumb":{"@id":"https:\/\/telemme.mmsh.fr\/?p=11331#breadcrumb"},"inLanguage":"fr-FR","potentialAction":[{"@type":"ReadAction","target":["https:\/\/telemme.mmsh.fr\/?p=11331"]}]},{"@type":"ImageObject","inLanguage":"fr-FR","@id":"https:\/\/telemme.mmsh.fr\/?p=11331#primaryimage","url":"https:\/\/telemme.mmsh.fr\/wp-content\/uploads\/2022\/07\/44_9782356982322_1_75.jpg","contentUrl":"https:\/\/telemme.mmsh.fr\/wp-content\/uploads\/2022\/07\/44_9782356982322_1_75.jpg","width":600,"height":872,"caption":"Couverture de De Beyrouth \u00e0 Marseille. Syriens et Libanais des Forces fran\u00e7aises Libres du Levant, Liliane Nsasser, \u00e9ditions Guassen"},{"@type":"BreadcrumbList","@id":"https:\/\/telemme.mmsh.fr\/?p=11331#breadcrumb","itemListElement":[{"@type":"ListItem","position":1,"name":"Accueil","item":"https:\/\/telemme.mmsh.fr\/"},{"@type":"ListItem","position":2,"name":"Publications","item":"https:\/\/telemme.mmsh.fr\/?cat=1738"},{"@type":"ListItem","position":3,"name":"Ouvrages","item":"https:\/\/telemme.mmsh.fr\/?cat=1740"},{"@type":"ListItem","position":4,"name":"De Beyrouth \u00e0 Marseille. Syriens et Libanais des Forces fran\u00e7aises Libres du Levant"}]},{"@type":"WebSite","@id":"https:\/\/telemme.mmsh.fr\/#website","url":"https:\/\/telemme.mmsh.fr\/","name":"TELEMMe - Temps, espaces, langages, Europe m\u00e9ridionale, M\u00e9diterran\u00e9e","description":"","publisher":{"@id":"https:\/\/telemme.mmsh.fr\/#organization"},"potentialAction":[{"@type":"SearchAction","target":{"@type":"EntryPoint","urlTemplate":"https:\/\/telemme.mmsh.fr\/?s={search_term_string}"},"query-input":{"@type":"PropertyValueSpecification","valueRequired":true,"valueName":"search_term_string"}}],"inLanguage":"fr-FR"},{"@type":"Organization","@id":"https:\/\/telemme.mmsh.fr\/#organization","name":"TELEMMe","url":"https:\/\/telemme.mmsh.fr\/","logo":{"@type":"ImageObject","inLanguage":"fr-FR","@id":"https:\/\/telemme.mmsh.fr\/#\/schema\/logo\/image\/","url":"https:\/\/telemme.mmsh.fr\/wp-content\/uploads\/2020\/03\/LogoTELEMMe-horizontal-fond-transparent.png","contentUrl":"https:\/\/telemme.mmsh.fr\/wp-content\/uploads\/2020\/03\/LogoTELEMMe-horizontal-fond-transparent.png","width":1500,"height":437,"caption":"TELEMMe"},"image":{"@id":"https:\/\/telemme.mmsh.fr\/#\/schema\/logo\/image\/"}},{"@type":"Person","@id":"https:\/\/telemme.mmsh.fr\/#\/schema\/person\/86a185da4836381586528ced48e263f5","name":"Delphine Cavallo","url":"https:\/\/telemme.mmsh.fr\/?author=6"}]}},"_links":{"self":[{"href":"https:\/\/telemme.mmsh.fr\/index.php?rest_route=\/wp\/v2\/posts\/11331","targetHints":{"allow":["GET"]}}],"collection":[{"href":"https:\/\/telemme.mmsh.fr\/index.php?rest_route=\/wp\/v2\/posts"}],"about":[{"href":"https:\/\/telemme.mmsh.fr\/index.php?rest_route=\/wp\/v2\/types\/post"}],"author":[{"embeddable":true,"href":"https:\/\/telemme.mmsh.fr\/index.php?rest_route=\/wp\/v2\/users\/6"}],"replies":[{"embeddable":true,"href":"https:\/\/telemme.mmsh.fr\/index.php?rest_route=%2Fwp%2Fv2%2Fcomments&post=11331"}],"version-history":[{"count":4,"href":"https:\/\/telemme.mmsh.fr\/index.php?rest_route=\/wp\/v2\/posts\/11331\/revisions"}],"predecessor-version":[{"id":11491,"href":"https:\/\/telemme.mmsh.fr\/index.php?rest_route=\/wp\/v2\/posts\/11331\/revisions\/11491"}],"wp:featuredmedia":[{"embeddable":true,"href":"https:\/\/telemme.mmsh.fr\/index.php?rest_route=\/wp\/v2\/media\/11332"}],"wp:attachment":[{"href":"https:\/\/telemme.mmsh.fr\/index.php?rest_route=%2Fwp%2Fv2%2Fmedia&parent=11331"}],"wp:term":[{"taxonomy":"category","embeddable":true,"href":"https:\/\/telemme.mmsh.fr\/index.php?rest_route=%2Fwp%2Fv2%2Fcategories&post=11331"},{"taxonomy":"post_tag","embeddable":true,"href":"https:\/\/telemme.mmsh.fr\/index.php?rest_route=%2Fwp%2Fv2%2Ftags&post=11331"}],"curies":[{"name":"wp","href":"https:\/\/api.w.org\/{rel}","templated":true}]}}