{"id":11285,"date":"2022-06-28T09:58:54","date_gmt":"2022-06-28T07:58:54","guid":{"rendered":"https:\/\/telemme.mmsh.fr\/?p=11285"},"modified":"2022-06-28T09:58:56","modified_gmt":"2022-06-28T07:58:56","slug":"redon-retrouve-oeuvres-et-documents-inedits","status":"publish","type":"post","link":"https:\/\/telemme.mmsh.fr\/?p=11285","title":{"rendered":"Redon retrouv\u00e9. \u0152uvres et documents in\u00e9dits"},"content":{"rendered":"\n<blockquote class=\"wp-block-quote is-layout-flow wp-block-quote-is-layout-flow\"><p><em><strong><a href=\"https:\/\/www.cohen-cohen.fr\/pages\/detail.php?id=89\">Redon retrouv\u00e9. \u0152uvres et documents in\u00e9dits<\/a><\/strong><\/em>, sous la dir. de Dario Gamboni, Laurent Houssais, Pierre Pinchon, Paris, Cohen &amp; Cohen, 2022, 480 p., 300 ill. + d\u00e9tails.<\/p><\/blockquote>\n\n\n\n<p>Cette publication fait suite au volet r\u00e9trospectif du colloque international,&nbsp;<em>Odilon Redon, hier &amp; aujourd\u2019hui<\/em>, organis\u00e9 en 2016 par le Centre Fran\u00e7ois-Georges Pariset, en partenariat avec l\u2019association Mus\u00e9e d\u2019Art Gustave Fayet \u00e0 Fontfroide (MAGFF), le Mus\u00e9e des beaux-arts de Bordeaux, l\u2019universit\u00e9 de Gen\u00e8ve, l\u2019UMR 7303 TELEMME AMU-CNRS, et avec le soutien de la R\u00e9gion Nouvelle Aquitaine&nbsp;: <a href=\"https:\/\/pariset.hypotheses.org\/884\" target=\"_blank\" rel=\"noreferrer noopener\">https:\/\/pariset.hypotheses.org\/884<\/a><\/p>\n\n\n\n<p>S\u2019appuyant sur une documentation in\u00e9dite, issue des archives Redon\/Bacou, cet ouvrage \u00e0 vis\u00e9e monographique a \u00e9t\u00e9 con\u00e7u pour satisfaire \u00e0 la fois les attentes des sp\u00e9cialistes et celles des lecteurs d\u00e9sireux de (re)d\u00e9couvrir l\u2019\u0153uvre de cette figure majeure du Symbolisme. Les premiers y trouveront des \u00e9l\u00e9ments in\u00e9dits ou attendus depuis longtemps, les seconds un d\u00e9coupage chronologique retra\u00e7ant les principales p\u00e9riodes de la carri\u00e8re d\u2019Odilon Redon, de ses d\u00e9buts dans les ann\u00e9es 1860 \u00e0 sa mort en 1916, ainsi qu\u2019une abondante documentation sur l\u2019un des plus singuliers et importants artistes de la fin du XIXe&nbsp;si\u00e8cle.<\/p>\n\n\n\n<p>Richement illustr\u00e9 gr\u00e2ce aux concours de mus\u00e9es prestigieux comme l\u2019Art Institute of Chicago et le mus\u00e9e Van Gogh d\u2019Amsterdam, l\u2019ouvrage reproduit aussi de nombreux tableaux et des pastels in\u00e9dits ou m\u00e9connus provenant de collections particuli\u00e8res. Cet ensemble est compl\u00e9t\u00e9 par deux carnets de dessins jamais publi\u00e9s, int\u00e9gralement reproduits, et une riche documentation photographique conserv\u00e9e dans les archives de l\u2019artiste.<\/p>\n\n\n\n<p>Cette publication est adoss\u00e9e \u00e0 celle de\u00a0<em><a href=\"https:\/\/www.cohen-cohen.fr\/pages\/detail.php?id=88\">\u201cSans adieu\u201d. Correspondance Andries Bonger-Odilon Redon<\/a><\/em>\u00a01894-1916, sous la dir. de Dario Gamboni et Merel van Tilburg, Paris, Cohen &amp; Cohen, 2022, 872 p., 274 ill. <\/p>\n","protected":false},"excerpt":{"rendered":"<p>Redon retrouv\u00e9. \u0152uvres et documents in\u00e9dits, sous la dir. de Dario Gamboni, Laurent Houssais, Pierre Pinchon, Paris, Cohen &amp; Cohen, 2022, 480 p., 300 ill. + d\u00e9tails. Cette publication fait&hellip;&nbsp;<a href=\"https:\/\/telemme.mmsh.fr\/?p=11285\" rel=\"bookmark\">Lire la suite &raquo;<span class=\"screen-reader-text\">Redon retrouv\u00e9. \u0152uvres et documents in\u00e9dits<\/span><\/a><\/p>\n","protected":false},"author":6,"featured_media":11286,"comment_status":"closed","ping_status":"closed","sticky":false,"template":"","format":"standard","meta":{"neve_meta_sidebar":"","neve_meta_container":"","neve_meta_enable_content_width":"off","neve_meta_content_width":70,"neve_meta_title_alignment":"","neve_meta_author_avatar":"","neve_post_elements_order":"","neve_meta_disable_header":"","neve_meta_disable_footer":"","neve_meta_disable_title":"","_tribe_events_control_status":"","_tribe_events_control_status_canceled_reason":"","_tribe_events_control_status_postponed_reason":"","_tribe_events_control_online":"","_tribe_events_control_online_url":"","footnotes":""},"categories":[1742],"tags":[2037,2500],"class_list":["post-11285","post","type-post","status-publish","format-standard","has-post-thumbnail","hentry","category-dir-ouvrage","tag-histoire-de-lart","tag-redon"],"yoast_head":"<!-- This site is optimized with the Yoast SEO plugin v27.4 - https:\/\/yoast.com\/product\/yoast-seo-wordpress\/ -->\n<title>Redon retrouv\u00e9. \u0152uvres et documents in\u00e9dits - TELEMMe - Temps, espaces, langages, Europe m\u00e9ridionale, M\u00e9diterran\u00e9e<\/title>\n<meta name=\"description\" content=\"Redon retrouv\u00e9. \u0152uvres et documents in\u00e9dits, sous la dir. de Dario Gamboni, Laurent Houssais, Pierre Pinchon, Paris, Cohen &amp; Cohen, 2022, 480 p., 300 ill. + d\u00e9tails.\" \/>\n<meta name=\"robots\" content=\"index, follow, max-snippet:-1, max-image-preview:large, max-video-preview:-1\" \/>\n<link rel=\"canonical\" href=\"https:\/\/telemme.mmsh.fr\/?p=11285\" \/>\n<meta property=\"og:locale\" content=\"fr_FR\" \/>\n<meta property=\"og:type\" content=\"article\" \/>\n<meta property=\"og:title\" content=\"Redon retrouv\u00e9. \u0152uvres et documents in\u00e9dits - TELEMMe - Temps, espaces, langages, Europe m\u00e9ridionale, M\u00e9diterran\u00e9e\" \/>\n<meta property=\"og:description\" content=\"Redon retrouv\u00e9. \u0152uvres et documents in\u00e9dits, sous la dir. de Dario Gamboni, Laurent Houssais, Pierre Pinchon, Paris, Cohen &amp; Cohen, 2022, 480 p., 300 ill. + d\u00e9tails.\" \/>\n<meta property=\"og:url\" content=\"https:\/\/telemme.mmsh.fr\/?p=11285\" \/>\n<meta property=\"og:site_name\" content=\"TELEMMe - Temps, espaces, langages, Europe m\u00e9ridionale, M\u00e9diterran\u00e9e\" \/>\n<meta property=\"article:published_time\" content=\"2022-06-28T07:58:54+00:00\" \/>\n<meta property=\"article:modified_time\" content=\"2022-06-28T07:58:56+00:00\" \/>\n<meta property=\"og:image\" content=\"https:\/\/telemme.mmsh.fr\/wp-content\/uploads\/2022\/06\/REDON-RETROUVE\u0301_COUVERTURE_LL.jpeg\" \/>\n\t<meta property=\"og:image:width\" content=\"816\" \/>\n\t<meta property=\"og:image:height\" content=\"978\" \/>\n\t<meta property=\"og:image:type\" content=\"image\/jpeg\" \/>\n<meta name=\"author\" content=\"Delphine Cavallo\" \/>\n<meta name=\"twitter:card\" content=\"summary_large_image\" \/>\n<meta name=\"twitter:label1\" content=\"\u00c9crit par\" \/>\n\t<meta name=\"twitter:data1\" content=\"Delphine Cavallo\" \/>\n\t<meta name=\"twitter:label2\" content=\"Dur\u00e9e de lecture estim\u00e9e\" \/>\n\t<meta name=\"twitter:data2\" content=\"2 minutes\" \/>\n<script type=\"application\/ld+json\" class=\"yoast-schema-graph\">{\"@context\":\"https:\\\/\\\/schema.org\",\"@graph\":[{\"@type\":\"Article\",\"@id\":\"https:\\\/\\\/telemme.mmsh.fr\\\/?p=11285#article\",\"isPartOf\":{\"@id\":\"https:\\\/\\\/telemme.mmsh.fr\\\/?p=11285\"},\"author\":{\"name\":\"Delphine Cavallo\",\"@id\":\"https:\\\/\\\/telemme.mmsh.fr\\\/#\\\/schema\\\/person\\\/86a185da4836381586528ced48e263f5\"},\"headline\":\"Redon retrouv\u00e9. \u0152uvres et documents in\u00e9dits\",\"datePublished\":\"2022-06-28T07:58:54+00:00\",\"dateModified\":\"2022-06-28T07:58:56+00:00\",\"mainEntityOfPage\":{\"@id\":\"https:\\\/\\\/telemme.mmsh.fr\\\/?p=11285\"},\"wordCount\":318,\"publisher\":{\"@id\":\"https:\\\/\\\/telemme.mmsh.fr\\\/#organization\"},\"image\":{\"@id\":\"https:\\\/\\\/telemme.mmsh.fr\\\/?p=11285#primaryimage\"},\"thumbnailUrl\":\"https:\\\/\\\/telemme.mmsh.fr\\\/wp-content\\\/uploads\\\/2022\\\/06\\\/REDON-RETROUVE\u0301_COUVERTURE_LL.jpeg\",\"keywords\":[\"histoire de l&#039;art\",\"Redon\"],\"articleSection\":[\"Directions d'ouvrage\"],\"inLanguage\":\"fr-FR\"},{\"@type\":\"WebPage\",\"@id\":\"https:\\\/\\\/telemme.mmsh.fr\\\/?p=11285\",\"url\":\"https:\\\/\\\/telemme.mmsh.fr\\\/?p=11285\",\"name\":\"Redon retrouv\u00e9. \u0152uvres et documents in\u00e9dits - TELEMMe - Temps, espaces, langages, Europe m\u00e9ridionale, M\u00e9diterran\u00e9e\",\"isPartOf\":{\"@id\":\"https:\\\/\\\/telemme.mmsh.fr\\\/#website\"},\"primaryImageOfPage\":{\"@id\":\"https:\\\/\\\/telemme.mmsh.fr\\\/?p=11285#primaryimage\"},\"image\":{\"@id\":\"https:\\\/\\\/telemme.mmsh.fr\\\/?p=11285#primaryimage\"},\"thumbnailUrl\":\"https:\\\/\\\/telemme.mmsh.fr\\\/wp-content\\\/uploads\\\/2022\\\/06\\\/REDON-RETROUVE\u0301_COUVERTURE_LL.jpeg\",\"datePublished\":\"2022-06-28T07:58:54+00:00\",\"dateModified\":\"2022-06-28T07:58:56+00:00\",\"description\":\"Redon retrouv\u00e9. \u0152uvres et documents in\u00e9dits, sous la dir. de Dario Gamboni, Laurent Houssais, Pierre Pinchon, Paris, Cohen & Cohen, 2022, 480 p., 300 ill. + d\u00e9tails.\",\"breadcrumb\":{\"@id\":\"https:\\\/\\\/telemme.mmsh.fr\\\/?p=11285#breadcrumb\"},\"inLanguage\":\"fr-FR\",\"potentialAction\":[{\"@type\":\"ReadAction\",\"target\":[\"https:\\\/\\\/telemme.mmsh.fr\\\/?p=11285\"]}]},{\"@type\":\"ImageObject\",\"inLanguage\":\"fr-FR\",\"@id\":\"https:\\\/\\\/telemme.mmsh.fr\\\/?p=11285#primaryimage\",\"url\":\"https:\\\/\\\/telemme.mmsh.fr\\\/wp-content\\\/uploads\\\/2022\\\/06\\\/REDON-RETROUVE\u0301_COUVERTURE_LL.jpeg\",\"contentUrl\":\"https:\\\/\\\/telemme.mmsh.fr\\\/wp-content\\\/uploads\\\/2022\\\/06\\\/REDON-RETROUVE\u0301_COUVERTURE_LL.jpeg\",\"width\":816,\"height\":978,\"caption\":\"Couverture de Redon retrouv\u00e9. \u0152uvres et documents in\u00e9dits,ous la dir. de Dario Gamboni, Laurent Houssais, Pierre Pinchon, Paris, Cohen & Cohen, 2022, 480 p., 300 ill.\"},{\"@type\":\"BreadcrumbList\",\"@id\":\"https:\\\/\\\/telemme.mmsh.fr\\\/?p=11285#breadcrumb\",\"itemListElement\":[{\"@type\":\"ListItem\",\"position\":1,\"name\":\"Accueil\",\"item\":\"https:\\\/\\\/telemme.mmsh.fr\\\/\"},{\"@type\":\"ListItem\",\"position\":2,\"name\":\"Publications\",\"item\":\"https:\\\/\\\/telemme.mmsh.fr\\\/?cat=1738\"},{\"@type\":\"ListItem\",\"position\":3,\"name\":\"Directions d'ouvrage\",\"item\":\"https:\\\/\\\/telemme.mmsh.fr\\\/?cat=1742\"},{\"@type\":\"ListItem\",\"position\":4,\"name\":\"Redon retrouv\u00e9. \u0152uvres et documents in\u00e9dits\"}]},{\"@type\":\"WebSite\",\"@id\":\"https:\\\/\\\/telemme.mmsh.fr\\\/#website\",\"url\":\"https:\\\/\\\/telemme.mmsh.fr\\\/\",\"name\":\"TELEMMe - Temps, espaces, langages, Europe m\u00e9ridionale, M\u00e9diterran\u00e9e\",\"description\":\"\",\"publisher\":{\"@id\":\"https:\\\/\\\/telemme.mmsh.fr\\\/#organization\"},\"potentialAction\":[{\"@type\":\"SearchAction\",\"target\":{\"@type\":\"EntryPoint\",\"urlTemplate\":\"https:\\\/\\\/telemme.mmsh.fr\\\/?s={search_term_string}\"},\"query-input\":{\"@type\":\"PropertyValueSpecification\",\"valueRequired\":true,\"valueName\":\"search_term_string\"}}],\"inLanguage\":\"fr-FR\"},{\"@type\":\"Organization\",\"@id\":\"https:\\\/\\\/telemme.mmsh.fr\\\/#organization\",\"name\":\"TELEMMe\",\"url\":\"https:\\\/\\\/telemme.mmsh.fr\\\/\",\"logo\":{\"@type\":\"ImageObject\",\"inLanguage\":\"fr-FR\",\"@id\":\"https:\\\/\\\/telemme.mmsh.fr\\\/#\\\/schema\\\/logo\\\/image\\\/\",\"url\":\"https:\\\/\\\/telemme.mmsh.fr\\\/wp-content\\\/uploads\\\/2020\\\/03\\\/LogoTELEMMe-horizontal-fond-transparent.png\",\"contentUrl\":\"https:\\\/\\\/telemme.mmsh.fr\\\/wp-content\\\/uploads\\\/2020\\\/03\\\/LogoTELEMMe-horizontal-fond-transparent.png\",\"width\":1500,\"height\":437,\"caption\":\"TELEMMe\"},\"image\":{\"@id\":\"https:\\\/\\\/telemme.mmsh.fr\\\/#\\\/schema\\\/logo\\\/image\\\/\"}},{\"@type\":\"Person\",\"@id\":\"https:\\\/\\\/telemme.mmsh.fr\\\/#\\\/schema\\\/person\\\/86a185da4836381586528ced48e263f5\",\"name\":\"Delphine Cavallo\",\"url\":\"https:\\\/\\\/telemme.mmsh.fr\\\/?author=6\"}]}<\/script>\n<!-- \/ Yoast SEO plugin. -->","yoast_head_json":{"title":"Redon retrouv\u00e9. \u0152uvres et documents in\u00e9dits - TELEMMe - Temps, espaces, langages, Europe m\u00e9ridionale, M\u00e9diterran\u00e9e","description":"Redon retrouv\u00e9. \u0152uvres et documents in\u00e9dits, sous la dir. de Dario Gamboni, Laurent Houssais, Pierre Pinchon, Paris, Cohen & Cohen, 2022, 480 p., 300 ill. + d\u00e9tails.","robots":{"index":"index","follow":"follow","max-snippet":"max-snippet:-1","max-image-preview":"max-image-preview:large","max-video-preview":"max-video-preview:-1"},"canonical":"https:\/\/telemme.mmsh.fr\/?p=11285","og_locale":"fr_FR","og_type":"article","og_title":"Redon retrouv\u00e9. \u0152uvres et documents in\u00e9dits - TELEMMe - Temps, espaces, langages, Europe m\u00e9ridionale, M\u00e9diterran\u00e9e","og_description":"Redon retrouv\u00e9. \u0152uvres et documents in\u00e9dits, sous la dir. de Dario Gamboni, Laurent Houssais, Pierre Pinchon, Paris, Cohen & Cohen, 2022, 480 p., 300 ill. + d\u00e9tails.","og_url":"https:\/\/telemme.mmsh.fr\/?p=11285","og_site_name":"TELEMMe - Temps, espaces, langages, Europe m\u00e9ridionale, M\u00e9diterran\u00e9e","article_published_time":"2022-06-28T07:58:54+00:00","article_modified_time":"2022-06-28T07:58:56+00:00","og_image":[{"width":816,"height":978,"url":"https:\/\/telemme.mmsh.fr\/wp-content\/uploads\/2022\/06\/REDON-RETROUVE\u0301_COUVERTURE_LL.jpeg","type":"image\/jpeg"}],"author":"Delphine Cavallo","twitter_card":"summary_large_image","twitter_misc":{"\u00c9crit par":"Delphine Cavallo","Dur\u00e9e de lecture estim\u00e9e":"2 minutes"},"schema":{"@context":"https:\/\/schema.org","@graph":[{"@type":"Article","@id":"https:\/\/telemme.mmsh.fr\/?p=11285#article","isPartOf":{"@id":"https:\/\/telemme.mmsh.fr\/?p=11285"},"author":{"name":"Delphine Cavallo","@id":"https:\/\/telemme.mmsh.fr\/#\/schema\/person\/86a185da4836381586528ced48e263f5"},"headline":"Redon retrouv\u00e9. \u0152uvres et documents in\u00e9dits","datePublished":"2022-06-28T07:58:54+00:00","dateModified":"2022-06-28T07:58:56+00:00","mainEntityOfPage":{"@id":"https:\/\/telemme.mmsh.fr\/?p=11285"},"wordCount":318,"publisher":{"@id":"https:\/\/telemme.mmsh.fr\/#organization"},"image":{"@id":"https:\/\/telemme.mmsh.fr\/?p=11285#primaryimage"},"thumbnailUrl":"https:\/\/telemme.mmsh.fr\/wp-content\/uploads\/2022\/06\/REDON-RETROUVE\u0301_COUVERTURE_LL.jpeg","keywords":["histoire de l&#039;art","Redon"],"articleSection":["Directions d'ouvrage"],"inLanguage":"fr-FR"},{"@type":"WebPage","@id":"https:\/\/telemme.mmsh.fr\/?p=11285","url":"https:\/\/telemme.mmsh.fr\/?p=11285","name":"Redon retrouv\u00e9. \u0152uvres et documents in\u00e9dits - TELEMMe - Temps, espaces, langages, Europe m\u00e9ridionale, M\u00e9diterran\u00e9e","isPartOf":{"@id":"https:\/\/telemme.mmsh.fr\/#website"},"primaryImageOfPage":{"@id":"https:\/\/telemme.mmsh.fr\/?p=11285#primaryimage"},"image":{"@id":"https:\/\/telemme.mmsh.fr\/?p=11285#primaryimage"},"thumbnailUrl":"https:\/\/telemme.mmsh.fr\/wp-content\/uploads\/2022\/06\/REDON-RETROUVE\u0301_COUVERTURE_LL.jpeg","datePublished":"2022-06-28T07:58:54+00:00","dateModified":"2022-06-28T07:58:56+00:00","description":"Redon retrouv\u00e9. \u0152uvres et documents in\u00e9dits, sous la dir. de Dario Gamboni, Laurent Houssais, Pierre Pinchon, Paris, Cohen & Cohen, 2022, 480 p., 300 ill. + d\u00e9tails.","breadcrumb":{"@id":"https:\/\/telemme.mmsh.fr\/?p=11285#breadcrumb"},"inLanguage":"fr-FR","potentialAction":[{"@type":"ReadAction","target":["https:\/\/telemme.mmsh.fr\/?p=11285"]}]},{"@type":"ImageObject","inLanguage":"fr-FR","@id":"https:\/\/telemme.mmsh.fr\/?p=11285#primaryimage","url":"https:\/\/telemme.mmsh.fr\/wp-content\/uploads\/2022\/06\/REDON-RETROUVE\u0301_COUVERTURE_LL.jpeg","contentUrl":"https:\/\/telemme.mmsh.fr\/wp-content\/uploads\/2022\/06\/REDON-RETROUVE\u0301_COUVERTURE_LL.jpeg","width":816,"height":978,"caption":"Couverture de Redon retrouv\u00e9. \u0152uvres et documents in\u00e9dits,ous la dir. de Dario Gamboni, Laurent Houssais, Pierre Pinchon, Paris, Cohen & Cohen, 2022, 480 p., 300 ill."},{"@type":"BreadcrumbList","@id":"https:\/\/telemme.mmsh.fr\/?p=11285#breadcrumb","itemListElement":[{"@type":"ListItem","position":1,"name":"Accueil","item":"https:\/\/telemme.mmsh.fr\/"},{"@type":"ListItem","position":2,"name":"Publications","item":"https:\/\/telemme.mmsh.fr\/?cat=1738"},{"@type":"ListItem","position":3,"name":"Directions d'ouvrage","item":"https:\/\/telemme.mmsh.fr\/?cat=1742"},{"@type":"ListItem","position":4,"name":"Redon retrouv\u00e9. \u0152uvres et documents in\u00e9dits"}]},{"@type":"WebSite","@id":"https:\/\/telemme.mmsh.fr\/#website","url":"https:\/\/telemme.mmsh.fr\/","name":"TELEMMe - Temps, espaces, langages, Europe m\u00e9ridionale, M\u00e9diterran\u00e9e","description":"","publisher":{"@id":"https:\/\/telemme.mmsh.fr\/#organization"},"potentialAction":[{"@type":"SearchAction","target":{"@type":"EntryPoint","urlTemplate":"https:\/\/telemme.mmsh.fr\/?s={search_term_string}"},"query-input":{"@type":"PropertyValueSpecification","valueRequired":true,"valueName":"search_term_string"}}],"inLanguage":"fr-FR"},{"@type":"Organization","@id":"https:\/\/telemme.mmsh.fr\/#organization","name":"TELEMMe","url":"https:\/\/telemme.mmsh.fr\/","logo":{"@type":"ImageObject","inLanguage":"fr-FR","@id":"https:\/\/telemme.mmsh.fr\/#\/schema\/logo\/image\/","url":"https:\/\/telemme.mmsh.fr\/wp-content\/uploads\/2020\/03\/LogoTELEMMe-horizontal-fond-transparent.png","contentUrl":"https:\/\/telemme.mmsh.fr\/wp-content\/uploads\/2020\/03\/LogoTELEMMe-horizontal-fond-transparent.png","width":1500,"height":437,"caption":"TELEMMe"},"image":{"@id":"https:\/\/telemme.mmsh.fr\/#\/schema\/logo\/image\/"}},{"@type":"Person","@id":"https:\/\/telemme.mmsh.fr\/#\/schema\/person\/86a185da4836381586528ced48e263f5","name":"Delphine Cavallo","url":"https:\/\/telemme.mmsh.fr\/?author=6"}]}},"_links":{"self":[{"href":"https:\/\/telemme.mmsh.fr\/index.php?rest_route=\/wp\/v2\/posts\/11285","targetHints":{"allow":["GET"]}}],"collection":[{"href":"https:\/\/telemme.mmsh.fr\/index.php?rest_route=\/wp\/v2\/posts"}],"about":[{"href":"https:\/\/telemme.mmsh.fr\/index.php?rest_route=\/wp\/v2\/types\/post"}],"author":[{"embeddable":true,"href":"https:\/\/telemme.mmsh.fr\/index.php?rest_route=\/wp\/v2\/users\/6"}],"replies":[{"embeddable":true,"href":"https:\/\/telemme.mmsh.fr\/index.php?rest_route=%2Fwp%2Fv2%2Fcomments&post=11285"}],"version-history":[{"count":3,"href":"https:\/\/telemme.mmsh.fr\/index.php?rest_route=\/wp\/v2\/posts\/11285\/revisions"}],"predecessor-version":[{"id":11289,"href":"https:\/\/telemme.mmsh.fr\/index.php?rest_route=\/wp\/v2\/posts\/11285\/revisions\/11289"}],"wp:featuredmedia":[{"embeddable":true,"href":"https:\/\/telemme.mmsh.fr\/index.php?rest_route=\/wp\/v2\/media\/11286"}],"wp:attachment":[{"href":"https:\/\/telemme.mmsh.fr\/index.php?rest_route=%2Fwp%2Fv2%2Fmedia&parent=11285"}],"wp:term":[{"taxonomy":"category","embeddable":true,"href":"https:\/\/telemme.mmsh.fr\/index.php?rest_route=%2Fwp%2Fv2%2Fcategories&post=11285"},{"taxonomy":"post_tag","embeddable":true,"href":"https:\/\/telemme.mmsh.fr\/index.php?rest_route=%2Fwp%2Fv2%2Ftags&post=11285"}],"curies":[{"name":"wp","href":"https:\/\/api.w.org\/{rel}","templated":true}]}}