{"id":11232,"date":"2022-06-16T10:26:05","date_gmt":"2022-06-16T08:26:05","guid":{"rendered":"https:\/\/telemme.mmsh.fr\/?p=11232"},"modified":"2022-06-16T10:26:07","modified_gmt":"2022-06-16T08:26:07","slug":"balkans-connectes-connected-balkans","status":"publish","type":"post","link":"https:\/\/telemme.mmsh.fr\/?p=11232","title":{"rendered":"Balkans connect\u00e9s | Connected Balkans"},"content":{"rendered":"<p>Les 4<sup>e<\/sup> Rencontres d&rsquo;\u00e9tudes balkaniques de l&rsquo;Association fran\u00e7aise d\u2019\u00e9tudes sur les Balkans (AFEBalk) se tiendront du 30 juin au 2 juillet au Mucem. Regroupant 70 chercheuses et chercheurs et 15 partenaires institutionnels, dont TELEMMe, organis\u00e9es en 2 tables rondes et 17 panels, ces rencontres sont consacr\u00e9es cette ann\u00e9es aux Balkans connect\u00e9s.<\/p>\n<p>Dans le prolongement des Rencontres pr\u00e9c\u00e9dentes, cette \u00e9dition vise \u00e0 rassembler les forces vives de la recherche sur les Balkans autour d\u2019un th\u00e8me transversal. Cette ann\u00e9e, la th\u00e9matique <a href=\"https:\/\/hypotheses.us7.list-manage.com\/track\/click?u=44514153faa5f802aeebe7f2d&amp;id=354f90210d&amp;e=670b75cd6f\">\u00ab\u00a0Balkans connect\u00e9s \u00bb<\/a> permettra d&rsquo;affirmer davantage les objectifs que s\u2019est fix\u00e9s l\u2019association depuis sa redynamisation des ann\u00e9es 2010\u00a0: faire conna\u00eetre les processus sociaux ancr\u00e9s dans les pays balkaniques, tout en montrant qu\u2019ils peuvent \u00eatre repr\u00e9sentatifs de dynamiques plus vastes. Cette d\u00e9marche vise aussi bien \u00e0 d\u00e9particulariser des soci\u00e9t\u00e9s souvent stigmatis\u00e9es qu\u2019\u00e0 d\u00e9cloisonner les \u00e9tudes balkaniques. Pour cela, il s&rsquo;agit de mettre en dialogue les processus \u00e9tudi\u00e9s dans la r\u00e9gion avec les observations faites dans d\u2019autres r\u00e9gions, proches ou \u00e9loign\u00e9es, aussi bien pour la p\u00e9riode actuelle que pour les p\u00e9riodes de l\u2019histoire moderne et contemporaine. \u00c0 la lumi\u00e8re des intrications (<em>entanglement<\/em>) mais aussi de la configuration des r\u00e9seaux et des circulations qui g\u00e9n\u00e8rent tout un ensemble de routes, de synapses, de fronti\u00e8res, apparaissent de nouvelles logiques pour comprendre les territoires et les soci\u00e9t\u00e9s des Balkans \u2013 et au-del\u00e0, de l\u2019Europe et de la M\u00e9diterran\u00e9e.<\/p>\n<h2>Programme<em><br \/>\n<\/em><\/h2>\n<p>Le programme complet est accessible <a href=\"https:\/\/etudesbalk4.sciencesconf.org\/data\/pages\/4ETUDESBalk_2022_programme_scientifique_general_framework.pdf\">ici<\/a> ou <a href=\"https:\/\/telemme.mmsh.fr\/?evenement=balkans-connectes-connected-balkans\">ici<\/a>.<\/p>\n<h3 id=\"jeudi30juin\"><a href=\"https:\/\/telemme.mmsh.fr\/?evenement=balkans-connectes-connected-balkans#jeudi30juin\"><strong>Jeudi 30 juin\u00a0\/ <em>Thursday June 30th<\/em><\/strong><\/a><\/h3>\n<h5 id=\"tableronde1\">&gt;Table ronde introductive 1<br \/>\n<a href=\"https:\/\/telemme.mmsh.fr\/?evenement=balkans-connectes-connected-balkans#tableronde1\">Les Balkans connect\u00e9s\u00a0: enjeux contemporains<\/a><\/h5>\n<h5 id=\"tableronde2\">&gt;<strong>Table ronde introductive 2<br \/>\n<\/strong><a href=\"https:\/\/telemme.mmsh.fr\/?evenement=balkans-connectes-connected-balkans#tableronde2\">Les Balkans connect\u00e9s\u00a0: le temps long de la connexion<\/a><\/h5>\n<h5 id=\"panel1\"><strong><u>Panel 1<\/u><\/strong><strong> :<br \/>\n<\/strong><a href=\"https:\/\/telemme.mmsh.fr\/?evenement=balkans-connectes-connected-balkans#panel1\">Ideologies on the move<\/a><\/h5>\n<h5 id=\"panel2\"><strong><u>Panel 2<\/u><\/strong><strong> :<br \/>\n<\/strong><a href=\"https:\/\/telemme.mmsh.fr\/?evenement=balkans-connectes-connected-balkans#panel2\">Fronti\u00e8res et connectivit\u00e9s \/ <em>Borders and Connectivity<\/em><\/a><\/h5>\n<h5 id=\"panel3\"><strong><u>Panel 3<\/u><\/strong><strong> :<br \/>\n<\/strong><a href=\"https:\/\/telemme.mmsh.fr\/?evenement=balkans-connectes-connected-balkans#panel3\">Cinematic circulations: Theoretical Frameworks, Practices and Thematics in Yugoslav Amateur Cinema and Balkans Film Studies<\/a><\/h5>\n<h5 id=\"panel4\"><strong><u>Panel 4\u00a0<\/u><\/strong><strong>:<br \/>\n<\/strong><a href=\"https:\/\/telemme.mmsh.fr\/?evenement=balkans-connectes-connected-balkans#panel4\">Quand le bitume connecte l\u2019espace balkanique<\/a><\/h5>\n<h3 id=\"vendredi1juillet\"><a href=\"https:\/\/telemme.mmsh.fr\/?evenement=balkans-connectes-connected-balkans#vendredi1juillet\"><strong>Vendredi 1er juillet\u00a0\/ <em>Friday July 1st <\/em><\/strong><\/a><\/h3>\n<h5 id=\"panel5\"><strong><u>Panel 5\u00a0<\/u><\/strong><strong>:<br \/>\n<\/strong><a href=\"https:\/\/telemme.mmsh.fr\/?evenement=balkans-connectes-connected-balkans#panel5\">Performativity, Identification and Politics of Identity \/ Performativit\u00e9, Identification et politique d\u2019identit\u00e9<\/a><\/h5>\n<h5 id=\"panel6\"><strong><u>Panel 6\u00a0<\/u><\/strong><strong>:<br \/>\n<\/strong><a href=\"https:\/\/telemme.mmsh.fr\/?evenement=balkans-connectes-connected-balkans#panel6\">La circulation au prisme de la mat\u00e9rialit\u00e9\u00a0: acteurs, circuits, objets \/ <em>Circulation through the lens of Materiality: Actors, Networks, Objects<\/em><\/a><\/h5>\n<h5 id=\"panel7\"><strong><u>Panel 7\u00a0<\/u><\/strong><strong>:<br \/>\n<\/strong><a href=\"https:\/\/telemme.mmsh.fr\/?evenement=balkans-connectes-connected-balkans#panel7\">Discographie\u00a0: r\u00e9seaux et circulations musicales entre la Gr\u00e8ce et les Balkans \/ <em>Discography\u00a0: musical networks and circulations between Greece and the Balkans<\/em><\/a><\/h5>\n<h5 id=\"panel8\"><strong><u>Panel 8\u00a0<\/u><\/strong><strong>:<br \/>\n<\/strong><a href=\"https:\/\/telemme.mmsh.fr\/?evenement=balkans-connectes-connected-balkans#panel8\">Mobilisations environnementales connect\u00e9es\/<em>Connected Environmental Mobilizations<\/em><\/a><\/h5>\n<h5 id=\"panel9\"><strong><u>Panel 9\u00a0<\/u><\/strong><strong>:<br \/>\n<\/strong><a href=\"https:\/\/telemme.mmsh.fr\/?evenement=balkans-connectes-connected-balkans#panel9\">Football and Nation-Building via Other Continents<\/a><\/h5>\n<h5 id=\"panel10\"><strong><u>Panel 10\u00a0<\/u><\/strong><strong>:<br \/>\n<\/strong><a href=\"https:\/\/telemme.mmsh.fr\/?evenement=balkans-connectes-connected-balkans#panel10\">Pratiques associatives balkaniques: approches compares et connect\u00e9es \/ Voluntary <em>Balkan Practices: Comparative and Connected Approaches<\/em><\/a><\/h5>\n<h5 id=\"panel11\"><strong><u>Panel 11\u00a0<\/u><\/strong><strong>:<br \/>\n<\/strong><a href=\"https:\/\/telemme.mmsh.fr\/?evenement=balkans-connectes-connected-balkans#panel11\">R\u00e9seaux culturels et m\u00e9diateurs\u00a0: une approche micro-historique et transnationale \/<\/a><br \/>\n<em>Cultural Networks and Mediators\u00a0: a Micro-Historical and Transnational Approach<\/em><\/h5>\n<h5 id=\"panel12\"><strong><u>Panel 12\u00a0<\/u><\/strong><strong>:<br \/>\n<\/strong><a href=\"https:\/\/telemme.mmsh.fr\/?evenement=balkans-connectes-connected-balkans#panel12\">Cultural encounters of the Balkans and the Mediterranean in (post-)Yugoslav Music<\/a><\/h5>\n<h5 id=\"panel13\"><strong><u>Panel 13\u00a0<\/u><\/strong><strong>:<br \/>\n<\/strong><a href=\"https:\/\/telemme.mmsh.fr\/?evenement=balkans-connectes-connected-balkans#panel13\">Les go\u00fbt des Balkans \/ <em>The Taste of the Balkans<\/em><\/a><\/h5>\n<h3 id=\"samedi2juillet\"><a href=\"https:\/\/telemme.mmsh.fr\/?evenement=balkans-connectes-connected-balkans#samedi2juillet\"><strong>Samedi 2 juillet<\/strong><strong>\u00a0\/ <em>Saturday July 2nd<\/em><\/strong><\/a><\/h3>\n<h5 id=\"panel14\"><strong><u>Panel 14\u00a0<\/u><\/strong><strong>:<br \/>\n<\/strong><a href=\"https:\/\/telemme.mmsh.fr\/?evenement=balkans-connectes-connected-balkans#panel14\">Socialist Yugoslavia and the Non-Aligned Movement: Remembering Alternative Worldmaking<\/a><\/h5>\n<h5 id=\"panel15\"><strong><u>Panel 15\u00a0<\/u><\/strong><strong>:<br \/>\n<\/strong><a href=\"https:\/\/telemme.mmsh.fr\/?evenement=balkans-connectes-connected-balkans#panel15\">Des anc\u00eatres connect\u00e9s\u00a0: ethnographier et \u00e9tudier les origines fantasm\u00e9es dans les Balkans sur internet \/ <em>Connected Ancestors\u00a0: Ethnography and Study on phantasmal origins in the Balkans on the internet<\/em><\/a><\/h5>\n<h5 id=\"panel16\"><strong><u>Panel 16\u00a0<\/u><\/strong><strong>:<br \/>\n<\/strong><a href=\"https:\/\/telemme.mmsh.fr\/?evenement=balkans-connectes-connected-balkans#panel16\">Faire heritage : temps et espaces des comm\u00e9morations \/ <em>The Making of Heritage\u00a0: Times and Spaces of Commemoration<\/em><\/a><\/h5>\n<h5 id=\"panel17\"><strong><u>Panel 17\u00a0<\/u><\/strong><strong>:<br \/>\n<\/strong><a href=\"https:\/\/telemme.mmsh.fr\/?evenement=balkans-connectes-connected-balkans#panel17\">Institutions et imaginaires connect\u00e9s \/ <em>Connected institutions and imaginaries<\/em><\/a><\/h5>\n<h5 id=\"conclusion\"><a href=\"https:\/\/telemme.mmsh.fr\/?evenement=balkans-connectes-connected-balkans#conclusion\"><strong>Conclusion et buffet\u00a0\/ <\/strong><em>Closing remarks and Cocktail<\/em><\/a><\/h5>\n","protected":false},"excerpt":{"rendered":"<p>Les 4e Rencontres d&rsquo;\u00e9tudes balkaniques de l&rsquo;Association fran\u00e7aise d\u2019\u00e9tudes sur les Balkans (AFEBalk) se tiendront du 30 juin au 2 juillet au Mucem. Regroupant 70 chercheuses et chercheurs et 15&hellip;&nbsp;<a href=\"https:\/\/telemme.mmsh.fr\/?p=11232\" rel=\"bookmark\">Lire la suite &raquo;<span class=\"screen-reader-text\">Balkans connect\u00e9s | Connected Balkans<\/span><\/a><\/p>\n","protected":false},"author":6,"featured_media":11217,"comment_status":"closed","ping_status":"closed","sticky":false,"template":"","format":"standard","meta":{"neve_meta_sidebar":"","neve_meta_container":"","neve_meta_enable_content_width":"off","neve_meta_content_width":70,"neve_meta_title_alignment":"","neve_meta_author_avatar":"","neve_post_elements_order":"","neve_meta_disable_header":"","neve_meta_disable_footer":"","neve_meta_disable_title":"","_tribe_events_control_status":"","_tribe_events_control_status_canceled_reason":"","_tribe_events_control_status_postponed_reason":"","_tribe_events_control_online":"","_tribe_events_control_online_url":"","footnotes":""},"categories":[1992],"tags":[],"class_list":["post-11232","post","type-post","status-publish","format-standard","has-post-thumbnail","hentry","category-rencontres"],"yoast_head":"<!-- This site is optimized with the Yoast SEO plugin v27.4 - https:\/\/yoast.com\/product\/yoast-seo-wordpress\/ -->\n<title>Balkans connect\u00e9s | Connected Balkans - TELEMMe - Temps, espaces, langages, Europe m\u00e9ridionale, M\u00e9diterran\u00e9e<\/title>\n<meta name=\"robots\" content=\"index, follow, max-snippet:-1, max-image-preview:large, max-video-preview:-1\" \/>\n<link rel=\"canonical\" href=\"https:\/\/telemme.mmsh.fr\/?p=11232\" \/>\n<meta property=\"og:locale\" content=\"fr_FR\" \/>\n<meta property=\"og:type\" content=\"article\" \/>\n<meta property=\"og:title\" content=\"Balkans connect\u00e9s | Connected Balkans - TELEMMe - Temps, espaces, langages, Europe m\u00e9ridionale, M\u00e9diterran\u00e9e\" \/>\n<meta property=\"og:description\" content=\"Les 4e Rencontres d&rsquo;\u00e9tudes balkaniques de l&rsquo;Association fran\u00e7aise d\u2019\u00e9tudes sur les Balkans (AFEBalk) se tiendront du 30 juin au 2 juillet au Mucem. Regroupant 70 chercheuses et chercheurs et 15&hellip;&nbsp;Lire la suite &raquo;Balkans connect\u00e9s | Connected Balkans\" \/>\n<meta property=\"og:url\" content=\"https:\/\/telemme.mmsh.fr\/?p=11232\" \/>\n<meta property=\"og:site_name\" content=\"TELEMMe - Temps, espaces, langages, Europe m\u00e9ridionale, M\u00e9diterran\u00e9e\" \/>\n<meta property=\"article:published_time\" content=\"2022-06-16T08:26:05+00:00\" \/>\n<meta property=\"article:modified_time\" content=\"2022-06-16T08:26:07+00:00\" \/>\n<meta property=\"og:image\" content=\"https:\/\/telemme.mmsh.fr\/wp-content\/uploads\/2021\/12\/Balkans-connectes-FB.png\" \/>\n\t<meta property=\"og:image:width\" content=\"1640\" \/>\n\t<meta property=\"og:image:height\" content=\"924\" \/>\n\t<meta property=\"og:image:type\" content=\"image\/png\" \/>\n<meta name=\"author\" content=\"Delphine Cavallo\" \/>\n<meta name=\"twitter:card\" content=\"summary_large_image\" \/>\n<meta name=\"twitter:label1\" content=\"\u00c9crit par\" \/>\n\t<meta name=\"twitter:data1\" content=\"Delphine Cavallo\" \/>\n\t<meta name=\"twitter:label2\" content=\"Dur\u00e9e de lecture estim\u00e9e\" \/>\n\t<meta name=\"twitter:data2\" content=\"3 minutes\" \/>\n<script type=\"application\/ld+json\" class=\"yoast-schema-graph\">{\"@context\":\"https:\\\/\\\/schema.org\",\"@graph\":[{\"@type\":\"Article\",\"@id\":\"https:\\\/\\\/telemme.mmsh.fr\\\/?p=11232#article\",\"isPartOf\":{\"@id\":\"https:\\\/\\\/telemme.mmsh.fr\\\/?p=11232\"},\"author\":{\"name\":\"Delphine Cavallo\",\"@id\":\"https:\\\/\\\/telemme.mmsh.fr\\\/#\\\/schema\\\/person\\\/86a185da4836381586528ced48e263f5\"},\"headline\":\"Balkans connect\u00e9s | Connected Balkans\",\"datePublished\":\"2022-06-16T08:26:05+00:00\",\"dateModified\":\"2022-06-16T08:26:07+00:00\",\"mainEntityOfPage\":{\"@id\":\"https:\\\/\\\/telemme.mmsh.fr\\\/?p=11232\"},\"wordCount\":562,\"publisher\":{\"@id\":\"https:\\\/\\\/telemme.mmsh.fr\\\/#organization\"},\"image\":{\"@id\":\"https:\\\/\\\/telemme.mmsh.fr\\\/?p=11232#primaryimage\"},\"thumbnailUrl\":\"https:\\\/\\\/telemme.mmsh.fr\\\/wp-content\\\/uploads\\\/2021\\\/12\\\/Balkans-connectes-FB.png\",\"articleSection\":[\"Rencontres\"],\"inLanguage\":\"fr-FR\"},{\"@type\":\"WebPage\",\"@id\":\"https:\\\/\\\/telemme.mmsh.fr\\\/?p=11232\",\"url\":\"https:\\\/\\\/telemme.mmsh.fr\\\/?p=11232\",\"name\":\"Balkans connect\u00e9s | Connected Balkans - TELEMMe - Temps, espaces, langages, Europe m\u00e9ridionale, M\u00e9diterran\u00e9e\",\"isPartOf\":{\"@id\":\"https:\\\/\\\/telemme.mmsh.fr\\\/#website\"},\"primaryImageOfPage\":{\"@id\":\"https:\\\/\\\/telemme.mmsh.fr\\\/?p=11232#primaryimage\"},\"image\":{\"@id\":\"https:\\\/\\\/telemme.mmsh.fr\\\/?p=11232#primaryimage\"},\"thumbnailUrl\":\"https:\\\/\\\/telemme.mmsh.fr\\\/wp-content\\\/uploads\\\/2021\\\/12\\\/Balkans-connectes-FB.png\",\"datePublished\":\"2022-06-16T08:26:05+00:00\",\"dateModified\":\"2022-06-16T08:26:07+00:00\",\"breadcrumb\":{\"@id\":\"https:\\\/\\\/telemme.mmsh.fr\\\/?p=11232#breadcrumb\"},\"inLanguage\":\"fr-FR\",\"potentialAction\":[{\"@type\":\"ReadAction\",\"target\":[\"https:\\\/\\\/telemme.mmsh.fr\\\/?p=11232\"]}]},{\"@type\":\"ImageObject\",\"inLanguage\":\"fr-FR\",\"@id\":\"https:\\\/\\\/telemme.mmsh.fr\\\/?p=11232#primaryimage\",\"url\":\"https:\\\/\\\/telemme.mmsh.fr\\\/wp-content\\\/uploads\\\/2021\\\/12\\\/Balkans-connectes-FB.png\",\"contentUrl\":\"https:\\\/\\\/telemme.mmsh.fr\\\/wp-content\\\/uploads\\\/2021\\\/12\\\/Balkans-connectes-FB.png\",\"width\":1640,\"height\":924},{\"@type\":\"BreadcrumbList\",\"@id\":\"https:\\\/\\\/telemme.mmsh.fr\\\/?p=11232#breadcrumb\",\"itemListElement\":[{\"@type\":\"ListItem\",\"position\":1,\"name\":\"Accueil\",\"item\":\"https:\\\/\\\/telemme.mmsh.fr\\\/\"},{\"@type\":\"ListItem\",\"position\":2,\"name\":\"Actualit\u00e9s\",\"item\":\"https:\\\/\\\/telemme.mmsh.fr\\\/?cat=1995\"},{\"@type\":\"ListItem\",\"position\":3,\"name\":\"Rencontres\",\"item\":\"https:\\\/\\\/telemme.mmsh.fr\\\/?cat=1992\"},{\"@type\":\"ListItem\",\"position\":4,\"name\":\"Balkans connect\u00e9s | Connected Balkans\"}]},{\"@type\":\"WebSite\",\"@id\":\"https:\\\/\\\/telemme.mmsh.fr\\\/#website\",\"url\":\"https:\\\/\\\/telemme.mmsh.fr\\\/\",\"name\":\"TELEMMe - Temps, espaces, langages, Europe m\u00e9ridionale, M\u00e9diterran\u00e9e\",\"description\":\"\",\"publisher\":{\"@id\":\"https:\\\/\\\/telemme.mmsh.fr\\\/#organization\"},\"potentialAction\":[{\"@type\":\"SearchAction\",\"target\":{\"@type\":\"EntryPoint\",\"urlTemplate\":\"https:\\\/\\\/telemme.mmsh.fr\\\/?s={search_term_string}\"},\"query-input\":{\"@type\":\"PropertyValueSpecification\",\"valueRequired\":true,\"valueName\":\"search_term_string\"}}],\"inLanguage\":\"fr-FR\"},{\"@type\":\"Organization\",\"@id\":\"https:\\\/\\\/telemme.mmsh.fr\\\/#organization\",\"name\":\"TELEMMe\",\"url\":\"https:\\\/\\\/telemme.mmsh.fr\\\/\",\"logo\":{\"@type\":\"ImageObject\",\"inLanguage\":\"fr-FR\",\"@id\":\"https:\\\/\\\/telemme.mmsh.fr\\\/#\\\/schema\\\/logo\\\/image\\\/\",\"url\":\"https:\\\/\\\/telemme.mmsh.fr\\\/wp-content\\\/uploads\\\/2020\\\/03\\\/LogoTELEMMe-horizontal-fond-transparent.png\",\"contentUrl\":\"https:\\\/\\\/telemme.mmsh.fr\\\/wp-content\\\/uploads\\\/2020\\\/03\\\/LogoTELEMMe-horizontal-fond-transparent.png\",\"width\":1500,\"height\":437,\"caption\":\"TELEMMe\"},\"image\":{\"@id\":\"https:\\\/\\\/telemme.mmsh.fr\\\/#\\\/schema\\\/logo\\\/image\\\/\"}},{\"@type\":\"Person\",\"@id\":\"https:\\\/\\\/telemme.mmsh.fr\\\/#\\\/schema\\\/person\\\/86a185da4836381586528ced48e263f5\",\"name\":\"Delphine Cavallo\",\"url\":\"https:\\\/\\\/telemme.mmsh.fr\\\/?author=6\"}]}<\/script>\n<!-- \/ Yoast SEO plugin. -->","yoast_head_json":{"title":"Balkans connect\u00e9s | Connected Balkans - TELEMMe - Temps, espaces, langages, Europe m\u00e9ridionale, M\u00e9diterran\u00e9e","robots":{"index":"index","follow":"follow","max-snippet":"max-snippet:-1","max-image-preview":"max-image-preview:large","max-video-preview":"max-video-preview:-1"},"canonical":"https:\/\/telemme.mmsh.fr\/?p=11232","og_locale":"fr_FR","og_type":"article","og_title":"Balkans connect\u00e9s | Connected Balkans - TELEMMe - Temps, espaces, langages, Europe m\u00e9ridionale, M\u00e9diterran\u00e9e","og_description":"Les 4e Rencontres d&rsquo;\u00e9tudes balkaniques de l&rsquo;Association fran\u00e7aise d\u2019\u00e9tudes sur les Balkans (AFEBalk) se tiendront du 30 juin au 2 juillet au Mucem. Regroupant 70 chercheuses et chercheurs et 15&hellip;&nbsp;Lire la suite &raquo;Balkans connect\u00e9s | Connected Balkans","og_url":"https:\/\/telemme.mmsh.fr\/?p=11232","og_site_name":"TELEMMe - Temps, espaces, langages, Europe m\u00e9ridionale, M\u00e9diterran\u00e9e","article_published_time":"2022-06-16T08:26:05+00:00","article_modified_time":"2022-06-16T08:26:07+00:00","og_image":[{"width":1640,"height":924,"url":"https:\/\/telemme.mmsh.fr\/wp-content\/uploads\/2021\/12\/Balkans-connectes-FB.png","type":"image\/png"}],"author":"Delphine Cavallo","twitter_card":"summary_large_image","twitter_misc":{"\u00c9crit par":"Delphine Cavallo","Dur\u00e9e de lecture estim\u00e9e":"3 minutes"},"schema":{"@context":"https:\/\/schema.org","@graph":[{"@type":"Article","@id":"https:\/\/telemme.mmsh.fr\/?p=11232#article","isPartOf":{"@id":"https:\/\/telemme.mmsh.fr\/?p=11232"},"author":{"name":"Delphine Cavallo","@id":"https:\/\/telemme.mmsh.fr\/#\/schema\/person\/86a185da4836381586528ced48e263f5"},"headline":"Balkans connect\u00e9s | Connected Balkans","datePublished":"2022-06-16T08:26:05+00:00","dateModified":"2022-06-16T08:26:07+00:00","mainEntityOfPage":{"@id":"https:\/\/telemme.mmsh.fr\/?p=11232"},"wordCount":562,"publisher":{"@id":"https:\/\/telemme.mmsh.fr\/#organization"},"image":{"@id":"https:\/\/telemme.mmsh.fr\/?p=11232#primaryimage"},"thumbnailUrl":"https:\/\/telemme.mmsh.fr\/wp-content\/uploads\/2021\/12\/Balkans-connectes-FB.png","articleSection":["Rencontres"],"inLanguage":"fr-FR"},{"@type":"WebPage","@id":"https:\/\/telemme.mmsh.fr\/?p=11232","url":"https:\/\/telemme.mmsh.fr\/?p=11232","name":"Balkans connect\u00e9s | Connected Balkans - TELEMMe - Temps, espaces, langages, Europe m\u00e9ridionale, M\u00e9diterran\u00e9e","isPartOf":{"@id":"https:\/\/telemme.mmsh.fr\/#website"},"primaryImageOfPage":{"@id":"https:\/\/telemme.mmsh.fr\/?p=11232#primaryimage"},"image":{"@id":"https:\/\/telemme.mmsh.fr\/?p=11232#primaryimage"},"thumbnailUrl":"https:\/\/telemme.mmsh.fr\/wp-content\/uploads\/2021\/12\/Balkans-connectes-FB.png","datePublished":"2022-06-16T08:26:05+00:00","dateModified":"2022-06-16T08:26:07+00:00","breadcrumb":{"@id":"https:\/\/telemme.mmsh.fr\/?p=11232#breadcrumb"},"inLanguage":"fr-FR","potentialAction":[{"@type":"ReadAction","target":["https:\/\/telemme.mmsh.fr\/?p=11232"]}]},{"@type":"ImageObject","inLanguage":"fr-FR","@id":"https:\/\/telemme.mmsh.fr\/?p=11232#primaryimage","url":"https:\/\/telemme.mmsh.fr\/wp-content\/uploads\/2021\/12\/Balkans-connectes-FB.png","contentUrl":"https:\/\/telemme.mmsh.fr\/wp-content\/uploads\/2021\/12\/Balkans-connectes-FB.png","width":1640,"height":924},{"@type":"BreadcrumbList","@id":"https:\/\/telemme.mmsh.fr\/?p=11232#breadcrumb","itemListElement":[{"@type":"ListItem","position":1,"name":"Accueil","item":"https:\/\/telemme.mmsh.fr\/"},{"@type":"ListItem","position":2,"name":"Actualit\u00e9s","item":"https:\/\/telemme.mmsh.fr\/?cat=1995"},{"@type":"ListItem","position":3,"name":"Rencontres","item":"https:\/\/telemme.mmsh.fr\/?cat=1992"},{"@type":"ListItem","position":4,"name":"Balkans connect\u00e9s | Connected Balkans"}]},{"@type":"WebSite","@id":"https:\/\/telemme.mmsh.fr\/#website","url":"https:\/\/telemme.mmsh.fr\/","name":"TELEMMe - Temps, espaces, langages, Europe m\u00e9ridionale, M\u00e9diterran\u00e9e","description":"","publisher":{"@id":"https:\/\/telemme.mmsh.fr\/#organization"},"potentialAction":[{"@type":"SearchAction","target":{"@type":"EntryPoint","urlTemplate":"https:\/\/telemme.mmsh.fr\/?s={search_term_string}"},"query-input":{"@type":"PropertyValueSpecification","valueRequired":true,"valueName":"search_term_string"}}],"inLanguage":"fr-FR"},{"@type":"Organization","@id":"https:\/\/telemme.mmsh.fr\/#organization","name":"TELEMMe","url":"https:\/\/telemme.mmsh.fr\/","logo":{"@type":"ImageObject","inLanguage":"fr-FR","@id":"https:\/\/telemme.mmsh.fr\/#\/schema\/logo\/image\/","url":"https:\/\/telemme.mmsh.fr\/wp-content\/uploads\/2020\/03\/LogoTELEMMe-horizontal-fond-transparent.png","contentUrl":"https:\/\/telemme.mmsh.fr\/wp-content\/uploads\/2020\/03\/LogoTELEMMe-horizontal-fond-transparent.png","width":1500,"height":437,"caption":"TELEMMe"},"image":{"@id":"https:\/\/telemme.mmsh.fr\/#\/schema\/logo\/image\/"}},{"@type":"Person","@id":"https:\/\/telemme.mmsh.fr\/#\/schema\/person\/86a185da4836381586528ced48e263f5","name":"Delphine Cavallo","url":"https:\/\/telemme.mmsh.fr\/?author=6"}]}},"_links":{"self":[{"href":"https:\/\/telemme.mmsh.fr\/index.php?rest_route=\/wp\/v2\/posts\/11232","targetHints":{"allow":["GET"]}}],"collection":[{"href":"https:\/\/telemme.mmsh.fr\/index.php?rest_route=\/wp\/v2\/posts"}],"about":[{"href":"https:\/\/telemme.mmsh.fr\/index.php?rest_route=\/wp\/v2\/types\/post"}],"author":[{"embeddable":true,"href":"https:\/\/telemme.mmsh.fr\/index.php?rest_route=\/wp\/v2\/users\/6"}],"replies":[{"embeddable":true,"href":"https:\/\/telemme.mmsh.fr\/index.php?rest_route=%2Fwp%2Fv2%2Fcomments&post=11232"}],"version-history":[{"count":8,"href":"https:\/\/telemme.mmsh.fr\/index.php?rest_route=\/wp\/v2\/posts\/11232\/revisions"}],"predecessor-version":[{"id":11241,"href":"https:\/\/telemme.mmsh.fr\/index.php?rest_route=\/wp\/v2\/posts\/11232\/revisions\/11241"}],"wp:featuredmedia":[{"embeddable":true,"href":"https:\/\/telemme.mmsh.fr\/index.php?rest_route=\/wp\/v2\/media\/11217"}],"wp:attachment":[{"href":"https:\/\/telemme.mmsh.fr\/index.php?rest_route=%2Fwp%2Fv2%2Fmedia&parent=11232"}],"wp:term":[{"taxonomy":"category","embeddable":true,"href":"https:\/\/telemme.mmsh.fr\/index.php?rest_route=%2Fwp%2Fv2%2Fcategories&post=11232"},{"taxonomy":"post_tag","embeddable":true,"href":"https:\/\/telemme.mmsh.fr\/index.php?rest_route=%2Fwp%2Fv2%2Ftags&post=11232"}],"curies":[{"name":"wp","href":"https:\/\/api.w.org\/{rel}","templated":true}]}}