{"id":11137,"date":"2022-05-25T15:50:37","date_gmt":"2022-05-25T13:50:37","guid":{"rendered":"https:\/\/telemme.mmsh.fr\/?p=11137"},"modified":"2022-05-31T18:47:56","modified_gmt":"2022-05-31T16:47:56","slug":"ruche-de-lhistoire-printemps-de-lhistoire-environnementale","status":"publish","type":"post","link":"https:\/\/telemme.mmsh.fr\/?p=11137","title":{"rendered":"La Ruche de l&rsquo;histoire &#8211; Printemps de l&rsquo;histoire environnementale"},"content":{"rendered":"<p>Du <strong>1er au 17 juin 2022<\/strong>, le Ruche organise <a href=\"https:\/\/leruche.hypotheses.org\/files\/2021\/10\/Printemps-histoire-envitonnementale-Appel.pdf\"><em><strong>La Ruche de l\u2019histoire. Le Printemps de l\u2019histoire<\/strong> <strong>environnementale<\/strong><\/em><\/a>. Soutenue par de <a href=\"https:\/\/leruche.hypotheses.org\/files\/2022\/05\/Partenaires-festival.jpg\" data-featherlight=\"image\">nombreux partenaires<\/a>, dont TELEMMe, l\u2019initiative vise \u00e0 coordonner un programme d\u2019\u00e9v\u00e9nements dont l\u2019ambition est de valoriser les travaux (acad\u00e9miques ou non) en histoire environnementale, en suivant l\u2019optique de l\u2019histoire publique.\u00a0 Ce projet doit permettre de r\u00e9pondre \u00e0 la demande sociale d\u2019intelligibilit\u00e9 des \u201ccrises\u201d \u00e9cologiques actuelles, en d\u00e9passant les regards focalis\u00e9s sur l\u2019imm\u00e9diatet\u00e9 qui restent pr\u00e9dominants dans le paysage m\u00e9diatique et politique. Tout en profitant de la comm\u00e9moration du cinquantenaire du Sommet de Stockholm, cette initiative vise pr\u00e9cis\u00e9ment \u00e0 d\u00e9passer la focalisation sur l\u2019\u00e9v\u00e9nement pour \u00e9clairer l\u2019histoire longue de la construction de l\u2019environnement et des pr\u00e9occupations environnementales.<\/p>\n<p><em>Le Printemps de l\u2019histoire environnementale, organis\u00e9 pour la premi\u00e8re fois cette ann\u00e9e, vise \u00e0 donner plus de visibilit\u00e9 \u00e0 l\u2019approche historique et \u00e0 la longue dur\u00e9e dans la compr\u00e9hension des bouleversements \u00e9cologiques actuels. Il repose sur des initiatives locales pens\u00e9es comme des espaces de m\u00e9diation des savoirs et des interrogations citoyennes, afin de renforcer les liens existants entre les recherches universitaires, les associations, diverses institutions et le public en g\u00e9n\u00e9ral. <\/em><\/p>\n<p><em>Ce Printemps de l\u2019histoire environnementale est port\u00e9 par le R\u00e9seau universitaire de chercheurs en histoire environnementale (RUCHE), association qui vise \u00e0 promouvoir ce champ d\u2019\u00e9tudes et \u00e0 faciliter les \u00e9changes intellectuels entre les chercheurs et, par cet \u00e9v\u00e9nement, avec le public.<\/em><\/p>\n<p>Retrouvez ici <strong>le programme de La Ruche de l\u2019histoire<\/strong> en version <a href=\"https:\/\/leruche.hypotheses.org\/files\/2022\/05\/Programme-RucheHistoire-Definitif.pdf\">abr\u00e9g\u00e9e<\/a> ou\u00a0 <a href=\"https:\/\/leruche.hypotheses.org\/files\/2022\/05\/Ruche-Histoire-Ed1-Programme-detaille.pdf\">d\u00e9taill\u00e9e<\/a>.<\/p>\n<p><strong>Liens vers les informations relatives \u00e0 chaque \u00e9v\u00e9nement<\/strong> :<\/p>\n<p><a href=\"https:\/\/framespa.univ-tlse2.fr\/medias\/fichier\/prog-constans_1652692245710-pdf\">1-3 juin<\/a> \u2013 <strong>Toulouse<\/strong> : colloque <span dir=\"ltr\" role=\"presentation\">Animaux proches, animaux distants : une histoire entre collectifs et <\/span><span dir=\"ltr\" role=\"presentation\">individus (de la Pr\u00e9histoire au XXIe si\u00e8cle)<br \/>\n<\/span><\/p>\n<p><a href=\"https:\/\/twitter.com\/AsblCelida\/status\/1523590792249372677\">4 juin<\/a> \u2013 <strong>Li\u00e8ge <\/strong>: journ\u00e9e d\u2019\u00e9tude <span dir=\"ltr\" role=\"presentation\">Port du masque obligatoire ! Pollutions, sant\u00e9 publique et int\u00e9r\u00eats <\/span><span dir=\"ltr\" role=\"presentation\">\u00e9conomiques : l\u2019impossible \u00e9quilibre ?<\/span><\/p>\n<p><a href=\"https:\/\/www.fondazioneeinaudi.it\/event\/stockholm-1972-and-the-rise-of-global-environmental-governance-june-6\">6 juin<\/a> \u2013 <strong>En ligne<\/strong> : webinaire <span dir=\"ltr\" role=\"presentation\">Stockholm+50. La Conf\u00e9rence des Nations unies sur l\u2019Environne<\/span><span dir=\"ltr\" role=\"presentation\">ment Humain (1972) et sa gen\u00e8se \u2013 Approches nationales et trans<\/span><span dir=\"ltr\" role=\"presentation\">nationales<\/span><\/p>\n<p><a href=\"https:\/\/www.pacte-grenoble.fr\/sites\/pacte\/files\/files\/programme_a4.pdf\">10 juin<\/a> \u2013 <strong><span dir=\"ltr\" role=\"presentation\">La Motte d\u2019Aveillans<\/span><\/strong> : projection-d\u00e9bat : <span dir=\"ltr\" role=\"presentation\">D\u00e9sindustrialisation, sant\u00e9 et environnement \u00ab La grande tueuse \u00bb<\/span><\/p>\n<p><a href=\"https:\/\/sidsha.hypotheses.org\/files\/2022\/05\/Programme_JE_Vosges_2022.pdf\">11 juin<\/a> \u2013 <strong>Col de la Schlucht<\/strong> : s\u00e9minaire <span dir=\"ltr\" role=\"presentation\">Les Vosges \u00e0 l\u2019heure des humanit\u00e9s environnementales. Espaces de <\/span><span dir=\"ltr\" role=\"presentation\">montagne, perspectives et enjeux<\/span><\/p>\n<p><a href=\"https:\/\/www.pacte-grenoble.fr\/sites\/pacte\/files\/files\/programme_a4.pdf\">13 juin<\/a> \u2013 <strong>Grenoble<\/strong> \u2013 projection-d\u00e9bat : <span dir=\"ltr\" role=\"presentation\">D\u00e9sindustrialiser la vall\u00e9e\u2026 et la sant\u00e9 ? <\/span><span dir=\"ltr\" role=\"presentation\">\u00ab La m\u00e9canique des roches \u00bb<\/span><\/p>\n<p><a href=\"https:\/\/telemme.mmsh.fr\/?tribe_events=metropole-nature-quatriemes-rencontres-mediterraneennes-de-telemme\">17 juin<\/a> \u2013 <strong>Marseille<\/strong> \u2013 M\u00e9tropole Nature, quatri\u00e8mes Rencontres m\u00e9diterran\u00e9ennes de TELEMMe au Mucem<\/p>\n<p>Pour plus d\u2019informations sur ce cycle d\u2019\u00e9v\u00e9nements, vous pouvez contacter Steve Hagimont, coordinateur du Comit\u00e9 scientifique (<a href=\"mailto:steve.hagimont@uvsq.fr\" target=\"_blank\" rel=\"noopener\">steve.hagimont@uvsq.fr<\/a>)<\/p>\n<p><strong>Le comit\u00e9 scientifique de La Ruche de l\u2019histoire<\/strong><br \/>\n<a href=\"https:\/\/telemme.mmsh.fr\/?membres=fabien-bartolotti\">Fabien Bartolotti<\/a> (Aix-\u00adMarseille), Corinne Beck (Valenciennes), Renaud B\u00e9cot (Grenoble), Camille B\u00e9sombes (Paris), Perrine Camus\u00ad-Joyet (Grenoble), Laetitia Deudon (Valenciennes), St\u00e9phane Frioux (Lyon), Romain Grancher (Toulouse), Adeline Grand\u00ad-Cl\u00e9ment (Toulouse), Steve Hagimont (Saint-\u00adQuentin-\u00aden\u00ad-Yvelines), Fran\u00e7ois Jarrige (Dijon), Marc Pav\u00e9 (Cayenne), Emilie\u00ad-Anne P\u00e9py (Chamb\u00e9ry), <a href=\"https:\/\/telemme.mmsh.fr\/?membres=solene-rivoal\">Sol\u00e8ne Rivoal<\/a> (Albi), Marguerite Ronin (Paris), Alexis Vrignon (Pau), <a href=\"https:\/\/telemme.mmsh.fr\/?membres=nessim-znaien\">Nessim Znaien<\/a> (Aix\u00ad-Marseille).<\/p>\n","protected":false},"excerpt":{"rendered":"<p>Le Printemps de l\u2019histoire environnementale, organis\u00e9 pour la premi\u00e8re fois cette ann\u00e9e, vise \u00e0 donner plus de visibilit\u00e9 \u00e0 l\u2019approche historique et \u00e0 la longue dur\u00e9e dans la compr\u00e9hension des bouleversements \u00e9cologiques actuels. Il repose sur des initiatives locales pens\u00e9es comme des espaces de m\u00e9diation des savoirs et des interrogations citoyennes, afin de renforcer les liens existants entre les recherches universitaires, les associations, diverses institutions et le public en g\u00e9n\u00e9ral.<\/p>\n","protected":false},"author":6,"featured_media":11145,"comment_status":"closed","ping_status":"closed","sticky":false,"template":"","format":"standard","meta":{"neve_meta_sidebar":"","neve_meta_container":"","neve_meta_enable_content_width":"off","neve_meta_content_width":70,"neve_meta_title_alignment":"","neve_meta_author_avatar":"","neve_post_elements_order":"","neve_meta_disable_header":"","neve_meta_disable_footer":"","neve_meta_disable_title":"","_tribe_events_control_status":"","_tribe_events_control_status_canceled_reason":"","_tribe_events_control_status_postponed_reason":"","_tribe_events_control_online":"","_tribe_events_control_online_url":"","footnotes":""},"categories":[1992],"tags":[],"class_list":["post-11137","post","type-post","status-publish","format-standard","has-post-thumbnail","hentry","category-rencontres"],"yoast_head":"<!-- This site is optimized with the Yoast SEO plugin v27.4 - https:\/\/yoast.com\/product\/yoast-seo-wordpress\/ -->\n<title>La Ruche de l&#039;histoire - Printemps de l&#039;histoire environnementale - TELEMMe - Temps, espaces, langages, Europe m\u00e9ridionale, M\u00e9diterran\u00e9e<\/title>\n<meta name=\"description\" content=\"Le Printemps de l\u2019histoire environnementale, organis\u00e9 pour la premi\u00e8re fois cette ann\u00e9e, vise \u00e0 donner plus de visibilit\u00e9 \u00e0 l\u2019approche historique et \u00e0 la longue dur\u00e9e dans la compr\u00e9hension des bouleversements \u00e9cologiques actuels. Il repose sur des initiatives locales pens\u00e9es comme des espaces de m\u00e9diation des savoirs et des interrogations citoyennes, afin de renforcer les liens existants entre les recherches universitaires, les associations, diverses institutions et le public en g\u00e9n\u00e9ral.\" \/>\n<meta name=\"robots\" content=\"index, follow, max-snippet:-1, max-image-preview:large, max-video-preview:-1\" \/>\n<link rel=\"canonical\" href=\"https:\/\/telemme.mmsh.fr\/?p=11137\" \/>\n<meta property=\"og:locale\" content=\"fr_FR\" \/>\n<meta property=\"og:type\" content=\"article\" \/>\n<meta property=\"og:title\" content=\"La Ruche de l&#039;histoire - Printemps de l&#039;histoire environnementale - TELEMMe - Temps, espaces, langages, Europe m\u00e9ridionale, M\u00e9diterran\u00e9e\" \/>\n<meta property=\"og:description\" content=\"Le Printemps de l\u2019histoire environnementale, organis\u00e9 pour la premi\u00e8re fois cette ann\u00e9e, vise \u00e0 donner plus de visibilit\u00e9 \u00e0 l\u2019approche historique et \u00e0 la longue dur\u00e9e dans la compr\u00e9hension des bouleversements \u00e9cologiques actuels. Il repose sur des initiatives locales pens\u00e9es comme des espaces de m\u00e9diation des savoirs et des interrogations citoyennes, afin de renforcer les liens existants entre les recherches universitaires, les associations, diverses institutions et le public en g\u00e9n\u00e9ral.\" \/>\n<meta property=\"og:url\" content=\"https:\/\/telemme.mmsh.fr\/?p=11137\" \/>\n<meta property=\"og:site_name\" content=\"TELEMMe - Temps, espaces, langages, Europe m\u00e9ridionale, M\u00e9diterran\u00e9e\" \/>\n<meta property=\"article:published_time\" content=\"2022-05-25T13:50:37+00:00\" \/>\n<meta property=\"article:modified_time\" content=\"2022-05-31T16:47:56+00:00\" \/>\n<meta property=\"og:image\" content=\"https:\/\/telemme.mmsh.fr\/wp-content\/uploads\/2022\/05\/Ruche_printempsHistoireEnv-1.png\" \/>\n\t<meta property=\"og:image:width\" content=\"1000\" \/>\n\t<meta property=\"og:image:height\" content=\"476\" \/>\n\t<meta property=\"og:image:type\" content=\"image\/png\" \/>\n<meta name=\"author\" content=\"Delphine Cavallo\" \/>\n<meta name=\"twitter:card\" content=\"summary_large_image\" \/>\n<meta name=\"twitter:label1\" content=\"\u00c9crit par\" \/>\n\t<meta name=\"twitter:data1\" content=\"Delphine Cavallo\" \/>\n\t<meta name=\"twitter:label2\" content=\"Dur\u00e9e de lecture estim\u00e9e\" \/>\n\t<meta name=\"twitter:data2\" content=\"3 minutes\" \/>\n<script type=\"application\/ld+json\" class=\"yoast-schema-graph\">{\"@context\":\"https:\\\/\\\/schema.org\",\"@graph\":[{\"@type\":\"Article\",\"@id\":\"https:\\\/\\\/telemme.mmsh.fr\\\/?p=11137#article\",\"isPartOf\":{\"@id\":\"https:\\\/\\\/telemme.mmsh.fr\\\/?p=11137\"},\"author\":{\"name\":\"Delphine Cavallo\",\"@id\":\"https:\\\/\\\/telemme.mmsh.fr\\\/#\\\/schema\\\/person\\\/86a185da4836381586528ced48e263f5\"},\"headline\":\"La Ruche de l&rsquo;histoire &#8211; Printemps de l&rsquo;histoire environnementale\",\"datePublished\":\"2022-05-25T13:50:37+00:00\",\"dateModified\":\"2022-05-31T16:47:56+00:00\",\"mainEntityOfPage\":{\"@id\":\"https:\\\/\\\/telemme.mmsh.fr\\\/?p=11137\"},\"wordCount\":532,\"publisher\":{\"@id\":\"https:\\\/\\\/telemme.mmsh.fr\\\/#organization\"},\"image\":{\"@id\":\"https:\\\/\\\/telemme.mmsh.fr\\\/?p=11137#primaryimage\"},\"thumbnailUrl\":\"https:\\\/\\\/telemme.mmsh.fr\\\/wp-content\\\/uploads\\\/2022\\\/05\\\/Ruche_printempsHistoireEnv-1.png\",\"articleSection\":[\"Rencontres\"],\"inLanguage\":\"fr-FR\"},{\"@type\":\"WebPage\",\"@id\":\"https:\\\/\\\/telemme.mmsh.fr\\\/?p=11137\",\"url\":\"https:\\\/\\\/telemme.mmsh.fr\\\/?p=11137\",\"name\":\"La Ruche de l'histoire - Printemps de l'histoire environnementale - TELEMMe - Temps, espaces, langages, Europe m\u00e9ridionale, M\u00e9diterran\u00e9e\",\"isPartOf\":{\"@id\":\"https:\\\/\\\/telemme.mmsh.fr\\\/#website\"},\"primaryImageOfPage\":{\"@id\":\"https:\\\/\\\/telemme.mmsh.fr\\\/?p=11137#primaryimage\"},\"image\":{\"@id\":\"https:\\\/\\\/telemme.mmsh.fr\\\/?p=11137#primaryimage\"},\"thumbnailUrl\":\"https:\\\/\\\/telemme.mmsh.fr\\\/wp-content\\\/uploads\\\/2022\\\/05\\\/Ruche_printempsHistoireEnv-1.png\",\"datePublished\":\"2022-05-25T13:50:37+00:00\",\"dateModified\":\"2022-05-31T16:47:56+00:00\",\"description\":\"Le Printemps de l\u2019histoire environnementale, organis\u00e9 pour la premi\u00e8re fois cette ann\u00e9e, vise \u00e0 donner plus de visibilit\u00e9 \u00e0 l\u2019approche historique et \u00e0 la longue dur\u00e9e dans la compr\u00e9hension des bouleversements \u00e9cologiques actuels. Il repose sur des initiatives locales pens\u00e9es comme des espaces de m\u00e9diation des savoirs et des interrogations citoyennes, afin de renforcer les liens existants entre les recherches universitaires, les associations, diverses institutions et le public en g\u00e9n\u00e9ral.\",\"breadcrumb\":{\"@id\":\"https:\\\/\\\/telemme.mmsh.fr\\\/?p=11137#breadcrumb\"},\"inLanguage\":\"fr-FR\",\"potentialAction\":[{\"@type\":\"ReadAction\",\"target\":[\"https:\\\/\\\/telemme.mmsh.fr\\\/?p=11137\"]}]},{\"@type\":\"ImageObject\",\"inLanguage\":\"fr-FR\",\"@id\":\"https:\\\/\\\/telemme.mmsh.fr\\\/?p=11137#primaryimage\",\"url\":\"https:\\\/\\\/telemme.mmsh.fr\\\/wp-content\\\/uploads\\\/2022\\\/05\\\/Ruche_printempsHistoireEnv-1.png\",\"contentUrl\":\"https:\\\/\\\/telemme.mmsh.fr\\\/wp-content\\\/uploads\\\/2022\\\/05\\\/Ruche_printempsHistoireEnv-1.png\",\"width\":1000,\"height\":476,\"caption\":\"Bandeau Ruche de l\u2019histoire \u2013 Printemps de l\u2019histoire environnementale\"},{\"@type\":\"BreadcrumbList\",\"@id\":\"https:\\\/\\\/telemme.mmsh.fr\\\/?p=11137#breadcrumb\",\"itemListElement\":[{\"@type\":\"ListItem\",\"position\":1,\"name\":\"Accueil\",\"item\":\"https:\\\/\\\/telemme.mmsh.fr\\\/\"},{\"@type\":\"ListItem\",\"position\":2,\"name\":\"Actualit\u00e9s\",\"item\":\"https:\\\/\\\/telemme.mmsh.fr\\\/?cat=1995\"},{\"@type\":\"ListItem\",\"position\":3,\"name\":\"Rencontres\",\"item\":\"https:\\\/\\\/telemme.mmsh.fr\\\/?cat=1992\"},{\"@type\":\"ListItem\",\"position\":4,\"name\":\"La Ruche de l&#8217;histoire &#8211; Printemps de l&#8217;histoire environnementale\"}]},{\"@type\":\"WebSite\",\"@id\":\"https:\\\/\\\/telemme.mmsh.fr\\\/#website\",\"url\":\"https:\\\/\\\/telemme.mmsh.fr\\\/\",\"name\":\"TELEMMe - Temps, espaces, langages, Europe m\u00e9ridionale, M\u00e9diterran\u00e9e\",\"description\":\"\",\"publisher\":{\"@id\":\"https:\\\/\\\/telemme.mmsh.fr\\\/#organization\"},\"potentialAction\":[{\"@type\":\"SearchAction\",\"target\":{\"@type\":\"EntryPoint\",\"urlTemplate\":\"https:\\\/\\\/telemme.mmsh.fr\\\/?s={search_term_string}\"},\"query-input\":{\"@type\":\"PropertyValueSpecification\",\"valueRequired\":true,\"valueName\":\"search_term_string\"}}],\"inLanguage\":\"fr-FR\"},{\"@type\":\"Organization\",\"@id\":\"https:\\\/\\\/telemme.mmsh.fr\\\/#organization\",\"name\":\"TELEMMe\",\"url\":\"https:\\\/\\\/telemme.mmsh.fr\\\/\",\"logo\":{\"@type\":\"ImageObject\",\"inLanguage\":\"fr-FR\",\"@id\":\"https:\\\/\\\/telemme.mmsh.fr\\\/#\\\/schema\\\/logo\\\/image\\\/\",\"url\":\"https:\\\/\\\/telemme.mmsh.fr\\\/wp-content\\\/uploads\\\/2020\\\/03\\\/LogoTELEMMe-horizontal-fond-transparent.png\",\"contentUrl\":\"https:\\\/\\\/telemme.mmsh.fr\\\/wp-content\\\/uploads\\\/2020\\\/03\\\/LogoTELEMMe-horizontal-fond-transparent.png\",\"width\":1500,\"height\":437,\"caption\":\"TELEMMe\"},\"image\":{\"@id\":\"https:\\\/\\\/telemme.mmsh.fr\\\/#\\\/schema\\\/logo\\\/image\\\/\"}},{\"@type\":\"Person\",\"@id\":\"https:\\\/\\\/telemme.mmsh.fr\\\/#\\\/schema\\\/person\\\/86a185da4836381586528ced48e263f5\",\"name\":\"Delphine Cavallo\",\"url\":\"https:\\\/\\\/telemme.mmsh.fr\\\/?author=6\"}]}<\/script>\n<!-- \/ Yoast SEO plugin. -->","yoast_head_json":{"title":"La Ruche de l'histoire - Printemps de l'histoire environnementale - TELEMMe - Temps, espaces, langages, Europe m\u00e9ridionale, M\u00e9diterran\u00e9e","description":"Le Printemps de l\u2019histoire environnementale, organis\u00e9 pour la premi\u00e8re fois cette ann\u00e9e, vise \u00e0 donner plus de visibilit\u00e9 \u00e0 l\u2019approche historique et \u00e0 la longue dur\u00e9e dans la compr\u00e9hension des bouleversements \u00e9cologiques actuels. Il repose sur des initiatives locales pens\u00e9es comme des espaces de m\u00e9diation des savoirs et des interrogations citoyennes, afin de renforcer les liens existants entre les recherches universitaires, les associations, diverses institutions et le public en g\u00e9n\u00e9ral.","robots":{"index":"index","follow":"follow","max-snippet":"max-snippet:-1","max-image-preview":"max-image-preview:large","max-video-preview":"max-video-preview:-1"},"canonical":"https:\/\/telemme.mmsh.fr\/?p=11137","og_locale":"fr_FR","og_type":"article","og_title":"La Ruche de l'histoire - Printemps de l'histoire environnementale - TELEMMe - Temps, espaces, langages, Europe m\u00e9ridionale, M\u00e9diterran\u00e9e","og_description":"Le Printemps de l\u2019histoire environnementale, organis\u00e9 pour la premi\u00e8re fois cette ann\u00e9e, vise \u00e0 donner plus de visibilit\u00e9 \u00e0 l\u2019approche historique et \u00e0 la longue dur\u00e9e dans la compr\u00e9hension des bouleversements \u00e9cologiques actuels. Il repose sur des initiatives locales pens\u00e9es comme des espaces de m\u00e9diation des savoirs et des interrogations citoyennes, afin de renforcer les liens existants entre les recherches universitaires, les associations, diverses institutions et le public en g\u00e9n\u00e9ral.","og_url":"https:\/\/telemme.mmsh.fr\/?p=11137","og_site_name":"TELEMMe - Temps, espaces, langages, Europe m\u00e9ridionale, M\u00e9diterran\u00e9e","article_published_time":"2022-05-25T13:50:37+00:00","article_modified_time":"2022-05-31T16:47:56+00:00","og_image":[{"width":1000,"height":476,"url":"https:\/\/telemme.mmsh.fr\/wp-content\/uploads\/2022\/05\/Ruche_printempsHistoireEnv-1.png","type":"image\/png"}],"author":"Delphine Cavallo","twitter_card":"summary_large_image","twitter_misc":{"\u00c9crit par":"Delphine Cavallo","Dur\u00e9e de lecture estim\u00e9e":"3 minutes"},"schema":{"@context":"https:\/\/schema.org","@graph":[{"@type":"Article","@id":"https:\/\/telemme.mmsh.fr\/?p=11137#article","isPartOf":{"@id":"https:\/\/telemme.mmsh.fr\/?p=11137"},"author":{"name":"Delphine Cavallo","@id":"https:\/\/telemme.mmsh.fr\/#\/schema\/person\/86a185da4836381586528ced48e263f5"},"headline":"La Ruche de l&rsquo;histoire &#8211; Printemps de l&rsquo;histoire environnementale","datePublished":"2022-05-25T13:50:37+00:00","dateModified":"2022-05-31T16:47:56+00:00","mainEntityOfPage":{"@id":"https:\/\/telemme.mmsh.fr\/?p=11137"},"wordCount":532,"publisher":{"@id":"https:\/\/telemme.mmsh.fr\/#organization"},"image":{"@id":"https:\/\/telemme.mmsh.fr\/?p=11137#primaryimage"},"thumbnailUrl":"https:\/\/telemme.mmsh.fr\/wp-content\/uploads\/2022\/05\/Ruche_printempsHistoireEnv-1.png","articleSection":["Rencontres"],"inLanguage":"fr-FR"},{"@type":"WebPage","@id":"https:\/\/telemme.mmsh.fr\/?p=11137","url":"https:\/\/telemme.mmsh.fr\/?p=11137","name":"La Ruche de l'histoire - Printemps de l'histoire environnementale - TELEMMe - Temps, espaces, langages, Europe m\u00e9ridionale, M\u00e9diterran\u00e9e","isPartOf":{"@id":"https:\/\/telemme.mmsh.fr\/#website"},"primaryImageOfPage":{"@id":"https:\/\/telemme.mmsh.fr\/?p=11137#primaryimage"},"image":{"@id":"https:\/\/telemme.mmsh.fr\/?p=11137#primaryimage"},"thumbnailUrl":"https:\/\/telemme.mmsh.fr\/wp-content\/uploads\/2022\/05\/Ruche_printempsHistoireEnv-1.png","datePublished":"2022-05-25T13:50:37+00:00","dateModified":"2022-05-31T16:47:56+00:00","description":"Le Printemps de l\u2019histoire environnementale, organis\u00e9 pour la premi\u00e8re fois cette ann\u00e9e, vise \u00e0 donner plus de visibilit\u00e9 \u00e0 l\u2019approche historique et \u00e0 la longue dur\u00e9e dans la compr\u00e9hension des bouleversements \u00e9cologiques actuels. Il repose sur des initiatives locales pens\u00e9es comme des espaces de m\u00e9diation des savoirs et des interrogations citoyennes, afin de renforcer les liens existants entre les recherches universitaires, les associations, diverses institutions et le public en g\u00e9n\u00e9ral.","breadcrumb":{"@id":"https:\/\/telemme.mmsh.fr\/?p=11137#breadcrumb"},"inLanguage":"fr-FR","potentialAction":[{"@type":"ReadAction","target":["https:\/\/telemme.mmsh.fr\/?p=11137"]}]},{"@type":"ImageObject","inLanguage":"fr-FR","@id":"https:\/\/telemme.mmsh.fr\/?p=11137#primaryimage","url":"https:\/\/telemme.mmsh.fr\/wp-content\/uploads\/2022\/05\/Ruche_printempsHistoireEnv-1.png","contentUrl":"https:\/\/telemme.mmsh.fr\/wp-content\/uploads\/2022\/05\/Ruche_printempsHistoireEnv-1.png","width":1000,"height":476,"caption":"Bandeau Ruche de l\u2019histoire \u2013 Printemps de l\u2019histoire environnementale"},{"@type":"BreadcrumbList","@id":"https:\/\/telemme.mmsh.fr\/?p=11137#breadcrumb","itemListElement":[{"@type":"ListItem","position":1,"name":"Accueil","item":"https:\/\/telemme.mmsh.fr\/"},{"@type":"ListItem","position":2,"name":"Actualit\u00e9s","item":"https:\/\/telemme.mmsh.fr\/?cat=1995"},{"@type":"ListItem","position":3,"name":"Rencontres","item":"https:\/\/telemme.mmsh.fr\/?cat=1992"},{"@type":"ListItem","position":4,"name":"La Ruche de l&#8217;histoire &#8211; Printemps de l&#8217;histoire environnementale"}]},{"@type":"WebSite","@id":"https:\/\/telemme.mmsh.fr\/#website","url":"https:\/\/telemme.mmsh.fr\/","name":"TELEMMe - Temps, espaces, langages, Europe m\u00e9ridionale, M\u00e9diterran\u00e9e","description":"","publisher":{"@id":"https:\/\/telemme.mmsh.fr\/#organization"},"potentialAction":[{"@type":"SearchAction","target":{"@type":"EntryPoint","urlTemplate":"https:\/\/telemme.mmsh.fr\/?s={search_term_string}"},"query-input":{"@type":"PropertyValueSpecification","valueRequired":true,"valueName":"search_term_string"}}],"inLanguage":"fr-FR"},{"@type":"Organization","@id":"https:\/\/telemme.mmsh.fr\/#organization","name":"TELEMMe","url":"https:\/\/telemme.mmsh.fr\/","logo":{"@type":"ImageObject","inLanguage":"fr-FR","@id":"https:\/\/telemme.mmsh.fr\/#\/schema\/logo\/image\/","url":"https:\/\/telemme.mmsh.fr\/wp-content\/uploads\/2020\/03\/LogoTELEMMe-horizontal-fond-transparent.png","contentUrl":"https:\/\/telemme.mmsh.fr\/wp-content\/uploads\/2020\/03\/LogoTELEMMe-horizontal-fond-transparent.png","width":1500,"height":437,"caption":"TELEMMe"},"image":{"@id":"https:\/\/telemme.mmsh.fr\/#\/schema\/logo\/image\/"}},{"@type":"Person","@id":"https:\/\/telemme.mmsh.fr\/#\/schema\/person\/86a185da4836381586528ced48e263f5","name":"Delphine Cavallo","url":"https:\/\/telemme.mmsh.fr\/?author=6"}]}},"_links":{"self":[{"href":"https:\/\/telemme.mmsh.fr\/index.php?rest_route=\/wp\/v2\/posts\/11137","targetHints":{"allow":["GET"]}}],"collection":[{"href":"https:\/\/telemme.mmsh.fr\/index.php?rest_route=\/wp\/v2\/posts"}],"about":[{"href":"https:\/\/telemme.mmsh.fr\/index.php?rest_route=\/wp\/v2\/types\/post"}],"author":[{"embeddable":true,"href":"https:\/\/telemme.mmsh.fr\/index.php?rest_route=\/wp\/v2\/users\/6"}],"replies":[{"embeddable":true,"href":"https:\/\/telemme.mmsh.fr\/index.php?rest_route=%2Fwp%2Fv2%2Fcomments&post=11137"}],"version-history":[{"count":7,"href":"https:\/\/telemme.mmsh.fr\/index.php?rest_route=\/wp\/v2\/posts\/11137\/revisions"}],"predecessor-version":[{"id":11166,"href":"https:\/\/telemme.mmsh.fr\/index.php?rest_route=\/wp\/v2\/posts\/11137\/revisions\/11166"}],"wp:featuredmedia":[{"embeddable":true,"href":"https:\/\/telemme.mmsh.fr\/index.php?rest_route=\/wp\/v2\/media\/11145"}],"wp:attachment":[{"href":"https:\/\/telemme.mmsh.fr\/index.php?rest_route=%2Fwp%2Fv2%2Fmedia&parent=11137"}],"wp:term":[{"taxonomy":"category","embeddable":true,"href":"https:\/\/telemme.mmsh.fr\/index.php?rest_route=%2Fwp%2Fv2%2Fcategories&post=11137"},{"taxonomy":"post_tag","embeddable":true,"href":"https:\/\/telemme.mmsh.fr\/index.php?rest_route=%2Fwp%2Fv2%2Ftags&post=11137"}],"curies":[{"name":"wp","href":"https:\/\/api.w.org\/{rel}","templated":true}]}}