{"id":11097,"date":"2022-05-05T10:05:28","date_gmt":"2022-05-05T08:05:28","guid":{"rendered":"https:\/\/telemme.mmsh.fr\/?p=11097"},"modified":"2022-05-05T10:56:59","modified_gmt":"2022-05-05T08:56:59","slug":"aap-ecole-dete-aires-marines-protegees","status":"publish","type":"post","link":"https:\/\/telemme.mmsh.fr\/?p=11097","title":{"rendered":"[AAP] \u00c9cole d&rsquo;\u00e9t\u00e9 \u00ab\u00a0Aires marines prot\u00e9g\u00e9es\u00a0\u00bb"},"content":{"rendered":"<div class=\"\">L&rsquo; Institut sciences de l&rsquo;oc\u00e9an organise en collaboration avec OSU Pytheas, du 27 juin au 1 juillet, une \u00e9cole d\u2019\u00e9t\u00e9 interdisciplinaire intitul\u00e9e \u00ab <a class=\"\" href=\"https:\/\/www.univ-amu.fr\/fr\/public\/les-aires-marines-protegees-enjeux-et-defis-actuels\" target=\"_blank\" rel=\"noopener noreferrer\">Les aires marines prot\u00e9g\u00e9es: enjeux et d\u00e9fis actuels<\/a>&nbsp;\u00bb.<\/div>\n<div class=\"\">&nbsp;<\/div>\n<div class=\"\">Cette \u00e9cole d\u2019\u00e9t\u00e9 vise \u00e0 apporter des \u00e9l\u00e9ments de connaissances en g\u00e9ographie, histoire, droit, \u00e9cologie, ou encore en oc\u00e9anographie, sur les aires marines prot\u00e9g\u00e9es et les d\u00e9fis de leur gestion \u00e0 travers un cas d\u2019\u00e9tude: le Parc national des Calanques, \u00e0 l\u2019interface terre-mer et ville-nature.<\/div>\n<div class=\"\">&nbsp;<\/div>\n<div class=\"\">Le parc national des Calanques sera ainsi le point d\u2019entr\u00e9e pour \u00e9voquer les enjeux actuels des aires marines prot\u00e9g\u00e9es: la vuln\u00e9rabilit\u00e9 des \u00e9cosyst\u00e8mes, la gestion des ressources halieutiques, la pollution marine, l\u2019\u00e9rosion du littoral, le changement climatique, l\u2019acceptation sociale, la surfr\u00e9quentation, etc. Le programme m\u00eale sorties de terrain, \u00e0 pied et en bateau, cours et conf\u00e9rences, majoritairement en fran\u00e7ais mais aussi en anglais. (35 heures et 3ECTS).<\/div>\n<div class=\"\">&nbsp;<\/div>\n<div class=\"\">Elle est gratuite pour les \u00e9tudiants AMU et CIVIS et 200 euros pour le non-membres de l&rsquo;institut.<\/div>\n<div class=\"\">&nbsp;<\/div>\n<div class=\"\">Voici le lien pour se pr\u00e9-inscrire&nbsp;<b>avant le 15 mai<\/b>:&nbsp;<a class=\"x_x_x_x_x_OWAAutoLink\" href=\"https:\/\/www.univ-amu.fr\/fr\/public\/les-aires-marines-protegees-enjeux-et-defis-actuels\" target=\"_blank\" rel=\"noopener noreferrer\">https:\/\/www.univ-amu.fr\/fr\/public\/les-aires-marines-protegees-enjeux-et-defis-actuels<\/a><\/div>\n\n\n<h2 class=\"wp-block-heading\">Organisatrices<\/h2>\n\n\n\n<ul class=\"wp-block-list\"><li>Cadoret Anne, Ma\u00eetresse de Conf\u00e9rences, UMR CNRS 7303, TELEMMe, Aix-Marseille Universit\u00e9,<\/li><li>Pascale Ricard, Charg\u00e9e de recherche au CNRS, UMR DICE, CERIC, Aix-Marseille Universit\u00e9,<\/li><li>Kalliopi Pediaditi, PhD, Institut Sciences de l\u2019Oc\u00e9an, Aix-Marseille Universit\u00e9,<\/li><\/ul>\n\n\n\n<h2 class=\"wp-block-heading\">Plus d&rsquo;informations<\/h2>\n\n\n\n<p><strong>Dates&nbsp;<\/strong>: 27 juin 2022 au 1er juillet 2022<br><br><strong>Public<\/strong>&nbsp;: \u00c9tudiant.es d\u00e8s le Master 1, doctorants, professionnels<br><br><strong>Tarif&nbsp;<\/strong>: Gratuit pour les \u00e9tudiant.es inscrit.es \u00e0 Aix-Marseille Universit\u00e9 et des universit\u00e9s CIVIS, 200\u20ac pour les autres participants.<br><br><strong>Lieu<\/strong>&nbsp;: Marseille, Campus de Luminy, Bat OCEANOMED, Marseille<br><br><strong>Langue<\/strong>&nbsp;: Les cours seront en majorit\u00e9 dispens\u00e9s en langue fran\u00e7aise. Certaines conf\u00e9rences seront en langue anglaise (niveau de compr\u00e9hension en fran\u00e7ais et en anglais exig\u00e9)<br><br><strong>ECTS<\/strong>&nbsp;: 3 &#8211; 35 heures d&rsquo;enseignement &#8211; Examens quotidiens QCM<\/p>\n\n\n\n<p><strong>Moments forts<\/strong>&nbsp;: 2 excursions au Parc National des Calanques &#8211; Sortie en bateau &#8211; 1 s\u00e9ance pratique sur les m\u00e9thodes de surveillance de la pollution plastique, conf\u00e9rences d&rsquo;\u00e9minents experts.<\/p>\n\n\n\n<p><strong>Les informations compl\u00e8tes <\/strong>: <a href=\"https:\/\/www.univ-amu.fr\/fr\/public\/les-aires-marines-protegees-enjeux-et-defis-actuels\">https:\/\/www.univ-amu.fr\/fr\/public\/les-aires-marines-protegees-enjeux-et-defis-actuels <\/a><\/p>\n","protected":false},"excerpt":{"rendered":"<p>L&rsquo; Institut sciences de l&rsquo;oc\u00e9an organise en collaboration avec OSU Pytheas, du 27 juin au 1 juillet, une \u00e9cole d\u2019\u00e9t\u00e9 interdisciplinaire intitul\u00e9e \u00ab Les aires marines prot\u00e9g\u00e9es: enjeux et d\u00e9fis actuels\u00a0\u00bb.<\/p>\n<p>Cette \u00e9cole d\u2019\u00e9t\u00e9 vise \u00e0 apporter des \u00e9l\u00e9ments de connaissances en g\u00e9ographie, histoire, droit, \u00e9cologie, ou encore en oc\u00e9anographie, sur les aires marines prot\u00e9g\u00e9es et les d\u00e9fis de leur gestion \u00e0 travers un cas d\u2019\u00e9tude: le Parc national des Calanques, \u00e0 l\u2019interface terre-mer et ville-nature.<\/p>\n","protected":false},"author":6,"featured_media":11105,"comment_status":"closed","ping_status":"closed","sticky":false,"template":"","format":"standard","meta":{"neve_meta_sidebar":"","neve_meta_container":"","neve_meta_enable_content_width":"off","neve_meta_content_width":70,"neve_meta_title_alignment":"","neve_meta_author_avatar":"","neve_post_elements_order":"","neve_meta_disable_header":"","neve_meta_disable_footer":"","neve_meta_disable_title":"","_tribe_events_control_status":"","_tribe_events_control_status_canceled_reason":"","_tribe_events_control_status_postponed_reason":"","_tribe_events_control_online":"","_tribe_events_control_online_url":"","footnotes":""},"categories":[2026],"tags":[2483],"class_list":["post-11097","post","type-post","status-publish","format-standard","has-post-thumbnail","hentry","category-appels-a-candidature","tag-ecole-dete"],"yoast_head":"<!-- This site is optimized with the Yoast SEO plugin v27.4 - https:\/\/yoast.com\/product\/yoast-seo-wordpress\/ -->\n<title>[AAP] \u00c9cole d&#039;\u00e9t\u00e9 &quot;Aires marines prot\u00e9g\u00e9es&quot; - TELEMMe - Temps, espaces, langages, Europe m\u00e9ridionale, M\u00e9diterran\u00e9e<\/title>\n<meta name=\"description\" content=\"L&#039; Institut sciences de l&#039;oc\u00e9an organise en collaboration avec OSU Pytheas, du 27 juin au 1 juillet, une \u00e9cole d\u2019\u00e9t\u00e9 interdisciplinaire intitul\u00e9e \u00ab Les aires marines prot\u00e9g\u00e9es: enjeux et d\u00e9fis actuels\u00a0\u00bb.Cette \u00e9cole d\u2019\u00e9t\u00e9 vise \u00e0 apporter des \u00e9l\u00e9ments de connaissances en g\u00e9ographie, histoire, droit, \u00e9cologie, ou encore en oc\u00e9anographie, sur les aires marines prot\u00e9g\u00e9es et les d\u00e9fis de leur gestion \u00e0 travers un cas d\u2019\u00e9tude: le Parc national des Calanques, \u00e0 l\u2019interface terre-mer et ville-nature.\" \/>\n<meta name=\"robots\" content=\"index, follow, max-snippet:-1, max-image-preview:large, max-video-preview:-1\" \/>\n<link rel=\"canonical\" href=\"https:\/\/telemme.mmsh.fr\/?p=11097\" \/>\n<meta property=\"og:locale\" content=\"fr_FR\" \/>\n<meta property=\"og:type\" content=\"article\" \/>\n<meta property=\"og:title\" content=\"[AAP] \u00c9cole d&#039;\u00e9t\u00e9 &quot;Aires marines prot\u00e9g\u00e9es&quot; - TELEMMe - Temps, espaces, langages, Europe m\u00e9ridionale, M\u00e9diterran\u00e9e\" \/>\n<meta property=\"og:description\" content=\"L&#039; Institut sciences de l&#039;oc\u00e9an organise en collaboration avec OSU Pytheas, du 27 juin au 1 juillet, une \u00e9cole d\u2019\u00e9t\u00e9 interdisciplinaire intitul\u00e9e \u00ab Les aires marines prot\u00e9g\u00e9es: enjeux et d\u00e9fis actuels\u00a0\u00bb.Cette \u00e9cole d\u2019\u00e9t\u00e9 vise \u00e0 apporter des \u00e9l\u00e9ments de connaissances en g\u00e9ographie, histoire, droit, \u00e9cologie, ou encore en oc\u00e9anographie, sur les aires marines prot\u00e9g\u00e9es et les d\u00e9fis de leur gestion \u00e0 travers un cas d\u2019\u00e9tude: le Parc national des Calanques, \u00e0 l\u2019interface terre-mer et ville-nature.\" \/>\n<meta property=\"og:url\" content=\"https:\/\/telemme.mmsh.fr\/?p=11097\" \/>\n<meta property=\"og:site_name\" content=\"TELEMMe - Temps, espaces, langages, Europe m\u00e9ridionale, M\u00e9diterran\u00e9e\" \/>\n<meta property=\"article:published_time\" content=\"2022-05-05T08:05:28+00:00\" \/>\n<meta property=\"article:modified_time\" content=\"2022-05-05T08:56:59+00:00\" \/>\n<meta property=\"og:image\" content=\"https:\/\/telemme.mmsh.fr\/wp-content\/uploads\/2022\/05\/Aire-Marine-Protegee.png\" \/>\n\t<meta property=\"og:image:width\" content=\"908\" \/>\n\t<meta property=\"og:image:height\" content=\"512\" \/>\n\t<meta property=\"og:image:type\" content=\"image\/png\" \/>\n<meta name=\"author\" content=\"Delphine Cavallo\" \/>\n<meta name=\"twitter:card\" content=\"summary_large_image\" \/>\n<meta name=\"twitter:label1\" content=\"\u00c9crit par\" \/>\n\t<meta name=\"twitter:data1\" content=\"Delphine Cavallo\" \/>\n\t<meta name=\"twitter:label2\" content=\"Dur\u00e9e de lecture estim\u00e9e\" \/>\n\t<meta name=\"twitter:data2\" content=\"2 minutes\" \/>\n<script type=\"application\/ld+json\" class=\"yoast-schema-graph\">{\"@context\":\"https:\\\/\\\/schema.org\",\"@graph\":[{\"@type\":\"Article\",\"@id\":\"https:\\\/\\\/telemme.mmsh.fr\\\/?p=11097#article\",\"isPartOf\":{\"@id\":\"https:\\\/\\\/telemme.mmsh.fr\\\/?p=11097\"},\"author\":{\"name\":\"Delphine Cavallo\",\"@id\":\"https:\\\/\\\/telemme.mmsh.fr\\\/#\\\/schema\\\/person\\\/86a185da4836381586528ced48e263f5\"},\"headline\":\"[AAP] \u00c9cole d&rsquo;\u00e9t\u00e9 \u00ab\u00a0Aires marines prot\u00e9g\u00e9es\u00a0\u00bb\",\"datePublished\":\"2022-05-05T08:05:28+00:00\",\"dateModified\":\"2022-05-05T08:56:59+00:00\",\"mainEntityOfPage\":{\"@id\":\"https:\\\/\\\/telemme.mmsh.fr\\\/?p=11097\"},\"wordCount\":382,\"publisher\":{\"@id\":\"https:\\\/\\\/telemme.mmsh.fr\\\/#organization\"},\"image\":{\"@id\":\"https:\\\/\\\/telemme.mmsh.fr\\\/?p=11097#primaryimage\"},\"thumbnailUrl\":\"https:\\\/\\\/telemme.mmsh.fr\\\/wp-content\\\/uploads\\\/2022\\\/05\\\/Aire-Marine-Protegee.png\",\"keywords\":[\"\u00e9cole d&#039;\u00e9t\u00e9\"],\"articleSection\":[\"Appels \u00e0 candidature\"],\"inLanguage\":\"fr-FR\"},{\"@type\":\"WebPage\",\"@id\":\"https:\\\/\\\/telemme.mmsh.fr\\\/?p=11097\",\"url\":\"https:\\\/\\\/telemme.mmsh.fr\\\/?p=11097\",\"name\":\"[AAP] \u00c9cole d'\u00e9t\u00e9 \\\"Aires marines prot\u00e9g\u00e9es\\\" - TELEMMe - Temps, espaces, langages, Europe m\u00e9ridionale, M\u00e9diterran\u00e9e\",\"isPartOf\":{\"@id\":\"https:\\\/\\\/telemme.mmsh.fr\\\/#website\"},\"primaryImageOfPage\":{\"@id\":\"https:\\\/\\\/telemme.mmsh.fr\\\/?p=11097#primaryimage\"},\"image\":{\"@id\":\"https:\\\/\\\/telemme.mmsh.fr\\\/?p=11097#primaryimage\"},\"thumbnailUrl\":\"https:\\\/\\\/telemme.mmsh.fr\\\/wp-content\\\/uploads\\\/2022\\\/05\\\/Aire-Marine-Protegee.png\",\"datePublished\":\"2022-05-05T08:05:28+00:00\",\"dateModified\":\"2022-05-05T08:56:59+00:00\",\"description\":\"L' Institut sciences de l'oc\u00e9an organise en collaboration avec OSU Pytheas, du 27 juin au 1 juillet, une \u00e9cole d\u2019\u00e9t\u00e9 interdisciplinaire intitul\u00e9e \u00ab Les aires marines prot\u00e9g\u00e9es: enjeux et d\u00e9fis actuels\u00a0\u00bb.Cette \u00e9cole d\u2019\u00e9t\u00e9 vise \u00e0 apporter des \u00e9l\u00e9ments de connaissances en g\u00e9ographie, histoire, droit, \u00e9cologie, ou encore en oc\u00e9anographie, sur les aires marines prot\u00e9g\u00e9es et les d\u00e9fis de leur gestion \u00e0 travers un cas d\u2019\u00e9tude: le Parc national des Calanques, \u00e0 l\u2019interface terre-mer et ville-nature.\",\"breadcrumb\":{\"@id\":\"https:\\\/\\\/telemme.mmsh.fr\\\/?p=11097#breadcrumb\"},\"inLanguage\":\"fr-FR\",\"potentialAction\":[{\"@type\":\"ReadAction\",\"target\":[\"https:\\\/\\\/telemme.mmsh.fr\\\/?p=11097\"]}]},{\"@type\":\"ImageObject\",\"inLanguage\":\"fr-FR\",\"@id\":\"https:\\\/\\\/telemme.mmsh.fr\\\/?p=11097#primaryimage\",\"url\":\"https:\\\/\\\/telemme.mmsh.fr\\\/wp-content\\\/uploads\\\/2022\\\/05\\\/Aire-Marine-Protegee.png\",\"contentUrl\":\"https:\\\/\\\/telemme.mmsh.fr\\\/wp-content\\\/uploads\\\/2022\\\/05\\\/Aire-Marine-Protegee.png\",\"width\":908,\"height\":512},{\"@type\":\"BreadcrumbList\",\"@id\":\"https:\\\/\\\/telemme.mmsh.fr\\\/?p=11097#breadcrumb\",\"itemListElement\":[{\"@type\":\"ListItem\",\"position\":1,\"name\":\"Accueil\",\"item\":\"https:\\\/\\\/telemme.mmsh.fr\\\/\"},{\"@type\":\"ListItem\",\"position\":2,\"name\":\"Actualit\u00e9s\",\"item\":\"https:\\\/\\\/telemme.mmsh.fr\\\/?cat=1995\"},{\"@type\":\"ListItem\",\"position\":3,\"name\":\"Appels \u00e0 candidature\",\"item\":\"https:\\\/\\\/telemme.mmsh.fr\\\/?cat=2026\"},{\"@type\":\"ListItem\",\"position\":4,\"name\":\"[AAP] \u00c9cole d&#8217;\u00e9t\u00e9 &#8220;Aires marines prot\u00e9g\u00e9es&#8221;\"}]},{\"@type\":\"WebSite\",\"@id\":\"https:\\\/\\\/telemme.mmsh.fr\\\/#website\",\"url\":\"https:\\\/\\\/telemme.mmsh.fr\\\/\",\"name\":\"TELEMMe - Temps, espaces, langages, Europe m\u00e9ridionale, M\u00e9diterran\u00e9e\",\"description\":\"\",\"publisher\":{\"@id\":\"https:\\\/\\\/telemme.mmsh.fr\\\/#organization\"},\"potentialAction\":[{\"@type\":\"SearchAction\",\"target\":{\"@type\":\"EntryPoint\",\"urlTemplate\":\"https:\\\/\\\/telemme.mmsh.fr\\\/?s={search_term_string}\"},\"query-input\":{\"@type\":\"PropertyValueSpecification\",\"valueRequired\":true,\"valueName\":\"search_term_string\"}}],\"inLanguage\":\"fr-FR\"},{\"@type\":\"Organization\",\"@id\":\"https:\\\/\\\/telemme.mmsh.fr\\\/#organization\",\"name\":\"TELEMMe\",\"url\":\"https:\\\/\\\/telemme.mmsh.fr\\\/\",\"logo\":{\"@type\":\"ImageObject\",\"inLanguage\":\"fr-FR\",\"@id\":\"https:\\\/\\\/telemme.mmsh.fr\\\/#\\\/schema\\\/logo\\\/image\\\/\",\"url\":\"https:\\\/\\\/telemme.mmsh.fr\\\/wp-content\\\/uploads\\\/2020\\\/03\\\/LogoTELEMMe-horizontal-fond-transparent.png\",\"contentUrl\":\"https:\\\/\\\/telemme.mmsh.fr\\\/wp-content\\\/uploads\\\/2020\\\/03\\\/LogoTELEMMe-horizontal-fond-transparent.png\",\"width\":1500,\"height\":437,\"caption\":\"TELEMMe\"},\"image\":{\"@id\":\"https:\\\/\\\/telemme.mmsh.fr\\\/#\\\/schema\\\/logo\\\/image\\\/\"}},{\"@type\":\"Person\",\"@id\":\"https:\\\/\\\/telemme.mmsh.fr\\\/#\\\/schema\\\/person\\\/86a185da4836381586528ced48e263f5\",\"name\":\"Delphine Cavallo\",\"url\":\"https:\\\/\\\/telemme.mmsh.fr\\\/?author=6\"}]}<\/script>\n<!-- \/ Yoast SEO plugin. -->","yoast_head_json":{"title":"[AAP] \u00c9cole d'\u00e9t\u00e9 \"Aires marines prot\u00e9g\u00e9es\" - TELEMMe - Temps, espaces, langages, Europe m\u00e9ridionale, M\u00e9diterran\u00e9e","description":"L' Institut sciences de l'oc\u00e9an organise en collaboration avec OSU Pytheas, du 27 juin au 1 juillet, une \u00e9cole d\u2019\u00e9t\u00e9 interdisciplinaire intitul\u00e9e \u00ab Les aires marines prot\u00e9g\u00e9es: enjeux et d\u00e9fis actuels\u00a0\u00bb.Cette \u00e9cole d\u2019\u00e9t\u00e9 vise \u00e0 apporter des \u00e9l\u00e9ments de connaissances en g\u00e9ographie, histoire, droit, \u00e9cologie, ou encore en oc\u00e9anographie, sur les aires marines prot\u00e9g\u00e9es et les d\u00e9fis de leur gestion \u00e0 travers un cas d\u2019\u00e9tude: le Parc national des Calanques, \u00e0 l\u2019interface terre-mer et ville-nature.","robots":{"index":"index","follow":"follow","max-snippet":"max-snippet:-1","max-image-preview":"max-image-preview:large","max-video-preview":"max-video-preview:-1"},"canonical":"https:\/\/telemme.mmsh.fr\/?p=11097","og_locale":"fr_FR","og_type":"article","og_title":"[AAP] \u00c9cole d'\u00e9t\u00e9 \"Aires marines prot\u00e9g\u00e9es\" - TELEMMe - Temps, espaces, langages, Europe m\u00e9ridionale, M\u00e9diterran\u00e9e","og_description":"L' Institut sciences de l'oc\u00e9an organise en collaboration avec OSU Pytheas, du 27 juin au 1 juillet, une \u00e9cole d\u2019\u00e9t\u00e9 interdisciplinaire intitul\u00e9e \u00ab Les aires marines prot\u00e9g\u00e9es: enjeux et d\u00e9fis actuels\u00a0\u00bb.Cette \u00e9cole d\u2019\u00e9t\u00e9 vise \u00e0 apporter des \u00e9l\u00e9ments de connaissances en g\u00e9ographie, histoire, droit, \u00e9cologie, ou encore en oc\u00e9anographie, sur les aires marines prot\u00e9g\u00e9es et les d\u00e9fis de leur gestion \u00e0 travers un cas d\u2019\u00e9tude: le Parc national des Calanques, \u00e0 l\u2019interface terre-mer et ville-nature.","og_url":"https:\/\/telemme.mmsh.fr\/?p=11097","og_site_name":"TELEMMe - Temps, espaces, langages, Europe m\u00e9ridionale, M\u00e9diterran\u00e9e","article_published_time":"2022-05-05T08:05:28+00:00","article_modified_time":"2022-05-05T08:56:59+00:00","og_image":[{"width":908,"height":512,"url":"https:\/\/telemme.mmsh.fr\/wp-content\/uploads\/2022\/05\/Aire-Marine-Protegee.png","type":"image\/png"}],"author":"Delphine Cavallo","twitter_card":"summary_large_image","twitter_misc":{"\u00c9crit par":"Delphine Cavallo","Dur\u00e9e de lecture estim\u00e9e":"2 minutes"},"schema":{"@context":"https:\/\/schema.org","@graph":[{"@type":"Article","@id":"https:\/\/telemme.mmsh.fr\/?p=11097#article","isPartOf":{"@id":"https:\/\/telemme.mmsh.fr\/?p=11097"},"author":{"name":"Delphine Cavallo","@id":"https:\/\/telemme.mmsh.fr\/#\/schema\/person\/86a185da4836381586528ced48e263f5"},"headline":"[AAP] \u00c9cole d&rsquo;\u00e9t\u00e9 \u00ab\u00a0Aires marines prot\u00e9g\u00e9es\u00a0\u00bb","datePublished":"2022-05-05T08:05:28+00:00","dateModified":"2022-05-05T08:56:59+00:00","mainEntityOfPage":{"@id":"https:\/\/telemme.mmsh.fr\/?p=11097"},"wordCount":382,"publisher":{"@id":"https:\/\/telemme.mmsh.fr\/#organization"},"image":{"@id":"https:\/\/telemme.mmsh.fr\/?p=11097#primaryimage"},"thumbnailUrl":"https:\/\/telemme.mmsh.fr\/wp-content\/uploads\/2022\/05\/Aire-Marine-Protegee.png","keywords":["\u00e9cole d&#039;\u00e9t\u00e9"],"articleSection":["Appels \u00e0 candidature"],"inLanguage":"fr-FR"},{"@type":"WebPage","@id":"https:\/\/telemme.mmsh.fr\/?p=11097","url":"https:\/\/telemme.mmsh.fr\/?p=11097","name":"[AAP] \u00c9cole d'\u00e9t\u00e9 \"Aires marines prot\u00e9g\u00e9es\" - TELEMMe - Temps, espaces, langages, Europe m\u00e9ridionale, M\u00e9diterran\u00e9e","isPartOf":{"@id":"https:\/\/telemme.mmsh.fr\/#website"},"primaryImageOfPage":{"@id":"https:\/\/telemme.mmsh.fr\/?p=11097#primaryimage"},"image":{"@id":"https:\/\/telemme.mmsh.fr\/?p=11097#primaryimage"},"thumbnailUrl":"https:\/\/telemme.mmsh.fr\/wp-content\/uploads\/2022\/05\/Aire-Marine-Protegee.png","datePublished":"2022-05-05T08:05:28+00:00","dateModified":"2022-05-05T08:56:59+00:00","description":"L' Institut sciences de l'oc\u00e9an organise en collaboration avec OSU Pytheas, du 27 juin au 1 juillet, une \u00e9cole d\u2019\u00e9t\u00e9 interdisciplinaire intitul\u00e9e \u00ab Les aires marines prot\u00e9g\u00e9es: enjeux et d\u00e9fis actuels\u00a0\u00bb.Cette \u00e9cole d\u2019\u00e9t\u00e9 vise \u00e0 apporter des \u00e9l\u00e9ments de connaissances en g\u00e9ographie, histoire, droit, \u00e9cologie, ou encore en oc\u00e9anographie, sur les aires marines prot\u00e9g\u00e9es et les d\u00e9fis de leur gestion \u00e0 travers un cas d\u2019\u00e9tude: le Parc national des Calanques, \u00e0 l\u2019interface terre-mer et ville-nature.","breadcrumb":{"@id":"https:\/\/telemme.mmsh.fr\/?p=11097#breadcrumb"},"inLanguage":"fr-FR","potentialAction":[{"@type":"ReadAction","target":["https:\/\/telemme.mmsh.fr\/?p=11097"]}]},{"@type":"ImageObject","inLanguage":"fr-FR","@id":"https:\/\/telemme.mmsh.fr\/?p=11097#primaryimage","url":"https:\/\/telemme.mmsh.fr\/wp-content\/uploads\/2022\/05\/Aire-Marine-Protegee.png","contentUrl":"https:\/\/telemme.mmsh.fr\/wp-content\/uploads\/2022\/05\/Aire-Marine-Protegee.png","width":908,"height":512},{"@type":"BreadcrumbList","@id":"https:\/\/telemme.mmsh.fr\/?p=11097#breadcrumb","itemListElement":[{"@type":"ListItem","position":1,"name":"Accueil","item":"https:\/\/telemme.mmsh.fr\/"},{"@type":"ListItem","position":2,"name":"Actualit\u00e9s","item":"https:\/\/telemme.mmsh.fr\/?cat=1995"},{"@type":"ListItem","position":3,"name":"Appels \u00e0 candidature","item":"https:\/\/telemme.mmsh.fr\/?cat=2026"},{"@type":"ListItem","position":4,"name":"[AAP] \u00c9cole d&#8217;\u00e9t\u00e9 &#8220;Aires marines prot\u00e9g\u00e9es&#8221;"}]},{"@type":"WebSite","@id":"https:\/\/telemme.mmsh.fr\/#website","url":"https:\/\/telemme.mmsh.fr\/","name":"TELEMMe - Temps, espaces, langages, Europe m\u00e9ridionale, M\u00e9diterran\u00e9e","description":"","publisher":{"@id":"https:\/\/telemme.mmsh.fr\/#organization"},"potentialAction":[{"@type":"SearchAction","target":{"@type":"EntryPoint","urlTemplate":"https:\/\/telemme.mmsh.fr\/?s={search_term_string}"},"query-input":{"@type":"PropertyValueSpecification","valueRequired":true,"valueName":"search_term_string"}}],"inLanguage":"fr-FR"},{"@type":"Organization","@id":"https:\/\/telemme.mmsh.fr\/#organization","name":"TELEMMe","url":"https:\/\/telemme.mmsh.fr\/","logo":{"@type":"ImageObject","inLanguage":"fr-FR","@id":"https:\/\/telemme.mmsh.fr\/#\/schema\/logo\/image\/","url":"https:\/\/telemme.mmsh.fr\/wp-content\/uploads\/2020\/03\/LogoTELEMMe-horizontal-fond-transparent.png","contentUrl":"https:\/\/telemme.mmsh.fr\/wp-content\/uploads\/2020\/03\/LogoTELEMMe-horizontal-fond-transparent.png","width":1500,"height":437,"caption":"TELEMMe"},"image":{"@id":"https:\/\/telemme.mmsh.fr\/#\/schema\/logo\/image\/"}},{"@type":"Person","@id":"https:\/\/telemme.mmsh.fr\/#\/schema\/person\/86a185da4836381586528ced48e263f5","name":"Delphine Cavallo","url":"https:\/\/telemme.mmsh.fr\/?author=6"}]}},"_links":{"self":[{"href":"https:\/\/telemme.mmsh.fr\/index.php?rest_route=\/wp\/v2\/posts\/11097","targetHints":{"allow":["GET"]}}],"collection":[{"href":"https:\/\/telemme.mmsh.fr\/index.php?rest_route=\/wp\/v2\/posts"}],"about":[{"href":"https:\/\/telemme.mmsh.fr\/index.php?rest_route=\/wp\/v2\/types\/post"}],"author":[{"embeddable":true,"href":"https:\/\/telemme.mmsh.fr\/index.php?rest_route=\/wp\/v2\/users\/6"}],"replies":[{"embeddable":true,"href":"https:\/\/telemme.mmsh.fr\/index.php?rest_route=%2Fwp%2Fv2%2Fcomments&post=11097"}],"version-history":[{"count":6,"href":"https:\/\/telemme.mmsh.fr\/index.php?rest_route=\/wp\/v2\/posts\/11097\/revisions"}],"predecessor-version":[{"id":11106,"href":"https:\/\/telemme.mmsh.fr\/index.php?rest_route=\/wp\/v2\/posts\/11097\/revisions\/11106"}],"wp:featuredmedia":[{"embeddable":true,"href":"https:\/\/telemme.mmsh.fr\/index.php?rest_route=\/wp\/v2\/media\/11105"}],"wp:attachment":[{"href":"https:\/\/telemme.mmsh.fr\/index.php?rest_route=%2Fwp%2Fv2%2Fmedia&parent=11097"}],"wp:term":[{"taxonomy":"category","embeddable":true,"href":"https:\/\/telemme.mmsh.fr\/index.php?rest_route=%2Fwp%2Fv2%2Fcategories&post=11097"},{"taxonomy":"post_tag","embeddable":true,"href":"https:\/\/telemme.mmsh.fr\/index.php?rest_route=%2Fwp%2Fv2%2Ftags&post=11097"}],"curies":[{"name":"wp","href":"https:\/\/api.w.org\/{rel}","templated":true}]}}