{"id":11056,"date":"2022-04-29T11:34:18","date_gmt":"2022-04-29T09:34:18","guid":{"rendered":"https:\/\/telemme.mmsh.fr\/?p=11056"},"modified":"2022-04-29T11:34:20","modified_gmt":"2022-04-29T09:34:20","slug":"altermetropolisation-une-autre-ville-est-possible","status":"publish","type":"post","link":"https:\/\/telemme.mmsh.fr\/?p=11056","title":{"rendered":"Alterm\u00e9tropolisation, une autre vi(ll)e est possible"},"content":{"rendered":"\n<blockquote class=\"wp-block-quote is-layout-flow wp-block-quote-is-layout-flow\"><p><a href=\"https:\/\/www.lalunesurletoit.com\/home\/32-pre-commande-altermetropolisation-un-autre-ville-est-possible-9782953883497.html\"><em><strong>Alterm\u00e9tropolisation, une a<\/strong><\/em><strong><em>utre vi(ll)e est possible<\/em><\/strong>,<\/a> Alexandre Grondeau, \u00e9ditions La lune sur le toit, collection Hic et Nunc, 2022<\/p><\/blockquote>\n\n\n\n<p>L\u2019ub\u00e9risation et la marchandisation de notre soci\u00e9t\u00e9 et de nos villes sont-elles in\u00e9vitables ? Les in\u00e9galit\u00e9s, les d\u00e9s\u00e9conomies, les pollutions, les ins\u00e9curit\u00e9s, les discriminations urbaines sont-elles des fatalit\u00e9s ind\u00e9passables ? La comp\u00e9titivit\u00e9 et l\u2019attractivit\u00e9 sont-elles le seul horizon du d\u00e9veloppement m\u00e9tropolitain ? La ghetto\u00efsation et le communautarisme sont-ils indissociables des politiques de la ville ? La s\u00e9gr\u00e9gation et la fragmentation sociales sont-elles le prix \u00e0 payer du progr\u00e8s technologique, de notre confort et de notre bien-\u00eatre collectifs ? Les rapports de force et les tensions urbaines n\u2019ont-ils d\u2019autre d\u00e9bouch\u00e9 que la violence ? L\u2019auteur ne le pense pas. Se fondant ou s\u2019hybridant \u00e0 partir des notions de communs urbains, de l\u2019innovation sociale, des mouvements de revendication de nouveaux droits \u00e0 la ville, du d\u00e9veloppement de l\u2019\u00e9conomie sociale et solidaire et de l\u2019\u00e9conomie circulaire, de l\u2019apparition de nouvelles temporalit\u00e9s urbaines, de l\u2019affirmation de nouvelles formes de municipalisme et d\u2019organisation politique, tout cela \u00e0 diff\u00e9rentes \u00e9chelles territoriales, l\u2019alterm\u00e9tropolisation permet de constater qu\u2019une autre ville est possible, dans sa fabrication, dans sa production, dans son utilisation.<\/p>\n\n\n\n<p>Apr\u00e8s avoir d\u00e9construit et critiqu\u00e9 le processus d\u2019urbanisation contemporain largement majoritaire (la m\u00e9tropolisation), cet ouvrage prouve la non-in\u00e9luctabilit\u00e9 d\u2019un seul mod\u00e8le urbain, fond\u00e9 principalement sur la comp\u00e9titivit\u00e9 et les relations marchandes, et affirme, paradoxalement, une certaine vitalit\u00e9 politique que beaucoup d\u2019experts pensaient r\u00e9volue. Alors que le d\u00e9clin de la d\u00e9mocratie de nos soci\u00e9t\u00e9s occidentales est en effet constat\u00e9 et d\u00e9crit avec crainte, l\u2019alterm\u00e9tropolisation participe d\u2019une repolitisation de la cit\u00e9. En d\u00e9passant une vision principalement utilitariste et marchande de la ville et de l\u2019innovation, Alexandre Grondeau nous propose de repenser le fonctionnement urbain en redonnant un poids important \u00e0 ses dimensions \u00e9thique, politique, sociale, culturelle, historique, \u00e9cologique\u2026<br><br><strong>Alexandre Grondeau est docteur en g\u00e9ographie, am\u00e9nagement et urbanisme, ma\u00eetre de conf\u00e9rences, habilit\u00e9 \u00e0 diriger les recherches, au laboratoire TELEMMe d\u2019Aix-Marseille Universit\u00e9. Il est l\u2019organisateur des colloques \u00ab&nbsp;Une autre mani\u00e8re de fabriquer la ville&nbsp;\u00bb, le fondateur de l\u2019Observatoire du d\u00e9veloppement local PACA et le coauteur de l\u2019ouvrage <em>G\u00e9ographie urbaine<\/em>, r\u00e9\u00e9dit\u00e9 chez Hachette Sup\u00e9rieur en 2020.<\/strong><\/p>\n","protected":false},"excerpt":{"rendered":"<p>Alterm\u00e9tropolisation, une autre vi(ll)e est possible, Alexandre Grondeau, \u00e9ditions La lune sur le toit, collection Hic et Nunc, 2022 L\u2019ub\u00e9risation et la marchandisation de notre soci\u00e9t\u00e9 et de nos villes&hellip;&nbsp;<a href=\"https:\/\/telemme.mmsh.fr\/?p=11056\" rel=\"bookmark\">Lire la suite &raquo;<span class=\"screen-reader-text\">Alterm\u00e9tropolisation, une autre vi(ll)e est possible<\/span><\/a><\/p>\n","protected":false},"author":6,"featured_media":11057,"comment_status":"closed","ping_status":"closed","sticky":false,"template":"","format":"standard","meta":{"neve_meta_sidebar":"","neve_meta_container":"","neve_meta_enable_content_width":"off","neve_meta_content_width":70,"neve_meta_title_alignment":"","neve_meta_author_avatar":"","neve_post_elements_order":"","neve_meta_disable_header":"","neve_meta_disable_footer":"","neve_meta_disable_title":"","_tribe_events_control_status":"","_tribe_events_control_status_canceled_reason":"","_tribe_events_control_status_postponed_reason":"","_tribe_events_control_online":"","_tribe_events_control_online_url":"","footnotes":""},"categories":[1740],"tags":[],"class_list":["post-11056","post","type-post","status-publish","format-standard","has-post-thumbnail","hentry","category-ouvrages"],"yoast_head":"<!-- This site is optimized with the Yoast SEO plugin v27.4 - https:\/\/yoast.com\/product\/yoast-seo-wordpress\/ -->\n<title>Alterm\u00e9tropolisation, une autre vi(ll)e est possible - TELEMMe - Temps, espaces, langages, Europe m\u00e9ridionale, M\u00e9diterran\u00e9e<\/title>\n<meta name=\"description\" content=\"L\u2019ub\u00e9risation et la marchandisation de notre soci\u00e9t\u00e9 et de nos villes sont-elles in\u00e9vitables ? Les in\u00e9galit\u00e9s, les d\u00e9s\u00e9conomies, les pollutions, les ins\u00e9curit\u00e9s, les discriminations urbaines sont-elles des fatalit\u00e9s ind\u00e9passables ? La comp\u00e9titivit\u00e9 et l\u2019attractivit\u00e9 sont-elles le seul horizon du d\u00e9veloppement m\u00e9tropolitain ? La ghetto\u00efsation et le communautarisme sont-ils indissociables des politiques de la ville ? La s\u00e9gr\u00e9gation et la fragmentation sociales sont-elles le prix \u00e0 payer du progr\u00e8s technologique, de notre confort et de notre bien-\u00eatre collectifs ? Les rapports de force et les tensions urbaines n\u2019ont-ils d\u2019autre d\u00e9bouch\u00e9 que la violence ? L\u2019auteur ne le pense pas.\" \/>\n<meta name=\"robots\" content=\"index, follow, max-snippet:-1, max-image-preview:large, max-video-preview:-1\" \/>\n<link rel=\"canonical\" href=\"https:\/\/telemme.mmsh.fr\/?p=11056\" \/>\n<meta property=\"og:locale\" content=\"fr_FR\" \/>\n<meta property=\"og:type\" content=\"article\" \/>\n<meta property=\"og:title\" content=\"Alterm\u00e9tropolisation, une autre vi(ll)e est possible - TELEMMe - Temps, espaces, langages, Europe m\u00e9ridionale, M\u00e9diterran\u00e9e\" \/>\n<meta property=\"og:description\" content=\"L\u2019ub\u00e9risation et la marchandisation de notre soci\u00e9t\u00e9 et de nos villes sont-elles in\u00e9vitables ? Les in\u00e9galit\u00e9s, les d\u00e9s\u00e9conomies, les pollutions, les ins\u00e9curit\u00e9s, les discriminations urbaines sont-elles des fatalit\u00e9s ind\u00e9passables ? La comp\u00e9titivit\u00e9 et l\u2019attractivit\u00e9 sont-elles le seul horizon du d\u00e9veloppement m\u00e9tropolitain ? La ghetto\u00efsation et le communautarisme sont-ils indissociables des politiques de la ville ? La s\u00e9gr\u00e9gation et la fragmentation sociales sont-elles le prix \u00e0 payer du progr\u00e8s technologique, de notre confort et de notre bien-\u00eatre collectifs ? Les rapports de force et les tensions urbaines n\u2019ont-ils d\u2019autre d\u00e9bouch\u00e9 que la violence ? L\u2019auteur ne le pense pas.\" \/>\n<meta property=\"og:url\" content=\"https:\/\/telemme.mmsh.fr\/?p=11056\" \/>\n<meta property=\"og:site_name\" content=\"TELEMMe - Temps, espaces, langages, Europe m\u00e9ridionale, M\u00e9diterran\u00e9e\" \/>\n<meta property=\"article:published_time\" content=\"2022-04-29T09:34:18+00:00\" \/>\n<meta property=\"article:modified_time\" content=\"2022-04-29T09:34:20+00:00\" \/>\n<meta property=\"og:image\" content=\"https:\/\/telemme.mmsh.fr\/wp-content\/uploads\/2022\/04\/pre-commande-altermetropolisation-un-autre-ville-est-possible.jpg\" \/>\n\t<meta property=\"og:image:width\" content=\"800\" \/>\n\t<meta property=\"og:image:height\" content=\"800\" \/>\n\t<meta property=\"og:image:type\" content=\"image\/jpeg\" \/>\n<meta name=\"author\" content=\"Delphine Cavallo\" \/>\n<meta name=\"twitter:card\" content=\"summary_large_image\" \/>\n<meta name=\"twitter:label1\" content=\"\u00c9crit par\" \/>\n\t<meta name=\"twitter:data1\" content=\"Delphine Cavallo\" \/>\n\t<meta name=\"twitter:label2\" content=\"Dur\u00e9e de lecture estim\u00e9e\" \/>\n\t<meta name=\"twitter:data2\" content=\"2 minutes\" \/>\n<script type=\"application\/ld+json\" class=\"yoast-schema-graph\">{\"@context\":\"https:\\\/\\\/schema.org\",\"@graph\":[{\"@type\":\"Article\",\"@id\":\"https:\\\/\\\/telemme.mmsh.fr\\\/?p=11056#article\",\"isPartOf\":{\"@id\":\"https:\\\/\\\/telemme.mmsh.fr\\\/?p=11056\"},\"author\":{\"name\":\"Delphine Cavallo\",\"@id\":\"https:\\\/\\\/telemme.mmsh.fr\\\/#\\\/schema\\\/person\\\/86a185da4836381586528ced48e263f5\"},\"headline\":\"Alterm\u00e9tropolisation, une autre vi(ll)e est possible\",\"datePublished\":\"2022-04-29T09:34:18+00:00\",\"dateModified\":\"2022-04-29T09:34:20+00:00\",\"mainEntityOfPage\":{\"@id\":\"https:\\\/\\\/telemme.mmsh.fr\\\/?p=11056\"},\"wordCount\":425,\"publisher\":{\"@id\":\"https:\\\/\\\/telemme.mmsh.fr\\\/#organization\"},\"image\":{\"@id\":\"https:\\\/\\\/telemme.mmsh.fr\\\/?p=11056#primaryimage\"},\"thumbnailUrl\":\"https:\\\/\\\/telemme.mmsh.fr\\\/wp-content\\\/uploads\\\/2022\\\/04\\\/pre-commande-altermetropolisation-un-autre-ville-est-possible.jpg\",\"articleSection\":[\"Ouvrages\"],\"inLanguage\":\"fr-FR\"},{\"@type\":\"WebPage\",\"@id\":\"https:\\\/\\\/telemme.mmsh.fr\\\/?p=11056\",\"url\":\"https:\\\/\\\/telemme.mmsh.fr\\\/?p=11056\",\"name\":\"Alterm\u00e9tropolisation, une autre vi(ll)e est possible - TELEMMe - Temps, espaces, langages, Europe m\u00e9ridionale, M\u00e9diterran\u00e9e\",\"isPartOf\":{\"@id\":\"https:\\\/\\\/telemme.mmsh.fr\\\/#website\"},\"primaryImageOfPage\":{\"@id\":\"https:\\\/\\\/telemme.mmsh.fr\\\/?p=11056#primaryimage\"},\"image\":{\"@id\":\"https:\\\/\\\/telemme.mmsh.fr\\\/?p=11056#primaryimage\"},\"thumbnailUrl\":\"https:\\\/\\\/telemme.mmsh.fr\\\/wp-content\\\/uploads\\\/2022\\\/04\\\/pre-commande-altermetropolisation-un-autre-ville-est-possible.jpg\",\"datePublished\":\"2022-04-29T09:34:18+00:00\",\"dateModified\":\"2022-04-29T09:34:20+00:00\",\"description\":\"L\u2019ub\u00e9risation et la marchandisation de notre soci\u00e9t\u00e9 et de nos villes sont-elles in\u00e9vitables ? Les in\u00e9galit\u00e9s, les d\u00e9s\u00e9conomies, les pollutions, les ins\u00e9curit\u00e9s, les discriminations urbaines sont-elles des fatalit\u00e9s ind\u00e9passables ? La comp\u00e9titivit\u00e9 et l\u2019attractivit\u00e9 sont-elles le seul horizon du d\u00e9veloppement m\u00e9tropolitain ? La ghetto\u00efsation et le communautarisme sont-ils indissociables des politiques de la ville ? La s\u00e9gr\u00e9gation et la fragmentation sociales sont-elles le prix \u00e0 payer du progr\u00e8s technologique, de notre confort et de notre bien-\u00eatre collectifs ? Les rapports de force et les tensions urbaines n\u2019ont-ils d\u2019autre d\u00e9bouch\u00e9 que la violence ? L\u2019auteur ne le pense pas.\",\"breadcrumb\":{\"@id\":\"https:\\\/\\\/telemme.mmsh.fr\\\/?p=11056#breadcrumb\"},\"inLanguage\":\"fr-FR\",\"potentialAction\":[{\"@type\":\"ReadAction\",\"target\":[\"https:\\\/\\\/telemme.mmsh.fr\\\/?p=11056\"]}]},{\"@type\":\"ImageObject\",\"inLanguage\":\"fr-FR\",\"@id\":\"https:\\\/\\\/telemme.mmsh.fr\\\/?p=11056#primaryimage\",\"url\":\"https:\\\/\\\/telemme.mmsh.fr\\\/wp-content\\\/uploads\\\/2022\\\/04\\\/pre-commande-altermetropolisation-un-autre-ville-est-possible.jpg\",\"contentUrl\":\"https:\\\/\\\/telemme.mmsh.fr\\\/wp-content\\\/uploads\\\/2022\\\/04\\\/pre-commande-altermetropolisation-un-autre-ville-est-possible.jpg\",\"width\":800,\"height\":800,\"caption\":\"Couverture de Alterm\u00e9tropolisation, une autre vi(ll)e est possible, Alexandre Grondeau, \u00e9ditions La lune sur le toit\"},{\"@type\":\"BreadcrumbList\",\"@id\":\"https:\\\/\\\/telemme.mmsh.fr\\\/?p=11056#breadcrumb\",\"itemListElement\":[{\"@type\":\"ListItem\",\"position\":1,\"name\":\"Accueil\",\"item\":\"https:\\\/\\\/telemme.mmsh.fr\\\/\"},{\"@type\":\"ListItem\",\"position\":2,\"name\":\"Publications\",\"item\":\"https:\\\/\\\/telemme.mmsh.fr\\\/?cat=1738\"},{\"@type\":\"ListItem\",\"position\":3,\"name\":\"Ouvrages\",\"item\":\"https:\\\/\\\/telemme.mmsh.fr\\\/?cat=1740\"},{\"@type\":\"ListItem\",\"position\":4,\"name\":\"Alterm\u00e9tropolisation, une autre vi(ll)e est possible\"}]},{\"@type\":\"WebSite\",\"@id\":\"https:\\\/\\\/telemme.mmsh.fr\\\/#website\",\"url\":\"https:\\\/\\\/telemme.mmsh.fr\\\/\",\"name\":\"TELEMMe - Temps, espaces, langages, Europe m\u00e9ridionale, M\u00e9diterran\u00e9e\",\"description\":\"\",\"publisher\":{\"@id\":\"https:\\\/\\\/telemme.mmsh.fr\\\/#organization\"},\"potentialAction\":[{\"@type\":\"SearchAction\",\"target\":{\"@type\":\"EntryPoint\",\"urlTemplate\":\"https:\\\/\\\/telemme.mmsh.fr\\\/?s={search_term_string}\"},\"query-input\":{\"@type\":\"PropertyValueSpecification\",\"valueRequired\":true,\"valueName\":\"search_term_string\"}}],\"inLanguage\":\"fr-FR\"},{\"@type\":\"Organization\",\"@id\":\"https:\\\/\\\/telemme.mmsh.fr\\\/#organization\",\"name\":\"TELEMMe\",\"url\":\"https:\\\/\\\/telemme.mmsh.fr\\\/\",\"logo\":{\"@type\":\"ImageObject\",\"inLanguage\":\"fr-FR\",\"@id\":\"https:\\\/\\\/telemme.mmsh.fr\\\/#\\\/schema\\\/logo\\\/image\\\/\",\"url\":\"https:\\\/\\\/telemme.mmsh.fr\\\/wp-content\\\/uploads\\\/2020\\\/03\\\/LogoTELEMMe-horizontal-fond-transparent.png\",\"contentUrl\":\"https:\\\/\\\/telemme.mmsh.fr\\\/wp-content\\\/uploads\\\/2020\\\/03\\\/LogoTELEMMe-horizontal-fond-transparent.png\",\"width\":1500,\"height\":437,\"caption\":\"TELEMMe\"},\"image\":{\"@id\":\"https:\\\/\\\/telemme.mmsh.fr\\\/#\\\/schema\\\/logo\\\/image\\\/\"}},{\"@type\":\"Person\",\"@id\":\"https:\\\/\\\/telemme.mmsh.fr\\\/#\\\/schema\\\/person\\\/86a185da4836381586528ced48e263f5\",\"name\":\"Delphine Cavallo\",\"url\":\"https:\\\/\\\/telemme.mmsh.fr\\\/?author=6\"}]}<\/script>\n<!-- \/ Yoast SEO plugin. -->","yoast_head_json":{"title":"Alterm\u00e9tropolisation, une autre vi(ll)e est possible - TELEMMe - Temps, espaces, langages, Europe m\u00e9ridionale, M\u00e9diterran\u00e9e","description":"L\u2019ub\u00e9risation et la marchandisation de notre soci\u00e9t\u00e9 et de nos villes sont-elles in\u00e9vitables ? Les in\u00e9galit\u00e9s, les d\u00e9s\u00e9conomies, les pollutions, les ins\u00e9curit\u00e9s, les discriminations urbaines sont-elles des fatalit\u00e9s ind\u00e9passables ? La comp\u00e9titivit\u00e9 et l\u2019attractivit\u00e9 sont-elles le seul horizon du d\u00e9veloppement m\u00e9tropolitain ? La ghetto\u00efsation et le communautarisme sont-ils indissociables des politiques de la ville ? La s\u00e9gr\u00e9gation et la fragmentation sociales sont-elles le prix \u00e0 payer du progr\u00e8s technologique, de notre confort et de notre bien-\u00eatre collectifs ? Les rapports de force et les tensions urbaines n\u2019ont-ils d\u2019autre d\u00e9bouch\u00e9 que la violence ? L\u2019auteur ne le pense pas.","robots":{"index":"index","follow":"follow","max-snippet":"max-snippet:-1","max-image-preview":"max-image-preview:large","max-video-preview":"max-video-preview:-1"},"canonical":"https:\/\/telemme.mmsh.fr\/?p=11056","og_locale":"fr_FR","og_type":"article","og_title":"Alterm\u00e9tropolisation, une autre vi(ll)e est possible - TELEMMe - Temps, espaces, langages, Europe m\u00e9ridionale, M\u00e9diterran\u00e9e","og_description":"L\u2019ub\u00e9risation et la marchandisation de notre soci\u00e9t\u00e9 et de nos villes sont-elles in\u00e9vitables ? Les in\u00e9galit\u00e9s, les d\u00e9s\u00e9conomies, les pollutions, les ins\u00e9curit\u00e9s, les discriminations urbaines sont-elles des fatalit\u00e9s ind\u00e9passables ? La comp\u00e9titivit\u00e9 et l\u2019attractivit\u00e9 sont-elles le seul horizon du d\u00e9veloppement m\u00e9tropolitain ? La ghetto\u00efsation et le communautarisme sont-ils indissociables des politiques de la ville ? La s\u00e9gr\u00e9gation et la fragmentation sociales sont-elles le prix \u00e0 payer du progr\u00e8s technologique, de notre confort et de notre bien-\u00eatre collectifs ? Les rapports de force et les tensions urbaines n\u2019ont-ils d\u2019autre d\u00e9bouch\u00e9 que la violence ? L\u2019auteur ne le pense pas.","og_url":"https:\/\/telemme.mmsh.fr\/?p=11056","og_site_name":"TELEMMe - Temps, espaces, langages, Europe m\u00e9ridionale, M\u00e9diterran\u00e9e","article_published_time":"2022-04-29T09:34:18+00:00","article_modified_time":"2022-04-29T09:34:20+00:00","og_image":[{"width":800,"height":800,"url":"https:\/\/telemme.mmsh.fr\/wp-content\/uploads\/2022\/04\/pre-commande-altermetropolisation-un-autre-ville-est-possible.jpg","type":"image\/jpeg"}],"author":"Delphine Cavallo","twitter_card":"summary_large_image","twitter_misc":{"\u00c9crit par":"Delphine Cavallo","Dur\u00e9e de lecture estim\u00e9e":"2 minutes"},"schema":{"@context":"https:\/\/schema.org","@graph":[{"@type":"Article","@id":"https:\/\/telemme.mmsh.fr\/?p=11056#article","isPartOf":{"@id":"https:\/\/telemme.mmsh.fr\/?p=11056"},"author":{"name":"Delphine Cavallo","@id":"https:\/\/telemme.mmsh.fr\/#\/schema\/person\/86a185da4836381586528ced48e263f5"},"headline":"Alterm\u00e9tropolisation, une autre vi(ll)e est possible","datePublished":"2022-04-29T09:34:18+00:00","dateModified":"2022-04-29T09:34:20+00:00","mainEntityOfPage":{"@id":"https:\/\/telemme.mmsh.fr\/?p=11056"},"wordCount":425,"publisher":{"@id":"https:\/\/telemme.mmsh.fr\/#organization"},"image":{"@id":"https:\/\/telemme.mmsh.fr\/?p=11056#primaryimage"},"thumbnailUrl":"https:\/\/telemme.mmsh.fr\/wp-content\/uploads\/2022\/04\/pre-commande-altermetropolisation-un-autre-ville-est-possible.jpg","articleSection":["Ouvrages"],"inLanguage":"fr-FR"},{"@type":"WebPage","@id":"https:\/\/telemme.mmsh.fr\/?p=11056","url":"https:\/\/telemme.mmsh.fr\/?p=11056","name":"Alterm\u00e9tropolisation, une autre vi(ll)e est possible - TELEMMe - Temps, espaces, langages, Europe m\u00e9ridionale, M\u00e9diterran\u00e9e","isPartOf":{"@id":"https:\/\/telemme.mmsh.fr\/#website"},"primaryImageOfPage":{"@id":"https:\/\/telemme.mmsh.fr\/?p=11056#primaryimage"},"image":{"@id":"https:\/\/telemme.mmsh.fr\/?p=11056#primaryimage"},"thumbnailUrl":"https:\/\/telemme.mmsh.fr\/wp-content\/uploads\/2022\/04\/pre-commande-altermetropolisation-un-autre-ville-est-possible.jpg","datePublished":"2022-04-29T09:34:18+00:00","dateModified":"2022-04-29T09:34:20+00:00","description":"L\u2019ub\u00e9risation et la marchandisation de notre soci\u00e9t\u00e9 et de nos villes sont-elles in\u00e9vitables ? Les in\u00e9galit\u00e9s, les d\u00e9s\u00e9conomies, les pollutions, les ins\u00e9curit\u00e9s, les discriminations urbaines sont-elles des fatalit\u00e9s ind\u00e9passables ? La comp\u00e9titivit\u00e9 et l\u2019attractivit\u00e9 sont-elles le seul horizon du d\u00e9veloppement m\u00e9tropolitain ? La ghetto\u00efsation et le communautarisme sont-ils indissociables des politiques de la ville ? La s\u00e9gr\u00e9gation et la fragmentation sociales sont-elles le prix \u00e0 payer du progr\u00e8s technologique, de notre confort et de notre bien-\u00eatre collectifs ? Les rapports de force et les tensions urbaines n\u2019ont-ils d\u2019autre d\u00e9bouch\u00e9 que la violence ? L\u2019auteur ne le pense pas.","breadcrumb":{"@id":"https:\/\/telemme.mmsh.fr\/?p=11056#breadcrumb"},"inLanguage":"fr-FR","potentialAction":[{"@type":"ReadAction","target":["https:\/\/telemme.mmsh.fr\/?p=11056"]}]},{"@type":"ImageObject","inLanguage":"fr-FR","@id":"https:\/\/telemme.mmsh.fr\/?p=11056#primaryimage","url":"https:\/\/telemme.mmsh.fr\/wp-content\/uploads\/2022\/04\/pre-commande-altermetropolisation-un-autre-ville-est-possible.jpg","contentUrl":"https:\/\/telemme.mmsh.fr\/wp-content\/uploads\/2022\/04\/pre-commande-altermetropolisation-un-autre-ville-est-possible.jpg","width":800,"height":800,"caption":"Couverture de Alterm\u00e9tropolisation, une autre vi(ll)e est possible, Alexandre Grondeau, \u00e9ditions La lune sur le toit"},{"@type":"BreadcrumbList","@id":"https:\/\/telemme.mmsh.fr\/?p=11056#breadcrumb","itemListElement":[{"@type":"ListItem","position":1,"name":"Accueil","item":"https:\/\/telemme.mmsh.fr\/"},{"@type":"ListItem","position":2,"name":"Publications","item":"https:\/\/telemme.mmsh.fr\/?cat=1738"},{"@type":"ListItem","position":3,"name":"Ouvrages","item":"https:\/\/telemme.mmsh.fr\/?cat=1740"},{"@type":"ListItem","position":4,"name":"Alterm\u00e9tropolisation, une autre vi(ll)e est possible"}]},{"@type":"WebSite","@id":"https:\/\/telemme.mmsh.fr\/#website","url":"https:\/\/telemme.mmsh.fr\/","name":"TELEMMe - Temps, espaces, langages, Europe m\u00e9ridionale, M\u00e9diterran\u00e9e","description":"","publisher":{"@id":"https:\/\/telemme.mmsh.fr\/#organization"},"potentialAction":[{"@type":"SearchAction","target":{"@type":"EntryPoint","urlTemplate":"https:\/\/telemme.mmsh.fr\/?s={search_term_string}"},"query-input":{"@type":"PropertyValueSpecification","valueRequired":true,"valueName":"search_term_string"}}],"inLanguage":"fr-FR"},{"@type":"Organization","@id":"https:\/\/telemme.mmsh.fr\/#organization","name":"TELEMMe","url":"https:\/\/telemme.mmsh.fr\/","logo":{"@type":"ImageObject","inLanguage":"fr-FR","@id":"https:\/\/telemme.mmsh.fr\/#\/schema\/logo\/image\/","url":"https:\/\/telemme.mmsh.fr\/wp-content\/uploads\/2020\/03\/LogoTELEMMe-horizontal-fond-transparent.png","contentUrl":"https:\/\/telemme.mmsh.fr\/wp-content\/uploads\/2020\/03\/LogoTELEMMe-horizontal-fond-transparent.png","width":1500,"height":437,"caption":"TELEMMe"},"image":{"@id":"https:\/\/telemme.mmsh.fr\/#\/schema\/logo\/image\/"}},{"@type":"Person","@id":"https:\/\/telemme.mmsh.fr\/#\/schema\/person\/86a185da4836381586528ced48e263f5","name":"Delphine Cavallo","url":"https:\/\/telemme.mmsh.fr\/?author=6"}]}},"_links":{"self":[{"href":"https:\/\/telemme.mmsh.fr\/index.php?rest_route=\/wp\/v2\/posts\/11056","targetHints":{"allow":["GET"]}}],"collection":[{"href":"https:\/\/telemme.mmsh.fr\/index.php?rest_route=\/wp\/v2\/posts"}],"about":[{"href":"https:\/\/telemme.mmsh.fr\/index.php?rest_route=\/wp\/v2\/types\/post"}],"author":[{"embeddable":true,"href":"https:\/\/telemme.mmsh.fr\/index.php?rest_route=\/wp\/v2\/users\/6"}],"replies":[{"embeddable":true,"href":"https:\/\/telemme.mmsh.fr\/index.php?rest_route=%2Fwp%2Fv2%2Fcomments&post=11056"}],"version-history":[{"count":2,"href":"https:\/\/telemme.mmsh.fr\/index.php?rest_route=\/wp\/v2\/posts\/11056\/revisions"}],"predecessor-version":[{"id":11059,"href":"https:\/\/telemme.mmsh.fr\/index.php?rest_route=\/wp\/v2\/posts\/11056\/revisions\/11059"}],"wp:featuredmedia":[{"embeddable":true,"href":"https:\/\/telemme.mmsh.fr\/index.php?rest_route=\/wp\/v2\/media\/11057"}],"wp:attachment":[{"href":"https:\/\/telemme.mmsh.fr\/index.php?rest_route=%2Fwp%2Fv2%2Fmedia&parent=11056"}],"wp:term":[{"taxonomy":"category","embeddable":true,"href":"https:\/\/telemme.mmsh.fr\/index.php?rest_route=%2Fwp%2Fv2%2Fcategories&post=11056"},{"taxonomy":"post_tag","embeddable":true,"href":"https:\/\/telemme.mmsh.fr\/index.php?rest_route=%2Fwp%2Fv2%2Ftags&post=11056"}],"curies":[{"name":"wp","href":"https:\/\/api.w.org\/{rel}","templated":true}]}}