{"id":10989,"date":"2022-04-07T11:19:26","date_gmt":"2022-04-07T09:19:26","guid":{"rendered":"https:\/\/telemme.mmsh.fr\/?p=10989"},"modified":"2022-04-07T11:19:28","modified_gmt":"2022-04-07T09:19:28","slug":"rue-dalger-art-memoire-espace-public","status":"publish","type":"post","link":"https:\/\/telemme.mmsh.fr\/?p=10989","title":{"rendered":"Rue d\u2019Alger : Art, m\u00e9moire, espace public"},"content":{"rendered":"\n<blockquote class=\"wp-block-quote is-layout-flow wp-block-quote-is-layout-flow\"><p><strong><em><a href=\"https:\/\/www.editions-mf.com\/produit\/114\/9782378040499\/rue-d-alger\">Rue d\u2019Alger : Art, m\u00e9moire, espace public<\/a><\/em>\u00a0<\/strong>, sous la direction  de Pierre Sint\u00e8s, \u00e9ditions MF, avril 2022, 304 pages<\/p><\/blockquote>\n\n\n\n<p>En M\u00e9diterran\u00e9e comme ailleurs, les soci\u00e9t\u00e9s portent les traces des matrices politiques et identitaires produites par leur pass\u00e9. C\u2019est ainsi que, discr\u00e8tes ou flagrantes, les m\u00e9moires de p\u00e9riodes aujourd\u2019hui r\u00e9volues telles que la colonisation ou les r\u00e9gimes autoritaires perdurent dans les paysages comme dans les imaginaires des villes d\u2019aujourd\u2019hui. Quels est le sens de la permanence de ces m\u00e9moires dissensuelles dans l\u2019espace public ? Quels sont leurs effets de long terme sur les soci\u00e9t\u00e9s ? Depuis plusieurs d\u00e9cennies d\u00e9j\u00e0, de nombreux acteurs (militants, artistes, chercheurs) ont entrepris de d\u00e9montrer que les rapports in\u00e9gaux du pr\u00e9sent peuvent \u00eatre \u00e9clair\u00e9s \u00e0 la lumi\u00e8re de l\u2019histoire et de ses traces dans le pr\u00e9sent. Pour certains, cette reconnaissance est devenue indispensable pour que soient construites des lectures plus apais\u00e9es du pass\u00e9 et qu\u2019adviennent des soci\u00e9t\u00e9s plus respectueuses de la place de chacun. En ce d\u00e9but de XXIe si\u00e8cle, les exemples se r\u00e9pondent aux quatre coins du monde pour que soient reconnues les souffrances du pass\u00e9 comme les in\u00e9galit\u00e9s du pr\u00e9sent. Qu\u2019ils inqui\u00e8tent (s\u00e9paratisme), amusent (folklore) ou convainquent (progressisme), ces mouvements, souvent regroup\u00e9s sous le terme de post- ou d\u00e9-coloniaux, m\u00e9ritent d\u2019\u00eatre \u00e9valu\u00e9s afin de comprendre les m\u00e9canismes contemporains d\u2019appropriation du pass\u00e9 et de son patrimoine, ainsi que la puissance du r\u00f4le qu\u2019ils jouent dans la formation ou la contestation des espaces publics. <\/p>\n\n\n\n<p>Ce mouvement, qui associe justice m\u00e9morielle et activisme, \u00e9tait au c\u0153ur des \u0153uvres des artistes regroup\u00e9es pour l\u2019exposition\u00a0<i>Rue d\u2019Alger,<\/i>\u00a0tenue \u00e0 Marseille en octobre 2020 lors de la biennale d\u2019art contemporain Manifesta 13. Accompagnant cet \u00e9v\u00e9nement, un ensemble de rencontres et de d\u00e9bats se sont tenus dont cet ouvrage vise \u00e0 rendre compte. La vingtaine de contributions qui en r\u00e9sulte permet d\u2019aborder la demande croissante de justice m\u00e9morielle aujourd\u2019hui formul\u00e9e par de nombreux acteurs, dans des \u00c9tats-nations contemporains qui s\u2019enferment souvent dans m\u00e9pris des particularit\u00e9s et le d\u00e9ni des oppressions du pass\u00e9.<\/p>\n\n\n\n<p>L\u2019ouvrage&nbsp;<i>Rue d\u2019Alger : Art, m\u00e9moire, espace public<\/i>&nbsp;est \u00e9dit\u00e9 sous la direction scientifique de Pierre Sint\u00e8s, ma\u00eetre de conf\u00e9rences HDR en g\u00e9ographie \u00e0 Aix-Marseille universit\u00e9, membre du laboratoire TELEMMe de la Maison m\u00e9diterran\u00e9enne des sciences de l\u2019homme et sp\u00e9cialiste des relations entre territoire, identit\u00e9, m\u00e9moire et soci\u00e9t\u00e9 dans l\u2019espace m\u00e9diterran\u00e9en.<\/p>\n","protected":false},"excerpt":{"rendered":"<p>Rue d\u2019Alger : Art, m\u00e9moire, espace public\u00a0, sous la direction de Pierre Sint\u00e8s, \u00e9ditions MF, avril 2022, 304 pages En M\u00e9diterran\u00e9e comme ailleurs, les soci\u00e9t\u00e9s portent les traces des matrices&hellip;&nbsp;<a href=\"https:\/\/telemme.mmsh.fr\/?p=10989\" rel=\"bookmark\">Lire la suite &raquo;<span class=\"screen-reader-text\">Rue d\u2019Alger : Art, m\u00e9moire, espace public<\/span><\/a><\/p>\n","protected":false},"author":6,"featured_media":10995,"comment_status":"closed","ping_status":"closed","sticky":false,"template":"","format":"standard","meta":{"neve_meta_sidebar":"","neve_meta_container":"","neve_meta_enable_content_width":"off","neve_meta_content_width":70,"neve_meta_title_alignment":"","neve_meta_author_avatar":"","neve_post_elements_order":"","neve_meta_disable_header":"","neve_meta_disable_footer":"","neve_meta_disable_title":"","_tribe_events_control_status":"","_tribe_events_control_status_canceled_reason":"","_tribe_events_control_status_postponed_reason":"","_tribe_events_control_online":"","_tribe_events_control_online_url":"","footnotes":""},"categories":[1742],"tags":[2039],"class_list":["post-10989","post","type-post","status-publish","format-standard","has-post-thumbnail","hentry","category-dir-ouvrage","tag-rue-dalger"],"yoast_head":"<!-- This site is optimized with the Yoast SEO plugin v27.4 - https:\/\/yoast.com\/product\/yoast-seo-wordpress\/ -->\n<title>Rue d\u2019Alger : Art, m\u00e9moire, espace public - TELEMMe - Temps, espaces, langages, Europe m\u00e9ridionale, M\u00e9diterran\u00e9e<\/title>\n<meta name=\"robots\" content=\"index, follow, max-snippet:-1, max-image-preview:large, max-video-preview:-1\" \/>\n<link rel=\"canonical\" href=\"https:\/\/telemme.mmsh.fr\/?p=10989\" \/>\n<meta property=\"og:locale\" content=\"fr_FR\" \/>\n<meta property=\"og:type\" content=\"article\" \/>\n<meta property=\"og:title\" content=\"Rue d\u2019Alger : Art, m\u00e9moire, espace public - TELEMMe - Temps, espaces, langages, Europe m\u00e9ridionale, M\u00e9diterran\u00e9e\" \/>\n<meta property=\"og:description\" content=\"Rue d\u2019Alger : Art, m\u00e9moire, espace public\u00a0, sous la direction de Pierre Sint\u00e8s, \u00e9ditions MF, avril 2022, 304 pages En M\u00e9diterran\u00e9e comme ailleurs, les soci\u00e9t\u00e9s portent les traces des matrices&hellip;&nbsp;Lire la suite &raquo;Rue d\u2019Alger : Art, m\u00e9moire, espace public\" \/>\n<meta property=\"og:url\" content=\"https:\/\/telemme.mmsh.fr\/?p=10989\" \/>\n<meta property=\"og:site_name\" content=\"TELEMMe - Temps, espaces, langages, Europe m\u00e9ridionale, M\u00e9diterran\u00e9e\" \/>\n<meta property=\"article:published_time\" content=\"2022-04-07T09:19:26+00:00\" \/>\n<meta property=\"article:modified_time\" content=\"2022-04-07T09:19:28+00:00\" \/>\n<meta property=\"og:image\" content=\"https:\/\/telemme.mmsh.fr\/wp-content\/uploads\/2022\/04\/MF-RuedAlger-AMEP.132420-1.jpg\" \/>\n\t<meta property=\"og:image:width\" content=\"300\" \/>\n\t<meta property=\"og:image:height\" content=\"441\" \/>\n\t<meta property=\"og:image:type\" content=\"image\/jpeg\" \/>\n<meta name=\"author\" content=\"Delphine Cavallo\" \/>\n<meta name=\"twitter:card\" content=\"summary_large_image\" \/>\n<meta name=\"twitter:label1\" content=\"\u00c9crit par\" \/>\n\t<meta name=\"twitter:data1\" content=\"Delphine Cavallo\" \/>\n\t<meta name=\"twitter:label2\" content=\"Dur\u00e9e de lecture estim\u00e9e\" \/>\n\t<meta name=\"twitter:data2\" content=\"2 minutes\" \/>\n<script type=\"application\/ld+json\" class=\"yoast-schema-graph\">{\"@context\":\"https:\\\/\\\/schema.org\",\"@graph\":[{\"@type\":\"Article\",\"@id\":\"https:\\\/\\\/telemme.mmsh.fr\\\/?p=10989#article\",\"isPartOf\":{\"@id\":\"https:\\\/\\\/telemme.mmsh.fr\\\/?p=10989\"},\"author\":{\"name\":\"Delphine Cavallo\",\"@id\":\"https:\\\/\\\/telemme.mmsh.fr\\\/#\\\/schema\\\/person\\\/86a185da4836381586528ced48e263f5\"},\"headline\":\"Rue d\u2019Alger : Art, m\u00e9moire, espace public\",\"datePublished\":\"2022-04-07T09:19:26+00:00\",\"dateModified\":\"2022-04-07T09:19:28+00:00\",\"mainEntityOfPage\":{\"@id\":\"https:\\\/\\\/telemme.mmsh.fr\\\/?p=10989\"},\"wordCount\":463,\"publisher\":{\"@id\":\"https:\\\/\\\/telemme.mmsh.fr\\\/#organization\"},\"image\":{\"@id\":\"https:\\\/\\\/telemme.mmsh.fr\\\/?p=10989#primaryimage\"},\"thumbnailUrl\":\"https:\\\/\\\/telemme.mmsh.fr\\\/wp-content\\\/uploads\\\/2022\\\/04\\\/MF-RuedAlger-AMEP.132420-1.jpg\",\"keywords\":[\"Rue d&#039;Alger\"],\"articleSection\":[\"Directions d'ouvrage\"],\"inLanguage\":\"fr-FR\"},{\"@type\":\"WebPage\",\"@id\":\"https:\\\/\\\/telemme.mmsh.fr\\\/?p=10989\",\"url\":\"https:\\\/\\\/telemme.mmsh.fr\\\/?p=10989\",\"name\":\"Rue d\u2019Alger : Art, m\u00e9moire, espace public - TELEMMe - Temps, espaces, langages, Europe m\u00e9ridionale, M\u00e9diterran\u00e9e\",\"isPartOf\":{\"@id\":\"https:\\\/\\\/telemme.mmsh.fr\\\/#website\"},\"primaryImageOfPage\":{\"@id\":\"https:\\\/\\\/telemme.mmsh.fr\\\/?p=10989#primaryimage\"},\"image\":{\"@id\":\"https:\\\/\\\/telemme.mmsh.fr\\\/?p=10989#primaryimage\"},\"thumbnailUrl\":\"https:\\\/\\\/telemme.mmsh.fr\\\/wp-content\\\/uploads\\\/2022\\\/04\\\/MF-RuedAlger-AMEP.132420-1.jpg\",\"datePublished\":\"2022-04-07T09:19:26+00:00\",\"dateModified\":\"2022-04-07T09:19:28+00:00\",\"breadcrumb\":{\"@id\":\"https:\\\/\\\/telemme.mmsh.fr\\\/?p=10989#breadcrumb\"},\"inLanguage\":\"fr-FR\",\"potentialAction\":[{\"@type\":\"ReadAction\",\"target\":[\"https:\\\/\\\/telemme.mmsh.fr\\\/?p=10989\"]}]},{\"@type\":\"ImageObject\",\"inLanguage\":\"fr-FR\",\"@id\":\"https:\\\/\\\/telemme.mmsh.fr\\\/?p=10989#primaryimage\",\"url\":\"https:\\\/\\\/telemme.mmsh.fr\\\/wp-content\\\/uploads\\\/2022\\\/04\\\/MF-RuedAlger-AMEP.132420-1.jpg\",\"contentUrl\":\"https:\\\/\\\/telemme.mmsh.fr\\\/wp-content\\\/uploads\\\/2022\\\/04\\\/MF-RuedAlger-AMEP.132420-1.jpg\",\"width\":300,\"height\":441,\"caption\":\"Couverture de Rue d\u2019Alger : Art, m\u00e9moire, espace public, sous la direction scientifique de Pierre Sint\u00e8s, MF \u00e9ditions\"},{\"@type\":\"BreadcrumbList\",\"@id\":\"https:\\\/\\\/telemme.mmsh.fr\\\/?p=10989#breadcrumb\",\"itemListElement\":[{\"@type\":\"ListItem\",\"position\":1,\"name\":\"Accueil\",\"item\":\"https:\\\/\\\/telemme.mmsh.fr\\\/\"},{\"@type\":\"ListItem\",\"position\":2,\"name\":\"Publications\",\"item\":\"https:\\\/\\\/telemme.mmsh.fr\\\/?cat=1738\"},{\"@type\":\"ListItem\",\"position\":3,\"name\":\"Directions d'ouvrage\",\"item\":\"https:\\\/\\\/telemme.mmsh.fr\\\/?cat=1742\"},{\"@type\":\"ListItem\",\"position\":4,\"name\":\"Rue d\u2019Alger : Art, m\u00e9moire, espace public\"}]},{\"@type\":\"WebSite\",\"@id\":\"https:\\\/\\\/telemme.mmsh.fr\\\/#website\",\"url\":\"https:\\\/\\\/telemme.mmsh.fr\\\/\",\"name\":\"TELEMMe - Temps, espaces, langages, Europe m\u00e9ridionale, M\u00e9diterran\u00e9e\",\"description\":\"\",\"publisher\":{\"@id\":\"https:\\\/\\\/telemme.mmsh.fr\\\/#organization\"},\"potentialAction\":[{\"@type\":\"SearchAction\",\"target\":{\"@type\":\"EntryPoint\",\"urlTemplate\":\"https:\\\/\\\/telemme.mmsh.fr\\\/?s={search_term_string}\"},\"query-input\":{\"@type\":\"PropertyValueSpecification\",\"valueRequired\":true,\"valueName\":\"search_term_string\"}}],\"inLanguage\":\"fr-FR\"},{\"@type\":\"Organization\",\"@id\":\"https:\\\/\\\/telemme.mmsh.fr\\\/#organization\",\"name\":\"TELEMMe\",\"url\":\"https:\\\/\\\/telemme.mmsh.fr\\\/\",\"logo\":{\"@type\":\"ImageObject\",\"inLanguage\":\"fr-FR\",\"@id\":\"https:\\\/\\\/telemme.mmsh.fr\\\/#\\\/schema\\\/logo\\\/image\\\/\",\"url\":\"https:\\\/\\\/telemme.mmsh.fr\\\/wp-content\\\/uploads\\\/2020\\\/03\\\/LogoTELEMMe-horizontal-fond-transparent.png\",\"contentUrl\":\"https:\\\/\\\/telemme.mmsh.fr\\\/wp-content\\\/uploads\\\/2020\\\/03\\\/LogoTELEMMe-horizontal-fond-transparent.png\",\"width\":1500,\"height\":437,\"caption\":\"TELEMMe\"},\"image\":{\"@id\":\"https:\\\/\\\/telemme.mmsh.fr\\\/#\\\/schema\\\/logo\\\/image\\\/\"}},{\"@type\":\"Person\",\"@id\":\"https:\\\/\\\/telemme.mmsh.fr\\\/#\\\/schema\\\/person\\\/86a185da4836381586528ced48e263f5\",\"name\":\"Delphine Cavallo\",\"url\":\"https:\\\/\\\/telemme.mmsh.fr\\\/?author=6\"}]}<\/script>\n<!-- \/ Yoast SEO plugin. -->","yoast_head_json":{"title":"Rue d\u2019Alger : Art, m\u00e9moire, espace public - TELEMMe - Temps, espaces, langages, Europe m\u00e9ridionale, M\u00e9diterran\u00e9e","robots":{"index":"index","follow":"follow","max-snippet":"max-snippet:-1","max-image-preview":"max-image-preview:large","max-video-preview":"max-video-preview:-1"},"canonical":"https:\/\/telemme.mmsh.fr\/?p=10989","og_locale":"fr_FR","og_type":"article","og_title":"Rue d\u2019Alger : Art, m\u00e9moire, espace public - TELEMMe - Temps, espaces, langages, Europe m\u00e9ridionale, M\u00e9diterran\u00e9e","og_description":"Rue d\u2019Alger : Art, m\u00e9moire, espace public\u00a0, sous la direction de Pierre Sint\u00e8s, \u00e9ditions MF, avril 2022, 304 pages En M\u00e9diterran\u00e9e comme ailleurs, les soci\u00e9t\u00e9s portent les traces des matrices&hellip;&nbsp;Lire la suite &raquo;Rue d\u2019Alger : Art, m\u00e9moire, espace public","og_url":"https:\/\/telemme.mmsh.fr\/?p=10989","og_site_name":"TELEMMe - Temps, espaces, langages, Europe m\u00e9ridionale, M\u00e9diterran\u00e9e","article_published_time":"2022-04-07T09:19:26+00:00","article_modified_time":"2022-04-07T09:19:28+00:00","og_image":[{"width":300,"height":441,"url":"https:\/\/telemme.mmsh.fr\/wp-content\/uploads\/2022\/04\/MF-RuedAlger-AMEP.132420-1.jpg","type":"image\/jpeg"}],"author":"Delphine Cavallo","twitter_card":"summary_large_image","twitter_misc":{"\u00c9crit par":"Delphine Cavallo","Dur\u00e9e de lecture estim\u00e9e":"2 minutes"},"schema":{"@context":"https:\/\/schema.org","@graph":[{"@type":"Article","@id":"https:\/\/telemme.mmsh.fr\/?p=10989#article","isPartOf":{"@id":"https:\/\/telemme.mmsh.fr\/?p=10989"},"author":{"name":"Delphine Cavallo","@id":"https:\/\/telemme.mmsh.fr\/#\/schema\/person\/86a185da4836381586528ced48e263f5"},"headline":"Rue d\u2019Alger : Art, m\u00e9moire, espace public","datePublished":"2022-04-07T09:19:26+00:00","dateModified":"2022-04-07T09:19:28+00:00","mainEntityOfPage":{"@id":"https:\/\/telemme.mmsh.fr\/?p=10989"},"wordCount":463,"publisher":{"@id":"https:\/\/telemme.mmsh.fr\/#organization"},"image":{"@id":"https:\/\/telemme.mmsh.fr\/?p=10989#primaryimage"},"thumbnailUrl":"https:\/\/telemme.mmsh.fr\/wp-content\/uploads\/2022\/04\/MF-RuedAlger-AMEP.132420-1.jpg","keywords":["Rue d&#039;Alger"],"articleSection":["Directions d'ouvrage"],"inLanguage":"fr-FR"},{"@type":"WebPage","@id":"https:\/\/telemme.mmsh.fr\/?p=10989","url":"https:\/\/telemme.mmsh.fr\/?p=10989","name":"Rue d\u2019Alger : Art, m\u00e9moire, espace public - TELEMMe - Temps, espaces, langages, Europe m\u00e9ridionale, M\u00e9diterran\u00e9e","isPartOf":{"@id":"https:\/\/telemme.mmsh.fr\/#website"},"primaryImageOfPage":{"@id":"https:\/\/telemme.mmsh.fr\/?p=10989#primaryimage"},"image":{"@id":"https:\/\/telemme.mmsh.fr\/?p=10989#primaryimage"},"thumbnailUrl":"https:\/\/telemme.mmsh.fr\/wp-content\/uploads\/2022\/04\/MF-RuedAlger-AMEP.132420-1.jpg","datePublished":"2022-04-07T09:19:26+00:00","dateModified":"2022-04-07T09:19:28+00:00","breadcrumb":{"@id":"https:\/\/telemme.mmsh.fr\/?p=10989#breadcrumb"},"inLanguage":"fr-FR","potentialAction":[{"@type":"ReadAction","target":["https:\/\/telemme.mmsh.fr\/?p=10989"]}]},{"@type":"ImageObject","inLanguage":"fr-FR","@id":"https:\/\/telemme.mmsh.fr\/?p=10989#primaryimage","url":"https:\/\/telemme.mmsh.fr\/wp-content\/uploads\/2022\/04\/MF-RuedAlger-AMEP.132420-1.jpg","contentUrl":"https:\/\/telemme.mmsh.fr\/wp-content\/uploads\/2022\/04\/MF-RuedAlger-AMEP.132420-1.jpg","width":300,"height":441,"caption":"Couverture de Rue d\u2019Alger : Art, m\u00e9moire, espace public, sous la direction scientifique de Pierre Sint\u00e8s, MF \u00e9ditions"},{"@type":"BreadcrumbList","@id":"https:\/\/telemme.mmsh.fr\/?p=10989#breadcrumb","itemListElement":[{"@type":"ListItem","position":1,"name":"Accueil","item":"https:\/\/telemme.mmsh.fr\/"},{"@type":"ListItem","position":2,"name":"Publications","item":"https:\/\/telemme.mmsh.fr\/?cat=1738"},{"@type":"ListItem","position":3,"name":"Directions d'ouvrage","item":"https:\/\/telemme.mmsh.fr\/?cat=1742"},{"@type":"ListItem","position":4,"name":"Rue d\u2019Alger : Art, m\u00e9moire, espace public"}]},{"@type":"WebSite","@id":"https:\/\/telemme.mmsh.fr\/#website","url":"https:\/\/telemme.mmsh.fr\/","name":"TELEMMe - Temps, espaces, langages, Europe m\u00e9ridionale, M\u00e9diterran\u00e9e","description":"","publisher":{"@id":"https:\/\/telemme.mmsh.fr\/#organization"},"potentialAction":[{"@type":"SearchAction","target":{"@type":"EntryPoint","urlTemplate":"https:\/\/telemme.mmsh.fr\/?s={search_term_string}"},"query-input":{"@type":"PropertyValueSpecification","valueRequired":true,"valueName":"search_term_string"}}],"inLanguage":"fr-FR"},{"@type":"Organization","@id":"https:\/\/telemme.mmsh.fr\/#organization","name":"TELEMMe","url":"https:\/\/telemme.mmsh.fr\/","logo":{"@type":"ImageObject","inLanguage":"fr-FR","@id":"https:\/\/telemme.mmsh.fr\/#\/schema\/logo\/image\/","url":"https:\/\/telemme.mmsh.fr\/wp-content\/uploads\/2020\/03\/LogoTELEMMe-horizontal-fond-transparent.png","contentUrl":"https:\/\/telemme.mmsh.fr\/wp-content\/uploads\/2020\/03\/LogoTELEMMe-horizontal-fond-transparent.png","width":1500,"height":437,"caption":"TELEMMe"},"image":{"@id":"https:\/\/telemme.mmsh.fr\/#\/schema\/logo\/image\/"}},{"@type":"Person","@id":"https:\/\/telemme.mmsh.fr\/#\/schema\/person\/86a185da4836381586528ced48e263f5","name":"Delphine Cavallo","url":"https:\/\/telemme.mmsh.fr\/?author=6"}]}},"_links":{"self":[{"href":"https:\/\/telemme.mmsh.fr\/index.php?rest_route=\/wp\/v2\/posts\/10989","targetHints":{"allow":["GET"]}}],"collection":[{"href":"https:\/\/telemme.mmsh.fr\/index.php?rest_route=\/wp\/v2\/posts"}],"about":[{"href":"https:\/\/telemme.mmsh.fr\/index.php?rest_route=\/wp\/v2\/types\/post"}],"author":[{"embeddable":true,"href":"https:\/\/telemme.mmsh.fr\/index.php?rest_route=\/wp\/v2\/users\/6"}],"replies":[{"embeddable":true,"href":"https:\/\/telemme.mmsh.fr\/index.php?rest_route=%2Fwp%2Fv2%2Fcomments&post=10989"}],"version-history":[{"count":3,"href":"https:\/\/telemme.mmsh.fr\/index.php?rest_route=\/wp\/v2\/posts\/10989\/revisions"}],"predecessor-version":[{"id":10996,"href":"https:\/\/telemme.mmsh.fr\/index.php?rest_route=\/wp\/v2\/posts\/10989\/revisions\/10996"}],"wp:featuredmedia":[{"embeddable":true,"href":"https:\/\/telemme.mmsh.fr\/index.php?rest_route=\/wp\/v2\/media\/10995"}],"wp:attachment":[{"href":"https:\/\/telemme.mmsh.fr\/index.php?rest_route=%2Fwp%2Fv2%2Fmedia&parent=10989"}],"wp:term":[{"taxonomy":"category","embeddable":true,"href":"https:\/\/telemme.mmsh.fr\/index.php?rest_route=%2Fwp%2Fv2%2Fcategories&post=10989"},{"taxonomy":"post_tag","embeddable":true,"href":"https:\/\/telemme.mmsh.fr\/index.php?rest_route=%2Fwp%2Fv2%2Ftags&post=10989"}],"curies":[{"name":"wp","href":"https:\/\/api.w.org\/{rel}","templated":true}]}}