{"id":10946,"date":"2022-03-30T13:20:48","date_gmt":"2022-03-30T11:20:48","guid":{"rendered":"https:\/\/telemme.mmsh.fr\/?p=10946"},"modified":"2022-03-30T13:29:56","modified_gmt":"2022-03-30T11:29:56","slug":"juifs-et-musulmans-de-la-france-coloniale-a-nos-jours-au-mnhi","status":"publish","type":"post","link":"https:\/\/telemme.mmsh.fr\/?p=10946","title":{"rendered":"Juifs et musulmans de la France coloniale \u00e0 nos jours, au MNHI"},"content":{"rendered":"\n<figure class=\"wp-block-pullquote\"><blockquote><p>L\u2019exposition<em> <a href=\"https:\/\/www.histoire-immigration.fr\/programmation\/expositions\/juifs-et-musulmans-de-la-france-coloniale-a-nos-jours\">Juifs et musulmans de la France coloniale \u00e0 nos jours <\/a><\/em>porte un regard neuf et document\u00e9 sur l\u2019histoire des relations entre juifs et musulmans en France en r\u00e9v\u00e9lant le r\u00f4le essentiel de la France et de l\u2019\u00c9tat dans la transformation de ces relations, tant en Afrique du Nord qu\u2019en France m\u00e9tropolitaine.<\/p><\/blockquote><\/figure>\n\n\n\n<p>L\u2019histoire des relations entre juifs et musulmans en France est mouvante, complexe et ancienne. Souvent r\u00e9duite aux tensions actuelles et \u00e0 l\u2019image d\u2019un conflit h\u00e9r\u00e9ditaire entre deux groupes pr\u00e9sent\u00e9s comme des \u00ab fr\u00e8res ennemis \u00bb, elle prend sa source dans l\u2019espace colonial du Maghreb (Alg\u00e9rie, Maroc, Tunisie) et se poursuit depuis les ann\u00e9es 1960 en France m\u00e9tropolitaine. La France est aujourd\u2019hui le pays qui compte les populations juives et musulmanes les plus importantes d\u2019Europe.<\/p>\n\n\n\n<p>L\u2019exposition montre sur pr\u00e8s de deux si\u00e8cles comment les transformations r\u00e9sultant de la colonisation tendent parfois \u00e0 rapprocher juifs et musulmans dans une m\u00eame communaut\u00e9 de destins, tant\u00f4t au contraire \u00e0 les s\u00e9parer selon diff\u00e9rentes lignes de fracture et \u00e0 les d\u00e9terminer \u00e0 quitter leur terre natale. Ces d\u00e9parts, de gr\u00e9 ou de force, se font majoritairement vers la France o\u00f9 la vie intercommunautaire se recompose difficilement apr\u00e8s la d\u00e9colonisation. Malgr\u00e9 de nombreux points communs, la s\u00e9paration se creuse en raison du malentendu historique sur la place de chacun dans la soci\u00e9t\u00e9 fran\u00e7aise et du conflit isra\u00e9lo-palestinien. L\u2019\u00c9tat fran\u00e7ais, par le jeu de la citoyennet\u00e9 accord\u00e9e ou non, par les dispositifs de reconnaissance officiels, a \u00e9t\u00e9 partie prenante constante de cette histoire.<\/p>\n\n\n\n<p>R\u00e9unissant plus de 100 \u0153uvres d\u2019art historiques et contemporaines, photographies, objets et de nombreux documents et archives, notamment audiovisuelles&nbsp;<em>Juifs et musulmans de la France coloniale \u00e0 nos jours&nbsp;<\/em>explique comment et pourquoi plusieurs si\u00e8cles de vie et d\u2019histoire communes, d\u2019imaginaire et de comportements communs se sont effac\u00e9s en quelques d\u00e9cennies et quels possibles sont envisageables aujourd\u2019hui, pour r\u00e9inventer cette relation historique.<\/p>\n\n\n\n<h2 class=\"wp-block-heading\">Commissariat de l&rsquo;exposition<\/h2>\n\n\n\n<ul class=\"wp-block-list\"><li>Commissaire g\u00e9n\u00e9ral :&nbsp;<strong>Benjamin Stora<\/strong>, historien<\/li><li>Commissaire associ\u00e9e :&nbsp;<strong>Karima Dir\u00e8che<\/strong>, historienne, directrice de recherche au CNRS<\/li><li>Commissaire ex\u00e9cutif :&nbsp;<strong>Mathias Dreyfuss<\/strong>, historien<\/li><li>Assistantes d\u2019exposition :&nbsp;<strong>Malika Ziane<\/strong>&nbsp;et&nbsp;<strong>Chlo\u00e9 Dupont<\/strong><\/li><\/ul>\n\n\n\n<h2 class=\"wp-block-heading\">Dates et horaires<\/h2>\n\n\n\n<p>Du 5 avril au 17 juillet 2022<\/p>\n\n\n\n<p>Du mardi au vendredi de 10h \u00e0 17h30<br>Samedi et dimanche de 10h \u00e0 19h<\/p>\n\n\n\n<h2 class=\"wp-block-heading\">Plus d&rsquo;informations<\/h2>\n\n\n\n<p class=\"has-medium-font-size\">Site du <a href=\"https:\/\/www.histoire-immigration.fr\/programmation\/expositions\/juifs-et-musulmans-de-la-france-coloniale-a-nos-jours\"><a href=\"https:\/\/www.histoire-immigration.fr\/\">Mus\u00e9e de l&rsquo;histoire de l&rsquo;immigration<\/a><\/a><\/p>\n\n\n\n<hr class=\"wp-block-separator is-style-wide\"\/>\n","protected":false},"excerpt":{"rendered":"<p>L\u2019exposition Juifs et musulmans de la France coloniale \u00e0 nos jours porte un regard neuf et document\u00e9 sur l\u2019histoire des relations entre juifs et musulmans en France en r\u00e9v\u00e9lant le r\u00f4le essentiel de la France et de l\u2019\u00c9tat dans la transformation de ces relations, tant en Afrique du Nord qu\u2019en France m\u00e9tropolitaine.<\/p>\n","protected":false},"author":6,"featured_media":10952,"comment_status":"closed","ping_status":"closed","sticky":false,"template":"","format":"standard","meta":{"neve_meta_sidebar":"","neve_meta_container":"","neve_meta_enable_content_width":"off","neve_meta_content_width":70,"neve_meta_title_alignment":"","neve_meta_author_avatar":"","neve_post_elements_order":"","neve_meta_disable_header":"","neve_meta_disable_footer":"","neve_meta_disable_title":"","_tribe_events_control_status":"","_tribe_events_control_status_canceled_reason":"","_tribe_events_control_status_postponed_reason":"","_tribe_events_control_online":"","_tribe_events_control_online_url":"","footnotes":""},"categories":[1730],"tags":[],"class_list":["post-10946","post","type-post","status-publish","format-standard","has-post-thumbnail","hentry","category-expositions"],"yoast_head":"<!-- This site is optimized with the Yoast SEO plugin v27.4 - https:\/\/yoast.com\/product\/yoast-seo-wordpress\/ -->\n<title>Juifs et musulmans de la France coloniale \u00e0 nos jours, au MNHI - TELEMMe - Temps, espaces, langages, Europe m\u00e9ridionale, M\u00e9diterran\u00e9e<\/title>\n<meta name=\"description\" content=\"L\u2019exposition Juifs et musulmans de la France coloniale \u00e0 nos jours porte un regard neuf et document\u00e9 sur l\u2019histoire des relations entre juifs et musulmans en France en r\u00e9v\u00e9lant le r\u00f4le essentiel de la France et de l\u2019\u00c9tat dans la transformation de ces relations, tant en Afrique du Nord qu\u2019en France m\u00e9tropolitaine.\" \/>\n<meta name=\"robots\" content=\"index, follow, max-snippet:-1, max-image-preview:large, max-video-preview:-1\" \/>\n<link rel=\"canonical\" href=\"https:\/\/telemme.mmsh.fr\/?p=10946\" \/>\n<meta property=\"og:locale\" content=\"fr_FR\" \/>\n<meta property=\"og:type\" content=\"article\" \/>\n<meta property=\"og:title\" content=\"Juifs et musulmans de la France coloniale \u00e0 nos jours, au MNHI - TELEMMe - Temps, espaces, langages, Europe m\u00e9ridionale, M\u00e9diterran\u00e9e\" \/>\n<meta property=\"og:description\" content=\"L\u2019exposition Juifs et musulmans de la France coloniale \u00e0 nos jours porte un regard neuf et document\u00e9 sur l\u2019histoire des relations entre juifs et musulmans en France en r\u00e9v\u00e9lant le r\u00f4le essentiel de la France et de l\u2019\u00c9tat dans la transformation de ces relations, tant en Afrique du Nord qu\u2019en France m\u00e9tropolitaine.\" \/>\n<meta property=\"og:url\" content=\"https:\/\/telemme.mmsh.fr\/?p=10946\" \/>\n<meta property=\"og:site_name\" content=\"TELEMMe - Temps, espaces, langages, Europe m\u00e9ridionale, M\u00e9diterran\u00e9e\" \/>\n<meta property=\"article:published_time\" content=\"2022-03-30T11:20:48+00:00\" \/>\n<meta property=\"article:modified_time\" content=\"2022-03-30T11:29:56+00:00\" \/>\n<meta property=\"og:image\" content=\"https:\/\/telemme.mmsh.fr\/wp-content\/uploads\/2022\/03\/photo_Juifs-Et-Musulmans-1.jpg\" \/>\n\t<meta property=\"og:image:width\" content=\"600\" \/>\n\t<meta property=\"og:image:height\" content=\"400\" \/>\n\t<meta property=\"og:image:type\" content=\"image\/jpeg\" \/>\n<meta name=\"author\" content=\"Delphine Cavallo\" \/>\n<meta name=\"twitter:card\" content=\"summary_large_image\" \/>\n<meta name=\"twitter:label1\" content=\"\u00c9crit par\" \/>\n\t<meta name=\"twitter:data1\" content=\"Delphine Cavallo\" \/>\n\t<meta name=\"twitter:label2\" content=\"Dur\u00e9e de lecture estim\u00e9e\" \/>\n\t<meta name=\"twitter:data2\" content=\"2 minutes\" \/>\n<script type=\"application\/ld+json\" class=\"yoast-schema-graph\">{\"@context\":\"https:\\\/\\\/schema.org\",\"@graph\":[{\"@type\":\"Article\",\"@id\":\"https:\\\/\\\/telemme.mmsh.fr\\\/?p=10946#article\",\"isPartOf\":{\"@id\":\"https:\\\/\\\/telemme.mmsh.fr\\\/?p=10946\"},\"author\":{\"name\":\"Delphine Cavallo\",\"@id\":\"https:\\\/\\\/telemme.mmsh.fr\\\/#\\\/schema\\\/person\\\/86a185da4836381586528ced48e263f5\"},\"headline\":\"Juifs et musulmans de la France coloniale \u00e0 nos jours, au MNHI\",\"datePublished\":\"2022-03-30T11:20:48+00:00\",\"dateModified\":\"2022-03-30T11:29:56+00:00\",\"mainEntityOfPage\":{\"@id\":\"https:\\\/\\\/telemme.mmsh.fr\\\/?p=10946\"},\"wordCount\":439,\"publisher\":{\"@id\":\"https:\\\/\\\/telemme.mmsh.fr\\\/#organization\"},\"image\":{\"@id\":\"https:\\\/\\\/telemme.mmsh.fr\\\/?p=10946#primaryimage\"},\"thumbnailUrl\":\"https:\\\/\\\/telemme.mmsh.fr\\\/wp-content\\\/uploads\\\/2022\\\/03\\\/photo_Juifs-Et-Musulmans-1.jpg\",\"articleSection\":[\"Expositions\"],\"inLanguage\":\"fr-FR\"},{\"@type\":\"WebPage\",\"@id\":\"https:\\\/\\\/telemme.mmsh.fr\\\/?p=10946\",\"url\":\"https:\\\/\\\/telemme.mmsh.fr\\\/?p=10946\",\"name\":\"Juifs et musulmans de la France coloniale \u00e0 nos jours, au MNHI - TELEMMe - Temps, espaces, langages, Europe m\u00e9ridionale, M\u00e9diterran\u00e9e\",\"isPartOf\":{\"@id\":\"https:\\\/\\\/telemme.mmsh.fr\\\/#website\"},\"primaryImageOfPage\":{\"@id\":\"https:\\\/\\\/telemme.mmsh.fr\\\/?p=10946#primaryimage\"},\"image\":{\"@id\":\"https:\\\/\\\/telemme.mmsh.fr\\\/?p=10946#primaryimage\"},\"thumbnailUrl\":\"https:\\\/\\\/telemme.mmsh.fr\\\/wp-content\\\/uploads\\\/2022\\\/03\\\/photo_Juifs-Et-Musulmans-1.jpg\",\"datePublished\":\"2022-03-30T11:20:48+00:00\",\"dateModified\":\"2022-03-30T11:29:56+00:00\",\"description\":\"L\u2019exposition Juifs et musulmans de la France coloniale \u00e0 nos jours porte un regard neuf et document\u00e9 sur l\u2019histoire des relations entre juifs et musulmans en France en r\u00e9v\u00e9lant le r\u00f4le essentiel de la France et de l\u2019\u00c9tat dans la transformation de ces relations, tant en Afrique du Nord qu\u2019en France m\u00e9tropolitaine.\",\"breadcrumb\":{\"@id\":\"https:\\\/\\\/telemme.mmsh.fr\\\/?p=10946#breadcrumb\"},\"inLanguage\":\"fr-FR\",\"potentialAction\":[{\"@type\":\"ReadAction\",\"target\":[\"https:\\\/\\\/telemme.mmsh.fr\\\/?p=10946\"]}]},{\"@type\":\"ImageObject\",\"inLanguage\":\"fr-FR\",\"@id\":\"https:\\\/\\\/telemme.mmsh.fr\\\/?p=10946#primaryimage\",\"url\":\"https:\\\/\\\/telemme.mmsh.fr\\\/wp-content\\\/uploads\\\/2022\\\/03\\\/photo_Juifs-Et-Musulmans-1.jpg\",\"contentUrl\":\"https:\\\/\\\/telemme.mmsh.fr\\\/wp-content\\\/uploads\\\/2022\\\/03\\\/photo_Juifs-Et-Musulmans-1.jpg\",\"width\":600,\"height\":400},{\"@type\":\"BreadcrumbList\",\"@id\":\"https:\\\/\\\/telemme.mmsh.fr\\\/?p=10946#breadcrumb\",\"itemListElement\":[{\"@type\":\"ListItem\",\"position\":1,\"name\":\"Accueil\",\"item\":\"https:\\\/\\\/telemme.mmsh.fr\\\/\"},{\"@type\":\"ListItem\",\"position\":2,\"name\":\"M\u00e9diation et diffusion\",\"item\":\"https:\\\/\\\/telemme.mmsh.fr\\\/?cat=1736\"},{\"@type\":\"ListItem\",\"position\":3,\"name\":\"Expositions\",\"item\":\"https:\\\/\\\/telemme.mmsh.fr\\\/?cat=1730\"},{\"@type\":\"ListItem\",\"position\":4,\"name\":\"Juifs et musulmans de la France coloniale \u00e0 nos jours, au MNHI\"}]},{\"@type\":\"WebSite\",\"@id\":\"https:\\\/\\\/telemme.mmsh.fr\\\/#website\",\"url\":\"https:\\\/\\\/telemme.mmsh.fr\\\/\",\"name\":\"TELEMMe - Temps, espaces, langages, Europe m\u00e9ridionale, M\u00e9diterran\u00e9e\",\"description\":\"\",\"publisher\":{\"@id\":\"https:\\\/\\\/telemme.mmsh.fr\\\/#organization\"},\"potentialAction\":[{\"@type\":\"SearchAction\",\"target\":{\"@type\":\"EntryPoint\",\"urlTemplate\":\"https:\\\/\\\/telemme.mmsh.fr\\\/?s={search_term_string}\"},\"query-input\":{\"@type\":\"PropertyValueSpecification\",\"valueRequired\":true,\"valueName\":\"search_term_string\"}}],\"inLanguage\":\"fr-FR\"},{\"@type\":\"Organization\",\"@id\":\"https:\\\/\\\/telemme.mmsh.fr\\\/#organization\",\"name\":\"TELEMMe\",\"url\":\"https:\\\/\\\/telemme.mmsh.fr\\\/\",\"logo\":{\"@type\":\"ImageObject\",\"inLanguage\":\"fr-FR\",\"@id\":\"https:\\\/\\\/telemme.mmsh.fr\\\/#\\\/schema\\\/logo\\\/image\\\/\",\"url\":\"https:\\\/\\\/telemme.mmsh.fr\\\/wp-content\\\/uploads\\\/2020\\\/03\\\/LogoTELEMMe-horizontal-fond-transparent.png\",\"contentUrl\":\"https:\\\/\\\/telemme.mmsh.fr\\\/wp-content\\\/uploads\\\/2020\\\/03\\\/LogoTELEMMe-horizontal-fond-transparent.png\",\"width\":1500,\"height\":437,\"caption\":\"TELEMMe\"},\"image\":{\"@id\":\"https:\\\/\\\/telemme.mmsh.fr\\\/#\\\/schema\\\/logo\\\/image\\\/\"}},{\"@type\":\"Person\",\"@id\":\"https:\\\/\\\/telemme.mmsh.fr\\\/#\\\/schema\\\/person\\\/86a185da4836381586528ced48e263f5\",\"name\":\"Delphine Cavallo\",\"url\":\"https:\\\/\\\/telemme.mmsh.fr\\\/?author=6\"}]}<\/script>\n<!-- \/ Yoast SEO plugin. -->","yoast_head_json":{"title":"Juifs et musulmans de la France coloniale \u00e0 nos jours, au MNHI - TELEMMe - Temps, espaces, langages, Europe m\u00e9ridionale, M\u00e9diterran\u00e9e","description":"L\u2019exposition Juifs et musulmans de la France coloniale \u00e0 nos jours porte un regard neuf et document\u00e9 sur l\u2019histoire des relations entre juifs et musulmans en France en r\u00e9v\u00e9lant le r\u00f4le essentiel de la France et de l\u2019\u00c9tat dans la transformation de ces relations, tant en Afrique du Nord qu\u2019en France m\u00e9tropolitaine.","robots":{"index":"index","follow":"follow","max-snippet":"max-snippet:-1","max-image-preview":"max-image-preview:large","max-video-preview":"max-video-preview:-1"},"canonical":"https:\/\/telemme.mmsh.fr\/?p=10946","og_locale":"fr_FR","og_type":"article","og_title":"Juifs et musulmans de la France coloniale \u00e0 nos jours, au MNHI - TELEMMe - Temps, espaces, langages, Europe m\u00e9ridionale, M\u00e9diterran\u00e9e","og_description":"L\u2019exposition Juifs et musulmans de la France coloniale \u00e0 nos jours porte un regard neuf et document\u00e9 sur l\u2019histoire des relations entre juifs et musulmans en France en r\u00e9v\u00e9lant le r\u00f4le essentiel de la France et de l\u2019\u00c9tat dans la transformation de ces relations, tant en Afrique du Nord qu\u2019en France m\u00e9tropolitaine.","og_url":"https:\/\/telemme.mmsh.fr\/?p=10946","og_site_name":"TELEMMe - Temps, espaces, langages, Europe m\u00e9ridionale, M\u00e9diterran\u00e9e","article_published_time":"2022-03-30T11:20:48+00:00","article_modified_time":"2022-03-30T11:29:56+00:00","og_image":[{"width":600,"height":400,"url":"https:\/\/telemme.mmsh.fr\/wp-content\/uploads\/2022\/03\/photo_Juifs-Et-Musulmans-1.jpg","type":"image\/jpeg"}],"author":"Delphine Cavallo","twitter_card":"summary_large_image","twitter_misc":{"\u00c9crit par":"Delphine Cavallo","Dur\u00e9e de lecture estim\u00e9e":"2 minutes"},"schema":{"@context":"https:\/\/schema.org","@graph":[{"@type":"Article","@id":"https:\/\/telemme.mmsh.fr\/?p=10946#article","isPartOf":{"@id":"https:\/\/telemme.mmsh.fr\/?p=10946"},"author":{"name":"Delphine Cavallo","@id":"https:\/\/telemme.mmsh.fr\/#\/schema\/person\/86a185da4836381586528ced48e263f5"},"headline":"Juifs et musulmans de la France coloniale \u00e0 nos jours, au MNHI","datePublished":"2022-03-30T11:20:48+00:00","dateModified":"2022-03-30T11:29:56+00:00","mainEntityOfPage":{"@id":"https:\/\/telemme.mmsh.fr\/?p=10946"},"wordCount":439,"publisher":{"@id":"https:\/\/telemme.mmsh.fr\/#organization"},"image":{"@id":"https:\/\/telemme.mmsh.fr\/?p=10946#primaryimage"},"thumbnailUrl":"https:\/\/telemme.mmsh.fr\/wp-content\/uploads\/2022\/03\/photo_Juifs-Et-Musulmans-1.jpg","articleSection":["Expositions"],"inLanguage":"fr-FR"},{"@type":"WebPage","@id":"https:\/\/telemme.mmsh.fr\/?p=10946","url":"https:\/\/telemme.mmsh.fr\/?p=10946","name":"Juifs et musulmans de la France coloniale \u00e0 nos jours, au MNHI - TELEMMe - Temps, espaces, langages, Europe m\u00e9ridionale, M\u00e9diterran\u00e9e","isPartOf":{"@id":"https:\/\/telemme.mmsh.fr\/#website"},"primaryImageOfPage":{"@id":"https:\/\/telemme.mmsh.fr\/?p=10946#primaryimage"},"image":{"@id":"https:\/\/telemme.mmsh.fr\/?p=10946#primaryimage"},"thumbnailUrl":"https:\/\/telemme.mmsh.fr\/wp-content\/uploads\/2022\/03\/photo_Juifs-Et-Musulmans-1.jpg","datePublished":"2022-03-30T11:20:48+00:00","dateModified":"2022-03-30T11:29:56+00:00","description":"L\u2019exposition Juifs et musulmans de la France coloniale \u00e0 nos jours porte un regard neuf et document\u00e9 sur l\u2019histoire des relations entre juifs et musulmans en France en r\u00e9v\u00e9lant le r\u00f4le essentiel de la France et de l\u2019\u00c9tat dans la transformation de ces relations, tant en Afrique du Nord qu\u2019en France m\u00e9tropolitaine.","breadcrumb":{"@id":"https:\/\/telemme.mmsh.fr\/?p=10946#breadcrumb"},"inLanguage":"fr-FR","potentialAction":[{"@type":"ReadAction","target":["https:\/\/telemme.mmsh.fr\/?p=10946"]}]},{"@type":"ImageObject","inLanguage":"fr-FR","@id":"https:\/\/telemme.mmsh.fr\/?p=10946#primaryimage","url":"https:\/\/telemme.mmsh.fr\/wp-content\/uploads\/2022\/03\/photo_Juifs-Et-Musulmans-1.jpg","contentUrl":"https:\/\/telemme.mmsh.fr\/wp-content\/uploads\/2022\/03\/photo_Juifs-Et-Musulmans-1.jpg","width":600,"height":400},{"@type":"BreadcrumbList","@id":"https:\/\/telemme.mmsh.fr\/?p=10946#breadcrumb","itemListElement":[{"@type":"ListItem","position":1,"name":"Accueil","item":"https:\/\/telemme.mmsh.fr\/"},{"@type":"ListItem","position":2,"name":"M\u00e9diation et diffusion","item":"https:\/\/telemme.mmsh.fr\/?cat=1736"},{"@type":"ListItem","position":3,"name":"Expositions","item":"https:\/\/telemme.mmsh.fr\/?cat=1730"},{"@type":"ListItem","position":4,"name":"Juifs et musulmans de la France coloniale \u00e0 nos jours, au MNHI"}]},{"@type":"WebSite","@id":"https:\/\/telemme.mmsh.fr\/#website","url":"https:\/\/telemme.mmsh.fr\/","name":"TELEMMe - Temps, espaces, langages, Europe m\u00e9ridionale, M\u00e9diterran\u00e9e","description":"","publisher":{"@id":"https:\/\/telemme.mmsh.fr\/#organization"},"potentialAction":[{"@type":"SearchAction","target":{"@type":"EntryPoint","urlTemplate":"https:\/\/telemme.mmsh.fr\/?s={search_term_string}"},"query-input":{"@type":"PropertyValueSpecification","valueRequired":true,"valueName":"search_term_string"}}],"inLanguage":"fr-FR"},{"@type":"Organization","@id":"https:\/\/telemme.mmsh.fr\/#organization","name":"TELEMMe","url":"https:\/\/telemme.mmsh.fr\/","logo":{"@type":"ImageObject","inLanguage":"fr-FR","@id":"https:\/\/telemme.mmsh.fr\/#\/schema\/logo\/image\/","url":"https:\/\/telemme.mmsh.fr\/wp-content\/uploads\/2020\/03\/LogoTELEMMe-horizontal-fond-transparent.png","contentUrl":"https:\/\/telemme.mmsh.fr\/wp-content\/uploads\/2020\/03\/LogoTELEMMe-horizontal-fond-transparent.png","width":1500,"height":437,"caption":"TELEMMe"},"image":{"@id":"https:\/\/telemme.mmsh.fr\/#\/schema\/logo\/image\/"}},{"@type":"Person","@id":"https:\/\/telemme.mmsh.fr\/#\/schema\/person\/86a185da4836381586528ced48e263f5","name":"Delphine Cavallo","url":"https:\/\/telemme.mmsh.fr\/?author=6"}]}},"_links":{"self":[{"href":"https:\/\/telemme.mmsh.fr\/index.php?rest_route=\/wp\/v2\/posts\/10946","targetHints":{"allow":["GET"]}}],"collection":[{"href":"https:\/\/telemme.mmsh.fr\/index.php?rest_route=\/wp\/v2\/posts"}],"about":[{"href":"https:\/\/telemme.mmsh.fr\/index.php?rest_route=\/wp\/v2\/types\/post"}],"author":[{"embeddable":true,"href":"https:\/\/telemme.mmsh.fr\/index.php?rest_route=\/wp\/v2\/users\/6"}],"replies":[{"embeddable":true,"href":"https:\/\/telemme.mmsh.fr\/index.php?rest_route=%2Fwp%2Fv2%2Fcomments&post=10946"}],"version-history":[{"count":10,"href":"https:\/\/telemme.mmsh.fr\/index.php?rest_route=\/wp\/v2\/posts\/10946\/revisions"}],"predecessor-version":[{"id":10960,"href":"https:\/\/telemme.mmsh.fr\/index.php?rest_route=\/wp\/v2\/posts\/10946\/revisions\/10960"}],"wp:featuredmedia":[{"embeddable":true,"href":"https:\/\/telemme.mmsh.fr\/index.php?rest_route=\/wp\/v2\/media\/10952"}],"wp:attachment":[{"href":"https:\/\/telemme.mmsh.fr\/index.php?rest_route=%2Fwp%2Fv2%2Fmedia&parent=10946"}],"wp:term":[{"taxonomy":"category","embeddable":true,"href":"https:\/\/telemme.mmsh.fr\/index.php?rest_route=%2Fwp%2Fv2%2Fcategories&post=10946"},{"taxonomy":"post_tag","embeddable":true,"href":"https:\/\/telemme.mmsh.fr\/index.php?rest_route=%2Fwp%2Fv2%2Ftags&post=10946"}],"curies":[{"name":"wp","href":"https:\/\/api.w.org\/{rel}","templated":true}]}}