{"id":10808,"date":"2022-03-16T11:44:45","date_gmt":"2022-03-16T10:44:45","guid":{"rendered":"https:\/\/telemme.mmsh.fr\/?p=10808"},"modified":"2022-03-16T11:45:16","modified_gmt":"2022-03-16T10:45:16","slug":"le-prix-de-la-contre-allee-a-jeremie-foa-pour-tous-ceux-qui-tombent","status":"publish","type":"post","link":"https:\/\/telemme.mmsh.fr\/?p=10808","title":{"rendered":"Le prix de la Contre-All\u00e9e \u00e0 J\u00e9r\u00e9mie Foa pour Tous ceux qui tombent"},"content":{"rendered":"\n<blockquote class=\"wp-block-quote is-style-plain is-layout-flow wp-block-quote-is-layout-flow\" style=\"font-style:normal;font-weight:700\"><p>Le Prix de la Contre-All\u00e9e 2022 a \u00e9t\u00e9 attribu\u00e9 le 7 mars \u00e0 <a href=\"https:\/\/telemme.mmsh.fr\/?membres=jeremie-foa\">J\u00e9r\u00e9mie Foa<\/a> pour son livre <em><a data-type=\"URL\" data-id=\"https:\/\/telemme.mmsh.fr\/?p=9353\" href=\"https:\/\/telemme.mmsh.fr\/?p=9353\">Tous ceux qui tombent. Visages du massacre de la Saint-Barth\u00e9l\u00e9my<\/a>, <\/em>publi\u00e9 aux \u00c9ditions La D\u00e9couverte en 2021. Le prix est d\u00e9cern\u00e9 pour la premi\u00e8re fois par l&rsquo;Institut histoire et lumi\u00e8res de la pens\u00e9e, pr\u00e9sid\u00e9 par Olivier B\u00e9tourn\u00e9 et Elisabeth Roudinesco. Le prix sera remis \u00e0 J\u00e9r\u00e9mie Foa le 17 mars \u00e0 Paris. Toutes nos f\u00e9licitations \u00e0 J\u00e9r\u00e9mie !<\/p><\/blockquote>\n\n\n\n<h2 class=\"wp-block-heading\">Pr\u00e9sentation du livre<\/h2>\n\n\n\n<p>1572. \u00c0 Paris, des notaires dressent des inventaires apr\u00e8s d\u00e9c\u00e8s, enregistrent des actes, r\u00e8glent des h\u00e9ritages. Avec minutie, ils transcrivent l\u2019ordinaire des vies au milieu d\u2019une colossale h\u00e9catombe. Mais ils livrent aussi des noms, des adresses, des liens.<br>Puisant dans ces archives notariales, J\u00e9r\u00e9mie Foa tisse une micro-histoire de la Saint-Barth\u00e9lemy soucieuse de nommer les anonymes, les obscurs jet\u00e9s au fleuve ou m\u00eal\u00e9s \u00e0 la fosse, \u00e0 jamais engloutis. Pour \u00e9lucider des crimes dont on ignorait jusqu\u2019\u00e0 l\u2019existence, il abandonne les palais pour les pav\u00e9s, exhumant les indices d\u2019un massacre de proximit\u00e9, commis par des voisins sur leurs voisins. Car \u00e0 descendre dans la rue, on croise ceux qui ont du sang sur les mains, on observe le savoir-faire de la poign\u00e9e d\u2019hommes responsables de la plupart des meurtres. Sans avoir \u00e9t\u00e9 pr\u00e9m\u00e9dit\u00e9, le massacre \u00e9tait pr\u00e9par\u00e9 de longue date \u2013 les assassins n\u2019ont pas surgi tout arm\u00e9s dans la folie d\u2019un soir d\u2019\u00e9t\u00e9.<br>Au fil de vingt-cinq enqu\u00eates haletantes, l\u2019historien retrouve les victimes et les tueurs, simples passants ou ardents massacreurs, dans leur humaine trivialit\u00e9 : \u00e9pingliers, menuisiers, r\u00f4tisseurs de la Vall\u00e9e de Mis\u00e8re, tanneurs d\u2019Aubusson et taverniers de Maubert, <em>vies minuscules<\/em> emport\u00e9es par l\u2019\u00e9v\u00e9nement.<\/p>\n","protected":false},"excerpt":{"rendered":"<p>Le premier Prix de la Contre-All\u00e9e 2022 a \u00e9t\u00e9 d\u00e9cern\u00e9 le 7 mars \u00e0 J\u00e9r\u00e9mie Foa pour son livre Tous ceux qui tombent. Visages du massacre de la Saint-Barth\u00e9l\u00e9my, publi\u00e9 aux \u00c9ditions La D\u00e9couverte en 2021. <\/p>\n","protected":false},"author":6,"featured_media":10814,"comment_status":"closed","ping_status":"closed","sticky":false,"template":"","format":"standard","meta":{"neve_meta_sidebar":"","neve_meta_container":"","neve_meta_enable_content_width":"off","neve_meta_content_width":70,"neve_meta_title_alignment":"","neve_meta_author_avatar":"","neve_post_elements_order":"","neve_meta_disable_header":"","neve_meta_disable_footer":"","neve_meta_disable_title":"","_tribe_events_control_status":"","_tribe_events_control_status_canceled_reason":"","_tribe_events_control_status_postponed_reason":"","_tribe_events_control_online":"","_tribe_events_control_online_url":"","footnotes":""},"categories":[1997],"tags":[],"class_list":["post-10808","post","type-post","status-publish","format-standard","has-post-thumbnail","hentry","category-prix"],"yoast_head":"<!-- This site is optimized with the Yoast SEO plugin v27.4 - https:\/\/yoast.com\/product\/yoast-seo-wordpress\/ -->\n<title>Le prix de la Contre-All\u00e9e \u00e0 J\u00e9r\u00e9mie Foa pour Tous ceux qui tombent - TELEMMe - Temps, espaces, langages, Europe m\u00e9ridionale, M\u00e9diterran\u00e9e<\/title>\n<meta name=\"description\" content=\"Le Prix de la Contre-All\u00e9e 2022 a \u00e9t\u00e9 attribu\u00e9 le 7 mars \u00e0 J\u00e9r\u00e9mie Foa pour son livre Tous ceux qui tombent. Visages du massacre de la Saint-Barth\u00e9l\u00e9my, publi\u00e9 aux \u00c9ditions La D\u00e9couverte en 2021. Le prix est d\u00e9cern\u00e9 pour la premi\u00e8re fois par l&#039;Institut histoire et lumi\u00e8res de la pens\u00e9e, pr\u00e9sid\u00e9 par Olivier B\u00e9tourn\u00e9 et Elisabeth Roudinesco. Le prix sera remis \u00e0 J\u00e9r\u00e9mie Foa le 17 mars \u00e0 Paris. Toutes nos f\u00e9licitations \u00e0 J\u00e9r\u00e9mi\" \/>\n<meta name=\"robots\" content=\"index, follow, max-snippet:-1, max-image-preview:large, max-video-preview:-1\" \/>\n<link rel=\"canonical\" href=\"https:\/\/telemme.mmsh.fr\/?p=10808\" \/>\n<meta property=\"og:locale\" content=\"fr_FR\" \/>\n<meta property=\"og:type\" content=\"article\" \/>\n<meta property=\"og:title\" content=\"Le prix de la Contre-All\u00e9e \u00e0 J\u00e9r\u00e9mie Foa pour Tous ceux qui tombent - TELEMMe - Temps, espaces, langages, Europe m\u00e9ridionale, M\u00e9diterran\u00e9e\" \/>\n<meta property=\"og:description\" content=\"Le Prix de la Contre-All\u00e9e 2022 a \u00e9t\u00e9 attribu\u00e9 le 7 mars \u00e0 J\u00e9r\u00e9mie Foa pour son livre Tous ceux qui tombent. Visages du massacre de la Saint-Barth\u00e9l\u00e9my, publi\u00e9 aux \u00c9ditions La D\u00e9couverte en 2021. Le prix est d\u00e9cern\u00e9 pour la premi\u00e8re fois par l&#039;Institut histoire et lumi\u00e8res de la pens\u00e9e, pr\u00e9sid\u00e9 par Olivier B\u00e9tourn\u00e9 et Elisabeth Roudinesco. Le prix sera remis \u00e0 J\u00e9r\u00e9mie Foa le 17 mars \u00e0 Paris. Toutes nos f\u00e9licitations \u00e0 J\u00e9r\u00e9mi\" \/>\n<meta property=\"og:url\" content=\"https:\/\/telemme.mmsh.fr\/?p=10808\" \/>\n<meta property=\"og:site_name\" content=\"TELEMMe - Temps, espaces, langages, Europe m\u00e9ridionale, M\u00e9diterran\u00e9e\" \/>\n<meta property=\"article:published_time\" content=\"2022-03-16T10:44:45+00:00\" \/>\n<meta property=\"article:modified_time\" content=\"2022-03-16T10:45:16+00:00\" \/>\n<meta property=\"og:image\" content=\"https:\/\/telemme.mmsh.fr\/wp-content\/uploads\/2022\/03\/9782348057885_TousCeuxQuiTombent-1.jpg\" \/>\n\t<meta property=\"og:image:width\" content=\"300\" \/>\n\t<meta property=\"og:image:height\" content=\"440\" \/>\n\t<meta property=\"og:image:type\" content=\"image\/jpeg\" \/>\n<meta name=\"author\" content=\"Delphine Cavallo\" \/>\n<meta name=\"twitter:card\" content=\"summary_large_image\" \/>\n<meta name=\"twitter:label1\" content=\"\u00c9crit par\" \/>\n\t<meta name=\"twitter:data1\" content=\"Delphine Cavallo\" \/>\n\t<meta name=\"twitter:label2\" content=\"Dur\u00e9e de lecture estim\u00e9e\" \/>\n\t<meta name=\"twitter:data2\" content=\"2 minutes\" \/>\n<script type=\"application\/ld+json\" class=\"yoast-schema-graph\">{\"@context\":\"https:\\\/\\\/schema.org\",\"@graph\":[{\"@type\":\"Article\",\"@id\":\"https:\\\/\\\/telemme.mmsh.fr\\\/?p=10808#article\",\"isPartOf\":{\"@id\":\"https:\\\/\\\/telemme.mmsh.fr\\\/?p=10808\"},\"author\":{\"name\":\"Delphine Cavallo\",\"@id\":\"https:\\\/\\\/telemme.mmsh.fr\\\/#\\\/schema\\\/person\\\/86a185da4836381586528ced48e263f5\"},\"headline\":\"Le prix de la Contre-All\u00e9e \u00e0 J\u00e9r\u00e9mie Foa pour Tous ceux qui tombent\",\"datePublished\":\"2022-03-16T10:44:45+00:00\",\"dateModified\":\"2022-03-16T10:45:16+00:00\",\"mainEntityOfPage\":{\"@id\":\"https:\\\/\\\/telemme.mmsh.fr\\\/?p=10808\"},\"wordCount\":328,\"publisher\":{\"@id\":\"https:\\\/\\\/telemme.mmsh.fr\\\/#organization\"},\"image\":{\"@id\":\"https:\\\/\\\/telemme.mmsh.fr\\\/?p=10808#primaryimage\"},\"thumbnailUrl\":\"https:\\\/\\\/telemme.mmsh.fr\\\/wp-content\\\/uploads\\\/2022\\\/03\\\/9782348057885_TousCeuxQuiTombent-1.jpg\",\"articleSection\":[\"Prix\"],\"inLanguage\":\"fr-FR\"},{\"@type\":\"WebPage\",\"@id\":\"https:\\\/\\\/telemme.mmsh.fr\\\/?p=10808\",\"url\":\"https:\\\/\\\/telemme.mmsh.fr\\\/?p=10808\",\"name\":\"Le prix de la Contre-All\u00e9e \u00e0 J\u00e9r\u00e9mie Foa pour Tous ceux qui tombent - TELEMMe - Temps, espaces, langages, Europe m\u00e9ridionale, M\u00e9diterran\u00e9e\",\"isPartOf\":{\"@id\":\"https:\\\/\\\/telemme.mmsh.fr\\\/#website\"},\"primaryImageOfPage\":{\"@id\":\"https:\\\/\\\/telemme.mmsh.fr\\\/?p=10808#primaryimage\"},\"image\":{\"@id\":\"https:\\\/\\\/telemme.mmsh.fr\\\/?p=10808#primaryimage\"},\"thumbnailUrl\":\"https:\\\/\\\/telemme.mmsh.fr\\\/wp-content\\\/uploads\\\/2022\\\/03\\\/9782348057885_TousCeuxQuiTombent-1.jpg\",\"datePublished\":\"2022-03-16T10:44:45+00:00\",\"dateModified\":\"2022-03-16T10:45:16+00:00\",\"description\":\"Le Prix de la Contre-All\u00e9e 2022 a \u00e9t\u00e9 attribu\u00e9 le 7 mars \u00e0 J\u00e9r\u00e9mie Foa pour son livre Tous ceux qui tombent. Visages du massacre de la Saint-Barth\u00e9l\u00e9my, publi\u00e9 aux \u00c9ditions La D\u00e9couverte en 2021. Le prix est d\u00e9cern\u00e9 pour la premi\u00e8re fois par l'Institut histoire et lumi\u00e8res de la pens\u00e9e, pr\u00e9sid\u00e9 par Olivier B\u00e9tourn\u00e9 et Elisabeth Roudinesco. Le prix sera remis \u00e0 J\u00e9r\u00e9mie Foa le 17 mars \u00e0 Paris. Toutes nos f\u00e9licitations \u00e0 J\u00e9r\u00e9mi\",\"breadcrumb\":{\"@id\":\"https:\\\/\\\/telemme.mmsh.fr\\\/?p=10808#breadcrumb\"},\"inLanguage\":\"fr-FR\",\"potentialAction\":[{\"@type\":\"ReadAction\",\"target\":[\"https:\\\/\\\/telemme.mmsh.fr\\\/?p=10808\"]}]},{\"@type\":\"ImageObject\",\"inLanguage\":\"fr-FR\",\"@id\":\"https:\\\/\\\/telemme.mmsh.fr\\\/?p=10808#primaryimage\",\"url\":\"https:\\\/\\\/telemme.mmsh.fr\\\/wp-content\\\/uploads\\\/2022\\\/03\\\/9782348057885_TousCeuxQuiTombent-1.jpg\",\"contentUrl\":\"https:\\\/\\\/telemme.mmsh.fr\\\/wp-content\\\/uploads\\\/2022\\\/03\\\/9782348057885_TousCeuxQuiTombent-1.jpg\",\"width\":300,\"height\":440,\"caption\":\"Couverture de Tous ceux qui tombent, J\u00e9r\u00e9mie Foa, La D\u00e9couverte, 2021\"},{\"@type\":\"BreadcrumbList\",\"@id\":\"https:\\\/\\\/telemme.mmsh.fr\\\/?p=10808#breadcrumb\",\"itemListElement\":[{\"@type\":\"ListItem\",\"position\":1,\"name\":\"Accueil\",\"item\":\"https:\\\/\\\/telemme.mmsh.fr\\\/\"},{\"@type\":\"ListItem\",\"position\":2,\"name\":\"Actualit\u00e9s\",\"item\":\"https:\\\/\\\/telemme.mmsh.fr\\\/?cat=1995\"},{\"@type\":\"ListItem\",\"position\":3,\"name\":\"Prix\",\"item\":\"https:\\\/\\\/telemme.mmsh.fr\\\/?cat=1997\"},{\"@type\":\"ListItem\",\"position\":4,\"name\":\"Le prix de la Contre-All\u00e9e \u00e0 J\u00e9r\u00e9mie Foa pour Tous ceux qui tombent\"}]},{\"@type\":\"WebSite\",\"@id\":\"https:\\\/\\\/telemme.mmsh.fr\\\/#website\",\"url\":\"https:\\\/\\\/telemme.mmsh.fr\\\/\",\"name\":\"TELEMMe - Temps, espaces, langages, Europe m\u00e9ridionale, M\u00e9diterran\u00e9e\",\"description\":\"\",\"publisher\":{\"@id\":\"https:\\\/\\\/telemme.mmsh.fr\\\/#organization\"},\"potentialAction\":[{\"@type\":\"SearchAction\",\"target\":{\"@type\":\"EntryPoint\",\"urlTemplate\":\"https:\\\/\\\/telemme.mmsh.fr\\\/?s={search_term_string}\"},\"query-input\":{\"@type\":\"PropertyValueSpecification\",\"valueRequired\":true,\"valueName\":\"search_term_string\"}}],\"inLanguage\":\"fr-FR\"},{\"@type\":\"Organization\",\"@id\":\"https:\\\/\\\/telemme.mmsh.fr\\\/#organization\",\"name\":\"TELEMMe\",\"url\":\"https:\\\/\\\/telemme.mmsh.fr\\\/\",\"logo\":{\"@type\":\"ImageObject\",\"inLanguage\":\"fr-FR\",\"@id\":\"https:\\\/\\\/telemme.mmsh.fr\\\/#\\\/schema\\\/logo\\\/image\\\/\",\"url\":\"https:\\\/\\\/telemme.mmsh.fr\\\/wp-content\\\/uploads\\\/2020\\\/03\\\/LogoTELEMMe-horizontal-fond-transparent.png\",\"contentUrl\":\"https:\\\/\\\/telemme.mmsh.fr\\\/wp-content\\\/uploads\\\/2020\\\/03\\\/LogoTELEMMe-horizontal-fond-transparent.png\",\"width\":1500,\"height\":437,\"caption\":\"TELEMMe\"},\"image\":{\"@id\":\"https:\\\/\\\/telemme.mmsh.fr\\\/#\\\/schema\\\/logo\\\/image\\\/\"}},{\"@type\":\"Person\",\"@id\":\"https:\\\/\\\/telemme.mmsh.fr\\\/#\\\/schema\\\/person\\\/86a185da4836381586528ced48e263f5\",\"name\":\"Delphine Cavallo\",\"url\":\"https:\\\/\\\/telemme.mmsh.fr\\\/?author=6\"}]}<\/script>\n<!-- \/ Yoast SEO plugin. -->","yoast_head_json":{"title":"Le prix de la Contre-All\u00e9e \u00e0 J\u00e9r\u00e9mie Foa pour Tous ceux qui tombent - TELEMMe - Temps, espaces, langages, Europe m\u00e9ridionale, M\u00e9diterran\u00e9e","description":"Le Prix de la Contre-All\u00e9e 2022 a \u00e9t\u00e9 attribu\u00e9 le 7 mars \u00e0 J\u00e9r\u00e9mie Foa pour son livre Tous ceux qui tombent. Visages du massacre de la Saint-Barth\u00e9l\u00e9my, publi\u00e9 aux \u00c9ditions La D\u00e9couverte en 2021. Le prix est d\u00e9cern\u00e9 pour la premi\u00e8re fois par l'Institut histoire et lumi\u00e8res de la pens\u00e9e, pr\u00e9sid\u00e9 par Olivier B\u00e9tourn\u00e9 et Elisabeth Roudinesco. Le prix sera remis \u00e0 J\u00e9r\u00e9mie Foa le 17 mars \u00e0 Paris. Toutes nos f\u00e9licitations \u00e0 J\u00e9r\u00e9mi","robots":{"index":"index","follow":"follow","max-snippet":"max-snippet:-1","max-image-preview":"max-image-preview:large","max-video-preview":"max-video-preview:-1"},"canonical":"https:\/\/telemme.mmsh.fr\/?p=10808","og_locale":"fr_FR","og_type":"article","og_title":"Le prix de la Contre-All\u00e9e \u00e0 J\u00e9r\u00e9mie Foa pour Tous ceux qui tombent - TELEMMe - Temps, espaces, langages, Europe m\u00e9ridionale, M\u00e9diterran\u00e9e","og_description":"Le Prix de la Contre-All\u00e9e 2022 a \u00e9t\u00e9 attribu\u00e9 le 7 mars \u00e0 J\u00e9r\u00e9mie Foa pour son livre Tous ceux qui tombent. Visages du massacre de la Saint-Barth\u00e9l\u00e9my, publi\u00e9 aux \u00c9ditions La D\u00e9couverte en 2021. Le prix est d\u00e9cern\u00e9 pour la premi\u00e8re fois par l'Institut histoire et lumi\u00e8res de la pens\u00e9e, pr\u00e9sid\u00e9 par Olivier B\u00e9tourn\u00e9 et Elisabeth Roudinesco. Le prix sera remis \u00e0 J\u00e9r\u00e9mie Foa le 17 mars \u00e0 Paris. Toutes nos f\u00e9licitations \u00e0 J\u00e9r\u00e9mi","og_url":"https:\/\/telemme.mmsh.fr\/?p=10808","og_site_name":"TELEMMe - Temps, espaces, langages, Europe m\u00e9ridionale, M\u00e9diterran\u00e9e","article_published_time":"2022-03-16T10:44:45+00:00","article_modified_time":"2022-03-16T10:45:16+00:00","og_image":[{"width":300,"height":440,"url":"https:\/\/telemme.mmsh.fr\/wp-content\/uploads\/2022\/03\/9782348057885_TousCeuxQuiTombent-1.jpg","type":"image\/jpeg"}],"author":"Delphine Cavallo","twitter_card":"summary_large_image","twitter_misc":{"\u00c9crit par":"Delphine Cavallo","Dur\u00e9e de lecture estim\u00e9e":"2 minutes"},"schema":{"@context":"https:\/\/schema.org","@graph":[{"@type":"Article","@id":"https:\/\/telemme.mmsh.fr\/?p=10808#article","isPartOf":{"@id":"https:\/\/telemme.mmsh.fr\/?p=10808"},"author":{"name":"Delphine Cavallo","@id":"https:\/\/telemme.mmsh.fr\/#\/schema\/person\/86a185da4836381586528ced48e263f5"},"headline":"Le prix de la Contre-All\u00e9e \u00e0 J\u00e9r\u00e9mie Foa pour Tous ceux qui tombent","datePublished":"2022-03-16T10:44:45+00:00","dateModified":"2022-03-16T10:45:16+00:00","mainEntityOfPage":{"@id":"https:\/\/telemme.mmsh.fr\/?p=10808"},"wordCount":328,"publisher":{"@id":"https:\/\/telemme.mmsh.fr\/#organization"},"image":{"@id":"https:\/\/telemme.mmsh.fr\/?p=10808#primaryimage"},"thumbnailUrl":"https:\/\/telemme.mmsh.fr\/wp-content\/uploads\/2022\/03\/9782348057885_TousCeuxQuiTombent-1.jpg","articleSection":["Prix"],"inLanguage":"fr-FR"},{"@type":"WebPage","@id":"https:\/\/telemme.mmsh.fr\/?p=10808","url":"https:\/\/telemme.mmsh.fr\/?p=10808","name":"Le prix de la Contre-All\u00e9e \u00e0 J\u00e9r\u00e9mie Foa pour Tous ceux qui tombent - TELEMMe - Temps, espaces, langages, Europe m\u00e9ridionale, M\u00e9diterran\u00e9e","isPartOf":{"@id":"https:\/\/telemme.mmsh.fr\/#website"},"primaryImageOfPage":{"@id":"https:\/\/telemme.mmsh.fr\/?p=10808#primaryimage"},"image":{"@id":"https:\/\/telemme.mmsh.fr\/?p=10808#primaryimage"},"thumbnailUrl":"https:\/\/telemme.mmsh.fr\/wp-content\/uploads\/2022\/03\/9782348057885_TousCeuxQuiTombent-1.jpg","datePublished":"2022-03-16T10:44:45+00:00","dateModified":"2022-03-16T10:45:16+00:00","description":"Le Prix de la Contre-All\u00e9e 2022 a \u00e9t\u00e9 attribu\u00e9 le 7 mars \u00e0 J\u00e9r\u00e9mie Foa pour son livre Tous ceux qui tombent. Visages du massacre de la Saint-Barth\u00e9l\u00e9my, publi\u00e9 aux \u00c9ditions La D\u00e9couverte en 2021. Le prix est d\u00e9cern\u00e9 pour la premi\u00e8re fois par l'Institut histoire et lumi\u00e8res de la pens\u00e9e, pr\u00e9sid\u00e9 par Olivier B\u00e9tourn\u00e9 et Elisabeth Roudinesco. Le prix sera remis \u00e0 J\u00e9r\u00e9mie Foa le 17 mars \u00e0 Paris. Toutes nos f\u00e9licitations \u00e0 J\u00e9r\u00e9mi","breadcrumb":{"@id":"https:\/\/telemme.mmsh.fr\/?p=10808#breadcrumb"},"inLanguage":"fr-FR","potentialAction":[{"@type":"ReadAction","target":["https:\/\/telemme.mmsh.fr\/?p=10808"]}]},{"@type":"ImageObject","inLanguage":"fr-FR","@id":"https:\/\/telemme.mmsh.fr\/?p=10808#primaryimage","url":"https:\/\/telemme.mmsh.fr\/wp-content\/uploads\/2022\/03\/9782348057885_TousCeuxQuiTombent-1.jpg","contentUrl":"https:\/\/telemme.mmsh.fr\/wp-content\/uploads\/2022\/03\/9782348057885_TousCeuxQuiTombent-1.jpg","width":300,"height":440,"caption":"Couverture de Tous ceux qui tombent, J\u00e9r\u00e9mie Foa, La D\u00e9couverte, 2021"},{"@type":"BreadcrumbList","@id":"https:\/\/telemme.mmsh.fr\/?p=10808#breadcrumb","itemListElement":[{"@type":"ListItem","position":1,"name":"Accueil","item":"https:\/\/telemme.mmsh.fr\/"},{"@type":"ListItem","position":2,"name":"Actualit\u00e9s","item":"https:\/\/telemme.mmsh.fr\/?cat=1995"},{"@type":"ListItem","position":3,"name":"Prix","item":"https:\/\/telemme.mmsh.fr\/?cat=1997"},{"@type":"ListItem","position":4,"name":"Le prix de la Contre-All\u00e9e \u00e0 J\u00e9r\u00e9mie Foa pour Tous ceux qui tombent"}]},{"@type":"WebSite","@id":"https:\/\/telemme.mmsh.fr\/#website","url":"https:\/\/telemme.mmsh.fr\/","name":"TELEMMe - Temps, espaces, langages, Europe m\u00e9ridionale, M\u00e9diterran\u00e9e","description":"","publisher":{"@id":"https:\/\/telemme.mmsh.fr\/#organization"},"potentialAction":[{"@type":"SearchAction","target":{"@type":"EntryPoint","urlTemplate":"https:\/\/telemme.mmsh.fr\/?s={search_term_string}"},"query-input":{"@type":"PropertyValueSpecification","valueRequired":true,"valueName":"search_term_string"}}],"inLanguage":"fr-FR"},{"@type":"Organization","@id":"https:\/\/telemme.mmsh.fr\/#organization","name":"TELEMMe","url":"https:\/\/telemme.mmsh.fr\/","logo":{"@type":"ImageObject","inLanguage":"fr-FR","@id":"https:\/\/telemme.mmsh.fr\/#\/schema\/logo\/image\/","url":"https:\/\/telemme.mmsh.fr\/wp-content\/uploads\/2020\/03\/LogoTELEMMe-horizontal-fond-transparent.png","contentUrl":"https:\/\/telemme.mmsh.fr\/wp-content\/uploads\/2020\/03\/LogoTELEMMe-horizontal-fond-transparent.png","width":1500,"height":437,"caption":"TELEMMe"},"image":{"@id":"https:\/\/telemme.mmsh.fr\/#\/schema\/logo\/image\/"}},{"@type":"Person","@id":"https:\/\/telemme.mmsh.fr\/#\/schema\/person\/86a185da4836381586528ced48e263f5","name":"Delphine Cavallo","url":"https:\/\/telemme.mmsh.fr\/?author=6"}]}},"_links":{"self":[{"href":"https:\/\/telemme.mmsh.fr\/index.php?rest_route=\/wp\/v2\/posts\/10808","targetHints":{"allow":["GET"]}}],"collection":[{"href":"https:\/\/telemme.mmsh.fr\/index.php?rest_route=\/wp\/v2\/posts"}],"about":[{"href":"https:\/\/telemme.mmsh.fr\/index.php?rest_route=\/wp\/v2\/types\/post"}],"author":[{"embeddable":true,"href":"https:\/\/telemme.mmsh.fr\/index.php?rest_route=\/wp\/v2\/users\/6"}],"replies":[{"embeddable":true,"href":"https:\/\/telemme.mmsh.fr\/index.php?rest_route=%2Fwp%2Fv2%2Fcomments&post=10808"}],"version-history":[{"count":8,"href":"https:\/\/telemme.mmsh.fr\/index.php?rest_route=\/wp\/v2\/posts\/10808\/revisions"}],"predecessor-version":[{"id":10818,"href":"https:\/\/telemme.mmsh.fr\/index.php?rest_route=\/wp\/v2\/posts\/10808\/revisions\/10818"}],"wp:featuredmedia":[{"embeddable":true,"href":"https:\/\/telemme.mmsh.fr\/index.php?rest_route=\/wp\/v2\/media\/10814"}],"wp:attachment":[{"href":"https:\/\/telemme.mmsh.fr\/index.php?rest_route=%2Fwp%2Fv2%2Fmedia&parent=10808"}],"wp:term":[{"taxonomy":"category","embeddable":true,"href":"https:\/\/telemme.mmsh.fr\/index.php?rest_route=%2Fwp%2Fv2%2Fcategories&post=10808"},{"taxonomy":"post_tag","embeddable":true,"href":"https:\/\/telemme.mmsh.fr\/index.php?rest_route=%2Fwp%2Fv2%2Ftags&post=10808"}],"curies":[{"name":"wp","href":"https:\/\/api.w.org\/{rel}","templated":true}]}}