{"id":10749,"date":"2022-03-07T16:40:43","date_gmt":"2022-03-07T15:40:43","guid":{"rendered":"https:\/\/telemme.mmsh.fr\/?p=10749"},"modified":"2022-03-07T16:40:45","modified_gmt":"2022-03-07T15:40:45","slug":"these-soizic-morin-la-place-des-femmes-dans-le-champ-de-la-sante-dans-les-bouches-du-rhone-lundi-21-mars-2022","status":"publish","type":"post","link":"https:\/\/telemme.mmsh.fr\/?p=10749","title":{"rendered":"[Th\u00e8se] Soizic Morin, La place des femmes dans le champ de la sant\u00e9 dans les Bouches-du-Rh\u00f4ne, lundi 21 mars 2022"},"content":{"rendered":"<p><a href=\"https:\/\/telemme.mmsh.fr\/?membres=soizic-morin\"><strong>Soizic Morin<\/strong><\/a> soutiendra sa th\u00e8se en histoire, intitul\u00e9e<\/p>\n<p><a href=\"https:\/\/telemme.mmsh.fr\/?these=la-place-des-femmes-dans-le-champ-de-la-sante-bouches-du-rhone-xixe-xxe-siecles\"><em>La place des femmes dans le champ de la sant\u00e9 dans les Bouches-du-Rh\u00f4ne : une histoire sociale de la sant\u00e9 au prisme du genre<\/em><\/a><\/p>\n<p><strong>lundi 21 mars \u00e0 14h00 \u00e0 la MMSH,<\/strong> salle Paul-Albert F\u00e9vrier \u00e0 Aix-en-Provence.<\/p>\n<p><strong>Le jury sera compos\u00e9 de<\/strong> :<\/p>\n<ul>\n<li>Jean-Paul Barri\u00e8re, professeur d\u2019histoire contemporaine \u00e0 l\u2019Universit\u00e9 Franche-Comt\u00e9 Besan\u00e7on, Rapporteur<\/li>\n<li>Christophe Capuano, professeur d\u2019histoire contemporaine \u00e0 l\u2019Universit\u00e9 Grenoble-Alpes, Rapporteur<\/li>\n<li>Anne Carol, professeure d\u2019histoire contemporaine \u00e0 Aix-Marseille Universit\u00e9, Directrice de th\u00e8se<\/li>\n<li>Isabelle Renaudet, professeure d\u2019histoire contemporaine \u00e0 Aix-Marseille Universit\u00e9, Pr\u00e9sidente.<\/li>\n<\/ul>\n<h2><strong>R\u00e9sum\u00e9<\/strong><\/h2>\n<p>Cette th\u00e8se a pour ambition d\u2019\u00e9tudier la n\u00e9buleuse des femmes dans le champ de la sant\u00e9 au XIXe si\u00e8cle dans le d\u00e9partement des Bouches-du-Rh\u00f4ne. Les femmes ont toujours soign\u00e9, mais cette fonction gagne alors en visibilit\u00e9 et il devient n\u00e9cessaire, pour les m\u00e9decins et les gouvernants, de th\u00e9oriser, l\u00e9gitimer, mais aussi encadrer cette pr\u00e9sence f\u00e9minine dans le champ de la sant\u00e9. Les femmes occupent des activit\u00e9s multiples dans la sant\u00e9 : dames de charit\u00e9, herboristes, p\u00e9dicures, sages-femmes, infirmi\u00e8res, doctoresses&#8230; notre hypoth\u00e8se est qu\u2019elles ont jou\u00e9 un r\u00f4le dans la m\u00e9dicalisation du d\u00e9partement, en se rendant visibles et disponibles aupr\u00e8s de populations qui \u00e9taient en demande de sant\u00e9. La premi\u00e8re partie de la th\u00e8se confronte les discours th\u00e9oriques qui assignent aux femmes une vocation naturelle \u00e0 prendre soin d\u2019autrui avec le cadre l\u00e9gal et r\u00e9glementaire dans lequel leur activit\u00e9 est rendue possible. Elle montre comment la n\u00e9cessit\u00e9 d\u2019une formation s\u2019impose plus ou moins rapidement dans les divers champs du soin, ouvrant la voie vers une professionnalisation. La seconde partie explore la r\u00e9alit\u00e9 sociale, \u00e0 travers la diversit\u00e9 du monde des femmes qui soignent : diversit\u00e9 des lieux (de l\u2019h\u00f4pital aux cabinets), des champs d\u2019intervention (de l\u2019accouchement au param\u00e9dical), du degr\u00e9 d\u2019insertion dans le march\u00e9 du soin (de la charit\u00e9 \u00e0 la vente de rem\u00e8des), ainsi que la diversit\u00e9 du degr\u00e9 de contr\u00f4le r\u00e9glementaire de ces activit\u00e9s. La troisi\u00e8me partie s\u2019interroge enfin sur les motivations des femmes qui soignent, les strat\u00e9gies professionnelles qu\u2019elles d\u00e9ploient et leur degr\u00e9 d\u2019agentivit\u00e9 ou de reconnaissance. Parmi toutes, une seule cat\u00e9gorie parvient \u00e0 se professionnaliser r\u00e9ellement : les sages-femmes. N\u00e9anmoins, les autres ne sont pas rest\u00e9es passives. Toutes ont essay\u00e9 d\u2019\u00eatre actives dans leur m\u00e9tier, quitte \u00e0 l\u2019abandonner lorsqu\u2019elles trouvaient mieux ailleurs. Le champ de la sant\u00e9 a ainsi pu constituer, pour les femmes au XIXe si\u00e8cle, une opportunit\u00e9 pour progresser socialement.<\/p>\n","protected":false},"excerpt":{"rendered":"<p>Soizic Morin soutiendra sa th\u00e8se en histoire, intitul\u00e9e La place des femmes dans le champ de la sant\u00e9 dans les Bouches-du-Rh\u00f4ne : une histoire sociale de la sant\u00e9 au prisme du genre lundi 21 mars \u00e0 14h00 \u00e0 la MMSH, salle Paul-Albert F\u00e9vrier \u00e0 Aix-en-Provence.<\/p>\n","protected":false},"author":6,"featured_media":10742,"comment_status":"closed","ping_status":"closed","sticky":false,"template":"","format":"standard","meta":{"neve_meta_sidebar":"","neve_meta_container":"","neve_meta_enable_content_width":"off","neve_meta_content_width":70,"neve_meta_title_alignment":"","neve_meta_author_avatar":"","neve_post_elements_order":"","neve_meta_disable_header":"","neve_meta_disable_footer":"","neve_meta_disable_title":"","_tribe_events_control_status":"","_tribe_events_control_status_canceled_reason":"","_tribe_events_control_status_postponed_reason":"","_tribe_events_control_online":"","_tribe_events_control_online_url":"","footnotes":""},"categories":[1999],"tags":[2432,2430,2431],"class_list":["post-10749","post","type-post","status-publish","format-standard","has-post-thumbnail","hentry","category-soutenance-these","tag-bouches-du-rhone","tag-fammes","tag-sante"],"yoast_head":"<!-- This site is optimized with the Yoast SEO plugin v27.4 - https:\/\/yoast.com\/product\/yoast-seo-wordpress\/ -->\n<title>[Th\u00e8se] Soizic Morin, La place des femmes dans le champ de la sant\u00e9 dans les Bouches-du-Rh\u00f4ne, lundi 21 mars 2022 - TELEMMe - Temps, espaces, langages, Europe m\u00e9ridionale, M\u00e9diterran\u00e9e<\/title>\n<meta name=\"description\" content=\"Soizic Morin soutiendra sa th\u00e8se en histoire, intitul\u00e9eLa place des femmes dans le champ de la sant\u00e9 dans les Bouches-du-Rh\u00f4ne : une histoire sociale de la sant\u00e9 au prisme du genrelundi 21 mars \u00e0 14h00 \u00e0 la MMSH, salle Paul-Albert F\u00e9vrier \u00e0 Aix-en-Provence.\u00a0\" \/>\n<meta name=\"robots\" content=\"index, follow, max-snippet:-1, max-image-preview:large, max-video-preview:-1\" \/>\n<link rel=\"canonical\" href=\"https:\/\/telemme.mmsh.fr\/?p=10749\" \/>\n<meta property=\"og:locale\" content=\"fr_FR\" \/>\n<meta property=\"og:type\" content=\"article\" \/>\n<meta property=\"og:title\" content=\"[Th\u00e8se] Soizic Morin, La place des femmes dans le champ de la sant\u00e9 dans les Bouches-du-Rh\u00f4ne, lundi 21 mars 2022 - TELEMMe - Temps, espaces, langages, Europe m\u00e9ridionale, M\u00e9diterran\u00e9e\" \/>\n<meta property=\"og:description\" content=\"Soizic Morin soutiendra sa th\u00e8se en histoire, intitul\u00e9eLa place des femmes dans le champ de la sant\u00e9 dans les Bouches-du-Rh\u00f4ne : une histoire sociale de la sant\u00e9 au prisme du genrelundi 21 mars \u00e0 14h00 \u00e0 la MMSH, salle Paul-Albert F\u00e9vrier \u00e0 Aix-en-Provence.\u00a0\" \/>\n<meta property=\"og:url\" content=\"https:\/\/telemme.mmsh.fr\/?p=10749\" \/>\n<meta property=\"og:site_name\" content=\"TELEMMe - Temps, espaces, langages, Europe m\u00e9ridionale, M\u00e9diterran\u00e9e\" \/>\n<meta property=\"article:published_time\" content=\"2022-03-07T15:40:43+00:00\" \/>\n<meta property=\"article:modified_time\" content=\"2022-03-07T15:40:45+00:00\" \/>\n<meta property=\"og:image\" content=\"https:\/\/telemme.mmsh.fr\/wp-content\/uploads\/2022\/03\/Oeuvre-du-Calvaire.-Dortoirs-Sainte-Anne.png\" \/>\n\t<meta property=\"og:image:width\" content=\"938\" \/>\n\t<meta property=\"og:image:height\" content=\"594\" \/>\n\t<meta property=\"og:image:type\" content=\"image\/png\" \/>\n<meta name=\"author\" content=\"Delphine Cavallo\" \/>\n<meta name=\"twitter:card\" content=\"summary_large_image\" \/>\n<meta name=\"twitter:label1\" content=\"\u00c9crit par\" \/>\n\t<meta name=\"twitter:data1\" content=\"Delphine Cavallo\" \/>\n\t<meta name=\"twitter:label2\" content=\"Dur\u00e9e de lecture estim\u00e9e\" \/>\n\t<meta name=\"twitter:data2\" content=\"3 minutes\" \/>\n<script type=\"application\/ld+json\" class=\"yoast-schema-graph\">{\"@context\":\"https:\\\/\\\/schema.org\",\"@graph\":[{\"@type\":\"Article\",\"@id\":\"https:\\\/\\\/telemme.mmsh.fr\\\/?p=10749#article\",\"isPartOf\":{\"@id\":\"https:\\\/\\\/telemme.mmsh.fr\\\/?p=10749\"},\"author\":{\"name\":\"Delphine Cavallo\",\"@id\":\"https:\\\/\\\/telemme.mmsh.fr\\\/#\\\/schema\\\/person\\\/86a185da4836381586528ced48e263f5\"},\"headline\":\"[Th\u00e8se] Soizic Morin, La place des femmes dans le champ de la sant\u00e9 dans les Bouches-du-Rh\u00f4ne, lundi 21 mars 2022\",\"datePublished\":\"2022-03-07T15:40:43+00:00\",\"dateModified\":\"2022-03-07T15:40:45+00:00\",\"mainEntityOfPage\":{\"@id\":\"https:\\\/\\\/telemme.mmsh.fr\\\/?p=10749\"},\"wordCount\":469,\"publisher\":{\"@id\":\"https:\\\/\\\/telemme.mmsh.fr\\\/#organization\"},\"image\":{\"@id\":\"https:\\\/\\\/telemme.mmsh.fr\\\/?p=10749#primaryimage\"},\"thumbnailUrl\":\"https:\\\/\\\/telemme.mmsh.fr\\\/wp-content\\\/uploads\\\/2022\\\/03\\\/Oeuvre-du-Calvaire.-Dortoirs-Sainte-Anne.png\",\"keywords\":[\"Bouches-du-Rh\u00f4ne\",\"fammes\",\"sant\u00e9\"],\"articleSection\":[\"Soutenances de th\u00e8se\"],\"inLanguage\":\"fr-FR\"},{\"@type\":\"WebPage\",\"@id\":\"https:\\\/\\\/telemme.mmsh.fr\\\/?p=10749\",\"url\":\"https:\\\/\\\/telemme.mmsh.fr\\\/?p=10749\",\"name\":\"[Th\u00e8se] Soizic Morin, La place des femmes dans le champ de la sant\u00e9 dans les Bouches-du-Rh\u00f4ne, lundi 21 mars 2022 - TELEMMe - Temps, espaces, langages, Europe m\u00e9ridionale, M\u00e9diterran\u00e9e\",\"isPartOf\":{\"@id\":\"https:\\\/\\\/telemme.mmsh.fr\\\/#website\"},\"primaryImageOfPage\":{\"@id\":\"https:\\\/\\\/telemme.mmsh.fr\\\/?p=10749#primaryimage\"},\"image\":{\"@id\":\"https:\\\/\\\/telemme.mmsh.fr\\\/?p=10749#primaryimage\"},\"thumbnailUrl\":\"https:\\\/\\\/telemme.mmsh.fr\\\/wp-content\\\/uploads\\\/2022\\\/03\\\/Oeuvre-du-Calvaire.-Dortoirs-Sainte-Anne.png\",\"datePublished\":\"2022-03-07T15:40:43+00:00\",\"dateModified\":\"2022-03-07T15:40:45+00:00\",\"description\":\"Soizic Morin soutiendra sa th\u00e8se en histoire, intitul\u00e9eLa place des femmes dans le champ de la sant\u00e9 dans les Bouches-du-Rh\u00f4ne : une histoire sociale de la sant\u00e9 au prisme du genrelundi 21 mars \u00e0 14h00 \u00e0 la MMSH, salle Paul-Albert F\u00e9vrier \u00e0 Aix-en-Provence.\u00a0\",\"breadcrumb\":{\"@id\":\"https:\\\/\\\/telemme.mmsh.fr\\\/?p=10749#breadcrumb\"},\"inLanguage\":\"fr-FR\",\"potentialAction\":[{\"@type\":\"ReadAction\",\"target\":[\"https:\\\/\\\/telemme.mmsh.fr\\\/?p=10749\"]}]},{\"@type\":\"ImageObject\",\"inLanguage\":\"fr-FR\",\"@id\":\"https:\\\/\\\/telemme.mmsh.fr\\\/?p=10749#primaryimage\",\"url\":\"https:\\\/\\\/telemme.mmsh.fr\\\/wp-content\\\/uploads\\\/2022\\\/03\\\/Oeuvre-du-Calvaire.-Dortoirs-Sainte-Anne.png\",\"contentUrl\":\"https:\\\/\\\/telemme.mmsh.fr\\\/wp-content\\\/uploads\\\/2022\\\/03\\\/Oeuvre-du-Calvaire.-Dortoirs-Sainte-Anne.png\",\"width\":938,\"height\":594,\"caption\":\"Carte postale. Hospice des dames du Calvaire de Marseille. Dortoir Sainte-Anne. Source. \u00ab Carte postale. Hospice des dames du Calvaire de Marseille. Dortoir Sainte-Anne. 1904-1960. 9x14 \u00bb. In AD BDR, 6 Fi 4434\"},{\"@type\":\"BreadcrumbList\",\"@id\":\"https:\\\/\\\/telemme.mmsh.fr\\\/?p=10749#breadcrumb\",\"itemListElement\":[{\"@type\":\"ListItem\",\"position\":1,\"name\":\"Accueil\",\"item\":\"https:\\\/\\\/telemme.mmsh.fr\\\/\"},{\"@type\":\"ListItem\",\"position\":2,\"name\":\"Actualit\u00e9s\",\"item\":\"https:\\\/\\\/telemme.mmsh.fr\\\/?cat=1995\"},{\"@type\":\"ListItem\",\"position\":3,\"name\":\"Soutenances de th\u00e8se\",\"item\":\"https:\\\/\\\/telemme.mmsh.fr\\\/?cat=1999\"},{\"@type\":\"ListItem\",\"position\":4,\"name\":\"[Th\u00e8se] Soizic Morin, La place des femmes dans le champ de la sant\u00e9 dans les Bouches-du-Rh\u00f4ne, lundi 21 mars 2022\"}]},{\"@type\":\"WebSite\",\"@id\":\"https:\\\/\\\/telemme.mmsh.fr\\\/#website\",\"url\":\"https:\\\/\\\/telemme.mmsh.fr\\\/\",\"name\":\"TELEMMe - Temps, espaces, langages, Europe m\u00e9ridionale, M\u00e9diterran\u00e9e\",\"description\":\"\",\"publisher\":{\"@id\":\"https:\\\/\\\/telemme.mmsh.fr\\\/#organization\"},\"potentialAction\":[{\"@type\":\"SearchAction\",\"target\":{\"@type\":\"EntryPoint\",\"urlTemplate\":\"https:\\\/\\\/telemme.mmsh.fr\\\/?s={search_term_string}\"},\"query-input\":{\"@type\":\"PropertyValueSpecification\",\"valueRequired\":true,\"valueName\":\"search_term_string\"}}],\"inLanguage\":\"fr-FR\"},{\"@type\":\"Organization\",\"@id\":\"https:\\\/\\\/telemme.mmsh.fr\\\/#organization\",\"name\":\"TELEMMe\",\"url\":\"https:\\\/\\\/telemme.mmsh.fr\\\/\",\"logo\":{\"@type\":\"ImageObject\",\"inLanguage\":\"fr-FR\",\"@id\":\"https:\\\/\\\/telemme.mmsh.fr\\\/#\\\/schema\\\/logo\\\/image\\\/\",\"url\":\"https:\\\/\\\/telemme.mmsh.fr\\\/wp-content\\\/uploads\\\/2020\\\/03\\\/LogoTELEMMe-horizontal-fond-transparent.png\",\"contentUrl\":\"https:\\\/\\\/telemme.mmsh.fr\\\/wp-content\\\/uploads\\\/2020\\\/03\\\/LogoTELEMMe-horizontal-fond-transparent.png\",\"width\":1500,\"height\":437,\"caption\":\"TELEMMe\"},\"image\":{\"@id\":\"https:\\\/\\\/telemme.mmsh.fr\\\/#\\\/schema\\\/logo\\\/image\\\/\"}},{\"@type\":\"Person\",\"@id\":\"https:\\\/\\\/telemme.mmsh.fr\\\/#\\\/schema\\\/person\\\/86a185da4836381586528ced48e263f5\",\"name\":\"Delphine Cavallo\",\"url\":\"https:\\\/\\\/telemme.mmsh.fr\\\/?author=6\"}]}<\/script>\n<!-- \/ Yoast SEO plugin. -->","yoast_head_json":{"title":"[Th\u00e8se] Soizic Morin, La place des femmes dans le champ de la sant\u00e9 dans les Bouches-du-Rh\u00f4ne, lundi 21 mars 2022 - TELEMMe - Temps, espaces, langages, Europe m\u00e9ridionale, M\u00e9diterran\u00e9e","description":"Soizic Morin soutiendra sa th\u00e8se en histoire, intitul\u00e9eLa place des femmes dans le champ de la sant\u00e9 dans les Bouches-du-Rh\u00f4ne : une histoire sociale de la sant\u00e9 au prisme du genrelundi 21 mars \u00e0 14h00 \u00e0 la MMSH, salle Paul-Albert F\u00e9vrier \u00e0 Aix-en-Provence.\u00a0","robots":{"index":"index","follow":"follow","max-snippet":"max-snippet:-1","max-image-preview":"max-image-preview:large","max-video-preview":"max-video-preview:-1"},"canonical":"https:\/\/telemme.mmsh.fr\/?p=10749","og_locale":"fr_FR","og_type":"article","og_title":"[Th\u00e8se] Soizic Morin, La place des femmes dans le champ de la sant\u00e9 dans les Bouches-du-Rh\u00f4ne, lundi 21 mars 2022 - TELEMMe - Temps, espaces, langages, Europe m\u00e9ridionale, M\u00e9diterran\u00e9e","og_description":"Soizic Morin soutiendra sa th\u00e8se en histoire, intitul\u00e9eLa place des femmes dans le champ de la sant\u00e9 dans les Bouches-du-Rh\u00f4ne : une histoire sociale de la sant\u00e9 au prisme du genrelundi 21 mars \u00e0 14h00 \u00e0 la MMSH, salle Paul-Albert F\u00e9vrier \u00e0 Aix-en-Provence.\u00a0","og_url":"https:\/\/telemme.mmsh.fr\/?p=10749","og_site_name":"TELEMMe - Temps, espaces, langages, Europe m\u00e9ridionale, M\u00e9diterran\u00e9e","article_published_time":"2022-03-07T15:40:43+00:00","article_modified_time":"2022-03-07T15:40:45+00:00","og_image":[{"width":938,"height":594,"url":"https:\/\/telemme.mmsh.fr\/wp-content\/uploads\/2022\/03\/Oeuvre-du-Calvaire.-Dortoirs-Sainte-Anne.png","type":"image\/png"}],"author":"Delphine Cavallo","twitter_card":"summary_large_image","twitter_misc":{"\u00c9crit par":"Delphine Cavallo","Dur\u00e9e de lecture estim\u00e9e":"3 minutes"},"schema":{"@context":"https:\/\/schema.org","@graph":[{"@type":"Article","@id":"https:\/\/telemme.mmsh.fr\/?p=10749#article","isPartOf":{"@id":"https:\/\/telemme.mmsh.fr\/?p=10749"},"author":{"name":"Delphine Cavallo","@id":"https:\/\/telemme.mmsh.fr\/#\/schema\/person\/86a185da4836381586528ced48e263f5"},"headline":"[Th\u00e8se] Soizic Morin, La place des femmes dans le champ de la sant\u00e9 dans les Bouches-du-Rh\u00f4ne, lundi 21 mars 2022","datePublished":"2022-03-07T15:40:43+00:00","dateModified":"2022-03-07T15:40:45+00:00","mainEntityOfPage":{"@id":"https:\/\/telemme.mmsh.fr\/?p=10749"},"wordCount":469,"publisher":{"@id":"https:\/\/telemme.mmsh.fr\/#organization"},"image":{"@id":"https:\/\/telemme.mmsh.fr\/?p=10749#primaryimage"},"thumbnailUrl":"https:\/\/telemme.mmsh.fr\/wp-content\/uploads\/2022\/03\/Oeuvre-du-Calvaire.-Dortoirs-Sainte-Anne.png","keywords":["Bouches-du-Rh\u00f4ne","fammes","sant\u00e9"],"articleSection":["Soutenances de th\u00e8se"],"inLanguage":"fr-FR"},{"@type":"WebPage","@id":"https:\/\/telemme.mmsh.fr\/?p=10749","url":"https:\/\/telemme.mmsh.fr\/?p=10749","name":"[Th\u00e8se] Soizic Morin, La place des femmes dans le champ de la sant\u00e9 dans les Bouches-du-Rh\u00f4ne, lundi 21 mars 2022 - TELEMMe - Temps, espaces, langages, Europe m\u00e9ridionale, M\u00e9diterran\u00e9e","isPartOf":{"@id":"https:\/\/telemme.mmsh.fr\/#website"},"primaryImageOfPage":{"@id":"https:\/\/telemme.mmsh.fr\/?p=10749#primaryimage"},"image":{"@id":"https:\/\/telemme.mmsh.fr\/?p=10749#primaryimage"},"thumbnailUrl":"https:\/\/telemme.mmsh.fr\/wp-content\/uploads\/2022\/03\/Oeuvre-du-Calvaire.-Dortoirs-Sainte-Anne.png","datePublished":"2022-03-07T15:40:43+00:00","dateModified":"2022-03-07T15:40:45+00:00","description":"Soizic Morin soutiendra sa th\u00e8se en histoire, intitul\u00e9eLa place des femmes dans le champ de la sant\u00e9 dans les Bouches-du-Rh\u00f4ne : une histoire sociale de la sant\u00e9 au prisme du genrelundi 21 mars \u00e0 14h00 \u00e0 la MMSH, salle Paul-Albert F\u00e9vrier \u00e0 Aix-en-Provence.\u00a0","breadcrumb":{"@id":"https:\/\/telemme.mmsh.fr\/?p=10749#breadcrumb"},"inLanguage":"fr-FR","potentialAction":[{"@type":"ReadAction","target":["https:\/\/telemme.mmsh.fr\/?p=10749"]}]},{"@type":"ImageObject","inLanguage":"fr-FR","@id":"https:\/\/telemme.mmsh.fr\/?p=10749#primaryimage","url":"https:\/\/telemme.mmsh.fr\/wp-content\/uploads\/2022\/03\/Oeuvre-du-Calvaire.-Dortoirs-Sainte-Anne.png","contentUrl":"https:\/\/telemme.mmsh.fr\/wp-content\/uploads\/2022\/03\/Oeuvre-du-Calvaire.-Dortoirs-Sainte-Anne.png","width":938,"height":594,"caption":"Carte postale. Hospice des dames du Calvaire de Marseille. Dortoir Sainte-Anne. Source. \u00ab Carte postale. Hospice des dames du Calvaire de Marseille. Dortoir Sainte-Anne. 1904-1960. 9x14 \u00bb. In AD BDR, 6 Fi 4434"},{"@type":"BreadcrumbList","@id":"https:\/\/telemme.mmsh.fr\/?p=10749#breadcrumb","itemListElement":[{"@type":"ListItem","position":1,"name":"Accueil","item":"https:\/\/telemme.mmsh.fr\/"},{"@type":"ListItem","position":2,"name":"Actualit\u00e9s","item":"https:\/\/telemme.mmsh.fr\/?cat=1995"},{"@type":"ListItem","position":3,"name":"Soutenances de th\u00e8se","item":"https:\/\/telemme.mmsh.fr\/?cat=1999"},{"@type":"ListItem","position":4,"name":"[Th\u00e8se] Soizic Morin, La place des femmes dans le champ de la sant\u00e9 dans les Bouches-du-Rh\u00f4ne, lundi 21 mars 2022"}]},{"@type":"WebSite","@id":"https:\/\/telemme.mmsh.fr\/#website","url":"https:\/\/telemme.mmsh.fr\/","name":"TELEMMe - Temps, espaces, langages, Europe m\u00e9ridionale, M\u00e9diterran\u00e9e","description":"","publisher":{"@id":"https:\/\/telemme.mmsh.fr\/#organization"},"potentialAction":[{"@type":"SearchAction","target":{"@type":"EntryPoint","urlTemplate":"https:\/\/telemme.mmsh.fr\/?s={search_term_string}"},"query-input":{"@type":"PropertyValueSpecification","valueRequired":true,"valueName":"search_term_string"}}],"inLanguage":"fr-FR"},{"@type":"Organization","@id":"https:\/\/telemme.mmsh.fr\/#organization","name":"TELEMMe","url":"https:\/\/telemme.mmsh.fr\/","logo":{"@type":"ImageObject","inLanguage":"fr-FR","@id":"https:\/\/telemme.mmsh.fr\/#\/schema\/logo\/image\/","url":"https:\/\/telemme.mmsh.fr\/wp-content\/uploads\/2020\/03\/LogoTELEMMe-horizontal-fond-transparent.png","contentUrl":"https:\/\/telemme.mmsh.fr\/wp-content\/uploads\/2020\/03\/LogoTELEMMe-horizontal-fond-transparent.png","width":1500,"height":437,"caption":"TELEMMe"},"image":{"@id":"https:\/\/telemme.mmsh.fr\/#\/schema\/logo\/image\/"}},{"@type":"Person","@id":"https:\/\/telemme.mmsh.fr\/#\/schema\/person\/86a185da4836381586528ced48e263f5","name":"Delphine Cavallo","url":"https:\/\/telemme.mmsh.fr\/?author=6"}]}},"_links":{"self":[{"href":"https:\/\/telemme.mmsh.fr\/index.php?rest_route=\/wp\/v2\/posts\/10749","targetHints":{"allow":["GET"]}}],"collection":[{"href":"https:\/\/telemme.mmsh.fr\/index.php?rest_route=\/wp\/v2\/posts"}],"about":[{"href":"https:\/\/telemme.mmsh.fr\/index.php?rest_route=\/wp\/v2\/types\/post"}],"author":[{"embeddable":true,"href":"https:\/\/telemme.mmsh.fr\/index.php?rest_route=\/wp\/v2\/users\/6"}],"replies":[{"embeddable":true,"href":"https:\/\/telemme.mmsh.fr\/index.php?rest_route=%2Fwp%2Fv2%2Fcomments&post=10749"}],"version-history":[{"count":3,"href":"https:\/\/telemme.mmsh.fr\/index.php?rest_route=\/wp\/v2\/posts\/10749\/revisions"}],"predecessor-version":[{"id":10752,"href":"https:\/\/telemme.mmsh.fr\/index.php?rest_route=\/wp\/v2\/posts\/10749\/revisions\/10752"}],"wp:featuredmedia":[{"embeddable":true,"href":"https:\/\/telemme.mmsh.fr\/index.php?rest_route=\/wp\/v2\/media\/10742"}],"wp:attachment":[{"href":"https:\/\/telemme.mmsh.fr\/index.php?rest_route=%2Fwp%2Fv2%2Fmedia&parent=10749"}],"wp:term":[{"taxonomy":"category","embeddable":true,"href":"https:\/\/telemme.mmsh.fr\/index.php?rest_route=%2Fwp%2Fv2%2Fcategories&post=10749"},{"taxonomy":"post_tag","embeddable":true,"href":"https:\/\/telemme.mmsh.fr\/index.php?rest_route=%2Fwp%2Fv2%2Ftags&post=10749"}],"curies":[{"name":"wp","href":"https:\/\/api.w.org\/{rel}","templated":true}]}}