{"id":10571,"date":"2022-02-10T17:20:24","date_gmt":"2022-02-10T16:20:24","guid":{"rendered":"https:\/\/telemme.mmsh.fr\/?p=10571"},"modified":"2022-02-10T17:21:17","modified_gmt":"2022-02-10T16:21:17","slug":"aap-saisir-linvisible-les-faces-cachees-des-societes","status":"publish","type":"post","link":"https:\/\/telemme.mmsh.fr\/?p=10571","title":{"rendered":"[AAP] Saisir l\u2019invisible : les faces cach\u00e9es des soci\u00e9t\u00e9s"},"content":{"rendered":"<h3><em>Journ\u00e9e d\u2019\u00e9tudes des Jeunes chercheurs\u00b7euses de l\u2019UMR TELEMMe <\/em><\/h3>\n<h4>25 mai 2022<br \/>\nMaison m\u00e9diterran\u00e9enne des sciences de l\u2019homme (MMSH), Aix-en-Provence<\/h4>\n<p>\u00ab\u2009Les autres sont invisibles pour nous parce que nous ne faisons pas l\u2019effort de les reconna\u00eetre comme des \u00eatres humains\u2009\u00bb. C\u2019est par ces mots que le romancier afro-am\u00e9ricain Ralph Ellison met en lumi\u00e8re les in\u00e9galit\u00e9s d\u2019une Am\u00e9rique s\u00e9gr\u00e9gu\u00e9e dans son ouvrage <em>Homme invisible, pour qui chantes-tu\u2009?<\/em><a href=\"#_ftn1\" name=\"_ftnref1\"><sup>[1]<\/sup><\/a>.<\/p>\n<p>Au sein des soci\u00e9t\u00e9s, l\u2019acc\u00e8s \u00e0 la reconnaissance est in\u00e9gal : des individus, groupes, courants de pens\u00e9e et pratiques peinent \u00e0 exister tant dans les discours que dans les repr\u00e9sentations. En les occultant, l\u2019invisibilisation sociale, \u00ab\u2009processus dont la cons\u00e9quence ultime est l\u2019impossibilit\u00e9 de participer \u00e0 la vie sociale<a href=\"#_ftn2\" name=\"_ftnref2\"><sup>[2]<\/sup><\/a>\u2009\u00bb, contribue au maintien d\u2019un consensus qui profite aux dominant\u00b7es. C\u2019est par une mise \u00e0 l\u2019\u00e9cart sociale, politique, \u00e9conomique, juridique, g\u00e9ographique ou encore symbolique que se produisent les divisions et la stratification des groupes humains. En cons\u00e9quence, il s\u2019agira d\u2019analyser ces m\u00e9canismes au prisme des acteur\u00b7rices, des objets et des espaces invisibilis\u00e9s.<\/p>\n<p>Dans la r\u00e9flexion ph\u00e9nom\u00e9nologique, l\u2019invisible est ce qui n\u2019est pas per\u00e7u par le regard. C\u2019est donc dans la subjectivit\u00e9 du regardant qu\u2019il s\u2019\u00e9labore. Plus largement, l\u2019invisible renvoie aux \u00e9l\u00e9ments marginaux, informels, cach\u00e9s ou absents\u2009; aux groupes et pratiques historiquement \u00e9clips\u00e9s par la soci\u00e9t\u00e9 ; \u00e0 ce qui est trop ordinaire, trop banal pour \u00eatre remarqu\u00e9 ; ou encore aux mondes de l\u2019immat\u00e9riel et du virtuel.<\/p>\n<p>Inscrit en n\u00e9gatif dans toutes les recherches, l\u2019invisible est <em>a priori<\/em> \u00e0 la fois omnipr\u00e9sent et insaisissable. L\u2019ambition de cerner, analyser et d\u00e9voiler cette face cach\u00e9e des soci\u00e9t\u00e9s constitue un des fondements des sciences humaines et sociales. L\u2019invisibilit\u00e9 d\u2019un ph\u00e9nom\u00e8ne est d\u2019abord largement d\u00e9termin\u00e9e par le manque de donn\u00e9es, dont la r\u00e9colte et l\u2019\u00e9tude repr\u00e9sentent des enjeux majeurs pour les chercheur\u00b7euses. Dans la seconde moiti\u00e9 du XX<sup>e<\/sup> si\u00e8cle, on assiste \u00e0 un renouvellement des th\u00e9ories, des m\u00e9thodes, mais aussi des sujets de recherche qui mettent d\u00e9sormais \u00e0 l\u2019honneur des acteur\u00b7rices, des espaces et des objets longtemps ignor\u00e9s, car difficilement d\u00e9limitables ou quantifiables<a href=\"#_ftn3\" name=\"_ftnref3\"><sup>[3]<\/sup><\/a>. \u00c0 partir des ann\u00e9es 1970, de nouveaux courants transdisciplinaires, apparus dans le sillage du structuralisme et de la crise des id\u00e9ologies, ont permis de jeter la lumi\u00e8re sur des zones d\u2019ombre, des processus d\u2019invisibilisation, et donc des probl\u00e9matiques de domination dans la soci\u00e9t\u00e9 et jusque dans la science elle-m\u00eame. Les <em>studies<\/em><a href=\"#_ftn4\" name=\"_ftnref4\"><sup>[4]<\/sup><\/a> anglo-saxonnes ont par exemple soulev\u00e9 les questions de la subalternit\u00e9<a href=\"#_ftn5\" name=\"_ftnref5\"><sup>[5]<\/sup><\/a> et du genre<a href=\"#_ftn6\" name=\"_ftnref6\"><sup>[6]<\/sup><\/a>. Simultan\u00e9ment, la g\u00e9ographie et la sociologie ont port\u00e9 leur regard sur de nouveaux objets de recherche, notamment \u00e0 travers l\u2019\u00e9tude des marges<a href=\"#_ftn7\" name=\"_ftnref7\"><sup>[7]<\/sup><\/a> (dans la lign\u00e9e des travaux fondateurs de l\u2019\u00c9cole de Chicago<a href=\"#_ftn8\" name=\"_ftnref8\"><sup>[8]<\/sup><\/a>) et de l\u2019informel<a href=\"#_ftn9\" name=\"_ftnref9\"><sup>[9]<\/sup><\/a>.<\/p>\n<p>Apr\u00e8s ces travaux pr\u00e9curseurs, la recherche contemporaine a confirm\u00e9 la n\u00e9cessit\u00e9 d\u2019enqu\u00eater sur les parts d\u2019invisible des soci\u00e9t\u00e9s, en lien avec les enjeux politiques et militants qui impr\u00e8gnent les d\u00e9bats scientifiques et publics. C\u2019est dans cette continuit\u00e9 que les Jeunes chercheurs\u00b7ses de TELEMMe souhaitent inscrire leur journ\u00e9e d\u2019\u00e9tudes, afin d\u2019inclure dans l\u2019analyse des groupes et des espaces qui en sont habituellement absents, et d\u2019\u00e9tudier les implications m\u00e9thodologiques et \u00e9thiques d\u2019une telle mise en lumi\u00e8re.<\/p>\n<hr \/>\n<h2><strong>Axe transversal &#8211; Saisir l\u2019invisible<\/strong><\/h2>\n<p>En interrogeant les fa\u00e7ons de \u00ab\u2009saisir l\u2019invisible\u2009\u00bb, cette journ\u00e9e aura pour fil rouge la r\u00e9flexion sur les enjeux m\u00e9thodologiques : comment d\u00e9voiler des objets et des sujets qui, par d\u00e9finition, se d\u00e9robent au regard des chercheur\u00b7euses en SHS\u2009? Quelles traces (\u00e9crites, mat\u00e9rielles, iconographiques, etc.) et quels mat\u00e9riaux (observations, entretiens, donn\u00e9es quantitatives, etc.) peuvent \u00eatre mobilis\u00e9s \u00e0 cet effet\u2009? Comment faire parler les silences de ces sources\u2009? Toutes les communications devront expliciter ces probl\u00e9matiques.<\/p>\n<h3><strong>Axe 1 &#8211; (Se) rendre invisible<\/strong><\/h3>\n<p>Parler d\u2019invisible pose imm\u00e9diatement la question du regard, du point de vue : pour qui ces objets sont-ils invisibles\u2009? Pourquoi le sont-ils ou comment le sont-ils devenus\u2009? Cet axe questionnera les processus d\u2019invisibilisation : comment le statut d\u2019invisible na\u00eet-il des interactions et rapports de force nou\u00e9s entre et au sein des groupes sociaux\u2009? Quels m\u00e9canismes les dominant\u00b7es utilisent-ils\u00b7elles pour maintenir une hi\u00e9rarchie sociale et symbolique\u2009? Dans quelle mesure certains groupes, pratiques, espaces ont-ils int\u00e9r\u00eat \u00e0 se rendre ou \u00e0 rester invisibles, \u00e0 se soustraire aux normes et au contr\u00f4le social\u2009?<\/p>\n<h3><strong>Axe 2 &#8211; \u00catre invisible<\/strong><\/h3>\n<p>Cet axe se concentrera sur les caract\u00e9ristiques des espaces, des individus et des pratiques invisibles : comment sont-ils d\u00e9finis et comment se d\u00e9finissent-ils\u2009? En quoi sont-ils \u00e0 la fois objets et producteurs de repr\u00e9sentations\u2009? Quelles ressources peut procurer cette invisibilit\u00e9 et quelles formes d\u2019agentivit\u00e9 peuvent s\u2019y d\u00e9ployer\u2009? Comment certain\u00b7es acteur\u00b7rices oscillent-ils\u00b7elles entre visibilit\u00e9 et invisibilit\u00e9\u2009? Il y a ici une occasion de s\u2019interroger sur le lien entre l\u2019invisible et des termes connexes tels que l\u2019informel, le cach\u00e9, la marge.<\/p>\n<h3><strong>Axe 3 &#8211; (Se) rendre visible<\/strong><\/h3>\n<p>L\u2019invisibilit\u00e9 pose, en creux, la question de la visibilisation et de ses cons\u00e9quences. Quelles strat\u00e9gies et tactiques les invisibles peuvent-ils\u00b7elles mettre en place pour se rendre visibles\u2009? Quelle est la place des regards politiques, m\u00e9diatiques et scientifiques dans cette mise en lumi\u00e8re\u2009? Pour le\u00b7la chercheur\u00b7se, cette d\u00e9marche porte aussi en elle des probl\u00e9matiques m\u00e9thodologiques et \u00e9thiques sur la mani\u00e8re dont il\u00b7elle influence son objet d\u2019\u00e9tude.<\/p>\n<hr \/>\n<p>Ces th\u00e9matiques pourront \u00eatre abord\u00e9es \u00e0 l\u2019aide d\u2019\u00e9tudes de cas et de travaux empiriques issus de diverses disciplines (g\u00e9ographie, histoire, histoire de l\u2019art, arch\u00e9ologie, sociologie, anthropologie, philosophie, langues et litt\u00e9rature, musicologie, psychologie, sciences juridiques, science politique, \u00e9conomie\u2026). Les communications feront appara\u00eetre explicitement les sp\u00e9cificit\u00e9s m\u00e9thodologiques et \u00e9pist\u00e9mologiques des sujets qu\u2019elles abordent.<\/p>\n<p>Les propositions des doctorant\u00b7es ou des jeunes docteur\u00b7es devront \u00eatre envoy\u00e9es <strong>avant le 27 mars 2022 <\/strong>\u00e0 l\u2019adresse : jjctelemme@gmail.com. Elles comporteront un titre, un r\u00e9sum\u00e9 de la communication projet\u00e9e (500 mots environ) ainsi qu\u2019une br\u00e8ve pr\u00e9sentation de l\u2019auteur\u00b7rice (nom, situation, unit\u00e9 de rattachement).<\/p>\n<p>Si les conditions sanitaires le permettent, la journ\u00e9e d\u2019\u00e9tudes se tiendra le <strong>25 mai 2022 <\/strong>\u00e0 la Maison m\u00e9diterran\u00e9enne des sciences de l\u2019homme, 5 rue du Ch\u00e2teau de l\u2019Horloge, 13094 Aix-en-Provence. Les frais de transport et d\u2019h\u00e9bergement restent \u00e0 la charge des participant\u00b7es ou de leur institution de rattachement. Le cas \u00e9ch\u00e9ant, la rencontre pourra \u00eatre organis\u00e9e en visioconf\u00e9rence.<\/p>\n<hr \/>\n<h3><strong>COMIT\u00c9 D\u2019ORGANISATION : <\/strong><\/h3>\n<ul>\n<li>L\u00e9na APARIS-JUTARD, doctorante en g\u00e9ographie<\/li>\n<li>L\u00e9a BATTAIS, doctorante en histoire de l\u2019art contemporain<\/li>\n<li>Dylan BECCARIA, doctorant en histoire moderne<\/li>\n<li>C\u00e9cile BOURNAT-QUERAT, doctorante en histoire moderne<\/li>\n<li>Aude-Line GERVAIS, doctorante en g\u00e9ographie<\/li>\n<li>R\u00e9mi GRISAL, doctorant en histoire contemporaine<\/li>\n<li>M\u00e9lina JOYEUX, doctorante en histoire contemporaine<\/li>\n<li>Anthony LE BERRE, doctorant en histoire moderne<\/li>\n<li>R\u00e9mi LOMBARDI, doctorant en histoire contemporaine<\/li>\n<li>Pablo PEREZ, doctorant en histoire moderne<\/li>\n<li>Ami NAGAI, doctorante en histoire contemporaine<\/li>\n<li>Sascha PERROUX, doctorante en g\u00e9ographie<\/li>\n<li>Tristan PORTIER, doctorant en histoire contemporaine<\/li>\n<li>Iris PORTOLEAU, doctorante en g\u00e9ographie<\/li>\n<li>Julie RATEAU-HOLBACH, doctorante en histoire de l\u2019art contemporain<\/li>\n<li>Luna RUSSO, doctorante en g\u00e9ographie<\/li>\n<li>Marie-Aude SALOMON, doctorante en g\u00e9ographie<\/li>\n<li>Pauline SAVEANT, doctorante en histoire contemporaine<\/li>\n<li>Marguerite VALCIN, doctorante en g\u00e9ographie<\/li>\n<\/ul>\n<hr \/>\n<p><a href=\"#_ftnref1\" name=\"_ftn1\"><sup>[1]<\/sup><\/a> Interview de Ralph Ellison dans<em> The Saturday Review of Literature<\/em>, le 12 avril 1952.<\/p>\n<p><a href=\"#_ftnref2\" name=\"_ftn2\"><sup>[2]<\/sup><\/a> Guillaume Le Blanc, <em>L&rsquo;invisibilit\u00e9 sociale<\/em>, Paris, PUF, 2009, p.\u00a01.<\/p>\n<p><a href=\"#_ftnref3\" name=\"_ftn3\"><sup>[3]<\/sup><\/a> Pierre Romelaer, Anouck Adrot, \u00ab\u00a0<a href=\"https:\/\/www.cairn.info\/recherche-qualitative-en-sciences-sociales--9782376871484-page-191.html\">Explorer l\u2019invisible\u00a0<\/a>\u00bb, <em>in<\/em> Jean-Luc Moriceau (dir.), <em>Recherche qualitative en sciences sociales<\/em>, Caen, EMS \u00c9ditions, 2019, p.\u00a0191-206.<\/p>\n<p><a href=\"#_ftnref4\" name=\"_ftn4\"><sup>[4]<\/sup><\/a> Lucas Monteil, Alice Romero, \u00ab\u00a0<a href=\"https:\/\/journals.openedition.org\/rac\/1810\">Des disciplines aux <em>Studies<\/em>. Savoirs, trajectoires, politiques\u00a0<\/a>\u00bb, <em>Revue d\u2019anthropologie des connaissance<\/em>s, vol.\u00a011, n\u00b0\u00a03, 2017, p.\u00a0231-241.<\/p>\n<p><a href=\"#_ftnref5\" name=\"_ftn5\"><sup>[5]<\/sup><\/a> Gayatri C. Spivak, \u00ab Can the Subaltern Speak ? \u00bb, <em>in<\/em> Cary Nelson, Grossberg Lawrence (dir.), <em>Marxism and the Interpretation of Culture<\/em>, Chicago, University of Illinois Press, 1988.<\/p>\n<p><a href=\"#_ftnref6\" name=\"_ftn6\"><sup>[6]<\/sup><\/a> Joan W. Scott, <em>Gender and the Politics of History<\/em>, New York, Columbia University Press, 1988.<\/p>\n<p><a href=\"#_ftnref7\" name=\"_ftn7\"><sup>[7]<\/sup><\/a> Samuel Depraz, <em>La France des marges : g\u00e9ographie des espaces \u00ab\u00a0autres\u00a0\u00bb<\/em>, Paris, Armand Colin, 2017 ; Robert Castel, \u00ab\u00a0<a href=\"https:\/\/www.erudit.org\/en\/journals\/crs\/1994-n22-crs1516985\/1002206ar\/\">La dynamique des processus de marginalisation : de la vuln\u00e9rabilit\u00e9 \u00e0 la d\u00e9saffiliation<\/a>\u00a0\u00bb, <em>Cahiers de recherche sociologique<\/em>, n\u00b0\u00a022, 1994, p.\u00a011-27.<\/p>\n<p><a href=\"#_ftnref8\" name=\"_ftn8\"><sup>[8]<\/sup><\/a> Robert E. Park, \u00ab <a href=\"https:\/\/www.jstor.org\/stable\/2765982\">Human Migration and the Marginal Man<\/a> \u00bb, <em>American Journal of Sociology<\/em>, n\u00b0 33, 1928, p.\u00a0881-893 ; Howard Becker, <em>Outsiders: Studies in the Sociology of Deviance<\/em>, Glencoe, Free Press, 1963.<\/p>\n<p><a href=\"#_ftnref9\" name=\"_ftn9\"><sup>[9]<\/sup><\/a> Karine Bennafla, \u00ab\u00a0<a href=\"https:\/\/tel.archives-ouvertes.fr\/tel-00850135\/en\">Pour une g\u00e9ographie des bordures \u00e0 l\u2019heure globale : fronti\u00e8res et espaces d\u2019activit\u00e9s \u201cinformelles\u201d<\/a> \u00bb, Habilitation \u00e0 diriger des recherches en g\u00e9ographie, Universit\u00e9 Paris Ouest Nanterre, 2012 ; Florence Weber, Laurence Fontaine, <em>Les paradoxes de l&rsquo;\u00e9conomie informelle. \u00c0 qui profitent les r\u00e8gles ?, <\/em>Paris, Karthala, 2011.<\/p>\n","protected":false},"excerpt":{"rendered":"<p>Apr\u00e8s ces travaux pr\u00e9curseurs, la recherche contemporaine a confirm\u00e9 la n\u00e9cessit\u00e9 d\u2019enqu\u00eater sur les parts d\u2019invisible des soci\u00e9t\u00e9s, en lien avec les enjeux politiques et militants qui impr\u00e8gnent les d\u00e9bats scientifiques et publics. C\u2019est dans cette continuit\u00e9 que les Jeunes chercheurs\u00b7ses de TELEMMe souhaitent inscrire leur journ\u00e9e d\u2019\u00e9tudes, afin d\u2019inclure dans l\u2019analyse des groupes et des espaces qui en sont habituellement absents, et d\u2019\u00e9tudier les implications m\u00e9thodologiques et \u00e9thiques d\u2019une telle mise en lumi\u00e8re.<\/p>\n","protected":false},"author":6,"featured_media":10578,"comment_status":"closed","ping_status":"closed","sticky":false,"template":"","format":"standard","meta":{"neve_meta_sidebar":"","neve_meta_container":"","neve_meta_enable_content_width":"off","neve_meta_content_width":70,"neve_meta_title_alignment":"","neve_meta_author_avatar":"","neve_post_elements_order":"","neve_meta_disable_header":"","neve_meta_disable_footer":"","neve_meta_disable_title":"","_tribe_events_control_status":"","_tribe_events_control_status_canceled_reason":"","_tribe_events_control_status_postponed_reason":"","_tribe_events_control_online":"","_tribe_events_control_online_url":"","footnotes":""},"categories":[2026],"tags":[2397,2396],"class_list":["post-10571","post","type-post","status-publish","format-standard","has-post-thumbnail","hentry","category-appels-a-candidature","tag-invisibilite","tag-jeunes-chercheurseuses-telemme"],"yoast_head":"<!-- This site is optimized with the Yoast SEO plugin v27.4 - https:\/\/yoast.com\/product\/yoast-seo-wordpress\/ -->\n<title>[AAP] Saisir l\u2019invisible : les faces cach\u00e9es des soci\u00e9t\u00e9s - TELEMMe - Temps, espaces, langages, Europe m\u00e9ridionale, M\u00e9diterran\u00e9e<\/title>\n<meta name=\"description\" content=\"Apr\u00e8s ces travaux pr\u00e9curseurs, la recherche contemporaine a confirm\u00e9 la n\u00e9cessit\u00e9 d\u2019enqu\u00eater sur les parts d\u2019invisible des soci\u00e9t\u00e9s, en lien avec les enjeux politiques et militants qui impr\u00e8gnent les d\u00e9bats scientifiques et publics. C\u2019est dans cette continuit\u00e9 que les Jeunes chercheurs\u00b7ses de TELEMMe souhaitent inscrire leur journ\u00e9e d\u2019\u00e9tudes, afin d\u2019inclure dans l\u2019analyse des groupes et des espaces qui en sont habituellement absents, et d\u2019\u00e9tudier les implications m\u00e9thodologiques et \u00e9thiques d\u2019une telle mise en lumi\u00e8re.\" \/>\n<meta name=\"robots\" content=\"index, follow, max-snippet:-1, max-image-preview:large, max-video-preview:-1\" \/>\n<link rel=\"canonical\" href=\"https:\/\/telemme.mmsh.fr\/?p=10571\" \/>\n<meta property=\"og:locale\" content=\"fr_FR\" \/>\n<meta property=\"og:type\" content=\"article\" \/>\n<meta property=\"og:title\" content=\"[AAP] Saisir l\u2019invisible : les faces cach\u00e9es des soci\u00e9t\u00e9s - TELEMMe - Temps, espaces, langages, Europe m\u00e9ridionale, M\u00e9diterran\u00e9e\" \/>\n<meta property=\"og:description\" content=\"Apr\u00e8s ces travaux pr\u00e9curseurs, la recherche contemporaine a confirm\u00e9 la n\u00e9cessit\u00e9 d\u2019enqu\u00eater sur les parts d\u2019invisible des soci\u00e9t\u00e9s, en lien avec les enjeux politiques et militants qui impr\u00e8gnent les d\u00e9bats scientifiques et publics. C\u2019est dans cette continuit\u00e9 que les Jeunes chercheurs\u00b7ses de TELEMMe souhaitent inscrire leur journ\u00e9e d\u2019\u00e9tudes, afin d\u2019inclure dans l\u2019analyse des groupes et des espaces qui en sont habituellement absents, et d\u2019\u00e9tudier les implications m\u00e9thodologiques et \u00e9thiques d\u2019une telle mise en lumi\u00e8re.\" \/>\n<meta property=\"og:url\" content=\"https:\/\/telemme.mmsh.fr\/?p=10571\" \/>\n<meta property=\"og:site_name\" content=\"TELEMMe - Temps, espaces, langages, Europe m\u00e9ridionale, M\u00e9diterran\u00e9e\" \/>\n<meta property=\"article:published_time\" content=\"2022-02-10T16:20:24+00:00\" \/>\n<meta property=\"article:modified_time\" content=\"2022-02-10T16:21:17+00:00\" \/>\n<meta property=\"og:image\" content=\"https:\/\/telemme.mmsh.fr\/wp-content\/uploads\/2022\/02\/47957911002_6b36e7b51c_c.jpg\" \/>\n\t<meta property=\"og:image:width\" content=\"800\" \/>\n\t<meta property=\"og:image:height\" content=\"533\" \/>\n\t<meta property=\"og:image:type\" content=\"image\/jpeg\" \/>\n<meta name=\"author\" content=\"Delphine Cavallo\" \/>\n<meta name=\"twitter:card\" content=\"summary_large_image\" \/>\n<meta name=\"twitter:label1\" content=\"\u00c9crit par\" \/>\n\t<meta name=\"twitter:data1\" content=\"Delphine Cavallo\" \/>\n\t<meta name=\"twitter:label2\" content=\"Dur\u00e9e de lecture estim\u00e9e\" \/>\n\t<meta name=\"twitter:data2\" content=\"7 minutes\" \/>\n<script type=\"application\/ld+json\" class=\"yoast-schema-graph\">{\"@context\":\"https:\\\/\\\/schema.org\",\"@graph\":[{\"@type\":\"Article\",\"@id\":\"https:\\\/\\\/telemme.mmsh.fr\\\/?p=10571#article\",\"isPartOf\":{\"@id\":\"https:\\\/\\\/telemme.mmsh.fr\\\/?p=10571\"},\"author\":{\"name\":\"Delphine Cavallo\",\"@id\":\"https:\\\/\\\/telemme.mmsh.fr\\\/#\\\/schema\\\/person\\\/86a185da4836381586528ced48e263f5\"},\"headline\":\"[AAP] Saisir l\u2019invisible : les faces cach\u00e9es des soci\u00e9t\u00e9s\",\"datePublished\":\"2022-02-10T16:20:24+00:00\",\"dateModified\":\"2022-02-10T16:21:17+00:00\",\"mainEntityOfPage\":{\"@id\":\"https:\\\/\\\/telemme.mmsh.fr\\\/?p=10571\"},\"wordCount\":1513,\"publisher\":{\"@id\":\"https:\\\/\\\/telemme.mmsh.fr\\\/#organization\"},\"image\":{\"@id\":\"https:\\\/\\\/telemme.mmsh.fr\\\/?p=10571#primaryimage\"},\"thumbnailUrl\":\"https:\\\/\\\/telemme.mmsh.fr\\\/wp-content\\\/uploads\\\/2022\\\/02\\\/47957911002_6b36e7b51c_c.jpg\",\"keywords\":[\"invisibilit\u00e9\",\"Jeunes chercheurs\u00b7euses TELEMMe\"],\"articleSection\":[\"Appels \u00e0 candidature\"],\"inLanguage\":\"fr-FR\"},{\"@type\":\"WebPage\",\"@id\":\"https:\\\/\\\/telemme.mmsh.fr\\\/?p=10571\",\"url\":\"https:\\\/\\\/telemme.mmsh.fr\\\/?p=10571\",\"name\":\"[AAP] Saisir l\u2019invisible : les faces cach\u00e9es des soci\u00e9t\u00e9s - TELEMMe - Temps, espaces, langages, Europe m\u00e9ridionale, M\u00e9diterran\u00e9e\",\"isPartOf\":{\"@id\":\"https:\\\/\\\/telemme.mmsh.fr\\\/#website\"},\"primaryImageOfPage\":{\"@id\":\"https:\\\/\\\/telemme.mmsh.fr\\\/?p=10571#primaryimage\"},\"image\":{\"@id\":\"https:\\\/\\\/telemme.mmsh.fr\\\/?p=10571#primaryimage\"},\"thumbnailUrl\":\"https:\\\/\\\/telemme.mmsh.fr\\\/wp-content\\\/uploads\\\/2022\\\/02\\\/47957911002_6b36e7b51c_c.jpg\",\"datePublished\":\"2022-02-10T16:20:24+00:00\",\"dateModified\":\"2022-02-10T16:21:17+00:00\",\"description\":\"Apr\u00e8s ces travaux pr\u00e9curseurs, la recherche contemporaine a confirm\u00e9 la n\u00e9cessit\u00e9 d\u2019enqu\u00eater sur les parts d\u2019invisible des soci\u00e9t\u00e9s, en lien avec les enjeux politiques et militants qui impr\u00e8gnent les d\u00e9bats scientifiques et publics. C\u2019est dans cette continuit\u00e9 que les Jeunes chercheurs\u00b7ses de TELEMMe souhaitent inscrire leur journ\u00e9e d\u2019\u00e9tudes, afin d\u2019inclure dans l\u2019analyse des groupes et des espaces qui en sont habituellement absents, et d\u2019\u00e9tudier les implications m\u00e9thodologiques et \u00e9thiques d\u2019une telle mise en lumi\u00e8re.\",\"breadcrumb\":{\"@id\":\"https:\\\/\\\/telemme.mmsh.fr\\\/?p=10571#breadcrumb\"},\"inLanguage\":\"fr-FR\",\"potentialAction\":[{\"@type\":\"ReadAction\",\"target\":[\"https:\\\/\\\/telemme.mmsh.fr\\\/?p=10571\"]}]},{\"@type\":\"ImageObject\",\"inLanguage\":\"fr-FR\",\"@id\":\"https:\\\/\\\/telemme.mmsh.fr\\\/?p=10571#primaryimage\",\"url\":\"https:\\\/\\\/telemme.mmsh.fr\\\/wp-content\\\/uploads\\\/2022\\\/02\\\/47957911002_6b36e7b51c_c.jpg\",\"contentUrl\":\"https:\\\/\\\/telemme.mmsh.fr\\\/wp-content\\\/uploads\\\/2022\\\/02\\\/47957911002_6b36e7b51c_c.jpg\",\"width\":800,\"height\":533,\"caption\":\"Koen JACOBS, London Fog, 2017, London, England. https:\\\/\\\/flic.kr\\\/p\\\/2g4SQ7w\"},{\"@type\":\"BreadcrumbList\",\"@id\":\"https:\\\/\\\/telemme.mmsh.fr\\\/?p=10571#breadcrumb\",\"itemListElement\":[{\"@type\":\"ListItem\",\"position\":1,\"name\":\"Accueil\",\"item\":\"https:\\\/\\\/telemme.mmsh.fr\\\/\"},{\"@type\":\"ListItem\",\"position\":2,\"name\":\"Actualit\u00e9s\",\"item\":\"https:\\\/\\\/telemme.mmsh.fr\\\/?cat=1995\"},{\"@type\":\"ListItem\",\"position\":3,\"name\":\"Appels \u00e0 candidature\",\"item\":\"https:\\\/\\\/telemme.mmsh.fr\\\/?cat=2026\"},{\"@type\":\"ListItem\",\"position\":4,\"name\":\"[AAP] Saisir l\u2019invisible : les faces cach\u00e9es des soci\u00e9t\u00e9s\"}]},{\"@type\":\"WebSite\",\"@id\":\"https:\\\/\\\/telemme.mmsh.fr\\\/#website\",\"url\":\"https:\\\/\\\/telemme.mmsh.fr\\\/\",\"name\":\"TELEMMe - Temps, espaces, langages, Europe m\u00e9ridionale, M\u00e9diterran\u00e9e\",\"description\":\"\",\"publisher\":{\"@id\":\"https:\\\/\\\/telemme.mmsh.fr\\\/#organization\"},\"potentialAction\":[{\"@type\":\"SearchAction\",\"target\":{\"@type\":\"EntryPoint\",\"urlTemplate\":\"https:\\\/\\\/telemme.mmsh.fr\\\/?s={search_term_string}\"},\"query-input\":{\"@type\":\"PropertyValueSpecification\",\"valueRequired\":true,\"valueName\":\"search_term_string\"}}],\"inLanguage\":\"fr-FR\"},{\"@type\":\"Organization\",\"@id\":\"https:\\\/\\\/telemme.mmsh.fr\\\/#organization\",\"name\":\"TELEMMe\",\"url\":\"https:\\\/\\\/telemme.mmsh.fr\\\/\",\"logo\":{\"@type\":\"ImageObject\",\"inLanguage\":\"fr-FR\",\"@id\":\"https:\\\/\\\/telemme.mmsh.fr\\\/#\\\/schema\\\/logo\\\/image\\\/\",\"url\":\"https:\\\/\\\/telemme.mmsh.fr\\\/wp-content\\\/uploads\\\/2020\\\/03\\\/LogoTELEMMe-horizontal-fond-transparent.png\",\"contentUrl\":\"https:\\\/\\\/telemme.mmsh.fr\\\/wp-content\\\/uploads\\\/2020\\\/03\\\/LogoTELEMMe-horizontal-fond-transparent.png\",\"width\":1500,\"height\":437,\"caption\":\"TELEMMe\"},\"image\":{\"@id\":\"https:\\\/\\\/telemme.mmsh.fr\\\/#\\\/schema\\\/logo\\\/image\\\/\"}},{\"@type\":\"Person\",\"@id\":\"https:\\\/\\\/telemme.mmsh.fr\\\/#\\\/schema\\\/person\\\/86a185da4836381586528ced48e263f5\",\"name\":\"Delphine Cavallo\",\"url\":\"https:\\\/\\\/telemme.mmsh.fr\\\/?author=6\"}]}<\/script>\n<!-- \/ Yoast SEO plugin. -->","yoast_head_json":{"title":"[AAP] Saisir l\u2019invisible : les faces cach\u00e9es des soci\u00e9t\u00e9s - TELEMMe - Temps, espaces, langages, Europe m\u00e9ridionale, M\u00e9diterran\u00e9e","description":"Apr\u00e8s ces travaux pr\u00e9curseurs, la recherche contemporaine a confirm\u00e9 la n\u00e9cessit\u00e9 d\u2019enqu\u00eater sur les parts d\u2019invisible des soci\u00e9t\u00e9s, en lien avec les enjeux politiques et militants qui impr\u00e8gnent les d\u00e9bats scientifiques et publics. C\u2019est dans cette continuit\u00e9 que les Jeunes chercheurs\u00b7ses de TELEMMe souhaitent inscrire leur journ\u00e9e d\u2019\u00e9tudes, afin d\u2019inclure dans l\u2019analyse des groupes et des espaces qui en sont habituellement absents, et d\u2019\u00e9tudier les implications m\u00e9thodologiques et \u00e9thiques d\u2019une telle mise en lumi\u00e8re.","robots":{"index":"index","follow":"follow","max-snippet":"max-snippet:-1","max-image-preview":"max-image-preview:large","max-video-preview":"max-video-preview:-1"},"canonical":"https:\/\/telemme.mmsh.fr\/?p=10571","og_locale":"fr_FR","og_type":"article","og_title":"[AAP] Saisir l\u2019invisible : les faces cach\u00e9es des soci\u00e9t\u00e9s - TELEMMe - Temps, espaces, langages, Europe m\u00e9ridionale, M\u00e9diterran\u00e9e","og_description":"Apr\u00e8s ces travaux pr\u00e9curseurs, la recherche contemporaine a confirm\u00e9 la n\u00e9cessit\u00e9 d\u2019enqu\u00eater sur les parts d\u2019invisible des soci\u00e9t\u00e9s, en lien avec les enjeux politiques et militants qui impr\u00e8gnent les d\u00e9bats scientifiques et publics. C\u2019est dans cette continuit\u00e9 que les Jeunes chercheurs\u00b7ses de TELEMMe souhaitent inscrire leur journ\u00e9e d\u2019\u00e9tudes, afin d\u2019inclure dans l\u2019analyse des groupes et des espaces qui en sont habituellement absents, et d\u2019\u00e9tudier les implications m\u00e9thodologiques et \u00e9thiques d\u2019une telle mise en lumi\u00e8re.","og_url":"https:\/\/telemme.mmsh.fr\/?p=10571","og_site_name":"TELEMMe - Temps, espaces, langages, Europe m\u00e9ridionale, M\u00e9diterran\u00e9e","article_published_time":"2022-02-10T16:20:24+00:00","article_modified_time":"2022-02-10T16:21:17+00:00","og_image":[{"width":800,"height":533,"url":"https:\/\/telemme.mmsh.fr\/wp-content\/uploads\/2022\/02\/47957911002_6b36e7b51c_c.jpg","type":"image\/jpeg"}],"author":"Delphine Cavallo","twitter_card":"summary_large_image","twitter_misc":{"\u00c9crit par":"Delphine Cavallo","Dur\u00e9e de lecture estim\u00e9e":"7 minutes"},"schema":{"@context":"https:\/\/schema.org","@graph":[{"@type":"Article","@id":"https:\/\/telemme.mmsh.fr\/?p=10571#article","isPartOf":{"@id":"https:\/\/telemme.mmsh.fr\/?p=10571"},"author":{"name":"Delphine Cavallo","@id":"https:\/\/telemme.mmsh.fr\/#\/schema\/person\/86a185da4836381586528ced48e263f5"},"headline":"[AAP] Saisir l\u2019invisible : les faces cach\u00e9es des soci\u00e9t\u00e9s","datePublished":"2022-02-10T16:20:24+00:00","dateModified":"2022-02-10T16:21:17+00:00","mainEntityOfPage":{"@id":"https:\/\/telemme.mmsh.fr\/?p=10571"},"wordCount":1513,"publisher":{"@id":"https:\/\/telemme.mmsh.fr\/#organization"},"image":{"@id":"https:\/\/telemme.mmsh.fr\/?p=10571#primaryimage"},"thumbnailUrl":"https:\/\/telemme.mmsh.fr\/wp-content\/uploads\/2022\/02\/47957911002_6b36e7b51c_c.jpg","keywords":["invisibilit\u00e9","Jeunes chercheurs\u00b7euses TELEMMe"],"articleSection":["Appels \u00e0 candidature"],"inLanguage":"fr-FR"},{"@type":"WebPage","@id":"https:\/\/telemme.mmsh.fr\/?p=10571","url":"https:\/\/telemme.mmsh.fr\/?p=10571","name":"[AAP] Saisir l\u2019invisible : les faces cach\u00e9es des soci\u00e9t\u00e9s - TELEMMe - Temps, espaces, langages, Europe m\u00e9ridionale, M\u00e9diterran\u00e9e","isPartOf":{"@id":"https:\/\/telemme.mmsh.fr\/#website"},"primaryImageOfPage":{"@id":"https:\/\/telemme.mmsh.fr\/?p=10571#primaryimage"},"image":{"@id":"https:\/\/telemme.mmsh.fr\/?p=10571#primaryimage"},"thumbnailUrl":"https:\/\/telemme.mmsh.fr\/wp-content\/uploads\/2022\/02\/47957911002_6b36e7b51c_c.jpg","datePublished":"2022-02-10T16:20:24+00:00","dateModified":"2022-02-10T16:21:17+00:00","description":"Apr\u00e8s ces travaux pr\u00e9curseurs, la recherche contemporaine a confirm\u00e9 la n\u00e9cessit\u00e9 d\u2019enqu\u00eater sur les parts d\u2019invisible des soci\u00e9t\u00e9s, en lien avec les enjeux politiques et militants qui impr\u00e8gnent les d\u00e9bats scientifiques et publics. C\u2019est dans cette continuit\u00e9 que les Jeunes chercheurs\u00b7ses de TELEMMe souhaitent inscrire leur journ\u00e9e d\u2019\u00e9tudes, afin d\u2019inclure dans l\u2019analyse des groupes et des espaces qui en sont habituellement absents, et d\u2019\u00e9tudier les implications m\u00e9thodologiques et \u00e9thiques d\u2019une telle mise en lumi\u00e8re.","breadcrumb":{"@id":"https:\/\/telemme.mmsh.fr\/?p=10571#breadcrumb"},"inLanguage":"fr-FR","potentialAction":[{"@type":"ReadAction","target":["https:\/\/telemme.mmsh.fr\/?p=10571"]}]},{"@type":"ImageObject","inLanguage":"fr-FR","@id":"https:\/\/telemme.mmsh.fr\/?p=10571#primaryimage","url":"https:\/\/telemme.mmsh.fr\/wp-content\/uploads\/2022\/02\/47957911002_6b36e7b51c_c.jpg","contentUrl":"https:\/\/telemme.mmsh.fr\/wp-content\/uploads\/2022\/02\/47957911002_6b36e7b51c_c.jpg","width":800,"height":533,"caption":"Koen JACOBS, London Fog, 2017, London, England. https:\/\/flic.kr\/p\/2g4SQ7w"},{"@type":"BreadcrumbList","@id":"https:\/\/telemme.mmsh.fr\/?p=10571#breadcrumb","itemListElement":[{"@type":"ListItem","position":1,"name":"Accueil","item":"https:\/\/telemme.mmsh.fr\/"},{"@type":"ListItem","position":2,"name":"Actualit\u00e9s","item":"https:\/\/telemme.mmsh.fr\/?cat=1995"},{"@type":"ListItem","position":3,"name":"Appels \u00e0 candidature","item":"https:\/\/telemme.mmsh.fr\/?cat=2026"},{"@type":"ListItem","position":4,"name":"[AAP] Saisir l\u2019invisible : les faces cach\u00e9es des soci\u00e9t\u00e9s"}]},{"@type":"WebSite","@id":"https:\/\/telemme.mmsh.fr\/#website","url":"https:\/\/telemme.mmsh.fr\/","name":"TELEMMe - Temps, espaces, langages, Europe m\u00e9ridionale, M\u00e9diterran\u00e9e","description":"","publisher":{"@id":"https:\/\/telemme.mmsh.fr\/#organization"},"potentialAction":[{"@type":"SearchAction","target":{"@type":"EntryPoint","urlTemplate":"https:\/\/telemme.mmsh.fr\/?s={search_term_string}"},"query-input":{"@type":"PropertyValueSpecification","valueRequired":true,"valueName":"search_term_string"}}],"inLanguage":"fr-FR"},{"@type":"Organization","@id":"https:\/\/telemme.mmsh.fr\/#organization","name":"TELEMMe","url":"https:\/\/telemme.mmsh.fr\/","logo":{"@type":"ImageObject","inLanguage":"fr-FR","@id":"https:\/\/telemme.mmsh.fr\/#\/schema\/logo\/image\/","url":"https:\/\/telemme.mmsh.fr\/wp-content\/uploads\/2020\/03\/LogoTELEMMe-horizontal-fond-transparent.png","contentUrl":"https:\/\/telemme.mmsh.fr\/wp-content\/uploads\/2020\/03\/LogoTELEMMe-horizontal-fond-transparent.png","width":1500,"height":437,"caption":"TELEMMe"},"image":{"@id":"https:\/\/telemme.mmsh.fr\/#\/schema\/logo\/image\/"}},{"@type":"Person","@id":"https:\/\/telemme.mmsh.fr\/#\/schema\/person\/86a185da4836381586528ced48e263f5","name":"Delphine Cavallo","url":"https:\/\/telemme.mmsh.fr\/?author=6"}]}},"_links":{"self":[{"href":"https:\/\/telemme.mmsh.fr\/index.php?rest_route=\/wp\/v2\/posts\/10571","targetHints":{"allow":["GET"]}}],"collection":[{"href":"https:\/\/telemme.mmsh.fr\/index.php?rest_route=\/wp\/v2\/posts"}],"about":[{"href":"https:\/\/telemme.mmsh.fr\/index.php?rest_route=\/wp\/v2\/types\/post"}],"author":[{"embeddable":true,"href":"https:\/\/telemme.mmsh.fr\/index.php?rest_route=\/wp\/v2\/users\/6"}],"replies":[{"embeddable":true,"href":"https:\/\/telemme.mmsh.fr\/index.php?rest_route=%2Fwp%2Fv2%2Fcomments&post=10571"}],"version-history":[{"count":7,"href":"https:\/\/telemme.mmsh.fr\/index.php?rest_route=\/wp\/v2\/posts\/10571\/revisions"}],"predecessor-version":[{"id":10583,"href":"https:\/\/telemme.mmsh.fr\/index.php?rest_route=\/wp\/v2\/posts\/10571\/revisions\/10583"}],"wp:featuredmedia":[{"embeddable":true,"href":"https:\/\/telemme.mmsh.fr\/index.php?rest_route=\/wp\/v2\/media\/10578"}],"wp:attachment":[{"href":"https:\/\/telemme.mmsh.fr\/index.php?rest_route=%2Fwp%2Fv2%2Fmedia&parent=10571"}],"wp:term":[{"taxonomy":"category","embeddable":true,"href":"https:\/\/telemme.mmsh.fr\/index.php?rest_route=%2Fwp%2Fv2%2Fcategories&post=10571"},{"taxonomy":"post_tag","embeddable":true,"href":"https:\/\/telemme.mmsh.fr\/index.php?rest_route=%2Fwp%2Fv2%2Ftags&post=10571"}],"curies":[{"name":"wp","href":"https:\/\/api.w.org\/{rel}","templated":true}]}}