{"id":10515,"date":"2022-02-02T16:15:56","date_gmt":"2022-02-02T15:15:56","guid":{"rendered":"https:\/\/telemme.mmsh.fr\/?p=10515"},"modified":"2022-02-02T16:15:58","modified_gmt":"2022-02-02T15:15:58","slug":"la-mise-en-pieces-de-gambetta-autopsie-dun-corps-politique","status":"publish","type":"post","link":"https:\/\/telemme.mmsh.fr\/?p=10515","title":{"rendered":"La mise en pi\u00e8ces de Gambetta. Autopsie d\u2019un corps politique"},"content":{"rendered":"\n<blockquote class=\"wp-block-quote is-layout-flow wp-block-quote-is-layout-flow\"><p><em><a href=\"https:\/\/www.millon.fr\/livres\/433-histoire-memoires-du-corps-carol-anne-la-mise-en-pieces-de-gambetta.html\"><strong>La mise e<\/strong><\/a><\/em><strong><a href=\"https:\/\/www.millon.fr\/livres\/433-histoire-memoires-du-corps-carol-anne-la-mise-en-pieces-de-gambetta.html\"><em>n pi\u00e8ces de Gambetta. Autopsie d\u2019un corps politique<\/em>,<\/a><\/strong> Anne Carol, \u00e9ditions J\u00e9r\u00f4me Millon, 2022, 320 pages.<\/p><\/blockquote>\n\n\n\n<p>En avril 1909, le pr\u00e9sident de la R\u00e9publique Armand Falli\u00e8res doit inaugurer le monument que la ville de Nice a \u00e9lev\u00e9 \u00e0 la m\u00e9moire d\u2019un des fondateurs du r\u00e9gime: L\u00e9on Gambetta, inhum\u00e9 dans le cimeti\u00e8re municipal. Un d\u00e9p\u00f4t de gerbes sur la tombe est pr\u00e9vu. La municipalit\u00e9 d\u00e9cide pour l\u2019occasion de transf\u00e9rer les restes du grand homme dans un tombeau plus monumental que la modeste concession familiale o\u00f9 il repose depuis 1883. Il faut donc l\u2019exhumer.C\u2019est un corps incomplet, tr\u00e8s mutil\u00e9 qui s\u2019offre aux yeux des assistants: un corps d\u00e9capit\u00e9 et priv\u00e9 de son bras droit, mais aussi de son c\u0153ur et d\u2019une partie de ses entrailles. Comment en est-on arriv\u00e9 l\u00e0 ?  Comment interpr\u00e9ter cette mise en pi\u00e8ces ? C\u2019est \u00e0 ces questions que cette n\u00e9crographie s\u2019efforce de r\u00e9pondre.<\/p>\n","protected":false},"excerpt":{"rendered":"<p>La mise en pi\u00e8ces de Gambetta. Autopsie d\u2019un corps politique, Anne Carol, \u00e9ditions J\u00e9r\u00f4me Millon, 2022, 320 pages. En avril 1909, le pr\u00e9sident de la R\u00e9publique Armand Falli\u00e8res doit inaugurer&hellip;&nbsp;<a href=\"https:\/\/telemme.mmsh.fr\/?p=10515\" rel=\"bookmark\">Lire la suite &raquo;<span class=\"screen-reader-text\">La mise en pi\u00e8ces de Gambetta. Autopsie d\u2019un corps politique<\/span><\/a><\/p>\n","protected":false},"author":6,"featured_media":10516,"comment_status":"closed","ping_status":"closed","sticky":false,"template":"","format":"standard","meta":{"neve_meta_sidebar":"","neve_meta_container":"","neve_meta_enable_content_width":"off","neve_meta_content_width":70,"neve_meta_title_alignment":"","neve_meta_author_avatar":"","neve_post_elements_order":"","neve_meta_disable_header":"","neve_meta_disable_footer":"","neve_meta_disable_title":"","_tribe_events_control_status":"","_tribe_events_control_status_canceled_reason":"","_tribe_events_control_status_postponed_reason":"","_tribe_events_control_online":"","_tribe_events_control_online_url":"","footnotes":""},"categories":[1740],"tags":[2392,2390],"class_list":["post-10515","post","type-post","status-publish","format-standard","has-post-thumbnail","hentry","category-ouvrages","tag-corps","tag-gambetta"],"yoast_head":"<!-- This site is optimized with the Yoast SEO plugin v27.4 - https:\/\/yoast.com\/product\/yoast-seo-wordpress\/ -->\n<title>La mise en pi\u00e8ces de Gambetta. Autopsie d\u2019un corps politique - TELEMMe - Temps, espaces, langages, Europe m\u00e9ridionale, M\u00e9diterran\u00e9e<\/title>\n<meta name=\"description\" content=\"En avril 1909, le pr\u00e9sident de la R\u00e9publique Armand Falli\u00e8res doit inaugurer le monument que la ville de Nice a \u00e9lev\u00e9 \u00e0 la m\u00e9moire d\u2019un des fondateurs du r\u00e9gime: L\u00e9on Gambetta, inhum\u00e9 dans le cimeti\u00e8re municipal. Un d\u00e9p\u00f4t de gerbes sur la tombe est pr\u00e9vu. La municipalit\u00e9 d\u00e9cide pour l\u2019occasion de transf\u00e9rer les restes du grand homme dans un tombeau plus monumental que la modeste concession familiale o\u00f9 il repose depuis 1883. Il faut donc l\u2019exhumer.\" \/>\n<meta name=\"robots\" content=\"index, follow, max-snippet:-1, max-image-preview:large, max-video-preview:-1\" \/>\n<link rel=\"canonical\" href=\"https:\/\/telemme.mmsh.fr\/?p=10515\" \/>\n<meta property=\"og:locale\" content=\"fr_FR\" \/>\n<meta property=\"og:type\" content=\"article\" \/>\n<meta property=\"og:title\" content=\"La mise en pi\u00e8ces de Gambetta. Autopsie d\u2019un corps politique - TELEMMe - Temps, espaces, langages, Europe m\u00e9ridionale, M\u00e9diterran\u00e9e\" \/>\n<meta property=\"og:description\" content=\"En avril 1909, le pr\u00e9sident de la R\u00e9publique Armand Falli\u00e8res doit inaugurer le monument que la ville de Nice a \u00e9lev\u00e9 \u00e0 la m\u00e9moire d\u2019un des fondateurs du r\u00e9gime: L\u00e9on Gambetta, inhum\u00e9 dans le cimeti\u00e8re municipal. Un d\u00e9p\u00f4t de gerbes sur la tombe est pr\u00e9vu. La municipalit\u00e9 d\u00e9cide pour l\u2019occasion de transf\u00e9rer les restes du grand homme dans un tombeau plus monumental que la modeste concession familiale o\u00f9 il repose depuis 1883. Il faut donc l\u2019exhumer.\" \/>\n<meta property=\"og:url\" content=\"https:\/\/telemme.mmsh.fr\/?p=10515\" \/>\n<meta property=\"og:site_name\" content=\"TELEMMe - Temps, espaces, langages, Europe m\u00e9ridionale, M\u00e9diterran\u00e9e\" \/>\n<meta property=\"article:published_time\" content=\"2022-02-02T15:15:56+00:00\" \/>\n<meta property=\"article:modified_time\" content=\"2022-02-02T15:15:58+00:00\" \/>\n<meta property=\"og:image\" content=\"https:\/\/telemme.mmsh.fr\/wp-content\/uploads\/2022\/02\/xseeww3096358453.jpg\" \/>\n\t<meta property=\"og:image:width\" content=\"198\" \/>\n\t<meta property=\"og:image:height\" content=\"290\" \/>\n\t<meta property=\"og:image:type\" content=\"image\/jpeg\" \/>\n<meta name=\"author\" content=\"Delphine Cavallo\" \/>\n<meta name=\"twitter:card\" content=\"summary_large_image\" \/>\n<meta name=\"twitter:label1\" content=\"\u00c9crit par\" \/>\n\t<meta name=\"twitter:data1\" content=\"Delphine Cavallo\" \/>\n\t<meta name=\"twitter:label2\" content=\"Dur\u00e9e de lecture estim\u00e9e\" \/>\n\t<meta name=\"twitter:data2\" content=\"1 minute\" \/>\n<script type=\"application\/ld+json\" class=\"yoast-schema-graph\">{\"@context\":\"https:\\\/\\\/schema.org\",\"@graph\":[{\"@type\":\"Article\",\"@id\":\"https:\\\/\\\/telemme.mmsh.fr\\\/?p=10515#article\",\"isPartOf\":{\"@id\":\"https:\\\/\\\/telemme.mmsh.fr\\\/?p=10515\"},\"author\":{\"name\":\"Delphine Cavallo\",\"@id\":\"https:\\\/\\\/telemme.mmsh.fr\\\/#\\\/schema\\\/person\\\/86a185da4836381586528ced48e263f5\"},\"headline\":\"La mise en pi\u00e8ces de Gambetta. Autopsie d\u2019un corps politique\",\"datePublished\":\"2022-02-02T15:15:56+00:00\",\"dateModified\":\"2022-02-02T15:15:58+00:00\",\"mainEntityOfPage\":{\"@id\":\"https:\\\/\\\/telemme.mmsh.fr\\\/?p=10515\"},\"wordCount\":185,\"publisher\":{\"@id\":\"https:\\\/\\\/telemme.mmsh.fr\\\/#organization\"},\"image\":{\"@id\":\"https:\\\/\\\/telemme.mmsh.fr\\\/?p=10515#primaryimage\"},\"thumbnailUrl\":\"https:\\\/\\\/telemme.mmsh.fr\\\/wp-content\\\/uploads\\\/2022\\\/02\\\/xseeww3096358453.jpg\",\"keywords\":[\"corps\",\"Gambetta\"],\"articleSection\":[\"Ouvrages\"],\"inLanguage\":\"fr-FR\"},{\"@type\":\"WebPage\",\"@id\":\"https:\\\/\\\/telemme.mmsh.fr\\\/?p=10515\",\"url\":\"https:\\\/\\\/telemme.mmsh.fr\\\/?p=10515\",\"name\":\"La mise en pi\u00e8ces de Gambetta. Autopsie d\u2019un corps politique - TELEMMe - Temps, espaces, langages, Europe m\u00e9ridionale, M\u00e9diterran\u00e9e\",\"isPartOf\":{\"@id\":\"https:\\\/\\\/telemme.mmsh.fr\\\/#website\"},\"primaryImageOfPage\":{\"@id\":\"https:\\\/\\\/telemme.mmsh.fr\\\/?p=10515#primaryimage\"},\"image\":{\"@id\":\"https:\\\/\\\/telemme.mmsh.fr\\\/?p=10515#primaryimage\"},\"thumbnailUrl\":\"https:\\\/\\\/telemme.mmsh.fr\\\/wp-content\\\/uploads\\\/2022\\\/02\\\/xseeww3096358453.jpg\",\"datePublished\":\"2022-02-02T15:15:56+00:00\",\"dateModified\":\"2022-02-02T15:15:58+00:00\",\"description\":\"En avril 1909, le pr\u00e9sident de la R\u00e9publique Armand Falli\u00e8res doit inaugurer le monument que la ville de Nice a \u00e9lev\u00e9 \u00e0 la m\u00e9moire d\u2019un des fondateurs du r\u00e9gime: L\u00e9on Gambetta, inhum\u00e9 dans le cimeti\u00e8re municipal. Un d\u00e9p\u00f4t de gerbes sur la tombe est pr\u00e9vu. La municipalit\u00e9 d\u00e9cide pour l\u2019occasion de transf\u00e9rer les restes du grand homme dans un tombeau plus monumental que la modeste concession familiale o\u00f9 il repose depuis 1883. Il faut donc l\u2019exhumer.\",\"breadcrumb\":{\"@id\":\"https:\\\/\\\/telemme.mmsh.fr\\\/?p=10515#breadcrumb\"},\"inLanguage\":\"fr-FR\",\"potentialAction\":[{\"@type\":\"ReadAction\",\"target\":[\"https:\\\/\\\/telemme.mmsh.fr\\\/?p=10515\"]}]},{\"@type\":\"ImageObject\",\"inLanguage\":\"fr-FR\",\"@id\":\"https:\\\/\\\/telemme.mmsh.fr\\\/?p=10515#primaryimage\",\"url\":\"https:\\\/\\\/telemme.mmsh.fr\\\/wp-content\\\/uploads\\\/2022\\\/02\\\/xseeww3096358453.jpg\",\"contentUrl\":\"https:\\\/\\\/telemme.mmsh.fr\\\/wp-content\\\/uploads\\\/2022\\\/02\\\/xseeww3096358453.jpg\",\"width\":198,\"height\":290,\"caption\":\"Couverture de CAROL Anne La mise en pi\u00e8ces de Gambetta Autopsie d\u2019un corps politique\"},{\"@type\":\"BreadcrumbList\",\"@id\":\"https:\\\/\\\/telemme.mmsh.fr\\\/?p=10515#breadcrumb\",\"itemListElement\":[{\"@type\":\"ListItem\",\"position\":1,\"name\":\"Accueil\",\"item\":\"https:\\\/\\\/telemme.mmsh.fr\\\/\"},{\"@type\":\"ListItem\",\"position\":2,\"name\":\"Publications\",\"item\":\"https:\\\/\\\/telemme.mmsh.fr\\\/?cat=1738\"},{\"@type\":\"ListItem\",\"position\":3,\"name\":\"Ouvrages\",\"item\":\"https:\\\/\\\/telemme.mmsh.fr\\\/?cat=1740\"},{\"@type\":\"ListItem\",\"position\":4,\"name\":\"La mise en pi\u00e8ces de Gambetta. Autopsie d\u2019un corps politique\"}]},{\"@type\":\"WebSite\",\"@id\":\"https:\\\/\\\/telemme.mmsh.fr\\\/#website\",\"url\":\"https:\\\/\\\/telemme.mmsh.fr\\\/\",\"name\":\"TELEMMe - Temps, espaces, langages, Europe m\u00e9ridionale, M\u00e9diterran\u00e9e\",\"description\":\"\",\"publisher\":{\"@id\":\"https:\\\/\\\/telemme.mmsh.fr\\\/#organization\"},\"potentialAction\":[{\"@type\":\"SearchAction\",\"target\":{\"@type\":\"EntryPoint\",\"urlTemplate\":\"https:\\\/\\\/telemme.mmsh.fr\\\/?s={search_term_string}\"},\"query-input\":{\"@type\":\"PropertyValueSpecification\",\"valueRequired\":true,\"valueName\":\"search_term_string\"}}],\"inLanguage\":\"fr-FR\"},{\"@type\":\"Organization\",\"@id\":\"https:\\\/\\\/telemme.mmsh.fr\\\/#organization\",\"name\":\"TELEMMe\",\"url\":\"https:\\\/\\\/telemme.mmsh.fr\\\/\",\"logo\":{\"@type\":\"ImageObject\",\"inLanguage\":\"fr-FR\",\"@id\":\"https:\\\/\\\/telemme.mmsh.fr\\\/#\\\/schema\\\/logo\\\/image\\\/\",\"url\":\"https:\\\/\\\/telemme.mmsh.fr\\\/wp-content\\\/uploads\\\/2020\\\/03\\\/LogoTELEMMe-horizontal-fond-transparent.png\",\"contentUrl\":\"https:\\\/\\\/telemme.mmsh.fr\\\/wp-content\\\/uploads\\\/2020\\\/03\\\/LogoTELEMMe-horizontal-fond-transparent.png\",\"width\":1500,\"height\":437,\"caption\":\"TELEMMe\"},\"image\":{\"@id\":\"https:\\\/\\\/telemme.mmsh.fr\\\/#\\\/schema\\\/logo\\\/image\\\/\"}},{\"@type\":\"Person\",\"@id\":\"https:\\\/\\\/telemme.mmsh.fr\\\/#\\\/schema\\\/person\\\/86a185da4836381586528ced48e263f5\",\"name\":\"Delphine Cavallo\",\"url\":\"https:\\\/\\\/telemme.mmsh.fr\\\/?author=6\"}]}<\/script>\n<!-- \/ Yoast SEO plugin. -->","yoast_head_json":{"title":"La mise en pi\u00e8ces de Gambetta. Autopsie d\u2019un corps politique - TELEMMe - Temps, espaces, langages, Europe m\u00e9ridionale, M\u00e9diterran\u00e9e","description":"En avril 1909, le pr\u00e9sident de la R\u00e9publique Armand Falli\u00e8res doit inaugurer le monument que la ville de Nice a \u00e9lev\u00e9 \u00e0 la m\u00e9moire d\u2019un des fondateurs du r\u00e9gime: L\u00e9on Gambetta, inhum\u00e9 dans le cimeti\u00e8re municipal. Un d\u00e9p\u00f4t de gerbes sur la tombe est pr\u00e9vu. La municipalit\u00e9 d\u00e9cide pour l\u2019occasion de transf\u00e9rer les restes du grand homme dans un tombeau plus monumental que la modeste concession familiale o\u00f9 il repose depuis 1883. Il faut donc l\u2019exhumer.","robots":{"index":"index","follow":"follow","max-snippet":"max-snippet:-1","max-image-preview":"max-image-preview:large","max-video-preview":"max-video-preview:-1"},"canonical":"https:\/\/telemme.mmsh.fr\/?p=10515","og_locale":"fr_FR","og_type":"article","og_title":"La mise en pi\u00e8ces de Gambetta. Autopsie d\u2019un corps politique - TELEMMe - Temps, espaces, langages, Europe m\u00e9ridionale, M\u00e9diterran\u00e9e","og_description":"En avril 1909, le pr\u00e9sident de la R\u00e9publique Armand Falli\u00e8res doit inaugurer le monument que la ville de Nice a \u00e9lev\u00e9 \u00e0 la m\u00e9moire d\u2019un des fondateurs du r\u00e9gime: L\u00e9on Gambetta, inhum\u00e9 dans le cimeti\u00e8re municipal. Un d\u00e9p\u00f4t de gerbes sur la tombe est pr\u00e9vu. La municipalit\u00e9 d\u00e9cide pour l\u2019occasion de transf\u00e9rer les restes du grand homme dans un tombeau plus monumental que la modeste concession familiale o\u00f9 il repose depuis 1883. Il faut donc l\u2019exhumer.","og_url":"https:\/\/telemme.mmsh.fr\/?p=10515","og_site_name":"TELEMMe - Temps, espaces, langages, Europe m\u00e9ridionale, M\u00e9diterran\u00e9e","article_published_time":"2022-02-02T15:15:56+00:00","article_modified_time":"2022-02-02T15:15:58+00:00","og_image":[{"width":198,"height":290,"url":"https:\/\/telemme.mmsh.fr\/wp-content\/uploads\/2022\/02\/xseeww3096358453.jpg","type":"image\/jpeg"}],"author":"Delphine Cavallo","twitter_card":"summary_large_image","twitter_misc":{"\u00c9crit par":"Delphine Cavallo","Dur\u00e9e de lecture estim\u00e9e":"1 minute"},"schema":{"@context":"https:\/\/schema.org","@graph":[{"@type":"Article","@id":"https:\/\/telemme.mmsh.fr\/?p=10515#article","isPartOf":{"@id":"https:\/\/telemme.mmsh.fr\/?p=10515"},"author":{"name":"Delphine Cavallo","@id":"https:\/\/telemme.mmsh.fr\/#\/schema\/person\/86a185da4836381586528ced48e263f5"},"headline":"La mise en pi\u00e8ces de Gambetta. Autopsie d\u2019un corps politique","datePublished":"2022-02-02T15:15:56+00:00","dateModified":"2022-02-02T15:15:58+00:00","mainEntityOfPage":{"@id":"https:\/\/telemme.mmsh.fr\/?p=10515"},"wordCount":185,"publisher":{"@id":"https:\/\/telemme.mmsh.fr\/#organization"},"image":{"@id":"https:\/\/telemme.mmsh.fr\/?p=10515#primaryimage"},"thumbnailUrl":"https:\/\/telemme.mmsh.fr\/wp-content\/uploads\/2022\/02\/xseeww3096358453.jpg","keywords":["corps","Gambetta"],"articleSection":["Ouvrages"],"inLanguage":"fr-FR"},{"@type":"WebPage","@id":"https:\/\/telemme.mmsh.fr\/?p=10515","url":"https:\/\/telemme.mmsh.fr\/?p=10515","name":"La mise en pi\u00e8ces de Gambetta. Autopsie d\u2019un corps politique - TELEMMe - Temps, espaces, langages, Europe m\u00e9ridionale, M\u00e9diterran\u00e9e","isPartOf":{"@id":"https:\/\/telemme.mmsh.fr\/#website"},"primaryImageOfPage":{"@id":"https:\/\/telemme.mmsh.fr\/?p=10515#primaryimage"},"image":{"@id":"https:\/\/telemme.mmsh.fr\/?p=10515#primaryimage"},"thumbnailUrl":"https:\/\/telemme.mmsh.fr\/wp-content\/uploads\/2022\/02\/xseeww3096358453.jpg","datePublished":"2022-02-02T15:15:56+00:00","dateModified":"2022-02-02T15:15:58+00:00","description":"En avril 1909, le pr\u00e9sident de la R\u00e9publique Armand Falli\u00e8res doit inaugurer le monument que la ville de Nice a \u00e9lev\u00e9 \u00e0 la m\u00e9moire d\u2019un des fondateurs du r\u00e9gime: L\u00e9on Gambetta, inhum\u00e9 dans le cimeti\u00e8re municipal. Un d\u00e9p\u00f4t de gerbes sur la tombe est pr\u00e9vu. La municipalit\u00e9 d\u00e9cide pour l\u2019occasion de transf\u00e9rer les restes du grand homme dans un tombeau plus monumental que la modeste concession familiale o\u00f9 il repose depuis 1883. Il faut donc l\u2019exhumer.","breadcrumb":{"@id":"https:\/\/telemme.mmsh.fr\/?p=10515#breadcrumb"},"inLanguage":"fr-FR","potentialAction":[{"@type":"ReadAction","target":["https:\/\/telemme.mmsh.fr\/?p=10515"]}]},{"@type":"ImageObject","inLanguage":"fr-FR","@id":"https:\/\/telemme.mmsh.fr\/?p=10515#primaryimage","url":"https:\/\/telemme.mmsh.fr\/wp-content\/uploads\/2022\/02\/xseeww3096358453.jpg","contentUrl":"https:\/\/telemme.mmsh.fr\/wp-content\/uploads\/2022\/02\/xseeww3096358453.jpg","width":198,"height":290,"caption":"Couverture de CAROL Anne La mise en pi\u00e8ces de Gambetta Autopsie d\u2019un corps politique"},{"@type":"BreadcrumbList","@id":"https:\/\/telemme.mmsh.fr\/?p=10515#breadcrumb","itemListElement":[{"@type":"ListItem","position":1,"name":"Accueil","item":"https:\/\/telemme.mmsh.fr\/"},{"@type":"ListItem","position":2,"name":"Publications","item":"https:\/\/telemme.mmsh.fr\/?cat=1738"},{"@type":"ListItem","position":3,"name":"Ouvrages","item":"https:\/\/telemme.mmsh.fr\/?cat=1740"},{"@type":"ListItem","position":4,"name":"La mise en pi\u00e8ces de Gambetta. Autopsie d\u2019un corps politique"}]},{"@type":"WebSite","@id":"https:\/\/telemme.mmsh.fr\/#website","url":"https:\/\/telemme.mmsh.fr\/","name":"TELEMMe - Temps, espaces, langages, Europe m\u00e9ridionale, M\u00e9diterran\u00e9e","description":"","publisher":{"@id":"https:\/\/telemme.mmsh.fr\/#organization"},"potentialAction":[{"@type":"SearchAction","target":{"@type":"EntryPoint","urlTemplate":"https:\/\/telemme.mmsh.fr\/?s={search_term_string}"},"query-input":{"@type":"PropertyValueSpecification","valueRequired":true,"valueName":"search_term_string"}}],"inLanguage":"fr-FR"},{"@type":"Organization","@id":"https:\/\/telemme.mmsh.fr\/#organization","name":"TELEMMe","url":"https:\/\/telemme.mmsh.fr\/","logo":{"@type":"ImageObject","inLanguage":"fr-FR","@id":"https:\/\/telemme.mmsh.fr\/#\/schema\/logo\/image\/","url":"https:\/\/telemme.mmsh.fr\/wp-content\/uploads\/2020\/03\/LogoTELEMMe-horizontal-fond-transparent.png","contentUrl":"https:\/\/telemme.mmsh.fr\/wp-content\/uploads\/2020\/03\/LogoTELEMMe-horizontal-fond-transparent.png","width":1500,"height":437,"caption":"TELEMMe"},"image":{"@id":"https:\/\/telemme.mmsh.fr\/#\/schema\/logo\/image\/"}},{"@type":"Person","@id":"https:\/\/telemme.mmsh.fr\/#\/schema\/person\/86a185da4836381586528ced48e263f5","name":"Delphine Cavallo","url":"https:\/\/telemme.mmsh.fr\/?author=6"}]}},"_links":{"self":[{"href":"https:\/\/telemme.mmsh.fr\/index.php?rest_route=\/wp\/v2\/posts\/10515","targetHints":{"allow":["GET"]}}],"collection":[{"href":"https:\/\/telemme.mmsh.fr\/index.php?rest_route=\/wp\/v2\/posts"}],"about":[{"href":"https:\/\/telemme.mmsh.fr\/index.php?rest_route=\/wp\/v2\/types\/post"}],"author":[{"embeddable":true,"href":"https:\/\/telemme.mmsh.fr\/index.php?rest_route=\/wp\/v2\/users\/6"}],"replies":[{"embeddable":true,"href":"https:\/\/telemme.mmsh.fr\/index.php?rest_route=%2Fwp%2Fv2%2Fcomments&post=10515"}],"version-history":[{"count":2,"href":"https:\/\/telemme.mmsh.fr\/index.php?rest_route=\/wp\/v2\/posts\/10515\/revisions"}],"predecessor-version":[{"id":10518,"href":"https:\/\/telemme.mmsh.fr\/index.php?rest_route=\/wp\/v2\/posts\/10515\/revisions\/10518"}],"wp:featuredmedia":[{"embeddable":true,"href":"https:\/\/telemme.mmsh.fr\/index.php?rest_route=\/wp\/v2\/media\/10516"}],"wp:attachment":[{"href":"https:\/\/telemme.mmsh.fr\/index.php?rest_route=%2Fwp%2Fv2%2Fmedia&parent=10515"}],"wp:term":[{"taxonomy":"category","embeddable":true,"href":"https:\/\/telemme.mmsh.fr\/index.php?rest_route=%2Fwp%2Fv2%2Fcategories&post=10515"},{"taxonomy":"post_tag","embeddable":true,"href":"https:\/\/telemme.mmsh.fr\/index.php?rest_route=%2Fwp%2Fv2%2Ftags&post=10515"}],"curies":[{"name":"wp","href":"https:\/\/api.w.org\/{rel}","templated":true}]}}