{"id":10507,"date":"2022-01-17T11:26:00","date_gmt":"2022-01-17T10:26:00","guid":{"rendered":"https:\/\/telemme.mmsh.fr\/?p=10507"},"modified":"2022-02-02T11:27:16","modified_gmt":"2022-02-02T10:27:16","slug":"la-biodiversite-au-sommaire-du-nouveau-telemme-infos","status":"publish","type":"post","link":"https:\/\/telemme.mmsh.fr\/?p=10507","title":{"rendered":"La biodiversit\u00e9 au sommaire du nouveau TELEMMe Infos"},"content":{"rendered":"<p class=\"has-black-color has-text-color\">Pour son <a href=\"_wp_link_placeholder\" data-wplink-edit=\"true\">num\u00e9ro 71, <em>TELEMMe Infos<\/em><\/a> vous propose pour la premi\u00e8re fois un dossier th\u00e9matique, \u201cLa biodiversit\u00e9 saisie par les sciences humaines et sociales\u201d, compos\u00e9 de trois contributions diff\u00e9rentes. Nous retrouvons \u00e9galement dans ce num\u00e9ro nos rubriques habituelles : l\u2019\u00e9ditorial de la direction, le bloc note num\u00e9rique consacr\u00e9 au tout nouveau site web de l\u2019unit\u00e9, et le bloc note qui revient sur une ann\u00e9e de publications, soutenances, all\u00e9es et venues et autres activit\u00e9s du laboratoire et de ses membres.<\/p>\n<h2>Au sommaire\u00a0:<\/h2>\n<h3>\u00c9DITORIAL DE LA DIRECTION<\/h3>\n<p><strong><a href=\"https:\/\/telemmeinfos.hypotheses.org\/1098\" data-type=\"URL\" data-id=\"https:\/\/telemmeinfos.hypotheses.org\/1098\">TELEMMe 2024-2028<\/a><\/strong><br \/>\n<strong>Xavier Daumalin et Anne Montenach<\/strong><\/p>\n<h3>DOSSIER : La biodiversit\u00e9 saisie par les sciences humaines et sociales<\/h3>\n<p>Ce dossier a \u00e9t\u00e9 inspir\u00e9 par la participation de plusieurs membres de TELEMMe au <a href=\"https:\/\/www.iucncongress2020.org\/fr\">Congr\u00e8s mondial de la nature de l\u2019UICN \u00e0 Marseille<\/a> en septembre 2021. Cette pr\u00e9sence active d\u2019un historien et de g\u00e9ographes, <em>a priori<\/em> \u00e9tonnante dans un congr\u00e8s o\u00f9 l\u2019on s\u2019attend naturellement \u00e0 croiser biologistes, \u00e9cologues, sp\u00e9cialistes en sciences de l\u2019environnement, etc., vient nous rappeler que non seulement les sciences humaines et sociales ont leur place dans les \u00e9tudes sur la biodiversit\u00e9, mais aussi que leur apport est fondamental pour en appr\u00e9hender toutes les dimensions. En aidant \u00e0 d\u00e9crypter, dans le temps long, la complexit\u00e9 des dynamiques humaines, sociales, \u00e9conomiques\u00a0et politiques\u00a0qui se nouent autour des\u00a0\u00e9volutions environnementales\u00a0actuelles ou d\u2019autrefois, elles\u00a0\u00e9clairent les mani\u00e8res d\u2019agir pour le futur. C\u2019est ce qu\u2019<a href=\"https:\/\/telemme.mmsh.fr\/?membres=anne-cadoret\">Anne Cadoret<\/a>, <a href=\"https:\/\/telemme.mmsh.fr\/?membres=jean-noel-consales\">Jean-No\u00ebl Consales<\/a> et <a href=\"https:\/\/telemme.mmsh.fr\/?membres=daniel-faget\" data-type=\"URL\" data-id=\"https:\/\/telemme.mmsh.fr\/?membres=daniel-faget\">Daniel Faget<\/a> montrent, chacun et chacune \u00e0 leur mani\u00e8re, dans les textes r\u00e9unis ici.<\/p>\n<p><strong><a href=\"https:\/\/telemmeinfos.hypotheses.org\/1122\" data-type=\"URL\" data-id=\"https:\/\/telemmeinfos.hypotheses.org\/1122\">Ici et ailleurs, regard g\u00e9ographique sur les dynamiques territoriales de conservation de la biodiversit\u00e9<\/a><\/strong><br \/>\n<strong>Anne Cadoret<\/strong>, TELEMMe AMU-CNRS<\/p>\n<p><a href=\"https:\/\/telemmeinfos.hypotheses.org\/1050\"><strong>[Position de recherche] Le concept de M\u00e9tropole-Jardin : interroger la biodiversit\u00e9 comme un acteur territorial \u00e0 part enti\u00e8re<\/strong><\/a><br \/>\n<strong>Jean-No\u00ebl Consales<\/strong>, TELEMMe AMU-CNRS<\/p>\n<p><a href=\"https:\/\/telemmeinfos.hypotheses.org\/1106\"><strong>Le masque et la plume, ou l\u2019histoire au service des \u00e9cosyst\u00e8mes marins<\/strong><\/a><br \/>\n<strong>Daniel Faget<\/strong>, TELEMMe AMU-CNRS<\/p>\n<h3>BLOC NOTE NUM\u00c9RIQUE<\/h3>\n<p><strong><a href=\"https:\/\/telemmeinfos.hypotheses.org\/1067\" data-type=\"URL\" data-id=\"https:\/\/telemmeinfos.hypotheses.org\/1067\">Un nouveau site web pour TELEMMe<\/a><\/strong><br \/>\n<strong>Delphine Cavallo<\/strong>, TELEMMe AMU-CNRS<\/p>\n<h3>BLOC NOTE<\/h3>\n<p><strong><a href=\"https:\/\/telemmeinfos.hypotheses.org\/1162\" data-type=\"URL\" data-id=\"https:\/\/telemmeinfos.hypotheses.org\/1162\">Publications, soutenances, prix et distinctions, etc.<\/a><\/strong><\/p>\n","protected":false},"excerpt":{"rendered":"<p>Pour son num\u00e9ro 71, TELEMMe Infos vous propose pour la premi\u00e8re fois un dossier th\u00e9matique, \u201cLa biodiversit\u00e9 saisie par les sciences humaines et sociales\u201d, compos\u00e9 de trois contributions diff\u00e9rentes. Nous&hellip;&nbsp;<a href=\"https:\/\/telemme.mmsh.fr\/?p=10507\" rel=\"bookmark\">Lire la suite &raquo;<span class=\"screen-reader-text\">La biodiversit\u00e9 au sommaire du nouveau TELEMMe Infos<\/span><\/a><\/p>\n","protected":false},"author":6,"featured_media":10508,"comment_status":"closed","ping_status":"closed","sticky":false,"template":"","format":"standard","meta":{"neve_meta_sidebar":"","neve_meta_container":"","neve_meta_enable_content_width":"off","neve_meta_content_width":70,"neve_meta_title_alignment":"","neve_meta_author_avatar":"","neve_post_elements_order":"","neve_meta_disable_header":"","neve_meta_disable_footer":"","neve_meta_disable_title":"","_tribe_events_control_status":"","_tribe_events_control_status_canceled_reason":"","_tribe_events_control_status_postponed_reason":"","_tribe_events_control_online":"","_tribe_events_control_online_url":"","footnotes":""},"categories":[2007],"tags":[2036,2388],"class_list":["post-10507","post","type-post","status-publish","format-standard","has-post-thumbnail","hentry","category-informations","tag-biodiversite","tag-telemme-infos"],"yoast_head":"<!-- This site is optimized with the Yoast SEO plugin v27.4 - https:\/\/yoast.com\/product\/yoast-seo-wordpress\/ -->\n<title>La biodiversit\u00e9 au sommaire du nouveau TELEMMe Infos - TELEMMe - Temps, espaces, langages, Europe m\u00e9ridionale, M\u00e9diterran\u00e9e<\/title>\n<meta name=\"description\" content=\"Pour son num\u00e9ro 71, TELEMMe Infos vous propose pour la premi\u00e8re fois un dossier th\u00e9matique, \u201cLa biodiversit\u00e9 saisie par les sciences humaines et sociales\u201d, compos\u00e9 de trois contributions diff\u00e9rentes. Nous retrouvons \u00e9galement dans ce num\u00e9ro nos rubriques habituelles : l\u2019\u00e9ditorial de la direction, le bloc note num\u00e9rique consacr\u00e9 au tout nouveau site web de l\u2019unit\u00e9, et le bloc note qui revient sur une ann\u00e9e de publications, soutenances, all\u00e9es et venues et autres activit\u00e9s du laboratoire et de ses membres.\" \/>\n<meta name=\"robots\" content=\"index, follow, max-snippet:-1, max-image-preview:large, max-video-preview:-1\" \/>\n<link rel=\"canonical\" href=\"https:\/\/telemme.mmsh.fr\/?p=10507\" \/>\n<meta property=\"og:locale\" content=\"fr_FR\" \/>\n<meta property=\"og:type\" content=\"article\" \/>\n<meta property=\"og:title\" content=\"La biodiversit\u00e9 au sommaire du nouveau TELEMMe Infos - TELEMMe - Temps, espaces, langages, Europe m\u00e9ridionale, M\u00e9diterran\u00e9e\" \/>\n<meta property=\"og:description\" content=\"Pour son num\u00e9ro 71, TELEMMe Infos vous propose pour la premi\u00e8re fois un dossier th\u00e9matique, \u201cLa biodiversit\u00e9 saisie par les sciences humaines et sociales\u201d, compos\u00e9 de trois contributions diff\u00e9rentes. Nous retrouvons \u00e9galement dans ce num\u00e9ro nos rubriques habituelles : l\u2019\u00e9ditorial de la direction, le bloc note num\u00e9rique consacr\u00e9 au tout nouveau site web de l\u2019unit\u00e9, et le bloc note qui revient sur une ann\u00e9e de publications, soutenances, all\u00e9es et venues et autres activit\u00e9s du laboratoire et de ses membres.\" \/>\n<meta property=\"og:url\" content=\"https:\/\/telemme.mmsh.fr\/?p=10507\" \/>\n<meta property=\"og:site_name\" content=\"TELEMMe - Temps, espaces, langages, Europe m\u00e9ridionale, M\u00e9diterran\u00e9e\" \/>\n<meta property=\"article:published_time\" content=\"2022-01-17T10:26:00+00:00\" \/>\n<meta property=\"article:modified_time\" content=\"2022-02-02T10:27:16+00:00\" \/>\n<meta property=\"og:image\" content=\"https:\/\/telemme.mmsh.fr\/wp-content\/uploads\/2022\/02\/Sainte-Victoire-10.jpg\" \/>\n\t<meta property=\"og:image:width\" content=\"2000\" \/>\n\t<meta property=\"og:image:height\" content=\"1125\" \/>\n\t<meta property=\"og:image:type\" content=\"image\/jpeg\" \/>\n<meta name=\"author\" content=\"Delphine Cavallo\" \/>\n<meta name=\"twitter:card\" content=\"summary_large_image\" \/>\n<meta name=\"twitter:label1\" content=\"\u00c9crit par\" \/>\n\t<meta name=\"twitter:data1\" content=\"Delphine Cavallo\" \/>\n\t<meta name=\"twitter:label2\" content=\"Dur\u00e9e de lecture estim\u00e9e\" \/>\n\t<meta name=\"twitter:data2\" content=\"2 minutes\" \/>\n<script type=\"application\/ld+json\" class=\"yoast-schema-graph\">{\"@context\":\"https:\\\/\\\/schema.org\",\"@graph\":[{\"@type\":\"Article\",\"@id\":\"https:\\\/\\\/telemme.mmsh.fr\\\/?p=10507#article\",\"isPartOf\":{\"@id\":\"https:\\\/\\\/telemme.mmsh.fr\\\/?p=10507\"},\"author\":{\"name\":\"Delphine Cavallo\",\"@id\":\"https:\\\/\\\/telemme.mmsh.fr\\\/#\\\/schema\\\/person\\\/86a185da4836381586528ced48e263f5\"},\"headline\":\"La biodiversit\u00e9 au sommaire du nouveau TELEMMe Infos\",\"datePublished\":\"2022-01-17T10:26:00+00:00\",\"dateModified\":\"2022-02-02T10:27:16+00:00\",\"mainEntityOfPage\":{\"@id\":\"https:\\\/\\\/telemme.mmsh.fr\\\/?p=10507\"},\"wordCount\":359,\"publisher\":{\"@id\":\"https:\\\/\\\/telemme.mmsh.fr\\\/#organization\"},\"image\":{\"@id\":\"https:\\\/\\\/telemme.mmsh.fr\\\/?p=10507#primaryimage\"},\"thumbnailUrl\":\"https:\\\/\\\/telemme.mmsh.fr\\\/wp-content\\\/uploads\\\/2022\\\/02\\\/Sainte-Victoire-10.jpg\",\"keywords\":[\"biodiversit\u00e9\",\"TELEMMe Infos\"],\"articleSection\":[\"Informations\"],\"inLanguage\":\"fr-FR\"},{\"@type\":\"WebPage\",\"@id\":\"https:\\\/\\\/telemme.mmsh.fr\\\/?p=10507\",\"url\":\"https:\\\/\\\/telemme.mmsh.fr\\\/?p=10507\",\"name\":\"La biodiversit\u00e9 au sommaire du nouveau TELEMMe Infos - TELEMMe - Temps, espaces, langages, Europe m\u00e9ridionale, M\u00e9diterran\u00e9e\",\"isPartOf\":{\"@id\":\"https:\\\/\\\/telemme.mmsh.fr\\\/#website\"},\"primaryImageOfPage\":{\"@id\":\"https:\\\/\\\/telemme.mmsh.fr\\\/?p=10507#primaryimage\"},\"image\":{\"@id\":\"https:\\\/\\\/telemme.mmsh.fr\\\/?p=10507#primaryimage\"},\"thumbnailUrl\":\"https:\\\/\\\/telemme.mmsh.fr\\\/wp-content\\\/uploads\\\/2022\\\/02\\\/Sainte-Victoire-10.jpg\",\"datePublished\":\"2022-01-17T10:26:00+00:00\",\"dateModified\":\"2022-02-02T10:27:16+00:00\",\"description\":\"Pour son num\u00e9ro 71, TELEMMe Infos vous propose pour la premi\u00e8re fois un dossier th\u00e9matique, \u201cLa biodiversit\u00e9 saisie par les sciences humaines et sociales\u201d, compos\u00e9 de trois contributions diff\u00e9rentes. Nous retrouvons \u00e9galement dans ce num\u00e9ro nos rubriques habituelles : l\u2019\u00e9ditorial de la direction, le bloc note num\u00e9rique consacr\u00e9 au tout nouveau site web de l\u2019unit\u00e9, et le bloc note qui revient sur une ann\u00e9e de publications, soutenances, all\u00e9es et venues et autres activit\u00e9s du laboratoire et de ses membres.\",\"breadcrumb\":{\"@id\":\"https:\\\/\\\/telemme.mmsh.fr\\\/?p=10507#breadcrumb\"},\"inLanguage\":\"fr-FR\",\"potentialAction\":[{\"@type\":\"ReadAction\",\"target\":[\"https:\\\/\\\/telemme.mmsh.fr\\\/?p=10507\"]}]},{\"@type\":\"ImageObject\",\"inLanguage\":\"fr-FR\",\"@id\":\"https:\\\/\\\/telemme.mmsh.fr\\\/?p=10507#primaryimage\",\"url\":\"https:\\\/\\\/telemme.mmsh.fr\\\/wp-content\\\/uploads\\\/2022\\\/02\\\/Sainte-Victoire-10.jpg\",\"contentUrl\":\"https:\\\/\\\/telemme.mmsh.fr\\\/wp-content\\\/uploads\\\/2022\\\/02\\\/Sainte-Victoire-10.jpg\",\"width\":2000,\"height\":1125,\"caption\":\"Lever de soleil sur la Sainte-Victoire. Photogramme, Betty Lay et Agn\u00e8s Maury \\\/ Les Films du Papillon\"},{\"@type\":\"BreadcrumbList\",\"@id\":\"https:\\\/\\\/telemme.mmsh.fr\\\/?p=10507#breadcrumb\",\"itemListElement\":[{\"@type\":\"ListItem\",\"position\":1,\"name\":\"Accueil\",\"item\":\"https:\\\/\\\/telemme.mmsh.fr\\\/\"},{\"@type\":\"ListItem\",\"position\":2,\"name\":\"Actualit\u00e9s\",\"item\":\"https:\\\/\\\/telemme.mmsh.fr\\\/?cat=1995\"},{\"@type\":\"ListItem\",\"position\":3,\"name\":\"Informations\",\"item\":\"https:\\\/\\\/telemme.mmsh.fr\\\/?cat=2007\"},{\"@type\":\"ListItem\",\"position\":4,\"name\":\"La biodiversit\u00e9 au sommaire du nouveau TELEMMe Infos\"}]},{\"@type\":\"WebSite\",\"@id\":\"https:\\\/\\\/telemme.mmsh.fr\\\/#website\",\"url\":\"https:\\\/\\\/telemme.mmsh.fr\\\/\",\"name\":\"TELEMMe - Temps, espaces, langages, Europe m\u00e9ridionale, M\u00e9diterran\u00e9e\",\"description\":\"\",\"publisher\":{\"@id\":\"https:\\\/\\\/telemme.mmsh.fr\\\/#organization\"},\"potentialAction\":[{\"@type\":\"SearchAction\",\"target\":{\"@type\":\"EntryPoint\",\"urlTemplate\":\"https:\\\/\\\/telemme.mmsh.fr\\\/?s={search_term_string}\"},\"query-input\":{\"@type\":\"PropertyValueSpecification\",\"valueRequired\":true,\"valueName\":\"search_term_string\"}}],\"inLanguage\":\"fr-FR\"},{\"@type\":\"Organization\",\"@id\":\"https:\\\/\\\/telemme.mmsh.fr\\\/#organization\",\"name\":\"TELEMMe\",\"url\":\"https:\\\/\\\/telemme.mmsh.fr\\\/\",\"logo\":{\"@type\":\"ImageObject\",\"inLanguage\":\"fr-FR\",\"@id\":\"https:\\\/\\\/telemme.mmsh.fr\\\/#\\\/schema\\\/logo\\\/image\\\/\",\"url\":\"https:\\\/\\\/telemme.mmsh.fr\\\/wp-content\\\/uploads\\\/2020\\\/03\\\/LogoTELEMMe-horizontal-fond-transparent.png\",\"contentUrl\":\"https:\\\/\\\/telemme.mmsh.fr\\\/wp-content\\\/uploads\\\/2020\\\/03\\\/LogoTELEMMe-horizontal-fond-transparent.png\",\"width\":1500,\"height\":437,\"caption\":\"TELEMMe\"},\"image\":{\"@id\":\"https:\\\/\\\/telemme.mmsh.fr\\\/#\\\/schema\\\/logo\\\/image\\\/\"}},{\"@type\":\"Person\",\"@id\":\"https:\\\/\\\/telemme.mmsh.fr\\\/#\\\/schema\\\/person\\\/86a185da4836381586528ced48e263f5\",\"name\":\"Delphine Cavallo\",\"url\":\"https:\\\/\\\/telemme.mmsh.fr\\\/?author=6\"}]}<\/script>\n<!-- \/ Yoast SEO plugin. -->","yoast_head_json":{"title":"La biodiversit\u00e9 au sommaire du nouveau TELEMMe Infos - TELEMMe - Temps, espaces, langages, Europe m\u00e9ridionale, M\u00e9diterran\u00e9e","description":"Pour son num\u00e9ro 71, TELEMMe Infos vous propose pour la premi\u00e8re fois un dossier th\u00e9matique, \u201cLa biodiversit\u00e9 saisie par les sciences humaines et sociales\u201d, compos\u00e9 de trois contributions diff\u00e9rentes. Nous retrouvons \u00e9galement dans ce num\u00e9ro nos rubriques habituelles : l\u2019\u00e9ditorial de la direction, le bloc note num\u00e9rique consacr\u00e9 au tout nouveau site web de l\u2019unit\u00e9, et le bloc note qui revient sur une ann\u00e9e de publications, soutenances, all\u00e9es et venues et autres activit\u00e9s du laboratoire et de ses membres.","robots":{"index":"index","follow":"follow","max-snippet":"max-snippet:-1","max-image-preview":"max-image-preview:large","max-video-preview":"max-video-preview:-1"},"canonical":"https:\/\/telemme.mmsh.fr\/?p=10507","og_locale":"fr_FR","og_type":"article","og_title":"La biodiversit\u00e9 au sommaire du nouveau TELEMMe Infos - TELEMMe - Temps, espaces, langages, Europe m\u00e9ridionale, M\u00e9diterran\u00e9e","og_description":"Pour son num\u00e9ro 71, TELEMMe Infos vous propose pour la premi\u00e8re fois un dossier th\u00e9matique, \u201cLa biodiversit\u00e9 saisie par les sciences humaines et sociales\u201d, compos\u00e9 de trois contributions diff\u00e9rentes. Nous retrouvons \u00e9galement dans ce num\u00e9ro nos rubriques habituelles : l\u2019\u00e9ditorial de la direction, le bloc note num\u00e9rique consacr\u00e9 au tout nouveau site web de l\u2019unit\u00e9, et le bloc note qui revient sur une ann\u00e9e de publications, soutenances, all\u00e9es et venues et autres activit\u00e9s du laboratoire et de ses membres.","og_url":"https:\/\/telemme.mmsh.fr\/?p=10507","og_site_name":"TELEMMe - Temps, espaces, langages, Europe m\u00e9ridionale, M\u00e9diterran\u00e9e","article_published_time":"2022-01-17T10:26:00+00:00","article_modified_time":"2022-02-02T10:27:16+00:00","og_image":[{"width":2000,"height":1125,"url":"https:\/\/telemme.mmsh.fr\/wp-content\/uploads\/2022\/02\/Sainte-Victoire-10.jpg","type":"image\/jpeg"}],"author":"Delphine Cavallo","twitter_card":"summary_large_image","twitter_misc":{"\u00c9crit par":"Delphine Cavallo","Dur\u00e9e de lecture estim\u00e9e":"2 minutes"},"schema":{"@context":"https:\/\/schema.org","@graph":[{"@type":"Article","@id":"https:\/\/telemme.mmsh.fr\/?p=10507#article","isPartOf":{"@id":"https:\/\/telemme.mmsh.fr\/?p=10507"},"author":{"name":"Delphine Cavallo","@id":"https:\/\/telemme.mmsh.fr\/#\/schema\/person\/86a185da4836381586528ced48e263f5"},"headline":"La biodiversit\u00e9 au sommaire du nouveau TELEMMe Infos","datePublished":"2022-01-17T10:26:00+00:00","dateModified":"2022-02-02T10:27:16+00:00","mainEntityOfPage":{"@id":"https:\/\/telemme.mmsh.fr\/?p=10507"},"wordCount":359,"publisher":{"@id":"https:\/\/telemme.mmsh.fr\/#organization"},"image":{"@id":"https:\/\/telemme.mmsh.fr\/?p=10507#primaryimage"},"thumbnailUrl":"https:\/\/telemme.mmsh.fr\/wp-content\/uploads\/2022\/02\/Sainte-Victoire-10.jpg","keywords":["biodiversit\u00e9","TELEMMe Infos"],"articleSection":["Informations"],"inLanguage":"fr-FR"},{"@type":"WebPage","@id":"https:\/\/telemme.mmsh.fr\/?p=10507","url":"https:\/\/telemme.mmsh.fr\/?p=10507","name":"La biodiversit\u00e9 au sommaire du nouveau TELEMMe Infos - TELEMMe - Temps, espaces, langages, Europe m\u00e9ridionale, M\u00e9diterran\u00e9e","isPartOf":{"@id":"https:\/\/telemme.mmsh.fr\/#website"},"primaryImageOfPage":{"@id":"https:\/\/telemme.mmsh.fr\/?p=10507#primaryimage"},"image":{"@id":"https:\/\/telemme.mmsh.fr\/?p=10507#primaryimage"},"thumbnailUrl":"https:\/\/telemme.mmsh.fr\/wp-content\/uploads\/2022\/02\/Sainte-Victoire-10.jpg","datePublished":"2022-01-17T10:26:00+00:00","dateModified":"2022-02-02T10:27:16+00:00","description":"Pour son num\u00e9ro 71, TELEMMe Infos vous propose pour la premi\u00e8re fois un dossier th\u00e9matique, \u201cLa biodiversit\u00e9 saisie par les sciences humaines et sociales\u201d, compos\u00e9 de trois contributions diff\u00e9rentes. Nous retrouvons \u00e9galement dans ce num\u00e9ro nos rubriques habituelles : l\u2019\u00e9ditorial de la direction, le bloc note num\u00e9rique consacr\u00e9 au tout nouveau site web de l\u2019unit\u00e9, et le bloc note qui revient sur une ann\u00e9e de publications, soutenances, all\u00e9es et venues et autres activit\u00e9s du laboratoire et de ses membres.","breadcrumb":{"@id":"https:\/\/telemme.mmsh.fr\/?p=10507#breadcrumb"},"inLanguage":"fr-FR","potentialAction":[{"@type":"ReadAction","target":["https:\/\/telemme.mmsh.fr\/?p=10507"]}]},{"@type":"ImageObject","inLanguage":"fr-FR","@id":"https:\/\/telemme.mmsh.fr\/?p=10507#primaryimage","url":"https:\/\/telemme.mmsh.fr\/wp-content\/uploads\/2022\/02\/Sainte-Victoire-10.jpg","contentUrl":"https:\/\/telemme.mmsh.fr\/wp-content\/uploads\/2022\/02\/Sainte-Victoire-10.jpg","width":2000,"height":1125,"caption":"Lever de soleil sur la Sainte-Victoire. Photogramme, Betty Lay et Agn\u00e8s Maury \/ Les Films du Papillon"},{"@type":"BreadcrumbList","@id":"https:\/\/telemme.mmsh.fr\/?p=10507#breadcrumb","itemListElement":[{"@type":"ListItem","position":1,"name":"Accueil","item":"https:\/\/telemme.mmsh.fr\/"},{"@type":"ListItem","position":2,"name":"Actualit\u00e9s","item":"https:\/\/telemme.mmsh.fr\/?cat=1995"},{"@type":"ListItem","position":3,"name":"Informations","item":"https:\/\/telemme.mmsh.fr\/?cat=2007"},{"@type":"ListItem","position":4,"name":"La biodiversit\u00e9 au sommaire du nouveau TELEMMe Infos"}]},{"@type":"WebSite","@id":"https:\/\/telemme.mmsh.fr\/#website","url":"https:\/\/telemme.mmsh.fr\/","name":"TELEMMe - Temps, espaces, langages, Europe m\u00e9ridionale, M\u00e9diterran\u00e9e","description":"","publisher":{"@id":"https:\/\/telemme.mmsh.fr\/#organization"},"potentialAction":[{"@type":"SearchAction","target":{"@type":"EntryPoint","urlTemplate":"https:\/\/telemme.mmsh.fr\/?s={search_term_string}"},"query-input":{"@type":"PropertyValueSpecification","valueRequired":true,"valueName":"search_term_string"}}],"inLanguage":"fr-FR"},{"@type":"Organization","@id":"https:\/\/telemme.mmsh.fr\/#organization","name":"TELEMMe","url":"https:\/\/telemme.mmsh.fr\/","logo":{"@type":"ImageObject","inLanguage":"fr-FR","@id":"https:\/\/telemme.mmsh.fr\/#\/schema\/logo\/image\/","url":"https:\/\/telemme.mmsh.fr\/wp-content\/uploads\/2020\/03\/LogoTELEMMe-horizontal-fond-transparent.png","contentUrl":"https:\/\/telemme.mmsh.fr\/wp-content\/uploads\/2020\/03\/LogoTELEMMe-horizontal-fond-transparent.png","width":1500,"height":437,"caption":"TELEMMe"},"image":{"@id":"https:\/\/telemme.mmsh.fr\/#\/schema\/logo\/image\/"}},{"@type":"Person","@id":"https:\/\/telemme.mmsh.fr\/#\/schema\/person\/86a185da4836381586528ced48e263f5","name":"Delphine Cavallo","url":"https:\/\/telemme.mmsh.fr\/?author=6"}]}},"_links":{"self":[{"href":"https:\/\/telemme.mmsh.fr\/index.php?rest_route=\/wp\/v2\/posts\/10507","targetHints":{"allow":["GET"]}}],"collection":[{"href":"https:\/\/telemme.mmsh.fr\/index.php?rest_route=\/wp\/v2\/posts"}],"about":[{"href":"https:\/\/telemme.mmsh.fr\/index.php?rest_route=\/wp\/v2\/types\/post"}],"author":[{"embeddable":true,"href":"https:\/\/telemme.mmsh.fr\/index.php?rest_route=\/wp\/v2\/users\/6"}],"replies":[{"embeddable":true,"href":"https:\/\/telemme.mmsh.fr\/index.php?rest_route=%2Fwp%2Fv2%2Fcomments&post=10507"}],"version-history":[{"count":3,"href":"https:\/\/telemme.mmsh.fr\/index.php?rest_route=\/wp\/v2\/posts\/10507\/revisions"}],"predecessor-version":[{"id":10511,"href":"https:\/\/telemme.mmsh.fr\/index.php?rest_route=\/wp\/v2\/posts\/10507\/revisions\/10511"}],"wp:featuredmedia":[{"embeddable":true,"href":"https:\/\/telemme.mmsh.fr\/index.php?rest_route=\/wp\/v2\/media\/10508"}],"wp:attachment":[{"href":"https:\/\/telemme.mmsh.fr\/index.php?rest_route=%2Fwp%2Fv2%2Fmedia&parent=10507"}],"wp:term":[{"taxonomy":"category","embeddable":true,"href":"https:\/\/telemme.mmsh.fr\/index.php?rest_route=%2Fwp%2Fv2%2Fcategories&post=10507"},{"taxonomy":"post_tag","embeddable":true,"href":"https:\/\/telemme.mmsh.fr\/index.php?rest_route=%2Fwp%2Fv2%2Ftags&post=10507"}],"curies":[{"name":"wp","href":"https:\/\/api.w.org\/{rel}","templated":true}]}}