{"id":10449,"date":"2022-01-24T17:00:01","date_gmt":"2022-01-24T16:00:01","guid":{"rendered":"https:\/\/telemme.mmsh.fr\/?p=10449"},"modified":"2022-01-24T17:08:09","modified_gmt":"2022-01-24T16:08:09","slug":"projection-debat-de-la-resistance-sur-les-bords-de-la-mediterranee-un-parcours-dhistorien-jean-marie-guillon","status":"publish","type":"post","link":"https:\/\/telemme.mmsh.fr\/?p=10449","title":{"rendered":"Projection-d\u00e9bat de La R\u00e9sistance sur les bords de la M\u00e9diterran\u00e9e. Un parcours d\u2019historien, Jean-Marie Guillon"},"content":{"rendered":"\n<blockquote class=\"wp-block-quote is-style-default is-layout-flow wp-block-quote-is-layout-flow\"><p>Le film <a href=\"https:\/\/telemme.mmsh.fr\/?p=10132\"><em>La R\u00e9sistance sur les bords de la M\u00e9diterran\u00e9e. Un parcours d\u2019historien, Jean-Marie Guillon<\/em><\/a> sera projet\u00e9<strong> mardi 1<sup>er<\/sup> f\u00e9vrier 2022 \u00e0 18h<\/strong> \u00e0 l&rsquo;auditorium du <strong><a href=\"https:\/\/musees.marseille.fr\/musee-dhistoire-de-marseille-mhm\">Mus\u00e9e d&rsquo;histoire de Marseille<\/a><\/strong>.<\/p><\/blockquote>\n\n\n\n<p><strong>En pr\u00e9sence de Jean-Marie Guillon, Professeur des universit\u00e9s \u00e9m\u00e9rite, TELEMMe (AMU-CNRS) et d&rsquo;Agn\u00e8s Maury (Les Films du Papillon)<\/strong><\/p>\n\n\n\n<hr class=\"wp-block-separator\"\/>\n\n\n\n<p><br>Revenir sur le parcours de recherche d\u2019un historien et faire le point, en film, sur les apports de ses travaux \u00e0 son objet de recherche, c\u2019est ce que TELEMMe a propos\u00e9 \u00e0 Jean-Marie Guillon. Historien de la R\u00e9sistance en Provence, il a accept\u00e9 cette invitation \u00e0 nous parler et \u00e0 nous montrer en images l\u2019originalit\u00e9 de son approche au regard de l\u2019historiographie foisonnante de cette p\u00e9riode historique. Film\u00e9 par Agn\u00e8s Maury sur diff\u00e9rents lieux qui refl\u00e8tent son parcours \u2013 biblioth\u00e8que, lieux de comm\u00e9moration de la r\u00e9sistance en Provence, etc. \u2013 Jean-Marie Guillon nous offre un moment de pause et de r\u00e9flexion autour de cette question r\u00e9solument d\u2019actualit\u00e9&nbsp;: qu\u2019est-ce que r\u00e9sister veut dire&nbsp;?<\/p>\n\n\n\n<p><strong><em>Dans le cadre des mardis de l\u2019Histoire<\/em><\/strong><\/p>\n\n\n\n<p class=\"has-nv-c-2-color has-text-color\"><strong>Attention<\/strong> : en raison de la situation sanitaire, la jauge de l&rsquo;auditorium est limit\u00e9e. R\u00e9servation obligatoire au 04 91 55 36 00 ou par mail : <a href=\"mailto:musee-histoire@marseille.fr\">musee-histoire@marseille.fr<\/a><\/p>\n\n\n\n<p>Cette projection est r\u00e9alis\u00e9e en lien avec l&rsquo;exposition <a href=\"https:\/\/musees.marseille.fr\/resistants-une-generation-oubliee?museum=memorial-des-deportations\"><em>R\u00e9sistants, une g\u00e9n\u00e9ration oubli\u00e9e<\/em><\/a> pr\u00e9sent\u00e9e depuis le 9 d\u00e9cembre 2021 au <a href=\"https:\/\/musees.marseille.fr\/memorial-des-deportations-0\">M\u00e9morial des d\u00e9portations<\/a>.<strong>&nbsp; <\/strong><\/p>\n\n\n\n<hr class=\"wp-block-separator\"\/>\n\n\n\n<p class=\"has-medium-font-size\"><a href=\"https:\/\/telemme.mmsh.fr\/?p=10132\"><strong>La R\u00e9sistance sur les bords de la M\u00e9diterran\u00e9e. Un parcours d\u2019historien, Jean-Marie Guillon<\/strong><\/a><\/p>\n\n\n\n<ul class=\"wp-block-list\"><li><strong>Un film \u00e9crit par Jean-Marie Guillon <\/strong>(TELEMMe, AMU-CNRS)<\/li><li>R\u00e9alisation : <strong>Agn\u00e8s Maury <\/strong>| Les Films du Papillon<\/li><li>Voix off et lecture des textes : <strong>Sofy Jordan<\/strong><\/li><li>Dur\u00e9e\u202f: 60 min.<\/li><li>TELEMMe \u2013 Les Films du Papillon, 2021<\/li><li>Licence Creative commons BY-NC-SA 4.0<\/li><\/ul>\n\n\n\n<p>Ce film a re\u00e7u le soutien du <a href=\"https:\/\/musees.marseille.fr\/\">service des Mus\u00e9es de la ville de Marseille<\/a>, de la<a href=\"https:\/\/www.mmsh.fr\/\"> Maison m\u00e9diterran\u00e9enne des sciences de l\u2019homme<\/a> et l\u2019<a href=\"https:\/\/www.univ-amu.fr\/fr\/public\/institut-societes-en-mutation-en-mediterranee-somum-0\">Institut SoMuM<\/a> ( Soci\u00e9t\u00e9s en mutation en M\u00e9diterran\u00e9e).<\/p>\n\n\n\n<hr class=\"wp-block-separator\"\/>\n\n\n\n<p><strong>En savoir plus :<\/strong><\/p>\n\n\n\n<ul class=\"wp-block-list\"><li>Le film<a href=\"https:\/\/www.youtube.com\/watch?v=EGaOZlkCBbw\"><em> La R\u00e9sistance sur les bords de la M\u00e9diterran\u00e9e<\/em><\/a> sur la cha\u00eene Youtube de TELEMMe <\/li><li>L&rsquo;exposition <a href=\"https:\/\/musees.marseille.fr\/resistants-une-generation-oubliee?museum=memorial-des-deportations\"><em>R\u00e9sistants, une g\u00e9n\u00e9ration oubli\u00e9e<\/em><\/a>&nbsp; au <a href=\"https:\/\/musees.marseille.fr\/memorial-des-deportations-0\">M\u00e9morial des d\u00e9portations<\/a>.<strong> <br><\/strong><\/li><\/ul>\n","protected":false},"excerpt":{"rendered":"<p>Le film La R\u00e9sistance sur les bords de la M\u00e9diterran\u00e9e. Un parcours d\u2019historien, Jean-Marie Guillon sera projet\u00e9 mardi 1er f\u00e9vrier 2022 \u00e0 18h \u00e0 l&rsquo;auditorium du Mus\u00e9e d&rsquo;histoire de Marseille.<\/p>\n","protected":false},"author":6,"featured_media":10455,"comment_status":"closed","ping_status":"closed","sticky":false,"template":"","format":"standard","meta":{"neve_meta_sidebar":"","neve_meta_container":"","neve_meta_enable_content_width":"off","neve_meta_content_width":70,"neve_meta_title_alignment":"","neve_meta_author_avatar":"","neve_post_elements_order":"","neve_meta_disable_header":"","neve_meta_disable_footer":"","neve_meta_disable_title":"","_tribe_events_control_status":"","_tribe_events_control_status_canceled_reason":"","_tribe_events_control_status_postponed_reason":"","_tribe_events_control_online":"","_tribe_events_control_online_url":"","footnotes":""},"categories":[1992],"tags":[2313,2309],"class_list":["post-10449","post","type-post","status-publish","format-standard","has-post-thumbnail","hentry","category-rencontres","tag-jean-marie-guillon","tag-resistance"],"yoast_head":"<!-- This site is optimized with the Yoast SEO plugin v27.4 - https:\/\/yoast.com\/product\/yoast-seo-wordpress\/ -->\n<title>Projection-d\u00e9bat de La R\u00e9sistance sur les bords de la M\u00e9diterran\u00e9e. Un parcours d\u2019historien, Jean-Marie Guillon - TELEMMe - Temps, espaces, langages, Europe m\u00e9ridionale, M\u00e9diterran\u00e9e<\/title>\n<meta name=\"description\" content=\"Le film La R\u00e9sistance sur les bords de la M\u00e9diterran\u00e9e. Un parcours d\u2019historien, Jean-Marie Guillon sera projet\u00e9 mardi 1er f\u00e9vrier 2022 \u00e0 18h \u00e0 l&#039;auditorium du Mus\u00e9e d&#039;histoire de Marseille.En pr\u00e9sence de Jean-Marie Guillon, Professeur des universit\u00e9s \u00e9m\u00e9rite, TELEMMe (AMU-CNRS) et Agn\u00e8s Maury (Les Films du Papillon)\" \/>\n<meta name=\"robots\" content=\"index, follow, max-snippet:-1, max-image-preview:large, max-video-preview:-1\" \/>\n<link rel=\"canonical\" href=\"https:\/\/telemme.mmsh.fr\/?p=10449\" \/>\n<meta property=\"og:locale\" content=\"fr_FR\" \/>\n<meta property=\"og:type\" content=\"article\" \/>\n<meta property=\"og:title\" content=\"Projection-d\u00e9bat de La R\u00e9sistance sur les bords de la M\u00e9diterran\u00e9e. Un parcours d\u2019historien, Jean-Marie Guillon - TELEMMe - Temps, espaces, langages, Europe m\u00e9ridionale, M\u00e9diterran\u00e9e\" \/>\n<meta property=\"og:description\" content=\"Le film La R\u00e9sistance sur les bords de la M\u00e9diterran\u00e9e. Un parcours d\u2019historien, Jean-Marie Guillon sera projet\u00e9 mardi 1er f\u00e9vrier 2022 \u00e0 18h \u00e0 l&#039;auditorium du Mus\u00e9e d&#039;histoire de Marseille.En pr\u00e9sence de Jean-Marie Guillon, Professeur des universit\u00e9s \u00e9m\u00e9rite, TELEMMe (AMU-CNRS) et Agn\u00e8s Maury (Les Films du Papillon)\" \/>\n<meta property=\"og:url\" content=\"https:\/\/telemme.mmsh.fr\/?p=10449\" \/>\n<meta property=\"og:site_name\" content=\"TELEMMe - Temps, espaces, langages, Europe m\u00e9ridionale, M\u00e9diterran\u00e9e\" \/>\n<meta property=\"article:published_time\" content=\"2022-01-24T16:00:01+00:00\" \/>\n<meta property=\"article:modified_time\" content=\"2022-01-24T16:08:09+00:00\" \/>\n<meta property=\"og:image\" content=\"https:\/\/telemme.mmsh.fr\/wp-content\/uploads\/2022\/01\/2021_ResistanceGuillon_banniere_web_reduite.jpg\" \/>\n\t<meta property=\"og:image:width\" content=\"911\" \/>\n\t<meta property=\"og:image:height\" content=\"500\" \/>\n\t<meta property=\"og:image:type\" content=\"image\/jpeg\" \/>\n<meta name=\"author\" content=\"Delphine Cavallo\" \/>\n<meta name=\"twitter:card\" content=\"summary_large_image\" \/>\n<meta name=\"twitter:label1\" content=\"\u00c9crit par\" \/>\n\t<meta name=\"twitter:data1\" content=\"Delphine Cavallo\" \/>\n\t<meta name=\"twitter:label2\" content=\"Dur\u00e9e de lecture estim\u00e9e\" \/>\n\t<meta name=\"twitter:data2\" content=\"2 minutes\" \/>\n<script type=\"application\/ld+json\" class=\"yoast-schema-graph\">{\"@context\":\"https:\\\/\\\/schema.org\",\"@graph\":[{\"@type\":\"Article\",\"@id\":\"https:\\\/\\\/telemme.mmsh.fr\\\/?p=10449#article\",\"isPartOf\":{\"@id\":\"https:\\\/\\\/telemme.mmsh.fr\\\/?p=10449\"},\"author\":{\"name\":\"Delphine Cavallo\",\"@id\":\"https:\\\/\\\/telemme.mmsh.fr\\\/#\\\/schema\\\/person\\\/86a185da4836381586528ced48e263f5\"},\"headline\":\"Projection-d\u00e9bat de La R\u00e9sistance sur les bords de la M\u00e9diterran\u00e9e. Un parcours d\u2019historien, Jean-Marie Guillon\",\"datePublished\":\"2022-01-24T16:00:01+00:00\",\"dateModified\":\"2022-01-24T16:08:09+00:00\",\"mainEntityOfPage\":{\"@id\":\"https:\\\/\\\/telemme.mmsh.fr\\\/?p=10449\"},\"wordCount\":404,\"publisher\":{\"@id\":\"https:\\\/\\\/telemme.mmsh.fr\\\/#organization\"},\"image\":{\"@id\":\"https:\\\/\\\/telemme.mmsh.fr\\\/?p=10449#primaryimage\"},\"thumbnailUrl\":\"https:\\\/\\\/telemme.mmsh.fr\\\/wp-content\\\/uploads\\\/2022\\\/01\\\/2021_ResistanceGuillon_banniere_web_reduite.jpg\",\"keywords\":[\"Jean-Marie-Guillon\",\"r\u00e9sistance\"],\"articleSection\":[\"Rencontres\"],\"inLanguage\":\"fr-FR\"},{\"@type\":\"WebPage\",\"@id\":\"https:\\\/\\\/telemme.mmsh.fr\\\/?p=10449\",\"url\":\"https:\\\/\\\/telemme.mmsh.fr\\\/?p=10449\",\"name\":\"Projection-d\u00e9bat de La R\u00e9sistance sur les bords de la M\u00e9diterran\u00e9e. Un parcours d\u2019historien, Jean-Marie Guillon - TELEMMe - Temps, espaces, langages, Europe m\u00e9ridionale, M\u00e9diterran\u00e9e\",\"isPartOf\":{\"@id\":\"https:\\\/\\\/telemme.mmsh.fr\\\/#website\"},\"primaryImageOfPage\":{\"@id\":\"https:\\\/\\\/telemme.mmsh.fr\\\/?p=10449#primaryimage\"},\"image\":{\"@id\":\"https:\\\/\\\/telemme.mmsh.fr\\\/?p=10449#primaryimage\"},\"thumbnailUrl\":\"https:\\\/\\\/telemme.mmsh.fr\\\/wp-content\\\/uploads\\\/2022\\\/01\\\/2021_ResistanceGuillon_banniere_web_reduite.jpg\",\"datePublished\":\"2022-01-24T16:00:01+00:00\",\"dateModified\":\"2022-01-24T16:08:09+00:00\",\"description\":\"Le film La R\u00e9sistance sur les bords de la M\u00e9diterran\u00e9e. Un parcours d\u2019historien, Jean-Marie Guillon sera projet\u00e9 mardi 1er f\u00e9vrier 2022 \u00e0 18h \u00e0 l'auditorium du Mus\u00e9e d'histoire de Marseille.En pr\u00e9sence de Jean-Marie Guillon, Professeur des universit\u00e9s \u00e9m\u00e9rite, TELEMMe (AMU-CNRS) et Agn\u00e8s Maury (Les Films du Papillon)\",\"breadcrumb\":{\"@id\":\"https:\\\/\\\/telemme.mmsh.fr\\\/?p=10449#breadcrumb\"},\"inLanguage\":\"fr-FR\",\"potentialAction\":[{\"@type\":\"ReadAction\",\"target\":[\"https:\\\/\\\/telemme.mmsh.fr\\\/?p=10449\"]}]},{\"@type\":\"ImageObject\",\"inLanguage\":\"fr-FR\",\"@id\":\"https:\\\/\\\/telemme.mmsh.fr\\\/?p=10449#primaryimage\",\"url\":\"https:\\\/\\\/telemme.mmsh.fr\\\/wp-content\\\/uploads\\\/2022\\\/01\\\/2021_ResistanceGuillon_banniere_web_reduite.jpg\",\"contentUrl\":\"https:\\\/\\\/telemme.mmsh.fr\\\/wp-content\\\/uploads\\\/2022\\\/01\\\/2021_ResistanceGuillon_banniere_web_reduite.jpg\",\"width\":911,\"height\":500,\"caption\":\"R\u00e9alisation : Delphine CAVALLO (TELEMMe \\\/ AMU-CNRS) Cr\u00e9dits photgraphiques : Monument communal \u00e0 Martin Bidoure et aux Martys de la Rsistance de Barjols, sculpture Jules Recubert, photographie Marc Ducros, Les monuments aux morts, Licence CC BY-SA \\\/ fresque Jean Moulin \u00e0 Saint-Andiol, photographie par J-M Guillon \\\/ Titraille du journal Provence libre, fonds J-M. Guillon.\"},{\"@type\":\"BreadcrumbList\",\"@id\":\"https:\\\/\\\/telemme.mmsh.fr\\\/?p=10449#breadcrumb\",\"itemListElement\":[{\"@type\":\"ListItem\",\"position\":1,\"name\":\"Accueil\",\"item\":\"https:\\\/\\\/telemme.mmsh.fr\\\/\"},{\"@type\":\"ListItem\",\"position\":2,\"name\":\"Actualit\u00e9s\",\"item\":\"https:\\\/\\\/telemme.mmsh.fr\\\/?cat=1995\"},{\"@type\":\"ListItem\",\"position\":3,\"name\":\"Rencontres\",\"item\":\"https:\\\/\\\/telemme.mmsh.fr\\\/?cat=1992\"},{\"@type\":\"ListItem\",\"position\":4,\"name\":\"Projection-d\u00e9bat de La R\u00e9sistance sur les bords de la M\u00e9diterran\u00e9e. Un parcours d\u2019historien, Jean-Marie Guillon\"}]},{\"@type\":\"WebSite\",\"@id\":\"https:\\\/\\\/telemme.mmsh.fr\\\/#website\",\"url\":\"https:\\\/\\\/telemme.mmsh.fr\\\/\",\"name\":\"TELEMMe - Temps, espaces, langages, Europe m\u00e9ridionale, M\u00e9diterran\u00e9e\",\"description\":\"\",\"publisher\":{\"@id\":\"https:\\\/\\\/telemme.mmsh.fr\\\/#organization\"},\"potentialAction\":[{\"@type\":\"SearchAction\",\"target\":{\"@type\":\"EntryPoint\",\"urlTemplate\":\"https:\\\/\\\/telemme.mmsh.fr\\\/?s={search_term_string}\"},\"query-input\":{\"@type\":\"PropertyValueSpecification\",\"valueRequired\":true,\"valueName\":\"search_term_string\"}}],\"inLanguage\":\"fr-FR\"},{\"@type\":\"Organization\",\"@id\":\"https:\\\/\\\/telemme.mmsh.fr\\\/#organization\",\"name\":\"TELEMMe\",\"url\":\"https:\\\/\\\/telemme.mmsh.fr\\\/\",\"logo\":{\"@type\":\"ImageObject\",\"inLanguage\":\"fr-FR\",\"@id\":\"https:\\\/\\\/telemme.mmsh.fr\\\/#\\\/schema\\\/logo\\\/image\\\/\",\"url\":\"https:\\\/\\\/telemme.mmsh.fr\\\/wp-content\\\/uploads\\\/2020\\\/03\\\/LogoTELEMMe-horizontal-fond-transparent.png\",\"contentUrl\":\"https:\\\/\\\/telemme.mmsh.fr\\\/wp-content\\\/uploads\\\/2020\\\/03\\\/LogoTELEMMe-horizontal-fond-transparent.png\",\"width\":1500,\"height\":437,\"caption\":\"TELEMMe\"},\"image\":{\"@id\":\"https:\\\/\\\/telemme.mmsh.fr\\\/#\\\/schema\\\/logo\\\/image\\\/\"}},{\"@type\":\"Person\",\"@id\":\"https:\\\/\\\/telemme.mmsh.fr\\\/#\\\/schema\\\/person\\\/86a185da4836381586528ced48e263f5\",\"name\":\"Delphine Cavallo\",\"url\":\"https:\\\/\\\/telemme.mmsh.fr\\\/?author=6\"}]}<\/script>\n<!-- \/ Yoast SEO plugin. -->","yoast_head_json":{"title":"Projection-d\u00e9bat de La R\u00e9sistance sur les bords de la M\u00e9diterran\u00e9e. Un parcours d\u2019historien, Jean-Marie Guillon - TELEMMe - Temps, espaces, langages, Europe m\u00e9ridionale, M\u00e9diterran\u00e9e","description":"Le film La R\u00e9sistance sur les bords de la M\u00e9diterran\u00e9e. Un parcours d\u2019historien, Jean-Marie Guillon sera projet\u00e9 mardi 1er f\u00e9vrier 2022 \u00e0 18h \u00e0 l'auditorium du Mus\u00e9e d'histoire de Marseille.En pr\u00e9sence de Jean-Marie Guillon, Professeur des universit\u00e9s \u00e9m\u00e9rite, TELEMMe (AMU-CNRS) et Agn\u00e8s Maury (Les Films du Papillon)","robots":{"index":"index","follow":"follow","max-snippet":"max-snippet:-1","max-image-preview":"max-image-preview:large","max-video-preview":"max-video-preview:-1"},"canonical":"https:\/\/telemme.mmsh.fr\/?p=10449","og_locale":"fr_FR","og_type":"article","og_title":"Projection-d\u00e9bat de La R\u00e9sistance sur les bords de la M\u00e9diterran\u00e9e. Un parcours d\u2019historien, Jean-Marie Guillon - TELEMMe - Temps, espaces, langages, Europe m\u00e9ridionale, M\u00e9diterran\u00e9e","og_description":"Le film La R\u00e9sistance sur les bords de la M\u00e9diterran\u00e9e. Un parcours d\u2019historien, Jean-Marie Guillon sera projet\u00e9 mardi 1er f\u00e9vrier 2022 \u00e0 18h \u00e0 l'auditorium du Mus\u00e9e d'histoire de Marseille.En pr\u00e9sence de Jean-Marie Guillon, Professeur des universit\u00e9s \u00e9m\u00e9rite, TELEMMe (AMU-CNRS) et Agn\u00e8s Maury (Les Films du Papillon)","og_url":"https:\/\/telemme.mmsh.fr\/?p=10449","og_site_name":"TELEMMe - Temps, espaces, langages, Europe m\u00e9ridionale, M\u00e9diterran\u00e9e","article_published_time":"2022-01-24T16:00:01+00:00","article_modified_time":"2022-01-24T16:08:09+00:00","og_image":[{"width":911,"height":500,"url":"https:\/\/telemme.mmsh.fr\/wp-content\/uploads\/2022\/01\/2021_ResistanceGuillon_banniere_web_reduite.jpg","type":"image\/jpeg"}],"author":"Delphine Cavallo","twitter_card":"summary_large_image","twitter_misc":{"\u00c9crit par":"Delphine Cavallo","Dur\u00e9e de lecture estim\u00e9e":"2 minutes"},"schema":{"@context":"https:\/\/schema.org","@graph":[{"@type":"Article","@id":"https:\/\/telemme.mmsh.fr\/?p=10449#article","isPartOf":{"@id":"https:\/\/telemme.mmsh.fr\/?p=10449"},"author":{"name":"Delphine Cavallo","@id":"https:\/\/telemme.mmsh.fr\/#\/schema\/person\/86a185da4836381586528ced48e263f5"},"headline":"Projection-d\u00e9bat de La R\u00e9sistance sur les bords de la M\u00e9diterran\u00e9e. Un parcours d\u2019historien, Jean-Marie Guillon","datePublished":"2022-01-24T16:00:01+00:00","dateModified":"2022-01-24T16:08:09+00:00","mainEntityOfPage":{"@id":"https:\/\/telemme.mmsh.fr\/?p=10449"},"wordCount":404,"publisher":{"@id":"https:\/\/telemme.mmsh.fr\/#organization"},"image":{"@id":"https:\/\/telemme.mmsh.fr\/?p=10449#primaryimage"},"thumbnailUrl":"https:\/\/telemme.mmsh.fr\/wp-content\/uploads\/2022\/01\/2021_ResistanceGuillon_banniere_web_reduite.jpg","keywords":["Jean-Marie-Guillon","r\u00e9sistance"],"articleSection":["Rencontres"],"inLanguage":"fr-FR"},{"@type":"WebPage","@id":"https:\/\/telemme.mmsh.fr\/?p=10449","url":"https:\/\/telemme.mmsh.fr\/?p=10449","name":"Projection-d\u00e9bat de La R\u00e9sistance sur les bords de la M\u00e9diterran\u00e9e. Un parcours d\u2019historien, Jean-Marie Guillon - TELEMMe - Temps, espaces, langages, Europe m\u00e9ridionale, M\u00e9diterran\u00e9e","isPartOf":{"@id":"https:\/\/telemme.mmsh.fr\/#website"},"primaryImageOfPage":{"@id":"https:\/\/telemme.mmsh.fr\/?p=10449#primaryimage"},"image":{"@id":"https:\/\/telemme.mmsh.fr\/?p=10449#primaryimage"},"thumbnailUrl":"https:\/\/telemme.mmsh.fr\/wp-content\/uploads\/2022\/01\/2021_ResistanceGuillon_banniere_web_reduite.jpg","datePublished":"2022-01-24T16:00:01+00:00","dateModified":"2022-01-24T16:08:09+00:00","description":"Le film La R\u00e9sistance sur les bords de la M\u00e9diterran\u00e9e. Un parcours d\u2019historien, Jean-Marie Guillon sera projet\u00e9 mardi 1er f\u00e9vrier 2022 \u00e0 18h \u00e0 l'auditorium du Mus\u00e9e d'histoire de Marseille.En pr\u00e9sence de Jean-Marie Guillon, Professeur des universit\u00e9s \u00e9m\u00e9rite, TELEMMe (AMU-CNRS) et Agn\u00e8s Maury (Les Films du Papillon)","breadcrumb":{"@id":"https:\/\/telemme.mmsh.fr\/?p=10449#breadcrumb"},"inLanguage":"fr-FR","potentialAction":[{"@type":"ReadAction","target":["https:\/\/telemme.mmsh.fr\/?p=10449"]}]},{"@type":"ImageObject","inLanguage":"fr-FR","@id":"https:\/\/telemme.mmsh.fr\/?p=10449#primaryimage","url":"https:\/\/telemme.mmsh.fr\/wp-content\/uploads\/2022\/01\/2021_ResistanceGuillon_banniere_web_reduite.jpg","contentUrl":"https:\/\/telemme.mmsh.fr\/wp-content\/uploads\/2022\/01\/2021_ResistanceGuillon_banniere_web_reduite.jpg","width":911,"height":500,"caption":"R\u00e9alisation : Delphine CAVALLO (TELEMMe \/ AMU-CNRS) Cr\u00e9dits photgraphiques : Monument communal \u00e0 Martin Bidoure et aux Martys de la Rsistance de Barjols, sculpture Jules Recubert, photographie Marc Ducros, Les monuments aux morts, Licence CC BY-SA \/ fresque Jean Moulin \u00e0 Saint-Andiol, photographie par J-M Guillon \/ Titraille du journal Provence libre, fonds J-M. Guillon."},{"@type":"BreadcrumbList","@id":"https:\/\/telemme.mmsh.fr\/?p=10449#breadcrumb","itemListElement":[{"@type":"ListItem","position":1,"name":"Accueil","item":"https:\/\/telemme.mmsh.fr\/"},{"@type":"ListItem","position":2,"name":"Actualit\u00e9s","item":"https:\/\/telemme.mmsh.fr\/?cat=1995"},{"@type":"ListItem","position":3,"name":"Rencontres","item":"https:\/\/telemme.mmsh.fr\/?cat=1992"},{"@type":"ListItem","position":4,"name":"Projection-d\u00e9bat de La R\u00e9sistance sur les bords de la M\u00e9diterran\u00e9e. Un parcours d\u2019historien, Jean-Marie Guillon"}]},{"@type":"WebSite","@id":"https:\/\/telemme.mmsh.fr\/#website","url":"https:\/\/telemme.mmsh.fr\/","name":"TELEMMe - Temps, espaces, langages, Europe m\u00e9ridionale, M\u00e9diterran\u00e9e","description":"","publisher":{"@id":"https:\/\/telemme.mmsh.fr\/#organization"},"potentialAction":[{"@type":"SearchAction","target":{"@type":"EntryPoint","urlTemplate":"https:\/\/telemme.mmsh.fr\/?s={search_term_string}"},"query-input":{"@type":"PropertyValueSpecification","valueRequired":true,"valueName":"search_term_string"}}],"inLanguage":"fr-FR"},{"@type":"Organization","@id":"https:\/\/telemme.mmsh.fr\/#organization","name":"TELEMMe","url":"https:\/\/telemme.mmsh.fr\/","logo":{"@type":"ImageObject","inLanguage":"fr-FR","@id":"https:\/\/telemme.mmsh.fr\/#\/schema\/logo\/image\/","url":"https:\/\/telemme.mmsh.fr\/wp-content\/uploads\/2020\/03\/LogoTELEMMe-horizontal-fond-transparent.png","contentUrl":"https:\/\/telemme.mmsh.fr\/wp-content\/uploads\/2020\/03\/LogoTELEMMe-horizontal-fond-transparent.png","width":1500,"height":437,"caption":"TELEMMe"},"image":{"@id":"https:\/\/telemme.mmsh.fr\/#\/schema\/logo\/image\/"}},{"@type":"Person","@id":"https:\/\/telemme.mmsh.fr\/#\/schema\/person\/86a185da4836381586528ced48e263f5","name":"Delphine Cavallo","url":"https:\/\/telemme.mmsh.fr\/?author=6"}]}},"_links":{"self":[{"href":"https:\/\/telemme.mmsh.fr\/index.php?rest_route=\/wp\/v2\/posts\/10449","targetHints":{"allow":["GET"]}}],"collection":[{"href":"https:\/\/telemme.mmsh.fr\/index.php?rest_route=\/wp\/v2\/posts"}],"about":[{"href":"https:\/\/telemme.mmsh.fr\/index.php?rest_route=\/wp\/v2\/types\/post"}],"author":[{"embeddable":true,"href":"https:\/\/telemme.mmsh.fr\/index.php?rest_route=\/wp\/v2\/users\/6"}],"replies":[{"embeddable":true,"href":"https:\/\/telemme.mmsh.fr\/index.php?rest_route=%2Fwp%2Fv2%2Fcomments&post=10449"}],"version-history":[{"count":8,"href":"https:\/\/telemme.mmsh.fr\/index.php?rest_route=\/wp\/v2\/posts\/10449\/revisions"}],"predecessor-version":[{"id":10462,"href":"https:\/\/telemme.mmsh.fr\/index.php?rest_route=\/wp\/v2\/posts\/10449\/revisions\/10462"}],"wp:featuredmedia":[{"embeddable":true,"href":"https:\/\/telemme.mmsh.fr\/index.php?rest_route=\/wp\/v2\/media\/10455"}],"wp:attachment":[{"href":"https:\/\/telemme.mmsh.fr\/index.php?rest_route=%2Fwp%2Fv2%2Fmedia&parent=10449"}],"wp:term":[{"taxonomy":"category","embeddable":true,"href":"https:\/\/telemme.mmsh.fr\/index.php?rest_route=%2Fwp%2Fv2%2Fcategories&post=10449"},{"taxonomy":"post_tag","embeddable":true,"href":"https:\/\/telemme.mmsh.fr\/index.php?rest_route=%2Fwp%2Fv2%2Ftags&post=10449"}],"curies":[{"name":"wp","href":"https:\/\/api.w.org\/{rel}","templated":true}]}}