{"id":10287,"date":"2021-11-15T10:49:00","date_gmt":"2021-11-15T09:49:00","guid":{"rendered":"https:\/\/telemme.mmsh.fr\/?p=10287"},"modified":"2022-01-04T10:52:34","modified_gmt":"2022-01-04T09:52:34","slug":"website-story-histoire-memoires-et-archives-du-web","status":"publish","type":"post","link":"https:\/\/telemme.mmsh.fr\/?p=10287","title":{"rendered":"Website Story. Histoire, m\u00e9moires et archives du Web"},"content":{"rendered":"\n<blockquote class=\"wp-block-quote is-layout-flow wp-block-quote-is-layout-flow\"><p><a href=\"http:\/\/www.inatheque.fr\/publications-evenements\/publications-editions-ina-liste.html\"><strong><em>Website Sto<\/em><\/strong><em><strong>ry. Histoire, m\u00e9moires et archives <\/strong><\/em><strong><em>du Web<\/em><\/strong>,<\/a> Sophie Gebeil, INA \u2013 Institut national de l&rsquo;audiovisuel, collection \u00ab\u00a0\u00e9tudes et controverses\u00a0\u00bb, 2021, 198 pages<\/p><\/blockquote>\n\n\n\n<p>La pand\u00e9mie de Covid-19 nous rappelle avec acuit\u00e9 que le Web est devenu incontournable dans l\u2019\u00e9tude des \u00e9v\u00e9nements r\u00e9cents. En cela le ph\u00e9nom\u00e8ne m\u00e9moriel ne fait pas exception, que l\u2019on pense aux d\u00e9bats sur le pass\u00e9 colonial ou sur la Guerre d\u2019Alg\u00e9rie. Cependant, les traces laiss\u00e9es sur la Toile sont instables et difficiles \u00e0 appr\u00e9hender pour les historien\u00b7ne\u00b7s du temps pr\u00e9sent. N\u00e9es dans les ann\u00e9es 1990, les initiatives d\u2019archivage de ce patrimoine nativement num\u00e9rique se sont traduites par la cr\u00e9ation d\u2019un d\u00e9p\u00f4t l\u00e9gal du Web fran\u00e7ais dont la collecte, la conservation et l\u2019acc\u00e8s sont organis\u00e9s par l\u2019INA et la BNF. Ce Web archiv\u00e9 constitue un gisement de sources pr\u00e9cieux permettant de retrouver des contenus aujourd\u2019hui inaccessibles en ligne. L\u2019archivage du Web offre en outre la possibilit\u00e9 de consulter d\u2019anciennes versions de sites mais aussi de p\u00e9renniser un corpus issu du \u00ab Web vivant \u00bb. Ce livre, \u00e0 partir de la th\u00e8se pionni\u00e8re soutenue en 2015, apporte des clefs pour appr\u00e9hender les enjeux historiographiques li\u00e9s au d\u00e9ploiement des r\u00e9cits publics consacr\u00e9s aux pass\u00e9s sur le Web. Il propose \u00e9galement des pistes m\u00e9thodologiques adress\u00e9es \u00e0 des \u00e9tudiant\u00b7e\u00b7s ou \u00e0 des chercheur\u00b7e\u00b7s d\u00e9sireux\u00b7euses de se plonger dans l\u2019\u00e9tude d\u2019un ph\u00e9nom\u00e8ne \u00e0 partir des archives du Web.<\/p>\n","protected":false},"excerpt":{"rendered":"<p>Website Story. Histoire, m\u00e9moires et archives du Web, Sophie Gebeil, INA \u2013 Institut national de l&rsquo;audiovisuel, collection \u00ab\u00a0\u00e9tudes et controverses\u00a0\u00bb, 2021, 198 pages La pand\u00e9mie de Covid-19 nous rappelle avec&hellip;&nbsp;<a href=\"https:\/\/telemme.mmsh.fr\/?p=10287\" rel=\"bookmark\">Lire la suite &raquo;<span class=\"screen-reader-text\">Website Story. Histoire, m\u00e9moires et archives du Web<\/span><\/a><\/p>\n","protected":false},"author":6,"featured_media":10288,"comment_status":"closed","ping_status":"closed","sticky":false,"template":"","format":"standard","meta":{"neve_meta_sidebar":"","neve_meta_container":"","neve_meta_enable_content_width":"off","neve_meta_content_width":70,"neve_meta_title_alignment":"","neve_meta_author_avatar":"","neve_post_elements_order":"","neve_meta_disable_header":"","neve_meta_disable_footer":"","neve_meta_disable_title":"","_tribe_events_control_status":"","_tribe_events_control_status_canceled_reason":"","_tribe_events_control_status_postponed_reason":"","_tribe_events_control_online":"","_tribe_events_control_online_url":"","footnotes":""},"categories":[1740],"tags":[2301,2356],"class_list":["post-10287","post","type-post","status-publish","format-standard","has-post-thumbnail","hentry","category-ouvrages","tag-archives","tag-web"],"yoast_head":"<!-- This site is optimized with the Yoast SEO plugin v27.4 - https:\/\/yoast.com\/product\/yoast-seo-wordpress\/ -->\n<title>Website Story. Histoire, m\u00e9moires et archives du Web - TELEMMe - Temps, espaces, langages, Europe m\u00e9ridionale, M\u00e9diterran\u00e9e<\/title>\n<meta name=\"robots\" content=\"index, follow, max-snippet:-1, max-image-preview:large, max-video-preview:-1\" \/>\n<link rel=\"canonical\" href=\"https:\/\/telemme.mmsh.fr\/?p=10287\" \/>\n<meta property=\"og:locale\" content=\"fr_FR\" \/>\n<meta property=\"og:type\" content=\"article\" \/>\n<meta property=\"og:title\" content=\"Website Story. Histoire, m\u00e9moires et archives du Web - TELEMMe - Temps, espaces, langages, Europe m\u00e9ridionale, M\u00e9diterran\u00e9e\" \/>\n<meta property=\"og:description\" content=\"Website Story. Histoire, m\u00e9moires et archives du Web, Sophie Gebeil, INA \u2013 Institut national de l&rsquo;audiovisuel, collection \u00ab\u00a0\u00e9tudes et controverses\u00a0\u00bb, 2021, 198 pages La pand\u00e9mie de Covid-19 nous rappelle avec&hellip;&nbsp;Lire la suite &raquo;Website Story. Histoire, m\u00e9moires et archives du Web\" \/>\n<meta property=\"og:url\" content=\"https:\/\/telemme.mmsh.fr\/?p=10287\" \/>\n<meta property=\"og:site_name\" content=\"TELEMMe - Temps, espaces, langages, Europe m\u00e9ridionale, M\u00e9diterran\u00e9e\" \/>\n<meta property=\"article:published_time\" content=\"2021-11-15T09:49:00+00:00\" \/>\n<meta property=\"article:modified_time\" content=\"2022-01-04T09:52:34+00:00\" \/>\n<meta property=\"og:image\" content=\"https:\/\/telemme.mmsh.fr\/wp-content\/uploads\/2022\/01\/009665039.jpg\" \/>\n\t<meta property=\"og:image:width\" content=\"420\" \/>\n\t<meta property=\"og:image:height\" content=\"588\" \/>\n\t<meta property=\"og:image:type\" content=\"image\/jpeg\" \/>\n<meta name=\"author\" content=\"Delphine Cavallo\" \/>\n<meta name=\"twitter:card\" content=\"summary_large_image\" \/>\n<meta name=\"twitter:label1\" content=\"\u00c9crit par\" \/>\n\t<meta name=\"twitter:data1\" content=\"Delphine Cavallo\" \/>\n\t<meta name=\"twitter:label2\" content=\"Dur\u00e9e de lecture estim\u00e9e\" \/>\n\t<meta name=\"twitter:data2\" content=\"2 minutes\" \/>\n<script type=\"application\/ld+json\" class=\"yoast-schema-graph\">{\"@context\":\"https:\\\/\\\/schema.org\",\"@graph\":[{\"@type\":\"Article\",\"@id\":\"https:\\\/\\\/telemme.mmsh.fr\\\/?p=10287#article\",\"isPartOf\":{\"@id\":\"https:\\\/\\\/telemme.mmsh.fr\\\/?p=10287\"},\"author\":{\"name\":\"Delphine Cavallo\",\"@id\":\"https:\\\/\\\/telemme.mmsh.fr\\\/#\\\/schema\\\/person\\\/86a185da4836381586528ced48e263f5\"},\"headline\":\"Website Story. Histoire, m\u00e9moires et archives du Web\",\"datePublished\":\"2021-11-15T09:49:00+00:00\",\"dateModified\":\"2022-01-04T09:52:34+00:00\",\"mainEntityOfPage\":{\"@id\":\"https:\\\/\\\/telemme.mmsh.fr\\\/?p=10287\"},\"wordCount\":281,\"publisher\":{\"@id\":\"https:\\\/\\\/telemme.mmsh.fr\\\/#organization\"},\"image\":{\"@id\":\"https:\\\/\\\/telemme.mmsh.fr\\\/?p=10287#primaryimage\"},\"thumbnailUrl\":\"https:\\\/\\\/telemme.mmsh.fr\\\/wp-content\\\/uploads\\\/2022\\\/01\\\/009665039.jpg\",\"keywords\":[\"archives\",\"web\"],\"articleSection\":[\"Ouvrages\"],\"inLanguage\":\"fr-FR\"},{\"@type\":\"WebPage\",\"@id\":\"https:\\\/\\\/telemme.mmsh.fr\\\/?p=10287\",\"url\":\"https:\\\/\\\/telemme.mmsh.fr\\\/?p=10287\",\"name\":\"Website Story. Histoire, m\u00e9moires et archives du Web - TELEMMe - Temps, espaces, langages, Europe m\u00e9ridionale, M\u00e9diterran\u00e9e\",\"isPartOf\":{\"@id\":\"https:\\\/\\\/telemme.mmsh.fr\\\/#website\"},\"primaryImageOfPage\":{\"@id\":\"https:\\\/\\\/telemme.mmsh.fr\\\/?p=10287#primaryimage\"},\"image\":{\"@id\":\"https:\\\/\\\/telemme.mmsh.fr\\\/?p=10287#primaryimage\"},\"thumbnailUrl\":\"https:\\\/\\\/telemme.mmsh.fr\\\/wp-content\\\/uploads\\\/2022\\\/01\\\/009665039.jpg\",\"datePublished\":\"2021-11-15T09:49:00+00:00\",\"dateModified\":\"2022-01-04T09:52:34+00:00\",\"breadcrumb\":{\"@id\":\"https:\\\/\\\/telemme.mmsh.fr\\\/?p=10287#breadcrumb\"},\"inLanguage\":\"fr-FR\",\"potentialAction\":[{\"@type\":\"ReadAction\",\"target\":[\"https:\\\/\\\/telemme.mmsh.fr\\\/?p=10287\"]}]},{\"@type\":\"ImageObject\",\"inLanguage\":\"fr-FR\",\"@id\":\"https:\\\/\\\/telemme.mmsh.fr\\\/?p=10287#primaryimage\",\"url\":\"https:\\\/\\\/telemme.mmsh.fr\\\/wp-content\\\/uploads\\\/2022\\\/01\\\/009665039.jpg\",\"contentUrl\":\"https:\\\/\\\/telemme.mmsh.fr\\\/wp-content\\\/uploads\\\/2022\\\/01\\\/009665039.jpg\",\"width\":420,\"height\":588,\"caption\":\"Couverture de Website Story. Histoire, m\u00e9moires et archives du Web, Sophie Gebeil, INA\"},{\"@type\":\"BreadcrumbList\",\"@id\":\"https:\\\/\\\/telemme.mmsh.fr\\\/?p=10287#breadcrumb\",\"itemListElement\":[{\"@type\":\"ListItem\",\"position\":1,\"name\":\"Accueil\",\"item\":\"https:\\\/\\\/telemme.mmsh.fr\\\/\"},{\"@type\":\"ListItem\",\"position\":2,\"name\":\"Publications\",\"item\":\"https:\\\/\\\/telemme.mmsh.fr\\\/?cat=1738\"},{\"@type\":\"ListItem\",\"position\":3,\"name\":\"Ouvrages\",\"item\":\"https:\\\/\\\/telemme.mmsh.fr\\\/?cat=1740\"},{\"@type\":\"ListItem\",\"position\":4,\"name\":\"Website Story. Histoire, m\u00e9moires et archives du Web\"}]},{\"@type\":\"WebSite\",\"@id\":\"https:\\\/\\\/telemme.mmsh.fr\\\/#website\",\"url\":\"https:\\\/\\\/telemme.mmsh.fr\\\/\",\"name\":\"TELEMMe - Temps, espaces, langages, Europe m\u00e9ridionale, M\u00e9diterran\u00e9e\",\"description\":\"\",\"publisher\":{\"@id\":\"https:\\\/\\\/telemme.mmsh.fr\\\/#organization\"},\"potentialAction\":[{\"@type\":\"SearchAction\",\"target\":{\"@type\":\"EntryPoint\",\"urlTemplate\":\"https:\\\/\\\/telemme.mmsh.fr\\\/?s={search_term_string}\"},\"query-input\":{\"@type\":\"PropertyValueSpecification\",\"valueRequired\":true,\"valueName\":\"search_term_string\"}}],\"inLanguage\":\"fr-FR\"},{\"@type\":\"Organization\",\"@id\":\"https:\\\/\\\/telemme.mmsh.fr\\\/#organization\",\"name\":\"TELEMMe\",\"url\":\"https:\\\/\\\/telemme.mmsh.fr\\\/\",\"logo\":{\"@type\":\"ImageObject\",\"inLanguage\":\"fr-FR\",\"@id\":\"https:\\\/\\\/telemme.mmsh.fr\\\/#\\\/schema\\\/logo\\\/image\\\/\",\"url\":\"https:\\\/\\\/telemme.mmsh.fr\\\/wp-content\\\/uploads\\\/2020\\\/03\\\/LogoTELEMMe-horizontal-fond-transparent.png\",\"contentUrl\":\"https:\\\/\\\/telemme.mmsh.fr\\\/wp-content\\\/uploads\\\/2020\\\/03\\\/LogoTELEMMe-horizontal-fond-transparent.png\",\"width\":1500,\"height\":437,\"caption\":\"TELEMMe\"},\"image\":{\"@id\":\"https:\\\/\\\/telemme.mmsh.fr\\\/#\\\/schema\\\/logo\\\/image\\\/\"}},{\"@type\":\"Person\",\"@id\":\"https:\\\/\\\/telemme.mmsh.fr\\\/#\\\/schema\\\/person\\\/86a185da4836381586528ced48e263f5\",\"name\":\"Delphine Cavallo\",\"url\":\"https:\\\/\\\/telemme.mmsh.fr\\\/?author=6\"}]}<\/script>\n<!-- \/ Yoast SEO plugin. -->","yoast_head_json":{"title":"Website Story. Histoire, m\u00e9moires et archives du Web - TELEMMe - Temps, espaces, langages, Europe m\u00e9ridionale, M\u00e9diterran\u00e9e","robots":{"index":"index","follow":"follow","max-snippet":"max-snippet:-1","max-image-preview":"max-image-preview:large","max-video-preview":"max-video-preview:-1"},"canonical":"https:\/\/telemme.mmsh.fr\/?p=10287","og_locale":"fr_FR","og_type":"article","og_title":"Website Story. Histoire, m\u00e9moires et archives du Web - TELEMMe - Temps, espaces, langages, Europe m\u00e9ridionale, M\u00e9diterran\u00e9e","og_description":"Website Story. Histoire, m\u00e9moires et archives du Web, Sophie Gebeil, INA \u2013 Institut national de l&rsquo;audiovisuel, collection \u00ab\u00a0\u00e9tudes et controverses\u00a0\u00bb, 2021, 198 pages La pand\u00e9mie de Covid-19 nous rappelle avec&hellip;&nbsp;Lire la suite &raquo;Website Story. Histoire, m\u00e9moires et archives du Web","og_url":"https:\/\/telemme.mmsh.fr\/?p=10287","og_site_name":"TELEMMe - Temps, espaces, langages, Europe m\u00e9ridionale, M\u00e9diterran\u00e9e","article_published_time":"2021-11-15T09:49:00+00:00","article_modified_time":"2022-01-04T09:52:34+00:00","og_image":[{"width":420,"height":588,"url":"https:\/\/telemme.mmsh.fr\/wp-content\/uploads\/2022\/01\/009665039.jpg","type":"image\/jpeg"}],"author":"Delphine Cavallo","twitter_card":"summary_large_image","twitter_misc":{"\u00c9crit par":"Delphine Cavallo","Dur\u00e9e de lecture estim\u00e9e":"2 minutes"},"schema":{"@context":"https:\/\/schema.org","@graph":[{"@type":"Article","@id":"https:\/\/telemme.mmsh.fr\/?p=10287#article","isPartOf":{"@id":"https:\/\/telemme.mmsh.fr\/?p=10287"},"author":{"name":"Delphine Cavallo","@id":"https:\/\/telemme.mmsh.fr\/#\/schema\/person\/86a185da4836381586528ced48e263f5"},"headline":"Website Story. Histoire, m\u00e9moires et archives du Web","datePublished":"2021-11-15T09:49:00+00:00","dateModified":"2022-01-04T09:52:34+00:00","mainEntityOfPage":{"@id":"https:\/\/telemme.mmsh.fr\/?p=10287"},"wordCount":281,"publisher":{"@id":"https:\/\/telemme.mmsh.fr\/#organization"},"image":{"@id":"https:\/\/telemme.mmsh.fr\/?p=10287#primaryimage"},"thumbnailUrl":"https:\/\/telemme.mmsh.fr\/wp-content\/uploads\/2022\/01\/009665039.jpg","keywords":["archives","web"],"articleSection":["Ouvrages"],"inLanguage":"fr-FR"},{"@type":"WebPage","@id":"https:\/\/telemme.mmsh.fr\/?p=10287","url":"https:\/\/telemme.mmsh.fr\/?p=10287","name":"Website Story. Histoire, m\u00e9moires et archives du Web - TELEMMe - Temps, espaces, langages, Europe m\u00e9ridionale, M\u00e9diterran\u00e9e","isPartOf":{"@id":"https:\/\/telemme.mmsh.fr\/#website"},"primaryImageOfPage":{"@id":"https:\/\/telemme.mmsh.fr\/?p=10287#primaryimage"},"image":{"@id":"https:\/\/telemme.mmsh.fr\/?p=10287#primaryimage"},"thumbnailUrl":"https:\/\/telemme.mmsh.fr\/wp-content\/uploads\/2022\/01\/009665039.jpg","datePublished":"2021-11-15T09:49:00+00:00","dateModified":"2022-01-04T09:52:34+00:00","breadcrumb":{"@id":"https:\/\/telemme.mmsh.fr\/?p=10287#breadcrumb"},"inLanguage":"fr-FR","potentialAction":[{"@type":"ReadAction","target":["https:\/\/telemme.mmsh.fr\/?p=10287"]}]},{"@type":"ImageObject","inLanguage":"fr-FR","@id":"https:\/\/telemme.mmsh.fr\/?p=10287#primaryimage","url":"https:\/\/telemme.mmsh.fr\/wp-content\/uploads\/2022\/01\/009665039.jpg","contentUrl":"https:\/\/telemme.mmsh.fr\/wp-content\/uploads\/2022\/01\/009665039.jpg","width":420,"height":588,"caption":"Couverture de Website Story. Histoire, m\u00e9moires et archives du Web, Sophie Gebeil, INA"},{"@type":"BreadcrumbList","@id":"https:\/\/telemme.mmsh.fr\/?p=10287#breadcrumb","itemListElement":[{"@type":"ListItem","position":1,"name":"Accueil","item":"https:\/\/telemme.mmsh.fr\/"},{"@type":"ListItem","position":2,"name":"Publications","item":"https:\/\/telemme.mmsh.fr\/?cat=1738"},{"@type":"ListItem","position":3,"name":"Ouvrages","item":"https:\/\/telemme.mmsh.fr\/?cat=1740"},{"@type":"ListItem","position":4,"name":"Website Story. Histoire, m\u00e9moires et archives du Web"}]},{"@type":"WebSite","@id":"https:\/\/telemme.mmsh.fr\/#website","url":"https:\/\/telemme.mmsh.fr\/","name":"TELEMMe - Temps, espaces, langages, Europe m\u00e9ridionale, M\u00e9diterran\u00e9e","description":"","publisher":{"@id":"https:\/\/telemme.mmsh.fr\/#organization"},"potentialAction":[{"@type":"SearchAction","target":{"@type":"EntryPoint","urlTemplate":"https:\/\/telemme.mmsh.fr\/?s={search_term_string}"},"query-input":{"@type":"PropertyValueSpecification","valueRequired":true,"valueName":"search_term_string"}}],"inLanguage":"fr-FR"},{"@type":"Organization","@id":"https:\/\/telemme.mmsh.fr\/#organization","name":"TELEMMe","url":"https:\/\/telemme.mmsh.fr\/","logo":{"@type":"ImageObject","inLanguage":"fr-FR","@id":"https:\/\/telemme.mmsh.fr\/#\/schema\/logo\/image\/","url":"https:\/\/telemme.mmsh.fr\/wp-content\/uploads\/2020\/03\/LogoTELEMMe-horizontal-fond-transparent.png","contentUrl":"https:\/\/telemme.mmsh.fr\/wp-content\/uploads\/2020\/03\/LogoTELEMMe-horizontal-fond-transparent.png","width":1500,"height":437,"caption":"TELEMMe"},"image":{"@id":"https:\/\/telemme.mmsh.fr\/#\/schema\/logo\/image\/"}},{"@type":"Person","@id":"https:\/\/telemme.mmsh.fr\/#\/schema\/person\/86a185da4836381586528ced48e263f5","name":"Delphine Cavallo","url":"https:\/\/telemme.mmsh.fr\/?author=6"}]}},"_links":{"self":[{"href":"https:\/\/telemme.mmsh.fr\/index.php?rest_route=\/wp\/v2\/posts\/10287","targetHints":{"allow":["GET"]}}],"collection":[{"href":"https:\/\/telemme.mmsh.fr\/index.php?rest_route=\/wp\/v2\/posts"}],"about":[{"href":"https:\/\/telemme.mmsh.fr\/index.php?rest_route=\/wp\/v2\/types\/post"}],"author":[{"embeddable":true,"href":"https:\/\/telemme.mmsh.fr\/index.php?rest_route=\/wp\/v2\/users\/6"}],"replies":[{"embeddable":true,"href":"https:\/\/telemme.mmsh.fr\/index.php?rest_route=%2Fwp%2Fv2%2Fcomments&post=10287"}],"version-history":[{"count":2,"href":"https:\/\/telemme.mmsh.fr\/index.php?rest_route=\/wp\/v2\/posts\/10287\/revisions"}],"predecessor-version":[{"id":10290,"href":"https:\/\/telemme.mmsh.fr\/index.php?rest_route=\/wp\/v2\/posts\/10287\/revisions\/10290"}],"wp:featuredmedia":[{"embeddable":true,"href":"https:\/\/telemme.mmsh.fr\/index.php?rest_route=\/wp\/v2\/media\/10288"}],"wp:attachment":[{"href":"https:\/\/telemme.mmsh.fr\/index.php?rest_route=%2Fwp%2Fv2%2Fmedia&parent=10287"}],"wp:term":[{"taxonomy":"category","embeddable":true,"href":"https:\/\/telemme.mmsh.fr\/index.php?rest_route=%2Fwp%2Fv2%2Fcategories&post=10287"},{"taxonomy":"post_tag","embeddable":true,"href":"https:\/\/telemme.mmsh.fr\/index.php?rest_route=%2Fwp%2Fv2%2Ftags&post=10287"}],"curies":[{"name":"wp","href":"https:\/\/api.w.org\/{rel}","templated":true}]}}