{"id":10276,"date":"2021-11-17T16:45:00","date_gmt":"2021-11-17T15:45:00","guid":{"rendered":"https:\/\/telemme.mmsh.fr\/?p=10276"},"modified":"2022-01-03T16:46:58","modified_gmt":"2022-01-03T15:46:58","slug":"los-ultimos-anos-de-vida-de-juan-antonio-llorente-nuevas-aportaciones","status":"publish","type":"post","link":"https:\/\/telemme.mmsh.fr\/?p=10276","title":{"rendered":"Los \u00faltimos a\u00f1os de vida de Juan Antonio Llorente. Nuevas aportaciones"},"content":{"rendered":"\n<blockquote class=\"wp-block-quote is-layout-flow wp-block-quote-is-layout-flow\"><p><em><strong><a href=\"https:\/\/publicaciones.ua.es\/es\/catalogo\/los-ultimos-anos-de-vida-de-juan-antonio-llorente\/978-84-9717-754-2\">Los \u00faltimos a\u00f1os de vida de Juan Antonio Llorente. Nuevas aportaciones<\/a><\/strong><\/em>, <a href=\"https:\/\/telemme.mmsh.fr\/?membres=gerard-dufour\">G\u00e9rard Dufour<\/a> et Fran\u00e7ois Magne, Alicante,\u00a0Publicacions de la Universitat d&rsquo;Alacant, 2021, 278 pages<\/p><\/blockquote>\n\n\n\n<p>\u00bfC\u00f3mo Juan Antonio Llorente \u2013suspenso a divinis por el arzobispo de Par\u00eds por haber publicado su <em>Historia cr\u00edtica de la Inquisici\u00f3n espa\u00f1ola<\/em>\u2013 cumpli\u00f3 con las obligaciones que le cre\u00f3 el nacimiento de la \u00abhija sacr\u00edlega\u00bb que tuvo en 1820 con una tal Mme Houllier? \u00bfCu\u00e1l es el significado de su \u00faltimo testamento? \u00bfC\u00f3mo fund\u00f3 en Par\u00eds una aut\u00e9ntica empresa literaria? y \u00bfcon qu\u00e9 resultados? \u00bfC\u00f3mo se explica el furor asociativo que le devor\u00f3 al final de su vida? \u00bfCu\u00e1les son las precisiones que se pueden aportar sobre su expulsi\u00f3n de Francia y muerte en Madrid? \u00bfCu\u00e1les fueron sus relaciones con su amigo Lia\u00f1o? \u00bfC\u00f3mo se cumplieron (o no) sus \u00faltimas voluntades? \u00bfC\u00f3mo L\u00e9onard Gallois se aprovech\u00f3 del \u00e9xito de la <em>Historia cr\u00edtica de la Inquisici\u00f3n espa\u00f1ola<\/em>? \u00bfQu\u00e9 nos revelan los numerosos retratos que se hicieron de Llorente y entre los cuales destaca el realizado por Goya? Estas son las cuestiones a las cuales permiten contestar nuevas aportaciones sobre los \u00faltimos a\u00f1os del que fue consejero de Estado y fact\u00f3tum del rey intruso durante la guerra de la Independencia y acab\u00f3 adhiriendo a la Constituci\u00f3n de C\u00e1diz durante el Trienio Liberal y cuya trayectoria vital, seg\u00fan sus propias palabras, son \u00abtrascendentales\u00bb a muchos de sus contempor\u00e1neos.<\/p>\n","protected":false},"excerpt":{"rendered":"<p>os \u00faltimos a\u00f1os de vida de Juan Antonio Llorente. Nuevas aportaciones,  G\u00e9rard Dufour et Fran\u00e7ois Magne<\/p>\n","protected":false},"author":6,"featured_media":10277,"comment_status":"closed","ping_status":"closed","sticky":false,"template":"","format":"standard","meta":{"neve_meta_sidebar":"","neve_meta_container":"","neve_meta_enable_content_width":"off","neve_meta_content_width":70,"neve_meta_title_alignment":"","neve_meta_author_avatar":"","neve_post_elements_order":"","neve_meta_disable_header":"","neve_meta_disable_footer":"","neve_meta_disable_title":"","_tribe_events_control_status":"","_tribe_events_control_status_canceled_reason":"","_tribe_events_control_status_postponed_reason":"","_tribe_events_control_online":"","_tribe_events_control_online_url":"","footnotes":""},"categories":[1740],"tags":[2354],"class_list":["post-10276","post","type-post","status-publish","format-standard","has-post-thumbnail","hentry","category-ouvrages","tag-juan-antonio-llorente"],"yoast_head":"<!-- This site is optimized with the Yoast SEO plugin v27.4 - https:\/\/yoast.com\/product\/yoast-seo-wordpress\/ -->\n<title>Los \u00faltimos a\u00f1os de vida de Juan Antonio Llorente. Nuevas aportaciones - TELEMMe - Temps, espaces, langages, Europe m\u00e9ridionale, M\u00e9diterran\u00e9e<\/title>\n<meta name=\"description\" content=\"Los \u00faltimos a\u00f1os de vida de Juan Antonio Llorente. Nuevas aportaciones, G\u00e9rard Dufour et Fran\u00e7ois Magne, Alicante,\u00a0Publicacions de la Universitat d&#039;Alacant, 2021, 278 pages\" \/>\n<meta name=\"robots\" content=\"index, follow, max-snippet:-1, max-image-preview:large, max-video-preview:-1\" \/>\n<link rel=\"canonical\" href=\"https:\/\/telemme.mmsh.fr\/?p=10276\" \/>\n<meta property=\"og:locale\" content=\"fr_FR\" \/>\n<meta property=\"og:type\" content=\"article\" \/>\n<meta property=\"og:title\" content=\"Los \u00faltimos a\u00f1os de vida de Juan Antonio Llorente. Nuevas aportaciones - TELEMMe - Temps, espaces, langages, Europe m\u00e9ridionale, M\u00e9diterran\u00e9e\" \/>\n<meta property=\"og:description\" content=\"Los \u00faltimos a\u00f1os de vida de Juan Antonio Llorente. Nuevas aportaciones, G\u00e9rard Dufour et Fran\u00e7ois Magne, Alicante,\u00a0Publicacions de la Universitat d&#039;Alacant, 2021, 278 pages\" \/>\n<meta property=\"og:url\" content=\"https:\/\/telemme.mmsh.fr\/?p=10276\" \/>\n<meta property=\"og:site_name\" content=\"TELEMMe - Temps, espaces, langages, Europe m\u00e9ridionale, M\u00e9diterran\u00e9e\" \/>\n<meta property=\"article:published_time\" content=\"2021-11-17T15:45:00+00:00\" \/>\n<meta property=\"article:modified_time\" content=\"2022-01-03T15:46:58+00:00\" \/>\n<meta property=\"og:image\" content=\"https:\/\/telemme.mmsh.fr\/wp-content\/uploads\/2022\/01\/9788497177542_L38_04_g.jpg\" \/>\n\t<meta property=\"og:image:width\" content=\"800\" \/>\n\t<meta property=\"og:image:height\" content=\"1117\" \/>\n\t<meta property=\"og:image:type\" content=\"image\/jpeg\" \/>\n<meta name=\"author\" content=\"Delphine Cavallo\" \/>\n<meta name=\"twitter:card\" content=\"summary_large_image\" \/>\n<meta name=\"twitter:label1\" content=\"\u00c9crit par\" \/>\n\t<meta name=\"twitter:data1\" content=\"Delphine Cavallo\" \/>\n\t<meta name=\"twitter:label2\" content=\"Dur\u00e9e de lecture estim\u00e9e\" \/>\n\t<meta name=\"twitter:data2\" content=\"2 minutes\" \/>\n<script type=\"application\/ld+json\" class=\"yoast-schema-graph\">{\"@context\":\"https:\\\/\\\/schema.org\",\"@graph\":[{\"@type\":\"Article\",\"@id\":\"https:\\\/\\\/telemme.mmsh.fr\\\/?p=10276#article\",\"isPartOf\":{\"@id\":\"https:\\\/\\\/telemme.mmsh.fr\\\/?p=10276\"},\"author\":{\"name\":\"Delphine Cavallo\",\"@id\":\"https:\\\/\\\/telemme.mmsh.fr\\\/#\\\/schema\\\/person\\\/86a185da4836381586528ced48e263f5\"},\"headline\":\"Los \u00faltimos a\u00f1os de vida de Juan Antonio Llorente. Nuevas aportaciones\",\"datePublished\":\"2021-11-17T15:45:00+00:00\",\"dateModified\":\"2022-01-03T15:46:58+00:00\",\"mainEntityOfPage\":{\"@id\":\"https:\\\/\\\/telemme.mmsh.fr\\\/?p=10276\"},\"wordCount\":270,\"publisher\":{\"@id\":\"https:\\\/\\\/telemme.mmsh.fr\\\/#organization\"},\"image\":{\"@id\":\"https:\\\/\\\/telemme.mmsh.fr\\\/?p=10276#primaryimage\"},\"thumbnailUrl\":\"https:\\\/\\\/telemme.mmsh.fr\\\/wp-content\\\/uploads\\\/2022\\\/01\\\/9788497177542_L38_04_g.jpg\",\"keywords\":[\"Juan Antonio Llorente\"],\"articleSection\":[\"Ouvrages\"],\"inLanguage\":\"fr-FR\"},{\"@type\":\"WebPage\",\"@id\":\"https:\\\/\\\/telemme.mmsh.fr\\\/?p=10276\",\"url\":\"https:\\\/\\\/telemme.mmsh.fr\\\/?p=10276\",\"name\":\"Los \u00faltimos a\u00f1os de vida de Juan Antonio Llorente. Nuevas aportaciones - TELEMMe - Temps, espaces, langages, Europe m\u00e9ridionale, M\u00e9diterran\u00e9e\",\"isPartOf\":{\"@id\":\"https:\\\/\\\/telemme.mmsh.fr\\\/#website\"},\"primaryImageOfPage\":{\"@id\":\"https:\\\/\\\/telemme.mmsh.fr\\\/?p=10276#primaryimage\"},\"image\":{\"@id\":\"https:\\\/\\\/telemme.mmsh.fr\\\/?p=10276#primaryimage\"},\"thumbnailUrl\":\"https:\\\/\\\/telemme.mmsh.fr\\\/wp-content\\\/uploads\\\/2022\\\/01\\\/9788497177542_L38_04_g.jpg\",\"datePublished\":\"2021-11-17T15:45:00+00:00\",\"dateModified\":\"2022-01-03T15:46:58+00:00\",\"description\":\"Los \u00faltimos a\u00f1os de vida de Juan Antonio Llorente. Nuevas aportaciones, G\u00e9rard Dufour et Fran\u00e7ois Magne, Alicante,\u00a0Publicacions de la Universitat d'Alacant, 2021, 278 pages\",\"breadcrumb\":{\"@id\":\"https:\\\/\\\/telemme.mmsh.fr\\\/?p=10276#breadcrumb\"},\"inLanguage\":\"fr-FR\",\"potentialAction\":[{\"@type\":\"ReadAction\",\"target\":[\"https:\\\/\\\/telemme.mmsh.fr\\\/?p=10276\"]}]},{\"@type\":\"ImageObject\",\"inLanguage\":\"fr-FR\",\"@id\":\"https:\\\/\\\/telemme.mmsh.fr\\\/?p=10276#primaryimage\",\"url\":\"https:\\\/\\\/telemme.mmsh.fr\\\/wp-content\\\/uploads\\\/2022\\\/01\\\/9788497177542_L38_04_g.jpg\",\"contentUrl\":\"https:\\\/\\\/telemme.mmsh.fr\\\/wp-content\\\/uploads\\\/2022\\\/01\\\/9788497177542_L38_04_g.jpg\",\"width\":800,\"height\":1117,\"caption\":\"Couverture de Los \u00faltimos a\u00f1os de vida de Juan Antonio Llorente\"},{\"@type\":\"BreadcrumbList\",\"@id\":\"https:\\\/\\\/telemme.mmsh.fr\\\/?p=10276#breadcrumb\",\"itemListElement\":[{\"@type\":\"ListItem\",\"position\":1,\"name\":\"Accueil\",\"item\":\"https:\\\/\\\/telemme.mmsh.fr\\\/\"},{\"@type\":\"ListItem\",\"position\":2,\"name\":\"Publications\",\"item\":\"https:\\\/\\\/telemme.mmsh.fr\\\/?cat=1738\"},{\"@type\":\"ListItem\",\"position\":3,\"name\":\"Ouvrages\",\"item\":\"https:\\\/\\\/telemme.mmsh.fr\\\/?cat=1740\"},{\"@type\":\"ListItem\",\"position\":4,\"name\":\"Los \u00faltimos a\u00f1os de vida de Juan Antonio Llorente. Nuevas aportaciones\"}]},{\"@type\":\"WebSite\",\"@id\":\"https:\\\/\\\/telemme.mmsh.fr\\\/#website\",\"url\":\"https:\\\/\\\/telemme.mmsh.fr\\\/\",\"name\":\"TELEMMe - Temps, espaces, langages, Europe m\u00e9ridionale, M\u00e9diterran\u00e9e\",\"description\":\"\",\"publisher\":{\"@id\":\"https:\\\/\\\/telemme.mmsh.fr\\\/#organization\"},\"potentialAction\":[{\"@type\":\"SearchAction\",\"target\":{\"@type\":\"EntryPoint\",\"urlTemplate\":\"https:\\\/\\\/telemme.mmsh.fr\\\/?s={search_term_string}\"},\"query-input\":{\"@type\":\"PropertyValueSpecification\",\"valueRequired\":true,\"valueName\":\"search_term_string\"}}],\"inLanguage\":\"fr-FR\"},{\"@type\":\"Organization\",\"@id\":\"https:\\\/\\\/telemme.mmsh.fr\\\/#organization\",\"name\":\"TELEMMe\",\"url\":\"https:\\\/\\\/telemme.mmsh.fr\\\/\",\"logo\":{\"@type\":\"ImageObject\",\"inLanguage\":\"fr-FR\",\"@id\":\"https:\\\/\\\/telemme.mmsh.fr\\\/#\\\/schema\\\/logo\\\/image\\\/\",\"url\":\"https:\\\/\\\/telemme.mmsh.fr\\\/wp-content\\\/uploads\\\/2020\\\/03\\\/LogoTELEMMe-horizontal-fond-transparent.png\",\"contentUrl\":\"https:\\\/\\\/telemme.mmsh.fr\\\/wp-content\\\/uploads\\\/2020\\\/03\\\/LogoTELEMMe-horizontal-fond-transparent.png\",\"width\":1500,\"height\":437,\"caption\":\"TELEMMe\"},\"image\":{\"@id\":\"https:\\\/\\\/telemme.mmsh.fr\\\/#\\\/schema\\\/logo\\\/image\\\/\"}},{\"@type\":\"Person\",\"@id\":\"https:\\\/\\\/telemme.mmsh.fr\\\/#\\\/schema\\\/person\\\/86a185da4836381586528ced48e263f5\",\"name\":\"Delphine Cavallo\",\"url\":\"https:\\\/\\\/telemme.mmsh.fr\\\/?author=6\"}]}<\/script>\n<!-- \/ Yoast SEO plugin. -->","yoast_head_json":{"title":"Los \u00faltimos a\u00f1os de vida de Juan Antonio Llorente. Nuevas aportaciones - TELEMMe - Temps, espaces, langages, Europe m\u00e9ridionale, M\u00e9diterran\u00e9e","description":"Los \u00faltimos a\u00f1os de vida de Juan Antonio Llorente. Nuevas aportaciones, G\u00e9rard Dufour et Fran\u00e7ois Magne, Alicante,\u00a0Publicacions de la Universitat d'Alacant, 2021, 278 pages","robots":{"index":"index","follow":"follow","max-snippet":"max-snippet:-1","max-image-preview":"max-image-preview:large","max-video-preview":"max-video-preview:-1"},"canonical":"https:\/\/telemme.mmsh.fr\/?p=10276","og_locale":"fr_FR","og_type":"article","og_title":"Los \u00faltimos a\u00f1os de vida de Juan Antonio Llorente. Nuevas aportaciones - TELEMMe - Temps, espaces, langages, Europe m\u00e9ridionale, M\u00e9diterran\u00e9e","og_description":"Los \u00faltimos a\u00f1os de vida de Juan Antonio Llorente. Nuevas aportaciones, G\u00e9rard Dufour et Fran\u00e7ois Magne, Alicante,\u00a0Publicacions de la Universitat d'Alacant, 2021, 278 pages","og_url":"https:\/\/telemme.mmsh.fr\/?p=10276","og_site_name":"TELEMMe - Temps, espaces, langages, Europe m\u00e9ridionale, M\u00e9diterran\u00e9e","article_published_time":"2021-11-17T15:45:00+00:00","article_modified_time":"2022-01-03T15:46:58+00:00","og_image":[{"width":800,"height":1117,"url":"https:\/\/telemme.mmsh.fr\/wp-content\/uploads\/2022\/01\/9788497177542_L38_04_g.jpg","type":"image\/jpeg"}],"author":"Delphine Cavallo","twitter_card":"summary_large_image","twitter_misc":{"\u00c9crit par":"Delphine Cavallo","Dur\u00e9e de lecture estim\u00e9e":"2 minutes"},"schema":{"@context":"https:\/\/schema.org","@graph":[{"@type":"Article","@id":"https:\/\/telemme.mmsh.fr\/?p=10276#article","isPartOf":{"@id":"https:\/\/telemme.mmsh.fr\/?p=10276"},"author":{"name":"Delphine Cavallo","@id":"https:\/\/telemme.mmsh.fr\/#\/schema\/person\/86a185da4836381586528ced48e263f5"},"headline":"Los \u00faltimos a\u00f1os de vida de Juan Antonio Llorente. Nuevas aportaciones","datePublished":"2021-11-17T15:45:00+00:00","dateModified":"2022-01-03T15:46:58+00:00","mainEntityOfPage":{"@id":"https:\/\/telemme.mmsh.fr\/?p=10276"},"wordCount":270,"publisher":{"@id":"https:\/\/telemme.mmsh.fr\/#organization"},"image":{"@id":"https:\/\/telemme.mmsh.fr\/?p=10276#primaryimage"},"thumbnailUrl":"https:\/\/telemme.mmsh.fr\/wp-content\/uploads\/2022\/01\/9788497177542_L38_04_g.jpg","keywords":["Juan Antonio Llorente"],"articleSection":["Ouvrages"],"inLanguage":"fr-FR"},{"@type":"WebPage","@id":"https:\/\/telemme.mmsh.fr\/?p=10276","url":"https:\/\/telemme.mmsh.fr\/?p=10276","name":"Los \u00faltimos a\u00f1os de vida de Juan Antonio Llorente. Nuevas aportaciones - TELEMMe - Temps, espaces, langages, Europe m\u00e9ridionale, M\u00e9diterran\u00e9e","isPartOf":{"@id":"https:\/\/telemme.mmsh.fr\/#website"},"primaryImageOfPage":{"@id":"https:\/\/telemme.mmsh.fr\/?p=10276#primaryimage"},"image":{"@id":"https:\/\/telemme.mmsh.fr\/?p=10276#primaryimage"},"thumbnailUrl":"https:\/\/telemme.mmsh.fr\/wp-content\/uploads\/2022\/01\/9788497177542_L38_04_g.jpg","datePublished":"2021-11-17T15:45:00+00:00","dateModified":"2022-01-03T15:46:58+00:00","description":"Los \u00faltimos a\u00f1os de vida de Juan Antonio Llorente. Nuevas aportaciones, G\u00e9rard Dufour et Fran\u00e7ois Magne, Alicante,\u00a0Publicacions de la Universitat d'Alacant, 2021, 278 pages","breadcrumb":{"@id":"https:\/\/telemme.mmsh.fr\/?p=10276#breadcrumb"},"inLanguage":"fr-FR","potentialAction":[{"@type":"ReadAction","target":["https:\/\/telemme.mmsh.fr\/?p=10276"]}]},{"@type":"ImageObject","inLanguage":"fr-FR","@id":"https:\/\/telemme.mmsh.fr\/?p=10276#primaryimage","url":"https:\/\/telemme.mmsh.fr\/wp-content\/uploads\/2022\/01\/9788497177542_L38_04_g.jpg","contentUrl":"https:\/\/telemme.mmsh.fr\/wp-content\/uploads\/2022\/01\/9788497177542_L38_04_g.jpg","width":800,"height":1117,"caption":"Couverture de Los \u00faltimos a\u00f1os de vida de Juan Antonio Llorente"},{"@type":"BreadcrumbList","@id":"https:\/\/telemme.mmsh.fr\/?p=10276#breadcrumb","itemListElement":[{"@type":"ListItem","position":1,"name":"Accueil","item":"https:\/\/telemme.mmsh.fr\/"},{"@type":"ListItem","position":2,"name":"Publications","item":"https:\/\/telemme.mmsh.fr\/?cat=1738"},{"@type":"ListItem","position":3,"name":"Ouvrages","item":"https:\/\/telemme.mmsh.fr\/?cat=1740"},{"@type":"ListItem","position":4,"name":"Los \u00faltimos a\u00f1os de vida de Juan Antonio Llorente. Nuevas aportaciones"}]},{"@type":"WebSite","@id":"https:\/\/telemme.mmsh.fr\/#website","url":"https:\/\/telemme.mmsh.fr\/","name":"TELEMMe - Temps, espaces, langages, Europe m\u00e9ridionale, M\u00e9diterran\u00e9e","description":"","publisher":{"@id":"https:\/\/telemme.mmsh.fr\/#organization"},"potentialAction":[{"@type":"SearchAction","target":{"@type":"EntryPoint","urlTemplate":"https:\/\/telemme.mmsh.fr\/?s={search_term_string}"},"query-input":{"@type":"PropertyValueSpecification","valueRequired":true,"valueName":"search_term_string"}}],"inLanguage":"fr-FR"},{"@type":"Organization","@id":"https:\/\/telemme.mmsh.fr\/#organization","name":"TELEMMe","url":"https:\/\/telemme.mmsh.fr\/","logo":{"@type":"ImageObject","inLanguage":"fr-FR","@id":"https:\/\/telemme.mmsh.fr\/#\/schema\/logo\/image\/","url":"https:\/\/telemme.mmsh.fr\/wp-content\/uploads\/2020\/03\/LogoTELEMMe-horizontal-fond-transparent.png","contentUrl":"https:\/\/telemme.mmsh.fr\/wp-content\/uploads\/2020\/03\/LogoTELEMMe-horizontal-fond-transparent.png","width":1500,"height":437,"caption":"TELEMMe"},"image":{"@id":"https:\/\/telemme.mmsh.fr\/#\/schema\/logo\/image\/"}},{"@type":"Person","@id":"https:\/\/telemme.mmsh.fr\/#\/schema\/person\/86a185da4836381586528ced48e263f5","name":"Delphine Cavallo","url":"https:\/\/telemme.mmsh.fr\/?author=6"}]}},"_links":{"self":[{"href":"https:\/\/telemme.mmsh.fr\/index.php?rest_route=\/wp\/v2\/posts\/10276","targetHints":{"allow":["GET"]}}],"collection":[{"href":"https:\/\/telemme.mmsh.fr\/index.php?rest_route=\/wp\/v2\/posts"}],"about":[{"href":"https:\/\/telemme.mmsh.fr\/index.php?rest_route=\/wp\/v2\/types\/post"}],"author":[{"embeddable":true,"href":"https:\/\/telemme.mmsh.fr\/index.php?rest_route=\/wp\/v2\/users\/6"}],"replies":[{"embeddable":true,"href":"https:\/\/telemme.mmsh.fr\/index.php?rest_route=%2Fwp%2Fv2%2Fcomments&post=10276"}],"version-history":[{"count":4,"href":"https:\/\/telemme.mmsh.fr\/index.php?rest_route=\/wp\/v2\/posts\/10276\/revisions"}],"predecessor-version":[{"id":10281,"href":"https:\/\/telemme.mmsh.fr\/index.php?rest_route=\/wp\/v2\/posts\/10276\/revisions\/10281"}],"wp:featuredmedia":[{"embeddable":true,"href":"https:\/\/telemme.mmsh.fr\/index.php?rest_route=\/wp\/v2\/media\/10277"}],"wp:attachment":[{"href":"https:\/\/telemme.mmsh.fr\/index.php?rest_route=%2Fwp%2Fv2%2Fmedia&parent=10276"}],"wp:term":[{"taxonomy":"category","embeddable":true,"href":"https:\/\/telemme.mmsh.fr\/index.php?rest_route=%2Fwp%2Fv2%2Fcategories&post=10276"},{"taxonomy":"post_tag","embeddable":true,"href":"https:\/\/telemme.mmsh.fr\/index.php?rest_route=%2Fwp%2Fv2%2Ftags&post=10276"}],"curies":[{"name":"wp","href":"https:\/\/api.w.org\/{rel}","templated":true}]}}