{"id":10270,"date":"2022-01-03T15:35:00","date_gmt":"2022-01-03T14:35:00","guid":{"rendered":"https:\/\/telemme.mmsh.fr\/?p=10270"},"modified":"2022-01-03T16:35:20","modified_gmt":"2022-01-03T15:35:20","slug":"les-espaces-du-politique-dans-lespagne-du-trienio-liberal-1820-1823-hommage-a-alberto-gil-novales","status":"publish","type":"post","link":"https:\/\/telemme.mmsh.fr\/?p=10270","title":{"rendered":"Les espaces du politique dans l\u2019Espagne du Trienio liberal (1820-1823). Hommage \u00e0 Alberto Gil Novales"},"content":{"rendered":"\n<blockquote class=\"wp-block-quote is-layout-flow wp-block-quote-is-layout-flow\"><p> <em><strong><a href=\"https:\/\/presses-universitaires.univ-amu.fr\/espaces-du-politique-lespagne-du-trienio-liberal-1820-1823\">Les espaces du politique dans l\u2019Espagne du Trienio liberal (1820-1823). Hommage \u00e0 Alberto Gil Novales<\/a><\/strong><\/em>, dirig\u00e9 par <a href=\"https:\/\/telemme.mmsh.fr\/?membres=elisabel-larriba\">Elisabel Larriba<\/a> et Pedro\u00a0Pedro R\u00fajula, <a href=\"https:\/\/journals.openedition.org\/bhce\/\"><em>Bulletin d&rsquo;histoire contemporaine de l&rsquo;Espagne<\/em><\/a>, 2021, n\u00b0 54, Presses universitaires de Provence, 358 pages.<\/p><\/blockquote>\n\n\n\n<p>Le dossier du 54e num\u00e9ro du Bulletin d\u2019Histoire contemporaine de l\u2019Espagne, en hommage au grand historien que fut Alberto Gil Novales, contribue au renouveau des \u00e9tudes sur le lib\u00e9ralisme espagnol et \u00e0 une meilleure connaissance du Trienio liberal (1820-1823), \u00e9poque cruciale pour le devenir de l\u2019Espagne et de l\u2019Europe. L\u2019un des d\u00e9fis majeurs de la r\u00e9volution de 1820 fut de cr\u00e9er les instruments permettant l\u2019int\u00e9gration des citoyens dans un espace politique en pleine mutation, qui se complexifie et o\u00f9 se m\u00ealent anciens et nouveaux acteurs. Que ce soit du haut de la chaire ou \u00e0 la tribune, au caf\u00e9, dans la rue, \u00e0 l\u2019arm\u00e9e, dans la presse ou au th\u00e9\u00e2tre\u2026 tous et en tous lieux cherchent \u00e0 s\u2019exprimer, \u00e0 utiliser les nouvelles r\u00e8gles du jeu politique dans une bataille des id\u00e9es qui d\u00e9boucha sur une guerre civile, avec intervention militaire \u00e9trang\u00e8re, l\u2019ordre impos\u00e9 par la Sainte Alliance des monarques venant mettre fin aux r\u00eaves de libert\u00e9 de la Sainte Alliance des peuples. C\u2019est \u00e0 l\u2019identification et \u00e0 l\u2019analyse des limites de ces nouveaux espaces du politique qu\u2019est consacr\u00e9 ce volume.<\/p>\n","protected":false},"excerpt":{"rendered":"<p> Les espaces du politique dans l\u2019Espagne du Trienio liberal (1820-1823). Hommage \u00e0 Alberto Gil Novales <\/p>\n","protected":false},"author":6,"featured_media":10271,"comment_status":"closed","ping_status":"closed","sticky":false,"template":"","format":"standard","meta":{"neve_meta_sidebar":"","neve_meta_container":"","neve_meta_enable_content_width":"off","neve_meta_content_width":70,"neve_meta_title_alignment":"","neve_meta_author_avatar":"","neve_post_elements_order":"","neve_meta_disable_header":"","neve_meta_disable_footer":"","neve_meta_disable_title":"","_tribe_events_control_status":"","_tribe_events_control_status_canceled_reason":"","_tribe_events_control_status_postponed_reason":"","_tribe_events_control_online":"","_tribe_events_control_online_url":"","footnotes":""},"categories":[1744],"tags":[2353,2352],"class_list":["post-10270","post","type-post","status-publish","format-standard","has-post-thumbnail","hentry","category-dir-num-revue","tag-alberto-gil-novales","tag-trienno-liberal"],"yoast_head":"<!-- This site is optimized with the Yoast SEO plugin v27.4 - https:\/\/yoast.com\/product\/yoast-seo-wordpress\/ -->\n<title>Les espaces du politique dans l\u2019Espagne du Trienio liberal (1820-1823). Hommage \u00e0 Alberto Gil Novales - TELEMMe - Temps, espaces, langages, Europe m\u00e9ridionale, M\u00e9diterran\u00e9e<\/title>\n<meta name=\"robots\" content=\"index, follow, max-snippet:-1, max-image-preview:large, max-video-preview:-1\" \/>\n<link rel=\"canonical\" href=\"https:\/\/telemme.mmsh.fr\/?p=10270\" \/>\n<meta property=\"og:locale\" content=\"fr_FR\" \/>\n<meta property=\"og:type\" content=\"article\" \/>\n<meta property=\"og:title\" content=\"Les espaces du politique dans l\u2019Espagne du Trienio liberal (1820-1823). Hommage \u00e0 Alberto Gil Novales - TELEMMe - Temps, espaces, langages, Europe m\u00e9ridionale, M\u00e9diterran\u00e9e\" \/>\n<meta property=\"og:description\" content=\"Les espaces du politique dans l\u2019Espagne du Trienio liberal (1820-1823). Hommage \u00e0 Alberto Gil Novales\" \/>\n<meta property=\"og:url\" content=\"https:\/\/telemme.mmsh.fr\/?p=10270\" \/>\n<meta property=\"og:site_name\" content=\"TELEMMe - Temps, espaces, langages, Europe m\u00e9ridionale, M\u00e9diterran\u00e9e\" \/>\n<meta property=\"article:published_time\" content=\"2022-01-03T14:35:00+00:00\" \/>\n<meta property=\"article:modified_time\" content=\"2022-01-03T15:35:20+00:00\" \/>\n<meta property=\"og:image\" content=\"https:\/\/telemme.mmsh.fr\/wp-content\/uploads\/2022\/01\/couv_BHCE54.jpg\" \/>\n\t<meta property=\"og:image:width\" content=\"454\" \/>\n\t<meta property=\"og:image:height\" content=\"680\" \/>\n\t<meta property=\"og:image:type\" content=\"image\/jpeg\" \/>\n<meta name=\"author\" content=\"Delphine Cavallo\" \/>\n<meta name=\"twitter:card\" content=\"summary_large_image\" \/>\n<meta name=\"twitter:label1\" content=\"\u00c9crit par\" \/>\n\t<meta name=\"twitter:data1\" content=\"Delphine Cavallo\" \/>\n\t<meta name=\"twitter:label2\" content=\"Dur\u00e9e de lecture estim\u00e9e\" \/>\n\t<meta name=\"twitter:data2\" content=\"2 minutes\" \/>\n<script type=\"application\/ld+json\" class=\"yoast-schema-graph\">{\"@context\":\"https:\\\/\\\/schema.org\",\"@graph\":[{\"@type\":\"Article\",\"@id\":\"https:\\\/\\\/telemme.mmsh.fr\\\/?p=10270#article\",\"isPartOf\":{\"@id\":\"https:\\\/\\\/telemme.mmsh.fr\\\/?p=10270\"},\"author\":{\"name\":\"Delphine Cavallo\",\"@id\":\"https:\\\/\\\/telemme.mmsh.fr\\\/#\\\/schema\\\/person\\\/86a185da4836381586528ced48e263f5\"},\"headline\":\"Les espaces du politique dans l\u2019Espagne du Trienio liberal (1820-1823). Hommage \u00e0 Alberto Gil Novales\",\"datePublished\":\"2022-01-03T14:35:00+00:00\",\"dateModified\":\"2022-01-03T15:35:20+00:00\",\"mainEntityOfPage\":{\"@id\":\"https:\\\/\\\/telemme.mmsh.fr\\\/?p=10270\"},\"wordCount\":251,\"publisher\":{\"@id\":\"https:\\\/\\\/telemme.mmsh.fr\\\/#organization\"},\"image\":{\"@id\":\"https:\\\/\\\/telemme.mmsh.fr\\\/?p=10270#primaryimage\"},\"thumbnailUrl\":\"https:\\\/\\\/telemme.mmsh.fr\\\/wp-content\\\/uploads\\\/2022\\\/01\\\/couv_BHCE54.jpg\",\"keywords\":[\"Alberto Gil Novales\",\"Trienno liberal\"],\"articleSection\":[\"Directions de num\u00e9ro de revue\"],\"inLanguage\":\"fr-FR\"},{\"@type\":\"WebPage\",\"@id\":\"https:\\\/\\\/telemme.mmsh.fr\\\/?p=10270\",\"url\":\"https:\\\/\\\/telemme.mmsh.fr\\\/?p=10270\",\"name\":\"Les espaces du politique dans l\u2019Espagne du Trienio liberal (1820-1823). Hommage \u00e0 Alberto Gil Novales - TELEMMe - Temps, espaces, langages, Europe m\u00e9ridionale, M\u00e9diterran\u00e9e\",\"isPartOf\":{\"@id\":\"https:\\\/\\\/telemme.mmsh.fr\\\/#website\"},\"primaryImageOfPage\":{\"@id\":\"https:\\\/\\\/telemme.mmsh.fr\\\/?p=10270#primaryimage\"},\"image\":{\"@id\":\"https:\\\/\\\/telemme.mmsh.fr\\\/?p=10270#primaryimage\"},\"thumbnailUrl\":\"https:\\\/\\\/telemme.mmsh.fr\\\/wp-content\\\/uploads\\\/2022\\\/01\\\/couv_BHCE54.jpg\",\"datePublished\":\"2022-01-03T14:35:00+00:00\",\"dateModified\":\"2022-01-03T15:35:20+00:00\",\"breadcrumb\":{\"@id\":\"https:\\\/\\\/telemme.mmsh.fr\\\/?p=10270#breadcrumb\"},\"inLanguage\":\"fr-FR\",\"potentialAction\":[{\"@type\":\"ReadAction\",\"target\":[\"https:\\\/\\\/telemme.mmsh.fr\\\/?p=10270\"]}]},{\"@type\":\"ImageObject\",\"inLanguage\":\"fr-FR\",\"@id\":\"https:\\\/\\\/telemme.mmsh.fr\\\/?p=10270#primaryimage\",\"url\":\"https:\\\/\\\/telemme.mmsh.fr\\\/wp-content\\\/uploads\\\/2022\\\/01\\\/couv_BHCE54.jpg\",\"contentUrl\":\"https:\\\/\\\/telemme.mmsh.fr\\\/wp-content\\\/uploads\\\/2022\\\/01\\\/couv_BHCE54.jpg\",\"width\":454,\"height\":680,\"caption\":\"Couverture de Les espaces du politique dans l\u2019Espagne du Trienio liberal (1820-1823). Hommage \u00e0 Alberto Gil Novales, BHCE\"},{\"@type\":\"BreadcrumbList\",\"@id\":\"https:\\\/\\\/telemme.mmsh.fr\\\/?p=10270#breadcrumb\",\"itemListElement\":[{\"@type\":\"ListItem\",\"position\":1,\"name\":\"Accueil\",\"item\":\"https:\\\/\\\/telemme.mmsh.fr\\\/\"},{\"@type\":\"ListItem\",\"position\":2,\"name\":\"Publications\",\"item\":\"https:\\\/\\\/telemme.mmsh.fr\\\/?cat=1738\"},{\"@type\":\"ListItem\",\"position\":3,\"name\":\"Directions de num\u00e9ro de revue\",\"item\":\"https:\\\/\\\/telemme.mmsh.fr\\\/?cat=1744\"},{\"@type\":\"ListItem\",\"position\":4,\"name\":\"Les espaces du politique dans l\u2019Espagne du Trienio liberal (1820-1823). Hommage \u00e0 Alberto Gil Novales\"}]},{\"@type\":\"WebSite\",\"@id\":\"https:\\\/\\\/telemme.mmsh.fr\\\/#website\",\"url\":\"https:\\\/\\\/telemme.mmsh.fr\\\/\",\"name\":\"TELEMMe - Temps, espaces, langages, Europe m\u00e9ridionale, M\u00e9diterran\u00e9e\",\"description\":\"\",\"publisher\":{\"@id\":\"https:\\\/\\\/telemme.mmsh.fr\\\/#organization\"},\"potentialAction\":[{\"@type\":\"SearchAction\",\"target\":{\"@type\":\"EntryPoint\",\"urlTemplate\":\"https:\\\/\\\/telemme.mmsh.fr\\\/?s={search_term_string}\"},\"query-input\":{\"@type\":\"PropertyValueSpecification\",\"valueRequired\":true,\"valueName\":\"search_term_string\"}}],\"inLanguage\":\"fr-FR\"},{\"@type\":\"Organization\",\"@id\":\"https:\\\/\\\/telemme.mmsh.fr\\\/#organization\",\"name\":\"TELEMMe\",\"url\":\"https:\\\/\\\/telemme.mmsh.fr\\\/\",\"logo\":{\"@type\":\"ImageObject\",\"inLanguage\":\"fr-FR\",\"@id\":\"https:\\\/\\\/telemme.mmsh.fr\\\/#\\\/schema\\\/logo\\\/image\\\/\",\"url\":\"https:\\\/\\\/telemme.mmsh.fr\\\/wp-content\\\/uploads\\\/2020\\\/03\\\/LogoTELEMMe-horizontal-fond-transparent.png\",\"contentUrl\":\"https:\\\/\\\/telemme.mmsh.fr\\\/wp-content\\\/uploads\\\/2020\\\/03\\\/LogoTELEMMe-horizontal-fond-transparent.png\",\"width\":1500,\"height\":437,\"caption\":\"TELEMMe\"},\"image\":{\"@id\":\"https:\\\/\\\/telemme.mmsh.fr\\\/#\\\/schema\\\/logo\\\/image\\\/\"}},{\"@type\":\"Person\",\"@id\":\"https:\\\/\\\/telemme.mmsh.fr\\\/#\\\/schema\\\/person\\\/86a185da4836381586528ced48e263f5\",\"name\":\"Delphine Cavallo\",\"url\":\"https:\\\/\\\/telemme.mmsh.fr\\\/?author=6\"}]}<\/script>\n<!-- \/ Yoast SEO plugin. -->","yoast_head_json":{"title":"Les espaces du politique dans l\u2019Espagne du Trienio liberal (1820-1823). Hommage \u00e0 Alberto Gil Novales - TELEMMe - Temps, espaces, langages, Europe m\u00e9ridionale, M\u00e9diterran\u00e9e","robots":{"index":"index","follow":"follow","max-snippet":"max-snippet:-1","max-image-preview":"max-image-preview:large","max-video-preview":"max-video-preview:-1"},"canonical":"https:\/\/telemme.mmsh.fr\/?p=10270","og_locale":"fr_FR","og_type":"article","og_title":"Les espaces du politique dans l\u2019Espagne du Trienio liberal (1820-1823). Hommage \u00e0 Alberto Gil Novales - TELEMMe - Temps, espaces, langages, Europe m\u00e9ridionale, M\u00e9diterran\u00e9e","og_description":"Les espaces du politique dans l\u2019Espagne du Trienio liberal (1820-1823). Hommage \u00e0 Alberto Gil Novales","og_url":"https:\/\/telemme.mmsh.fr\/?p=10270","og_site_name":"TELEMMe - Temps, espaces, langages, Europe m\u00e9ridionale, M\u00e9diterran\u00e9e","article_published_time":"2022-01-03T14:35:00+00:00","article_modified_time":"2022-01-03T15:35:20+00:00","og_image":[{"width":454,"height":680,"url":"https:\/\/telemme.mmsh.fr\/wp-content\/uploads\/2022\/01\/couv_BHCE54.jpg","type":"image\/jpeg"}],"author":"Delphine Cavallo","twitter_card":"summary_large_image","twitter_misc":{"\u00c9crit par":"Delphine Cavallo","Dur\u00e9e de lecture estim\u00e9e":"2 minutes"},"schema":{"@context":"https:\/\/schema.org","@graph":[{"@type":"Article","@id":"https:\/\/telemme.mmsh.fr\/?p=10270#article","isPartOf":{"@id":"https:\/\/telemme.mmsh.fr\/?p=10270"},"author":{"name":"Delphine Cavallo","@id":"https:\/\/telemme.mmsh.fr\/#\/schema\/person\/86a185da4836381586528ced48e263f5"},"headline":"Les espaces du politique dans l\u2019Espagne du Trienio liberal (1820-1823). Hommage \u00e0 Alberto Gil Novales","datePublished":"2022-01-03T14:35:00+00:00","dateModified":"2022-01-03T15:35:20+00:00","mainEntityOfPage":{"@id":"https:\/\/telemme.mmsh.fr\/?p=10270"},"wordCount":251,"publisher":{"@id":"https:\/\/telemme.mmsh.fr\/#organization"},"image":{"@id":"https:\/\/telemme.mmsh.fr\/?p=10270#primaryimage"},"thumbnailUrl":"https:\/\/telemme.mmsh.fr\/wp-content\/uploads\/2022\/01\/couv_BHCE54.jpg","keywords":["Alberto Gil Novales","Trienno liberal"],"articleSection":["Directions de num\u00e9ro de revue"],"inLanguage":"fr-FR"},{"@type":"WebPage","@id":"https:\/\/telemme.mmsh.fr\/?p=10270","url":"https:\/\/telemme.mmsh.fr\/?p=10270","name":"Les espaces du politique dans l\u2019Espagne du Trienio liberal (1820-1823). Hommage \u00e0 Alberto Gil Novales - TELEMMe - Temps, espaces, langages, Europe m\u00e9ridionale, M\u00e9diterran\u00e9e","isPartOf":{"@id":"https:\/\/telemme.mmsh.fr\/#website"},"primaryImageOfPage":{"@id":"https:\/\/telemme.mmsh.fr\/?p=10270#primaryimage"},"image":{"@id":"https:\/\/telemme.mmsh.fr\/?p=10270#primaryimage"},"thumbnailUrl":"https:\/\/telemme.mmsh.fr\/wp-content\/uploads\/2022\/01\/couv_BHCE54.jpg","datePublished":"2022-01-03T14:35:00+00:00","dateModified":"2022-01-03T15:35:20+00:00","breadcrumb":{"@id":"https:\/\/telemme.mmsh.fr\/?p=10270#breadcrumb"},"inLanguage":"fr-FR","potentialAction":[{"@type":"ReadAction","target":["https:\/\/telemme.mmsh.fr\/?p=10270"]}]},{"@type":"ImageObject","inLanguage":"fr-FR","@id":"https:\/\/telemme.mmsh.fr\/?p=10270#primaryimage","url":"https:\/\/telemme.mmsh.fr\/wp-content\/uploads\/2022\/01\/couv_BHCE54.jpg","contentUrl":"https:\/\/telemme.mmsh.fr\/wp-content\/uploads\/2022\/01\/couv_BHCE54.jpg","width":454,"height":680,"caption":"Couverture de Les espaces du politique dans l\u2019Espagne du Trienio liberal (1820-1823). Hommage \u00e0 Alberto Gil Novales, BHCE"},{"@type":"BreadcrumbList","@id":"https:\/\/telemme.mmsh.fr\/?p=10270#breadcrumb","itemListElement":[{"@type":"ListItem","position":1,"name":"Accueil","item":"https:\/\/telemme.mmsh.fr\/"},{"@type":"ListItem","position":2,"name":"Publications","item":"https:\/\/telemme.mmsh.fr\/?cat=1738"},{"@type":"ListItem","position":3,"name":"Directions de num\u00e9ro de revue","item":"https:\/\/telemme.mmsh.fr\/?cat=1744"},{"@type":"ListItem","position":4,"name":"Les espaces du politique dans l\u2019Espagne du Trienio liberal (1820-1823). Hommage \u00e0 Alberto Gil Novales"}]},{"@type":"WebSite","@id":"https:\/\/telemme.mmsh.fr\/#website","url":"https:\/\/telemme.mmsh.fr\/","name":"TELEMMe - Temps, espaces, langages, Europe m\u00e9ridionale, M\u00e9diterran\u00e9e","description":"","publisher":{"@id":"https:\/\/telemme.mmsh.fr\/#organization"},"potentialAction":[{"@type":"SearchAction","target":{"@type":"EntryPoint","urlTemplate":"https:\/\/telemme.mmsh.fr\/?s={search_term_string}"},"query-input":{"@type":"PropertyValueSpecification","valueRequired":true,"valueName":"search_term_string"}}],"inLanguage":"fr-FR"},{"@type":"Organization","@id":"https:\/\/telemme.mmsh.fr\/#organization","name":"TELEMMe","url":"https:\/\/telemme.mmsh.fr\/","logo":{"@type":"ImageObject","inLanguage":"fr-FR","@id":"https:\/\/telemme.mmsh.fr\/#\/schema\/logo\/image\/","url":"https:\/\/telemme.mmsh.fr\/wp-content\/uploads\/2020\/03\/LogoTELEMMe-horizontal-fond-transparent.png","contentUrl":"https:\/\/telemme.mmsh.fr\/wp-content\/uploads\/2020\/03\/LogoTELEMMe-horizontal-fond-transparent.png","width":1500,"height":437,"caption":"TELEMMe"},"image":{"@id":"https:\/\/telemme.mmsh.fr\/#\/schema\/logo\/image\/"}},{"@type":"Person","@id":"https:\/\/telemme.mmsh.fr\/#\/schema\/person\/86a185da4836381586528ced48e263f5","name":"Delphine Cavallo","url":"https:\/\/telemme.mmsh.fr\/?author=6"}]}},"_links":{"self":[{"href":"https:\/\/telemme.mmsh.fr\/index.php?rest_route=\/wp\/v2\/posts\/10270","targetHints":{"allow":["GET"]}}],"collection":[{"href":"https:\/\/telemme.mmsh.fr\/index.php?rest_route=\/wp\/v2\/posts"}],"about":[{"href":"https:\/\/telemme.mmsh.fr\/index.php?rest_route=\/wp\/v2\/types\/post"}],"author":[{"embeddable":true,"href":"https:\/\/telemme.mmsh.fr\/index.php?rest_route=\/wp\/v2\/users\/6"}],"replies":[{"embeddable":true,"href":"https:\/\/telemme.mmsh.fr\/index.php?rest_route=%2Fwp%2Fv2%2Fcomments&post=10270"}],"version-history":[{"count":4,"href":"https:\/\/telemme.mmsh.fr\/index.php?rest_route=\/wp\/v2\/posts\/10270\/revisions"}],"predecessor-version":[{"id":10275,"href":"https:\/\/telemme.mmsh.fr\/index.php?rest_route=\/wp\/v2\/posts\/10270\/revisions\/10275"}],"wp:featuredmedia":[{"embeddable":true,"href":"https:\/\/telemme.mmsh.fr\/index.php?rest_route=\/wp\/v2\/media\/10271"}],"wp:attachment":[{"href":"https:\/\/telemme.mmsh.fr\/index.php?rest_route=%2Fwp%2Fv2%2Fmedia&parent=10270"}],"wp:term":[{"taxonomy":"category","embeddable":true,"href":"https:\/\/telemme.mmsh.fr\/index.php?rest_route=%2Fwp%2Fv2%2Fcategories&post=10270"},{"taxonomy":"post_tag","embeddable":true,"href":"https:\/\/telemme.mmsh.fr\/index.php?rest_route=%2Fwp%2Fv2%2Ftags&post=10270"}],"curies":[{"name":"wp","href":"https:\/\/api.w.org\/{rel}","templated":true}]}}