{"id":10266,"date":"2022-01-03T16:24:14","date_gmt":"2022-01-03T15:24:14","guid":{"rendered":"https:\/\/telemme.mmsh.fr\/?p=10266"},"modified":"2022-01-03T16:24:16","modified_gmt":"2022-01-03T15:24:16","slug":"les-intellectuels-espagnols-en-temps-de-crise-xixe-xxe-siecle-hommage-a-paul-aubert","status":"publish","type":"post","link":"https:\/\/telemme.mmsh.fr\/?p=10266","title":{"rendered":"Les intellectuels espagnols en temps de crise, XIXe-XXe si\u00e8cle. Hommage \u00e0 Paul Aubert"},"content":{"rendered":"\n<blockquote class=\"wp-block-quote is-layout-flow wp-block-quote-is-layout-flow\" id=\"page-title\"><p><a href=\"https:\/\/presses-universitaires.univ-amu.fr\/intellectuels-espagnols-temps-crise-xixe-xxe-siecle\"><em><strong>Les intellectuels espagnols en temps de crise, XIX<sup>e<\/sup>-XX<sup>e<\/sup> si\u00e8cle. Hommage \u00e0 Paul Aubert<\/strong><\/em><\/a>, dirig\u00e9 par <a href=\"https:\/\/telemme.mmsh.fr\/?membres=elisabel-larriba\">Elisabel Larriba <\/a>et Eduardo Gonz\u00e1lez Calleja, Presses universitaires de Provence, 2021, 360 pages.<\/p><\/blockquote>\n\n\n\n<p>Dans le droit fil des travaux du professeur Paul Aubert, \u00e0 qui il est offert en hommage, cet ouvrage traite des intellectuels en temps de crise dans l\u2019Espagne \u00e0 l\u2019\u00e9poque contemporaine, de leur attitude, leur r\u00f4le et leur fonction. Ecrites en leur langue maternelle par des universitaires fran\u00e7ais et espagnols li\u00e9s au professeur Aubert pour avoir pr\u00e9par\u00e9 leur th\u00e8se ou leur Habilitation \u00e0 diriger des recherches sous sa direction, avoir r\u00e9guli\u00e8rement collabor\u00e9 au prestigieux Bulletin d\u2019histoire contemporaine de l\u2019Espagne qu\u2019il fonda en 1985 et qu\u2019il continue de diriger, ou encore qui furent ses coll\u00e8gues \u00e0 l\u2019UMR TELEMMe (Aix-Marseille Universit\u00e9, CNRS), les diff\u00e9rentes contributions qui le composent embrassent les XIXe et XXe si\u00e8cle, du second r\u00e8gne de Ferdinand VII \u00e0 la Transition de la dictature franquiste \u00e0 la d\u00e9mocratie. R\u00e9alis\u00e9es \u00e0 partir de recherches originales par des sp\u00e9cialistes reconnus, elles renouvellent nos connaissances non seulement sur les personnages \u00e9tudi\u00e9s, mais aussi sur l\u2019histoire g\u00e9n\u00e9rale de cette Espagne qui, depuis la fin de l\u2019Ancien R\u00e9gime n\u2019a cess\u00e9 d\u2019affronter des crises majeures et souvent dramatiques.<\/p>\n","protected":false},"excerpt":{"rendered":"<p>Les intellectuels espagnols en temps de crise, XIXe-XXe si\u00e8cle. Hommage \u00e0 Paul Aubert<\/p>\n","protected":false},"author":6,"featured_media":10267,"comment_status":"closed","ping_status":"closed","sticky":false,"template":"","format":"standard","meta":{"neve_meta_sidebar":"","neve_meta_container":"","neve_meta_enable_content_width":"off","neve_meta_content_width":70,"neve_meta_title_alignment":"","neve_meta_author_avatar":"","neve_post_elements_order":"","neve_meta_disable_header":"","neve_meta_disable_footer":"","neve_meta_disable_title":"","_tribe_events_control_status":"","_tribe_events_control_status_canceled_reason":"","_tribe_events_control_status_postponed_reason":"","_tribe_events_control_online":"","_tribe_events_control_online_url":"","footnotes":""},"categories":[1742],"tags":[2348,2350],"class_list":["post-10266","post","type-post","status-publish","format-standard","has-post-thumbnail","hentry","category-dir-ouvrage","tag-intellectuels","tag-paul-aubert"],"yoast_head":"<!-- This site is optimized with the Yoast SEO plugin v27.4 - https:\/\/yoast.com\/product\/yoast-seo-wordpress\/ -->\n<title>Les intellectuels espagnols en temps de crise, XIXe-XXe si\u00e8cle. Hommage \u00e0 Paul Aubert - TELEMMe - Temps, espaces, langages, Europe m\u00e9ridionale, M\u00e9diterran\u00e9e<\/title>\n<meta name=\"description\" content=\"Les intellectuels espagnols en temps de crise, XIXe-XXe si\u00e8cle. Hommage \u00e0 Paul Aubert, dirig\u00e9 par Elisabel Larriba et Eduardo Gonz\u00e1lez Calleja, Presses universitaires de Provence, 2021, 360 pages.\" \/>\n<meta name=\"robots\" content=\"index, follow, max-snippet:-1, max-image-preview:large, max-video-preview:-1\" \/>\n<link rel=\"canonical\" href=\"https:\/\/telemme.mmsh.fr\/?p=10266\" \/>\n<meta property=\"og:locale\" content=\"fr_FR\" \/>\n<meta property=\"og:type\" content=\"article\" \/>\n<meta property=\"og:title\" content=\"Les intellectuels espagnols en temps de crise, XIXe-XXe si\u00e8cle. Hommage \u00e0 Paul Aubert - TELEMMe - Temps, espaces, langages, Europe m\u00e9ridionale, M\u00e9diterran\u00e9e\" \/>\n<meta property=\"og:description\" content=\"Les intellectuels espagnols en temps de crise, XIXe-XXe si\u00e8cle. Hommage \u00e0 Paul Aubert, dirig\u00e9 par Elisabel Larriba et Eduardo Gonz\u00e1lez Calleja, Presses universitaires de Provence, 2021, 360 pages.\" \/>\n<meta property=\"og:url\" content=\"https:\/\/telemme.mmsh.fr\/?p=10266\" \/>\n<meta property=\"og:site_name\" content=\"TELEMMe - Temps, espaces, langages, Europe m\u00e9ridionale, M\u00e9diterran\u00e9e\" \/>\n<meta property=\"article:published_time\" content=\"2022-01-03T15:24:14+00:00\" \/>\n<meta property=\"article:modified_time\" content=\"2022-01-03T15:24:16+00:00\" \/>\n<meta property=\"og:image\" content=\"https:\/\/telemme.mmsh.fr\/wp-content\/uploads\/2022\/01\/couv_INTELLECTUELSESPAGNOLS.jpg\" \/>\n\t<meta property=\"og:image:width\" content=\"668\" \/>\n\t<meta property=\"og:image:height\" content=\"1002\" \/>\n\t<meta property=\"og:image:type\" content=\"image\/jpeg\" \/>\n<meta name=\"author\" content=\"Delphine Cavallo\" \/>\n<meta name=\"twitter:card\" content=\"summary_large_image\" \/>\n<meta name=\"twitter:label1\" content=\"\u00c9crit par\" \/>\n\t<meta name=\"twitter:data1\" content=\"Delphine Cavallo\" \/>\n\t<meta name=\"twitter:label2\" content=\"Dur\u00e9e de lecture estim\u00e9e\" \/>\n\t<meta name=\"twitter:data2\" content=\"2 minutes\" \/>\n<script type=\"application\/ld+json\" class=\"yoast-schema-graph\">{\"@context\":\"https:\\\/\\\/schema.org\",\"@graph\":[{\"@type\":\"Article\",\"@id\":\"https:\\\/\\\/telemme.mmsh.fr\\\/?p=10266#article\",\"isPartOf\":{\"@id\":\"https:\\\/\\\/telemme.mmsh.fr\\\/?p=10266\"},\"author\":{\"name\":\"Delphine Cavallo\",\"@id\":\"https:\\\/\\\/telemme.mmsh.fr\\\/#\\\/schema\\\/person\\\/86a185da4836381586528ced48e263f5\"},\"headline\":\"Les intellectuels espagnols en temps de crise, XIXe-XXe si\u00e8cle. Hommage \u00e0 Paul Aubert\",\"datePublished\":\"2022-01-03T15:24:14+00:00\",\"dateModified\":\"2022-01-03T15:24:16+00:00\",\"mainEntityOfPage\":{\"@id\":\"https:\\\/\\\/telemme.mmsh.fr\\\/?p=10266\"},\"wordCount\":234,\"publisher\":{\"@id\":\"https:\\\/\\\/telemme.mmsh.fr\\\/#organization\"},\"image\":{\"@id\":\"https:\\\/\\\/telemme.mmsh.fr\\\/?p=10266#primaryimage\"},\"thumbnailUrl\":\"https:\\\/\\\/telemme.mmsh.fr\\\/wp-content\\\/uploads\\\/2022\\\/01\\\/couv_INTELLECTUELSESPAGNOLS.jpg\",\"keywords\":[\"intellectuels\",\"Paul Aubert\"],\"articleSection\":[\"Directions d'ouvrage\"],\"inLanguage\":\"fr-FR\"},{\"@type\":\"WebPage\",\"@id\":\"https:\\\/\\\/telemme.mmsh.fr\\\/?p=10266\",\"url\":\"https:\\\/\\\/telemme.mmsh.fr\\\/?p=10266\",\"name\":\"Les intellectuels espagnols en temps de crise, XIXe-XXe si\u00e8cle. Hommage \u00e0 Paul Aubert - TELEMMe - Temps, espaces, langages, Europe m\u00e9ridionale, M\u00e9diterran\u00e9e\",\"isPartOf\":{\"@id\":\"https:\\\/\\\/telemme.mmsh.fr\\\/#website\"},\"primaryImageOfPage\":{\"@id\":\"https:\\\/\\\/telemme.mmsh.fr\\\/?p=10266#primaryimage\"},\"image\":{\"@id\":\"https:\\\/\\\/telemme.mmsh.fr\\\/?p=10266#primaryimage\"},\"thumbnailUrl\":\"https:\\\/\\\/telemme.mmsh.fr\\\/wp-content\\\/uploads\\\/2022\\\/01\\\/couv_INTELLECTUELSESPAGNOLS.jpg\",\"datePublished\":\"2022-01-03T15:24:14+00:00\",\"dateModified\":\"2022-01-03T15:24:16+00:00\",\"description\":\"Les intellectuels espagnols en temps de crise, XIXe-XXe si\u00e8cle. Hommage \u00e0 Paul Aubert, dirig\u00e9 par Elisabel Larriba et Eduardo Gonz\u00e1lez Calleja, Presses universitaires de Provence, 2021, 360 pages.\",\"breadcrumb\":{\"@id\":\"https:\\\/\\\/telemme.mmsh.fr\\\/?p=10266#breadcrumb\"},\"inLanguage\":\"fr-FR\",\"potentialAction\":[{\"@type\":\"ReadAction\",\"target\":[\"https:\\\/\\\/telemme.mmsh.fr\\\/?p=10266\"]}]},{\"@type\":\"ImageObject\",\"inLanguage\":\"fr-FR\",\"@id\":\"https:\\\/\\\/telemme.mmsh.fr\\\/?p=10266#primaryimage\",\"url\":\"https:\\\/\\\/telemme.mmsh.fr\\\/wp-content\\\/uploads\\\/2022\\\/01\\\/couv_INTELLECTUELSESPAGNOLS.jpg\",\"contentUrl\":\"https:\\\/\\\/telemme.mmsh.fr\\\/wp-content\\\/uploads\\\/2022\\\/01\\\/couv_INTELLECTUELSESPAGNOLS.jpg\",\"width\":668,\"height\":1002,\"caption\":\"Couverture de Les intellectuels espagnols en temps de crise XIXe-XXe si\u00e8cle Hommage \u00e0 Paul Aubert\"},{\"@type\":\"BreadcrumbList\",\"@id\":\"https:\\\/\\\/telemme.mmsh.fr\\\/?p=10266#breadcrumb\",\"itemListElement\":[{\"@type\":\"ListItem\",\"position\":1,\"name\":\"Accueil\",\"item\":\"https:\\\/\\\/telemme.mmsh.fr\\\/\"},{\"@type\":\"ListItem\",\"position\":2,\"name\":\"Publications\",\"item\":\"https:\\\/\\\/telemme.mmsh.fr\\\/?cat=1738\"},{\"@type\":\"ListItem\",\"position\":3,\"name\":\"Directions d'ouvrage\",\"item\":\"https:\\\/\\\/telemme.mmsh.fr\\\/?cat=1742\"},{\"@type\":\"ListItem\",\"position\":4,\"name\":\"Les intellectuels espagnols en temps de crise, XIXe-XXe si\u00e8cle. Hommage \u00e0 Paul Aubert\"}]},{\"@type\":\"WebSite\",\"@id\":\"https:\\\/\\\/telemme.mmsh.fr\\\/#website\",\"url\":\"https:\\\/\\\/telemme.mmsh.fr\\\/\",\"name\":\"TELEMMe - Temps, espaces, langages, Europe m\u00e9ridionale, M\u00e9diterran\u00e9e\",\"description\":\"\",\"publisher\":{\"@id\":\"https:\\\/\\\/telemme.mmsh.fr\\\/#organization\"},\"potentialAction\":[{\"@type\":\"SearchAction\",\"target\":{\"@type\":\"EntryPoint\",\"urlTemplate\":\"https:\\\/\\\/telemme.mmsh.fr\\\/?s={search_term_string}\"},\"query-input\":{\"@type\":\"PropertyValueSpecification\",\"valueRequired\":true,\"valueName\":\"search_term_string\"}}],\"inLanguage\":\"fr-FR\"},{\"@type\":\"Organization\",\"@id\":\"https:\\\/\\\/telemme.mmsh.fr\\\/#organization\",\"name\":\"TELEMMe\",\"url\":\"https:\\\/\\\/telemme.mmsh.fr\\\/\",\"logo\":{\"@type\":\"ImageObject\",\"inLanguage\":\"fr-FR\",\"@id\":\"https:\\\/\\\/telemme.mmsh.fr\\\/#\\\/schema\\\/logo\\\/image\\\/\",\"url\":\"https:\\\/\\\/telemme.mmsh.fr\\\/wp-content\\\/uploads\\\/2020\\\/03\\\/LogoTELEMMe-horizontal-fond-transparent.png\",\"contentUrl\":\"https:\\\/\\\/telemme.mmsh.fr\\\/wp-content\\\/uploads\\\/2020\\\/03\\\/LogoTELEMMe-horizontal-fond-transparent.png\",\"width\":1500,\"height\":437,\"caption\":\"TELEMMe\"},\"image\":{\"@id\":\"https:\\\/\\\/telemme.mmsh.fr\\\/#\\\/schema\\\/logo\\\/image\\\/\"}},{\"@type\":\"Person\",\"@id\":\"https:\\\/\\\/telemme.mmsh.fr\\\/#\\\/schema\\\/person\\\/86a185da4836381586528ced48e263f5\",\"name\":\"Delphine Cavallo\",\"url\":\"https:\\\/\\\/telemme.mmsh.fr\\\/?author=6\"}]}<\/script>\n<!-- \/ Yoast SEO plugin. -->","yoast_head_json":{"title":"Les intellectuels espagnols en temps de crise, XIXe-XXe si\u00e8cle. Hommage \u00e0 Paul Aubert - TELEMMe - Temps, espaces, langages, Europe m\u00e9ridionale, M\u00e9diterran\u00e9e","description":"Les intellectuels espagnols en temps de crise, XIXe-XXe si\u00e8cle. Hommage \u00e0 Paul Aubert, dirig\u00e9 par Elisabel Larriba et Eduardo Gonz\u00e1lez Calleja, Presses universitaires de Provence, 2021, 360 pages.","robots":{"index":"index","follow":"follow","max-snippet":"max-snippet:-1","max-image-preview":"max-image-preview:large","max-video-preview":"max-video-preview:-1"},"canonical":"https:\/\/telemme.mmsh.fr\/?p=10266","og_locale":"fr_FR","og_type":"article","og_title":"Les intellectuels espagnols en temps de crise, XIXe-XXe si\u00e8cle. Hommage \u00e0 Paul Aubert - TELEMMe - Temps, espaces, langages, Europe m\u00e9ridionale, M\u00e9diterran\u00e9e","og_description":"Les intellectuels espagnols en temps de crise, XIXe-XXe si\u00e8cle. Hommage \u00e0 Paul Aubert, dirig\u00e9 par Elisabel Larriba et Eduardo Gonz\u00e1lez Calleja, Presses universitaires de Provence, 2021, 360 pages.","og_url":"https:\/\/telemme.mmsh.fr\/?p=10266","og_site_name":"TELEMMe - Temps, espaces, langages, Europe m\u00e9ridionale, M\u00e9diterran\u00e9e","article_published_time":"2022-01-03T15:24:14+00:00","article_modified_time":"2022-01-03T15:24:16+00:00","og_image":[{"width":668,"height":1002,"url":"https:\/\/telemme.mmsh.fr\/wp-content\/uploads\/2022\/01\/couv_INTELLECTUELSESPAGNOLS.jpg","type":"image\/jpeg"}],"author":"Delphine Cavallo","twitter_card":"summary_large_image","twitter_misc":{"\u00c9crit par":"Delphine Cavallo","Dur\u00e9e de lecture estim\u00e9e":"2 minutes"},"schema":{"@context":"https:\/\/schema.org","@graph":[{"@type":"Article","@id":"https:\/\/telemme.mmsh.fr\/?p=10266#article","isPartOf":{"@id":"https:\/\/telemme.mmsh.fr\/?p=10266"},"author":{"name":"Delphine Cavallo","@id":"https:\/\/telemme.mmsh.fr\/#\/schema\/person\/86a185da4836381586528ced48e263f5"},"headline":"Les intellectuels espagnols en temps de crise, XIXe-XXe si\u00e8cle. Hommage \u00e0 Paul Aubert","datePublished":"2022-01-03T15:24:14+00:00","dateModified":"2022-01-03T15:24:16+00:00","mainEntityOfPage":{"@id":"https:\/\/telemme.mmsh.fr\/?p=10266"},"wordCount":234,"publisher":{"@id":"https:\/\/telemme.mmsh.fr\/#organization"},"image":{"@id":"https:\/\/telemme.mmsh.fr\/?p=10266#primaryimage"},"thumbnailUrl":"https:\/\/telemme.mmsh.fr\/wp-content\/uploads\/2022\/01\/couv_INTELLECTUELSESPAGNOLS.jpg","keywords":["intellectuels","Paul Aubert"],"articleSection":["Directions d'ouvrage"],"inLanguage":"fr-FR"},{"@type":"WebPage","@id":"https:\/\/telemme.mmsh.fr\/?p=10266","url":"https:\/\/telemme.mmsh.fr\/?p=10266","name":"Les intellectuels espagnols en temps de crise, XIXe-XXe si\u00e8cle. Hommage \u00e0 Paul Aubert - TELEMMe - Temps, espaces, langages, Europe m\u00e9ridionale, M\u00e9diterran\u00e9e","isPartOf":{"@id":"https:\/\/telemme.mmsh.fr\/#website"},"primaryImageOfPage":{"@id":"https:\/\/telemme.mmsh.fr\/?p=10266#primaryimage"},"image":{"@id":"https:\/\/telemme.mmsh.fr\/?p=10266#primaryimage"},"thumbnailUrl":"https:\/\/telemme.mmsh.fr\/wp-content\/uploads\/2022\/01\/couv_INTELLECTUELSESPAGNOLS.jpg","datePublished":"2022-01-03T15:24:14+00:00","dateModified":"2022-01-03T15:24:16+00:00","description":"Les intellectuels espagnols en temps de crise, XIXe-XXe si\u00e8cle. Hommage \u00e0 Paul Aubert, dirig\u00e9 par Elisabel Larriba et Eduardo Gonz\u00e1lez Calleja, Presses universitaires de Provence, 2021, 360 pages.","breadcrumb":{"@id":"https:\/\/telemme.mmsh.fr\/?p=10266#breadcrumb"},"inLanguage":"fr-FR","potentialAction":[{"@type":"ReadAction","target":["https:\/\/telemme.mmsh.fr\/?p=10266"]}]},{"@type":"ImageObject","inLanguage":"fr-FR","@id":"https:\/\/telemme.mmsh.fr\/?p=10266#primaryimage","url":"https:\/\/telemme.mmsh.fr\/wp-content\/uploads\/2022\/01\/couv_INTELLECTUELSESPAGNOLS.jpg","contentUrl":"https:\/\/telemme.mmsh.fr\/wp-content\/uploads\/2022\/01\/couv_INTELLECTUELSESPAGNOLS.jpg","width":668,"height":1002,"caption":"Couverture de Les intellectuels espagnols en temps de crise XIXe-XXe si\u00e8cle Hommage \u00e0 Paul Aubert"},{"@type":"BreadcrumbList","@id":"https:\/\/telemme.mmsh.fr\/?p=10266#breadcrumb","itemListElement":[{"@type":"ListItem","position":1,"name":"Accueil","item":"https:\/\/telemme.mmsh.fr\/"},{"@type":"ListItem","position":2,"name":"Publications","item":"https:\/\/telemme.mmsh.fr\/?cat=1738"},{"@type":"ListItem","position":3,"name":"Directions d'ouvrage","item":"https:\/\/telemme.mmsh.fr\/?cat=1742"},{"@type":"ListItem","position":4,"name":"Les intellectuels espagnols en temps de crise, XIXe-XXe si\u00e8cle. Hommage \u00e0 Paul Aubert"}]},{"@type":"WebSite","@id":"https:\/\/telemme.mmsh.fr\/#website","url":"https:\/\/telemme.mmsh.fr\/","name":"TELEMMe - Temps, espaces, langages, Europe m\u00e9ridionale, M\u00e9diterran\u00e9e","description":"","publisher":{"@id":"https:\/\/telemme.mmsh.fr\/#organization"},"potentialAction":[{"@type":"SearchAction","target":{"@type":"EntryPoint","urlTemplate":"https:\/\/telemme.mmsh.fr\/?s={search_term_string}"},"query-input":{"@type":"PropertyValueSpecification","valueRequired":true,"valueName":"search_term_string"}}],"inLanguage":"fr-FR"},{"@type":"Organization","@id":"https:\/\/telemme.mmsh.fr\/#organization","name":"TELEMMe","url":"https:\/\/telemme.mmsh.fr\/","logo":{"@type":"ImageObject","inLanguage":"fr-FR","@id":"https:\/\/telemme.mmsh.fr\/#\/schema\/logo\/image\/","url":"https:\/\/telemme.mmsh.fr\/wp-content\/uploads\/2020\/03\/LogoTELEMMe-horizontal-fond-transparent.png","contentUrl":"https:\/\/telemme.mmsh.fr\/wp-content\/uploads\/2020\/03\/LogoTELEMMe-horizontal-fond-transparent.png","width":1500,"height":437,"caption":"TELEMMe"},"image":{"@id":"https:\/\/telemme.mmsh.fr\/#\/schema\/logo\/image\/"}},{"@type":"Person","@id":"https:\/\/telemme.mmsh.fr\/#\/schema\/person\/86a185da4836381586528ced48e263f5","name":"Delphine Cavallo","url":"https:\/\/telemme.mmsh.fr\/?author=6"}]}},"_links":{"self":[{"href":"https:\/\/telemme.mmsh.fr\/index.php?rest_route=\/wp\/v2\/posts\/10266","targetHints":{"allow":["GET"]}}],"collection":[{"href":"https:\/\/telemme.mmsh.fr\/index.php?rest_route=\/wp\/v2\/posts"}],"about":[{"href":"https:\/\/telemme.mmsh.fr\/index.php?rest_route=\/wp\/v2\/types\/post"}],"author":[{"embeddable":true,"href":"https:\/\/telemme.mmsh.fr\/index.php?rest_route=\/wp\/v2\/users\/6"}],"replies":[{"embeddable":true,"href":"https:\/\/telemme.mmsh.fr\/index.php?rest_route=%2Fwp%2Fv2%2Fcomments&post=10266"}],"version-history":[{"count":2,"href":"https:\/\/telemme.mmsh.fr\/index.php?rest_route=\/wp\/v2\/posts\/10266\/revisions"}],"predecessor-version":[{"id":10269,"href":"https:\/\/telemme.mmsh.fr\/index.php?rest_route=\/wp\/v2\/posts\/10266\/revisions\/10269"}],"wp:featuredmedia":[{"embeddable":true,"href":"https:\/\/telemme.mmsh.fr\/index.php?rest_route=\/wp\/v2\/media\/10267"}],"wp:attachment":[{"href":"https:\/\/telemme.mmsh.fr\/index.php?rest_route=%2Fwp%2Fv2%2Fmedia&parent=10266"}],"wp:term":[{"taxonomy":"category","embeddable":true,"href":"https:\/\/telemme.mmsh.fr\/index.php?rest_route=%2Fwp%2Fv2%2Fcategories&post=10266"},{"taxonomy":"post_tag","embeddable":true,"href":"https:\/\/telemme.mmsh.fr\/index.php?rest_route=%2Fwp%2Fv2%2Ftags&post=10266"}],"curies":[{"name":"wp","href":"https:\/\/api.w.org\/{rel}","templated":true}]}}