{"id":10132,"date":"2021-12-09T12:47:00","date_gmt":"2021-12-09T11:47:00","guid":{"rendered":"https:\/\/telemme.mmsh.fr\/?p=10132"},"modified":"2022-01-14T11:23:26","modified_gmt":"2022-01-14T10:23:26","slug":"la-resistance-sur-les-bords-de-la-mediterranee-un-parcours-dhistorien-jean-marie-guillon","status":"publish","type":"post","link":"https:\/\/telemme.mmsh.fr\/?p=10132","title":{"rendered":"La R\u00e9sistance sur les bords de la M\u00e9diterran\u00e9e. Un parcours d\u2019historien, Jean-Marie Guillon"},"content":{"rendered":"\n<hr class=\"wp-block-separator is-style-wide\"\/>\n\n\n\n<p>Revenir sur le parcours de recherche d\u2019un historien et faire le point, en film, sur les apports de ses travaux \u00e0 son objet de recherche, c\u2019est ce que TELEMMe  a propos\u00e9 \u00e0<strong> <a href=\"https:\/\/telemme.mmsh.fr\/?membres=jean-marie-guillon\">Jean-Marie Guillon<\/a><\/strong>. Historien de la R\u00e9sistance en Provence, il a accept\u00e9 cette invitation \u00e0 nous parler et \u00e0 nous montrer en images, en 60 minutes, l\u2019originalit\u00e9 de son approche au regard de l\u2019historiographie foisonnante de cette p\u00e9riode historique. Film\u00e9 par Agn\u00e8s Maury (<a href=\"https:\/\/www.lesfilmsdupapillon.com\/\">Les Films du Papillon<\/a>) sur diff\u00e9rents lieux qui refl\u00e8tent son parcours \u2013 biblioth\u00e8que, lieux de comm\u00e9moration de la r\u00e9sistance en Provence, etc. \u2013 Jean-Marie Guillon nous offre un moment de pause et de r\u00e9flexion autour de cette question r\u00e9solument d\u2019actualit\u00e9&nbsp;: qu\u2019est-ce que r\u00e9sister veut dire&nbsp;?<\/p>\n\n\n\n<blockquote class=\"wp-block-quote has-text-align-center is-layout-flow wp-block-quote-is-layout-flow\"><p><strong>Qu\u2019est-ce que r\u00e9sister veut dire&nbsp;? Provence 1940-1944<\/strong><\/p><\/blockquote>\n\n\n\n<p>Qu\u2019est-ce que r\u00e9sister veut dire dans la France de 1940-1944&nbsp;? Comment la R\u00e9sistance s\u2019est-elle construite au fil de ces ann\u00e9es&nbsp;? Qu\u2019est-ce que r\u00e9sister signifie au f\u00e9minin&nbsp;? Au nom de quoi r\u00e9siste-t-on alors&nbsp;? Quelle place tient le Midi m\u00e9diterran\u00e9en dans cette lutte de lib\u00e9ration nationale que l\u2019on appelle la R\u00e9sistance&nbsp;? Voil\u00e0 quelques unes des <strong>questions auxquelles<\/strong> <strong>Jean-Marie Guillon<\/strong> a cherch\u00e9 \u00e0 r\u00e9pondre dans les travaux qu\u2019il a men\u00e9s et <strong>qui ont particip\u00e9 au renouvellement de cette histoire, trop souvent encombr\u00e9e d\u2019id\u00e9es re\u00e7ues<\/strong>. Il les reprend ici \u00e0 partir de la Provence, son principal terrain de recherches, dont le r\u00f4le, important mais souvent minor\u00e9, m\u00e9rite d\u2019\u00eatre mieux r\u00e9\u00e9valu\u00e9.<\/p>\n\n\n\n<hr class=\"wp-block-separator is-style-wide\"\/>\n\n\n\n<h2 class=\"wp-block-heading\">La R\u00e9sistance sur les bords de la M\u00e9diterran\u00e9e. Un parcours d\u2019historien, Jean-Marie Guillon<\/h2>\n\n\n\n<ul class=\"wp-block-list\"><li><strong>Un film \u00e9crit par Jean-Marie Guillon <\/strong>(TELEMMe, AMU-CNRS)<\/li><li>R\u00e9alisation : <strong>Agn\u00e8s Maury <\/strong>| Les Films du Papillon <\/li><li>Voix off et lecture des textes : <strong>Sofy Jordan<\/strong><\/li><li>Dur\u00e9e\u202f: 60 min.<\/li><li>TELEMMe \u2013 Les Films du Papillon, 2021<\/li><li>Licence Creative commons BY-NC-SA 4.0<\/li><\/ul>\n\n\n\n<p>Ce film a re\u00e7u le soutien du <a href=\"https:\/\/musees.marseille.fr\/\">service des Mus\u00e9es de la ville de Marseille<\/a>, de la<a href=\"https:\/\/www.mmsh.fr\/\"> Maison m\u00e9diterran\u00e9enne des sciences de l&rsquo;homme<\/a> et l&rsquo;<a href=\"https:\/\/www.univ-amu.fr\/fr\/public\/institut-societes-en-mutation-en-mediterranee-somum-0\">Institut SoMuM<\/a> ( Soci\u00e9t\u00e9s en mutation en M\u00e9diterran\u00e9e).<\/p>\n\n\n\n<hr class=\"wp-block-separator is-style-wide\"\/>\n\n\n\n<figure class=\"wp-block-embed is-type-video is-provider-youtube wp-block-embed-youtube wp-embed-aspect-16-9 wp-has-aspect-ratio\"><div class=\"wp-block-embed__wrapper\">\n<div class=\"nv-iframe-embed\"><iframe loading=\"lazy\" title=\"La R\u00e9sistance sur les bords de la M\u00e9diterran\u00e9e. Un parcours d\u2019historien, Jean-Marie Guillon\" width=\"1200\" height=\"675\" src=\"https:\/\/www.youtube.com\/embed\/EGaOZlkCBbw?feature=oembed\" frameborder=\"0\" allow=\"accelerometer; autoplay; clipboard-write; encrypted-media; gyroscope; picture-in-picture\" allowfullscreen><\/iframe><\/div>\n<\/div><\/figure>\n","protected":false},"excerpt":{"rendered":"<p>Qu\u2019est-ce que r\u00e9sister veut dire dans la France de 1940-1944\u00a0? Comment la R\u00e9sistance s\u2019est-elle construite au fil de ces ann\u00e9es\u00a0? Qu\u2019est-ce que r\u00e9sister signifie au f\u00e9minin\u00a0? Au nom de quoi r\u00e9siste-t-on alors\u00a0? Quelle place tient le Midi m\u00e9diterran\u00e9en dans cette lutte de lib\u00e9ration nationale que l\u2019on appelle la R\u00e9sistance\u00a0? Voil\u00e0 quelques unes des questions auxquelles Jean-Marie Guillon a cherch\u00e9 \u00e0 r\u00e9pondre dans les travaux qu\u2019il a men\u00e9s et qui ont particip\u00e9 au renouvellement de cette histoire, trop souvent encombr\u00e9e d\u2019id\u00e9es re\u00e7ues.<\/p>\n","protected":false},"author":6,"featured_media":10137,"comment_status":"closed","ping_status":"closed","sticky":false,"template":"","format":"standard","meta":{"neve_meta_sidebar":"","neve_meta_container":"","neve_meta_enable_content_width":"off","neve_meta_content_width":70,"neve_meta_title_alignment":"","neve_meta_author_avatar":"","neve_post_elements_order":"","neve_meta_disable_header":"","neve_meta_disable_footer":"","neve_meta_disable_title":"","_tribe_events_control_status":"","_tribe_events_control_status_canceled_reason":"","_tribe_events_control_status_postponed_reason":"","_tribe_events_control_online":"","_tribe_events_control_online_url":"","footnotes":""},"categories":[1960],"tags":[2313,2311,2309],"class_list":["post-10132","post","type-post","status-publish","format-standard","has-post-thumbnail","hentry","category-films","tag-jean-marie-guillon","tag-provence","tag-resistance"],"yoast_head":"<!-- This site is optimized with the Yoast SEO plugin v27.4 - https:\/\/yoast.com\/product\/yoast-seo-wordpress\/ -->\n<title>La R\u00e9sistance sur les bords de la M\u00e9diterran\u00e9e. Un parcours d\u2019historien, Jean-Marie Guillon - TELEMMe - Temps, espaces, langages, Europe m\u00e9ridionale, M\u00e9diterran\u00e9e<\/title>\n<meta name=\"robots\" content=\"index, follow, max-snippet:-1, max-image-preview:large, max-video-preview:-1\" \/>\n<link rel=\"canonical\" href=\"https:\/\/telemme.mmsh.fr\/?p=10132\" \/>\n<meta property=\"og:locale\" content=\"fr_FR\" \/>\n<meta property=\"og:type\" content=\"article\" \/>\n<meta property=\"og:title\" content=\"La R\u00e9sistance sur les bords de la M\u00e9diterran\u00e9e. Un parcours d\u2019historien, Jean-Marie Guillon - TELEMMe - Temps, espaces, langages, Europe m\u00e9ridionale, M\u00e9diterran\u00e9e\" \/>\n<meta property=\"og:description\" content=\"Qu\u2019est-ce que r\u00e9sister veut dire dans la France de 1940-1944\u00a0? Comment la R\u00e9sistance s\u2019est-elle construite au fil de ces ann\u00e9es\u00a0? Qu\u2019est-ce que r\u00e9sister signifie au f\u00e9minin\u00a0? Au nom de quoi r\u00e9siste-t-on alors\u00a0? Quelle place tient le Midi m\u00e9diterran\u00e9en dans cette lutte de lib\u00e9ration nationale que l\u2019on appelle la R\u00e9sistance\u00a0? Voil\u00e0 quelques unes des questions auxquelles Jean-Marie Guillon a cherch\u00e9 \u00e0 r\u00e9pondre dans les travaux qu\u2019il a men\u00e9s et qui ont particip\u00e9 au renouvellement de cette histoire, trop souvent encombr\u00e9e d\u2019id\u00e9es re\u00e7ues.\" \/>\n<meta property=\"og:url\" content=\"https:\/\/telemme.mmsh.fr\/?p=10132\" \/>\n<meta property=\"og:site_name\" content=\"TELEMMe - Temps, espaces, langages, Europe m\u00e9ridionale, M\u00e9diterran\u00e9e\" \/>\n<meta property=\"article:published_time\" content=\"2021-12-09T11:47:00+00:00\" \/>\n<meta property=\"article:modified_time\" content=\"2022-01-14T10:23:26+00:00\" \/>\n<meta property=\"og:image\" content=\"https:\/\/telemme.mmsh.fr\/wp-content\/uploads\/2021\/12\/resistance_guillon_photogramme_2.jpeg\" \/>\n\t<meta property=\"og:image:width\" content=\"1000\" \/>\n\t<meta property=\"og:image:height\" content=\"517\" \/>\n\t<meta property=\"og:image:type\" content=\"image\/jpeg\" \/>\n<meta name=\"author\" content=\"Delphine Cavallo\" \/>\n<meta name=\"twitter:card\" content=\"summary_large_image\" \/>\n<meta name=\"twitter:label1\" content=\"\u00c9crit par\" \/>\n\t<meta name=\"twitter:data1\" content=\"Delphine Cavallo\" \/>\n\t<meta name=\"twitter:label2\" content=\"Dur\u00e9e de lecture estim\u00e9e\" \/>\n\t<meta name=\"twitter:data2\" content=\"2 minutes\" \/>\n<script type=\"application\/ld+json\" class=\"yoast-schema-graph\">{\"@context\":\"https:\\\/\\\/schema.org\",\"@graph\":[{\"@type\":\"Article\",\"@id\":\"https:\\\/\\\/telemme.mmsh.fr\\\/?p=10132#article\",\"isPartOf\":{\"@id\":\"https:\\\/\\\/telemme.mmsh.fr\\\/?p=10132\"},\"author\":{\"name\":\"Delphine Cavallo\",\"@id\":\"https:\\\/\\\/telemme.mmsh.fr\\\/#\\\/schema\\\/person\\\/86a185da4836381586528ced48e263f5\"},\"headline\":\"La R\u00e9sistance sur les bords de la M\u00e9diterran\u00e9e. Un parcours d\u2019historien, Jean-Marie Guillon\",\"datePublished\":\"2021-12-09T11:47:00+00:00\",\"dateModified\":\"2022-01-14T10:23:26+00:00\",\"mainEntityOfPage\":{\"@id\":\"https:\\\/\\\/telemme.mmsh.fr\\\/?p=10132\"},\"wordCount\":391,\"publisher\":{\"@id\":\"https:\\\/\\\/telemme.mmsh.fr\\\/#organization\"},\"image\":{\"@id\":\"https:\\\/\\\/telemme.mmsh.fr\\\/?p=10132#primaryimage\"},\"thumbnailUrl\":\"https:\\\/\\\/telemme.mmsh.fr\\\/wp-content\\\/uploads\\\/2021\\\/12\\\/resistance_guillon_photogramme_2.jpeg\",\"keywords\":[\"Jean-Marie-Guillon\",\"Provence\",\"r\u00e9sistance\"],\"articleSection\":[\"Films\"],\"inLanguage\":\"fr-FR\"},{\"@type\":\"WebPage\",\"@id\":\"https:\\\/\\\/telemme.mmsh.fr\\\/?p=10132\",\"url\":\"https:\\\/\\\/telemme.mmsh.fr\\\/?p=10132\",\"name\":\"La R\u00e9sistance sur les bords de la M\u00e9diterran\u00e9e. Un parcours d\u2019historien, Jean-Marie Guillon - TELEMMe - Temps, espaces, langages, Europe m\u00e9ridionale, M\u00e9diterran\u00e9e\",\"isPartOf\":{\"@id\":\"https:\\\/\\\/telemme.mmsh.fr\\\/#website\"},\"primaryImageOfPage\":{\"@id\":\"https:\\\/\\\/telemme.mmsh.fr\\\/?p=10132#primaryimage\"},\"image\":{\"@id\":\"https:\\\/\\\/telemme.mmsh.fr\\\/?p=10132#primaryimage\"},\"thumbnailUrl\":\"https:\\\/\\\/telemme.mmsh.fr\\\/wp-content\\\/uploads\\\/2021\\\/12\\\/resistance_guillon_photogramme_2.jpeg\",\"datePublished\":\"2021-12-09T11:47:00+00:00\",\"dateModified\":\"2022-01-14T10:23:26+00:00\",\"breadcrumb\":{\"@id\":\"https:\\\/\\\/telemme.mmsh.fr\\\/?p=10132#breadcrumb\"},\"inLanguage\":\"fr-FR\",\"potentialAction\":[{\"@type\":\"ReadAction\",\"target\":[\"https:\\\/\\\/telemme.mmsh.fr\\\/?p=10132\"]}]},{\"@type\":\"ImageObject\",\"inLanguage\":\"fr-FR\",\"@id\":\"https:\\\/\\\/telemme.mmsh.fr\\\/?p=10132#primaryimage\",\"url\":\"https:\\\/\\\/telemme.mmsh.fr\\\/wp-content\\\/uploads\\\/2021\\\/12\\\/resistance_guillon_photogramme_2.jpeg\",\"contentUrl\":\"https:\\\/\\\/telemme.mmsh.fr\\\/wp-content\\\/uploads\\\/2021\\\/12\\\/resistance_guillon_photogramme_2.jpeg\",\"width\":1000,\"height\":517,\"caption\":\"Photogramme du film La R\u00e9sistance sur les bords de la M\u00e9diterran\u00e9e. Un parcours d\u2019historien, Jean-Marie Guillon. Un film \u00e9crit par Jean-Marie Guillon et r\u00e9alis\u00e9 par Agn\u00e8s Maury \\\/ Les Films du Papillon (2021, 60 minutes)\"},{\"@type\":\"BreadcrumbList\",\"@id\":\"https:\\\/\\\/telemme.mmsh.fr\\\/?p=10132#breadcrumb\",\"itemListElement\":[{\"@type\":\"ListItem\",\"position\":1,\"name\":\"Accueil\",\"item\":\"https:\\\/\\\/telemme.mmsh.fr\\\/\"},{\"@type\":\"ListItem\",\"position\":2,\"name\":\"M\u00e9diation et diffusion\",\"item\":\"https:\\\/\\\/telemme.mmsh.fr\\\/?cat=1736\"},{\"@type\":\"ListItem\",\"position\":3,\"name\":\"Films\",\"item\":\"https:\\\/\\\/telemme.mmsh.fr\\\/?cat=1960\"},{\"@type\":\"ListItem\",\"position\":4,\"name\":\"La R\u00e9sistance sur les bords de la M\u00e9diterran\u00e9e. Un parcours d\u2019historien, Jean-Marie Guillon\"}]},{\"@type\":\"WebSite\",\"@id\":\"https:\\\/\\\/telemme.mmsh.fr\\\/#website\",\"url\":\"https:\\\/\\\/telemme.mmsh.fr\\\/\",\"name\":\"TELEMMe - Temps, espaces, langages, Europe m\u00e9ridionale, M\u00e9diterran\u00e9e\",\"description\":\"\",\"publisher\":{\"@id\":\"https:\\\/\\\/telemme.mmsh.fr\\\/#organization\"},\"potentialAction\":[{\"@type\":\"SearchAction\",\"target\":{\"@type\":\"EntryPoint\",\"urlTemplate\":\"https:\\\/\\\/telemme.mmsh.fr\\\/?s={search_term_string}\"},\"query-input\":{\"@type\":\"PropertyValueSpecification\",\"valueRequired\":true,\"valueName\":\"search_term_string\"}}],\"inLanguage\":\"fr-FR\"},{\"@type\":\"Organization\",\"@id\":\"https:\\\/\\\/telemme.mmsh.fr\\\/#organization\",\"name\":\"TELEMMe\",\"url\":\"https:\\\/\\\/telemme.mmsh.fr\\\/\",\"logo\":{\"@type\":\"ImageObject\",\"inLanguage\":\"fr-FR\",\"@id\":\"https:\\\/\\\/telemme.mmsh.fr\\\/#\\\/schema\\\/logo\\\/image\\\/\",\"url\":\"https:\\\/\\\/telemme.mmsh.fr\\\/wp-content\\\/uploads\\\/2020\\\/03\\\/LogoTELEMMe-horizontal-fond-transparent.png\",\"contentUrl\":\"https:\\\/\\\/telemme.mmsh.fr\\\/wp-content\\\/uploads\\\/2020\\\/03\\\/LogoTELEMMe-horizontal-fond-transparent.png\",\"width\":1500,\"height\":437,\"caption\":\"TELEMMe\"},\"image\":{\"@id\":\"https:\\\/\\\/telemme.mmsh.fr\\\/#\\\/schema\\\/logo\\\/image\\\/\"}},{\"@type\":\"Person\",\"@id\":\"https:\\\/\\\/telemme.mmsh.fr\\\/#\\\/schema\\\/person\\\/86a185da4836381586528ced48e263f5\",\"name\":\"Delphine Cavallo\",\"url\":\"https:\\\/\\\/telemme.mmsh.fr\\\/?author=6\"}]}<\/script>\n<!-- \/ Yoast SEO plugin. -->","yoast_head_json":{"title":"La R\u00e9sistance sur les bords de la M\u00e9diterran\u00e9e. Un parcours d\u2019historien, Jean-Marie Guillon - TELEMMe - Temps, espaces, langages, Europe m\u00e9ridionale, M\u00e9diterran\u00e9e","robots":{"index":"index","follow":"follow","max-snippet":"max-snippet:-1","max-image-preview":"max-image-preview:large","max-video-preview":"max-video-preview:-1"},"canonical":"https:\/\/telemme.mmsh.fr\/?p=10132","og_locale":"fr_FR","og_type":"article","og_title":"La R\u00e9sistance sur les bords de la M\u00e9diterran\u00e9e. Un parcours d\u2019historien, Jean-Marie Guillon - TELEMMe - Temps, espaces, langages, Europe m\u00e9ridionale, M\u00e9diterran\u00e9e","og_description":"Qu\u2019est-ce que r\u00e9sister veut dire dans la France de 1940-1944\u00a0? Comment la R\u00e9sistance s\u2019est-elle construite au fil de ces ann\u00e9es\u00a0? Qu\u2019est-ce que r\u00e9sister signifie au f\u00e9minin\u00a0? Au nom de quoi r\u00e9siste-t-on alors\u00a0? Quelle place tient le Midi m\u00e9diterran\u00e9en dans cette lutte de lib\u00e9ration nationale que l\u2019on appelle la R\u00e9sistance\u00a0? Voil\u00e0 quelques unes des questions auxquelles Jean-Marie Guillon a cherch\u00e9 \u00e0 r\u00e9pondre dans les travaux qu\u2019il a men\u00e9s et qui ont particip\u00e9 au renouvellement de cette histoire, trop souvent encombr\u00e9e d\u2019id\u00e9es re\u00e7ues.","og_url":"https:\/\/telemme.mmsh.fr\/?p=10132","og_site_name":"TELEMMe - Temps, espaces, langages, Europe m\u00e9ridionale, M\u00e9diterran\u00e9e","article_published_time":"2021-12-09T11:47:00+00:00","article_modified_time":"2022-01-14T10:23:26+00:00","og_image":[{"width":1000,"height":517,"url":"https:\/\/telemme.mmsh.fr\/wp-content\/uploads\/2021\/12\/resistance_guillon_photogramme_2.jpeg","type":"image\/jpeg"}],"author":"Delphine Cavallo","twitter_card":"summary_large_image","twitter_misc":{"\u00c9crit par":"Delphine Cavallo","Dur\u00e9e de lecture estim\u00e9e":"2 minutes"},"schema":{"@context":"https:\/\/schema.org","@graph":[{"@type":"Article","@id":"https:\/\/telemme.mmsh.fr\/?p=10132#article","isPartOf":{"@id":"https:\/\/telemme.mmsh.fr\/?p=10132"},"author":{"name":"Delphine Cavallo","@id":"https:\/\/telemme.mmsh.fr\/#\/schema\/person\/86a185da4836381586528ced48e263f5"},"headline":"La R\u00e9sistance sur les bords de la M\u00e9diterran\u00e9e. Un parcours d\u2019historien, Jean-Marie Guillon","datePublished":"2021-12-09T11:47:00+00:00","dateModified":"2022-01-14T10:23:26+00:00","mainEntityOfPage":{"@id":"https:\/\/telemme.mmsh.fr\/?p=10132"},"wordCount":391,"publisher":{"@id":"https:\/\/telemme.mmsh.fr\/#organization"},"image":{"@id":"https:\/\/telemme.mmsh.fr\/?p=10132#primaryimage"},"thumbnailUrl":"https:\/\/telemme.mmsh.fr\/wp-content\/uploads\/2021\/12\/resistance_guillon_photogramme_2.jpeg","keywords":["Jean-Marie-Guillon","Provence","r\u00e9sistance"],"articleSection":["Films"],"inLanguage":"fr-FR"},{"@type":"WebPage","@id":"https:\/\/telemme.mmsh.fr\/?p=10132","url":"https:\/\/telemme.mmsh.fr\/?p=10132","name":"La R\u00e9sistance sur les bords de la M\u00e9diterran\u00e9e. Un parcours d\u2019historien, Jean-Marie Guillon - TELEMMe - Temps, espaces, langages, Europe m\u00e9ridionale, M\u00e9diterran\u00e9e","isPartOf":{"@id":"https:\/\/telemme.mmsh.fr\/#website"},"primaryImageOfPage":{"@id":"https:\/\/telemme.mmsh.fr\/?p=10132#primaryimage"},"image":{"@id":"https:\/\/telemme.mmsh.fr\/?p=10132#primaryimage"},"thumbnailUrl":"https:\/\/telemme.mmsh.fr\/wp-content\/uploads\/2021\/12\/resistance_guillon_photogramme_2.jpeg","datePublished":"2021-12-09T11:47:00+00:00","dateModified":"2022-01-14T10:23:26+00:00","breadcrumb":{"@id":"https:\/\/telemme.mmsh.fr\/?p=10132#breadcrumb"},"inLanguage":"fr-FR","potentialAction":[{"@type":"ReadAction","target":["https:\/\/telemme.mmsh.fr\/?p=10132"]}]},{"@type":"ImageObject","inLanguage":"fr-FR","@id":"https:\/\/telemme.mmsh.fr\/?p=10132#primaryimage","url":"https:\/\/telemme.mmsh.fr\/wp-content\/uploads\/2021\/12\/resistance_guillon_photogramme_2.jpeg","contentUrl":"https:\/\/telemme.mmsh.fr\/wp-content\/uploads\/2021\/12\/resistance_guillon_photogramme_2.jpeg","width":1000,"height":517,"caption":"Photogramme du film La R\u00e9sistance sur les bords de la M\u00e9diterran\u00e9e. Un parcours d\u2019historien, Jean-Marie Guillon. Un film \u00e9crit par Jean-Marie Guillon et r\u00e9alis\u00e9 par Agn\u00e8s Maury \/ Les Films du Papillon (2021, 60 minutes)"},{"@type":"BreadcrumbList","@id":"https:\/\/telemme.mmsh.fr\/?p=10132#breadcrumb","itemListElement":[{"@type":"ListItem","position":1,"name":"Accueil","item":"https:\/\/telemme.mmsh.fr\/"},{"@type":"ListItem","position":2,"name":"M\u00e9diation et diffusion","item":"https:\/\/telemme.mmsh.fr\/?cat=1736"},{"@type":"ListItem","position":3,"name":"Films","item":"https:\/\/telemme.mmsh.fr\/?cat=1960"},{"@type":"ListItem","position":4,"name":"La R\u00e9sistance sur les bords de la M\u00e9diterran\u00e9e. Un parcours d\u2019historien, Jean-Marie Guillon"}]},{"@type":"WebSite","@id":"https:\/\/telemme.mmsh.fr\/#website","url":"https:\/\/telemme.mmsh.fr\/","name":"TELEMMe - Temps, espaces, langages, Europe m\u00e9ridionale, M\u00e9diterran\u00e9e","description":"","publisher":{"@id":"https:\/\/telemme.mmsh.fr\/#organization"},"potentialAction":[{"@type":"SearchAction","target":{"@type":"EntryPoint","urlTemplate":"https:\/\/telemme.mmsh.fr\/?s={search_term_string}"},"query-input":{"@type":"PropertyValueSpecification","valueRequired":true,"valueName":"search_term_string"}}],"inLanguage":"fr-FR"},{"@type":"Organization","@id":"https:\/\/telemme.mmsh.fr\/#organization","name":"TELEMMe","url":"https:\/\/telemme.mmsh.fr\/","logo":{"@type":"ImageObject","inLanguage":"fr-FR","@id":"https:\/\/telemme.mmsh.fr\/#\/schema\/logo\/image\/","url":"https:\/\/telemme.mmsh.fr\/wp-content\/uploads\/2020\/03\/LogoTELEMMe-horizontal-fond-transparent.png","contentUrl":"https:\/\/telemme.mmsh.fr\/wp-content\/uploads\/2020\/03\/LogoTELEMMe-horizontal-fond-transparent.png","width":1500,"height":437,"caption":"TELEMMe"},"image":{"@id":"https:\/\/telemme.mmsh.fr\/#\/schema\/logo\/image\/"}},{"@type":"Person","@id":"https:\/\/telemme.mmsh.fr\/#\/schema\/person\/86a185da4836381586528ced48e263f5","name":"Delphine Cavallo","url":"https:\/\/telemme.mmsh.fr\/?author=6"}]}},"_links":{"self":[{"href":"https:\/\/telemme.mmsh.fr\/index.php?rest_route=\/wp\/v2\/posts\/10132","targetHints":{"allow":["GET"]}}],"collection":[{"href":"https:\/\/telemme.mmsh.fr\/index.php?rest_route=\/wp\/v2\/posts"}],"about":[{"href":"https:\/\/telemme.mmsh.fr\/index.php?rest_route=\/wp\/v2\/types\/post"}],"author":[{"embeddable":true,"href":"https:\/\/telemme.mmsh.fr\/index.php?rest_route=\/wp\/v2\/users\/6"}],"replies":[{"embeddable":true,"href":"https:\/\/telemme.mmsh.fr\/index.php?rest_route=%2Fwp%2Fv2%2Fcomments&post=10132"}],"version-history":[{"count":17,"href":"https:\/\/telemme.mmsh.fr\/index.php?rest_route=\/wp\/v2\/posts\/10132\/revisions"}],"predecessor-version":[{"id":10399,"href":"https:\/\/telemme.mmsh.fr\/index.php?rest_route=\/wp\/v2\/posts\/10132\/revisions\/10399"}],"wp:featuredmedia":[{"embeddable":true,"href":"https:\/\/telemme.mmsh.fr\/index.php?rest_route=\/wp\/v2\/media\/10137"}],"wp:attachment":[{"href":"https:\/\/telemme.mmsh.fr\/index.php?rest_route=%2Fwp%2Fv2%2Fmedia&parent=10132"}],"wp:term":[{"taxonomy":"category","embeddable":true,"href":"https:\/\/telemme.mmsh.fr\/index.php?rest_route=%2Fwp%2Fv2%2Fcategories&post=10132"},{"taxonomy":"post_tag","embeddable":true,"href":"https:\/\/telemme.mmsh.fr\/index.php?rest_route=%2Fwp%2Fv2%2Ftags&post=10132"}],"curies":[{"name":"wp","href":"https:\/\/api.w.org\/{rel}","templated":true}]}}